{"id":37561,"date":"2024-02-16T18:59:28","date_gmt":"2024-02-16T21:59:28","guid":{"rendered":"https:\/\/noticiasribeiraopreto.com.br\/index.php\/2024\/02\/16\/policia-apreende-celular-de-engenheiro-morto-em-ribeirao-preto\/"},"modified":"2024-02-16T18:59:28","modified_gmt":"2024-02-16T21:59:28","slug":"policia-apreende-celular-de-engenheiro-morto-em-ribeirao-preto","status":"publish","type":"post","link":"https:\/\/noticiasribeiraopreto.com.br\/index.php\/2024\/02\/16\/policia-apreende-celular-de-engenheiro-morto-em-ribeirao-preto\/","title":{"rendered":"Pol\u00edcia apreende celular de engenheiro morto em Ribeir\u00e3o Preto"},"content":{"rendered":"<div class='code-block code-block-1' style='margin: 8px 0 8px auto; text-align: right; display: block; clear: both;'>\n<p><a href=\"https:\/\/wa.link\/vpicfd\"><img data-recalc-dims=\"1\" class=\"wp-image-4922\" style=\"aspect-ratio: 2.0253164556962027; width: 561px; height: auto;\" src=\"https:\/\/i0.wp.com\/ismaelcolosi.com.br\/wp-content\/uploads\/2023\/11\/grupo-de-empregos-whatsapp-e-facebook-ismael-colosi-vagas.jpg?ssl=1\" alt=\"\" \/><\/a><\/p>\n<!-- \/wp:image -->\n<\/div>\n<p> <br \/>\n<\/p>\n<div>\n<p>A <strong>Pol\u00edcia Civil<\/strong> de <strong>Ribeir\u00e3o Preto apreendeu<\/strong> na tarde desta sexta-feira (16), o <strong>aparelho celular<\/strong> do<strong> engenheiro<\/strong> <strong>Paulo Roberto<\/strong> Carvalho Pena Braga Filho, <strong>morto<\/strong> em <strong>dezembro<\/strong> do ano passado.<\/p>\n<p>Segundo o delegado Targino Os\u00f3rio, o <strong>aparelho<\/strong> foi <strong>entregue<\/strong> por um <strong>comerciante de 39 anos <\/strong>que disse ter comprado o celular de um terceiro, conhecido como Thiago, que por sua vez em depoimento anterior \u00e0 pol\u00edcia, alegou que comprou o aparelho de<strong> Marcelo, um dos suspeitos de ter participado do crime.<\/strong><\/p>\n<p>O comerciante disse ainda \u00e0 pol\u00edcia, que <strong>comprou<\/strong> o aparelho em um <strong>grupo de compra e venda<\/strong> de celulares e <strong>pagou R$ 1,5 mil<\/strong>.<\/p>\n<p>O <strong><span style=\"background-color:#f7cc62\" class=\"td_text_highlight_marker\">aparelho foi entregue j\u00e1 desmontado, faltando \u00e0 placa \u2013 principal pe\u00e7a que cont\u00e9m dados armazenados e a tela frontal. <\/span><\/strong>De acordo com o comerciante, foram vendidas e n\u00e3o \u00e9 poss\u00edvel localizar os compradores.<\/p>\n<p>De acordo com o delegado, <strong>sem essa pe\u00e7a<\/strong> as <strong>informa\u00e7\u00f5es <\/strong>que poderiam estar no celular, como <strong>detalhes<\/strong> sobre o <strong>encontro do Beto<\/strong> com os <strong>suspeitos<\/strong> <strong>foram perdidas<\/strong>.<\/p>\n<blockquote class=\"wp-block-quote\">\n<p>\u201cMas, a prova cabal \u00e9 que o aparelho foi subtra\u00eddo do local e hoje foi apreendido. Na reconstitui\u00e7\u00e3o, o Marcelo negou que tinha subtra\u00eddo o aparelho.\u201d<\/p>\n<\/blockquote>\n<p>O<strong> comerciante <\/strong>que comprou o celular pode ser <strong>indiciado<\/strong> como <strong>receptador<\/strong>. J\u00e1 o que restou do aparelho ser\u00e1 entregue \u00e0 fam\u00edlia.<\/p>\n<p><strong>Conclus\u00e3o do inqu\u00e9rito<\/strong><\/p>\n<p>O delegado informou tamb\u00e9m nesta sexta-feira (16) que o inqu\u00e9rito policial deve ser conclu\u00eddo na pr\u00f3xima semana.<\/p>\n<p><em>\u201cFaltam alguns detalhes que n\u00e3o v\u00e3o implicar muita coisa no inqu\u00e9rito\u201d, concluiu.<\/em><\/p>\n<p>SAIBA MAIS<\/p>\n<p>Confira o que fazer no final de semana p\u00f3s-Carnaval em Ribeir\u00e3o Preto<\/p>\n<h4 class=\"wp-block-heading\"><strong><mark>FIQUE ON<\/mark><\/strong><\/h4>\n<p>Fique ligado em tudo que acontece em Ribeir\u00e3o Preto e regi\u00e3o. Siga os perfis do<strong>\u00a0acidade on\u00a0<\/strong>no\u00a0<a href=\"https:\/\/www.instagram.com\/acidadeonribeirao\" target=\"_blank\" rel=\"noreferrer noopener\">Instagram\u00a0<\/a>e no\u00a0<a href=\"https:\/\/www.facebook.com\/acidadeonribeirao\" target=\"_blank\" rel=\"noreferrer noopener\">Facebook.<\/a><\/p>\n<p>Receba not\u00edcias do\u00a0<strong>acidade on\u00a0<\/strong>no WhatsApp.<a href=\"https:\/\/chat.whatsapp.com\/Bnv2w66ZT4VDyZW3oiZ69n\" target=\"_blank\" rel=\"noreferrer noopener\">\u00a0Para entrar no grupo, basta clicar aqui.<\/a><\/p>\n<p>Fa\u00e7a uma den\u00fancia ou sugira uma reportagem sobre Ribeir\u00e3o Preto e regi\u00e3o pelo WhatsApp: 16 99117 7802.<\/p>\n<p>VEJA TAMB\u00c9M<\/p>\n<p>Creme de chocolate e coco com castanha-de-caju; aprenda a fazer<\/p>\n<p><!-- AI CONTENT END 1 -->\n<\/div>\n<p><script async src=\"\/\/www.instagram.com\/embed.js\"><\/script><br \/>\n<br \/><br \/>\n<br \/><a href=\"https:\/\/www.acidadeon.com\/ribeiraopreto\/cotidiano\/policia-apreende-celular-engenheiro-morto-em-ribeirao-preto\/\">Source link <\/a><\/p>\n<!-- CONTENT END 1 -->\n","protected":false},"excerpt":{"rendered":"<p>A Pol\u00edcia Civil de Ribeir\u00e3o Preto apreendeu na tarde desta sexta-feira (16), o aparelho celular do engenheiro Paulo Roberto Carvalho Pena Braga Filho, morto em&#8230;<\/p>\n","protected":false},"author":1,"featured_media":37562,"comment_status":"open","ping_status":"open","sticky":false,"template":"","format":"standard","meta":{"advanced_seo_description":"","jetpack_seo_html_title":"","jetpack_seo_noindex":false,"jetpack_post_was_ever_published":false,"_jetpack_newsletter_access":"","_jetpack_dont_email_post_to_subs":false,"_jetpack_newsletter_tier_id":0,"_jetpack_memberships_contains_paywalled_content":false,"_jetpack_memberships_contains_paid_content":false,"footnotes":"","jetpack_publicize_message":"","jetpack_publicize_feature_enabled":true,"jetpack_social_post_already_shared":true,"jetpack_social_options":{"image_generator_settings":{"template":"highway","default_image_id":0,"font":"","enabled":false},"version":2}},"categories":[11],"tags":[],"class_list":["post-37561","post","type-post","status-publish","format-standard","has-post-thumbnail","hentry","category-noticias-de-ribeirao-preto-sp-e-regiao-ismael-colosi"],"jetpack_publicize_connections":[],"jetpack_featured_media_url":"https:\/\/i0.wp.com\/noticiasribeiraopreto.com.br\/wp-content\/uploads\/2024\/02\/Copia-de-Copia-de-TAMANHO-EXATO-PARA-FOTOS-NO-SISTEMA-NOVO-1.png?fit=1200%2C675&ssl=1","jetpack-related-posts":[{"id":38615,"url":"https:\/\/noticiasribeiraopreto.com.br\/index.php\/2024\/02\/20\/policia-recupera-celular-de-engenheiro-assassinado\/","url_meta":{"origin":37561,"position":0},"title":"Pol\u00edcia recupera celular de engenheiro assassinado","author":"noticiasribeiraopreto.com.br","date":"20 de February de 2024","format":false,"excerpt":"Telefone havia sido comprado por comerciante em grupo de vendas pela internet 20 de fevereiro de 2024 | 16:4120 de fevereiro de 2024 | 17:03 2Por: Adalberto LuqueO celular do engenheiro Paulo Roberto Carvalho Pena Braga Filho, roubado ap\u00f3s sua morte em um quarto de loca\u00e7\u00e3o de curtas perman\u00eancias na\u2026","rel":"","context":"In &quot;Not\u00edcias de Ribeir\u00e3o Preto-SP e Regi\u00e3o&quot;","block_context":{"text":"Not\u00edcias de Ribeir\u00e3o Preto-SP e Regi\u00e3o","link":"https:\/\/noticiasribeiraopreto.com.br\/index.php\/category\/noticias-de-ribeirao-preto-sp-e-regiao-ismael-colosi\/"},"img":{"alt_text":"","src":"https:\/\/i0.wp.com\/noticiasribeiraopreto.com.br\/wp-content\/uploads\/2024\/02\/00-20-fev-2024-CPJ-luque-foto-alfredo-risk-scaled.jpg?fit=968%2C645&ssl=1&resize=350%2C200","width":350,"height":200,"srcset":"https:\/\/i0.wp.com\/noticiasribeiraopreto.com.br\/wp-content\/uploads\/2024\/02\/00-20-fev-2024-CPJ-luque-foto-alfredo-risk-scaled.jpg?fit=968%2C645&ssl=1&resize=350%2C200 1x, https:\/\/i0.wp.com\/noticiasribeiraopreto.com.br\/wp-content\/uploads\/2024\/02\/00-20-fev-2024-CPJ-luque-foto-alfredo-risk-scaled.jpg?fit=968%2C645&ssl=1&resize=525%2C300 1.5x, https:\/\/i0.wp.com\/noticiasribeiraopreto.com.br\/wp-content\/uploads\/2024\/02\/00-20-fev-2024-CPJ-luque-foto-alfredo-risk-scaled.jpg?fit=968%2C645&ssl=1&resize=700%2C400 2x"},"classes":[]},{"id":35811,"url":"https:\/\/noticiasribeiraopreto.com.br\/index.php\/2024\/02\/07\/celular-de-engenheiro-morto-em-ribeirao-preto-foi-vendido-entenda\/","url_meta":{"origin":37561,"position":1},"title":"Celular de engenheiro morto em Ribeir\u00e3o Preto foi vendido; Entenda","author":"noticiasribeiraopreto.com.br","date":"7 de February de 2024","format":false,"excerpt":"O celular do engenheiro Paulo Roberto Carvalho Pena Braga Filho, morto em Ribeir\u00e3o Preto no final de 2023, foi vendido, de acordo com o delegado Targino Os\u00f3rio, respons\u00e1vel pela investiga\u00e7\u00e3o. Nesta quarta-feira (7), o delegado ouviu o homem que teria recebido o aparelho de Marcelo Fernandes da Fonseca, um dos\u2026","rel":"","context":"In &quot;Not\u00edcias de Ribeir\u00e3o Preto-SP e Regi\u00e3o&quot;","block_context":{"text":"Not\u00edcias de Ribeir\u00e3o Preto-SP e Regi\u00e3o","link":"https:\/\/noticiasribeiraopreto.com.br\/index.php\/category\/noticias-de-ribeirao-preto-sp-e-regiao-ismael-colosi\/"},"img":{"alt_text":"","src":"https:\/\/i0.wp.com\/noticiasribeiraopreto.com.br\/wp-content\/uploads\/2024\/02\/PAULO-ROBERTO.jpg?fit=1200%2C747&ssl=1&resize=350%2C200","width":350,"height":200,"srcset":"https:\/\/i0.wp.com\/noticiasribeiraopreto.com.br\/wp-content\/uploads\/2024\/02\/PAULO-ROBERTO.jpg?fit=1200%2C747&ssl=1&resize=350%2C200 1x, https:\/\/i0.wp.com\/noticiasribeiraopreto.com.br\/wp-content\/uploads\/2024\/02\/PAULO-ROBERTO.jpg?fit=1200%2C747&ssl=1&resize=525%2C300 1.5x, https:\/\/i0.wp.com\/noticiasribeiraopreto.com.br\/wp-content\/uploads\/2024\/02\/PAULO-ROBERTO.jpg?fit=1200%2C747&ssl=1&resize=700%2C400 2x, https:\/\/i0.wp.com\/noticiasribeiraopreto.com.br\/wp-content\/uploads\/2024\/02\/PAULO-ROBERTO.jpg?fit=1200%2C747&ssl=1&resize=1050%2C600 3x"},"classes":[]},{"id":35950,"url":"https:\/\/noticiasribeiraopreto.com.br\/index.php\/2024\/02\/08\/homem-que-recebeu-celular-de-engenheiro-morto-presta-depoimento\/","url_meta":{"origin":37561,"position":2},"title":"Homem que recebeu celular de engenheiro morto presta depoimento","author":"noticiasribeiraopreto.com.br","date":"8 de February de 2024","format":false,"excerpt":"Por: Adalberto LuqueDepois de muita espera o homem que teria recebido o celular do engenheiro Paulo Roberto Carvalho Pena Braga Filho, prestou depoimento. Ele compareceu \u00e0 sede da Delegacia de Investiga\u00e7\u00f5es Gerais da Divis\u00e3o Especializada em Investiga\u00e7\u00f5es Criminais (DIG\/DEIC) na manh\u00e3 desta quarta-feira (07).Thiago Soares de Souza admitiu ao delegado\u2026","rel":"","context":"In &quot;Not\u00edcias de Ribeir\u00e3o Preto-SP e Regi\u00e3o&quot;","block_context":{"text":"Not\u00edcias de Ribeir\u00e3o Preto-SP e Regi\u00e3o","link":"https:\/\/noticiasribeiraopreto.com.br\/index.php\/category\/noticias-de-ribeirao-preto-sp-e-regiao-ismael-colosi\/"},"img":{"alt_text":"","src":"https:\/\/i0.wp.com\/noticiasribeiraopreto.com.br\/wp-content\/uploads\/2024\/02\/00-07-fev-2024-receptador-celular-beto-01-foto-Alfredo-Risk-scaled.jpg?fit=967%2C645&ssl=1&resize=350%2C200","width":350,"height":200,"srcset":"https:\/\/i0.wp.com\/noticiasribeiraopreto.com.br\/wp-content\/uploads\/2024\/02\/00-07-fev-2024-receptador-celular-beto-01-foto-Alfredo-Risk-scaled.jpg?fit=967%2C645&ssl=1&resize=350%2C200 1x, https:\/\/i0.wp.com\/noticiasribeiraopreto.com.br\/wp-content\/uploads\/2024\/02\/00-07-fev-2024-receptador-celular-beto-01-foto-Alfredo-Risk-scaled.jpg?fit=967%2C645&ssl=1&resize=525%2C300 1.5x, https:\/\/i0.wp.com\/noticiasribeiraopreto.com.br\/wp-content\/uploads\/2024\/02\/00-07-fev-2024-receptador-celular-beto-01-foto-Alfredo-Risk-scaled.jpg?fit=967%2C645&ssl=1&resize=700%2C400 2x"},"classes":[]},{"id":40811,"url":"https:\/\/noticiasribeiraopreto.com.br\/index.php\/2024\/03\/05\/policia-conclui-inquerito-do-caso-beto-braga\/","url_meta":{"origin":37561,"position":3},"title":"Pol\u00edcia conclui inqu\u00e9rito do caso Beto Braga","author":"noticiasribeiraopreto.com.br","date":"5 de March de 2024","format":false,"excerpt":"Por: Adalberto LuqueO delegado Targino Donizete Os\u00f3rio encerrou o inqu\u00e9rito que apura a morte do engenheiro Paulo Roberto Carvalho Pena Braga Filho, de 34 anos, morto no dia 29 de dezembro de 2023. O inqu\u00e9rito foi conclu\u00eddo apenas dois meses depois que seu corpo foi encontrado.De acordo com o inqu\u00e9rito,\u2026","rel":"","context":"In &quot;Not\u00edcias de Ribeir\u00e3o Preto-SP e Regi\u00e3o&quot;","block_context":{"text":"Not\u00edcias de Ribeir\u00e3o Preto-SP e Regi\u00e3o","link":"https:\/\/noticiasribeiraopreto.com.br\/index.php\/category\/noticias-de-ribeirao-preto-sp-e-regiao-ismael-colosi\/"},"img":{"alt_text":"","src":"https:\/\/i0.wp.com\/noticiasribeiraopreto.com.br\/wp-content\/uploads\/2024\/03\/00-22-jan-2024-executivo-latrocinio-04-foto-redes-sociais.jpg?fit=768%2C480&ssl=1&resize=350%2C200","width":350,"height":200,"srcset":"https:\/\/i0.wp.com\/noticiasribeiraopreto.com.br\/wp-content\/uploads\/2024\/03\/00-22-jan-2024-executivo-latrocinio-04-foto-redes-sociais.jpg?fit=768%2C480&ssl=1&resize=350%2C200 1x, https:\/\/i0.wp.com\/noticiasribeiraopreto.com.br\/wp-content\/uploads\/2024\/03\/00-22-jan-2024-executivo-latrocinio-04-foto-redes-sociais.jpg?fit=768%2C480&ssl=1&resize=525%2C300 1.5x, https:\/\/i0.wp.com\/noticiasribeiraopreto.com.br\/wp-content\/uploads\/2024\/03\/00-22-jan-2024-executivo-latrocinio-04-foto-redes-sociais.jpg?fit=768%2C480&ssl=1&resize=700%2C400 2x"},"classes":[]},{"id":55250,"url":"https:\/\/noticiasribeiraopreto.com.br\/index.php\/2024\/07\/31\/jovem-denuncia-extorsao-ao-tentar-resgatar-celular-perdido-em-ribeirao-preto\/","url_meta":{"origin":37561,"position":4},"title":"Jovem denuncia extors\u00e3o ao tentar resgatar celular perdido em Ribeir\u00e3o Preto","author":"noticiasribeiraopreto.com.br","date":"31 de July de 2024","format":false,"excerpt":"Um jovem de 21 anos procurou a Pol\u00edcia Civil de Ribeir\u00e3o Preto, ap\u00f3s perder o celular e sofrer extors\u00e3o para receber o aparelho de volta. A v\u00edtima relatou \u00e0 pol\u00edcia no boletim de ocorr\u00eancia (BO) que perdeu o celular a caminho do Ribeir\u00e3o Verde, na zona Leste. Ao ligar para\u2026","rel":"","context":"In &quot;Not\u00edcias de Ribeir\u00e3o Preto-SP e Regi\u00e3o&quot;","block_context":{"text":"Not\u00edcias de Ribeir\u00e3o Preto-SP e Regi\u00e3o","link":"https:\/\/noticiasribeiraopreto.com.br\/index.php\/category\/noticias-de-ribeirao-preto-sp-e-regiao-ismael-colosi\/"},"img":{"alt_text":"","src":"https:\/\/i0.wp.com\/noticiasribeiraopreto.com.br\/wp-content\/uploads\/2024\/07\/iphone-830480_1920_2024-07-31_12-11-53_jpg_2024-07-31_12-11-54.webp.webp?fit=1200%2C800&ssl=1&resize=350%2C200","width":350,"height":200,"srcset":"https:\/\/i0.wp.com\/noticiasribeiraopreto.com.br\/wp-content\/uploads\/2024\/07\/iphone-830480_1920_2024-07-31_12-11-53_jpg_2024-07-31_12-11-54.webp.webp?fit=1200%2C800&ssl=1&resize=350%2C200 1x, https:\/\/i0.wp.com\/noticiasribeiraopreto.com.br\/wp-content\/uploads\/2024\/07\/iphone-830480_1920_2024-07-31_12-11-53_jpg_2024-07-31_12-11-54.webp.webp?fit=1200%2C800&ssl=1&resize=525%2C300 1.5x, https:\/\/i0.wp.com\/noticiasribeiraopreto.com.br\/wp-content\/uploads\/2024\/07\/iphone-830480_1920_2024-07-31_12-11-53_jpg_2024-07-31_12-11-54.webp.webp?fit=1200%2C800&ssl=1&resize=700%2C400 2x, https:\/\/i0.wp.com\/noticiasribeiraopreto.com.br\/wp-content\/uploads\/2024\/07\/iphone-830480_1920_2024-07-31_12-11-53_jpg_2024-07-31_12-11-54.webp.webp?fit=1200%2C800&ssl=1&resize=1050%2C600 3x"},"classes":[]},{"id":75185,"url":"https:\/\/noticiasribeiraopreto.com.br\/index.php\/2025\/08\/05\/homem-acusado-de-roubo-de-celular-e-morto-em-acao-da-pm-em-ribeirao-preto\/","url_meta":{"origin":37561,"position":5},"title":"Homem acusado de roubo de celular \u00e9 morto em a\u00e7\u00e3o da PM em Ribeir\u00e3o Preto","author":"noticiasribeiraopreto.com.br","date":"5 de August de 2025","format":false,"excerpt":"Um homem suspeito de roubo de celular foi morto em uma a\u00e7\u00e3o da PM (Pol\u00edcia Militar) na madrugada desta segunda-feira (4), em Ribeir\u00e3o Preto. Segundo a pol\u00edcia, o homem, que n\u00e3o teve o nome divulgado, \u00e9 apontado por uma tentativa de roubo a transeunte na rua Am\u00e9rico Brasiliense, no Centro,\u2026","rel":"","context":"In &quot;Not\u00edcias de Ribeir\u00e3o Preto-SP e Regi\u00e3o&quot;","block_context":{"text":"Not\u00edcias de Ribeir\u00e3o Preto-SP e Regi\u00e3o","link":"https:\/\/noticiasribeiraopreto.com.br\/index.php\/category\/noticias-de-ribeirao-preto-sp-e-regiao-ismael-colosi\/"},"img":{"alt_text":"","src":"https:\/\/i0.wp.com\/noticiasribeiraopreto.com.br\/wp-content\/uploads\/2025\/08\/20220620_114539075_policia_qru_1024x576_25052021184749_jpg_715985292.jpg?fit=1200%2C606&ssl=1&resize=350%2C200","width":350,"height":200,"srcset":"https:\/\/i0.wp.com\/noticiasribeiraopreto.com.br\/wp-content\/uploads\/2025\/08\/20220620_114539075_policia_qru_1024x576_25052021184749_jpg_715985292.jpg?fit=1200%2C606&ssl=1&resize=350%2C200 1x, https:\/\/i0.wp.com\/noticiasribeiraopreto.com.br\/wp-content\/uploads\/2025\/08\/20220620_114539075_policia_qru_1024x576_25052021184749_jpg_715985292.jpg?fit=1200%2C606&ssl=1&resize=525%2C300 1.5x, https:\/\/i0.wp.com\/noticiasribeiraopreto.com.br\/wp-content\/uploads\/2025\/08\/20220620_114539075_policia_qru_1024x576_25052021184749_jpg_715985292.jpg?fit=1200%2C606&ssl=1&resize=700%2C400 2x, https:\/\/i0.wp.com\/noticiasribeiraopreto.com.br\/wp-content\/uploads\/2025\/08\/20220620_114539075_policia_qru_1024x576_25052021184749_jpg_715985292.jpg?fit=1200%2C606&ssl=1&resize=1050%2C600 3x"},"classes":[]}],"jetpack_sharing_enabled":true,"jetpack_shortlink":"https:\/\/wp.me\/peQAOb-9LP","_links":{"self":[{"href":"https:\/\/noticiasribeiraopreto.com.br\/index.php\/wp-json\/wp\/v2\/posts\/37561","targetHints":{"allow":["GET"]}}],"collection":[{"href":"https:\/\/noticiasribeiraopreto.com.br\/index.php\/wp-json\/wp\/v2\/posts"}],"about":[{"href":"https:\/\/noticiasribeiraopreto.com.br\/index.php\/wp-json\/wp\/v2\/types\/post"}],"author":[{"embeddable":true,"href":"https:\/\/noticiasribeiraopreto.com.br\/index.php\/wp-json\/wp\/v2\/users\/1"}],"replies":[{"embeddable":true,"href":"https:\/\/noticiasribeiraopreto.com.br\/index.php\/wp-json\/wp\/v2\/comments?post=37561"}],"version-history":[{"count":0,"href":"https:\/\/noticiasribeiraopreto.com.br\/index.php\/wp-json\/wp\/v2\/posts\/37561\/revisions"}],"wp:featuredmedia":[{"embeddable":true,"href":"https:\/\/noticiasribeiraopreto.com.br\/index.php\/wp-json\/wp\/v2\/media\/37562"}],"wp:attachment":[{"href":"https:\/\/noticiasribeiraopreto.com.br\/index.php\/wp-json\/wp\/v2\/media?parent=37561"}],"wp:term":[{"taxonomy":"category","embeddable":true,"href":"https:\/\/noticiasribeiraopreto.com.br\/index.php\/wp-json\/wp\/v2\/categories?post=37561"},{"taxonomy":"post_tag","embeddable":true,"href":"https:\/\/noticiasribeiraopreto.com.br\/index.php\/wp-json\/wp\/v2\/tags?post=37561"}],"curies":[{"name":"wp","href":"https:\/\/api.w.org\/{rel}","templated":true}]}}