{"id":37611,"date":"2024-02-17T09:33:36","date_gmt":"2024-02-17T12:33:36","guid":{"rendered":"https:\/\/noticiasribeiraopreto.com.br\/index.php\/2024\/02\/17\/opositor-de-putin-morre-na-prisao\/"},"modified":"2024-02-17T09:33:36","modified_gmt":"2024-02-17T12:33:36","slug":"opositor-de-putin-morre-na-prisao","status":"publish","type":"post","link":"https:\/\/noticiasribeiraopreto.com.br\/index.php\/2024\/02\/17\/opositor-de-putin-morre-na-prisao\/","title":{"rendered":"Opositor de Putin morre na pris\u00e3o\u00a0"},"content":{"rendered":"<div class='code-block code-block-1' style='margin: 8px 0 8px auto; text-align: right; display: block; clear: both;'>\n<p><a href=\"https:\/\/wa.link\/vpicfd\"><img data-recalc-dims=\"1\" class=\"wp-image-4922\" style=\"aspect-ratio: 2.0253164556962027; width: 561px; height: auto;\" src=\"https:\/\/i0.wp.com\/ismaelcolosi.com.br\/wp-content\/uploads\/2023\/11\/grupo-de-empregos-whatsapp-e-facebook-ismael-colosi-vagas.jpg?ssl=1\" alt=\"\" \/><\/a><\/p>\n<!-- \/wp:image -->\n<\/div>\n<p> <br \/>\n<\/p>\n<div id=\"\">\n<p> <span class=\"entry-meta-item penci-posted-on\"><i class=\"fa fa-clock-o\"\/><time class=\"entry-date published updated\" datetime=\"2024-02-17T09:18:05-03:00\">17 de fevereiro de 2024 | 9:18<\/time><\/span><\/p>\n<p> <span class=\"penci-social-buttons penci-social-share-footer\"><a href=\"#\" class=\"penci-post-like penci_post-meta_item  single-like-button penci-social-item like\" data-post_id=\"374038\" title=\"Like\" data-like=\"Like\" data-unlike=\"Unlike\"><i class=\"fa fa-thumbs-o-up\"\/><span class=\"penci-share-number\">0<\/span><\/a><i class=\"fa fa-facebook\"\/><a class=\"penci-social-item twitter\" target=\"_blank\" rel=\"noopener\" title=\"\" href=\"https:\/\/twitter.com\/intent\/tweet?text=Opositor%20de%20Putin%20morre%20na%20pris\u00e3o\u00a0%20-%20https:\/\/www.tribunaribeirao.com.br\/site\/opositor-de-putin-morre-na-prisao\/\"><i class=\"fa fa-twitter\"\/><\/a><i class=\"fa fa-whatsapp\"\/><\/span><\/div>\n<div>\n<p><span class=\"TextRun SCXW168643929 BCX0\" lang=\"PT-BR\" xml:lang=\"PT-BR\" data-contrast=\"auto\"><span class=\"NormalTextRun SCXW168643929 BCX0\">O l\u00edder da oposi\u00e7\u00e3o russa Alexei <\/span><span class=\"NormalTextRun SpellingErrorV2Themed SCXW168643929 BCX0\">Navalni<\/span><span class=\"NormalTextRun SCXW168643929 BCX0\"> morreu na pris\u00e3o nesta sexta-feira, 16<\/span><span class=\"NormalTextRun SCXW168643929 BCX0\"> de fevereiro<\/span><span class=\"NormalTextRun SCXW168643929 BCX0\">, <\/span><span class=\"NormalTextRun SCXW168643929 BCX0\">aos 47 anos, <\/span><span class=\"NormalTextRun SCXW168643929 BCX0\">segundo informa\u00e7\u00f5es de ag\u00eancias de not\u00edcias. <\/span><span class=\"NormalTextRun SpellingErrorV2Themed SCXW168643929 BCX0\">Navalni<\/span><span class=\"NormalTextRun SCXW168643929 BCX0\"> estava preso em uma col\u00f4nia penal em <\/span><span class=\"NormalTextRun SpellingErrorV2Themed SCXW168643929 BCX0\">Kharp<\/span><span class=\"NormalTextRun SCXW168643929 BCX0\">, no \u00c1rtico russo, e pouco se sabia sobre o seu exato estado de sa\u00fade<\/span><span class=\"NormalTextRun SCXW168643929 BCX0\">. Ele <\/span><span class=\"NormalTextRun SCXW168643929 BCX0\">cumpri<\/span><span class=\"NormalTextRun SCXW168643929 BCX0\">ri<\/span><span class=\"NormalTextRun SCXW168643929 BCX0\">a <\/span><span class=\"NormalTextRun SCXW168643929 BCX0\">pena <\/span><span class=\"NormalTextRun SCXW168643929 BCX0\">at\u00e9 2031, ap\u00f3s ter sido condenado por corrup\u00e7\u00e3o em julgamentos apontados como politicamente motivados.<\/span><\/span><span class=\"LineBreakBlob BlobObject DragDrop SCXW168643929 BCX0\"><span class=\"SCXW168643929 BCX0\">\u00a0<\/span><br class=\"SCXW168643929 BCX0\"\/><\/span><span class=\"LineBreakBlob BlobObject DragDrop SCXW168643929 BCX0\"><span class=\"SCXW168643929 BCX0\">\u00a0<\/span><br class=\"SCXW168643929 BCX0\"\/><\/span><span class=\"TextRun SCXW168643929 BCX0\" lang=\"PT-BR\" xml:lang=\"PT-BR\" data-contrast=\"auto\"><span class=\"NormalTextRun SCXW168643929 BCX0\">O governo do presidente da R\u00fassia, Vladimir Putin, afirmou que n\u00e3o tem nenhuma informa\u00e7\u00e3o sobre o motivo da morte de <\/span><span class=\"NormalTextRun SpellingErrorV2Themed SCXW168643929 BCX0\">Navalni<\/span><span class=\"NormalTextRun SCXW168643929 BCX0\">. O opositor foi detido pelas for\u00e7as de seguran\u00e7a de Moscou em janeiro de 2021 depois de retornar da Alemanha, onde havia se recuperado de uma tentativa de envenenamento.<\/span><\/span><span class=\"LineBreakBlob BlobObject DragDrop SCXW168643929 BCX0\"><span class=\"SCXW168643929 BCX0\">\u00a0<\/span><br class=\"SCXW168643929 BCX0\"\/><\/span><span class=\"LineBreakBlob BlobObject DragDrop SCXW168643929 BCX0\"><span class=\"SCXW168643929 BCX0\">\u00a0<\/span><br class=\"SCXW168643929 BCX0\"\/><\/span><span class=\"TextRun SCXW168643929 BCX0\" lang=\"PT-BR\" xml:lang=\"PT-BR\" data-contrast=\"auto\"><span class=\"NormalTextRun SCXW168643929 BCX0\">\u201c<\/span><span class=\"NormalTextRun SCXW168643929 BCX0\">Em 16 de fevereiro de<\/span><span class=\"NormalTextRun SCXW168643929 BCX0\"> 2024, no centro penitenci\u00e1rio n<\/span><span class=\"NormalTextRun SCXW168643929 BCX0\">\u00b03, o prisioneiro <\/span><span class=\"NormalTextRun SpellingErrorV2Themed SCXW168643929 BCX0\">Navalni<\/span><span class=\"NormalTextRun SCXW168643929 BCX0\"> passou mal ap\u00f3s uma caminhada as causas da morte est\u00e3o sendo determinadas\u201d, afirmou o servi\u00e7o penitenci\u00e1rio em um comunicado. <\/span><span class=\"NormalTextRun SCXW168643929 BCX0\">E<\/span><span class=\"NormalTextRun SCXW168643929 BCX0\">le perdeu a consci\u00eancia ap\u00f3s dar uma caminhada na penitenci\u00e1ria que ficava no gelado \u00c1rtico russo.<\/span><\/span><span class=\"LineBreakBlob BlobObject DragDrop SCXW168643929 BCX0\"><span class=\"SCXW168643929 BCX0\">\u00a0<\/span><br class=\"SCXW168643929 BCX0\"\/><\/span><span class=\"LineBreakBlob BlobObject DragDrop SCXW168643929 BCX0\"><span class=\"SCXW168643929 BCX0\">\u00a0<\/span><br class=\"SCXW168643929 BCX0\"\/><\/span><span class=\"TextRun SCXW168643929 BCX0\" lang=\"PT-BR\" xml:lang=\"PT-BR\" data-contrast=\"auto\"><span class=\"NormalTextRun SCXW168643929 BCX0\">\u201c<\/span><span class=\"NormalTextRun SCXW168643929 BCX0\">Todas as medidas de reanima\u00e7\u00e3o necess\u00e1rias foram tomadas, o que n\u00e3o levou a resultados positivos. Os m\u00e9dicos da ambul\u00e2ncia confirmaram a morte do condenado.\u201d<\/span> <span class=\"NormalTextRun SCXW168643929 BCX0\">Dmitri<\/span> <span class=\"NormalTextRun SCXW168643929 BCX0\">Peskov<\/span><span class=\"NormalTextRun SCXW168643929 BCX0\">, porta-voz de Putin, afirmou que a morte foi relatada ao presidente russo, de acordo com o servi\u00e7o de not\u00edcias estatal <\/span><span class=\"NormalTextRun SCXW168643929 BCX0\">Tass<\/span><\/span><span class=\"LineBreakBlob BlobObject DragDrop SCXW168643929 BCX0\"><span class=\"SCXW168643929 BCX0\">\u00a0<\/span><br class=\"SCXW168643929 BCX0\"\/><\/span><span class=\"LineBreakBlob BlobObject DragDrop SCXW168643929 BCX0\"><span class=\"SCXW168643929 BCX0\">\u00a0<\/span><br class=\"SCXW168643929 BCX0\"\/><\/span><span class=\"TextRun SCXW168643929 BCX0\" lang=\"PT-BR\" xml:lang=\"PT-BR\" data-contrast=\"auto\"><span class=\"NormalTextRun SCXW168643929 BCX0\">A porta-voz de <\/span><span class=\"NormalTextRun SpellingErrorV2Themed SCXW168643929 BCX0\">Navalni<\/span><span class=\"NormalTextRun SCXW168643929 BCX0\">, <\/span><span class=\"NormalTextRun SpellingErrorV2Themed SCXW168643929 BCX0\">Kira<\/span> <span class=\"NormalTextRun SCXW168643929 BCX0\">Yarmysh<\/span><span class=\"NormalTextRun SCXW168643929 BCX0\">, apontou que ainda n\u00e3o era poss\u00edvel confirmar a morte de <\/span><span class=\"NormalTextRun SpellingErrorV2Themed SCXW168643929 BCX0\">Navalni<\/span><span class=\"NormalTextRun SCXW168643929 BCX0\"> e que um advogado estava viajando at\u00e9 a pris\u00e3o. <\/span><span class=\"NormalTextRun SCXW168643929 BCX0\">O advogado e ativista de 47 anos estava<\/span><span class=\"NormalTextRun SCXW168643929 BCX0\"> detido desde janeiro de 2021, quando retornou da Alemanha, onde foi hospitalizado por envenenamento.<\/span><\/span><span class=\"LineBreakBlob BlobObject DragDrop SCXW168643929 BCX0\"><span class=\"SCXW168643929 BCX0\">\u00a0<\/span><br class=\"SCXW168643929 BCX0\"\/><\/span><span class=\"LineBreakBlob BlobObject DragDrop SCXW168643929 BCX0\"><span class=\"SCXW168643929 BCX0\">\u00a0<\/span><br class=\"SCXW168643929 BCX0\"\/><\/span><span class=\"TextRun SCXW168643929 BCX0\" lang=\"PT-BR\" xml:lang=\"PT-BR\" data-contrast=\"auto\"><span class=\"NormalTextRun SCXW168643929 BCX0\">O jornalista russo <\/span><span class=\"NormalTextRun SCXW168643929 BCX0\">Dmitri<\/span> <span class=\"NormalTextRun SpellingErrorV2Themed SCXW168643929 BCX0\">Muratov<\/span><span class=\"NormalTextRun SCXW168643929 BCX0\">, vencedor do Pr\u00eamio Nobel da Paz em 2021, denunciou \u00e0 ag\u00eancia Reuters que a morte do l\u00edder foi assassinato. Em mensagem escrita no canal de <\/span><span class=\"NormalTextRun SpellingErrorV2Themed SCXW168643929 BCX0\">Telegram<\/span><span class=\"NormalTextRun SCXW168643929 BCX0\"> de seu jornal, o jornalista atribuiu a morte a torturas que <\/span><span class=\"NormalTextRun SpellingErrorV2Themed SCXW168643929 BCX0\">Navalni<\/span><span class=\"NormalTextRun SCXW168643929 BCX0\"> sofreu durante os anos preso.<\/span><\/span><span class=\"LineBreakBlob BlobObject DragDrop SCXW168643929 BCX0\"><span class=\"SCXW168643929 BCX0\">\u00a0<\/span><br class=\"SCXW168643929 BCX0\"\/><\/span><span class=\"LineBreakBlob BlobObject DragDrop SCXW168643929 BCX0\"><span class=\"SCXW168643929 BCX0\">\u00a0<\/span><br class=\"SCXW168643929 BCX0\"\/><\/span><span class=\"TextRun SCXW168643929 BCX0\" lang=\"PT-BR\" xml:lang=\"PT-BR\" data-contrast=\"auto\"><span class=\"NormalTextRun SCXW168643929 BCX0\">\u201c<\/span><span class=\"NormalTextRun SCXW168643929 BCX0\">\u00c9 uma not\u00edcia terr\u00edvel. Tenho certeza de que o co\u00e1gulo (se houve algum) \u00e9 <\/span><span class=\"NormalTextRun SCXW168643929 BCX0\">consequ\u00eancia<\/span><span class=\"NormalTextRun SCXW168643929 BCX0\"> direta das 27 puni\u00e7\u00f5es\u201d, escreveu o editor do <\/span><span class=\"NormalTextRun SpellingErrorV2Themed SCXW168643929 BCX0\">N\u00f3vaya<\/span><span class=\"NormalTextRun SCXW168643929 BCX0\"> Gazeta, que foi banido da R\u00fassia. O jornalista, declarado agente estrangeiro pelo Kremlin, motivo pelo qual deixou temporariamente a dire\u00e7\u00e3o do jornal, afirmou que nessas pris\u00f5es h\u00e1 priva\u00e7\u00e3o de mobilidade, comida de baixa caloria, falta de ar e frio constante.<\/span><\/span><span class=\"LineBreakBlob BlobObject DragDrop SCXW168643929 BCX0\"><span class=\"SCXW168643929 BCX0\">\u00a0<\/span><br class=\"SCXW168643929 BCX0\"\/><\/span><span class=\"LineBreakBlob BlobObject DragDrop SCXW168643929 BCX0\"><span class=\"SCXW168643929 BCX0\">\u00a0<\/span><br class=\"SCXW168643929 BCX0\"\/><\/span><span class=\"TextRun SCXW168643929 BCX0\" lang=\"PT-BR\" xml:lang=\"PT-BR\" data-contrast=\"auto\"><span class=\"NormalTextRun SCXW168643929 BCX0\">\u201c<\/span><span class=\"NormalTextRun SCXW168643929 BCX0\">Alexei <\/span><span class=\"NormalTextRun SpellingErrorV2Themed SCXW168643929 BCX0\">Navalni<\/span><span class=\"NormalTextRun SCXW168643929 BCX0\"> foi submetido a torturas e tormentos durante tr\u00eas anos. Como o m\u00e9dico de <\/span><span class=\"NormalTextRun SpellingErrorV2Themed SCXW168643929 BCX0\">Navalni<\/span><span class=\"NormalTextRun SCXW168643929 BCX0\"> me disse: o corpo n\u00e3o pode suportar isso\u201d, enfatizou. \u201cTodo o pessoal m\u00e9dico que trabalha na pris\u00e3o deve obrigatoriamente ter c\u00e2meras. Exigiremos que forne\u00e7am as imagens: quando os m\u00e9dicos chegaram, como foi prestado o socorro, se todas as possibilidades para <\/span><span class=\"NormalTextRun ContextualSpellingAndGrammarErrorV2Themed SCXW168643929 BCX0\">salv\u00e1-lo<\/span><span class=\"NormalTextRun SCXW168643929 BCX0\"> foram esgotadas\u201d, destacou.<\/span><\/span><span class=\"LineBreakBlob BlobObject DragDrop SCXW168643929 BCX0\"><span class=\"SCXW168643929 BCX0\">\u00a0<\/span><br class=\"SCXW168643929 BCX0\"\/><\/span><span class=\"LineBreakBlob BlobObject DragDrop SCXW168643929 BCX0\"><span class=\"SCXW168643929 BCX0\">\u00a0<\/span><br class=\"SCXW168643929 BCX0\"\/><\/span><span class=\"TextRun SCXW168643929 BCX0\" lang=\"PT-BR\" xml:lang=\"PT-BR\" data-contrast=\"auto\"><span class=\"NormalTextRun SCXW168643929 BCX0\">O presidente dos Estados Unidos, Joe <\/span><span class=\"NormalTextRun SCXW168643929 BCX0\">Biden<\/span><span class=\"NormalTextRun SCXW168643929 BCX0\">, culpou diretamente o russo Vladimir Putin pela morte do l\u00edder da oposi\u00e7\u00e3o, a quem descreveu como uma voz poderosa em defesa da verdade. A ONU, a <\/span><span class=\"NormalTextRun SCXW168643929 BCX0\">Otan<\/span><span class=\"NormalTextRun SCXW168643929 BCX0\"> e a Uni\u00e3o <\/span><span class=\"NormalTextRun SCXW168643929 BCX0\">Europeia<\/span><span class=\"NormalTextRun SCXW168643929 BCX0\"> pediram investiga\u00e7\u00f5es sobre a morte do dissidente russo<\/span><span class=\"NormalTextRun SCXW168643929 BCX0\">.<\/span><\/span><span class=\"LineBreakBlob BlobObject DragDrop SCXW168643929 BCX0\"><span class=\"SCXW168643929 BCX0\">\u00a0<\/span><br class=\"SCXW168643929 BCX0\"\/><\/span><span class=\"LineBreakBlob BlobObject DragDrop SCXW168643929 BCX0\"><span class=\"SCXW168643929 BCX0\">\u00a0<\/span><br class=\"SCXW168643929 BCX0\"\/><\/span><span class=\"TextRun SCXW168643929 BCX0\" lang=\"PT-BR\" xml:lang=\"PT-BR\" data-contrast=\"auto\"><span class=\"NormalTextRun SCXW168643929 BCX0\">\u201cSe a informa\u00e7\u00e3o sobre a morte de <\/span><span class=\"NormalTextRun SpellingErrorV2Themed SCXW168643929 BCX0\">Navalni<\/span><span class=\"NormalTextRun SCXW168643929 BCX0\"> for verdadeira, e n\u00e3o tenho motivos para duvidar dela, \u00e9 claro que as autoridades russas v\u00e3o contar a sua pr\u00f3pria hist\u00f3ria. Mas n\u00e3o se enganem, Putin \u00e9 o respons\u00e1vel\u201d, disse <\/span><span class=\"NormalTextRun SCXW168643929 BCX0\">Biden<\/span><span class=\"NormalTextRun SCXW168643929 BCX0\"> na Casa Branca. \u201cN\u00e3o sabemos exatamente o que aconteceu.<\/span><span class=\"NormalTextRun SCXW168643929 BCX0\">\u201c<\/span><\/span><span class=\"LineBreakBlob BlobObject DragDrop SCXW168643929 BCX0\"><span class=\"SCXW168643929 BCX0\">\u00a0<\/span><br class=\"SCXW168643929 BCX0\"\/><\/span><span class=\"LineBreakBlob BlobObject DragDrop SCXW168643929 BCX0\"><span class=\"SCXW168643929 BCX0\">\u00a0<\/span><br class=\"SCXW168643929 BCX0\"\/><\/span><span class=\"TextRun SCXW168643929 BCX0\" lang=\"PT-BR\" xml:lang=\"PT-BR\" data-contrast=\"auto\"><span class=\"NormalTextRun SCXW168643929 BCX0\">Por sua vez, o secret\u00e1rio de Estado americano, Antony <\/span><span class=\"NormalTextRun SpellingErrorV2Themed SCXW168643929 BCX0\">Blinken<\/span><span class=\"NormalTextRun SCXW168643929 BCX0\">, afirmou que durante mais de uma d\u00e9cada, o governo russo, Putin, perseguiu, envenenou e prendeu <\/span><span class=\"NormalTextRun SpellingErrorV2Themed SCXW168643929 BCX0\">Navalni<\/span><span class=\"NormalTextRun SCXW168643929 BCX0\">. A Chancelaria russa rejeitou as falas do chefe da diplomacia americana.<\/span><\/span><span class=\"LineBreakBlob BlobObject DragDrop SCXW168643929 BCX0\"><span class=\"SCXW168643929 BCX0\">\u00a0<\/span><br class=\"SCXW168643929 BCX0\"\/><\/span><span class=\"LineBreakBlob BlobObject DragDrop SCXW168643929 BCX0\"><span class=\"SCXW168643929 BCX0\">\u00a0<\/span><br class=\"SCXW168643929 BCX0\"\/><\/span><span class=\"TextRun SCXW168643929 BCX0\" lang=\"PT-BR\" xml:lang=\"PT-BR\" data-contrast=\"auto\"><span class=\"NormalTextRun SCXW168643929 BCX0\">A pol\u00edcia da R\u00fassia prendeu nesta sexta-feira<\/span> <span class=\"NormalTextRun SCXW168643929 BCX0\">cerca de 40 pessoas que se manifestaram em Moscou, S\u00e3o Petersburgo e outras cidades para homenagear o dissidente. Os relatos s\u00e3o de forte presen\u00e7a da pol\u00edcia nas ruas. E, de acordo com o grupo <\/span><span class=\"NormalTextRun SCXW168643929 BCX0\">OVD-Info<\/span><span class=\"NormalTextRun SCXW168643929 BCX0\">, que monitora a repress\u00e3o, tamb\u00e9m foram registradas pris\u00f5es em v\u00e1rias cidades do pa\u00eds.<\/span><\/span><span class=\"LineBreakBlob BlobObject DragDrop SCXW168643929 BCX0\"><span class=\"SCXW168643929 BCX0\">\u00a0<\/span><br class=\"SCXW168643929 BCX0\"\/><\/span><span class=\"LineBreakBlob BlobObject DragDrop SCXW168643929 BCX0\"><span class=\"SCXW168643929 BCX0\">\u00a0<\/span><br class=\"SCXW168643929 BCX0\"\/><\/span><span class=\"TextRun SCXW168643929 BCX0\" lang=\"PT-BR\" xml:lang=\"PT-BR\" data-contrast=\"auto\"><span class=\"NormalTextRun SCXW168643929 BCX0\">Alexei <\/span><span class=\"NormalTextRun SpellingErrorV2Themed SCXW168643929 BCX0\">Navalni<\/span> <span class=\"NormalTextRun SpellingErrorV2Themed SCXW168643929 BCX0\">Navalni<\/span><span class=\"NormalTextRun SCXW168643929 BCX0\"> tornou-se conhecido do p\u00fablico russo pela primeira vez <\/span><span class=\"NormalTextRun SCXW168643929 BCX0\">e<\/span><span class=\"NormalTextRun SCXW168643929 BCX0\">m 2008, <\/span><span class=\"NormalTextRun SCXW168643929 BCX0\">quando denunciou casos de corrup\u00e7\u00e3o de diversas empresas russas como <\/span><span class=\"NormalTextRun SCXW168643929 BCX0\">Gazprom<\/span><span class=\"NormalTextRun SCXW168643929 BCX0\"> e <\/span><span class=\"NormalTextRun SpellingErrorV2Themed SCXW168643929 BCX0\">Rosneft<\/span><span class=\"NormalTextRun SCXW168643929 BCX0\">.<\/span> <span class=\"NormalTextRun SCXW168643929 BCX0\">Ele foi condenado em 2013 por peculato e afirmou que a acusa\u00e7\u00e3o tinha motiva\u00e7\u00e3o pol\u00edtica. <\/span><\/span><span class=\"LineBreakBlob BlobObject DragDrop SCXW168643929 BCX0\"><span class=\"SCXW168643929 BCX0\">\u00a0<\/span><br class=\"SCXW168643929 BCX0\"\/><\/span><span class=\"LineBreakBlob BlobObject DragDrop SCXW168643929 BCX0\"><span class=\"SCXW168643929 BCX0\">\u00a0<\/span><br class=\"SCXW168643929 BCX0\"\/><\/span><span class=\"TextRun SCXW168643929 BCX0\" lang=\"PT-BR\" xml:lang=\"PT-BR\" data-contrast=\"auto\"><span class=\"NormalTextRun SCXW168643929 BCX0\">Navalni<\/span><span class=\"NormalTextRun SCXW168643929 BCX0\"> foi sentenciado a cinco anos de pris\u00e3o, mas o Minist\u00e9rio P\u00fablico exigiu mais tarde surpreendentemente a sua liberta\u00e7\u00e3o enquanto se aguardava recurso. Posteriormente, um tribunal superior suspendeu a sua pena.<\/span> <\/span><span class=\"LineBreakBlob BlobObject DragDrop SCXW168643929 BCX0\"><span class=\"SCXW168643929 BCX0\">\u00a0<\/span><br class=\"SCXW168643929 BCX0\"\/><\/span><span class=\"TextRun SCXW168643929 BCX0\" lang=\"PT-BR\" xml:lang=\"PT-BR\" data-contrast=\"auto\"><span class=\"NormalTextRun SCXW168643929 BCX0\">Em 2020, quase morreu v\u00edtima de um envenenamento enquanto voava da Sib\u00e9ria para Moscou. Depois de ser atendido em solo russo, ficou internado em Berlim. <\/span><\/span><span class=\"LineBreakBlob BlobObject DragDrop SCXW168643929 BCX0\"><span class=\"SCXW168643929 BCX0\">\u00a0<\/span><br class=\"SCXW168643929 BCX0\"\/><\/span><span class=\"LineBreakBlob BlobObject DragDrop SCXW168643929 BCX0\"><span class=\"SCXW168643929 BCX0\">\u00a0<\/span><br class=\"SCXW168643929 BCX0\"\/><\/span><span class=\"TextRun SCXW168643929 BCX0\" lang=\"PT-BR\" xml:lang=\"PT-BR\" data-contrast=\"auto\"><span class=\"NormalTextRun SCXW168643929 BCX0\">Os testes feitos na Alemanha identificaram a presen\u00e7a do agente nervoso da era sovi\u00e9tica, <\/span><span class=\"NormalTextRun SpellingErrorV2Themed SCXW168643929 BCX0\">Novichok<\/span><span class=\"NormalTextRun SCXW168643929 BCX0\">. A descoberta elevou o tom das cr\u00edticas contra o Kremlin que foi acusado de envenenar o opositor.<\/span> <span class=\"NormalTextRun SpellingErrorV2Themed SCXW168643929 BCX0\">Navalni<\/span><span class=\"NormalTextRun SCXW168643929 BCX0\"> ficou em coma <\/span><span class=\"NormalTextRun SCXW168643929 BCX0\">induzido por cerca de duas semanas, depois trabalhou para recuperar a fala e os movimentos por mais algumas semanas. <\/span><\/span><span class=\"LineBreakBlob BlobObject DragDrop SCXW168643929 BCX0\"><span class=\"SCXW168643929 BCX0\">\u00a0<\/span><br class=\"SCXW168643929 BCX0\"\/><\/span><span class=\"LineBreakBlob BlobObject DragDrop SCXW168643929 BCX0\"><span class=\"SCXW168643929 BCX0\">\u00a0<\/span><br class=\"SCXW168643929 BCX0\"\/><\/span><span class=\"TextRun SCXW168643929 BCX0\" lang=\"PT-BR\" xml:lang=\"PT-BR\" data-contrast=\"auto\"><span class=\"NormalTextRun SCXW168643929 BCX0\">No ano passado, Putin rejeitou uma investiga\u00e7\u00e3o divulgada por v\u00e1rios meios de comunica\u00e7\u00e3o, entre eles o site <\/span><span class=\"NormalTextRun SpellingErrorV2Themed SCXW168643929 BCX0\">Bellingcat<\/span><span class=\"NormalTextRun SCXW168643929 BCX0\">, a rede CNN e Der <\/span><span class=\"NormalTextRun SpellingErrorV2Themed SCXW168643929 BCX0\">Spiegel<\/span><span class=\"NormalTextRun SCXW168643929 BCX0\">, a qual atribui a responsabilidade do envenenamento ao FSB, os servi\u00e7os secretos russos, herdeiros da KGB. <\/span><\/span><span class=\"LineBreakBlob BlobObject DragDrop SCXW168643929 BCX0\"><span class=\"SCXW168643929 BCX0\">\u00a0<\/span><br class=\"SCXW168643929 BCX0\"\/><\/span><span class=\"LineBreakBlob BlobObject DragDrop SCXW168643929 BCX0\"><span class=\"SCXW168643929 BCX0\">\u00a0<\/span><br class=\"SCXW168643929 BCX0\"\/><\/span><span class=\"TextRun SCXW168643929 BCX0\" lang=\"PT-BR\" xml:lang=\"PT-BR\" data-contrast=\"auto\"><span class=\"NormalTextRun SCXW168643929 BCX0\">Em agosto de 2023, o ativista russo foi condenado a 19 anos de pris\u00e3o por organizar, financiar e convocar atividades \u201cextremistas\u201d, crimes que ele negou. Antes da condena\u00e7\u00e3o, ele j\u00e1 cumpria penas que somavam <\/span><span class=\"NormalTextRun SCXW168643929 BCX0\">onze <\/span><span class=\"NormalTextRun SCXW168643929 BCX0\">anos de pris\u00e3o por viola\u00e7\u00f5es de liberdade condicional, fraude e desobedi\u00eancia civil. Agora, foi<\/span><span class=\"NormalTextRun SCXW168643929 BCX0\"> condenado mais uma vez no caso.<\/span><\/span><span class=\"LineBreakBlob BlobObject DragDrop SCXW168643929 BCX0\"><span class=\"SCXW168643929 BCX0\">\u00a0<\/span><br class=\"SCXW168643929 BCX0\"\/><\/span><span class=\"LineBreakBlob BlobObject DragDrop SCXW168643929 BCX0\"><span class=\"SCXW168643929 BCX0\">\u00a0<\/span><br class=\"SCXW168643929 BCX0\"\/><\/span><span class=\"TextRun SCXW168643929 BCX0\" lang=\"PT-BR\" xml:lang=\"PT-BR\" data-contrast=\"auto\"><span class=\"NormalTextRun SCXW168643929 BCX0\">Denis <\/span><span class=\"NormalTextRun SpellingErrorV2Themed SCXW168643929 BCX0\">Sinyakov<\/span><span class=\"NormalTextRun SCXW168643929 BCX0\">\/<\/span><span class=\"NormalTextRun SCXW168643929 BCX0\">Reuters<\/span><\/span><span class=\"LineBreakBlob BlobObject DragDrop SCXW168643929 BCX0\"><span class=\"SCXW168643929 BCX0\">\u00a0<\/span><br class=\"SCXW168643929 BCX0\"\/><\/span><span class=\"TextRun SCXW168643929 BCX0\" lang=\"PT-BR\" xml:lang=\"PT-BR\" data-contrast=\"auto\"><span class=\"NormalTextRun SCXW168643929 BCX0\">L\u00edder da oposi\u00e7\u00e3o russa, Alexei <\/span><span class=\"NormalTextRun SpellingErrorV2Themed SCXW168643929 BCX0\">Navalni<\/span><span class=\"NormalTextRun SCXW168643929 BCX0\"> estava preso em uma col\u00f4nia penal em <\/span><span class=\"NormalTextRun SpellingErrorV2Themed SCXW168643929 BCX0\">Kharp<\/span><span class=\"NormalTextRun SCXW168643929 BCX0\">, no \u00c1rtico russo, e pouco se sabia sobre o seu exato estado de sa\u00fade<\/span><\/span><\/p>\n<\/div>\n<p><script async src=\"\/\/platform.twitter.com\/widgets.js\" charset=\"utf-8\"><\/script><br \/>\n<br \/><br \/>\n<br \/><a href=\"https:\/\/www.tribunaribeirao.com.br\/site\/opositor-de-putin-morre-na-prisao\/\">Source link <\/a><\/p>\n<!-- CONTENT END 1 -->\n","protected":false},"excerpt":{"rendered":"<p>17 de fevereiro de 2024 | 9:18 0 O l\u00edder da oposi\u00e7\u00e3o russa Alexei Navalni morreu na pris\u00e3o nesta sexta-feira, 16 de fevereiro, aos 47&#8230;<\/p>\n","protected":false},"author":1,"featured_media":37612,"comment_status":"open","ping_status":"open","sticky":false,"template":"","format":"standard","meta":{"advanced_seo_description":"","jetpack_seo_html_title":"","jetpack_seo_noindex":false,"jetpack_post_was_ever_published":false,"_jetpack_newsletter_access":"","_jetpack_dont_email_post_to_subs":false,"_jetpack_newsletter_tier_id":0,"_jetpack_memberships_contains_paywalled_content":false,"_jetpack_memberships_contains_paid_content":false,"footnotes":"","jetpack_publicize_message":"","jetpack_publicize_feature_enabled":true,"jetpack_social_post_already_shared":true,"jetpack_social_options":{"image_generator_settings":{"template":"highway","default_image_id":0,"font":"","enabled":false},"version":2}},"categories":[11],"tags":[271,4309,22,4310],"class_list":["post-37611","post","type-post","status-publish","format-standard","has-post-thumbnail","hentry","category-noticias-de-ribeirao-preto-sp-e-regiao-ismael-colosi","tag-morre","tag-opositor","tag-prisao","tag-putin"],"jetpack_publicize_connections":[],"jetpack_featured_media_url":"https:\/\/i0.wp.com\/noticiasribeiraopreto.com.br\/wp-content\/uploads\/2024\/02\/Alexey-Denis-Sinyakov-Reuters-scaled.jpg?fit=1000%2C598&ssl=1","jetpack-related-posts":[{"id":12848,"url":"https:\/\/noticiasribeiraopreto.com.br\/index.php\/2023\/12\/08\/vai-passar-por-cima-dos-rivais-como-putin-usara-a-maquina-de-guerra-na-ucrania-para-consolidar-o-poder-em-2024\/","url_meta":{"origin":37611,"position":0},"title":"Vai passar por cima dos rivais: como Putin usar\u00e1 a m\u00e1quina de guerra na Ucr\u00e2nia para consolidar o poder em 2024","author":"noticiasribeiraopreto.com.br","date":"8 de December de 2023","format":false,"excerpt":"Poucas eram as d\u00favidas de que Vladimir Putin concorreria mais uma vez \u00e0 presid\u00eancia da R\u00fassia nas elei\u00e7\u00f5es de 2024 \u2014 a ponto de um de seus assessores ter declarado anteriormente que ele seria reeleito com mais de 90% dos votos. Por isso, a oficializa\u00e7\u00e3o da candidatura do chefe do\u2026","rel":"","context":"In &quot;Dinheiro e Investimento&quot;","block_context":{"text":"Dinheiro e Investimento","link":"https:\/\/noticiasribeiraopreto.com.br\/index.php\/category\/dinheiro-e-investimento-como-fazer-como-ganhar\/"},"img":{"alt_text":"","src":"https:\/\/i0.wp.com\/noticiasribeiraopreto.com.br\/wp-content\/uploads\/2023\/12\/923902-brics_16-628x353.jpg?fit=628%2C353&ssl=1&resize=350%2C200","width":350,"height":200,"srcset":"https:\/\/i0.wp.com\/noticiasribeiraopreto.com.br\/wp-content\/uploads\/2023\/12\/923902-brics_16-628x353.jpg?fit=628%2C353&ssl=1&resize=350%2C200 1x, https:\/\/i0.wp.com\/noticiasribeiraopreto.com.br\/wp-content\/uploads\/2023\/12\/923902-brics_16-628x353.jpg?fit=628%2C353&ssl=1&resize=525%2C300 1.5x"},"classes":[]},{"id":77319,"url":"https:\/\/noticiasribeiraopreto.com.br\/index.php\/2025\/09\/16\/homem-morre-apos-resistir-a-prisao-em-rp\/","url_meta":{"origin":37611,"position":1},"title":"Homem morre ap\u00f3s resistir \u00e0 pris\u00e3o em RP","author":"noticiasribeiraopreto.com.br","date":"16 de September de 2025","format":false,"excerpt":"Ele e um comparsa haviam feito uma fam\u00edlia ref\u00e9m, roubando seus pertences e o carro no Sul de Minas Gerais 16 de setembro de 2025 10:353 Compartilhar0 Um homem morreu ap\u00f3s reagir \u00e0 pris\u00e3o no final da tarde desta segunda-feira (15). Ele e outro homem s\u00e3o suspeitos de fazer uma\u2026","rel":"","context":"In &quot;Not\u00edcias de Ribeir\u00e3o Preto-SP e Regi\u00e3o&quot;","block_context":{"text":"Not\u00edcias de Ribeir\u00e3o Preto-SP e Regi\u00e3o","link":"https:\/\/noticiasribeiraopreto.com.br\/index.php\/category\/noticias-de-ribeirao-preto-sp-e-regiao-ismael-colosi\/"},"img":{"alt_text":"","src":"https:\/\/i0.wp.com\/noticiasribeiraopreto.com.br\/wp-content\/uploads\/2025\/09\/BAEP-2-Foto-Divulgacao-PM-1.jpg?fit=624%2C455&ssl=1&resize=350%2C200","width":350,"height":200,"srcset":"https:\/\/i0.wp.com\/noticiasribeiraopreto.com.br\/wp-content\/uploads\/2025\/09\/BAEP-2-Foto-Divulgacao-PM-1.jpg?fit=624%2C455&ssl=1&resize=350%2C200 1x, https:\/\/i0.wp.com\/noticiasribeiraopreto.com.br\/wp-content\/uploads\/2025\/09\/BAEP-2-Foto-Divulgacao-PM-1.jpg?fit=624%2C455&ssl=1&resize=525%2C300 1.5x"},"classes":[]},{"id":78426,"url":"https:\/\/noticiasribeiraopreto.com.br\/index.php\/2025\/10\/10\/cachorra-morre-apos-ser-resgatada-e-tutor-e-preso-por-maus-tratos\/","url_meta":{"origin":37611,"position":2},"title":"Cachorra morre ap\u00f3s ser resgatada e tutor \u00e9 preso por maus-tratos","author":"noticiasribeiraopreto.com.br","date":"10 de October de 2025","format":false,"excerpt":"Um homem foi preso por maus-tratos a uma cachorra em um s\u00edtio localizado na zona rural de Cristais Paulista, a 100 quil\u00f4metros de Ribeir\u00e3o Preto. O animal, chamado de Lola, chegou a ser resgatado e levado a uma cl\u00ednica, mas n\u00e3o resistiu e morreu. A Pol\u00edcia Civil informou que a\u2026","rel":"","context":"In &quot;Not\u00edcias de Ribeir\u00e3o Preto-SP e Regi\u00e3o&quot;","block_context":{"text":"Not\u00edcias de Ribeir\u00e3o Preto-SP e Regi\u00e3o","link":"https:\/\/noticiasribeiraopreto.com.br\/index.php\/category\/noticias-de-ribeirao-preto-sp-e-regiao-ismael-colosi\/"},"img":{"alt_text":"","src":"https:\/\/i0.wp.com\/noticiasribeiraopreto.com.br\/wp-content\/uploads\/2025\/10\/cachorra_2025-10-10_13-11-53.webp.webp?fit=1200%2C738&ssl=1&resize=350%2C200","width":350,"height":200,"srcset":"https:\/\/i0.wp.com\/noticiasribeiraopreto.com.br\/wp-content\/uploads\/2025\/10\/cachorra_2025-10-10_13-11-53.webp.webp?fit=1200%2C738&ssl=1&resize=350%2C200 1x, https:\/\/i0.wp.com\/noticiasribeiraopreto.com.br\/wp-content\/uploads\/2025\/10\/cachorra_2025-10-10_13-11-53.webp.webp?fit=1200%2C738&ssl=1&resize=525%2C300 1.5x, https:\/\/i0.wp.com\/noticiasribeiraopreto.com.br\/wp-content\/uploads\/2025\/10\/cachorra_2025-10-10_13-11-53.webp.webp?fit=1200%2C738&ssl=1&resize=700%2C400 2x, https:\/\/i0.wp.com\/noticiasribeiraopreto.com.br\/wp-content\/uploads\/2025\/10\/cachorra_2025-10-10_13-11-53.webp.webp?fit=1200%2C738&ssl=1&resize=1050%2C600 3x"},"classes":[]},{"id":28652,"url":"https:\/\/noticiasribeiraopreto.com.br\/index.php\/2024\/01\/16\/utm_sourcerssutm_mediumrssutm_campaignpreso-por-3stupr4r-a-propria-filha-em-amparo-morre-apos-passar-mal-na-penitenciaria-de-serra-azul\/","url_meta":{"origin":37611,"position":3},"title":"Preso por 3stupr4r a pr\u00f3pria filha em Amparo, morre ap\u00f3s passar mal na Penitenci\u00e1ria de Serra Azul \u2013 X Tudo Ribeir\u00e3o","author":"noticiasribeiraopreto.com.br","date":"16 de January de 2024","format":false,"excerpt":"Um VAGABUNDO TARADO preso por abusar sexualmente da pr\u00f3pria filha no ano de 2015 na cidade de Amparo, morre ap\u00f3s passar mal nas depend\u00eancias da Penitenci\u00e1ria de Serra Azul.\u00a0 Segundo informa\u00e7\u00f5es do B.O (boletim de ocorr\u00eancia) registrado na CPJ da rua Duque de Caxias, em Ribeir\u00e3o Preto, o safado identificado\u2026","rel":"","context":"In &quot;Not\u00edcias de Ribeir\u00e3o Preto-SP e Regi\u00e3o&quot;","block_context":{"text":"Not\u00edcias de Ribeir\u00e3o Preto-SP e Regi\u00e3o","link":"https:\/\/noticiasribeiraopreto.com.br\/index.php\/category\/noticias-de-ribeirao-preto-sp-e-regiao-ismael-colosi\/"},"img":{"alt_text":"","src":"","width":0,"height":0},"classes":[]},{"id":53896,"url":"https:\/\/noticiasribeiraopreto.com.br\/index.php\/2024\/06\/25\/crianca-de-4-anos-morre-apos-acidente-com-carro-de-luxo-no-interior-de-sao-paulo\/","url_meta":{"origin":37611,"position":4},"title":"Crian\u00e7a de 4 anos morre ap\u00f3s acidente com carro de luxo no interior de S\u00e3o Paulo","author":"noticiasribeiraopreto.com.br","date":"25 de June de 2024","format":false,"excerpt":"Um acidente causado por uma BMW resultou na morte de uma crian\u00e7a de 4 anos em Bragan\u00e7a Paulista, no interior de S\u00e3o Paulo. A batida ocorreu no domingo (23). De acordo com a SSP-SP (Secretaria de Estado da Seguran\u00e7a P\u00fablica de S\u00e3o Paulo), o motorista de 36 anos foi preso\u2026","rel":"","context":"In &quot;Not\u00edcias de Ribeir\u00e3o Preto-SP e Regi\u00e3o&quot;","block_context":{"text":"Not\u00edcias de Ribeir\u00e3o Preto-SP e Regi\u00e3o","link":"https:\/\/noticiasribeiraopreto.com.br\/index.php\/category\/noticias-de-ribeirao-preto-sp-e-regiao-ismael-colosi\/"},"img":{"alt_text":"","src":"https:\/\/i0.wp.com\/noticiasribeiraopreto.com.br\/wp-content\/uploads\/2024\/06\/1719369803_PMR-3.jpg?fit=1200%2C907&ssl=1&resize=350%2C200","width":350,"height":200,"srcset":"https:\/\/i0.wp.com\/noticiasribeiraopreto.com.br\/wp-content\/uploads\/2024\/06\/1719369803_PMR-3.jpg?fit=1200%2C907&ssl=1&resize=350%2C200 1x, https:\/\/i0.wp.com\/noticiasribeiraopreto.com.br\/wp-content\/uploads\/2024\/06\/1719369803_PMR-3.jpg?fit=1200%2C907&ssl=1&resize=525%2C300 1.5x, https:\/\/i0.wp.com\/noticiasribeiraopreto.com.br\/wp-content\/uploads\/2024\/06\/1719369803_PMR-3.jpg?fit=1200%2C907&ssl=1&resize=700%2C400 2x, https:\/\/i0.wp.com\/noticiasribeiraopreto.com.br\/wp-content\/uploads\/2024\/06\/1719369803_PMR-3.jpg?fit=1200%2C907&ssl=1&resize=1050%2C600 3x"},"classes":[]},{"id":74897,"url":"https:\/\/noticiasribeiraopreto.com.br\/index.php\/2025\/07\/30\/delegado-aposentado-de-rp-morre-em-acidente-em-minas\/","url_meta":{"origin":37611,"position":5},"title":"Delegado aposentado de RP morre em acidente em Minas","author":"noticiasribeiraopreto.com.br","date":"30 de July de 2025","format":false,"excerpt":"30 de julho de 2025 19:372 Compartilhar0 O delegado da Pol\u00edcia Civil aposentado Carlos Henrique Ara\u00fajo Garcia, de 61 anos, que trabalhou por v\u00e1rios anos em Ribeir\u00e3o Preto (SP), morreu na manh\u00e3 desta quarta-feira (30) em um grave acidente na rodovia MG-050, em Divin\u00f3polis, no Centro-Oeste de Minas Gerais. Segundo\u2026","rel":"","context":"In &quot;Not\u00edcias de Ribeir\u00e3o Preto-SP e Regi\u00e3o&quot;","block_context":{"text":"Not\u00edcias de Ribeir\u00e3o Preto-SP e Regi\u00e3o","link":"https:\/\/noticiasribeiraopreto.com.br\/index.php\/category\/noticias-de-ribeirao-preto-sp-e-regiao-ismael-colosi\/"},"img":{"alt_text":"","src":"https:\/\/i0.wp.com\/noticiasribeiraopreto.com.br\/wp-content\/uploads\/2025\/07\/delegado_morte_reproducao-scaled.jpeg?fit=1200%2C675&ssl=1&resize=350%2C200","width":350,"height":200,"srcset":"https:\/\/i0.wp.com\/noticiasribeiraopreto.com.br\/wp-content\/uploads\/2025\/07\/delegado_morte_reproducao-scaled.jpeg?fit=1200%2C675&ssl=1&resize=350%2C200 1x, https:\/\/i0.wp.com\/noticiasribeiraopreto.com.br\/wp-content\/uploads\/2025\/07\/delegado_morte_reproducao-scaled.jpeg?fit=1200%2C675&ssl=1&resize=525%2C300 1.5x, https:\/\/i0.wp.com\/noticiasribeiraopreto.com.br\/wp-content\/uploads\/2025\/07\/delegado_morte_reproducao-scaled.jpeg?fit=1200%2C675&ssl=1&resize=700%2C400 2x, https:\/\/i0.wp.com\/noticiasribeiraopreto.com.br\/wp-content\/uploads\/2025\/07\/delegado_morte_reproducao-scaled.jpeg?fit=1200%2C675&ssl=1&resize=1050%2C600 3x"},"classes":[]}],"jetpack_sharing_enabled":true,"jetpack_shortlink":"https:\/\/wp.me\/peQAOb-9MD","_links":{"self":[{"href":"https:\/\/noticiasribeiraopreto.com.br\/index.php\/wp-json\/wp\/v2\/posts\/37611","targetHints":{"allow":["GET"]}}],"collection":[{"href":"https:\/\/noticiasribeiraopreto.com.br\/index.php\/wp-json\/wp\/v2\/posts"}],"about":[{"href":"https:\/\/noticiasribeiraopreto.com.br\/index.php\/wp-json\/wp\/v2\/types\/post"}],"author":[{"embeddable":true,"href":"https:\/\/noticiasribeiraopreto.com.br\/index.php\/wp-json\/wp\/v2\/users\/1"}],"replies":[{"embeddable":true,"href":"https:\/\/noticiasribeiraopreto.com.br\/index.php\/wp-json\/wp\/v2\/comments?post=37611"}],"version-history":[{"count":0,"href":"https:\/\/noticiasribeiraopreto.com.br\/index.php\/wp-json\/wp\/v2\/posts\/37611\/revisions"}],"wp:featuredmedia":[{"embeddable":true,"href":"https:\/\/noticiasribeiraopreto.com.br\/index.php\/wp-json\/wp\/v2\/media\/37612"}],"wp:attachment":[{"href":"https:\/\/noticiasribeiraopreto.com.br\/index.php\/wp-json\/wp\/v2\/media?parent=37611"}],"wp:term":[{"taxonomy":"category","embeddable":true,"href":"https:\/\/noticiasribeiraopreto.com.br\/index.php\/wp-json\/wp\/v2\/categories?post=37611"},{"taxonomy":"post_tag","embeddable":true,"href":"https:\/\/noticiasribeiraopreto.com.br\/index.php\/wp-json\/wp\/v2\/tags?post=37611"}],"curies":[{"name":"wp","href":"https:\/\/api.w.org\/{rel}","templated":true}]}}