{"id":37613,"date":"2024-02-17T09:38:46","date_gmt":"2024-02-17T12:38:46","guid":{"rendered":"https:\/\/noticiasribeiraopreto.com.br\/index.php\/2024\/02\/17\/chuva-forte-saiba-como-fica-o-tempo-em-ribeirao-preto-neste-sabado\/"},"modified":"2024-02-17T09:38:46","modified_gmt":"2024-02-17T12:38:46","slug":"chuva-forte-saiba-como-fica-o-tempo-em-ribeirao-preto-neste-sabado","status":"publish","type":"post","link":"https:\/\/noticiasribeiraopreto.com.br\/index.php\/2024\/02\/17\/chuva-forte-saiba-como-fica-o-tempo-em-ribeirao-preto-neste-sabado\/","title":{"rendered":"Chuva forte? Saiba como fica o tempo em Ribeir\u00e3o Preto neste s\u00e1bado"},"content":{"rendered":"<div class='code-block code-block-1' style='margin: 8px 0 8px auto; text-align: right; display: block; clear: both;'>\n<p><a href=\"https:\/\/wa.link\/vpicfd\"><img data-recalc-dims=\"1\" class=\"wp-image-4922\" style=\"aspect-ratio: 2.0253164556962027; width: 561px; height: auto;\" src=\"https:\/\/i0.wp.com\/ismaelcolosi.com.br\/wp-content\/uploads\/2023\/11\/grupo-de-empregos-whatsapp-e-facebook-ismael-colosi-vagas.jpg?ssl=1\" alt=\"\" \/><\/a><\/p>\n<!-- \/wp:image -->\n<\/div>\n<p> <br \/>\n<\/p>\n<div data-td-block-uid=\"tdi_102\">\n<div class=\"tdb-block-inner td-fix-index\">\n<p><strong>Nuvens carregadas devem se formar em todo o estado de S\u00e3o Paulo<\/strong>, neste s\u00e1bado (17), por causa do <strong>ar quente e \u00famido<\/strong> que est\u00e1 por toda a regi\u00e3o Sudeste do Brasil e da <strong>circula\u00e7\u00e3o cicl\u00f4nica de ventos<\/strong>, em v\u00e1rios n\u00edveis da atmosfera, de acordo com a <strong><a href=\"https:\/\/www.climatempo.com.br\/\" target=\"_blank\" rel=\"noreferrer noopener\">Climatempo<\/a><\/strong>.\u00a0<\/p>\n<p>Em<strong> Ribeir\u00e3o Preto<\/strong>, a meteorologia prev\u00ea um dia de sol com nuvens e <strong>chuva r\u00e1pida<\/strong> durante o dia e \u00e0 noite. <mark style=\"background-color:#fcb900\" class=\"has-inline-color\">A temperatura m\u00ednima deve ficar na casa dos 22\u00b0C e a m\u00e1xima n\u00e3o ultrapassa os 30\u00b0C.\u00a0<\/mark><\/p>\n<figure class=\"wp-block-pullquote\">\n<blockquote>\n<p>No interior de S\u00e3o Paulo, o sol aparece logo de manh\u00e3, sempre junto de nuvens, e as pancadas de chuva com raios devem ser esperadas para tarde e noite. Pode chover com moderada a forte intensidade em v\u00e1rios locais<\/p>\n<p><cite>Climatempo<\/cite><\/p><\/blockquote>\n<\/figure>\n<h4 class=\"wp-block-heading\"><strong>Alerta de chuvas intensas<\/strong>\u00a0<\/h4>\n<p>Vale ressaltar que o<strong> Instituto Nacional de Meteorologia (Inmet)<\/strong> colocou <strong>Ribeir\u00e3o Preto<\/strong> e <strong>outros munic\u00edpios do interior de SP<\/strong>, em alerta de perigo para chuvas intensas. \u00a0<\/p>\n<p>De acordo com o \u00f3rg\u00e3o, pode chover entre 30 e 60 mil\u00edmetros por hora, com ventos intensos de at\u00e9 100 km\/h.\u00a0<\/p>\n<h4 class=\"wp-block-heading\"><strong>Veja mais detalhes sobre a previs\u00e3o do tempo <\/strong>\u00a0<\/h4>\n<p><strong>S\u00e1bado (17)\u00a0<\/strong><\/p>\n<p>22\u00b0 \/ 30\u00b0\u00a0<\/p>\n<p>Sol com algumas nuvens. Chove r\u00e1pido durante o dia e \u00e0 noite.\u00a0<\/p>\n<p>Chuva: 10 mm \u2013 90%\u00a0<\/p>\n<p>Umidade: 54% \/ 98%<\/p>\n<hr class=\"wp-block-separator has-alpha-channel-opacity\"\/>\n<p>SAIBA MAIS<\/p>\n<p>Pol\u00edcia apreende celular de engenheiro morto em Ribeir\u00e3o Preto<\/p>\n<h4 class=\"wp-block-heading\"><strong><mark style=\"background-color:#fcb900\" class=\"has-inline-color\">FIQUE ON<\/mark><\/strong><\/h4>\n<p>Fique ligado em tudo que acontece em Ribeir\u00e3o Preto e regi\u00e3o. Siga os perfis do<strong>\u00a0acidade on\u00a0<\/strong>no\u00a0<a href=\"https:\/\/www.instagram.com\/acidadeonribeirao\" target=\"_blank\" rel=\"noreferrer noopener\">Instagram\u00a0<\/a>e no\u00a0<a href=\"https:\/\/www.facebook.com\/acidadeonribeirao\" target=\"_blank\" rel=\"noreferrer noopener\">Facebook.<\/a><\/p>\n<p>Receba not\u00edcias do\u00a0<strong>acidade on\u00a0<\/strong>no WhatsApp.<a href=\"https:\/\/chat.whatsapp.com\/Bnv2w66ZT4VDyZW3oiZ69n\" target=\"_blank\" rel=\"noreferrer noopener\">\u00a0Para entrar no grupo, basta clicar aqui.<\/a><\/p>\n<p>Fa\u00e7a uma den\u00fancia ou sugira uma reportagem sobre Ribeir\u00e3o Preto e regi\u00e3o pelo WhatsApp: 16 99117 7802.<\/p>\n<p>VEJA TAMB\u00c9M<\/p>\n<p>Quem est\u00e1 Na Mira do L\u00edder no BBB 24?<\/p>\n<p><!-- AI CONTENT END 1 -->\n<\/div>\n<\/div>\n<p><script async src=\"\/\/www.instagram.com\/embed.js\"><\/script><br \/>\n<br \/><br \/>\n<br \/><a href=\"https:\/\/www.acidadeon.com\/ribeiraopreto\/cotidiano\/veja-como-fica-o-tempo-em-ribeirao-preto-neste-sabado\/\">Source link <\/a><\/p>\n<!-- CONTENT END 1 -->\n","protected":false},"excerpt":{"rendered":"<p>Nuvens carregadas devem se formar em todo o estado de S\u00e3o Paulo, neste s\u00e1bado (17), por causa do ar quente e \u00famido que est\u00e1 por&#8230;<\/p>\n","protected":false},"author":1,"featured_media":37614,"comment_status":"open","ping_status":"open","sticky":false,"template":"","format":"standard","meta":{"advanced_seo_description":"","jetpack_seo_html_title":"","jetpack_seo_noindex":false,"jetpack_post_was_ever_published":false,"_jetpack_newsletter_access":"","_jetpack_dont_email_post_to_subs":false,"_jetpack_newsletter_tier_id":0,"_jetpack_memberships_contains_paywalled_content":false,"_jetpack_memberships_contains_paid_content":false,"footnotes":"","jetpack_publicize_message":"","jetpack_publicize_feature_enabled":true,"jetpack_social_post_already_shared":true,"jetpack_social_options":{"image_generator_settings":{"template":"highway","default_image_id":0,"font":"","enabled":false},"version":2}},"categories":[11],"tags":[],"class_list":["post-37613","post","type-post","status-publish","format-standard","has-post-thumbnail","hentry","category-noticias-de-ribeirao-preto-sp-e-regiao-ismael-colosi"],"jetpack_publicize_connections":[],"jetpack_featured_media_url":"https:\/\/i0.wp.com\/noticiasribeiraopreto.com.br\/wp-content\/uploads\/2024\/02\/WhatsApp-Image-2024-01-14-at-10.08.20.jpeg?fit=1600%2C1200&ssl=1","jetpack-related-posts":[{"id":37617,"url":"https:\/\/noticiasribeiraopreto.com.br\/index.php\/2024\/02\/17\/chuva-forte-veja-a-previsao-do-tempo-para-ribeirao-preto-neste-sabado\/","url_meta":{"origin":37613,"position":0},"title":"Chuva forte? Veja a previs\u00e3o do tempo para Ribeir\u00e3o Preto neste s\u00e1bado","author":"noticiasribeiraopreto.com.br","date":"17 de February de 2024","format":false,"excerpt":"Nuvens carregadas devem se formar em todo o estado de S\u00e3o Paulo, neste s\u00e1bado (17), por causa do ar quente e \u00famido que est\u00e1 por toda a regi\u00e3o Sudeste do Brasil e da circula\u00e7\u00e3o cicl\u00f4nica de ventos, em v\u00e1rios n\u00edveis da atmosfera, de acordo com a Climatempo.\u00a0 Em Ribeir\u00e3o Preto,\u2026","rel":"","context":"In &quot;Not\u00edcias de Ribeir\u00e3o Preto-SP e Regi\u00e3o&quot;","block_context":{"text":"Not\u00edcias de Ribeir\u00e3o Preto-SP e Regi\u00e3o","link":"https:\/\/noticiasribeiraopreto.com.br\/index.php\/category\/noticias-de-ribeirao-preto-sp-e-regiao-ismael-colosi\/"},"img":{"alt_text":"","src":"https:\/\/i0.wp.com\/noticiasribeiraopreto.com.br\/wp-content\/uploads\/2024\/02\/1708176697_WhatsApp-Image-2024-01-14-at-10.08.20.jpeg?fit=1200%2C900&ssl=1&resize=350%2C200","width":350,"height":200,"srcset":"https:\/\/i0.wp.com\/noticiasribeiraopreto.com.br\/wp-content\/uploads\/2024\/02\/1708176697_WhatsApp-Image-2024-01-14-at-10.08.20.jpeg?fit=1200%2C900&ssl=1&resize=350%2C200 1x, https:\/\/i0.wp.com\/noticiasribeiraopreto.com.br\/wp-content\/uploads\/2024\/02\/1708176697_WhatsApp-Image-2024-01-14-at-10.08.20.jpeg?fit=1200%2C900&ssl=1&resize=525%2C300 1.5x, https:\/\/i0.wp.com\/noticiasribeiraopreto.com.br\/wp-content\/uploads\/2024\/02\/1708176697_WhatsApp-Image-2024-01-14-at-10.08.20.jpeg?fit=1200%2C900&ssl=1&resize=700%2C400 2x, https:\/\/i0.wp.com\/noticiasribeiraopreto.com.br\/wp-content\/uploads\/2024\/02\/1708176697_WhatsApp-Image-2024-01-14-at-10.08.20.jpeg?fit=1200%2C900&ssl=1&resize=1050%2C600 3x"},"classes":[]},{"id":79146,"url":"https:\/\/noticiasribeiraopreto.com.br\/index.php\/2025\/10\/25\/ribeirao-preto-deve-ter-sol-e-maxima-de-33c-neste-sabado-chuva-retorna-na-proxima-semana\/","url_meta":{"origin":37613,"position":1},"title":"Ribeir\u00e3o Preto deve ter sol e m\u00e1xima de 33\u00b0C neste s\u00e1bado; Chuva retorna na pr\u00f3xima semana","author":"noticiasribeiraopreto.com.br","date":"25 de October de 2025","format":false,"excerpt":"O s\u00e1bado (25) em Ribeir\u00e3o Preto ser\u00e1 marcado por sol e varia\u00e7\u00e3o de nuvens ao longo do dia. \u00c0 tarde, o c\u00e9u deve ficar parcialmente nublado, e \u00e0 noite a nebulosidade aumenta, mas sem previs\u00e3o de chuva. Segundo a Climatempo, o sol deve predominar durante a tarde entre poucas nuvens,\u2026","rel":"","context":"In &quot;Not\u00edcias de Ribeir\u00e3o Preto-SP e Regi\u00e3o&quot;","block_context":{"text":"Not\u00edcias de Ribeir\u00e3o Preto-SP e Regi\u00e3o","link":"https:\/\/noticiasribeiraopreto.com.br\/index.php\/category\/noticias-de-ribeirao-preto-sp-e-regiao-ismael-colosi\/"},"img":{"alt_text":"","src":"https:\/\/i0.wp.com\/noticiasribeiraopreto.com.br\/wp-content\/uploads\/2025\/10\/WhatsApp-Image-2024-04-20-at-12.37.53-1024x576.webp.webp?fit=1024%2C576&ssl=1&resize=350%2C200","width":350,"height":200,"srcset":"https:\/\/i0.wp.com\/noticiasribeiraopreto.com.br\/wp-content\/uploads\/2025\/10\/WhatsApp-Image-2024-04-20-at-12.37.53-1024x576.webp.webp?fit=1024%2C576&ssl=1&resize=350%2C200 1x, https:\/\/i0.wp.com\/noticiasribeiraopreto.com.br\/wp-content\/uploads\/2025\/10\/WhatsApp-Image-2024-04-20-at-12.37.53-1024x576.webp.webp?fit=1024%2C576&ssl=1&resize=525%2C300 1.5x, https:\/\/i0.wp.com\/noticiasribeiraopreto.com.br\/wp-content\/uploads\/2025\/10\/WhatsApp-Image-2024-04-20-at-12.37.53-1024x576.webp.webp?fit=1024%2C576&ssl=1&resize=700%2C400 2x"},"classes":[]},{"id":60561,"url":"https:\/\/noticiasribeiraopreto.com.br\/index.php\/2024\/11\/18\/vem-mais-chuva-confira-previsao-para-semana-em-ribeirao-preto\/","url_meta":{"origin":37613,"position":2},"title":"Vem mais chuva? Confira previs\u00e3o para semana em Ribeir\u00e3o Preto","author":"noticiasribeiraopreto.com.br","date":"18 de November de 2024","format":false,"excerpt":"Ribeir\u00e3o Preto tem o tempo mais firme nesta segunda-feira (18), com mais aberturas de sol e sem alerta para chuvas. Segundo a Climatempo, a presen\u00e7a de um centro de alta press\u00e3o dever\u00e1 fazer com que a chuva mais forte perca a intensidade no interior de S\u00e3o Paulo neste in\u00edcio de\u2026","rel":"","context":"In &quot;Not\u00edcias de Ribeir\u00e3o Preto-SP e Regi\u00e3o&quot;","block_context":{"text":"Not\u00edcias de Ribeir\u00e3o Preto-SP e Regi\u00e3o","link":"https:\/\/noticiasribeiraopreto.com.br\/index.php\/category\/noticias-de-ribeirao-preto-sp-e-regiao-ismael-colosi\/"},"img":{"alt_text":"","src":"https:\/\/i0.wp.com\/noticiasribeiraopreto.com.br\/wp-content\/uploads\/2024\/11\/ribeirao_preto_1200x675_07122021064330.jpg?fit=1200%2C675&ssl=1&resize=350%2C200","width":350,"height":200,"srcset":"https:\/\/i0.wp.com\/noticiasribeiraopreto.com.br\/wp-content\/uploads\/2024\/11\/ribeirao_preto_1200x675_07122021064330.jpg?fit=1200%2C675&ssl=1&resize=350%2C200 1x, https:\/\/i0.wp.com\/noticiasribeiraopreto.com.br\/wp-content\/uploads\/2024\/11\/ribeirao_preto_1200x675_07122021064330.jpg?fit=1200%2C675&ssl=1&resize=525%2C300 1.5x, https:\/\/i0.wp.com\/noticiasribeiraopreto.com.br\/wp-content\/uploads\/2024\/11\/ribeirao_preto_1200x675_07122021064330.jpg?fit=1200%2C675&ssl=1&resize=700%2C400 2x, https:\/\/i0.wp.com\/noticiasribeiraopreto.com.br\/wp-content\/uploads\/2024\/11\/ribeirao_preto_1200x675_07122021064330.jpg?fit=1200%2C675&ssl=1&resize=1050%2C600 3x"},"classes":[]},{"id":9627,"url":"https:\/\/noticiasribeiraopreto.com.br\/index.php\/2023\/12\/02\/calor-e-umidade-aumentam-as-chances-de-chuva-em-ribeirao-preto\/","url_meta":{"origin":37613,"position":3},"title":"Calor e umidade aumentam as chances de chuva em Ribeir\u00e3o Preto","author":"noticiasribeiraopreto.com.br","date":"2 de December de 2023","format":false,"excerpt":"A meteorologia aponta que Ribeir\u00e3o Preto e cidades da regi\u00e3o devem ter um final de semana abafado, com chance de chuva e term\u00f4metro na casa dos 36\u00baC. De acordo com a Climatempo, o sol fica forte ao longo do dia e, por causa do calor, algumas nuvens devem crescer e\u2026","rel":"","context":"In &quot;Not\u00edcias de Ribeir\u00e3o Preto-SP e Regi\u00e3o&quot;","block_context":{"text":"Not\u00edcias de Ribeir\u00e3o Preto-SP e Regi\u00e3o","link":"https:\/\/noticiasribeiraopreto.com.br\/index.php\/category\/noticias-de-ribeirao-preto-sp-e-regiao-ismael-colosi\/"},"img":{"alt_text":"","src":"https:\/\/i0.wp.com\/noticiasribeiraopreto.com.br\/wp-content\/uploads\/2023\/12\/WhatsApp-Image-2023-12-02-at-10.01.48-1.jpeg?fit=1200%2C900&ssl=1&resize=350%2C200","width":350,"height":200,"srcset":"https:\/\/i0.wp.com\/noticiasribeiraopreto.com.br\/wp-content\/uploads\/2023\/12\/WhatsApp-Image-2023-12-02-at-10.01.48-1.jpeg?fit=1200%2C900&ssl=1&resize=350%2C200 1x, https:\/\/i0.wp.com\/noticiasribeiraopreto.com.br\/wp-content\/uploads\/2023\/12\/WhatsApp-Image-2023-12-02-at-10.01.48-1.jpeg?fit=1200%2C900&ssl=1&resize=525%2C300 1.5x, https:\/\/i0.wp.com\/noticiasribeiraopreto.com.br\/wp-content\/uploads\/2023\/12\/WhatsApp-Image-2023-12-02-at-10.01.48-1.jpeg?fit=1200%2C900&ssl=1&resize=700%2C400 2x, https:\/\/i0.wp.com\/noticiasribeiraopreto.com.br\/wp-content\/uploads\/2023\/12\/WhatsApp-Image-2023-12-02-at-10.01.48-1.jpeg?fit=1200%2C900&ssl=1&resize=1050%2C600 3x"},"classes":[]},{"id":57938,"url":"https:\/\/noticiasribeiraopreto.com.br\/index.php\/2024\/09\/14\/frente-fria-avanca-e-traz-chuva-ao-estado-de-sp-veja-previsao\/","url_meta":{"origin":37613,"position":4},"title":"Frente fria avan\u00e7a e traz chuva ao estado de SP; Veja previs\u00e3o","author":"noticiasribeiraopreto.com.br","date":"14 de September de 2024","format":false,"excerpt":"Uma frente fria avan\u00e7a em dire\u00e7\u00e3o ao Sudeste neste \u00faltimo fim de semana do inverno 2024. Segundo a Climatempo, este sistema alcan\u00e7a o litoral paulista neste domingo (15) e pode causar chuva forte nesta regi\u00e3o. \u201cTamb\u00e9m h\u00e1 previs\u00e3o de nebulosidade, garoa e ventos mais fresco sobre o estado de S\u00e3o\u2026","rel":"","context":"In &quot;Not\u00edcias de Ribeir\u00e3o Preto-SP e Regi\u00e3o&quot;","block_context":{"text":"Not\u00edcias de Ribeir\u00e3o Preto-SP e Regi\u00e3o","link":"https:\/\/noticiasribeiraopreto.com.br\/index.php\/category\/noticias-de-ribeirao-preto-sp-e-regiao-ismael-colosi\/"},"img":{"alt_text":"","src":"https:\/\/i0.wp.com\/noticiasribeiraopreto.com.br\/wp-content\/uploads\/2024\/09\/WhatsApp-Image-2024-04-09-at-07.20.27.jpeg?fit=1200%2C541&ssl=1&resize=350%2C200","width":350,"height":200,"srcset":"https:\/\/i0.wp.com\/noticiasribeiraopreto.com.br\/wp-content\/uploads\/2024\/09\/WhatsApp-Image-2024-04-09-at-07.20.27.jpeg?fit=1200%2C541&ssl=1&resize=350%2C200 1x, https:\/\/i0.wp.com\/noticiasribeiraopreto.com.br\/wp-content\/uploads\/2024\/09\/WhatsApp-Image-2024-04-09-at-07.20.27.jpeg?fit=1200%2C541&ssl=1&resize=525%2C300 1.5x, https:\/\/i0.wp.com\/noticiasribeiraopreto.com.br\/wp-content\/uploads\/2024\/09\/WhatsApp-Image-2024-04-09-at-07.20.27.jpeg?fit=1200%2C541&ssl=1&resize=700%2C400 2x, https:\/\/i0.wp.com\/noticiasribeiraopreto.com.br\/wp-content\/uploads\/2024\/09\/WhatsApp-Image-2024-04-09-at-07.20.27.jpeg?fit=1200%2C541&ssl=1&resize=1050%2C600 3x"},"classes":[]},{"id":65538,"url":"https:\/\/noticiasribeiraopreto.com.br\/index.php\/2025\/03\/21\/primeiro-fim-de-semana-do-outono-com-chuva-ou-sol-confira-a-previsao-em-ribeirao-preto\/","url_meta":{"origin":37613,"position":5},"title":"Primeiro fim de semana do outono\u00a0com chuva ou sol? Confira a previs\u00e3o em Ribeir\u00e3o Preto","author":"noticiasribeiraopreto.com.br","date":"21 de March de 2025","format":false,"excerpt":"O outono 2025 teve in\u00edcio nesta quinta-feira (20) e o primeiro fim de semana da nova esta\u00e7\u00e3o tem previs\u00e3o de pancadas de chuva na regi\u00e3o de Ribeir\u00e3o Preto. Segundo a\u00a0Climatempo, nesta sexta-feira (21), h\u00e1 condi\u00e7\u00f5es para chuvas isoladas, com potencial para\u00a0pancadas fortes com raios e ventos, principalmente no extremo\u00a0Norte\u00a0do estado\u2026","rel":"","context":"In &quot;Not\u00edcias de Ribeir\u00e3o Preto-SP e Regi\u00e3o&quot;","block_context":{"text":"Not\u00edcias de Ribeir\u00e3o Preto-SP e Regi\u00e3o","link":"https:\/\/noticiasribeiraopreto.com.br\/index.php\/category\/noticias-de-ribeirao-preto-sp-e-regiao-ismael-colosi\/"},"img":{"alt_text":"","src":"https:\/\/i0.wp.com\/noticiasribeiraopreto.com.br\/wp-content\/uploads\/2025\/03\/ribeirao_preto_1200x675_07122021064330.jpg?fit=1200%2C675&ssl=1&resize=350%2C200","width":350,"height":200,"srcset":"https:\/\/i0.wp.com\/noticiasribeiraopreto.com.br\/wp-content\/uploads\/2025\/03\/ribeirao_preto_1200x675_07122021064330.jpg?fit=1200%2C675&ssl=1&resize=350%2C200 1x, https:\/\/i0.wp.com\/noticiasribeiraopreto.com.br\/wp-content\/uploads\/2025\/03\/ribeirao_preto_1200x675_07122021064330.jpg?fit=1200%2C675&ssl=1&resize=525%2C300 1.5x, https:\/\/i0.wp.com\/noticiasribeiraopreto.com.br\/wp-content\/uploads\/2025\/03\/ribeirao_preto_1200x675_07122021064330.jpg?fit=1200%2C675&ssl=1&resize=700%2C400 2x, https:\/\/i0.wp.com\/noticiasribeiraopreto.com.br\/wp-content\/uploads\/2025\/03\/ribeirao_preto_1200x675_07122021064330.jpg?fit=1200%2C675&ssl=1&resize=1050%2C600 3x"},"classes":[]}],"jetpack_sharing_enabled":true,"jetpack_shortlink":"https:\/\/wp.me\/peQAOb-9MF","_links":{"self":[{"href":"https:\/\/noticiasribeiraopreto.com.br\/index.php\/wp-json\/wp\/v2\/posts\/37613","targetHints":{"allow":["GET"]}}],"collection":[{"href":"https:\/\/noticiasribeiraopreto.com.br\/index.php\/wp-json\/wp\/v2\/posts"}],"about":[{"href":"https:\/\/noticiasribeiraopreto.com.br\/index.php\/wp-json\/wp\/v2\/types\/post"}],"author":[{"embeddable":true,"href":"https:\/\/noticiasribeiraopreto.com.br\/index.php\/wp-json\/wp\/v2\/users\/1"}],"replies":[{"embeddable":true,"href":"https:\/\/noticiasribeiraopreto.com.br\/index.php\/wp-json\/wp\/v2\/comments?post=37613"}],"version-history":[{"count":0,"href":"https:\/\/noticiasribeiraopreto.com.br\/index.php\/wp-json\/wp\/v2\/posts\/37613\/revisions"}],"wp:featuredmedia":[{"embeddable":true,"href":"https:\/\/noticiasribeiraopreto.com.br\/index.php\/wp-json\/wp\/v2\/media\/37614"}],"wp:attachment":[{"href":"https:\/\/noticiasribeiraopreto.com.br\/index.php\/wp-json\/wp\/v2\/media?parent=37613"}],"wp:term":[{"taxonomy":"category","embeddable":true,"href":"https:\/\/noticiasribeiraopreto.com.br\/index.php\/wp-json\/wp\/v2\/categories?post=37613"},{"taxonomy":"post_tag","embeddable":true,"href":"https:\/\/noticiasribeiraopreto.com.br\/index.php\/wp-json\/wp\/v2\/tags?post=37613"}],"curies":[{"name":"wp","href":"https:\/\/api.w.org\/{rel}","templated":true}]}}