{"id":37615,"date":"2024-02-17T10:09:38","date_gmt":"2024-02-17T13:09:38","guid":{"rendered":"https:\/\/noticiasribeiraopreto.com.br\/index.php\/2024\/02\/17\/saiba-quais-sao-os-blocos-de-carnaval-em-ribeirao-preto-neste-final-de-semana\/"},"modified":"2024-02-17T10:09:38","modified_gmt":"2024-02-17T13:09:38","slug":"saiba-quais-sao-os-blocos-de-carnaval-em-ribeirao-preto-neste-final-de-semana","status":"publish","type":"post","link":"https:\/\/noticiasribeiraopreto.com.br\/index.php\/2024\/02\/17\/saiba-quais-sao-os-blocos-de-carnaval-em-ribeirao-preto-neste-final-de-semana\/","title":{"rendered":"Saiba quais s\u00e3o os blocos de Carnaval em Ribeir\u00e3o Preto neste final de semana"},"content":{"rendered":"<div class='code-block code-block-1' style='margin: 8px 0 8px auto; text-align: right; display: block; clear: both;'>\n<p><a href=\"https:\/\/wa.link\/vpicfd\"><img data-recalc-dims=\"1\" class=\"wp-image-4922\" style=\"aspect-ratio: 2.0253164556962027; width: 561px; height: auto;\" src=\"https:\/\/i0.wp.com\/ismaelcolosi.com.br\/wp-content\/uploads\/2023\/11\/grupo-de-empregos-whatsapp-e-facebook-ismael-colosi-vagas.jpg?ssl=1\" alt=\"\" \/><\/a><\/p>\n<!-- \/wp:image -->\n<\/div>\n<p> <br \/>\n<\/p>\n<div data-td-block-uid=\"tdi_102\">\n<div class=\"tdb-block-inner td-fix-index\">\n<p><strong>O Carnaval ainda n\u00e3o acabou em Ribeir\u00e3o Preto! <\/strong>Neste final de semana, a cidade conta com mais <strong>duas atividades gratuitas para a alegria dos foli\u00f5es.<\/strong><\/p>\n<p>Neste <strong>s\u00e1bado (17)<\/strong>, quem comanda a festa \u00e9 o <strong>Bloco do Fub\u00e1<\/strong>, que retorna ao distrito de Bonfim Paulista com muita m\u00fasica e alegria para todas as idades, <strong>das 15h \u00e0s 21h.<\/strong><\/p>\n<blockquote class=\"wp-block-quote\">\n<p class=\"has-text-align-left\">\u201cO carnaval em Ribeir\u00e3o \u00e9 uma constru\u00e7\u00e3o conjunta e temos muito a agradecer a integra\u00e7\u00e3o entre m\u00fasicos, produtores, empres\u00e1rios, artistas, fazedores e profissionais da cultura e artes carnavalescas junto conosco da Secretaria da Cultura e Turismo\u201d, disse Pedro Le\u00e3o, secret\u00e1rio da Cultura e Turismo.<\/p>\n<\/blockquote>\n<p>J\u00e1 no <strong>domingo (18)<\/strong>, o \u00faltimo dia de festa ser\u00e1 com o <strong>1\u00ba Carnadiversidade<\/strong>, no Centro de Ribeir\u00e3o Preto. Neste ano, o munic\u00edpio contou com mais de 30 atividades gratuitas e um p\u00fablico de<strong> 50 mil pessoas<\/strong>, de acordo com a Prefeitura da cidade.<\/p>\n<h4 class=\"wp-block-heading\"><strong>Servi\u00e7o<\/strong><\/h4>\n<p>Data: 17\/02 (s\u00e1bado)<\/p>\n<p>Hor\u00e1rio: 15h \u00e0s 21h<\/p>\n<p>Local: Bonfim Paulista \u2013 Rua Professor Felisberto Almada, entre os n\u00fameros 511 e 601<\/p>\n<p>Data: 18\/02 (domingo)<\/p>\n<p>Hor\u00e1rio: 16h \u00e0s 22h<\/p>\n<p>Local: Rua Visconde do Rio Branco, 1346 \u2013 Centro de Ribeir\u00e3o Preto<\/p>\n<p>SAIBA MAIS<\/p>\n<p>Pra\u00e7a de Ribeir\u00e3o Preto tem feira com artesanato e exposi\u00e7\u00e3o de carros antigos<\/p>\n<h4 class=\"wp-block-heading\"><strong><mark style=\"background-color:#fcb900\" class=\"has-inline-color\">FIQUE ON<\/mark><\/strong><\/h4>\n<p>Fique ligado em tudo que acontece em Ribeir\u00e3o Preto e regi\u00e3o. Siga os perfis do<strong>\u00a0acidade on<\/strong>\u00a0no\u00a0<a href=\"https:\/\/www.instagram.com\/acidadeonribeirao\" target=\"_blank\" rel=\"noreferrer noopener\">Instagram<\/a>\u00a0e no\u00a0<a href=\"https:\/\/www.facebook.com\/acidadeonribeirao\" target=\"_blank\" rel=\"noreferrer noopener\">Facebook<\/a>.<\/p>\n<p>Receba not\u00edcias do<strong>\u00a0acidade on<\/strong>\u00a0no WhatsApp.\u00a0<a href=\"https:\/\/chat.whatsapp.com\/Bnv2w66ZT4VDyZW3oiZ69n\" target=\"_blank\" rel=\"noreferrer noopener\">Para entrar no grupo, basta clicar aqui.<\/a><\/p>\n<p>Fa\u00e7a uma den\u00fancia ou sugira uma reportagem sobre Ribeir\u00e3o Preto e regi\u00e3o pelo WhatsApp: 16 99117 7802.<\/p>\n<p>VEJA TAMB\u00c9M<\/p>\n<p>BBB 24: Giovanna Pitel se emociona ao falar do pai<\/p>\n<p><!-- AI CONTENT END 1 -->\n<\/div>\n<\/div>\n<p><script async src=\"\/\/www.instagram.com\/embed.js\"><\/script><br \/>\n<br \/><br \/>\n<br \/><a href=\"https:\/\/www.acidadeon.com\/ribeiraopreto\/lazer-e-cultura\/saiba-quais-sao-os-blocos-de-carnaval-em-ribeirao-preto-neste-final-de-semana\/\">Source link <\/a><\/p>\n<!-- CONTENT END 1 -->\n","protected":false},"excerpt":{"rendered":"<p>O Carnaval ainda n\u00e3o acabou em Ribeir\u00e3o Preto! Neste final de semana, a cidade conta com mais duas atividades gratuitas para a alegria dos foli\u00f5es&#8230;.<\/p>\n","protected":false},"author":1,"featured_media":37616,"comment_status":"open","ping_status":"open","sticky":false,"template":"","format":"standard","meta":{"advanced_seo_description":"","jetpack_seo_html_title":"","jetpack_seo_noindex":false,"jetpack_post_was_ever_published":false,"_jetpack_newsletter_access":"","_jetpack_dont_email_post_to_subs":false,"_jetpack_newsletter_tier_id":0,"_jetpack_memberships_contains_paywalled_content":false,"_jetpack_memberships_contains_paid_content":false,"footnotes":"","jetpack_publicize_message":"","jetpack_publicize_feature_enabled":true,"jetpack_social_post_already_shared":true,"jetpack_social_options":{"image_generator_settings":{"template":"highway","default_image_id":0,"font":"","enabled":false},"version":2}},"categories":[11],"tags":[],"class_list":["post-37615","post","type-post","status-publish","format-standard","has-post-thumbnail","hentry","category-noticias-de-ribeirao-preto-sp-e-regiao-ismael-colosi"],"jetpack_publicize_connections":[],"jetpack_featured_media_url":"https:\/\/i0.wp.com\/noticiasribeiraopreto.com.br\/wp-content\/uploads\/2024\/02\/ultimas_do_carnaval_.jpeg?fit=1389%2C1080&ssl=1","jetpack-related-posts":[{"id":81726,"url":"https:\/\/noticiasribeiraopreto.com.br\/index.php\/2026\/01\/15\/ensaio-do-bloco-do-fuba-antecipa-clima-de-carnaval-em-ribeirao-preto-veja-quando\/","url_meta":{"origin":37615,"position":0},"title":"Ensaio do Bloco do Fub\u00e1 antecipa clima de carnaval em Ribeir\u00e3o Preto; Veja quando","author":"noticiasribeiraopreto.com.br","date":"15 de January de 2026","format":false,"excerpt":"Ribeir\u00e3o Preto come\u00e7a a entrar no clima de Carnaval neste final de semana, com a realiza\u00e7\u00e3o dos ensaios abertos do Bloco do Fub\u00e1, evento que antecipa a folia e re\u00fane o p\u00fablico para aproveitar a t\u00edpica energia do carnaval de rua. A folia acontece neste domingo (18), na Cervejaria Walf\u00e4nger,\u2026","rel":"","context":"In &quot;Not\u00edcias de Ribeir\u00e3o Preto-SP e Regi\u00e3o&quot;","block_context":{"text":"Not\u00edcias de Ribeir\u00e3o Preto-SP e Regi\u00e3o","link":"https:\/\/noticiasribeiraopreto.com.br\/index.php\/category\/noticias-de-ribeirao-preto-sp-e-regiao-ismael-colosi\/"},"img":{"alt_text":"","src":"https:\/\/i0.wp.com\/noticiasribeiraopreto.com.br\/wp-content\/uploads\/2026\/01\/domingo-93_2026-01-14_20-48-59.webp.webp?fit=1200%2C675&ssl=1&resize=350%2C200","width":350,"height":200,"srcset":"https:\/\/i0.wp.com\/noticiasribeiraopreto.com.br\/wp-content\/uploads\/2026\/01\/domingo-93_2026-01-14_20-48-59.webp.webp?fit=1200%2C675&ssl=1&resize=350%2C200 1x, https:\/\/i0.wp.com\/noticiasribeiraopreto.com.br\/wp-content\/uploads\/2026\/01\/domingo-93_2026-01-14_20-48-59.webp.webp?fit=1200%2C675&ssl=1&resize=525%2C300 1.5x, https:\/\/i0.wp.com\/noticiasribeiraopreto.com.br\/wp-content\/uploads\/2026\/01\/domingo-93_2026-01-14_20-48-59.webp.webp?fit=1200%2C675&ssl=1&resize=700%2C400 2x, https:\/\/i0.wp.com\/noticiasribeiraopreto.com.br\/wp-content\/uploads\/2026\/01\/domingo-93_2026-01-14_20-48-59.webp.webp?fit=1200%2C675&ssl=1&resize=1050%2C600 3x"},"classes":[]},{"id":32307,"url":"https:\/\/noticiasribeiraopreto.com.br\/index.php\/2024\/01\/24\/monobloco-agita-pre-carnaval-em-ribeirao-neste-final-de-semana-ingressos-ainda-estao-disponiveis\/","url_meta":{"origin":37615,"position":1},"title":"Monobloco agita pr\u00e9-carnaval em Ribeir\u00e3o neste final de semana; Ingressos ainda est\u00e3o dispon\u00edveis","author":"noticiasribeiraopreto.com.br","date":"24 de January de 2024","format":false,"excerpt":"Al\u00f4, Ribeir\u00e3o Preto! Para a alegria dos foli\u00f5es, neste domingo (28), o munic\u00edpio recebe o grupo carnavalesco Monobloco, no pr\u00e9-carnaval do Kauai Sports, a partir das 12 horas. Os ingressos para a apresenta\u00e7\u00e3o ainda est\u00e3o dispon\u00edveis e podem ser adquiridos de forma on-line atrav\u00e9s do site (clique aqui). Os pre\u00e7os\u2026","rel":"","context":"In &quot;Not\u00edcias de Ribeir\u00e3o Preto-SP e Regi\u00e3o&quot;","block_context":{"text":"Not\u00edcias de Ribeir\u00e3o Preto-SP e Regi\u00e3o","link":"https:\/\/noticiasribeiraopreto.com.br\/index.php\/category\/noticias-de-ribeirao-preto-sp-e-regiao-ismael-colosi\/"},"img":{"alt_text":"","src":"https:\/\/i0.wp.com\/noticiasribeiraopreto.com.br\/wp-content\/uploads\/2024\/01\/1706135756_monobloco.jpg?fit=1200%2C799&ssl=1&resize=350%2C200","width":350,"height":200,"srcset":"https:\/\/i0.wp.com\/noticiasribeiraopreto.com.br\/wp-content\/uploads\/2024\/01\/1706135756_monobloco.jpg?fit=1200%2C799&ssl=1&resize=350%2C200 1x, https:\/\/i0.wp.com\/noticiasribeiraopreto.com.br\/wp-content\/uploads\/2024\/01\/1706135756_monobloco.jpg?fit=1200%2C799&ssl=1&resize=525%2C300 1.5x, https:\/\/i0.wp.com\/noticiasribeiraopreto.com.br\/wp-content\/uploads\/2024\/01\/1706135756_monobloco.jpg?fit=1200%2C799&ssl=1&resize=700%2C400 2x, https:\/\/i0.wp.com\/noticiasribeiraopreto.com.br\/wp-content\/uploads\/2024\/01\/1706135756_monobloco.jpg?fit=1200%2C799&ssl=1&resize=1050%2C600 3x"},"classes":[]},{"id":63928,"url":"https:\/\/noticiasribeiraopreto.com.br\/index.php\/2025\/02\/25\/carnaval-em-ribeirao-preto-confira-mapa-dos-blocos-e-prepare-se-para-a-folia-%f0%9f%8e%89\/","url_meta":{"origin":37615,"position":2},"title":"Carnaval em Ribeir\u00e3o Preto: Confira mapa dos blocos e prepare-se para a Folia \ud83c\udf89","author":"noticiasribeiraopreto.com.br","date":"25 de February de 2025","format":false,"excerpt":"Os foli\u00f5es de Ribeir\u00e3o Preto se preparam para aproveitar o carnaval de rua neste final de semana. Na programa\u00e7\u00e3o h\u00e1 op\u00e7\u00f5es para todo mundo se divertir e festejar. Conforme divulgado pela Secretaria de Cultura, a festa acontece at\u00e9 o dia 4 de mar\u00e7o em Ribeir\u00e3o Preto. Para te ajudar a\u2026","rel":"","context":"In &quot;Not\u00edcias de Ribeir\u00e3o Preto-SP e Regi\u00e3o&quot;","block_context":{"text":"Not\u00edcias de Ribeir\u00e3o Preto-SP e Regi\u00e3o","link":"https:\/\/noticiasribeiraopreto.com.br\/index.php\/category\/noticias-de-ribeirao-preto-sp-e-regiao-ismael-colosi\/"},"img":{"alt_text":"","src":"https:\/\/i0.wp.com\/noticiasribeiraopreto.com.br\/wp-content\/uploads\/2025\/02\/WhatsApp-Image-2025-02-18-at-17.25.00-1_2025-02-25_20-13-36_jpeg_2025-02-25_20-13-36.webp.webp?fit=1200%2C800&ssl=1&resize=350%2C200","width":350,"height":200,"srcset":"https:\/\/i0.wp.com\/noticiasribeiraopreto.com.br\/wp-content\/uploads\/2025\/02\/WhatsApp-Image-2025-02-18-at-17.25.00-1_2025-02-25_20-13-36_jpeg_2025-02-25_20-13-36.webp.webp?fit=1200%2C800&ssl=1&resize=350%2C200 1x, https:\/\/i0.wp.com\/noticiasribeiraopreto.com.br\/wp-content\/uploads\/2025\/02\/WhatsApp-Image-2025-02-18-at-17.25.00-1_2025-02-25_20-13-36_jpeg_2025-02-25_20-13-36.webp.webp?fit=1200%2C800&ssl=1&resize=525%2C300 1.5x, https:\/\/i0.wp.com\/noticiasribeiraopreto.com.br\/wp-content\/uploads\/2025\/02\/WhatsApp-Image-2025-02-18-at-17.25.00-1_2025-02-25_20-13-36_jpeg_2025-02-25_20-13-36.webp.webp?fit=1200%2C800&ssl=1&resize=700%2C400 2x, https:\/\/i0.wp.com\/noticiasribeiraopreto.com.br\/wp-content\/uploads\/2025\/02\/WhatsApp-Image-2025-02-18-at-17.25.00-1_2025-02-25_20-13-36_jpeg_2025-02-25_20-13-36.webp.webp?fit=1200%2C800&ssl=1&resize=1050%2C600 3x"},"classes":[]},{"id":29122,"url":"https:\/\/noticiasribeiraopreto.com.br\/index.php\/2024\/01\/17\/reuniao-define-detalhes-do-carnaval-2024\/","url_meta":{"origin":37615,"position":3},"title":"Reuni\u00e3o define detalhes do Carnaval 2024 \u2013 Folha de Ribeir\u00e3o","author":"noticiasribeiraopreto.com.br","date":"17 de January de 2024","format":false,"excerpt":"A Prefeitura de Ribeir\u00e3o Preto deu o pontap\u00e9 inicial para a organiza\u00e7\u00e3o do Carnaval 2024. Uma primeira reuni\u00e3o coordenada pela Secretaria da Cultura e Turismo, foi realizada ontem, dia 15 de janeiro, pela manh\u00e3 no Pal\u00e1cio Rio Branco, entre os \u00f3rg\u00e3os municipais envolvidos no evento, a pol\u00edcia militar, o Corpo\u2026","rel":"","context":"In &quot;Not\u00edcias de Ribeir\u00e3o Preto-SP e Regi\u00e3o&quot;","block_context":{"text":"Not\u00edcias de Ribeir\u00e3o Preto-SP e Regi\u00e3o","link":"https:\/\/noticiasribeiraopreto.com.br\/index.php\/category\/noticias-de-ribeirao-preto-sp-e-regiao-ismael-colosi\/"},"img":{"alt_text":"","src":"https:\/\/i0.wp.com\/noticiasribeiraopreto.com.br\/wp-content\/uploads\/2024\/01\/reuniao_carnaval_2.jpeg?fit=1200%2C900&ssl=1&resize=350%2C200","width":350,"height":200,"srcset":"https:\/\/i0.wp.com\/noticiasribeiraopreto.com.br\/wp-content\/uploads\/2024\/01\/reuniao_carnaval_2.jpeg?fit=1200%2C900&ssl=1&resize=350%2C200 1x, https:\/\/i0.wp.com\/noticiasribeiraopreto.com.br\/wp-content\/uploads\/2024\/01\/reuniao_carnaval_2.jpeg?fit=1200%2C900&ssl=1&resize=525%2C300 1.5x, https:\/\/i0.wp.com\/noticiasribeiraopreto.com.br\/wp-content\/uploads\/2024\/01\/reuniao_carnaval_2.jpeg?fit=1200%2C900&ssl=1&resize=700%2C400 2x, https:\/\/i0.wp.com\/noticiasribeiraopreto.com.br\/wp-content\/uploads\/2024\/01\/reuniao_carnaval_2.jpeg?fit=1200%2C900&ssl=1&resize=1050%2C600 3x"},"classes":[]},{"id":37033,"url":"https:\/\/noticiasribeiraopreto.com.br\/index.php\/2024\/02\/13\/ainda-nao-acabou-ribeirao-tem-mais-dois-blocos-de-carnaval-veja-quando\/","url_meta":{"origin":37615,"position":4},"title":"Ainda n\u00e3o acabou! Ribeir\u00e3o t\u00eam mais dois blocos de Carnaval; Veja quando","author":"noticiasribeiraopreto.com.br","date":"13 de February de 2024","format":false,"excerpt":"O Carnaval em Ribeir\u00e3o Preto ainda n\u00e3o acabou de acordo com a programa\u00e7\u00e3o de atra\u00e7\u00f5es divulgadas pela Secretaria de Cultura de Ribeir\u00e3o Preto, no dia 5 de fevereiro. Entre os dias 8 e 13 de fevereiro, a cidade teve mais de 25 blocos de rua que fizeram a alegria de\u2026","rel":"","context":"In &quot;Not\u00edcias de Ribeir\u00e3o Preto-SP e Regi\u00e3o&quot;","block_context":{"text":"Not\u00edcias de Ribeir\u00e3o Preto-SP e Regi\u00e3o","link":"https:\/\/noticiasribeiraopreto.com.br\/index.php\/category\/noticias-de-ribeirao-preto-sp-e-regiao-ismael-colosi\/"},"img":{"alt_text":"","src":"https:\/\/i0.wp.com\/noticiasribeiraopreto.com.br\/wp-content\/uploads\/2024\/02\/bloco-carnaval.webp.webp?fit=1024%2C768&ssl=1&resize=350%2C200","width":350,"height":200,"srcset":"https:\/\/i0.wp.com\/noticiasribeiraopreto.com.br\/wp-content\/uploads\/2024\/02\/bloco-carnaval.webp.webp?fit=1024%2C768&ssl=1&resize=350%2C200 1x, https:\/\/i0.wp.com\/noticiasribeiraopreto.com.br\/wp-content\/uploads\/2024\/02\/bloco-carnaval.webp.webp?fit=1024%2C768&ssl=1&resize=525%2C300 1.5x, https:\/\/i0.wp.com\/noticiasribeiraopreto.com.br\/wp-content\/uploads\/2024\/02\/bloco-carnaval.webp.webp?fit=1024%2C768&ssl=1&resize=700%2C400 2x"},"classes":[]},{"id":64069,"url":"https:\/\/noticiasribeiraopreto.com.br\/index.php\/2025\/02\/28\/bloco-de-carnaval-acontece-em-tradicional-avenida-de-ribeirao-preto-veja-quando\/","url_meta":{"origin":37615,"position":5},"title":"Bloco de Carnaval acontece em tradicional avenida de Ribeir\u00e3o Preto; Veja quando","author":"noticiasribeiraopreto.com.br","date":"28 de February de 2025","format":false,"excerpt":"Ribeir\u00e3o Preto recebe no domingo (2) e na segunda-feira (3), a quarta edi\u00e7\u00e3o do \u201cUm Amor em Cada Bloco\u201d, evento gratuito que busca resgatar o tradicional Carnaval de rua no mun\u00edcipio. A festa acontece das 15h \u00e0s 22h, na avenida Nove de Julho, entre as ruas Tibiri\u00e7\u00e1 e Visconde do\u2026","rel":"","context":"In &quot;Not\u00edcias de Ribeir\u00e3o Preto-SP e Regi\u00e3o&quot;","block_context":{"text":"Not\u00edcias de Ribeir\u00e3o Preto-SP e Regi\u00e3o","link":"https:\/\/noticiasribeiraopreto.com.br\/index.php\/category\/noticias-de-ribeirao-preto-sp-e-regiao-ismael-colosi\/"},"img":{"alt_text":"","src":"https:\/\/i0.wp.com\/noticiasribeiraopreto.com.br\/wp-content\/uploads\/2025\/02\/WhatsApp-Image-2025-02-18-at-17.25.00-3_2025-02-28_15-10-40_jpeg_2025-02-28_15-10-40.webp.webp?fit=1200%2C800&ssl=1&resize=350%2C200","width":350,"height":200,"srcset":"https:\/\/i0.wp.com\/noticiasribeiraopreto.com.br\/wp-content\/uploads\/2025\/02\/WhatsApp-Image-2025-02-18-at-17.25.00-3_2025-02-28_15-10-40_jpeg_2025-02-28_15-10-40.webp.webp?fit=1200%2C800&ssl=1&resize=350%2C200 1x, https:\/\/i0.wp.com\/noticiasribeiraopreto.com.br\/wp-content\/uploads\/2025\/02\/WhatsApp-Image-2025-02-18-at-17.25.00-3_2025-02-28_15-10-40_jpeg_2025-02-28_15-10-40.webp.webp?fit=1200%2C800&ssl=1&resize=525%2C300 1.5x, https:\/\/i0.wp.com\/noticiasribeiraopreto.com.br\/wp-content\/uploads\/2025\/02\/WhatsApp-Image-2025-02-18-at-17.25.00-3_2025-02-28_15-10-40_jpeg_2025-02-28_15-10-40.webp.webp?fit=1200%2C800&ssl=1&resize=700%2C400 2x, https:\/\/i0.wp.com\/noticiasribeiraopreto.com.br\/wp-content\/uploads\/2025\/02\/WhatsApp-Image-2025-02-18-at-17.25.00-3_2025-02-28_15-10-40_jpeg_2025-02-28_15-10-40.webp.webp?fit=1200%2C800&ssl=1&resize=1050%2C600 3x"},"classes":[]}],"jetpack_sharing_enabled":true,"jetpack_shortlink":"https:\/\/wp.me\/peQAOb-9MH","_links":{"self":[{"href":"https:\/\/noticiasribeiraopreto.com.br\/index.php\/wp-json\/wp\/v2\/posts\/37615","targetHints":{"allow":["GET"]}}],"collection":[{"href":"https:\/\/noticiasribeiraopreto.com.br\/index.php\/wp-json\/wp\/v2\/posts"}],"about":[{"href":"https:\/\/noticiasribeiraopreto.com.br\/index.php\/wp-json\/wp\/v2\/types\/post"}],"author":[{"embeddable":true,"href":"https:\/\/noticiasribeiraopreto.com.br\/index.php\/wp-json\/wp\/v2\/users\/1"}],"replies":[{"embeddable":true,"href":"https:\/\/noticiasribeiraopreto.com.br\/index.php\/wp-json\/wp\/v2\/comments?post=37615"}],"version-history":[{"count":0,"href":"https:\/\/noticiasribeiraopreto.com.br\/index.php\/wp-json\/wp\/v2\/posts\/37615\/revisions"}],"wp:featuredmedia":[{"embeddable":true,"href":"https:\/\/noticiasribeiraopreto.com.br\/index.php\/wp-json\/wp\/v2\/media\/37616"}],"wp:attachment":[{"href":"https:\/\/noticiasribeiraopreto.com.br\/index.php\/wp-json\/wp\/v2\/media?parent=37615"}],"wp:term":[{"taxonomy":"category","embeddable":true,"href":"https:\/\/noticiasribeiraopreto.com.br\/index.php\/wp-json\/wp\/v2\/categories?post=37615"},{"taxonomy":"post_tag","embeddable":true,"href":"https:\/\/noticiasribeiraopreto.com.br\/index.php\/wp-json\/wp\/v2\/tags?post=37615"}],"curies":[{"name":"wp","href":"https:\/\/api.w.org\/{rel}","templated":true}]}}