{"id":37660,"date":"2024-02-17T15:31:13","date_gmt":"2024-02-17T18:31:13","guid":{"rendered":"https:\/\/noticiasribeiraopreto.com.br\/index.php\/2024\/02\/17\/exposicao-reune-artes-afro-brasileiras-no-campus-da-usp-ribeirao\/"},"modified":"2024-02-17T15:31:13","modified_gmt":"2024-02-17T18:31:13","slug":"exposicao-reune-artes-afro-brasileiras-no-campus-da-usp-ribeirao","status":"publish","type":"post","link":"https:\/\/noticiasribeiraopreto.com.br\/index.php\/2024\/02\/17\/exposicao-reune-artes-afro-brasileiras-no-campus-da-usp-ribeirao\/","title":{"rendered":"Exposi\u00e7\u00e3o re\u00fane artes afro-brasileiras no Campus da USP Ribeir\u00e3o"},"content":{"rendered":"<div class='code-block code-block-1' style='margin: 8px 0 8px auto; text-align: right; display: block; clear: both;'>\n<p><a href=\"https:\/\/wa.link\/vpicfd\"><img data-recalc-dims=\"1\" class=\"wp-image-4922\" style=\"aspect-ratio: 2.0253164556962027; width: 561px; height: auto;\" src=\"https:\/\/i0.wp.com\/ismaelcolosi.com.br\/wp-content\/uploads\/2023\/11\/grupo-de-empregos-whatsapp-e-facebook-ismael-colosi-vagas.jpg?ssl=1\" alt=\"\" \/><\/a><\/p>\n<!-- \/wp:image -->\n<\/div>\n<p> <br \/>\n<\/p>\n<div data-td-block-uid=\"tdi_102\">\n<div class=\"tdb-block-inner td-fix-index\">\n<p>A <strong>mostra<\/strong> de arte <strong>afro-brasileira<\/strong> \u201cAuto Retrato, Alvo Retrato: Processos Presentes\u201d est\u00e1 em exposi\u00e7\u00e3o no <strong>Instituto de Estudos Avan\u00e7ados da USP Ribeir\u00e3o Preto (Iearp)<\/strong> at\u00e9 o dia 29 de fevereiro. A <strong>entrada<\/strong> \u00e9 de gra\u00e7a. <\/p>\n<p>As<strong> 30 obras<\/strong> j\u00e1 passaram por <strong>quatro<\/strong> cidades na <strong>regi\u00e3o<\/strong> de Ribeir\u00e3o Preto e ressaltam a produ\u00e7\u00e3o de artistas negros no interior paulista. Al\u00e9m de contar a hist\u00f3ria art\u00edstica de <strong>Maria Helena Ramos<\/strong> e<strong> Jaime Domingos Cruz Macal\u00e9<\/strong>, artistas refer\u00eancias, e de <strong>Emaye Natalia Marques<\/strong> e <strong>Betto Souza<\/strong>, artistas e curadores.<\/p>\n<p>As <strong>obras<\/strong> foram divididas em <strong>dois eixos<\/strong>: auto retrato e alvo retrato. No <strong>auto retrato<\/strong>, as obras s\u00e3o dos <strong>artistas veteranos<\/strong> e no <strong>alvo retrato<\/strong>, s\u00e3o os <strong>jovens artistas<\/strong> que buscaram tra\u00e7ar a import\u00e2ncia de voltar o olhar ao passado para moldar o presente e o futuro.\u00a0<\/p>\n<p>A exposi\u00e7\u00e3o acontece de <strong>segunda a sexta-feira, das 8h30 \u00e0s 16h30<\/strong>. O <strong>Iearp<\/strong> fica na <strong>rua Pedreira de Freitas, 20 \u2013 Campus da USP, no bairro Vila Monte Alegre<\/strong>. <\/p>\n<p><strong>SERVI\u00c7O:<\/strong><\/p>\n<p><em>Auto Retrato, Alvo Retrato: Processos Presentes<\/em><\/p>\n<p><strong>Quando:<\/strong> 7 a 29 de fevereiro<br \/><strong>Onde:<\/strong> Instituto de Estudos Avan\u00e7ados da USP Ribeir\u00e3o Preto<br \/><strong>Hor\u00e1rio:<\/strong> segunda-feira a sexta-feira, das 8h30 \u00e0s 16h30<br \/><strong>Endere\u00e7o:<\/strong> Rua Pedreira de Freitas, 20 \u2013 Campus da USP \u2013 Vila Monte Alegre<br \/><strong>Entrada:<\/strong> gratuita<\/p>\n<p>SAIBA MAIS<br \/>Inc\u00eandio em lanchonete no interior de SP mobiliza Corpo de Bombeiros<\/p>\n<h4 class=\"wp-block-heading\"><strong>FIQUE ON<\/strong><\/h4>\n<p>Fique ligado em tudo que acontece em Ribeir\u00e3o Preto e regi\u00e3o. Siga os perfis do <strong>acidade on <\/strong>no <a href=\"https:\/\/www.instagram.com\/acidadeonribeirao\" target=\"_blank\" rel=\"noreferrer noopener\">Instagram <\/a>e no <a href=\"https:\/\/www.facebook.com\/acidadeonribeirao\" target=\"_blank\" rel=\"noreferrer noopener\">Facebook<\/a>.<\/p>\n<p>Receba not\u00edcias do acidade on no WhatsApp. Para entrar no grupo, basta <a href=\"https:\/\/chat.whatsapp.com\/Bnv2w66ZT4VDyZW3oiZ69n\" target=\"_blank\" rel=\"noreferrer noopener\">clicar aqui<\/a>.<\/p>\n<p>Fa\u00e7a uma den\u00fancia ou sugira uma reportagem sobre Ribeir\u00e3o Preto e regi\u00e3o pelo WhatsApp: 16 99117 7802.<\/p>\n<p>VEJA TAMB\u00c9M<br \/>Quem venceu a prova do anjo no BBB 24?<\/p>\n<p><!-- AI CONTENT END 1 -->\n<\/div>\n<\/div>\n<p><script async src=\"\/\/www.instagram.com\/embed.js\"><\/script><br \/>\n<br \/><br \/>\n<br \/><a href=\"https:\/\/www.acidadeon.com\/ribeiraopreto\/lazer-e-cultura\/exposicao-reune-artes-afro-brasileiras-campus-da-usp-ribeirao\/\">Source link <\/a><\/p>\n<!-- CONTENT END 1 -->\n","protected":false},"excerpt":{"rendered":"<p>A mostra de arte afro-brasileira \u201cAuto Retrato, Alvo Retrato: Processos Presentes\u201d est\u00e1 em exposi\u00e7\u00e3o no Instituto de Estudos Avan\u00e7ados da USP Ribeir\u00e3o Preto (Iearp) at\u00e9&#8230;<\/p>\n","protected":false},"author":1,"featured_media":37661,"comment_status":"open","ping_status":"open","sticky":false,"template":"","format":"standard","meta":{"advanced_seo_description":"","jetpack_seo_html_title":"","jetpack_seo_noindex":false,"jetpack_post_was_ever_published":false,"_jetpack_newsletter_access":"","_jetpack_dont_email_post_to_subs":false,"_jetpack_newsletter_tier_id":0,"_jetpack_memberships_contains_paywalled_content":false,"_jetpack_memberships_contains_paid_content":false,"footnotes":"","jetpack_publicize_message":"","jetpack_publicize_feature_enabled":true,"jetpack_social_post_already_shared":true,"jetpack_social_options":{"image_generator_settings":{"template":"highway","default_image_id":0,"font":"","enabled":false},"version":2}},"categories":[11],"tags":[],"class_list":["post-37660","post","type-post","status-publish","format-standard","has-post-thumbnail","hentry","category-noticias-de-ribeirao-preto-sp-e-regiao-ismael-colosi"],"jetpack_publicize_connections":[],"jetpack_featured_media_url":"https:\/\/i0.wp.com\/noticiasribeiraopreto.com.br\/wp-content\/uploads\/2024\/02\/3-4.jpg?fit=1200%2C675&ssl=1","jetpack-related-posts":[{"id":35658,"url":"https:\/\/noticiasribeiraopreto.com.br\/index.php\/2024\/02\/07\/exposicao-auto-retrato-alvo-retrato-processos-presentes-chega-a-rp\/","url_meta":{"origin":37660,"position":0},"title":"Exposi\u00e7\u00e3o &#8220;Auto Retrato, Alvo Retrato: Processos Presentes&#8221; chega a RP","author":"noticiasribeiraopreto.com.br","date":"7 de February de 2024","format":false,"excerpt":"6 de fevereiro de 2024 | 17:25 0\u201cAuto Retrato, Alvo Retrato: Processos Presentes\u201d \u00e9 estruturada em dois eixos metaf\u00f3ricos que d\u00e3o nome \u00e0 exposi\u00e7\u00e3o, refletindo sobre a import\u00e2ncia de olhar para o passado para tra\u00e7ar nosso caminho.Buscando ressaltar a produ\u00e7\u00e3o continua e sempre existe de artistas negros nos interiores paulistas,\u2026","rel":"","context":"In &quot;Not\u00edcias de Ribeir\u00e3o Preto-SP e Regi\u00e3o&quot;","block_context":{"text":"Not\u00edcias de Ribeir\u00e3o Preto-SP e Regi\u00e3o","link":"https:\/\/noticiasribeiraopreto.com.br\/index.php\/category\/noticias-de-ribeirao-preto-sp-e-regiao-ismael-colosi\/"},"img":{"alt_text":"","src":"https:\/\/i0.wp.com\/noticiasribeiraopreto.com.br\/wp-content\/uploads\/2024\/02\/Foto-Divulgacao-scaled.jpg?fit=967%2C645&ssl=1&resize=350%2C200","width":350,"height":200,"srcset":"https:\/\/i0.wp.com\/noticiasribeiraopreto.com.br\/wp-content\/uploads\/2024\/02\/Foto-Divulgacao-scaled.jpg?fit=967%2C645&ssl=1&resize=350%2C200 1x, https:\/\/i0.wp.com\/noticiasribeiraopreto.com.br\/wp-content\/uploads\/2024\/02\/Foto-Divulgacao-scaled.jpg?fit=967%2C645&ssl=1&resize=525%2C300 1.5x, https:\/\/i0.wp.com\/noticiasribeiraopreto.com.br\/wp-content\/uploads\/2024\/02\/Foto-Divulgacao-scaled.jpg?fit=967%2C645&ssl=1&resize=700%2C400 2x"},"classes":[]},{"id":60124,"url":"https:\/\/noticiasribeiraopreto.com.br\/index.php\/2024\/11\/06\/oficinas-desvendam-a-importancia-da-obra-do-artista-macale-para-ribeirao-preto\/","url_meta":{"origin":37660,"position":1},"title":"Oficinas desvendam a import\u00e2ncia da obra do artista Macal\u00e9 para Ribeir\u00e3o Preto","author":"noticiasribeiraopreto.com.br","date":"6 de November de 2024","format":false,"excerpt":"O Sesc Ribeir\u00e3o Preto entre 7 e 21 de novembro a s\u00e9rie de oficinas \u201cRetratos\u201d, que tem o intuito de retratar a obra e a vida do artista pl\u00e1stico Macal\u00e9. Ele estar\u00e1 presente no encerramento para um bate-papo e, tamb\u00e9m, na exposi\u00e7\u00e3o dos trabalhos realizados durante as aulas. As atividades\u2026","rel":"","context":"In &quot;Not\u00edcias de Ribeir\u00e3o Preto-SP e Regi\u00e3o&quot;","block_context":{"text":"Not\u00edcias de Ribeir\u00e3o Preto-SP e Regi\u00e3o","link":"https:\/\/noticiasribeiraopreto.com.br\/index.php\/category\/noticias-de-ribeirao-preto-sp-e-regiao-ismael-colosi\/"},"img":{"alt_text":"","src":"https:\/\/i0.wp.com\/noticiasribeiraopreto.com.br\/wp-content\/uploads\/2024\/11\/11.2024-Artes-Visuais-Retratos-4-664x332-1_2024-11-06_16-18-02_png_2024-11-06_16-18-02.webp.webp?fit=664%2C332&ssl=1&resize=350%2C200","width":350,"height":200,"srcset":"https:\/\/i0.wp.com\/noticiasribeiraopreto.com.br\/wp-content\/uploads\/2024\/11\/11.2024-Artes-Visuais-Retratos-4-664x332-1_2024-11-06_16-18-02_png_2024-11-06_16-18-02.webp.webp?fit=664%2C332&ssl=1&resize=350%2C200 1x, https:\/\/i0.wp.com\/noticiasribeiraopreto.com.br\/wp-content\/uploads\/2024\/11\/11.2024-Artes-Visuais-Retratos-4-664x332-1_2024-11-06_16-18-02_png_2024-11-06_16-18-02.webp.webp?fit=664%2C332&ssl=1&resize=525%2C300 1.5x"},"classes":[]},{"id":63628,"url":"https:\/\/noticiasribeiraopreto.com.br\/index.php\/2025\/02\/18\/museu-casa-da-memoria-italiana-tem-programacao-especial-na-semana-do-imigrante\/","url_meta":{"origin":37660,"position":2},"title":"Museu Casa da Mem\u00f3ria Italiana tem programa\u00e7\u00e3o especial na Semana do Imigrante","author":"noticiasribeiraopreto.com.br","date":"18 de February de 2025","format":false,"excerpt":"Na pr\u00f3xima sexta-feira (21) \u00e9 comemorado os 151 anos da Imigra\u00e7\u00e3o Italiana no Brasil e o Museu Casa da Mem\u00f3ria Italiana, em Ribeir\u00e3o Preto, conta com uma programa\u00e7\u00e3o especial e gratuita com exposi\u00e7\u00e3o, palestra e forma\u00e7\u00e3o de educadores. Confira: Palestra Na quinta-feira (20), \u00e0s 19h, o Museu realiza a palestra\u2026","rel":"","context":"In &quot;Not\u00edcias de Ribeir\u00e3o Preto-SP e Regi\u00e3o&quot;","block_context":{"text":"Not\u00edcias de Ribeir\u00e3o Preto-SP e Regi\u00e3o","link":"https:\/\/noticiasribeiraopreto.com.br\/index.php\/category\/noticias-de-ribeirao-preto-sp-e-regiao-ismael-colosi\/"},"img":{"alt_text":"","src":"https:\/\/i0.wp.com\/noticiasribeiraopreto.com.br\/wp-content\/uploads\/2025\/02\/Fachada-2025_2025-02-18_12-58-23_jpg_2025-02-18_12-58-24-scaled.webp.webp?fit=1200%2C687&ssl=1&resize=350%2C200","width":350,"height":200,"srcset":"https:\/\/i0.wp.com\/noticiasribeiraopreto.com.br\/wp-content\/uploads\/2025\/02\/Fachada-2025_2025-02-18_12-58-23_jpg_2025-02-18_12-58-24-scaled.webp.webp?fit=1200%2C687&ssl=1&resize=350%2C200 1x, https:\/\/i0.wp.com\/noticiasribeiraopreto.com.br\/wp-content\/uploads\/2025\/02\/Fachada-2025_2025-02-18_12-58-23_jpg_2025-02-18_12-58-24-scaled.webp.webp?fit=1200%2C687&ssl=1&resize=525%2C300 1.5x, https:\/\/i0.wp.com\/noticiasribeiraopreto.com.br\/wp-content\/uploads\/2025\/02\/Fachada-2025_2025-02-18_12-58-23_jpg_2025-02-18_12-58-24-scaled.webp.webp?fit=1200%2C687&ssl=1&resize=700%2C400 2x, https:\/\/i0.wp.com\/noticiasribeiraopreto.com.br\/wp-content\/uploads\/2025\/02\/Fachada-2025_2025-02-18_12-58-23_jpg_2025-02-18_12-58-24-scaled.webp.webp?fit=1200%2C687&ssl=1&resize=1050%2C600 3x"},"classes":[]},{"id":9683,"url":"https:\/\/noticiasribeiraopreto.com.br\/index.php\/2023\/12\/02\/veja-as-fotos-da-chegada-do-papai-noel-ao-centro-de-ribeirao-1\/","url_meta":{"origin":37660,"position":3},"title":"Veja as fotos da chegada do Papai Noel ao Centro de Ribeir\u00e3o","author":"noticiasribeiraopreto.com.br","date":"2 de December de 2023","format":false,"excerpt":"O Papai Noel chegou ao Centro de Ribeir\u00e3o Preto, na manh\u00e3 deste s\u00e1bado (2), acompanhado de banda musical, elfos e outros seres m\u00e1gicos, que alegraram o dia dos adultos e crian\u00e7as que passaram pelo Cal\u00e7ad\u00e3o. O evento foi o in\u00edcio da 21\u00aa edi\u00e7\u00e3o da campanha Natal Luz da Associa\u00e7\u00e3o Comercial\u2026","rel":"","context":"In &quot;Not\u00edcias de Ribeir\u00e3o Preto-SP e Regi\u00e3o&quot;","block_context":{"text":"Not\u00edcias de Ribeir\u00e3o Preto-SP e Regi\u00e3o","link":"https:\/\/noticiasribeiraopreto.com.br\/index.php\/category\/noticias-de-ribeirao-preto-sp-e-regiao-ismael-colosi\/"},"img":{"alt_text":"","src":"https:\/\/i0.wp.com\/noticiasribeiraopreto.com.br\/wp-content\/uploads\/2023\/12\/IGOR6945-scaled.jpg?fit=1200%2C800&ssl=1&resize=350%2C200","width":350,"height":200,"srcset":"https:\/\/i0.wp.com\/noticiasribeiraopreto.com.br\/wp-content\/uploads\/2023\/12\/IGOR6945-scaled.jpg?fit=1200%2C800&ssl=1&resize=350%2C200 1x, https:\/\/i0.wp.com\/noticiasribeiraopreto.com.br\/wp-content\/uploads\/2023\/12\/IGOR6945-scaled.jpg?fit=1200%2C800&ssl=1&resize=525%2C300 1.5x, https:\/\/i0.wp.com\/noticiasribeiraopreto.com.br\/wp-content\/uploads\/2023\/12\/IGOR6945-scaled.jpg?fit=1200%2C800&ssl=1&resize=700%2C400 2x, https:\/\/i0.wp.com\/noticiasribeiraopreto.com.br\/wp-content\/uploads\/2023\/12\/IGOR6945-scaled.jpg?fit=1200%2C800&ssl=1&resize=1050%2C600 3x"},"classes":[]},{"id":46294,"url":"https:\/\/noticiasribeiraopreto.com.br\/index.php\/2024\/04\/10\/exposicao-da-usp-com-acervo-do-museu-do-ipiranga-comeca-sabado-em-ribeirao-preto\/","url_meta":{"origin":37660,"position":4},"title":"Exposi\u00e7\u00e3o da USP com acervo do Museu do Ipiranga come\u00e7a s\u00e1bado em Ribeir\u00e3o Preto","author":"noticiasribeiraopreto.com.br","date":"10 de April de 2024","format":false,"excerpt":"A exposi\u00e7\u00e3o \u201cUSP 90 anos: uma jornada imersiva pelos nossos museus\u201d ser\u00e1 aberta ao p\u00fablico em Ribeir\u00e3o Preto neste s\u00e1bado (13). A entrada \u00e9 de gra\u00e7a e acontece de segunda a s\u00e1bado, das 9h \u00e0s 18h. Trazendo um pouco dos acervos dos museus da universidade, todos com sede em S\u00e3o\u2026","rel":"","context":"In &quot;Not\u00edcias de Ribeir\u00e3o Preto-SP e Regi\u00e3o&quot;","block_context":{"text":"Not\u00edcias de Ribeir\u00e3o Preto-SP e Regi\u00e3o","link":"https:\/\/noticiasribeiraopreto.com.br\/index.php\/category\/noticias-de-ribeirao-preto-sp-e-regiao-ismael-colosi\/"},"img":{"alt_text":"","src":"https:\/\/i0.wp.com\/noticiasribeiraopreto.com.br\/wp-content\/uploads\/2024\/04\/1712781451_Copia-de-Copia-de-TAMANHO-EXATO-PARA-FOTOS-NO-SISTEMA-NOVO-17.jpg?fit=1200%2C675&ssl=1&resize=350%2C200","width":350,"height":200,"srcset":"https:\/\/i0.wp.com\/noticiasribeiraopreto.com.br\/wp-content\/uploads\/2024\/04\/1712781451_Copia-de-Copia-de-TAMANHO-EXATO-PARA-FOTOS-NO-SISTEMA-NOVO-17.jpg?fit=1200%2C675&ssl=1&resize=350%2C200 1x, https:\/\/i0.wp.com\/noticiasribeiraopreto.com.br\/wp-content\/uploads\/2024\/04\/1712781451_Copia-de-Copia-de-TAMANHO-EXATO-PARA-FOTOS-NO-SISTEMA-NOVO-17.jpg?fit=1200%2C675&ssl=1&resize=525%2C300 1.5x, https:\/\/i0.wp.com\/noticiasribeiraopreto.com.br\/wp-content\/uploads\/2024\/04\/1712781451_Copia-de-Copia-de-TAMANHO-EXATO-PARA-FOTOS-NO-SISTEMA-NOVO-17.jpg?fit=1200%2C675&ssl=1&resize=700%2C400 2x, https:\/\/i0.wp.com\/noticiasribeiraopreto.com.br\/wp-content\/uploads\/2024\/04\/1712781451_Copia-de-Copia-de-TAMANHO-EXATO-PARA-FOTOS-NO-SISTEMA-NOVO-17.jpg?fit=1200%2C675&ssl=1&resize=1050%2C600 3x"},"classes":[]},{"id":48804,"url":"https:\/\/noticiasribeiraopreto.com.br\/index.php\/2024\/05\/06\/ultimos-dias-de-exposicao-com-acervo-do-museu-do-ipiranga-na-usp-ribeirao-preto\/","url_meta":{"origin":37660,"position":5},"title":"\u00daltimos dias de exposi\u00e7\u00e3o com acervo do Museu do Ipiranga na USP Ribeir\u00e3o Preto","author":"noticiasribeiraopreto.com.br","date":"6 de May de 2024","format":false,"excerpt":"A exposi\u00e7\u00e3o \u201cUSP 90anos: uma jornada imersiva pelos nossos museus\u201d, que traz um pouco dos acervos dos museus da universidade para Ribeir\u00e3o Preto, acontece at\u00e9 sexta-feira (10), no IEA (Instituto de Estudos Avan\u00e7ados). Com entrada de gra\u00e7a, a mostra \u00e9 aberta ao p\u00fablico das 9h \u00e0s 18h. Ao todo,\u00a0sete campi\u2026","rel":"","context":"In &quot;Not\u00edcias de Ribeir\u00e3o Preto-SP e Regi\u00e3o&quot;","block_context":{"text":"Not\u00edcias de Ribeir\u00e3o Preto-SP e Regi\u00e3o","link":"https:\/\/noticiasribeiraopreto.com.br\/index.php\/category\/noticias-de-ribeirao-preto-sp-e-regiao-ismael-colosi\/"},"img":{"alt_text":"","src":"https:\/\/i0.wp.com\/noticiasribeiraopreto.com.br\/wp-content\/uploads\/2024\/05\/Capturar_2024-05-06_21-22-20_jpg_2024-05-06_21-22-21.webp.webp?fit=1113%2C577&ssl=1&resize=350%2C200","width":350,"height":200,"srcset":"https:\/\/i0.wp.com\/noticiasribeiraopreto.com.br\/wp-content\/uploads\/2024\/05\/Capturar_2024-05-06_21-22-20_jpg_2024-05-06_21-22-21.webp.webp?fit=1113%2C577&ssl=1&resize=350%2C200 1x, https:\/\/i0.wp.com\/noticiasribeiraopreto.com.br\/wp-content\/uploads\/2024\/05\/Capturar_2024-05-06_21-22-20_jpg_2024-05-06_21-22-21.webp.webp?fit=1113%2C577&ssl=1&resize=525%2C300 1.5x, https:\/\/i0.wp.com\/noticiasribeiraopreto.com.br\/wp-content\/uploads\/2024\/05\/Capturar_2024-05-06_21-22-20_jpg_2024-05-06_21-22-21.webp.webp?fit=1113%2C577&ssl=1&resize=700%2C400 2x, https:\/\/i0.wp.com\/noticiasribeiraopreto.com.br\/wp-content\/uploads\/2024\/05\/Capturar_2024-05-06_21-22-20_jpg_2024-05-06_21-22-21.webp.webp?fit=1113%2C577&ssl=1&resize=1050%2C600 3x"},"classes":[]}],"jetpack_sharing_enabled":true,"jetpack_shortlink":"https:\/\/wp.me\/peQAOb-9Nq","_links":{"self":[{"href":"https:\/\/noticiasribeiraopreto.com.br\/index.php\/wp-json\/wp\/v2\/posts\/37660","targetHints":{"allow":["GET"]}}],"collection":[{"href":"https:\/\/noticiasribeiraopreto.com.br\/index.php\/wp-json\/wp\/v2\/posts"}],"about":[{"href":"https:\/\/noticiasribeiraopreto.com.br\/index.php\/wp-json\/wp\/v2\/types\/post"}],"author":[{"embeddable":true,"href":"https:\/\/noticiasribeiraopreto.com.br\/index.php\/wp-json\/wp\/v2\/users\/1"}],"replies":[{"embeddable":true,"href":"https:\/\/noticiasribeiraopreto.com.br\/index.php\/wp-json\/wp\/v2\/comments?post=37660"}],"version-history":[{"count":0,"href":"https:\/\/noticiasribeiraopreto.com.br\/index.php\/wp-json\/wp\/v2\/posts\/37660\/revisions"}],"wp:featuredmedia":[{"embeddable":true,"href":"https:\/\/noticiasribeiraopreto.com.br\/index.php\/wp-json\/wp\/v2\/media\/37661"}],"wp:attachment":[{"href":"https:\/\/noticiasribeiraopreto.com.br\/index.php\/wp-json\/wp\/v2\/media?parent=37660"}],"wp:term":[{"taxonomy":"category","embeddable":true,"href":"https:\/\/noticiasribeiraopreto.com.br\/index.php\/wp-json\/wp\/v2\/categories?post=37660"},{"taxonomy":"post_tag","embeddable":true,"href":"https:\/\/noticiasribeiraopreto.com.br\/index.php\/wp-json\/wp\/v2\/tags?post=37660"}],"curies":[{"name":"wp","href":"https:\/\/api.w.org\/{rel}","templated":true}]}}