{"id":37664,"date":"2024-02-17T15:37:06","date_gmt":"2024-02-17T18:37:06","guid":{"rendered":"https:\/\/noticiasribeiraopreto.com.br\/index.php\/2024\/02\/17\/americanas-abre-mais-de-6-mil-vagas-temporarias-para-a-pascoa\/"},"modified":"2024-02-17T15:37:06","modified_gmt":"2024-02-17T18:37:06","slug":"americanas-abre-mais-de-6-mil-vagas-temporarias-para-a-pascoa","status":"publish","type":"post","link":"https:\/\/noticiasribeiraopreto.com.br\/index.php\/2024\/02\/17\/americanas-abre-mais-de-6-mil-vagas-temporarias-para-a-pascoa\/","title":{"rendered":"Americanas abre mais de 6 mil vagas tempor\u00e1rias para a P\u00e1scoa"},"content":{"rendered":"<div class='code-block code-block-1' style='margin: 8px 0 8px auto; text-align: right; display: block; clear: both;'>\n<p><a href=\"https:\/\/wa.link\/vpicfd\"><img data-recalc-dims=\"1\" class=\"wp-image-4922\" style=\"aspect-ratio: 2.0253164556962027; width: 561px; height: auto;\" src=\"https:\/\/i0.wp.com\/ismaelcolosi.com.br\/wp-content\/uploads\/2023\/11\/grupo-de-empregos-whatsapp-e-facebook-ismael-colosi-vagas.jpg?ssl=1\" alt=\"\" \/><\/a><\/p>\n<!-- \/wp:image -->\n<\/div>\n<p> <br \/>\n<\/p>\n<div id=\"\">\n<div class=\"content-infos\">\n<div class=\"texts\">\n<p class=\"author tooltip-comp\"> Da reda\u00e7\u00e3o<span class=\"icon-i\">i<\/span><span class=\"tooltiptext\"> <span class=\"author\"><span>Da reda\u00e7\u00e3o<\/span> <\/span><span class=\"desc\"\/> <\/span><\/p>\n<p>17\/02\/2024 &#8211; 15:00<\/p>\n<\/div>\n<div id=\"share-modal\" class=\"share-modal\"> <button class=\"box-close btn-share\"> <img decoding=\"async\" src=\"https:\/\/istoedinheiro.com.br\/wp-content\/themes\/dinheiro-wp-theme\/assets\/img\/svg\/closeIcon.svg?x46096\" alt=\"Close icon\" class=\"close-btn lazy\"\/> <\/button><\/div>\n<\/p><\/div>\n<p><span style=\"font-weight: 400\">A Americanas est\u00e1 contratando mais de seis mil profissionais tempor\u00e1rios para refor\u00e7ar sua opera\u00e7\u00e3o de P\u00e1scoa. Do total, 1.120 vagas s\u00e3o para atua\u00e7\u00e3o em lojas de S\u00e3o Paulo, distribu\u00eddas em diversas cidades.<br \/><\/span><span style=\"font-weight: 400\"><br \/><\/span><span style=\"font-weight: 400\">A companhia est\u00e1 em busca de pessoas com idade a partir de 18 anos, ensino m\u00e9dio completo e perfil din\u00e2mico, \u00e1gil e resiliente para atuar como operador de loja. Entre as atividades est\u00e3o o atendimento ao cliente, opera\u00e7\u00e3o de caixa, organiza\u00e7\u00e3o de itens nas g\u00f4ndolas, parreiras de ovos de P\u00e1scoa e suporte \u00e0 opera\u00e7\u00e3o de retirada, na loja, de pedidos feitos pelo site e app da Americanas. As oportunidades n\u00e3o exigem experi\u00eancia pr\u00e9via e os interessados devem ter disponibilidade para trabalhar entre fevereiro e abril.\u00a0\u00a0<\/span><\/p>\n<p><span style=\"font-weight: 400\">+Porto oferece vagas de est\u00e1gio; veja como se candidatar\u00a0<\/span><\/p>\n<p><span style=\"font-weight: 400\">As inscri\u00e7\u00f5es v\u00e3o at\u00e9 15 de mar\u00e7o. Ap\u00f3s a contrata\u00e7\u00e3o, todos os tempor\u00e1rios passar\u00e3o por treinamentos, integra\u00e7\u00e3o e ambienta\u00e7\u00e3o nas unidades de trabalho lideradas por um time que conduz diariamente essa grande opera\u00e7\u00e3o do varejo.\u00a0\u00a0<\/span><\/p>\n<p><span style=\"font-weight: 400\">\u201cA P\u00e1scoa na Americanas j\u00e1 faz parte do calend\u00e1rio e da mem\u00f3ria de milh\u00f5es de brasileiros. Com o refor\u00e7o na opera\u00e7\u00e3o, garantimos que nossos clientes tenham uma jornada de compra eficiente, simples e de qualidade, ao mesmo tempo em que oferecemos a milhares de brasileiros uma experi\u00eancia enriquecedora em uma grande opera\u00e7\u00e3o de varejo. Essa oportunidade \u00e9, historicamente, o primeiro emprego e porta de entrada para muitos profissionais no mercado de trabalho\u201d, afirma Leonardo Ferreira, vice-presidente de Gente e Gest\u00e3o da Americanas.\u00a0<\/span><\/p>\n<p><span style=\"font-weight: 400\">Sele\u00e7\u00e3o e benef\u00edcios \u2013 O processo seletivo acontece de forma online e presencial. Al\u00e9m de sal\u00e1rio compat\u00edvel com o mercado, os contratados receber\u00e3o benef\u00edcios como vale-transporte, vale-refei\u00e7\u00e3o e seguro de vida.\u00a0\u00a0<\/span><\/p>\n<h3><strong>Inscri\u00e7\u00f5es:<\/strong><\/h3>\n<p><span style=\"font-weight: 400\">Operador de loja (at\u00e9 15 de mar\u00e7o): <a href=\"https:\/\/americanas.pandape.infojobs.com.br\/Detail\/865615\" rel=\"nofollow noopener\" target=\"_blank\"><strong>Clique aqui.<\/strong><\/a><\/span><\/p>\n<section data-hb-type=\"ads\" name=\"adsMateria\" data-hb-position=\"after-content\" data-hb-provider=\"\">\n<hr\/>\n<\/section>\n<div id=\"share-modal\" class=\"share-modal\"> <button class=\"box-close btn-share\"> <img decoding=\"async\" src=\"https:\/\/istoedinheiro.com.br\/wp-content\/themes\/dinheiro-wp-theme\/assets\/img\/svg\/closeIcon.svg?x46096\" alt=\"Close icon\" class=\"close-btn lazy\"\/> <\/button><\/div>\n<\/p><\/div>\n<p><script>!function(f,b,e,v,n,t,s){if(f.fbq)return;n=f.fbq=function(){n.callMethod?n.callMethod.apply(n,arguments):n.queue.push(arguments)};if(!f._fbq)f._fbq=n;n.push=n;n.loaded=!0;n.version='2.0';n.queue=[];t=b.createElement(e);t.async=!0;t.src=v;s=b.getElementsByTagName(e)[0];s.parentNode.insertBefore(t,s)}(window,document,'script','<\/script><br \/>\n<br \/><br \/>\n<br \/><a href=\"https:\/\/istoedinheiro.com.br\/americanas-abre-mais-de-6-mil-vagas-temporarias-para-a-pascoa\/\">Source link <\/a><\/p>\n<!-- CONTENT END 1 -->\n","protected":false},"excerpt":{"rendered":"<p>Da reda\u00e7\u00e3oi Da reda\u00e7\u00e3o 17\/02\/2024 &#8211; 15:00 A Americanas est\u00e1 contratando mais de seis mil profissionais tempor\u00e1rios para refor\u00e7ar sua opera\u00e7\u00e3o de P\u00e1scoa. Do total,&#8230;<\/p>\n","protected":false},"author":1,"featured_media":37665,"comment_status":"open","ping_status":"open","sticky":false,"template":"","format":"standard","meta":{"advanced_seo_description":"","jetpack_seo_html_title":"","jetpack_seo_noindex":false,"jetpack_post_was_ever_published":false,"_jetpack_newsletter_access":"","_jetpack_dont_email_post_to_subs":false,"_jetpack_newsletter_tier_id":0,"_jetpack_memberships_contains_paywalled_content":false,"_jetpack_memberships_contains_paid_content":false,"footnotes":"","jetpack_publicize_message":"","jetpack_publicize_feature_enabled":true,"jetpack_social_post_already_shared":true,"jetpack_social_options":{"image_generator_settings":{"template":"highway","default_image_id":0,"font":"","enabled":false},"version":2}},"categories":[3598],"tags":[],"class_list":["post-37664","post","type-post","status-publish","format-standard","has-post-thumbnail","hentry","category-empregos-classificados-vagas-trabalho"],"jetpack_publicize_connections":[],"jetpack_featured_media_url":"https:\/\/i0.wp.com\/noticiasribeiraopreto.com.br\/wp-content\/uploads\/2024\/02\/unnamed-6.jpg?fit=800%2C533&ssl=1","jetpack-related-posts":[{"id":37034,"url":"https:\/\/noticiasribeiraopreto.com.br\/index.php\/2024\/02\/13\/empregos-americanas-2024-mais-de-1-mil-vagas-temporarias-de-pascoa-para-operador-de-loja-em-todo-o-brasil\/","url_meta":{"origin":37664,"position":0},"title":"Empregos Americanas 2024: Mais de 1 MIL vagas Tempor\u00e1rias de P\u00e1scoa para Operador de Loja em todo o Brasil","author":"noticiasribeiraopreto.com.br","date":"13 de February de 2024","format":false,"excerpt":"Home Office Home Office: InBetta abre vagas para TRABALHAR DE CASA no cargo de Auxiliar de Vendas Home Office O Botic\u00e1rio anuncia vaga 100% HOME OFFICE para Assistente Opera\u00e7\u00e3o com In\u00edcio imediato Home Office Atlas Technologies abriu vagas HOME OFFICE para TRABALHAR DE CASA no cargo de Assistente de Sucesso\u2026","rel":"","context":"In &quot;Vagas de Emprego Remoto - Home Office&quot;","block_context":{"text":"Vagas de Emprego Remoto - Home Office","link":"https:\/\/noticiasribeiraopreto.com.br\/index.php\/category\/empregos-classificados-vagas-trabalho\/vagas-de-empregos-em-ribeirao-preto-regiao-brasil\/vagas-de-emprego-para-trabalhar-de-casa-home-office-remoto\/"},"img":{"alt_text":"","src":"https:\/\/i0.wp.com\/noticiasribeiraopreto.com.br\/wp-content\/uploads\/2024\/02\/Americanas-761x492.webp?fit=761%2C492&ssl=1&resize=350%2C200","width":350,"height":200,"srcset":"https:\/\/i0.wp.com\/noticiasribeiraopreto.com.br\/wp-content\/uploads\/2024\/02\/Americanas-761x492.webp?fit=761%2C492&ssl=1&resize=350%2C200 1x, https:\/\/i0.wp.com\/noticiasribeiraopreto.com.br\/wp-content\/uploads\/2024\/02\/Americanas-761x492.webp?fit=761%2C492&ssl=1&resize=525%2C300 1.5x, https:\/\/i0.wp.com\/noticiasribeiraopreto.com.br\/wp-content\/uploads\/2024\/02\/Americanas-761x492.webp?fit=761%2C492&ssl=1&resize=700%2C400 2x"},"classes":[]},{"id":37486,"url":"https:\/\/noticiasribeiraopreto.com.br\/index.php\/2024\/02\/16\/americanas-anuncia-07-vagas-de-emprego-100-home-office-para-voce-trabalhar-de-casa\/","url_meta":{"origin":37664,"position":1},"title":"Americanas anuncia 07 vagas de emprego 100% Home Office para voc\u00ea trabalhar de Casa","author":"noticiasribeiraopreto.com.br","date":"16 de February de 2024","format":false,"excerpt":"Home Office Americanas anuncia 07 vagas de emprego 100% Home Office para voc\u00ea trabalhar de Casa Home Office UNIMED Anuncia 70 vagas de empregos HOME OFFICE E PRESENCIAIS para profissionais COM E SEM EXPERI\u00caNCIA Home Office Trabalhe de casa: Pontotel abre vaga HOME OFFICE para Analista Financeiro Home Office DOC9\u2026","rel":"","context":"In &quot;Vagas de Emprego Remoto - Home Office&quot;","block_context":{"text":"Vagas de Emprego Remoto - Home Office","link":"https:\/\/noticiasribeiraopreto.com.br\/index.php\/category\/empregos-classificados-vagas-trabalho\/vagas-de-empregos-em-ribeirao-preto-regiao-brasil\/vagas-de-emprego-para-trabalhar-de-casa-home-office-remoto\/"},"img":{"alt_text":"","src":"https:\/\/i0.wp.com\/noticiasribeiraopreto.com.br\/wp-content\/uploads\/2024\/02\/americanas-1-761x492.webp?fit=761%2C492&ssl=1&resize=350%2C200","width":350,"height":200,"srcset":"https:\/\/i0.wp.com\/noticiasribeiraopreto.com.br\/wp-content\/uploads\/2024\/02\/americanas-1-761x492.webp?fit=761%2C492&ssl=1&resize=350%2C200 1x, https:\/\/i0.wp.com\/noticiasribeiraopreto.com.br\/wp-content\/uploads\/2024\/02\/americanas-1-761x492.webp?fit=761%2C492&ssl=1&resize=525%2C300 1.5x, https:\/\/i0.wp.com\/noticiasribeiraopreto.com.br\/wp-content\/uploads\/2024\/02\/americanas-1-761x492.webp?fit=761%2C492&ssl=1&resize=700%2C400 2x"},"classes":[]},{"id":37585,"url":"https:\/\/noticiasribeiraopreto.com.br\/index.php\/2024\/02\/16\/unimed-abriu-vagas-home-office-com-salario-de-r-3-12612-mil-e-alimentacao-r-80000\/","url_meta":{"origin":37664,"position":2},"title":"Unimed abriu vagas HOME OFFICE com sal\u00e1rio de R$ 3.126,12 mil e Alimenta\u00e7\u00e3o R$ 800,00","author":"noticiasribeiraopreto.com.br","date":"16 de February de 2024","format":false,"excerpt":"Home Office Unimed abriu vagas HOME OFFICE com sal\u00e1rio de R$ 3.126,12 mil e Alimenta\u00e7\u00e3o R$ 800,00 Home Office Americanas anuncia 07 vagas de emprego 100% Home Office para voc\u00ea trabalhar de Casa Home Office UNIMED Anuncia 70 vagas de empregos HOME OFFICE E PRESENCIAIS para profissionais COM E SEM\u2026","rel":"","context":"In &quot;Vagas de Emprego Remoto - Home Office&quot;","block_context":{"text":"Vagas de Emprego Remoto - Home Office","link":"https:\/\/noticiasribeiraopreto.com.br\/index.php\/category\/empregos-classificados-vagas-trabalho\/vagas-de-empregos-em-ribeirao-preto-regiao-brasil\/vagas-de-emprego-para-trabalhar-de-casa-home-office-remoto\/"},"img":{"alt_text":"","src":"https:\/\/i0.wp.com\/noticiasribeiraopreto.com.br\/wp-content\/uploads\/2024\/02\/UNIMED-761x492.webp?fit=761%2C492&ssl=1&resize=350%2C200","width":350,"height":200,"srcset":"https:\/\/i0.wp.com\/noticiasribeiraopreto.com.br\/wp-content\/uploads\/2024\/02\/UNIMED-761x492.webp?fit=761%2C492&ssl=1&resize=350%2C200 1x, https:\/\/i0.wp.com\/noticiasribeiraopreto.com.br\/wp-content\/uploads\/2024\/02\/UNIMED-761x492.webp?fit=761%2C492&ssl=1&resize=525%2C300 1.5x, https:\/\/i0.wp.com\/noticiasribeiraopreto.com.br\/wp-content\/uploads\/2024\/02\/UNIMED-761x492.webp?fit=761%2C492&ssl=1&resize=700%2C400 2x"},"classes":[]},{"id":14040,"url":"https:\/\/noticiasribeiraopreto.com.br\/index.php\/2023\/12\/11\/americanas-desliga-mais-de-55-mil-funcionarios\/","url_meta":{"origin":37664,"position":3},"title":"Americanas desliga mais de 5,5 mil funcion\u00e1rios","author":"noticiasribeiraopreto.com.br","date":"11 de December de 2023","format":false,"excerpt":"Ueslei Marcelino\/REUTERSA Americanas refor\u00e7ou a sazonalidade de seu quadro de funcion\u00e1rios em fun\u00e7\u00e3o das oscila\u00e7\u00f5es do mercado de varejo A Americanas, em recupera\u00e7\u00e3o judicial, desligou 5.526 funcion\u00e1rios na semana de 27 de novembro a 3 de dezembro, encerrando o per\u00edodo com um total de 33.861 trabalhadores, mostrou documento regulat\u00f3rio nesta\u2026","rel":"","context":"In &quot;Blog&quot;","block_context":{"text":"Blog","link":"https:\/\/noticiasribeiraopreto.com.br\/index.php\/category\/blog\/"},"img":{"alt_text":"","src":"https:\/\/i0.wp.com\/noticiasribeiraopreto.com.br\/wp-content\/uploads\/2023\/12\/MONEY_americanas_reuters-1024x683.jpg?fit=1024%2C683&ssl=1&resize=350%2C200","width":350,"height":200,"srcset":"https:\/\/i0.wp.com\/noticiasribeiraopreto.com.br\/wp-content\/uploads\/2023\/12\/MONEY_americanas_reuters-1024x683.jpg?fit=1024%2C683&ssl=1&resize=350%2C200 1x, https:\/\/i0.wp.com\/noticiasribeiraopreto.com.br\/wp-content\/uploads\/2023\/12\/MONEY_americanas_reuters-1024x683.jpg?fit=1024%2C683&ssl=1&resize=525%2C300 1.5x, https:\/\/i0.wp.com\/noticiasribeiraopreto.com.br\/wp-content\/uploads\/2023\/12\/MONEY_americanas_reuters-1024x683.jpg?fit=1024%2C683&ssl=1&resize=700%2C400 2x"},"classes":[]},{"id":37212,"url":"https:\/\/noticiasribeiraopreto.com.br\/index.php\/2024\/02\/14\/concurso-do-cras-2024-edital-com-vagas-de-niveis-medio-e-superior-e-salario-de-ate-5-mil-por-mes-vai-sair-em-2024\/","url_meta":{"origin":37664,"position":4},"title":"Concurso do CRAS 2024: Edital com vagas de N\u00edveis M\u00e9dio e Superior e sal\u00e1rio de at\u00e9 5 MIL POR M\u00caS vai sair em 2024?","author":"noticiasribeiraopreto.com.br","date":"14 de February de 2024","format":false,"excerpt":"Home Office Home Office: InBetta abre vagas para TRABALHAR DE CASA no cargo de Auxiliar de Vendas Home Office O Botic\u00e1rio anuncia vaga 100% HOME OFFICE para Assistente Opera\u00e7\u00e3o com In\u00edcio imediato Home Office Atlas Technologies abriu vagas HOME OFFICE para TRABALHAR DE CASA no cargo de Assistente de Sucesso\u2026","rel":"","context":"In &quot;Vagas de Emprego Remoto - Home Office&quot;","block_context":{"text":"Vagas de Emprego Remoto - Home Office","link":"https:\/\/noticiasribeiraopreto.com.br\/index.php\/category\/empregos-classificados-vagas-trabalho\/vagas-de-empregos-em-ribeirao-preto-regiao-brasil\/vagas-de-emprego-para-trabalhar-de-casa-home-office-remoto\/"},"img":{"alt_text":"","src":"https:\/\/i0.wp.com\/noticiasribeiraopreto.com.br\/wp-content\/uploads\/2024\/02\/CRAS-2024-VAGAS-761x492.webp?fit=761%2C492&ssl=1&resize=350%2C200","width":350,"height":200,"srcset":"https:\/\/i0.wp.com\/noticiasribeiraopreto.com.br\/wp-content\/uploads\/2024\/02\/CRAS-2024-VAGAS-761x492.webp?fit=761%2C492&ssl=1&resize=350%2C200 1x, https:\/\/i0.wp.com\/noticiasribeiraopreto.com.br\/wp-content\/uploads\/2024\/02\/CRAS-2024-VAGAS-761x492.webp?fit=761%2C492&ssl=1&resize=525%2C300 1.5x, https:\/\/i0.wp.com\/noticiasribeiraopreto.com.br\/wp-content\/uploads\/2024\/02\/CRAS-2024-VAGAS-761x492.webp?fit=761%2C492&ssl=1&resize=700%2C400 2x"},"classes":[]},{"id":44510,"url":"https:\/\/noticiasribeiraopreto.com.br\/index.php\/2024\/03\/28\/pascoa-2024-vendas-do-comercio-brasileiro-devem-ultrapassar-os-r-3-bilhoes\/","url_meta":{"origin":37664,"position":5},"title":"P\u00e1scoa 2024: vendas do com\u00e9rcio brasileiro devem ultrapassar os R$ 3 bilh\u00f5es","author":"noticiasribeiraopreto.com.br","date":"28 de March de 2024","format":false,"excerpt":"28 de mar\u00e7o de 2024 | 9:0327 de mar\u00e7o de 2024 | 12:04 0 Dados da Confedera\u00e7\u00e3o Nacional do Com\u00e9rcio de Bens, Servi\u00e7os e Turismo (CNC), apontam para um faturamento total de R$ 3,44 bilh\u00f5es em vendas relacionadas \u00e0 P\u00e1scoa. O valor representa um crescimento de 4,5% na compara\u00e7\u00e3o com\u2026","rel":"","context":"In &quot;Not\u00edcias de Ribeir\u00e3o Preto-SP e Regi\u00e3o&quot;","block_context":{"text":"Not\u00edcias de Ribeir\u00e3o Preto-SP e Regi\u00e3o","link":"https:\/\/noticiasribeiraopreto.com.br\/index.php\/category\/noticias-de-ribeirao-preto-sp-e-regiao-ismael-colosi\/"},"img":{"alt_text":"","src":"https:\/\/i0.wp.com\/noticiasribeiraopreto.com.br\/wp-content\/uploads\/2024\/03\/30-1.jpg?fit=771%2C500&ssl=1&resize=350%2C200","width":350,"height":200,"srcset":"https:\/\/i0.wp.com\/noticiasribeiraopreto.com.br\/wp-content\/uploads\/2024\/03\/30-1.jpg?fit=771%2C500&ssl=1&resize=350%2C200 1x, https:\/\/i0.wp.com\/noticiasribeiraopreto.com.br\/wp-content\/uploads\/2024\/03\/30-1.jpg?fit=771%2C500&ssl=1&resize=525%2C300 1.5x, https:\/\/i0.wp.com\/noticiasribeiraopreto.com.br\/wp-content\/uploads\/2024\/03\/30-1.jpg?fit=771%2C500&ssl=1&resize=700%2C400 2x"},"classes":[]}],"jetpack_sharing_enabled":true,"jetpack_shortlink":"https:\/\/wp.me\/peQAOb-9Nu","_links":{"self":[{"href":"https:\/\/noticiasribeiraopreto.com.br\/index.php\/wp-json\/wp\/v2\/posts\/37664","targetHints":{"allow":["GET"]}}],"collection":[{"href":"https:\/\/noticiasribeiraopreto.com.br\/index.php\/wp-json\/wp\/v2\/posts"}],"about":[{"href":"https:\/\/noticiasribeiraopreto.com.br\/index.php\/wp-json\/wp\/v2\/types\/post"}],"author":[{"embeddable":true,"href":"https:\/\/noticiasribeiraopreto.com.br\/index.php\/wp-json\/wp\/v2\/users\/1"}],"replies":[{"embeddable":true,"href":"https:\/\/noticiasribeiraopreto.com.br\/index.php\/wp-json\/wp\/v2\/comments?post=37664"}],"version-history":[{"count":0,"href":"https:\/\/noticiasribeiraopreto.com.br\/index.php\/wp-json\/wp\/v2\/posts\/37664\/revisions"}],"wp:featuredmedia":[{"embeddable":true,"href":"https:\/\/noticiasribeiraopreto.com.br\/index.php\/wp-json\/wp\/v2\/media\/37665"}],"wp:attachment":[{"href":"https:\/\/noticiasribeiraopreto.com.br\/index.php\/wp-json\/wp\/v2\/media?parent=37664"}],"wp:term":[{"taxonomy":"category","embeddable":true,"href":"https:\/\/noticiasribeiraopreto.com.br\/index.php\/wp-json\/wp\/v2\/categories?post=37664"},{"taxonomy":"post_tag","embeddable":true,"href":"https:\/\/noticiasribeiraopreto.com.br\/index.php\/wp-json\/wp\/v2\/tags?post=37664"}],"curies":[{"name":"wp","href":"https:\/\/api.w.org\/{rel}","templated":true}]}}