{"id":37670,"date":"2024-02-17T16:23:30","date_gmt":"2024-02-17T19:23:30","guid":{"rendered":"https:\/\/noticiasribeiraopreto.com.br\/index.php\/2024\/02\/17\/fies-social-atendera-alunos-de-baixa-renda\/"},"modified":"2024-02-17T16:23:30","modified_gmt":"2024-02-17T19:23:30","slug":"fies-social-atendera-alunos-de-baixa-renda","status":"publish","type":"post","link":"https:\/\/noticiasribeiraopreto.com.br\/index.php\/2024\/02\/17\/fies-social-atendera-alunos-de-baixa-renda\/","title":{"rendered":"Fies Social atender\u00e1 alunos de baixa renda\u00a0"},"content":{"rendered":"<div class='code-block code-block-1' style='margin: 8px 0 8px auto; text-align: right; display: block; clear: both;'>\n<p><a href=\"https:\/\/wa.link\/vpicfd\"><img data-recalc-dims=\"1\" class=\"wp-image-4922\" style=\"aspect-ratio: 2.0253164556962027; width: 561px; height: auto;\" src=\"https:\/\/i0.wp.com\/ismaelcolosi.com.br\/wp-content\/uploads\/2023\/11\/grupo-de-empregos-whatsapp-e-facebook-ismael-colosi-vagas.jpg?ssl=1\" alt=\"\" \/><\/a><\/p>\n<!-- \/wp:image -->\n<\/div>\n<p> <br \/>\n<\/p>\n<div id=\"post-374041\">\n<header class=\"entry-header penci-entry-header penci-title-center\">\n<p> <span class=\"entry-meta-item penci-posted-on\"><i class=\"fa fa-clock-o\"\/><time class=\"entry-date published\" datetime=\"2024-02-17T16:00:41-03:00\">17 de fevereiro de 2024 | 16:00<\/time><time class=\"updated\" datetime=\"2024-02-17T09:21:31-03:00\">17 de fevereiro de 2024 | 9:21<\/time><\/span><\/p>\n<p> <span class=\"penci-social-buttons penci-social-share-footer\"><a href=\"#\" class=\"penci-post-like penci_post-meta_item  single-like-button penci-social-item like\" data-post_id=\"374041\" title=\"Like\" data-like=\"Like\" data-unlike=\"Unlike\"><i class=\"fa fa-thumbs-o-up\"\/><span class=\"penci-share-number\">0<\/span><\/a><i class=\"fa fa-facebook\"\/><a class=\"penci-social-item twitter\" target=\"_blank\" rel=\"noopener\" title=\"\" href=\"https:\/\/twitter.com\/intent\/tweet?text=Fies%20Social%20atender\u00e1%20alunos%20de%20baixa%20renda\u00a0%20-%20https:\/\/www.tribunaribeirao.com.br\/site\/fies-social-atendera-alunos-de-baixa-renda\/\"><i class=\"fa fa-twitter\"\/><\/a><i class=\"fa fa-whatsapp\"\/><\/span><\/header>\n<div class=\"penci-entry-content entry-content\">\n<p><span class=\"TextRun SCXW159271517 BCX0\" lang=\"PT-BR\" xml:lang=\"PT-BR\" data-contrast=\"auto\"><span class=\"NormalTextRun SCXW159271517 BCX0\">O Minist\u00e9rio da Educa\u00e7\u00e3o (MEC) lan\u00e7ou nova vers\u00e3o do Fundo de Financiamento Estudantil, <\/span><span class=\"NormalTextRun SCXW159271517 BCX0\">o<\/span><span class=\"NormalTextRun SCXW159271517 BCX0\"> Fies Social, que vai custear 100% em institui\u00e7\u00e3o de ensino superior, aos estudantes com renda familiar de at\u00e9 meio <\/span><span class=\"NormalTextRun ContextualSpellingAndGrammarErrorV2Themed SCXW159271517 BCX0\">sal\u00e1rio m\u00ednimo<\/span><span class=\"NormalTextRun SCXW159271517 BCX0\"> e inscritos no Cadastro \u00danico para Programas Sociais do Governo Federal (<\/span><span class=\"NormalTextRun SpellingErrorV2Themed SCXW159271517 BCX0\">Cad\u00danico<\/span><span class=\"NormalTextRun SCXW159271517 BCX0\">).\u00a0<\/span><\/span><span class=\"LineBreakBlob BlobObject DragDrop SCXW159271517 BCX0\"><br class=\"SCXW159271517 BCX0\"\/><\/span><span class=\"LineBreakBlob BlobObject DragDrop SCXW159271517 BCX0\"><span class=\"SCXW159271517 BCX0\">\u00a0<\/span><br class=\"SCXW159271517 BCX0\"\/><\/span><span class=\"TextRun SCXW159271517 BCX0\" lang=\"PT-BR\" xml:lang=\"PT-BR\" data-contrast=\"auto\"><span class=\"NormalTextRun SCXW159271517 BCX0\">De acordo com as regras, os estudantes que se enquadrem nesse perfil n\u00e3o ficar\u00e3o sujeitos ao c\u00e1lculo de comprometimento da renda mensal para definir o percentual financi\u00e1vel, mas \u00e9 necess\u00e1rio que o custo do curso a ser financiado esteja dentro dos limites estabelecidos pelo programa, que determina atualmente teto de R$ 60 mil anuais, para medicina, e R$42,9 mil para outros cursos.<\/span><\/span><span class=\"LineBreakBlob BlobObject DragDrop SCXW159271517 BCX0\"><span class=\"SCXW159271517 BCX0\">\u00a0<\/span><br class=\"SCXW159271517 BCX0\"\/><\/span><span class=\"LineBreakBlob BlobObject DragDrop SCXW159271517 BCX0\"><span class=\"SCXW159271517 BCX0\">\u00a0<\/span><br class=\"SCXW159271517 BCX0\"\/><\/span><span class=\"TextRun SCXW159271517 BCX0\" lang=\"PT-BR\" xml:lang=\"PT-BR\" data-contrast=\"auto\"><span class=\"NormalTextRun SCXW159271517 BCX0\">Foi estabelecido que metade das ofertas viabilizadas pela disponibilidade de or\u00e7amento<\/span><span class=\"NormalTextRun SCXW159271517 BCX0\">, dever\u00e3o<\/span><span class=\"NormalTextRun SCXW159271517 BCX0\"> ser destinadas aos estudantes de baixa renda, com a aplica\u00e7\u00e3o da reserva de vagas para estudantes <\/span><span class=\"NormalTextRun SCXW159271517 BCX0\">autodeclarados<\/span><span class=\"NormalTextRun SCXW159271517 BCX0\"> pretos, pardos, ind\u00edgenas e quilombolas e de pessoas com defici\u00eancia, de acordo com a propor\u00e7\u00e3o na popula\u00e7\u00e3o da unidade federativa onde funciona a institui\u00e7\u00e3o de ensino.<\/span><\/span><span class=\"LineBreakBlob BlobObject DragDrop SCXW159271517 BCX0\"><span class=\"SCXW159271517 BCX0\">\u00a0<\/span><br class=\"SCXW159271517 BCX0\"\/><\/span><span class=\"LineBreakBlob BlobObject DragDrop SCXW159271517 BCX0\"><span class=\"SCXW159271517 BCX0\">\u00a0<\/span><br class=\"SCXW159271517 BCX0\"\/><\/span><span class=\"TextRun SCXW159271517 BCX0\" lang=\"PT-BR\" xml:lang=\"PT-BR\" data-contrast=\"auto\"><span class=\"NormalTextRun SCXW159271517 BCX0\">As vagas remanescentes, dever\u00e3o primeiro ser aplicadas aos estudantes das pol\u00edticas de a\u00e7\u00f5es afirmativas e depois abertas \u00e0 ampla concorr\u00eancia.<\/span> <span class=\"NormalTextRun SCXW159271517 BCX0\">De acordo com o MEC, o Fies Social j\u00e1 ser\u00e1 disponibilizado a partir do segundo semestre de 2024 e a resolu\u00e7\u00e3o que cria a modalidade do programa, permite, ainda, a possibilidade de que sejam estabelecidos cursos priorit\u00e1rios para o financiamento integral, conforme o que venha a ser estabelecido em cada edital.<\/span><\/span><span class=\"LineBreakBlob BlobObject DragDrop SCXW159271517 BCX0\"><span class=\"SCXW159271517 BCX0\">\u00a0<\/span><br class=\"SCXW159271517 BCX0\"\/><\/span><span class=\"LineBreakBlob BlobObject DragDrop SCXW159271517 BCX0\"><span class=\"SCXW159271517 BCX0\">\u00a0<\/span><br class=\"SCXW159271517 BCX0\"\/><\/span><span class=\"TextRun SCXW159271517 BCX0\" lang=\"PT-BR\" xml:lang=\"PT-BR\" data-contrast=\"auto\"><span class=\"NormalTextRun SCXW159271517 BCX0\">O Fies \u00e9 a pol\u00edtica p\u00fablica que concede financiamento aos estudantes inscritos em cursos pagos, de institui\u00e7\u00f5es de ensino superior que tenham aderido ao programa e sejam avaliadas positivamente pelo Sistema Nacional de Avalia\u00e7\u00e3o da Educa\u00e7\u00e3o Superior (<\/span><span class=\"NormalTextRun SCXW159271517 BCX0\">Sinaes<\/span><span class=\"NormalTextRun SCXW159271517 BCX0\">).<\/span> <span class=\"NormalTextRun SCXW159271517 BCX0\">O candidato ao financiamento precisa participar do Exame Nacional do Ensino M\u00e9dio (Enem) e alcan\u00e7ar notas <\/span><span class=\"NormalTextRun SCXW159271517 BCX0\">m\u00e9dias igual<\/span><span class=\"NormalTextRun SCXW159271517 BCX0\"> ou superior a 450 pontos, al\u00e9m de n\u00e3o zerar a reda\u00e7\u00e3o.<\/span><\/span><span class=\"LineBreakBlob BlobObject DragDrop SCXW159271517 BCX0\"><span class=\"SCXW159271517 BCX0\">\u00a0<\/span><br class=\"SCXW159271517 BCX0\"\/><\/span><span class=\"LineBreakBlob BlobObject DragDrop SCXW159271517 BCX0\"><span class=\"SCXW159271517 BCX0\">\u00a0<\/span><br class=\"SCXW159271517 BCX0\"\/><\/span><\/p>\n<\/div>\n<footer class=\"penci-entry-footer\"\/><\/div>\n<p><script async src=\"\/\/platform.twitter.com\/widgets.js\" charset=\"utf-8\"><\/script><br \/>\n<br \/><br \/>\n<br \/><a href=\"https:\/\/www.tribunaribeirao.com.br\/site\/fies-social-atendera-alunos-de-baixa-renda\/\">Source link <\/a><\/p>\n<!-- CONTENT END 1 -->\n","protected":false},"excerpt":{"rendered":"<p>17 de fevereiro de 2024 | 16:0017 de fevereiro de 2024 | 9:21 0 O Minist\u00e9rio da Educa\u00e7\u00e3o (MEC) lan\u00e7ou nova vers\u00e3o do Fundo de&#8230;<\/p>\n","protected":false},"author":1,"featured_media":37671,"comment_status":"open","ping_status":"open","sticky":false,"template":"","format":"standard","meta":{"advanced_seo_description":"","jetpack_seo_html_title":"","jetpack_seo_noindex":false,"jetpack_post_was_ever_published":false,"_jetpack_newsletter_access":"","_jetpack_dont_email_post_to_subs":false,"_jetpack_newsletter_tier_id":0,"_jetpack_memberships_contains_paywalled_content":false,"_jetpack_memberships_contains_paid_content":false,"footnotes":"","jetpack_publicize_message":"","jetpack_publicize_feature_enabled":true,"jetpack_social_post_already_shared":true,"jetpack_social_options":{"image_generator_settings":{"template":"highway","default_image_id":0,"font":"","enabled":false},"version":2}},"categories":[11],"tags":[1594,1642,511,882,2550,1754],"class_list":["post-37670","post","type-post","status-publish","format-standard","has-post-thumbnail","hentry","category-noticias-de-ribeirao-preto-sp-e-regiao-ismael-colosi","tag-alunos","tag-atendera","tag-baixa","tag-fies","tag-renda","tag-social"],"jetpack_publicize_connections":[],"jetpack_featured_media_url":"https:\/\/i0.wp.com\/noticiasribeiraopreto.com.br\/wp-content\/uploads\/2024\/02\/Fies-Marcos-Santos-USP-Imagens-scaled.jpg?fit=1000%2C608&ssl=1","jetpack-related-posts":[{"id":27178,"url":"https:\/\/noticiasribeiraopreto.com.br\/index.php\/2024\/01\/11\/programa-voa-brasil-atendera-dois-grupos\/","url_meta":{"origin":37670,"position":0},"title":"Programa Voa Brasil atender\u00e1 dois grupos","author":"noticiasribeiraopreto.com.br","date":"11 de January de 2024","format":false,"excerpt":"11 de janeiro de 2024 | 16:0011 de janeiro de 2024 | 9:40 0Aposentados do Instituto Nacional do Seguro Social (INSS) e bolsistas do Programa Universidade para Todos (Prouni) ser\u00e3o os primeiros segmentos beneficiados pelo Programa Voa Brasil, que vai assegurar passagens a\u00e9reas a R$ 200 por trecho. Previsto desde\u2026","rel":"","context":"In &quot;Not\u00edcias de Ribeir\u00e3o Preto-SP e Regi\u00e3o&quot;","block_context":{"text":"Not\u00edcias de Ribeir\u00e3o Preto-SP e Regi\u00e3o","link":"https:\/\/noticiasribeiraopreto.com.br\/index.php\/category\/noticias-de-ribeirao-preto-sp-e-regiao-ismael-colosi\/"},"img":{"alt_text":"","src":"https:\/\/i0.wp.com\/noticiasribeiraopreto.com.br\/wp-content\/uploads\/2024\/01\/download.jpg?fit=1000%2C563&ssl=1&resize=350%2C200","width":350,"height":200,"srcset":"https:\/\/i0.wp.com\/noticiasribeiraopreto.com.br\/wp-content\/uploads\/2024\/01\/download.jpg?fit=1000%2C563&ssl=1&resize=350%2C200 1x, https:\/\/i0.wp.com\/noticiasribeiraopreto.com.br\/wp-content\/uploads\/2024\/01\/download.jpg?fit=1000%2C563&ssl=1&resize=525%2C300 1.5x, https:\/\/i0.wp.com\/noticiasribeiraopreto.com.br\/wp-content\/uploads\/2024\/01\/download.jpg?fit=1000%2C563&ssl=1&resize=700%2C400 2x"},"classes":[]},{"id":38442,"url":"https:\/\/noticiasribeiraopreto.com.br\/index.php\/2024\/02\/20\/prazo-para-adesao-ao-programa-pe-de-meia-termina-no-proximo-domingo\/","url_meta":{"origin":37670,"position":1},"title":"Prazo para ades\u00e3o ao Programa P\u00e9-de-Meia termina no pr\u00f3ximo domingo","author":"noticiasribeiraopreto.com.br","date":"20 de February de 2024","format":false,"excerpt":"19 de fevereiro de 2024 | 14:0019 de fevereiro de 2024 | 10:44 0Termina no pr\u00f3ximo domingo (25) o prazo para a assinatura do termo de compromisso das redes federais, estaduais, distrital e municipais com o Programa P\u00e9-de-Meia, institu\u00eddo pelo governo federal como uma esp\u00e9cie de poupan\u00e7a que serve de\u2026","rel":"","context":"In &quot;Not\u00edcias de Ribeir\u00e3o Preto-SP e Regi\u00e3o&quot;","block_context":{"text":"Not\u00edcias de Ribeir\u00e3o Preto-SP e Regi\u00e3o","link":"https:\/\/noticiasribeiraopreto.com.br\/index.php\/category\/noticias-de-ribeirao-preto-sp-e-regiao-ismael-colosi\/"},"img":{"alt_text":"","src":"https:\/\/i0.wp.com\/noticiasribeiraopreto.com.br\/wp-content\/uploads\/2024\/02\/cederj.jpg?fit=600%2C400&ssl=1&resize=350%2C200","width":350,"height":200,"srcset":"https:\/\/i0.wp.com\/noticiasribeiraopreto.com.br\/wp-content\/uploads\/2024\/02\/cederj.jpg?fit=600%2C400&ssl=1&resize=350%2C200 1x, https:\/\/i0.wp.com\/noticiasribeiraopreto.com.br\/wp-content\/uploads\/2024\/02\/cederj.jpg?fit=600%2C400&ssl=1&resize=525%2C300 1.5x"},"classes":[]},{"id":16101,"url":"https:\/\/noticiasribeiraopreto.com.br\/index.php\/2023\/12\/14\/bolsa-auxilio-para-alunos-continuarem-estudando-foi-aprovada\/","url_meta":{"origin":37670,"position":2},"title":"Bolsa Aux\u00edlio para alunos continuarem estudando foi APROVADA!","author":"noticiasribeiraopreto.com.br","date":"14 de December de 2023","format":false,"excerpt":"A educa\u00e7\u00e3o \u00e9 um dos pilares fundamentais para o desenvolvimento de um pa\u00eds. Infelizmente, muitos estudantes brasileiros enfrentam dificuldades financeiras que os impedem de continuar seus estudos. Para combater esse problema, a C\u00e2mara dos Deputados aprovou um projeto de lei que cria um incentivo financeiro para alunos de baixa renda\u2026","rel":"","context":"In &quot;Vagas de Emprego em Ribeir\u00e3o Preto-SP&quot;","block_context":{"text":"Vagas de Emprego em Ribeir\u00e3o Preto-SP","link":"https:\/\/noticiasribeiraopreto.com.br\/index.php\/category\/empregos-classificados-vagas-trabalho\/vagas-de-empregos-em-ribeirao-preto-regiao-brasil\/"},"img":{"alt_text":"","src":"","width":0,"height":0},"classes":[]},{"id":71887,"url":"https:\/\/noticiasribeiraopreto.com.br\/index.php\/2025\/06\/11\/jornal-da-franca-nova-escola-no-jardim-adelinha-entra-na-reta-final-e-tera-capacidade-para-780-alunos\/","url_meta":{"origin":37670,"position":3},"title":"Jornal da Franca &#8211; Nova escola no Jardim Adelinha entra na reta final e ter\u00e1 capacidade para 780 alunos","author":"noticiasribeiraopreto.com.br","date":"11 de June de 2025","format":false,"excerpt":"compartilhar no whatsapp compartilhar no telegram compartilhar no facebook compartilhar no linkedin Unidade levar\u00e1 o nome da professora S\u00f4nia Menezes Pizzo e ser\u00e1 entregue no segundo semestre com estrutura moderna e acess\u00edvel Unidade atender\u00e1 crian\u00e7as de seis bairros e segue padr\u00f5es do FNDE \u00a0 As obras da nova Escola Municipal\u2026","rel":"","context":"In &quot;Not\u00edcias de Franca-SP&quot;","block_context":{"text":"Not\u00edcias de Franca-SP","link":"https:\/\/noticiasribeiraopreto.com.br\/index.php\/category\/noticias-de-ribeirao-preto-sp-e-regiao-ismael-colosi\/noticias-franca-sp\/"},"img":{"alt_text":"","src":"https:\/\/i0.wp.com\/noticiasribeiraopreto.com.br\/wp-content\/uploads\/2025\/06\/escola-Adelinha-1.jpeg?fit=1200%2C675&ssl=1&resize=350%2C200","width":350,"height":200,"srcset":"https:\/\/i0.wp.com\/noticiasribeiraopreto.com.br\/wp-content\/uploads\/2025\/06\/escola-Adelinha-1.jpeg?fit=1200%2C675&ssl=1&resize=350%2C200 1x, https:\/\/i0.wp.com\/noticiasribeiraopreto.com.br\/wp-content\/uploads\/2025\/06\/escola-Adelinha-1.jpeg?fit=1200%2C675&ssl=1&resize=525%2C300 1.5x, https:\/\/i0.wp.com\/noticiasribeiraopreto.com.br\/wp-content\/uploads\/2025\/06\/escola-Adelinha-1.jpeg?fit=1200%2C675&ssl=1&resize=700%2C400 2x, https:\/\/i0.wp.com\/noticiasribeiraopreto.com.br\/wp-content\/uploads\/2025\/06\/escola-Adelinha-1.jpeg?fit=1200%2C675&ssl=1&resize=1050%2C600 3x"},"classes":[]},{"id":65348,"url":"https:\/\/noticiasribeiraopreto.com.br\/index.php\/2025\/03\/19\/rede-de-cursinhos-populares-garante-bolsa-de-r-200-para-estudantes-em-situacao-de-vulnerabilidade\/","url_meta":{"origin":37670,"position":4},"title":"Rede de Cursinhos Populares Garante Bolsa de R$ 200 para Estudantes em Situa\u00e7\u00e3o de Vulnerabilidade","author":"noticiasribeiraopreto.com.br","date":"19 de March de 2025","format":false,"excerpt":"A Rede de Cursinhos Populares, projeto que busca ampliar o acesso ao ensino superior para estudantes de baixa renda, anunciou uma nova iniciativa que promete impactar a vida de milhares de jovens em todo o Brasil. A partir de 2025, alunos matriculados nos cursinhos populares poder\u00e3o receber uma bolsa mensal\u2026","rel":"","context":"In &quot;Not\u00edcias de Ribeir\u00e3o Preto-SP e Regi\u00e3o&quot;","block_context":{"text":"Not\u00edcias de Ribeir\u00e3o Preto-SP e Regi\u00e3o","link":"https:\/\/noticiasribeiraopreto.com.br\/index.php\/category\/noticias-de-ribeirao-preto-sp-e-regiao-ismael-colosi\/"},"img":{"alt_text":"","src":"https:\/\/i0.wp.com\/noticiasribeiraopreto.com.br\/wp-content\/uploads\/2025\/03\/img_4059.webp.webp?fit=1170%2C700&ssl=1&resize=350%2C200","width":350,"height":200,"srcset":"https:\/\/i0.wp.com\/noticiasribeiraopreto.com.br\/wp-content\/uploads\/2025\/03\/img_4059.webp.webp?fit=1170%2C700&ssl=1&resize=350%2C200 1x, https:\/\/i0.wp.com\/noticiasribeiraopreto.com.br\/wp-content\/uploads\/2025\/03\/img_4059.webp.webp?fit=1170%2C700&ssl=1&resize=525%2C300 1.5x, https:\/\/i0.wp.com\/noticiasribeiraopreto.com.br\/wp-content\/uploads\/2025\/03\/img_4059.webp.webp?fit=1170%2C700&ssl=1&resize=700%2C400 2x, https:\/\/i0.wp.com\/noticiasribeiraopreto.com.br\/wp-content\/uploads\/2025\/03\/img_4059.webp.webp?fit=1170%2C700&ssl=1&resize=1050%2C600 3x"},"classes":[]},{"id":10044,"url":"https:\/\/noticiasribeiraopreto.com.br\/index.php\/2023\/12\/03\/criado-programa-de-bolsa-e-poupanca-para-estudantes-de-baixa-renda\/","url_meta":{"origin":37670,"position":5},"title":"Criado programa de bolsa e poupan\u00e7a para estudantes de baixa renda","author":"noticiasribeiraopreto.com.br","date":"3 de December de 2023","format":false,"excerpt":"O governo federal lan\u00e7ou um programa de bolsa perman\u00eancia e de poupan\u00e7a para estudantes de baixa renda que est\u00e3o no ensino m\u00e9dio. O objetivo \u00e9 incentivar a perman\u00eancia e conclus\u00e3o dos estudos pelos jovens. Cr\u00e9ditos: Arquivo\/Ag\u00eancia BrasilCriado programa de bolsa e poupan\u00e7a para estudantes de baixa renda O programa prev\u00ea\u2026","rel":"","context":"In &quot;Variedades&quot;","block_context":{"text":"Variedades","link":"https:\/\/noticiasribeiraopreto.com.br\/index.php\/category\/variedades\/"},"img":{"alt_text":"","src":"https:\/\/i0.wp.com\/noticiasribeiraopreto.com.br\/wp-content\/uploads\/2023\/12\/sala-de-aula.jpg?fit=1200%2C638&ssl=1&resize=350%2C200","width":350,"height":200,"srcset":"https:\/\/i0.wp.com\/noticiasribeiraopreto.com.br\/wp-content\/uploads\/2023\/12\/sala-de-aula.jpg?fit=1200%2C638&ssl=1&resize=350%2C200 1x, https:\/\/i0.wp.com\/noticiasribeiraopreto.com.br\/wp-content\/uploads\/2023\/12\/sala-de-aula.jpg?fit=1200%2C638&ssl=1&resize=525%2C300 1.5x, https:\/\/i0.wp.com\/noticiasribeiraopreto.com.br\/wp-content\/uploads\/2023\/12\/sala-de-aula.jpg?fit=1200%2C638&ssl=1&resize=700%2C400 2x, https:\/\/i0.wp.com\/noticiasribeiraopreto.com.br\/wp-content\/uploads\/2023\/12\/sala-de-aula.jpg?fit=1200%2C638&ssl=1&resize=1050%2C600 3x"},"classes":[]}],"jetpack_sharing_enabled":true,"jetpack_shortlink":"https:\/\/wp.me\/peQAOb-9NA","_links":{"self":[{"href":"https:\/\/noticiasribeiraopreto.com.br\/index.php\/wp-json\/wp\/v2\/posts\/37670","targetHints":{"allow":["GET"]}}],"collection":[{"href":"https:\/\/noticiasribeiraopreto.com.br\/index.php\/wp-json\/wp\/v2\/posts"}],"about":[{"href":"https:\/\/noticiasribeiraopreto.com.br\/index.php\/wp-json\/wp\/v2\/types\/post"}],"author":[{"embeddable":true,"href":"https:\/\/noticiasribeiraopreto.com.br\/index.php\/wp-json\/wp\/v2\/users\/1"}],"replies":[{"embeddable":true,"href":"https:\/\/noticiasribeiraopreto.com.br\/index.php\/wp-json\/wp\/v2\/comments?post=37670"}],"version-history":[{"count":0,"href":"https:\/\/noticiasribeiraopreto.com.br\/index.php\/wp-json\/wp\/v2\/posts\/37670\/revisions"}],"wp:featuredmedia":[{"embeddable":true,"href":"https:\/\/noticiasribeiraopreto.com.br\/index.php\/wp-json\/wp\/v2\/media\/37671"}],"wp:attachment":[{"href":"https:\/\/noticiasribeiraopreto.com.br\/index.php\/wp-json\/wp\/v2\/media?parent=37670"}],"wp:term":[{"taxonomy":"category","embeddable":true,"href":"https:\/\/noticiasribeiraopreto.com.br\/index.php\/wp-json\/wp\/v2\/categories?post=37670"},{"taxonomy":"post_tag","embeddable":true,"href":"https:\/\/noticiasribeiraopreto.com.br\/index.php\/wp-json\/wp\/v2\/tags?post=37670"}],"curies":[{"name":"wp","href":"https:\/\/api.w.org\/{rel}","templated":true}]}}