{"id":37773,"date":"2024-02-18T13:00:37","date_gmt":"2024-02-18T16:00:37","guid":{"rendered":"https:\/\/noticiasribeiraopreto.com.br\/index.php\/2024\/02\/18\/policia-detem-onze-pessoas-em-onibus-com-aves-silvestres-na-regiao-de-ribeirao\/"},"modified":"2024-02-18T13:00:37","modified_gmt":"2024-02-18T16:00:37","slug":"policia-detem-onze-pessoas-em-onibus-com-aves-silvestres-na-regiao-de-ribeirao","status":"publish","type":"post","link":"https:\/\/noticiasribeiraopreto.com.br\/index.php\/2024\/02\/18\/policia-detem-onze-pessoas-em-onibus-com-aves-silvestres-na-regiao-de-ribeirao\/","title":{"rendered":"Pol\u00edcia det\u00e9m onze pessoas em \u00f4nibus com aves silvestres na regi\u00e3o de Ribeir\u00e3o"},"content":{"rendered":"<div class='code-block code-block-1' style='margin: 8px 0 8px auto; text-align: right; display: block; clear: both;'>\n<p><a href=\"https:\/\/wa.link\/vpicfd\"><img data-recalc-dims=\"1\" class=\"wp-image-4922\" style=\"aspect-ratio: 2.0253164556962027; width: 561px; height: auto;\" src=\"https:\/\/i0.wp.com\/ismaelcolosi.com.br\/wp-content\/uploads\/2023\/11\/grupo-de-empregos-whatsapp-e-facebook-ismael-colosi-vagas.jpg?ssl=1\" alt=\"\" \/><\/a><\/p>\n<!-- \/wp:image -->\n<\/div>\n<p> <br \/>\n<\/p>\n<div>\n<p>A <strong>Pol\u00edcia Militar Ambiental<\/strong> deteve onze pessoas por<strong> maus-tratos e transporte ilegal de 67 aves silvestres<\/strong>, neste s\u00e1bado (17), na rodovia Jo\u00e3o Traficante, em <strong>Franca<\/strong>, cidade na regi\u00e3o de <strong>Ribeir\u00e3o Preto<\/strong>.<\/p>\n<p>De acordo com as informa\u00e7\u00f5es do boletim de ocorr\u00eancia (BO), um <strong>bloqueio policial foi montado pr\u00f3ximo a um posto de combust\u00edveis da rodovia<\/strong>, na divisa entre <strong>S\u00e3o Paulo<\/strong> e <strong>Minas Gerais<\/strong>, ap\u00f3s den\u00fancia de que <strong>passageiros estavam transportando as aves no ve\u00edculo vindo de Ibiraci-MG.<\/strong><\/p>\n<p><mark style=\"background-color:#fcb900\" class=\"has-inline-color\">Durante a abordagem, os policiais realizaram buscas no \u00f4nibus e nas bagagens de 41 passageiros, sendo que<strong> onze pessoas foram identificadas como os respons\u00e1veis pelas aves<\/strong>.<\/mark><\/p>\n<p>Entre as esp\u00e9cies havia <strong>36 coleirinhos<\/strong> (um deles morto) e <strong>30 trinca-ferros.<\/strong> Al\u00e9m dos p\u00e1ssaros, foram apreendidas, 07 caixas de conten\u00e7\u00e3o e 21 gaiolas.<\/p>\n<p>Ainda de acordo com as autoridades, as aves estavam acondicionadas em <strong>caixas e transportadores inadequados<\/strong>, muitas sem \u00e1gua ou alimenta\u00e7\u00e3o e com excesso de aves no espa\u00e7o.<\/p>\n<h4 class=\"wp-block-heading\"><strong>Multa e pris\u00e3o<\/strong><\/h4>\n<p>Na <strong>esfera administrativa<\/strong>, foram elaborados onze autos de infra\u00e7\u00e3o ambiental (AIA), totalizando<strong> R$ 204 mil pela pr\u00e1tica de maus tratos<\/strong> e <strong>R$ 33,5 mil pelo tr\u00e1fico de aves<\/strong>.<\/p>\n<p>Os detidos ainda podem responder na <strong>esfera criminal<\/strong> pelos crimes de maus-tratos, ca\u00e7a e uso de esp\u00e9cies da fauna silvestre, sem a devida permiss\u00e3o, licen\u00e7a ou autoriza\u00e7\u00e3o da autoridade competente. <strong>A pena prev\u00ea deten\u00e7\u00e3o de tr\u00eas meses a um ano, e multa.<\/strong><\/p>\n<p><em>*Com informa\u00e7\u00f5es da EPTV<\/em><\/p>\n<p>SAIBA MAIS<\/p>\n<p>Entenda a situa\u00e7\u00e3o da concess\u00e3o da ilumina\u00e7\u00e3o p\u00fablica de Ribeir\u00e3o Preto<\/p>\n<h4 class=\"wp-block-heading\"><strong><mark style=\"background-color:#fcb900\" class=\"has-inline-color\">FIQUE ON<\/mark><\/strong><\/h4>\n<p>Fique ligado em tudo que acontece em Ribeir\u00e3o Preto e regi\u00e3o. Siga os perfis do\u00a0<strong>acidade on\u00a0<\/strong>no\u00a0<a href=\"https:\/\/www.instagram.com\/acidadeonribeirao\" target=\"_blank\" rel=\"noreferrer noopener\">Instagram\u00a0<\/a>e no\u00a0<a href=\"https:\/\/www.facebook.com\/acidadeonribeirao\" target=\"_blank\" rel=\"noreferrer noopener\">Facebook<\/a>.<\/p>\n<p>Receba not\u00edcias do acidade on no WhatsApp. Para entrar no grupo, basta\u00a0<a href=\"https:\/\/chat.whatsapp.com\/Bnv2w66ZT4VDyZW3oiZ69n\" target=\"_blank\" rel=\"noreferrer noopener\">clicar aqui<\/a>.<\/p>\n<p>Fa\u00e7a uma den\u00fancia ou sugira uma reportagem sobre Ribeir\u00e3o Preto e regi\u00e3o pelo WhatsApp: 16 99117 7802.<\/p>\n<p>VEJA TAMB\u00c9M<\/p>\n<p>Creme de chocolate e coco com castanha-de-caju; aprenda a fazer<\/p>\n<p><!-- AI CONTENT END 1 -->\n<\/div>\n<p><script async src=\"\/\/www.instagram.com\/embed.js\"><\/script><br \/>\n<br \/><br \/>\n<br \/><a href=\"https:\/\/www.acidadeon.com\/ribeiraopreto\/cotidiano\/policia-detem-onze-pessoas-em-onibus-com-aves-silvestres-na-regiao-de-ribeirao\/\">Source link <\/a><\/p>\n<!-- CONTENT END 1 -->\n","protected":false},"excerpt":{"rendered":"<p>A Pol\u00edcia Militar Ambiental deteve onze pessoas por maus-tratos e transporte ilegal de 67 aves silvestres, neste s\u00e1bado (17), na rodovia Jo\u00e3o Traficante, em Franca,&#8230;<\/p>\n","protected":false},"author":1,"featured_media":37774,"comment_status":"open","ping_status":"open","sticky":false,"template":"","format":"standard","meta":{"advanced_seo_description":"","jetpack_seo_html_title":"","jetpack_seo_noindex":false,"jetpack_post_was_ever_published":false,"_jetpack_newsletter_access":"","_jetpack_dont_email_post_to_subs":false,"_jetpack_newsletter_tier_id":0,"_jetpack_memberships_contains_paywalled_content":false,"_jetpack_memberships_contains_paid_content":false,"footnotes":"","jetpack_publicize_message":"","jetpack_publicize_feature_enabled":true,"jetpack_social_post_already_shared":true,"jetpack_social_options":{"image_generator_settings":{"template":"highway","default_image_id":0,"font":"","enabled":false},"version":2}},"categories":[11],"tags":[],"class_list":["post-37773","post","type-post","status-publish","format-standard","has-post-thumbnail","hentry","category-noticias-de-ribeirao-preto-sp-e-regiao-ismael-colosi"],"jetpack_publicize_connections":[],"jetpack_featured_media_url":"https:\/\/i0.wp.com\/noticiasribeiraopreto.com.br\/wp-content\/uploads\/2024\/02\/Copia-de-Copia-de-TAMANHO-EXATO-PARA-FOTOS-NO-SISTEMA-NOVO-39.png?fit=1200%2C675&ssl=1","jetpack-related-posts":[{"id":52729,"url":"https:\/\/noticiasribeiraopreto.com.br\/index.php\/2024\/06\/11\/homens-sao-presos-com-290-aves-silvestres-em-rodovia-da-regiao-de-ribeirao-preto\/","url_meta":{"origin":37773,"position":0},"title":"Homens s\u00e3o presos com 290 aves silvestres em rodovia da regi\u00e3o de Ribeir\u00e3o Preto","author":"noticiasribeiraopreto.com.br","date":"11 de June de 2024","format":false,"excerpt":"Dois homens foram presos em flagrante, nesta ter\u00e7a-feira (11), pelo transporte de 290 p\u00e1ssaros silvestres no porta-malas de um carro, na rodovia Anhanguera (SP-330), em Cravinhos, cidade na regi\u00e3o de Ribeir\u00e3o Preto. De acordo com as informa\u00e7\u00f5es da Pol\u00edcia Militar Ambiental, os envolvidos teriam sa\u00eddo de Uberl\u00e2ndia (MG) e iriam\u2026","rel":"","context":"In &quot;Not\u00edcias de Ribeir\u00e3o Preto-SP e Regi\u00e3o&quot;","block_context":{"text":"Not\u00edcias de Ribeir\u00e3o Preto-SP e Regi\u00e3o","link":"https:\/\/noticiasribeiraopreto.com.br\/index.php\/category\/noticias-de-ribeirao-preto-sp-e-regiao-ismael-colosi\/"},"img":{"alt_text":"","src":"https:\/\/i0.wp.com\/noticiasribeiraopreto.com.br\/wp-content\/uploads\/2024\/06\/Copia-de-Copia-de-TAMANHO-EXATO-PARA-FOTOS-NO-SISTEMA-NOVO-76_2024-06-11_23-22-21_png_2024-06-11_23-22-21.webp.webp?fit=1200%2C675&ssl=1&resize=350%2C200","width":350,"height":200,"srcset":"https:\/\/i0.wp.com\/noticiasribeiraopreto.com.br\/wp-content\/uploads\/2024\/06\/Copia-de-Copia-de-TAMANHO-EXATO-PARA-FOTOS-NO-SISTEMA-NOVO-76_2024-06-11_23-22-21_png_2024-06-11_23-22-21.webp.webp?fit=1200%2C675&ssl=1&resize=350%2C200 1x, https:\/\/i0.wp.com\/noticiasribeiraopreto.com.br\/wp-content\/uploads\/2024\/06\/Copia-de-Copia-de-TAMANHO-EXATO-PARA-FOTOS-NO-SISTEMA-NOVO-76_2024-06-11_23-22-21_png_2024-06-11_23-22-21.webp.webp?fit=1200%2C675&ssl=1&resize=525%2C300 1.5x, https:\/\/i0.wp.com\/noticiasribeiraopreto.com.br\/wp-content\/uploads\/2024\/06\/Copia-de-Copia-de-TAMANHO-EXATO-PARA-FOTOS-NO-SISTEMA-NOVO-76_2024-06-11_23-22-21_png_2024-06-11_23-22-21.webp.webp?fit=1200%2C675&ssl=1&resize=700%2C400 2x, https:\/\/i0.wp.com\/noticiasribeiraopreto.com.br\/wp-content\/uploads\/2024\/06\/Copia-de-Copia-de-TAMANHO-EXATO-PARA-FOTOS-NO-SISTEMA-NOVO-76_2024-06-11_23-22-21_png_2024-06-11_23-22-21.webp.webp?fit=1200%2C675&ssl=1&resize=1050%2C600 3x"},"classes":[]},{"id":76090,"url":"https:\/\/noticiasribeiraopreto.com.br\/index.php\/2025\/08\/21\/homem-preso-com-578-aves-no-interior-de-sp-e-multado-em-r-22-milhoes\/","url_meta":{"origin":37773,"position":1},"title":"Homem preso com 578 aves no interior de SP \u00e9 multado em R$ 2,2 milh\u00f5es","author":"noticiasribeiraopreto.com.br","date":"21 de August de 2025","format":false,"excerpt":"O homem preso por suspeita de tr\u00e1fico de animais silvestres na noite desta quarta-feira (20) em Ituverava, cidade a cerca de 100 quil\u00f4metros de Ribeir\u00e3o Preto, foi multado em mais de R$ 2,2 milh\u00f5es. A informa\u00e7\u00e3o foi confirmada pela Pol\u00edcia Militar Ambiental, na tarde desta quinta-feira (21). De acordo com\u2026","rel":"","context":"In &quot;Not\u00edcias de Ribeir\u00e3o Preto-SP e Regi\u00e3o&quot;","block_context":{"text":"Not\u00edcias de Ribeir\u00e3o Preto-SP e Regi\u00e3o","link":"https:\/\/noticiasribeiraopreto.com.br\/index.php\/category\/noticias-de-ribeirao-preto-sp-e-regiao-ismael-colosi\/"},"img":{"alt_text":"","src":"https:\/\/i0.wp.com\/noticiasribeiraopreto.com.br\/wp-content\/uploads\/2025\/08\/PASSAROS_2025-08-21_12-37-08.webp.webp?fit=1200%2C677&ssl=1&resize=350%2C200","width":350,"height":200,"srcset":"https:\/\/i0.wp.com\/noticiasribeiraopreto.com.br\/wp-content\/uploads\/2025\/08\/PASSAROS_2025-08-21_12-37-08.webp.webp?fit=1200%2C677&ssl=1&resize=350%2C200 1x, https:\/\/i0.wp.com\/noticiasribeiraopreto.com.br\/wp-content\/uploads\/2025\/08\/PASSAROS_2025-08-21_12-37-08.webp.webp?fit=1200%2C677&ssl=1&resize=525%2C300 1.5x, https:\/\/i0.wp.com\/noticiasribeiraopreto.com.br\/wp-content\/uploads\/2025\/08\/PASSAROS_2025-08-21_12-37-08.webp.webp?fit=1200%2C677&ssl=1&resize=700%2C400 2x, https:\/\/i0.wp.com\/noticiasribeiraopreto.com.br\/wp-content\/uploads\/2025\/08\/PASSAROS_2025-08-21_12-37-08.webp.webp?fit=1200%2C677&ssl=1&resize=1050%2C600 3x"},"classes":[]},{"id":63772,"url":"https:\/\/noticiasribeiraopreto.com.br\/index.php\/2025\/02\/21\/acidente-deixa-12-estudantes-mortos-em-rodovia-na-regiao-da-ribeirao-preto\/","url_meta":{"origin":37773,"position":2},"title":"Acidente deixa 12 estudantes mortos em rodovia na regi\u00e3o da Ribeir\u00e3o Preto","author":"noticiasribeiraopreto.com.br","date":"21 de February de 2025","format":false,"excerpt":"Uma batida entre um caminh\u00e3o e um \u00f4nibus deixou 12 estudantes mortos na noite desta quinta-feira (20), na rodovia Waldir Canevari (SP-355\/330), entre os munic\u00edpios de Nuporanga e S\u00e3o Jos\u00e9 da Bela Vista, na regi\u00e3o de Ribeir\u00e3o Preto. H\u00e1, ainda, 11 pessoas feridas, que foram levadas para hospitais da regi\u00e3o.\u2026","rel":"","context":"In &quot;Not\u00edcias de Ribeir\u00e3o Preto-SP e Regi\u00e3o&quot;","block_context":{"text":"Not\u00edcias de Ribeir\u00e3o Preto-SP e Regi\u00e3o","link":"https:\/\/noticiasribeiraopreto.com.br\/index.php\/category\/noticias-de-ribeirao-preto-sp-e-regiao-ismael-colosi\/"},"img":{"alt_text":"","src":"https:\/\/i0.wp.com\/noticiasribeiraopreto.com.br\/wp-content\/uploads\/2025\/02\/ONIBUS_2025-02-21_09-23-25_jpg_2025-02-21_09-23-25.webp.webp?fit=1200%2C640&ssl=1&resize=350%2C200","width":350,"height":200,"srcset":"https:\/\/i0.wp.com\/noticiasribeiraopreto.com.br\/wp-content\/uploads\/2025\/02\/ONIBUS_2025-02-21_09-23-25_jpg_2025-02-21_09-23-25.webp.webp?fit=1200%2C640&ssl=1&resize=350%2C200 1x, https:\/\/i0.wp.com\/noticiasribeiraopreto.com.br\/wp-content\/uploads\/2025\/02\/ONIBUS_2025-02-21_09-23-25_jpg_2025-02-21_09-23-25.webp.webp?fit=1200%2C640&ssl=1&resize=525%2C300 1.5x, https:\/\/i0.wp.com\/noticiasribeiraopreto.com.br\/wp-content\/uploads\/2025\/02\/ONIBUS_2025-02-21_09-23-25_jpg_2025-02-21_09-23-25.webp.webp?fit=1200%2C640&ssl=1&resize=700%2C400 2x, https:\/\/i0.wp.com\/noticiasribeiraopreto.com.br\/wp-content\/uploads\/2025\/02\/ONIBUS_2025-02-21_09-23-25_jpg_2025-02-21_09-23-25.webp.webp?fit=1200%2C640&ssl=1&resize=1050%2C600 3x"},"classes":[]},{"id":51819,"url":"https:\/\/noticiasribeiraopreto.com.br\/index.php\/2024\/05\/30\/acidente-em-rodovia-da-regiao-de-ribeirao-preto-deixa-uma-pessoa-morta-e-cinco-feridos\/","url_meta":{"origin":37773,"position":3},"title":"Acidente em rodovia da regi\u00e3o de Ribeir\u00e3o Preto deixa uma pessoa morta e cinco feridos","author":"noticiasribeiraopreto.com.br","date":"30 de May de 2024","format":false,"excerpt":"Um acidente envolvendo dois caminh\u00f5es e um \u00f4nibus provocou a morte de uma pessoa e outras cinco ficaram feridas, no quil\u00f4metro 83 da rodovia Altino Arantes (SP 351), entre Sales Oliveira e Orl\u00e2ndia, na regi\u00e3o de Ribeir\u00e3o Preto, no fim da tarde desta quinta-feira (30). Segundo as primeiras informa\u00e7\u00f5es da\u2026","rel":"","context":"In &quot;Not\u00edcias de Ribeir\u00e3o Preto-SP e Regi\u00e3o&quot;","block_context":{"text":"Not\u00edcias de Ribeir\u00e3o Preto-SP e Regi\u00e3o","link":"https:\/\/noticiasribeiraopreto.com.br\/index.php\/category\/noticias-de-ribeirao-preto-sp-e-regiao-ismael-colosi\/"},"img":{"alt_text":"","src":"https:\/\/i0.wp.com\/noticiasribeiraopreto.com.br\/wp-content\/uploads\/2024\/05\/3_2024-05-30_22-14-12_jpg_2024-05-30_22-14-12.webp.webp?fit=1200%2C675&ssl=1&resize=350%2C200","width":350,"height":200,"srcset":"https:\/\/i0.wp.com\/noticiasribeiraopreto.com.br\/wp-content\/uploads\/2024\/05\/3_2024-05-30_22-14-12_jpg_2024-05-30_22-14-12.webp.webp?fit=1200%2C675&ssl=1&resize=350%2C200 1x, https:\/\/i0.wp.com\/noticiasribeiraopreto.com.br\/wp-content\/uploads\/2024\/05\/3_2024-05-30_22-14-12_jpg_2024-05-30_22-14-12.webp.webp?fit=1200%2C675&ssl=1&resize=525%2C300 1.5x, https:\/\/i0.wp.com\/noticiasribeiraopreto.com.br\/wp-content\/uploads\/2024\/05\/3_2024-05-30_22-14-12_jpg_2024-05-30_22-14-12.webp.webp?fit=1200%2C675&ssl=1&resize=700%2C400 2x, https:\/\/i0.wp.com\/noticiasribeiraopreto.com.br\/wp-content\/uploads\/2024\/05\/3_2024-05-30_22-14-12_jpg_2024-05-30_22-14-12.webp.webp?fit=1200%2C675&ssl=1&resize=1050%2C600 3x"},"classes":[]},{"id":76609,"url":"https:\/\/noticiasribeiraopreto.com.br\/index.php\/2025\/09\/02\/acidente-entre-onibus-e-caminhao-deixa-um-morto-e-11-feridos-na-regiao-de-ribeirao\/","url_meta":{"origin":37773,"position":4},"title":"Acidente entre \u00f4nibus e caminh\u00e3o deixa um morto e 11 feridos na regi\u00e3o de Ribeir\u00e3o","author":"noticiasribeiraopreto.com.br","date":"2 de September de 2025","format":false,"excerpt":"Uma pessoa morreu e outras 11 foram socorridas ap\u00f3s um acidente envolvendo um \u00f4nibus e um caminh\u00e3o de cana na madrugada desta ter\u00e7a-feira (2), em um acesso \u00e0\u00a0rodovia C\u00e2ndido Portinari (SP-334), em Batatais, cidade na regi\u00e3o de Ribeir\u00e3o Preto. De acordo com as informa\u00e7\u00f5es, o acidente aconteceu pr\u00f3ximo \u00e0 rodovia\u2026","rel":"","context":"In &quot;Not\u00edcias de Ribeir\u00e3o Preto-SP e Regi\u00e3o&quot;","block_context":{"text":"Not\u00edcias de Ribeir\u00e3o Preto-SP e Regi\u00e3o","link":"https:\/\/noticiasribeiraopreto.com.br\/index.php\/category\/noticias-de-ribeirao-preto-sp-e-regiao-ismael-colosi\/"},"img":{"alt_text":"","src":"https:\/\/i0.wp.com\/noticiasribeiraopreto.com.br\/wp-content\/uploads\/2025\/09\/Copia-de-Copia-de-Copia-de-TAMANHO-EXATO-PARA-FOTOS-NO-SISTEMA-NOVO.zip-1_2025-09-02_09-34-03.webp.webp?fit=1200%2C675&ssl=1&resize=350%2C200","width":350,"height":200,"srcset":"https:\/\/i0.wp.com\/noticiasribeiraopreto.com.br\/wp-content\/uploads\/2025\/09\/Copia-de-Copia-de-Copia-de-TAMANHO-EXATO-PARA-FOTOS-NO-SISTEMA-NOVO.zip-1_2025-09-02_09-34-03.webp.webp?fit=1200%2C675&ssl=1&resize=350%2C200 1x, https:\/\/i0.wp.com\/noticiasribeiraopreto.com.br\/wp-content\/uploads\/2025\/09\/Copia-de-Copia-de-Copia-de-TAMANHO-EXATO-PARA-FOTOS-NO-SISTEMA-NOVO.zip-1_2025-09-02_09-34-03.webp.webp?fit=1200%2C675&ssl=1&resize=525%2C300 1.5x, https:\/\/i0.wp.com\/noticiasribeiraopreto.com.br\/wp-content\/uploads\/2025\/09\/Copia-de-Copia-de-Copia-de-TAMANHO-EXATO-PARA-FOTOS-NO-SISTEMA-NOVO.zip-1_2025-09-02_09-34-03.webp.webp?fit=1200%2C675&ssl=1&resize=700%2C400 2x, https:\/\/i0.wp.com\/noticiasribeiraopreto.com.br\/wp-content\/uploads\/2025\/09\/Copia-de-Copia-de-Copia-de-TAMANHO-EXATO-PARA-FOTOS-NO-SISTEMA-NOVO.zip-1_2025-09-02_09-34-03.webp.webp?fit=1200%2C675&ssl=1&resize=1050%2C600 3x"},"classes":[]},{"id":62894,"url":"https:\/\/noticiasribeiraopreto.com.br\/index.php\/2025\/01\/27\/saiba-o-estado-de-saude-das-vitimas-do-acidente-entre-caminhao-e-onibus-na-anhanguera\/","url_meta":{"origin":37773,"position":5},"title":"Saiba o estado de sa\u00fade das v\u00edtimas do acidente entre caminh\u00e3o e \u00f4nibus na Anhanguera","author":"noticiasribeiraopreto.com.br","date":"27 de January de 2025","format":false,"excerpt":"Pelo menos 14 pessoas ficaram feridas ap\u00f3s um \u00f4nibus colidir com a traseira de um caminh\u00e3o carregado com blocos de cimento durante a madrugada desta segunda-feira (27), na rodovia Anhanguera (SP-330), em Guar\u00e1, cidade da regi\u00e3o de Ribeir\u00e3o Preto. Uma das v\u00edtimas est\u00e1 internada em estado grave. Quatro passageiros do\u2026","rel":"","context":"In &quot;Not\u00edcias de Ribeir\u00e3o Preto-SP e Regi\u00e3o&quot;","block_context":{"text":"Not\u00edcias de Ribeir\u00e3o Preto-SP e Regi\u00e3o","link":"https:\/\/noticiasribeiraopreto.com.br\/index.php\/category\/noticias-de-ribeirao-preto-sp-e-regiao-ismael-colosi\/"},"img":{"alt_text":"","src":"https:\/\/i0.wp.com\/noticiasribeiraopreto.com.br\/wp-content\/uploads\/2025\/01\/Copia-de-Copia-de-Copia-de-TAMANHO-EXATO-PARA-FOTOS-NO-SISTEMA-NOVO-2025-01-27T101005.589_2025-01-27_13-10-12_png_2025-01-27_13-10-12.webp.webp?fit=1200%2C675&ssl=1&resize=350%2C200","width":350,"height":200,"srcset":"https:\/\/i0.wp.com\/noticiasribeiraopreto.com.br\/wp-content\/uploads\/2025\/01\/Copia-de-Copia-de-Copia-de-TAMANHO-EXATO-PARA-FOTOS-NO-SISTEMA-NOVO-2025-01-27T101005.589_2025-01-27_13-10-12_png_2025-01-27_13-10-12.webp.webp?fit=1200%2C675&ssl=1&resize=350%2C200 1x, https:\/\/i0.wp.com\/noticiasribeiraopreto.com.br\/wp-content\/uploads\/2025\/01\/Copia-de-Copia-de-Copia-de-TAMANHO-EXATO-PARA-FOTOS-NO-SISTEMA-NOVO-2025-01-27T101005.589_2025-01-27_13-10-12_png_2025-01-27_13-10-12.webp.webp?fit=1200%2C675&ssl=1&resize=525%2C300 1.5x, https:\/\/i0.wp.com\/noticiasribeiraopreto.com.br\/wp-content\/uploads\/2025\/01\/Copia-de-Copia-de-Copia-de-TAMANHO-EXATO-PARA-FOTOS-NO-SISTEMA-NOVO-2025-01-27T101005.589_2025-01-27_13-10-12_png_2025-01-27_13-10-12.webp.webp?fit=1200%2C675&ssl=1&resize=700%2C400 2x, https:\/\/i0.wp.com\/noticiasribeiraopreto.com.br\/wp-content\/uploads\/2025\/01\/Copia-de-Copia-de-Copia-de-TAMANHO-EXATO-PARA-FOTOS-NO-SISTEMA-NOVO-2025-01-27T101005.589_2025-01-27_13-10-12_png_2025-01-27_13-10-12.webp.webp?fit=1200%2C675&ssl=1&resize=1050%2C600 3x"},"classes":[]}],"jetpack_sharing_enabled":true,"jetpack_shortlink":"https:\/\/wp.me\/peQAOb-9Pf","_links":{"self":[{"href":"https:\/\/noticiasribeiraopreto.com.br\/index.php\/wp-json\/wp\/v2\/posts\/37773","targetHints":{"allow":["GET"]}}],"collection":[{"href":"https:\/\/noticiasribeiraopreto.com.br\/index.php\/wp-json\/wp\/v2\/posts"}],"about":[{"href":"https:\/\/noticiasribeiraopreto.com.br\/index.php\/wp-json\/wp\/v2\/types\/post"}],"author":[{"embeddable":true,"href":"https:\/\/noticiasribeiraopreto.com.br\/index.php\/wp-json\/wp\/v2\/users\/1"}],"replies":[{"embeddable":true,"href":"https:\/\/noticiasribeiraopreto.com.br\/index.php\/wp-json\/wp\/v2\/comments?post=37773"}],"version-history":[{"count":0,"href":"https:\/\/noticiasribeiraopreto.com.br\/index.php\/wp-json\/wp\/v2\/posts\/37773\/revisions"}],"wp:featuredmedia":[{"embeddable":true,"href":"https:\/\/noticiasribeiraopreto.com.br\/index.php\/wp-json\/wp\/v2\/media\/37774"}],"wp:attachment":[{"href":"https:\/\/noticiasribeiraopreto.com.br\/index.php\/wp-json\/wp\/v2\/media?parent=37773"}],"wp:term":[{"taxonomy":"category","embeddable":true,"href":"https:\/\/noticiasribeiraopreto.com.br\/index.php\/wp-json\/wp\/v2\/categories?post=37773"},{"taxonomy":"post_tag","embeddable":true,"href":"https:\/\/noticiasribeiraopreto.com.br\/index.php\/wp-json\/wp\/v2\/tags?post=37773"}],"curies":[{"name":"wp","href":"https:\/\/api.w.org\/{rel}","templated":true}]}}