{"id":37775,"date":"2024-02-18T13:19:13","date_gmt":"2024-02-18T16:19:13","guid":{"rendered":"https:\/\/noticiasribeiraopreto.com.br\/index.php\/2024\/02\/18\/policia-abre-inquerito-para-apurar-caso-de-hostilizacao-a-torcedores-corintianos-no-santa-cruz\/"},"modified":"2024-02-18T13:19:13","modified_gmt":"2024-02-18T16:19:13","slug":"policia-abre-inquerito-para-apurar-caso-de-hostilizacao-a-torcedores-corintianos-no-santa-cruz","status":"publish","type":"post","link":"https:\/\/noticiasribeiraopreto.com.br\/index.php\/2024\/02\/18\/policia-abre-inquerito-para-apurar-caso-de-hostilizacao-a-torcedores-corintianos-no-santa-cruz\/","title":{"rendered":"Pol\u00edcia abre inqu\u00e9rito para apurar caso de hostiliza\u00e7\u00e3o a torcedores corintianos no Santa Cruz\u00a0\u00a0"},"content":{"rendered":"<div class='code-block code-block-1' style='margin: 8px 0 8px auto; text-align: right; display: block; clear: both;'>\n<p><a href=\"https:\/\/wa.link\/vpicfd\"><img data-recalc-dims=\"1\" class=\"wp-image-4922\" style=\"aspect-ratio: 2.0253164556962027; width: 561px; height: auto;\" src=\"https:\/\/i0.wp.com\/ismaelcolosi.com.br\/wp-content\/uploads\/2023\/11\/grupo-de-empregos-whatsapp-e-facebook-ismael-colosi-vagas.jpg?ssl=1\" alt=\"\" \/><\/a><\/p>\n<!-- \/wp:image -->\n<\/div>\n<p> <br \/>\n<\/p>\n<div>\n<p><b\/><span data-contrast=\"auto\">A partida entre Botafogo e Corinthians, que aconteceu no est\u00e1dio Santa Cruz na \u00faltima quarta-feira, virou assunto nacional. Mas, n\u00e3o por conta da goleada acachapante do Tim\u00e3o por 4 a 1. Um fato ocorrido fora das quatro linhas colocou a partida em evid\u00eancia.\u00a0<\/span><span data-ccp-props=\"{&quot;201341983&quot;:0,&quot;335551550&quot;:6,&quot;335551620&quot;:6,&quot;335559739&quot;:200,&quot;335559740&quot;:276}\">\u00a0<\/span><\/p>\n<p><span data-contrast=\"auto\">Uma fam\u00edlia de torcedores do Corinthians foi hostilizada por botafoguenses durante o jogo. O fato ocorreu nas cadeiras cativas do est\u00e1dio, que \u00e9 destinada apenas para s\u00f3cios do Botafogo.\u00a0<\/span><span data-ccp-props=\"{&quot;201341983&quot;:0,&quot;335551550&quot;:6,&quot;335551620&quot;:6,&quot;335559739&quot;:200,&quot;335559740&quot;:276}\">\u00a0<\/span><\/p>\n<p><span data-contrast=\"auto\">Um pai, com duas filhas, uma menor de idade, e um sobrinho, tamb\u00e9m menor, estavam assistindo o jogo no setor e quando o Corinthians marcou o primeiro gol, ao comemorar, foram repreendidos por botafoguenses. Os torcedores pressionaram a fam\u00edlia corintiana com xingamentos e gritos.\u00a0<\/span><span data-ccp-props=\"{&quot;201341983&quot;:0,&quot;335551550&quot;:6,&quot;335551620&quot;:6,&quot;335559739&quot;:200,&quot;335559740&quot;:276}\">\u00a0<\/span><\/p>\n<p><span data-contrast=\"auto\">A Pol\u00edcia Militar percebeu a situa\u00e7\u00e3o e foi em dire\u00e7\u00e3o ao local para acalmar os \u00e2nimos. Por entender que o local era destinado apenas para botafoguenses, os policiais solicitaram que a fam\u00edlia deixasse o est\u00e1dio.\u00a0<\/span><span data-ccp-props=\"{&quot;201341983&quot;:0,&quot;335551550&quot;:6,&quot;335551620&quot;:6,&quot;335559739&quot;:200,&quot;335559740&quot;:276}\">\u00a0<\/span><\/p>\n<p><span data-contrast=\"auto\">Por\u00e9m, neste momento, seguran\u00e7as do Corinthians apareceram e convidaram a fam\u00edlia para assistir a partida do camarote do presidente do Tim\u00e3o, Augusto Melo. A PM acompanhou os torcedores do time da capital, que deixaram o setor sob protestos.\u00a0<\/span><span data-ccp-props=\"{&quot;201341983&quot;:0,&quot;335551550&quot;:6,&quot;335551620&quot;:6,&quot;335559739&quot;:200,&quot;335559740&quot;:276}\">\u00a0<\/span><\/p>\n<p><b><span data-contrast=\"auto\">Repercuss\u00e3o nacional\u00a0<\/span><\/b><span data-ccp-props=\"{&quot;201341983&quot;:0,&quot;335551550&quot;:6,&quot;335551620&quot;:6,&quot;335559739&quot;:200,&quot;335559740&quot;:276}\">\u00a0<\/span><\/p>\n<p><span data-contrast=\"auto\">Rapidamente o assunto virou not\u00edcia, principalmente ap\u00f3s um v\u00eddeo de o ocorrido ser divulgado nas redes sociais. O ex-jogador e apresentador Neto, do programa \u201cOs Donos da Bola\u201d, que \u00e9 veiculado na Band, foi um dos primeiros a compartilhar e falar sobre o fato.\u00a0<\/span><span data-ccp-props=\"{&quot;201341983&quot;:0,&quot;335551550&quot;:6,&quot;335551620&quot;:6,&quot;335559739&quot;:200,&quot;335559740&quot;:276}\">\u00a0<\/span><\/p>\n<p><span data-contrast=\"auto\">Outros ve\u00edculos importantes como Rede Globo, Uol, e v\u00e1rios outros portais tamb\u00e9m fizeram materiais retratando o ocorrido no est\u00e1dio Santa Cruz.\u00a0<\/span><span data-ccp-props=\"{&quot;201341983&quot;:0,&quot;335551550&quot;:6,&quot;335551620&quot;:6,&quot;335559739&quot;:200,&quot;335559740&quot;:276}\">\u00a0<\/span><\/p>\n<p><b><span data-contrast=\"auto\">O que diz o clube?\u00a0<\/span><\/b><span data-ccp-props=\"{&quot;201341983&quot;:0,&quot;335551550&quot;:6,&quot;335551620&quot;:6,&quot;335559739&quot;:200,&quot;335559740&quot;:276}\">\u00a0<\/span><\/p>\n<p><span data-contrast=\"auto\">Em nota oficial, o Botafogo Futebol Clube, respons\u00e1vel pelo setor de cadeiras cativas, reiterou que o local \u00e9 para uso exclusivo de s\u00f3cios e que o respons\u00e1vel da fam\u00edlia, Fausto Rog\u00e9rio, assinou plano de s\u00f3cio cativo na manh\u00e3 do dia da partida. O clube tamb\u00e9m alega que ele recebeu as devidas orienta\u00e7\u00f5es. Confira a nota na integra:\u00a0<\/span><span data-ccp-props=\"{&quot;201341983&quot;:0,&quot;335551550&quot;:6,&quot;335551620&quot;:6,&quot;335559739&quot;:200,&quot;335559740&quot;:276}\">\u00a0<\/span><\/p>\n<p><i><span data-contrast=\"auto\">\u201cO Botafogo Futebol Clube repudia qualquer ato de viol\u00eancia e lamenta profundamente os fatos ocorridos nesta quarta-feira (14), no setor de cadeiras cativas do Est\u00e1dio Santa Cruz, que \u00e9 destinado exclusivamente a torcedores do Botafogo.<\/span><\/i><span data-ccp-props=\"{&quot;201341983&quot;:0,&quot;335551550&quot;:6,&quot;335551620&quot;:6,&quot;335559739&quot;:200,&quot;335559740&quot;:276}\">\u00a0<\/span><\/p>\n<p><i><span data-contrast=\"auto\">Se faz necess\u00e1rio informar que o torcedor envolvido neste epis\u00f3dio adquiriu o plano Torcedor Cativo, que d\u00e1 acesso aos jogos do Botafogo no setor, na manh\u00e3 da partida, quando assinou o termo de uso do espa\u00e7o.<\/span><\/i><span data-ccp-props=\"{&quot;201341983&quot;:0,&quot;335551550&quot;:6,&quot;335551620&quot;:6,&quot;335559739&quot;:200,&quot;335559740&quot;:276}\">\u00a0<\/span><\/p>\n<p><i><span data-contrast=\"auto\">Ele tamb\u00e9m foi orientado que o setor era exclusivo para a torcida botafoguense, o que consta na not\u00edcia oficial sobre ingressos para o jogo e no mapa de acesso divulgado nas redes sociais.<\/span><\/i><span data-ccp-props=\"{&quot;201341983&quot;:0,&quot;335551550&quot;:6,&quot;335551620&quot;:6,&quot;335559739&quot;:200,&quot;335559740&quot;:276}\">\u00a0<\/span><\/p>\n<p><i><span data-contrast=\"auto\">N\u00e3o h\u00e1 setor misto no Est\u00e1dio Santa Cruz.<\/span><\/i><span data-ccp-props=\"{&quot;201341983&quot;:0,&quot;335551550&quot;:6,&quot;335551620&quot;:6,&quot;335559739&quot;:200,&quot;335559740&quot;:276}\">\u00a0<\/span><\/p>\n<p><i><span data-contrast=\"auto\">Infelizmente, as informa\u00e7\u00f5es e orienta\u00e7\u00f5es foram ignoradas pelo torcedor em quest\u00e3o, colocando em risco seus familiares e todas as pessoas pr\u00f3ximas do local onde ocorreu o triste epis\u00f3dio.<\/span><\/i><span data-ccp-props=\"{&quot;201341983&quot;:0,&quot;335551550&quot;:6,&quot;335551620&quot;:6,&quot;335559739&quot;:200,&quot;335559740&quot;:276}\">\u00a0<\/span><\/p>\n<p><i><span data-contrast=\"auto\">O Botafogo Futebol Clube continua apurando os fatos, para que medidas internas possam ser executadas\u201d.\u00a0<\/span><\/i><span data-ccp-props=\"{&quot;201341983&quot;:0,&quot;335551550&quot;:6,&quot;335551620&quot;:6,&quot;335559739&quot;:200,&quot;335559740&quot;:276}\">\u00a0<\/span><\/p>\n<p><span data-contrast=\"auto\">A Botafogo S\/A, empresa respons\u00e1vel pela gest\u00e3o do futebol do Pantera, n\u00e3o se pronunciou sobre o tema e apenas informou que a gest\u00e3o do local pertence ao BFC.\u00a0<\/span><span data-ccp-props=\"{&quot;201341983&quot;:0,&quot;335551550&quot;:6,&quot;335551620&quot;:6,&quot;335559739&quot;:200,&quot;335559740&quot;:276}\">\u00a0<\/span><\/p>\n<p><b><span data-contrast=\"auto\">O que diz a fam\u00edlia?<\/span><\/b><span data-ccp-props=\"{&quot;201341983&quot;:0,&quot;335551550&quot;:6,&quot;335551620&quot;:6,&quot;335559739&quot;:200,&quot;335559740&quot;:276}\">\u00a0<\/span><\/p>\n<p><span data-contrast=\"auto\">Fausto Rog\u00e9rio, pai e tio das crian\u00e7as que estavam com ele no est\u00e1dio, esteve presente nesta sexta no programa Arena WSports, do jornalista Wilson Rocha. Durante a entrevista ele reiterou que n\u00e3o sabia da proibi\u00e7\u00e3o de camisas do time visitante no local, por achar que se tratava de um \u201csetor misto\u201d.\u00a0<\/span><span data-ccp-props=\"{&quot;201341983&quot;:0,&quot;335551550&quot;:6,&quot;335551620&quot;:6,&quot;335559739&quot;:200,&quot;335559740&quot;:276}\">\u00a0<\/span><\/p>\n<p><span data-contrast=\"auto\">O torcedor afirmou tamb\u00e9m que n\u00e3o foi orientado por ningu\u00e9m do clube a n\u00e3o acessar o local com as vestimentas do time da capital. Ele tamb\u00e9m contou que frequenta o est\u00e1dio Santa Cruz e que j\u00e1 tinha visto torcedores com camisas de outros clubes no setor. Fausto refor\u00e7ou que no momento de sua entrada n\u00e3o recebeu tamb\u00e9m veto por parte da Pol\u00edcia Militar.\u00a0<\/span><span data-ccp-props=\"{&quot;201341983&quot;:0,&quot;335551550&quot;:6,&quot;335551620&quot;:6,&quot;335559739&quot;:200,&quot;335559740&quot;:276}\">\u00a0<\/span><\/p>\n<p><b><span data-contrast=\"auto\">Investiga\u00e7\u00e3o\u00a0<\/span><\/b><span data-ccp-props=\"{&quot;201341983&quot;:0,&quot;335551550&quot;:6,&quot;335551620&quot;:6,&quot;335559739&quot;:200,&quot;335559740&quot;:276}\">\u00a0<\/span><\/p>\n<p><span data-contrast=\"auto\">O Departamento Estadual de Investiga\u00e7\u00f5es Criminais (Deic) da Pol\u00edcia Civil de Ribeir\u00e3o Preto abriu inqu\u00e9rito para apurar os fatos ocorridos no dia da partida. O pedido de abertura de inqu\u00e9rito foi feito pelo promotor do Minist\u00e9rio P\u00fablico, Paulo Jos\u00e9 Freire Teot\u00f4nio.\u202f<\/span><span data-ccp-props=\"{&quot;201341983&quot;:0,&quot;335551550&quot;:6,&quot;335551620&quot;:6,&quot;335559739&quot;:200,&quot;335559740&quot;:276}\">\u00a0<\/span><\/p>\n<p><span data-contrast=\"auto\">S\u00e3o cinco crimes investigados: incita\u00e7\u00e3o \u00e0 viol\u00eancia em pa\u00e7o desportivo, constrangimento ilegal, amea\u00e7a, inj\u00faria e submeter crian\u00e7a \u00e0 situa\u00e7\u00e3o vexat\u00f3ria.\u202fSegundo a Pol\u00edcia Civil, n\u00e3o h\u00e1 registro formal da ocorr\u00eancia. Imagens registradas por torcedores e imprensa est\u00e3o sendo usadas nas investiga\u00e7\u00f5es.<\/span><span data-ccp-props=\"{&quot;201341983&quot;:0,&quot;335551550&quot;:6,&quot;335551620&quot;:6,&quot;335559739&quot;:200,&quot;335559740&quot;:276}\">\u00a0<\/span><\/p>\n<p><span data-contrast=\"auto\">Por meio de nota, a Pol\u00edcia Militar ressaltou que a entrada de torcedores com camisas do time advers\u00e1rio n\u00e3o \u00e9 permitida no setor e que a atua\u00e7\u00e3o da institui\u00e7\u00e3o foi pontual. Al\u00e9m disso, citou que n\u00e3o foi constatada qualquer agress\u00e3o f\u00edsica.<\/span><span data-ccp-props=\"{&quot;201341983&quot;:0,&quot;335551550&quot;:6,&quot;335551620&quot;:6,&quot;335559739&quot;:200,&quot;335559740&quot;:276}\">\u00a0<\/span><\/p>\n<p><b><span data-contrast=\"auto\">Convite do Corinthians\u00a0<\/span><\/b><span data-ccp-props=\"{&quot;201341983&quot;:0,&quot;335551550&quot;:6,&quot;335551620&quot;:6,&quot;335559739&quot;:200,&quot;335559740&quot;:276}\">\u00a0<\/span><\/p>\n<p><span data-contrast=\"auto\">Fausto e seus filhos foram convidados pela diretoria do Corinthians para conhecer a Neo Qu\u00edmica Arena e tamb\u00e9m os jogadores da equipe. O encontro deve acontecer no dia 2 de mar\u00e7o, v\u00e1lido pela 11\u00aa rodada do Paulist\u00e3o.\u00a0<\/span><span data-ccp-props=\"{&quot;201341983&quot;:0,&quot;335551550&quot;:6,&quot;335551620&quot;:6,&quot;335559739&quot;:200,&quot;335559740&quot;:276}\">\u00a0<\/span><\/p>\n<p><span data-contrast=\"auto\">Segundo planejamento, a fam\u00edlia ir\u00e1 assistir ao jogo no camarote da presid\u00eancia e ainda receber\u00e1 uma homenagem.<\/span><span data-ccp-props=\"{&quot;201341983&quot;:0,&quot;335551550&quot;:6,&quot;335551620&quot;:6,&quot;335559739&quot;:200,&quot;335559740&quot;:276}\">\u00a0<\/span><\/p>\n<p>\u00a0<\/p>\n<p><span data-ccp-props=\"{&quot;201341983&quot;:0,&quot;335551550&quot;:6,&quot;335551620&quot;:6,&quot;335559739&quot;:200,&quot;335559740&quot;:276}\">\u00a0<\/span><\/p>\n<\/div>\n<p><br \/>\n<br \/><a href=\"https:\/\/www.tribunaribeirao.com.br\/site\/policia-abre-inquerito-para-apurar-caso-de-hostilizacao-a-torcedores-corintianos-no-santa-cruz\/\">Source link <\/a><\/p>\n<!-- CONTENT END 1 -->\n","protected":false},"excerpt":{"rendered":"<p>A partida entre Botafogo e Corinthians, que aconteceu no est\u00e1dio Santa Cruz na \u00faltima quarta-feira, virou assunto nacional. Mas, n\u00e3o por conta da goleada acachapante&#8230;<\/p>\n","protected":false},"author":1,"featured_media":37776,"comment_status":"open","ping_status":"open","sticky":false,"template":"","format":"standard","meta":{"advanced_seo_description":"","jetpack_seo_html_title":"","jetpack_seo_noindex":false,"jetpack_post_was_ever_published":false,"_jetpack_newsletter_access":"","_jetpack_dont_email_post_to_subs":false,"_jetpack_newsletter_tier_id":0,"_jetpack_memberships_contains_paywalled_content":false,"_jetpack_memberships_contains_paid_content":false,"footnotes":"","jetpack_publicize_message":"","jetpack_publicize_feature_enabled":true,"jetpack_social_post_already_shared":true,"jetpack_social_options":{"image_generator_settings":{"template":"highway","default_image_id":0,"font":"","enabled":false},"version":2}},"categories":[11],"tags":[210,3082,3778,4335,2466,4334,4333,71,20,764,4250],"class_list":["post-37775","post","type-post","status-publish","format-standard","has-post-thumbnail","hentry","category-noticias-de-ribeirao-preto-sp-e-regiao-ismael-colosi","tag-abre","tag-apurar","tag-caso","tag-corintianos","tag-cruz","tag-hostilizacao","tag-inquerito","tag-para","tag-policia","tag-santa","tag-torcedores"],"jetpack_publicize_connections":[],"jetpack_featured_media_url":"https:\/\/i0.wp.com\/noticiasribeiraopreto.com.br\/wp-content\/uploads\/2024\/02\/Foto-1-3-scaled.jpg?fit=860%2C645&ssl=1","jetpack-related-posts":[{"id":37380,"url":"https:\/\/noticiasribeiraopreto.com.br\/index.php\/2024\/02\/15\/policia-investiga-hostilidade-contra-menina-em-estadio-de-ribeirao-preto\/","url_meta":{"origin":37775,"position":0},"title":"Pol\u00edcia investiga hostilidade contra menina em est\u00e1dio de Ribeir\u00e3o Preto","author":"noticiasribeiraopreto.com.br","date":"15 de February de 2024","format":false,"excerpt":"A Pol\u00edcia Civil de Ribeir\u00e3o Preto instaurou um inqu\u00e9rito policial na tarde desta quinta-feira (15) para apurar o caso de uma menina de 8 anos e seus familiares que foram hostilizados durante uma partida de futebol em Ribeir\u00e3o Preto. De acordo com nota divulgada \u00e0 imprensa pela Pol\u00edcia Civil, o\u2026","rel":"","context":"In &quot;Not\u00edcias de Ribeir\u00e3o Preto-SP e Regi\u00e3o&quot;","block_context":{"text":"Not\u00edcias de Ribeir\u00e3o Preto-SP e Regi\u00e3o","link":"https:\/\/noticiasribeiraopreto.com.br\/index.php\/category\/noticias-de-ribeirao-preto-sp-e-regiao-ismael-colosi\/"},"img":{"alt_text":"","src":"https:\/\/i0.wp.com\/noticiasribeiraopreto.com.br\/wp-content\/uploads\/2024\/02\/Copia-de-Copia-de-TAMANHO-EXATO-PARA-FOTOS-NO-SISTEMA-NOVO.png?fit=1200%2C675&ssl=1&resize=350%2C200","width":350,"height":200,"srcset":"https:\/\/i0.wp.com\/noticiasribeiraopreto.com.br\/wp-content\/uploads\/2024\/02\/Copia-de-Copia-de-TAMANHO-EXATO-PARA-FOTOS-NO-SISTEMA-NOVO.png?fit=1200%2C675&ssl=1&resize=350%2C200 1x, https:\/\/i0.wp.com\/noticiasribeiraopreto.com.br\/wp-content\/uploads\/2024\/02\/Copia-de-Copia-de-TAMANHO-EXATO-PARA-FOTOS-NO-SISTEMA-NOVO.png?fit=1200%2C675&ssl=1&resize=525%2C300 1.5x, https:\/\/i0.wp.com\/noticiasribeiraopreto.com.br\/wp-content\/uploads\/2024\/02\/Copia-de-Copia-de-TAMANHO-EXATO-PARA-FOTOS-NO-SISTEMA-NOVO.png?fit=1200%2C675&ssl=1&resize=700%2C400 2x, https:\/\/i0.wp.com\/noticiasribeiraopreto.com.br\/wp-content\/uploads\/2024\/02\/Copia-de-Copia-de-TAMANHO-EXATO-PARA-FOTOS-NO-SISTEMA-NOVO.png?fit=1200%2C675&ssl=1&resize=1050%2C600 3x"},"classes":[]},{"id":37366,"url":"https:\/\/noticiasribeiraopreto.com.br\/index.php\/2024\/02\/15\/menina-hostilizada-em-jogo-em-ribeirao-preto-recebe-convite-do-corinthians\/","url_meta":{"origin":37775,"position":1},"title":"Menina hostilizada em jogo em Ribeir\u00e3o Preto recebe convite do Corinthians","author":"noticiasribeiraopreto.com.br","date":"15 de February de 2024","format":false,"excerpt":"A menina de 8 anos de idade que ficou conhecida ap\u00f3s v\u00eddeos publicados em redes sociais viralizarem por mostrar torcedores botafoguenses hostilizando ela e familiares, na noite de quarta-feira (14), entrar\u00e1 em campo com os jogadores do Corinthians, no dia 2 de mar\u00e7o, em partida contra o Santo Andr\u00e9. A\u2026","rel":"","context":"In &quot;Not\u00edcias de Ribeir\u00e3o Preto-SP e Regi\u00e3o&quot;","block_context":{"text":"Not\u00edcias de Ribeir\u00e3o Preto-SP e Regi\u00e3o","link":"https:\/\/noticiasribeiraopreto.com.br\/index.php\/category\/noticias-de-ribeirao-preto-sp-e-regiao-ismael-colosi\/"},"img":{"alt_text":"","src":"https:\/\/i0.wp.com\/noticiasribeiraopreto.com.br\/wp-content\/uploads\/2024\/02\/3-2.jpg?fit=1200%2C675&ssl=1&resize=350%2C200","width":350,"height":200,"srcset":"https:\/\/i0.wp.com\/noticiasribeiraopreto.com.br\/wp-content\/uploads\/2024\/02\/3-2.jpg?fit=1200%2C675&ssl=1&resize=350%2C200 1x, https:\/\/i0.wp.com\/noticiasribeiraopreto.com.br\/wp-content\/uploads\/2024\/02\/3-2.jpg?fit=1200%2C675&ssl=1&resize=525%2C300 1.5x, https:\/\/i0.wp.com\/noticiasribeiraopreto.com.br\/wp-content\/uploads\/2024\/02\/3-2.jpg?fit=1200%2C675&ssl=1&resize=700%2C400 2x, https:\/\/i0.wp.com\/noticiasribeiraopreto.com.br\/wp-content\/uploads\/2024\/02\/3-2.jpg?fit=1200%2C675&ssl=1&resize=1050%2C600 3x"},"classes":[]},{"id":79917,"url":"https:\/\/noticiasribeiraopreto.com.br\/index.php\/2025\/11\/11\/torcedor-morre-no-santa-cruz-apos-passar-mal-durante-jogo-do-botafogo\/","url_meta":{"origin":37775,"position":2},"title":"Torcedor morre no Santa Cruz ap\u00f3s passar mal durante jogo do Botafogo","author":"noticiasribeiraopreto.com.br","date":"11 de November de 2025","format":false,"excerpt":"Ant\u00f4nio Silvio Pacheco de Oliveira, de 67 anos, foi atendido, mas n\u00e3o resistiu 11 de novembro de 2025 08:2519 Compartilhar1Por Hugo LuqueUm torcedor do Botafogo morreu na noite da \u00faltima segunda-feira (10), depois de passar mal na arquibancada no Est\u00e1dio Santa Cruz\/Arena Nicnet, na vit\u00f3ria do Pantera por 1 a\u2026","rel":"","context":"In &quot;Not\u00edcias de Ribeir\u00e3o Preto-SP e Regi\u00e3o&quot;","block_context":{"text":"Not\u00edcias de Ribeir\u00e3o Preto-SP e Regi\u00e3o","link":"https:\/\/noticiasribeiraopreto.com.br\/index.php\/category\/noticias-de-ribeirao-preto-sp-e-regiao-ismael-colosi\/"},"img":{"alt_text":"","src":"https:\/\/i0.wp.com\/noticiasribeiraopreto.com.br\/wp-content\/uploads\/2025\/11\/Torcedor-Reproducao.jpg?fit=1005%2C746&ssl=1&resize=350%2C200","width":350,"height":200,"srcset":"https:\/\/i0.wp.com\/noticiasribeiraopreto.com.br\/wp-content\/uploads\/2025\/11\/Torcedor-Reproducao.jpg?fit=1005%2C746&ssl=1&resize=350%2C200 1x, https:\/\/i0.wp.com\/noticiasribeiraopreto.com.br\/wp-content\/uploads\/2025\/11\/Torcedor-Reproducao.jpg?fit=1005%2C746&ssl=1&resize=525%2C300 1.5x, https:\/\/i0.wp.com\/noticiasribeiraopreto.com.br\/wp-content\/uploads\/2025\/11\/Torcedor-Reproducao.jpg?fit=1005%2C746&ssl=1&resize=700%2C400 2x"},"classes":[]},{"id":37222,"url":"https:\/\/noticiasribeiraopreto.com.br\/index.php\/2024\/02\/14\/jogo-entre-botafogo-e-corinthians-tera-linha-especial-de-onibus\/","url_meta":{"origin":37775,"position":3},"title":"Jogo entre Botafogo e Corinthians ter\u00e1 linha especial de \u00f4nibus","author":"noticiasribeiraopreto.com.br","date":"14 de February de 2024","format":false,"excerpt":"14 de fevereiro de 2024 | 15:43 0O jogo de futebol entre as equipes profissionais do Botafogo Futebol Clube e Corinthians, pela oitava rodada do Campeonato Paulista, ter\u00e1 uma linha especial de \u00f4nibus para facilitar a chegada dos torcedores. A partida ser\u00e1 na noite desta quarta-feira, dia 14 de fevereiro,\u2026","rel":"","context":"In &quot;Not\u00edcias de Ribeir\u00e3o Preto-SP e Regi\u00e3o&quot;","block_context":{"text":"Not\u00edcias de Ribeir\u00e3o Preto-SP e Regi\u00e3o","link":"https:\/\/noticiasribeiraopreto.com.br\/index.php\/category\/noticias-de-ribeirao-preto-sp-e-regiao-ismael-colosi\/"},"img":{"alt_text":"","src":"https:\/\/i0.wp.com\/noticiasribeiraopreto.com.br\/wp-content\/uploads\/2024\/02\/jogo_corinthians_linha_onibus1-scaled.jpg?fit=1000%2C563&ssl=1&resize=350%2C200","width":350,"height":200,"srcset":"https:\/\/i0.wp.com\/noticiasribeiraopreto.com.br\/wp-content\/uploads\/2024\/02\/jogo_corinthians_linha_onibus1-scaled.jpg?fit=1000%2C563&ssl=1&resize=350%2C200 1x, https:\/\/i0.wp.com\/noticiasribeiraopreto.com.br\/wp-content\/uploads\/2024\/02\/jogo_corinthians_linha_onibus1-scaled.jpg?fit=1000%2C563&ssl=1&resize=525%2C300 1.5x, https:\/\/i0.wp.com\/noticiasribeiraopreto.com.br\/wp-content\/uploads\/2024\/02\/jogo_corinthians_linha_onibus1-scaled.jpg?fit=1000%2C563&ssl=1&resize=700%2C400 2x"},"classes":[]},{"id":79915,"url":"https:\/\/noticiasribeiraopreto.com.br\/index.php\/2025\/11\/11\/torcedor-do-botafogo-morre-apos-passar-mal-em-jogo-no-estadio-santa-cruz\/","url_meta":{"origin":37775,"position":4},"title":"Torcedor do Botafogo morre ap\u00f3s passar mal em jogo no Est\u00e1dio Santa Cruz","author":"noticiasribeiraopreto.com.br","date":"11 de November de 2025","format":false,"excerpt":"O torcedor do Botafogo Ant\u00f4nio Silvio Pacheco de Oliveira, de 67 anos, morreu na noite desta segunda-feira (10), ap\u00f3s passar mal na arquibancada do Est\u00e1dio Santa Cruz, em Ribeir\u00e3o Preto, ao t\u00e9rmino do jogo em que o Pantera venceu o Amazonas por 1 a 0, pela 36\u00aa rodada da S\u00e9rie\u2026","rel":"","context":"In &quot;Not\u00edcias de Ribeir\u00e3o Preto-SP e Regi\u00e3o&quot;","block_context":{"text":"Not\u00edcias de Ribeir\u00e3o Preto-SP e Regi\u00e3o","link":"https:\/\/noticiasribeiraopreto.com.br\/index.php\/category\/noticias-de-ribeirao-preto-sp-e-regiao-ismael-colosi\/"},"img":{"alt_text":"","src":"https:\/\/i0.wp.com\/noticiasribeiraopreto.com.br\/wp-content\/uploads\/2025\/11\/WhatsApp-Image-2025-11-11-at-06.22.02_2025-11-11_09-39-47.webp.webp?fit=464%2C350&ssl=1&resize=350%2C200","width":350,"height":200},"classes":[]},{"id":37160,"url":"https:\/\/noticiasribeiraopreto.com.br\/index.php\/2024\/02\/14\/partida-entre-botafogo-e-corinthians-em-ribeirao-preto-tera-linha-especial-de-onibus\/","url_meta":{"origin":37775,"position":5},"title":"Partida entre Botafogo e Corinthians, em Ribeir\u00e3o Preto, ter\u00e1 linha especial de \u00f4nibus","author":"noticiasribeiraopreto.com.br","date":"14 de February de 2024","format":false,"excerpt":"Os torcedores de Botafogo e Corinthians contar\u00e3o com uma linha especial de \u00f4nibus para acompanharem a partida na Arena Nicnet\/Est\u00e1dio Santa Cruz, em Ribeir\u00e3o Preto, nesta quarta-feira (14). A partida \u00e9 v\u00e1lida pela 8\u00aa rodada do Campeonato Paulista 2024. A linha especial dever\u00e1 iniciar o atendimento a partir das 20h45.\u2026","rel":"","context":"In &quot;Not\u00edcias de Ribeir\u00e3o Preto-SP e Regi\u00e3o&quot;","block_context":{"text":"Not\u00edcias de Ribeir\u00e3o Preto-SP e Regi\u00e3o","link":"https:\/\/noticiasribeiraopreto.com.br\/index.php\/category\/noticias-de-ribeirao-preto-sp-e-regiao-ismael-colosi\/"},"img":{"alt_text":"","src":"https:\/\/i0.wp.com\/noticiasribeiraopreto.com.br\/wp-content\/uploads\/2024\/02\/novos-onibus-ribeirao-preto.jpg?fit=1200%2C800&ssl=1&resize=350%2C200","width":350,"height":200,"srcset":"https:\/\/i0.wp.com\/noticiasribeiraopreto.com.br\/wp-content\/uploads\/2024\/02\/novos-onibus-ribeirao-preto.jpg?fit=1200%2C800&ssl=1&resize=350%2C200 1x, https:\/\/i0.wp.com\/noticiasribeiraopreto.com.br\/wp-content\/uploads\/2024\/02\/novos-onibus-ribeirao-preto.jpg?fit=1200%2C800&ssl=1&resize=525%2C300 1.5x, https:\/\/i0.wp.com\/noticiasribeiraopreto.com.br\/wp-content\/uploads\/2024\/02\/novos-onibus-ribeirao-preto.jpg?fit=1200%2C800&ssl=1&resize=700%2C400 2x, https:\/\/i0.wp.com\/noticiasribeiraopreto.com.br\/wp-content\/uploads\/2024\/02\/novos-onibus-ribeirao-preto.jpg?fit=1200%2C800&ssl=1&resize=1050%2C600 3x"},"classes":[]}],"jetpack_sharing_enabled":true,"jetpack_shortlink":"https:\/\/wp.me\/peQAOb-9Ph","_links":{"self":[{"href":"https:\/\/noticiasribeiraopreto.com.br\/index.php\/wp-json\/wp\/v2\/posts\/37775","targetHints":{"allow":["GET"]}}],"collection":[{"href":"https:\/\/noticiasribeiraopreto.com.br\/index.php\/wp-json\/wp\/v2\/posts"}],"about":[{"href":"https:\/\/noticiasribeiraopreto.com.br\/index.php\/wp-json\/wp\/v2\/types\/post"}],"author":[{"embeddable":true,"href":"https:\/\/noticiasribeiraopreto.com.br\/index.php\/wp-json\/wp\/v2\/users\/1"}],"replies":[{"embeddable":true,"href":"https:\/\/noticiasribeiraopreto.com.br\/index.php\/wp-json\/wp\/v2\/comments?post=37775"}],"version-history":[{"count":0,"href":"https:\/\/noticiasribeiraopreto.com.br\/index.php\/wp-json\/wp\/v2\/posts\/37775\/revisions"}],"wp:featuredmedia":[{"embeddable":true,"href":"https:\/\/noticiasribeiraopreto.com.br\/index.php\/wp-json\/wp\/v2\/media\/37776"}],"wp:attachment":[{"href":"https:\/\/noticiasribeiraopreto.com.br\/index.php\/wp-json\/wp\/v2\/media?parent=37775"}],"wp:term":[{"taxonomy":"category","embeddable":true,"href":"https:\/\/noticiasribeiraopreto.com.br\/index.php\/wp-json\/wp\/v2\/categories?post=37775"},{"taxonomy":"post_tag","embeddable":true,"href":"https:\/\/noticiasribeiraopreto.com.br\/index.php\/wp-json\/wp\/v2\/tags?post=37775"}],"curies":[{"name":"wp","href":"https:\/\/api.w.org\/{rel}","templated":true}]}}