{"id":37828,"date":"2024-02-18T19:26:41","date_gmt":"2024-02-18T22:26:41","guid":{"rendered":"https:\/\/noticiasribeiraopreto.com.br\/index.php\/2024\/02\/18\/rp-sediara-prova-de-cross-country\/"},"modified":"2024-02-18T19:26:41","modified_gmt":"2024-02-18T22:26:41","slug":"rp-sediara-prova-de-cross-country","status":"publish","type":"post","link":"https:\/\/noticiasribeiraopreto.com.br\/index.php\/2024\/02\/18\/rp-sediara-prova-de-cross-country\/","title":{"rendered":"RP sediar\u00e1 prova de Cross Country\u00a0"},"content":{"rendered":"<div class='code-block code-block-1' style='margin: 8px 0 8px auto; text-align: right; display: block; clear: both;'>\n<p><a href=\"https:\/\/wa.link\/vpicfd\"><img data-recalc-dims=\"1\" class=\"wp-image-4922\" style=\"aspect-ratio: 2.0253164556962027; width: 561px; height: auto;\" src=\"https:\/\/i0.wp.com\/ismaelcolosi.com.br\/wp-content\/uploads\/2023\/11\/grupo-de-empregos-whatsapp-e-facebook-ismael-colosi-vagas.jpg?ssl=1\" alt=\"\" \/><\/a><\/p>\n<!-- \/wp:image -->\n<\/div>\n<p> <br \/>\n<\/p>\n<div id=\"post-374084\">\n<header class=\"entry-header penci-entry-header penci-title-center\">\n<p> <span class=\"entry-meta-item penci-posted-on\"><i class=\"fa fa-clock-o\"\/><time class=\"entry-date published\" datetime=\"2024-02-18T17:00:09-03:00\">18 de fevereiro de 2024 | 17:00<\/time><time class=\"updated\" datetime=\"2024-02-17T11:50:56-03:00\">17 de fevereiro de 2024 | 11:50<\/time><\/span><\/p>\n<p> <span class=\"penci-social-buttons penci-social-share-footer\"><a href=\"#\" class=\"penci-post-like penci_post-meta_item  single-like-button penci-social-item like\" data-post_id=\"374084\" title=\"Like\" data-like=\"Like\" data-unlike=\"Unlike\"><i class=\"fa fa-thumbs-o-up\"\/><span class=\"penci-share-number\">0<\/span><\/a><i class=\"fa fa-facebook\"\/><a class=\"penci-social-item twitter\" target=\"_blank\" rel=\"noopener\" title=\"\" href=\"https:\/\/twitter.com\/intent\/tweet?text=RP%20sediar\u00e1%20prova%20de%20Cross%20Country\u00a0%20-%20https:\/\/www.tribunaribeirao.com.br\/site\/rp-sediara-prova-de-cross-country\/\"><i class=\"fa fa-twitter\"\/><\/a><i class=\"fa fa-whatsapp\"\/><\/span><\/header>\n<div class=\"penci-entry-content entry-content\">\n<p><span data-contrast=\"auto\">No dia 30 de mar\u00e7o, Ribeir\u00e3o Preto ser\u00e1 o cen\u00e1rio do 1\u00ba Cross Country, um evento que promete unir natureza, adrenalina e atletismo. A corrida desafiar\u00e1 os participantes com um percurso totalmente natural, na Fazenda S\u00e3o Jos\u00e9. A largada est\u00e1 programada para as 7h.<\/span><span data-ccp-props=\"{&quot;201341983&quot;:0,&quot;335559739&quot;:0,&quot;335559740&quot;:240}\">\u00a0<\/span><\/p>\n<p><span data-contrast=\"auto\">O evento oferece aos competidores a op\u00e7\u00e3o de escolher entre duas dist\u00e2ncias: 8 km (4 voltas) ou 4 km (2 voltas). Al\u00e9m disso, \u00e9 poss\u00edvel formar equipes mistas de revezamento. Ap\u00f3s a corrida individual, cada membro da equipe percorrer\u00e1 2 km (1 volta). As cinco primeiras equipes ter\u00e3o premia\u00e7\u00f5es especiais.<\/span><span data-ccp-props=\"{&quot;201341983&quot;:0,&quot;335559739&quot;:0,&quot;335559740&quot;:240}\">\u00a0<\/span><\/p>\n<p><span data-contrast=\"auto\">\u201cNosso objetivo \u00e9 estabelecer Ribeir\u00e3o Preto como um marco nacional para corridas de cross-country\u201d, disse Gladson Barbosa, organizador da prova, que como atleta da modalidade foi bicampe\u00e3o brasileiro, vice-campe\u00e3o sul-americano e representou o Brasil em mundiais.<\/span><span data-ccp-props=\"{&quot;201341983&quot;:0,&quot;335559739&quot;:0,&quot;335559740&quot;:240}\">\u00a0<\/span><\/p>\n<p><span data-contrast=\"auto\">As inscri\u00e7\u00f5es para o 1\u00ba Cross Country podem ser realizadas atrav\u00e9s do site <\/span><a href=\"https:\/\/tiprun.com.br\/\"><span data-contrast=\"none\">https:\/\/tiprun.com.br\/<\/span><\/a><span data-contrast=\"auto\">. Os valores variam de acordo com o lote e a dist\u00e2ncia escolhida. Todos os atletas inscritos receber\u00e3o um kit contendo camiseta oficial, n\u00famero de peito, chip de cronometragem e uma medalha ap\u00f3s a prova. A premia\u00e7\u00e3o inclui trof\u00e9us para os cinco primeiros colocados nas categorias masculina e feminina dos 8 km e 4 km, al\u00e9m de um reconhecimento especial para as tr\u00eas primeiras equipes do revezamento misto.<\/span><span data-ccp-props=\"{&quot;201341983&quot;:0,&quot;335559739&quot;:0,&quot;335559740&quot;:240}\">\u00a0<\/span><\/p>\n<p><span data-ccp-props=\"{&quot;201341983&quot;:0,&quot;335559739&quot;:0,&quot;335559740&quot;:240}\">\u00a0<\/span><\/p>\n<p>\u00a0<\/p>\n<\/div>\n<footer class=\"penci-entry-footer\"\/><\/div>\n<p><script async src=\"\/\/platform.twitter.com\/widgets.js\" charset=\"utf-8\"><\/script><br \/>\n<br \/><br \/>\n<br \/><a href=\"https:\/\/www.tribunaribeirao.com.br\/site\/rp-sediara-prova-de-cross-country\/\">Source link <\/a><\/p>\n<!-- CONTENT END 1 -->\n","protected":false},"excerpt":{"rendered":"<p>18 de fevereiro de 2024 | 17:0017 de fevereiro de 2024 | 11:50 0 No dia 30 de mar\u00e7o, Ribeir\u00e3o Preto ser\u00e1 o cen\u00e1rio do&#8230;<\/p>\n","protected":false},"author":1,"featured_media":37829,"comment_status":"open","ping_status":"open","sticky":false,"template":"","format":"standard","meta":{"advanced_seo_description":"","jetpack_seo_html_title":"","jetpack_seo_noindex":false,"jetpack_post_was_ever_published":false,"_jetpack_newsletter_access":"","_jetpack_dont_email_post_to_subs":false,"_jetpack_newsletter_tier_id":0,"_jetpack_memberships_contains_paywalled_content":false,"_jetpack_memberships_contains_paid_content":false,"footnotes":"","jetpack_publicize_message":"","jetpack_publicize_feature_enabled":true,"jetpack_social_post_already_shared":true,"jetpack_social_options":{"image_generator_settings":{"template":"highway","default_image_id":0,"font":"","enabled":false},"version":2}},"categories":[11],"tags":[4344,4343,374,4342],"class_list":["post-37828","post","type-post","status-publish","format-standard","has-post-thumbnail","hentry","category-noticias-de-ribeirao-preto-sp-e-regiao-ismael-colosi","tag-country","tag-cross","tag-prova","tag-sediara"],"jetpack_publicize_connections":[],"jetpack_featured_media_url":"https:\/\/i0.wp.com\/noticiasribeiraopreto.com.br\/wp-content\/uploads\/2024\/02\/2-cross-Gladson-Barbosa-scaled.jpg?fit=967%2C645&ssl=1","jetpack-related-posts":[{"id":60338,"url":"https:\/\/noticiasribeiraopreto.com.br\/index.php\/2024\/11\/11\/ribeirao-preto-sediara-1o-festival-da-cultura-afro-brasileira-veja-programacao\/","url_meta":{"origin":37828,"position":0},"title":"Ribeir\u00e3o Preto sediar\u00e1 1\u00ba Festival da Cultura Afro-Brasileira; veja programa\u00e7\u00e3o","author":"noticiasribeiraopreto.com.br","date":"11 de November de 2024","format":false,"excerpt":"Entre os dias 19 e 22 de novembro, Ribeir\u00e3o Preto receber\u00e1 o 1\u00ba Festival da Cultura Afro-Brasileira em celebra\u00e7\u00e3o ao m\u00eas da Consci\u00eancia Negra. Com entrada gratuita, o evento contar\u00e1 com oficinas e apresenta\u00e7\u00f5es de maracatu, samba de coco, bal\u00e9 dos orix\u00e1s, rodas de samba e de capoeira, palestras, rodas\u2026","rel":"","context":"In &quot;Not\u00edcias de Ribeir\u00e3o Preto-SP e Regi\u00e3o&quot;","block_context":{"text":"Not\u00edcias de Ribeir\u00e3o Preto-SP e Regi\u00e3o","link":"https:\/\/noticiasribeiraopreto.com.br\/index.php\/category\/noticias-de-ribeirao-preto-sp-e-regiao-ismael-colosi\/"},"img":{"alt_text":"","src":"https:\/\/i0.wp.com\/noticiasribeiraopreto.com.br\/wp-content\/uploads\/2024\/11\/hand-holding-wooden-stick-close-up_2024-11-11_20-47-22_jpg_2024-11-11_20-47-24-scaled.webp.webp?fit=1200%2C800&ssl=1&resize=350%2C200","width":350,"height":200,"srcset":"https:\/\/i0.wp.com\/noticiasribeiraopreto.com.br\/wp-content\/uploads\/2024\/11\/hand-holding-wooden-stick-close-up_2024-11-11_20-47-22_jpg_2024-11-11_20-47-24-scaled.webp.webp?fit=1200%2C800&ssl=1&resize=350%2C200 1x, https:\/\/i0.wp.com\/noticiasribeiraopreto.com.br\/wp-content\/uploads\/2024\/11\/hand-holding-wooden-stick-close-up_2024-11-11_20-47-22_jpg_2024-11-11_20-47-24-scaled.webp.webp?fit=1200%2C800&ssl=1&resize=525%2C300 1.5x, https:\/\/i0.wp.com\/noticiasribeiraopreto.com.br\/wp-content\/uploads\/2024\/11\/hand-holding-wooden-stick-close-up_2024-11-11_20-47-22_jpg_2024-11-11_20-47-24-scaled.webp.webp?fit=1200%2C800&ssl=1&resize=700%2C400 2x, https:\/\/i0.wp.com\/noticiasribeiraopreto.com.br\/wp-content\/uploads\/2024\/11\/hand-holding-wooden-stick-close-up_2024-11-11_20-47-22_jpg_2024-11-11_20-47-24-scaled.webp.webp?fit=1200%2C800&ssl=1&resize=1050%2C600 3x"},"classes":[]},{"id":39531,"url":"https:\/\/noticiasribeiraopreto.com.br\/index.php\/2024\/02\/26\/ribeirao-preto-sediara-a-52aedicao-do-congresso-nacional-de-saneamento-basico\/","url_meta":{"origin":37828,"position":1},"title":"Ribeir\u00e3o Preto sediar\u00e1 a 52\u00aaedi\u00e7\u00e3o do Congresso Nacional de Saneamento B\u00e1sico","author":"noticiasribeiraopreto.com.br","date":"26 de February de 2024","format":false,"excerpt":"Este ano, Ribeir\u00e3o Preto ir\u00e1 sediar a 52\u00aa edi\u00e7\u00e3o do Congresso Nacional de Saneamento B\u00e1sico (CNSA), organizado pela Associa\u00e7\u00e3o Nacional dos Servi\u00e7os Municipais de Saneamento (Assemae), que ocorrer\u00e1 entre os dias 20 e 24 de maio.Na \u00faltima edi\u00e7\u00e3o, em 2023, a cidade recebeu o convite para participar do Congresso como\u2026","rel":"","context":"In &quot;Not\u00edcias de Ribeir\u00e3o Preto-SP e Regi\u00e3o&quot;","block_context":{"text":"Not\u00edcias de Ribeir\u00e3o Preto-SP e Regi\u00e3o","link":"https:\/\/noticiasribeiraopreto.com.br\/index.php\/category\/noticias-de-ribeirao-preto-sp-e-regiao-ismael-colosi\/"},"img":{"alt_text":"","src":"https:\/\/i0.wp.com\/noticiasribeiraopreto.com.br\/wp-content\/uploads\/2024\/02\/especialcnsa.png?fit=968%2C645&ssl=1&resize=350%2C200","width":350,"height":200,"srcset":"https:\/\/i0.wp.com\/noticiasribeiraopreto.com.br\/wp-content\/uploads\/2024\/02\/especialcnsa.png?fit=968%2C645&ssl=1&resize=350%2C200 1x, https:\/\/i0.wp.com\/noticiasribeiraopreto.com.br\/wp-content\/uploads\/2024\/02\/especialcnsa.png?fit=968%2C645&ssl=1&resize=525%2C300 1.5x, https:\/\/i0.wp.com\/noticiasribeiraopreto.com.br\/wp-content\/uploads\/2024\/02\/especialcnsa.png?fit=968%2C645&ssl=1&resize=700%2C400 2x"},"classes":[]},{"id":34558,"url":"https:\/\/noticiasribeiraopreto.com.br\/index.php\/2024\/02\/02\/inss-convoca-43-milhoes-de-pessoas-para-fazer-prova-de-vida\/","url_meta":{"origin":37828,"position":2},"title":"INSS convoca 4,3 milh\u00f5es de pessoas para fazer prova de vida","author":"noticiasribeiraopreto.com.br","date":"2 de February de 2024","format":false,"excerpt":"2 de fevereiro de 2024 | 13:302 de fevereiro de 2024 | 10:46 0O Instituto Nacional do Seguro Social (INSS) convocar\u00e1 4,3 milh\u00f5es de aposentados, pensionistas e benefici\u00e1rios de aux\u00edlios de longa dura\u00e7\u00e3o para fazer a prova de vida anual. Desde o in\u00edcio de 2023 que cabe ao instituto comprovar\u2026","rel":"","context":"In &quot;Not\u00edcias de Ribeir\u00e3o Preto-SP e Regi\u00e3o&quot;","block_context":{"text":"Not\u00edcias de Ribeir\u00e3o Preto-SP e Regi\u00e3o","link":"https:\/\/noticiasribeiraopreto.com.br\/index.php\/category\/noticias-de-ribeirao-preto-sp-e-regiao-ismael-colosi\/"},"img":{"alt_text":"","src":"https:\/\/i0.wp.com\/noticiasribeiraopreto.com.br\/wp-content\/uploads\/2024\/02\/846e8be0-b7fa-480c-bc49-9fa59b7a79f8-scaled.jpg?fit=1000%2C598&ssl=1&resize=350%2C200","width":350,"height":200,"srcset":"https:\/\/i0.wp.com\/noticiasribeiraopreto.com.br\/wp-content\/uploads\/2024\/02\/846e8be0-b7fa-480c-bc49-9fa59b7a79f8-scaled.jpg?fit=1000%2C598&ssl=1&resize=350%2C200 1x, https:\/\/i0.wp.com\/noticiasribeiraopreto.com.br\/wp-content\/uploads\/2024\/02\/846e8be0-b7fa-480c-bc49-9fa59b7a79f8-scaled.jpg?fit=1000%2C598&ssl=1&resize=525%2C300 1.5x, https:\/\/i0.wp.com\/noticiasribeiraopreto.com.br\/wp-content\/uploads\/2024\/02\/846e8be0-b7fa-480c-bc49-9fa59b7a79f8-scaled.jpg?fit=1000%2C598&ssl=1&resize=700%2C400 2x"},"classes":[]},{"id":34873,"url":"https:\/\/noticiasribeiraopreto.com.br\/index.php\/2024\/02\/04\/confira-as-datas-salarios-e-os-editais\/","url_meta":{"origin":37828,"position":3},"title":"confira as datas, sal\u00e1rios e os editais","author":"noticiasribeiraopreto.com.br","date":"4 de February de 2024","format":false,"excerpt":"O sonho de passar em um concurso p\u00fablico vem ficando mais pr\u00f3ximo em 2024. O primeiro m\u00eas do ano trouxe ventos favor\u00e1veis, com vagas e inscri\u00e7\u00f5es abertas de diversos \u00f3rg\u00e3os p\u00fablicos. E n\u00e3o foi s\u00f3 isso, o governo federal tamb\u00e9m tornou o caminho mais f\u00e1cil com a cria\u00e7\u00e3o do Concurso\u2026","rel":"","context":"In &quot;Dinheiro e Investimento&quot;","block_context":{"text":"Dinheiro e Investimento","link":"https:\/\/noticiasribeiraopreto.com.br\/index.php\/category\/dinheiro-e-investimento-como-fazer-como-ganhar\/"},"img":{"alt_text":"","src":"https:\/\/i0.wp.com\/noticiasribeiraopreto.com.br\/wp-content\/uploads\/2024\/02\/concursos_abertos-715x402.jpg?fit=715%2C402&ssl=1&resize=350%2C200","width":350,"height":200,"srcset":"https:\/\/i0.wp.com\/noticiasribeiraopreto.com.br\/wp-content\/uploads\/2024\/02\/concursos_abertos-715x402.jpg?fit=715%2C402&ssl=1&resize=350%2C200 1x, https:\/\/i0.wp.com\/noticiasribeiraopreto.com.br\/wp-content\/uploads\/2024\/02\/concursos_abertos-715x402.jpg?fit=715%2C402&ssl=1&resize=525%2C300 1.5x, https:\/\/i0.wp.com\/noticiasribeiraopreto.com.br\/wp-content\/uploads\/2024\/02\/concursos_abertos-715x402.jpg?fit=715%2C402&ssl=1&resize=700%2C400 2x"},"classes":[]},{"id":21876,"url":"https:\/\/noticiasribeiraopreto.com.br\/index.php\/2023\/12\/28\/veja-as-principais-datas-do-concurso-publico-para-nivel-tecnico\/","url_meta":{"origin":37828,"position":4},"title":"veja as principais datas do concurso p\u00fablico para n\u00edvel t\u00e9cnico","author":"noticiasribeiraopreto.com.br","date":"28 de December de 2023","format":false,"excerpt":"O novo concurso da Petrobras conta com nada menos que 6.412 vagas para profissional de n\u00edvel t\u00e9cnico j\u00fanior, sendo 916 para contrata\u00e7\u00e3o imediata e 5.496 para forma\u00e7\u00e3o de cadastro reserva (CR). As inscri\u00e7\u00f5es j\u00e1 est\u00e3o abertas. Todos os cargos vagos exigem escolaridade de ensino m\u00e9dio t\u00e9cnico. O sal\u00e1rio b\u00e1sico \u00e9\u2026","rel":"","context":"In &quot;Vagas de Emprego em Ribeir\u00e3o Preto-SP&quot;","block_context":{"text":"Vagas de Emprego em Ribeir\u00e3o Preto-SP","link":"https:\/\/noticiasribeiraopreto.com.br\/index.php\/category\/empregos-classificados-vagas-trabalho\/vagas-de-empregos-em-ribeirao-preto-regiao-brasil\/"},"img":{"alt_text":"","src":"https:\/\/i0.wp.com\/noticiasribeiraopreto.com.br\/wp-content\/uploads\/2023\/12\/1703797136_quadro-vagas-petrobras-edital-2-2023.jpg?fit=564%2C930&ssl=1&resize=350%2C200","width":350,"height":200,"srcset":"https:\/\/i0.wp.com\/noticiasribeiraopreto.com.br\/wp-content\/uploads\/2023\/12\/1703797136_quadro-vagas-petrobras-edital-2-2023.jpg?fit=564%2C930&ssl=1&resize=350%2C200 1x, https:\/\/i0.wp.com\/noticiasribeiraopreto.com.br\/wp-content\/uploads\/2023\/12\/1703797136_quadro-vagas-petrobras-edital-2-2023.jpg?fit=564%2C930&ssl=1&resize=525%2C300 1.5x"},"classes":[]},{"id":38387,"url":"https:\/\/noticiasribeiraopreto.com.br\/index.php\/2024\/02\/19\/prouni-prazo-para-comprovar-dados-termina-nesta-terca\/","url_meta":{"origin":37828,"position":5},"title":"Prouni: prazo para comprovar dados termina nesta ter\u00e7a","author":"noticiasribeiraopreto.com.br","date":"19 de February de 2024","format":false,"excerpt":"19 de fevereiro de 2024 | 18:0019 de fevereiro de 2024 | 11:00 0Pr\u00e9-selecionados na primeira chamada do Programa Universidade para Todos (Prouni) do primeiro semestre de 2024 t\u00eam at\u00e9 esta ter\u00e7a-feira (20) para comprovar os dados informados no ato da inscri\u00e7\u00e3o.O prazo para a entrega dos documentos come\u00e7ou no\u2026","rel":"","context":"In &quot;Not\u00edcias de Ribeir\u00e3o Preto-SP e Regi\u00e3o&quot;","block_context":{"text":"Not\u00edcias de Ribeir\u00e3o Preto-SP e Regi\u00e3o","link":"https:\/\/noticiasribeiraopreto.com.br\/index.php\/category\/noticias-de-ribeirao-preto-sp-e-regiao-ismael-colosi\/"},"img":{"alt_text":"","src":"https:\/\/i0.wp.com\/noticiasribeiraopreto.com.br\/wp-content\/uploads\/2024\/02\/23c13d42-5efa-466a-8938-5fe14756dedc-scaled.jpg?fit=1000%2C598&ssl=1&resize=350%2C200","width":350,"height":200,"srcset":"https:\/\/i0.wp.com\/noticiasribeiraopreto.com.br\/wp-content\/uploads\/2024\/02\/23c13d42-5efa-466a-8938-5fe14756dedc-scaled.jpg?fit=1000%2C598&ssl=1&resize=350%2C200 1x, https:\/\/i0.wp.com\/noticiasribeiraopreto.com.br\/wp-content\/uploads\/2024\/02\/23c13d42-5efa-466a-8938-5fe14756dedc-scaled.jpg?fit=1000%2C598&ssl=1&resize=525%2C300 1.5x, https:\/\/i0.wp.com\/noticiasribeiraopreto.com.br\/wp-content\/uploads\/2024\/02\/23c13d42-5efa-466a-8938-5fe14756dedc-scaled.jpg?fit=1000%2C598&ssl=1&resize=700%2C400 2x"},"classes":[]}],"jetpack_sharing_enabled":true,"jetpack_shortlink":"https:\/\/wp.me\/peQAOb-9Q8","_links":{"self":[{"href":"https:\/\/noticiasribeiraopreto.com.br\/index.php\/wp-json\/wp\/v2\/posts\/37828","targetHints":{"allow":["GET"]}}],"collection":[{"href":"https:\/\/noticiasribeiraopreto.com.br\/index.php\/wp-json\/wp\/v2\/posts"}],"about":[{"href":"https:\/\/noticiasribeiraopreto.com.br\/index.php\/wp-json\/wp\/v2\/types\/post"}],"author":[{"embeddable":true,"href":"https:\/\/noticiasribeiraopreto.com.br\/index.php\/wp-json\/wp\/v2\/users\/1"}],"replies":[{"embeddable":true,"href":"https:\/\/noticiasribeiraopreto.com.br\/index.php\/wp-json\/wp\/v2\/comments?post=37828"}],"version-history":[{"count":0,"href":"https:\/\/noticiasribeiraopreto.com.br\/index.php\/wp-json\/wp\/v2\/posts\/37828\/revisions"}],"wp:featuredmedia":[{"embeddable":true,"href":"https:\/\/noticiasribeiraopreto.com.br\/index.php\/wp-json\/wp\/v2\/media\/37829"}],"wp:attachment":[{"href":"https:\/\/noticiasribeiraopreto.com.br\/index.php\/wp-json\/wp\/v2\/media?parent=37828"}],"wp:term":[{"taxonomy":"category","embeddable":true,"href":"https:\/\/noticiasribeiraopreto.com.br\/index.php\/wp-json\/wp\/v2\/categories?post=37828"},{"taxonomy":"post_tag","embeddable":true,"href":"https:\/\/noticiasribeiraopreto.com.br\/index.php\/wp-json\/wp\/v2\/tags?post=37828"}],"curies":[{"name":"wp","href":"https:\/\/api.w.org\/{rel}","templated":true}]}}