{"id":37897,"date":"2024-02-19T09:30:26","date_gmt":"2024-02-19T12:30:26","guid":{"rendered":"https:\/\/noticiasribeiraopreto.com.br\/index.php\/2024\/02\/19\/valor-do-bolsa-familia-destinado-a-rp-recua\/"},"modified":"2024-02-19T09:30:26","modified_gmt":"2024-02-19T12:30:26","slug":"valor-do-bolsa-familia-destinado-a-rp-recua","status":"publish","type":"post","link":"https:\/\/noticiasribeiraopreto.com.br\/index.php\/2024\/02\/19\/valor-do-bolsa-familia-destinado-a-rp-recua\/","title":{"rendered":"Valor do Bolsa Fam\u00edlia destinado a RP recua\u00a0"},"content":{"rendered":"<div class='code-block code-block-1' style='margin: 8px 0 8px auto; text-align: right; display: block; clear: both;'>\n<p><a href=\"https:\/\/wa.link\/vpicfd\"><img data-recalc-dims=\"1\" class=\"wp-image-4922\" style=\"aspect-ratio: 2.0253164556962027; width: 561px; height: auto;\" src=\"https:\/\/i0.wp.com\/ismaelcolosi.com.br\/wp-content\/uploads\/2023\/11\/grupo-de-empregos-whatsapp-e-facebook-ismael-colosi-vagas.jpg?ssl=1\" alt=\"\" \/><\/a><\/p>\n<!-- \/wp:image -->\n<\/div>\n<p> <br \/>\n<\/p>\n<div>\n<p><span class=\"TextRun SCXW229519090 BCX0\" lang=\"PT-BR\" xml:lang=\"PT-BR\" data-contrast=\"auto\"><span class=\"NormalTextRun SCXW229519090 BCX0\">S\u00e3o Paulo \u00e9 a unidade da federa\u00e7\u00e3o com maior n\u00famero de fam\u00edlias contempladas com o Bolsa Fam\u00edlia em<\/span><span class=\"NormalTextRun SCXW229519090 BCX0\"> fevereiro <\/span><span class=\"NormalTextRun SCXW229519090 BCX0\">de 2024. Mais de 2,62 milh\u00f5es de fam\u00edlias, de todos os 645 munic\u00edpios paulistas, receber\u00e3o neste m\u00eas um benef\u00edcio m\u00e9dio de <\/span><span class=\"NormalTextRun SCXW229519090 BCX0\">R$ 679,51<\/span><span class=\"NormalTextRun SCXW229519090 BCX0\">.<\/span> <\/span><span class=\"LineBreakBlob BlobObject DragDrop SCXW229519090 BCX0\"><span class=\"SCXW229519090 BCX0\">\u00a0<\/span><br class=\"SCXW229519090 BCX0\"\/><\/span><span class=\"LineBreakBlob BlobObject DragDrop SCXW229519090 BCX0\"><span class=\"SCXW229519090 BCX0\">\u00a0<\/span><br class=\"SCXW229519090 BCX0\"\/><\/span><span class=\"TextRun SCXW229519090 BCX0\" lang=\"PT-BR\" xml:lang=\"PT-BR\" data-contrast=\"auto\"><span class=\"NormalTextRun SCXW229519090 BCX0\">O repasse \u00e9 <\/span><span class=\"NormalTextRun SCXW229519090 BCX0\">fruto de um investimento <\/span><span class=\"NormalTextRun SCXW229519090 BCX0\">do governo <\/span><span class=\"NormalTextRun SCXW229519090 BCX0\">federal que supera R$ 1,76 bilh\u00e3o<\/span><span class=\"NormalTextRun SCXW229519090 BCX0\">.<\/span> <span class=\"NormalTextRun SCXW229519090 BCX0\">O pagamento dos benef\u00edcios<\/span><span class=\"NormalTextRun SCXW229519090 BCX0\"> come\u00e7ou <\/span><span class=\"NormalTextRun SCXW229519090 BCX0\">nesta sexta-feira<\/span><span class=\"NormalTextRun SCXW229519090 BCX0\"> (16) e <\/span><\/span><span class=\"TextRun SCXW229519090 BCX0\" lang=\"PT-BR\" xml:lang=\"PT-BR\" data-contrast=\"none\"><span class=\"NormalTextRun SCXW229519090 BCX0\">prossegue de forma escalonada at\u00e9 o dia <\/span><span class=\"NormalTextRun SCXW229519090 BCX0\">29<\/span><span class=\"NormalTextRun SCXW229519090 BCX0\">, com base no final do N\u00famero de Identifica\u00e7\u00e3o Social (NIS) de cada benefici\u00e1rio<\/span><span class=\"NormalTextRun SCXW229519090 BCX0\">.<\/span><\/span><span class=\"LineBreakBlob BlobObject DragDrop SCXW229519090 BCX0\"><span class=\"SCXW229519090 BCX0\">\u00a0<\/span><br class=\"SCXW229519090 BCX0\"\/><\/span><strong><span class=\"LineBreakBlob BlobObject DragDrop SCXW229519090 BCX0\"><span class=\"SCXW229519090 BCX0\">\u00a0<\/span><br class=\"SCXW229519090 BCX0\"\/><\/span><\/strong><span class=\"TextRun SCXW229519090 BCX0\" lang=\"PT-BR\" xml:lang=\"PT-BR\" data-contrast=\"auto\"><span class=\"NormalTextRun SCXW229519090 BCX0\"><strong>Ribeir\u00e3o Preto<\/strong> \u2013 <\/span><\/span><span class=\"TextRun SCXW229519090 BCX0\" lang=\"PT-BR\" xml:lang=\"PT-BR\" data-contrast=\"auto\"><span class=\"NormalTextRun SCXW229519090 BCX0\">Levantamento do Minist\u00e9rio do Desenvolvimento e Assist\u00eancia Social, Fam\u00edlia e Combate \u00e0 Fome revela<\/span><span class=\"NormalTextRun SCXW229519090 BCX0\"> que <\/span><span class=\"NormalTextRun SCXW229519090 BCX0\">25.775 <\/span><span class=\"NormalTextRun SCXW229519090 BCX0\">fam\u00edlias est\u00e3o sendo atendidas em Ribeir\u00e3o Preto, em <\/span><span class=\"NormalTextRun SCXW229519090 BCX0\">fevereiro<\/span><span class=\"NormalTextRun SCXW229519090 BCX0\">, pelo novo Bolsa Fam\u00edlia, contra <\/span><span class=\"NormalTextRun SCXW229519090 BCX0\">26.504 <\/span><span class=\"NormalTextRun SCXW229519090 BCX0\">de <\/span><span class=\"NormalTextRun SCXW229519090 BCX0\">janeiro<\/span><span class=\"NormalTextRun SCXW229519090 BCX0\">. O valor total liberado \u00e9 de <\/span><span class=\"NormalTextRun SCXW229519090 BCX0\">R$ <\/span><span class=\"NormalTextRun SCXW229519090 BCX0\">17.609.257<\/span><span class=\"NormalTextRun SCXW229519090 BCX0\">, queda de <\/span><span class=\"NormalTextRun SCXW229519090 BCX0\">4,06% em rela\u00e7\u00e3o aos <\/span><span class=\"NormalTextRun SCXW229519090 BCX0\">R$ 18.353.844<\/span><span class=\"NormalTextRun SCXW229519090 BCX0\"> do <\/span><span class=\"NormalTextRun SCXW229519090 BCX0\">m\u00eas anterior. S\u00e3o R$ <\/span><span class=\"NormalTextRun SCXW229519090 BCX0\">744.587 a menos<\/span><span class=\"NormalTextRun SCXW229519090 BCX0\">. <\/span><\/span><span class=\"LineBreakBlob BlobObject DragDrop SCXW229519090 BCX0\"><span class=\"SCXW229519090 BCX0\">\u00a0<\/span><br class=\"SCXW229519090 BCX0\"\/><\/span><span class=\"LineBreakBlob BlobObject DragDrop SCXW229519090 BCX0\"><span class=\"SCXW229519090 BCX0\">\u00a0<\/span><br class=\"SCXW229519090 BCX0\"\/><\/span><span class=\"TextRun SCXW229519090 BCX0\" lang=\"PT-BR\" xml:lang=\"PT-BR\" data-contrast=\"auto\"><span class=\"NormalTextRun SCXW229519090 BCX0\">A m\u00e9dia do benef\u00edcio pago em Ribeir\u00e3o Preto, de <\/span><span class=\"NormalTextRun SCXW229519090 BCX0\">R$ 683,19, \u00e9 <\/span><span class=\"NormalTextRun SCXW229519090 BCX0\">1,34% inferior<\/span><\/span> <span class=\"TextRun SCXW229519090 BCX0\" lang=\"PT-BR\" xml:lang=\"PT-BR\" data-contrast=\"auto\"><span class=\"NormalTextRun SCXW229519090 BCX0\">aos <\/span><span class=\"NormalTextRun SCXW229519090 BCX0\">R$ 692,49<\/span><span class=\"NormalTextRun SCXW229519090 BCX0\"> de janeiro<\/span><span class=\"NormalTextRun SCXW229519090 BCX0\">, <\/span><span class=\"NormalTextRun SCXW229519090 BCX0\">desconto de R$ 9,30<\/span><span class=\"NormalTextRun SCXW229519090 BCX0\">. O recorde at\u00e9 agora \u00e9 de junho do ano passado, de R$ 720,99. A mediana ribeir\u00e3o-pretana est\u00e1 <\/span><span class=\"NormalTextRun SCXW229519090 BCX0\">0,42<\/span><span class=\"NormalTextRun SCXW229519090 BCX0\">% <\/span><span class=\"NormalTextRun SCXW229519090 BCX0\">abaixo <\/span><span class=\"NormalTextRun SCXW229519090 BCX0\">da nacional, de <\/span><span class=\"NormalTextRun SCXW229519090 BCX0\">R$ 686,10 <\/span><span class=\"NormalTextRun SCXW229519090 BCX0\">\u2013 era de <\/span><span class=\"NormalTextRun SCXW229519090 BCX0\">R$ 685,61<\/span><\/span><span class=\"TextRun SCXW229519090 BCX0\" lang=\"PT-BR\" xml:lang=\"PT-BR\" data-contrast=\"none\"><span class=\"NormalTextRun SCXW229519090 BCX0\"> nos <\/span><span class=\"NormalTextRun SCXW229519090 BCX0\">primeiros <\/span><span class=\"NormalTextRun SCXW229519090 BCX0\">3<\/span><span class=\"NormalTextRun SCXW229519090 BCX0\">1<\/span><span class=\"NormalTextRun SCXW229519090 BCX0\"> dias de 202<\/span><span class=\"NormalTextRun SCXW229519090 BCX0\">4<\/span><\/span><span class=\"TextRun SCXW229519090 BCX0\" lang=\"PT-BR\" xml:lang=\"PT-BR\" data-contrast=\"auto\"><span class=\"NormalTextRun SCXW229519090 BCX0\">. S\u00e3o R$ 2,91 <\/span><span class=\"NormalTextRun SCXW229519090 BCX0\">a <\/span><span class=\"NormalTextRun SCXW229519090 BCX0\">menos<\/span><span class=\"NormalTextRun SCXW229519090 BCX0\">. <\/span><\/span><span class=\"LineBreakBlob BlobObject DragDrop SCXW229519090 BCX0\"><span class=\"SCXW229519090 BCX0\">\u00a0<\/span><br class=\"SCXW229519090 BCX0\"\/><\/span><span class=\"LineBreakBlob BlobObject DragDrop SCXW229519090 BCX0\"><span class=\"SCXW229519090 BCX0\">\u00a0<\/span><br class=\"SCXW229519090 BCX0\"\/><\/span><span class=\"TextRun SCXW229519090 BCX0\" lang=\"PT-BR\" xml:lang=\"PT-BR\" data-contrast=\"auto\"><span class=\"NormalTextRun SCXW229519090 BCX0\">\u00c9 a primeira vez que isso ocorre deste o lan\u00e7amento do <\/span><span class=\"NormalTextRun SCXW229519090 BCX0\">novo Bolsa<\/span><span class=\"NormalTextRun SCXW229519090 BCX0\"> Fam\u00edlia, em maio do ano passado<\/span><span class=\"NormalTextRun SCXW229519090 BCX0\">. <\/span><span class=\"NormalTextRun SCXW229519090 BCX0\">Por\u00e9m, <\/span><span class=\"NormalTextRun SCXW229519090 BCX0\">supera em <\/span><span class=\"NormalTextRun SCXW229519090 BCX0\">0,54% <\/span><span class=\"NormalTextRun SCXW229519090 BCX0\">a m\u00e9dia estadual, de <\/span><span class=\"NormalTextRun SCXW229519090 BCX0\">R$ 679,51 <\/span><span class=\"NormalTextRun SCXW229519090 BCX0\">\u2013 era de <\/span><span class=\"NormalTextRun SCXW229519090 BCX0\">R$ 680,70<\/span><span class=\"NormalTextRun SCXW229519090 BCX0\"> no m\u00eas passado. S\u00e3o R$ <\/span><span class=\"NormalTextRun SCXW229519090 BCX0\">3,68 <\/span><span class=\"NormalTextRun SCXW229519090 BCX0\">a mais. Franca tem 13.<\/span><span class=\"NormalTextRun SCXW229519090 BCX0\">149 <\/span><span class=\"NormalTextRun SCXW229519090 BCX0\">fam\u00edlias <\/span><span class=\"NormalTextRun SCXW229519090 BCX0\">beneficiadas e m\u00e9dia<\/span><span class=\"NormalTextRun SCXW229519090 BCX0\"> de <\/span><span class=\"NormalTextRun SCXW229519090 BCX0\">R$ 699,71<\/span><span class=\"NormalTextRun SCXW229519090 BCX0\"> \u2013 era de <\/span><span class=\"NormalTextRun SCXW229519090 BCX0\">R$ 692,79<\/span><span class=\"NormalTextRun SCXW229519090 BCX0\"> em <\/span><span class=\"NormalTextRun SCXW229519090 BCX0\">janeiro <\/span><span class=\"NormalTextRun SCXW229519090 BCX0\">\u2013, valor <\/span><span class=\"NormalTextRun SCXW229519090 BCX0\">2<\/span><span class=\"NormalTextRun SCXW229519090 BCX0\">,4<\/span><span class=\"NormalTextRun SCXW229519090 BCX0\">2<\/span><span class=\"NormalTextRun SCXW229519090 BCX0\">% acima da ribeir\u00e3o-pretana. S\u00e3o R$ <\/span><span class=\"NormalTextRun SCXW229519090 BCX0\">16,52 <\/span><span class=\"NormalTextRun SCXW229519090 BCX0\">a mais. <\/span><\/span><span class=\"LineBreakBlob BlobObject DragDrop SCXW229519090 BCX0\"><span class=\"SCXW229519090 BCX0\">\u00a0<\/span><br class=\"SCXW229519090 BCX0\"\/><\/span><span class=\"LineBreakBlob BlobObject DragDrop SCXW229519090 BCX0\"><span class=\"SCXW229519090 BCX0\">\u00a0<\/span><br class=\"SCXW229519090 BCX0\"\/><\/span><span class=\"TextRun SCXW229519090 BCX0\" lang=\"PT-BR\" xml:lang=\"PT-BR\" data-contrast=\"auto\"><span class=\"NormalTextRun SCXW229519090 BCX0\">Em <\/span><span class=\"NormalTextRun SCXW229519090 BCX0\">fevereiro<\/span><span class=\"NormalTextRun SCXW229519090 BCX0\">, os <\/span><span class=\"NormalTextRun SCXW229519090 BCX0\">francanos<\/span><span class=\"NormalTextRun SCXW229519090 BCX0\"> v\u00e3o dividir R$ <\/span><span class=\"NormalTextRun SCXW229519090 BCX0\">9.200.525<\/span><span class=\"NormalTextRun SCXW229519090 BCX0\">. Barretos conta com 5.<\/span><span class=\"NormalTextRun SCXW229519090 BCX0\">299 <\/span><span class=\"NormalTextRun SCXW229519090 BCX0\">n\u00facleos familiares cadastrados que receber\u00e3o R$ <\/span><span class=\"NormalTextRun SCXW229519090 BCX0\">3.513.797<\/span> <span class=\"NormalTextRun SCXW229519090 BCX0\">do Bolsa<\/span><span class=\"NormalTextRun SCXW229519090 BCX0\"> Fam\u00edlia<\/span><span class=\"NormalTextRun SCXW229519090 BCX0\">. A m\u00e9dia em<\/span> <span class=\"NormalTextRun SCXW229519090 BCX0\">fevereiro \u00e9 de R$ 663,11 <\/span><span class=\"NormalTextRun SCXW229519090 BCX0\">\u2013 era de R$ 6<\/span><span class=\"NormalTextRun SCXW229519090 BCX0\">60,81 <\/span><span class=\"NormalTextRun SCXW229519090 BCX0\">em <\/span><span class=\"NormalTextRun SCXW229519090 BCX0\">janeiro <\/span><span class=\"NormalTextRun SCXW229519090 BCX0\">\u2013<\/span><span class=\"NormalTextRun SCXW229519090 BCX0\">, valor R$ <\/span><span class=\"NormalTextRun SCXW229519090 BCX0\">20,08 <\/span><span class=\"NormalTextRun SCXW229519090 BCX0\">abaixo da mediana de Ribeir\u00e3o Preto, <\/span><span class=\"NormalTextRun SCXW229519090 BCX0\">2,94<\/span><span class=\"NormalTextRun SCXW229519090 BCX0\">% inferior. <\/span><\/span><span class=\"LineBreakBlob BlobObject DragDrop SCXW229519090 BCX0\"><span class=\"SCXW229519090 BCX0\">\u00a0<\/span><br class=\"SCXW229519090 BCX0\"\/><\/span><span class=\"LineBreakBlob BlobObject DragDrop SCXW229519090 BCX0\"><span class=\"SCXW229519090 BCX0\">\u00a0<\/span><br class=\"SCXW229519090 BCX0\"\/><\/span><span class=\"TextRun SCXW229519090 BCX0\" lang=\"PT-BR\" xml:lang=\"PT-BR\" data-contrast=\"auto\"><span class=\"NormalTextRun SCXW229519090 BCX0\">Tr\u00eas munic\u00edpios paulistas receber<\/span><span class=\"NormalTextRun SCXW229519090 BCX0\">am <\/span><span class=\"NormalTextRun SCXW229519090 BCX0\">pagamento unificado <\/span><span class=\"NormalTextRun SCXW229519090 BCX0\">do Bolsa<\/span><span class=\"NormalTextRun SCXW229519090 BCX0\"> Fam\u00edlia<\/span> <span class=\"NormalTextRun SCXW229519090 BCX0\">nesta sexta-feira<\/span><span class=\"NormalTextRun SCXW229519090 BCX0\">: <\/span><span class=\"NormalTextRun SCXW229519090 BCX0\">Embu-Gua\u00e7u<\/span><span class=\"NormalTextRun SCXW229519090 BCX0\">, Socorro e Sorocaba. Essas cidades est\u00e3o inseridas em a\u00e7\u00f5es de enfrentamento a desastres. O valor repassado pelo Governo Federal \u00e9 de R$ 28,9 milh\u00f5es e chega a 42,4 mil fam\u00edlias.<\/span><\/span><span class=\"LineBreakBlob BlobObject DragDrop SCXW229519090 BCX0\"><span class=\"SCXW229519090 BCX0\">\u00a0<\/span><br class=\"SCXW229519090 BCX0\"\/><\/span><span class=\"LineBreakBlob BlobObject DragDrop SCXW229519090 BCX0\"><span class=\"SCXW229519090 BCX0\">\u00a0<\/span><br class=\"SCXW229519090 BCX0\"\/><\/span><span class=\"TextRun SCXW229519090 BCX0\" lang=\"PT-BR\" xml:lang=\"PT-BR\" data-contrast=\"auto\"><span class=\"NormalTextRun SCXW229519090 BCX0\"><strong>Estado<\/strong> \u2013 <\/span><\/span><span class=\"TextRun SCXW229519090 BCX0\" lang=\"PT-BR\" xml:lang=\"PT-BR\" data-contrast=\"auto\"><span class=\"NormalTextRun SCXW229519090 BCX0\">S\u00e3o Paulo \u00e9 o munic\u00edpio com maior n\u00famero de fam\u00edlias contempladas: 711.902. Elas receber\u00e3o um benef\u00edcio m\u00e9dio de R$ 678,90. O valor dos repasses federais para a capital paulista s<\/span><span class=\"NormalTextRun SCXW229519090 BCX0\">upera os R$ 483,3 milh\u00f5es, segundo dados do <\/span><span class=\"NormalTextRun SCXW229519090 BCX0\">Ministro do Desenvolvimento e Assist\u00eancia Social, Fam\u00edlia e Combate \u00e0 Fome<\/span><span class=\"NormalTextRun SCXW229519090 BCX0\">. <\/span><\/span><span class=\"LineBreakBlob BlobObject DragDrop SCXW229519090 BCX0\"><span class=\"SCXW229519090 BCX0\">\u00a0<\/span><br class=\"SCXW229519090 BCX0\"\/><\/span><span class=\"LineBreakBlob BlobObject DragDrop SCXW229519090 BCX0\"><span class=\"SCXW229519090 BCX0\">\u00a0<\/span><br class=\"SCXW229519090 BCX0\"\/><\/span><span class=\"TextRun SCXW229519090 BCX0\" lang=\"PT-BR\" xml:lang=\"PT-BR\" data-contrast=\"auto\"><span class=\"NormalTextRun SCXW229519090 BCX0\">Outra<\/span><span class=\"NormalTextRun SCXW229519090 BCX0\">s cinco <\/span><span class=\"NormalTextRun SCXW229519090 BCX0\">cidades paulistas ter\u00e3o neste m\u00eas de <\/span><span class=\"NormalTextRun SCXW229519090 BCX0\">fevereiro mais de 40 mil fam\u00edlias beneficiadas: Guarulhos (111.525), Campinas (62.241), Osasco (47.780), S\u00e3o Bernardo do Campo (42.997) e S\u00e3o Jos\u00e9 dos Campos (41.730)<\/span><span class=\"NormalTextRun SCXW229519090 BCX0\">, indica o governo federal<\/span><span class=\"NormalTextRun SCXW229519090 BCX0\">,<\/span><span class=\"NormalTextRun SCXW229519090 BCX0\">.<\/span><\/span><span class=\"LineBreakBlob BlobObject DragDrop SCXW229519090 BCX0\"><span class=\"SCXW229519090 BCX0\">\u00a0<\/span><br class=\"SCXW229519090 BCX0\"\/><\/span><span class=\"LineBreakBlob BlobObject DragDrop SCXW229519090 BCX0\"><span class=\"SCXW229519090 BCX0\">\u00a0<\/span><br class=\"SCXW229519090 BCX0\"\/><\/span><span class=\"TextRun SCXW229519090 BCX0\" lang=\"PT-BR\" xml:lang=\"PT-BR\" data-contrast=\"auto\"><span class=\"NormalTextRun SCXW229519090 BCX0\">J\u00e1 o munic\u00edpio de Bananal det\u00e9m o maior valor m\u00e9dio do benef\u00edcio em todo o estado: R$ 742,45. Na <\/span><span class=\"NormalTextRun SCXW229519090 BCX0\">sequ\u00eancia<\/span><span class=\"NormalTextRun SCXW229519090 BCX0\">, aparecem as cidades de Vista Alegre do Alto (R$ 739,22), Uni\u00e3o Paulista (R$ 733,78), <\/span><span class=\"NormalTextRun SpellingErrorV2Themed SCXW229519090 BCX0\">Pontalinda<\/span><span class=\"NormalTextRun SCXW229519090 BCX0\"> (R$ 733) e Gabriel Monteiro (R$ 730,23).<\/span><\/span><span class=\"LineBreakBlob BlobObject DragDrop SCXW229519090 BCX0\"><span class=\"SCXW229519090 BCX0\">\u00a0<\/span><br class=\"SCXW229519090 BCX0\"\/><\/span><span class=\"LineBreakBlob BlobObject DragDrop SCXW229519090 BCX0\"><span class=\"SCXW229519090 BCX0\">\u00a0<\/span><br class=\"SCXW229519090 BCX0\"\/><\/span><span class=\"TextRun SCXW229519090 BCX0\" lang=\"PT-BR\" xml:lang=\"PT-BR\" data-contrast=\"auto\"><span class=\"NormalTextRun SCXW229519090 BCX0\">Entre os benef\u00edcios complementares criados com o novo Bolsa Fam\u00edlia, 1,3 milh\u00e3o de crian\u00e7as de zero a seis anos receber\u00e3o neste m\u00eas o adicional de R$ 150 em S\u00e3o Paulo referente ao Benef\u00edcio Primeira Inf\u00e2ncia, a partir de um repasse federal de R$ <\/span><span class=\"NormalTextRun SCXW229519090 BCX0\">182,<\/span><span class=\"NormalTextRun SCXW229519090 BCX0\">353 milh\u00f5es. <\/span><\/span><span class=\"LineBreakBlob BlobObject DragDrop SCXW229519090 BCX0\"><span class=\"SCXW229519090 BCX0\">\u00a0<\/span><br class=\"SCXW229519090 BCX0\"\/><\/span><span class=\"LineBreakBlob BlobObject DragDrop SCXW229519090 BCX0\"><span class=\"SCXW229519090 BCX0\">\u00a0<\/span><br class=\"SCXW229519090 BCX0\"\/><\/span><span class=\"TextRun SCXW229519090 BCX0\" lang=\"PT-BR\" xml:lang=\"PT-BR\" data-contrast=\"auto\"><span class=\"NormalTextRun SCXW229519090 BCX0\">A cesta de benef\u00edcios complementares tamb\u00e9m acrescenta R$ 50 neste m\u00eas a <\/span><span class=\"NormalTextRun SCXW229519090 BCX0\">1,<\/span><span class=\"NormalTextRun SCXW229519090 BCX0\">628 milh\u00e3o de crian\u00e7as e adolescentes de sete a 16 anos e 306.884 jovens de 16 a 18 anos, al\u00e9m de 42.611 gestantes e 58.467 mulheres em fase de amamenta\u00e7\u00e3o. <\/span><\/span><span class=\"TextRun SCXW229519090 BCX0\" lang=\"PT-BR\" xml:lang=\"PT-BR\" data-contrast=\"auto\"><span class=\"NormalTextRun SCXW229519090 BCX0\">O valor m\u00e9dio na conta dos benefici\u00e1rios \u00e9 de R$ 686,10, um dos maiores dos \u00faltimos <\/span><span class=\"NormalTextRun SpellingErrorV2Themed SCXW229519090 BCX0\">odze<\/span><span class=\"NormalTextRun SCXW229519090 BCX0\"> meses. No mesmo calend\u00e1rio, 5,5 milh\u00f5es de benefici\u00e1rios em condi\u00e7\u00e3o de maior vulnerabilidade recebem o Aux\u00edlio G\u00e1s neste m\u00eas, no valor de R$ 102.<\/span><\/span><span class=\"LineBreakBlob BlobObject DragDrop SCXW229519090 BCX0\"><span class=\"SCXW229519090 BCX0\">\u00a0<\/span><br class=\"SCXW229519090 BCX0\"\/><\/span><span class=\"LineBreakBlob BlobObject DragDrop SCXW229519090 BCX0\"><span class=\"SCXW229519090 BCX0\">\u00a0<\/span><br class=\"SCXW229519090 BCX0\"\/><\/span><strong><span class=\"TextRun SCXW229519090 BCX0\" lang=\"PT-BR\" xml:lang=\"PT-BR\" data-contrast=\"auto\"><span class=\"NormalTextRun SCXW229519090 BCX0\">Mulheres<\/span><\/span><\/strong> <span class=\"TextRun SCXW229519090 BCX0\" lang=\"PT-BR\" xml:lang=\"PT-BR\" data-contrast=\"auto\"><span class=\"NormalTextRun SCXW229519090 BCX0\">\u2013<\/span><\/span><span class=\"TextRun SCXW229519090 BCX0\" lang=\"PT-BR\" xml:lang=\"PT-BR\" data-contrast=\"auto\"> <span class=\"NormalTextRun SCXW229519090 BCX0\">Como de praxe no programa de transfer\u00eancia de renda do Governo Federal, mais de 83% dos respons\u00e1veis familiares s\u00e3o mulheres, um total de 17,5 milh\u00f5es. Levando em conta o total de benefici\u00e1rios, 73% se declaram de cor <\/span><span class=\"NormalTextRun SCXW229519090 BCX0\">preta\/parda<\/span><span class=\"NormalTextRun SCXW229519090 BCX0\">. A lista de contemplados tamb\u00e9m registra 212 mil fam\u00edlias ind\u00edgenas, 234 mil de quilombolas, 348 mil de catadores de recicl\u00e1veis e 203 mil de fam\u00edlias em situa\u00e7\u00e3o de rua. <\/span><\/span><span class=\"LineBreakBlob BlobObject DragDrop SCXW229519090 BCX0\"><span class=\"SCXW229519090 BCX0\">\u00a0<\/span><br class=\"SCXW229519090 BCX0\"\/><\/span><span class=\"LineBreakBlob BlobObject DragDrop SCXW229519090 BCX0\"><span class=\"SCXW229519090 BCX0\">\u00a0<\/span><br class=\"SCXW229519090 BCX0\"\/><\/span><span class=\"TextRun SCXW229519090 BCX0\" lang=\"PT-BR\" xml:lang=\"PT-BR\" data-contrast=\"auto\"><span class=\"NormalTextRun SCXW229519090 BCX0\">Inf\u00e2ncia \u2013<\/span><\/span> <span class=\"TextRun SCXW229519090 BCX0\" lang=\"PT-BR\" xml:lang=\"PT-BR\" data-contrast=\"auto\"><span class=\"NormalTextRun SCXW229519090 BCX0\">Dentro da cesta de benef\u00edcios estabelecida com a retomada do programa em 2023, h\u00e1 9,5 milh\u00f5es de crian\u00e7as de zero a seis anos que <\/span><span class=\"NormalTextRun SCXW229519090 BCX0\">integram as fam\u00edlias benefici\u00e1rias. Cada uma delas representa um valor de R$ 150 a mais. <\/span><span class=\"NormalTextRun SCXW229519090 BCX0\">O investimento para saldar o Benef\u00edcio Primeira<\/span><span class=\"NormalTextRun SCXW229519090 BCX0\"> Inf\u00e2ncia \u00e9 de R$ 1,36 bilh\u00e3o. <\/span><\/span><span class=\"LineBreakBlob BlobObject DragDrop SCXW229519090 BCX0\"><span class=\"SCXW229519090 BCX0\">\u00a0<\/span><br class=\"SCXW229519090 BCX0\"\/><\/span><span class=\"LineBreakBlob BlobObject DragDrop SCXW229519090 BCX0\"><span class=\"SCXW229519090 BCX0\">\u00a0<\/span><br class=\"SCXW229519090 BCX0\"\/><\/span><span class=\"TextRun SCXW229519090 BCX0\" lang=\"PT-BR\" xml:lang=\"PT-BR\" data-contrast=\"auto\"><span class=\"NormalTextRun SCXW229519090 BCX0\">Vari\u00e1veis \u2013<\/span><\/span><span class=\"TextRun SCXW229519090 BCX0\" lang=\"PT-BR\" xml:lang=\"PT-BR\" data-contrast=\"auto\"> <span class=\"NormalTextRun SCXW229519090 BCX0\">O programa ainda prev\u00ea uma s\u00e9rie de outros benef\u00edcios vari\u00e1veis, todos no valor adicional de R$ 50, para gestantes, <\/span><span class=\"NormalTextRun SCXW229519090 BCX0\">nutrizes<\/span><span class=\"NormalTextRun SCXW229519090 BCX0\"> e crian\u00e7as de sete a 18 anos inclu\u00eddas na composi\u00e7\u00e3o familiar. S\u00e3o 331 mil gestantes (R$ 15,9 milh\u00f5es em investimento), 536 mil <\/span><span class=\"NormalTextRun SCXW229519090 BCX0\">nutrizes<\/span><span class=\"NormalTextRun SCXW229519090 BCX0\"> (R$ 26,1 milh\u00f5es) e 15 milh\u00f5es de crian\u00e7as e adolescentes (R$ 698 milh\u00f5es).\u00a0\u00a0 <\/span><\/span><span class=\"LineBreakBlob BlobObject DragDrop SCXW229519090 BCX0\"><span class=\"SCXW229519090 BCX0\">\u00a0<\/span><br class=\"SCXW229519090 BCX0\"\/><\/span><span class=\"LineBreakBlob BlobObject DragDrop SCXW229519090 BCX0\"><span class=\"SCXW229519090 BCX0\">\u00a0<\/span><br class=\"SCXW229519090 BCX0\"\/><\/span><span class=\"TextRun SCXW229519090 BCX0\" lang=\"PT-BR\" xml:lang=\"PT-BR\" data-contrast=\"auto\"><span class=\"NormalTextRun SCXW229519090 BCX0\">Prote\u00e7\u00e3o \u2013 <\/span><\/span><span class=\"TextRun SCXW229519090 BCX0\" lang=\"PT-BR\" xml:lang=\"PT-BR\" data-contrast=\"auto\"><span class=\"NormalTextRun SCXW229519090 BCX0\">Outra cria\u00e7\u00e3o da nova vers\u00e3o <\/span><span class=\"NormalTextRun SCXW229519090 BCX0\">do Bolsa<\/span><span class=\"NormalTextRun SCXW229519090 BCX0\"> Fam\u00edlia, a Regra de Prote\u00e7\u00e3o permite aos benefici\u00e1rios permanecerem no programa por at\u00e9 dois anos mesmo depois de conseguirem um emprego com carteira assinada ou aumento de renda at\u00e9 o limite m\u00e9dio de meio <\/span><span class=\"NormalTextRun ContextualSpellingAndGrammarErrorV2Themed SCXW229519090 BCX0\">sal\u00e1rio m\u00ednimo<\/span><span class=\"NormalTextRun SCXW229519090 BCX0\"> por integrante da fam\u00edlia. Nesse caso, a fam\u00edlia recebe 50% do valor <\/span><span class=\"NormalTextRun SCXW229519090 BCX0\">do Bolsa<\/span><span class=\"NormalTextRun SCXW229519090 BCX0\"> Fam\u00edlia. Esse benef\u00edcio atinge, em fevereiro, 2,2 milh\u00f5es de fam\u00edlias. <\/span><\/span><span class=\"LineBreakBlob BlobObject DragDrop SCXW229519090 BCX0\"><span class=\"SCXW229519090 BCX0\">\u00a0<\/span><br class=\"SCXW229519090 BCX0\"\/><\/span><span class=\"LineBreakBlob BlobObject DragDrop SCXW229519090 BCX0\"><span class=\"SCXW229519090 BCX0\">\u00a0<\/span><br class=\"SCXW229519090 BCX0\"\/><\/span><span class=\"TextRun SCXW229519090 BCX0\" lang=\"PT-BR\" xml:lang=\"PT-BR\" data-contrast=\"auto\"><span class=\"NormalTextRun SCXW229519090 BCX0\">Dusa<\/span><span class=\"NormalTextRun SCXW229519090 BCX0\"> fotos<\/span><\/span><span class=\"LineBreakBlob BlobObject DragDrop SCXW229519090 BCX0\"><span class=\"SCXW229519090 BCX0\">\u00a0<\/span><br class=\"SCXW229519090 BCX0\"\/><\/span><span class=\"LineBreakBlob BlobObject DragDrop SCXW229519090 BCX0\"><span class=\"SCXW229519090 BCX0\">\u00a0<\/span><br class=\"SCXW229519090 BCX0\"\/><\/span><span class=\"TextRun SCXW229519090 BCX0\" lang=\"PT-BR\" xml:lang=\"PT-BR\" data-contrast=\"auto\"><span class=\"NormalTextRun SCXW229519090 BCX0\">Foto <\/span><span class=\"NormalTextRun SpellingErrorV2Themed SCXW229519090 BCX0\">Bol<\/span><span class=\"NormalTextRun SCXW229519090 BCX0\">: <\/span><span class=\"NormalTextRun SCXW229519090 BCX0\">MDAS\/Divulga\u00e7\u00e3o<\/span><\/span><span class=\"LineBreakBlob BlobObject DragDrop SCXW229519090 BCX0\"><span class=\"SCXW229519090 BCX0\">\u00a0<\/span><br class=\"SCXW229519090 BCX0\"\/><\/span><span class=\"TextRun SCXW229519090 BCX0\" lang=\"PT-BR\" xml:lang=\"PT-BR\" data-contrast=\"auto\"><span class=\"NormalTextRun SCXW229519090 BCX0\">Bolsa Fam\u00edlia: valor total liberado <\/span><span class=\"NormalTextRun SpellingErrorV2Themed SCXW229519090 BCX0\">p\u00e1ra<\/span><span class=\"NormalTextRun SCXW229519090 BCX0\"> Ribeir\u00e3o Preto, em fevereiro, \u00e9 de R$ 17.609.257, queda de 4,06% em rela\u00e7\u00e3o aos R$ 18.353.844 do m\u00eas anterior<\/span><\/span> <span class=\"LineBreakBlob BlobObject DragDrop SCXW229519090 BCX0\"><span class=\"SCXW229519090 BCX0\">\u00a0<\/span><br class=\"SCXW229519090 BCX0\"\/><\/span><span class=\"LineBreakBlob BlobObject DragDrop SCXW229519090 BCX0\"><span class=\"SCXW229519090 BCX0\">\u00a0<\/span><br class=\"SCXW229519090 BCX0\"\/><\/span><span class=\"TextRun SCXW229519090 BCX0\" lang=\"PT-BR\" xml:lang=\"PT-BR\" data-contrast=\"none\"><span class=\"NormalTextRun SCXW229519090 BCX0\">BOX<\/span><\/span><span class=\"LineBreakBlob BlobObject DragDrop SCXW229519090 BCX0\"><span class=\"SCXW229519090 BCX0\">\u00a0<\/span><br class=\"SCXW229519090 BCX0\"\/><\/span><span class=\"TextRun SCXW229519090 BCX0\" lang=\"PT-BR\" xml:lang=\"PT-BR\" data-contrast=\"none\"><span class=\"NormalTextRun SCXW229519090 BCX0\">Calend\u00e1rio <\/span><span class=\"NormalTextRun SCXW229519090 BCX0\">do Bolsa<\/span> <\/span><span class=\"LineBreakBlob BlobObject DragDrop SCXW229519090 BCX0\"><span class=\"SCXW229519090 BCX0\">\u00a0<\/span><br class=\"SCXW229519090 BCX0\"\/><\/span><span class=\"TextRun SCXW229519090 BCX0\" lang=\"PT-BR\" xml:lang=\"PT-BR\" data-contrast=\"none\"><span class=\"NormalTextRun SCXW229519090 BCX0\">Fam\u00edlia: fevereiro\/2024<\/span><\/span> <span class=\"LineBreakBlob BlobObject DragDrop SCXW229519090 BCX0\"><span class=\"SCXW229519090 BCX0\">\u00a0<\/span><br class=\"SCXW229519090 BCX0\"\/><\/span><span class=\"TextRun SCXW229519090 BCX0\" lang=\"PT-BR\" xml:lang=\"PT-BR\" data-contrast=\"none\"><span class=\"NormalTextRun SCXW229519090 BCX0\">NIS final 1: 1<\/span><span class=\"NormalTextRun SCXW229519090 BCX0\">6<\/span><span class=\"NormalTextRun SCXW229519090 BCX0\"> de <\/span><span class=\"NormalTextRun SCXW229519090 BCX0\">fevereiro<\/span><\/span><span class=\"LineBreakBlob BlobObject DragDrop SCXW229519090 BCX0\"><span class=\"SCXW229519090 BCX0\">\u00a0<\/span><br class=\"SCXW229519090 BCX0\"\/><\/span><span class=\"TextRun SCXW229519090 BCX0\" lang=\"PT-BR\" xml:lang=\"PT-BR\" data-contrast=\"none\"><span class=\"NormalTextRun SCXW229519090 BCX0\">NIS final 2: 19 de <\/span><span class=\"NormalTextRun SCXW229519090 BCX0\">fevereiro<\/span><\/span><span class=\"LineBreakBlob BlobObject DragDrop SCXW229519090 BCX0\"><span class=\"SCXW229519090 BCX0\">\u00a0<\/span><br class=\"SCXW229519090 BCX0\"\/><\/span><span class=\"TextRun SCXW229519090 BCX0\" lang=\"PT-BR\" xml:lang=\"PT-BR\" data-contrast=\"none\"><span class=\"NormalTextRun SCXW229519090 BCX0\">NIS final 3: 2<\/span><span class=\"NormalTextRun SCXW229519090 BCX0\">0<\/span><span class=\"NormalTextRun SCXW229519090 BCX0\"> de <\/span><span class=\"NormalTextRun SCXW229519090 BCX0\">fevereiro<\/span><\/span><span class=\"LineBreakBlob BlobObject DragDrop SCXW229519090 BCX0\"><span class=\"SCXW229519090 BCX0\">\u00a0<\/span><br class=\"SCXW229519090 BCX0\"\/><\/span><span class=\"TextRun SCXW229519090 BCX0\" lang=\"PT-BR\" xml:lang=\"PT-BR\" data-contrast=\"none\"><span class=\"NormalTextRun SCXW229519090 BCX0\">NIS final 4: 2<\/span><span class=\"NormalTextRun SCXW229519090 BCX0\">1<\/span><span class=\"NormalTextRun SCXW229519090 BCX0\"> de <\/span><span class=\"NormalTextRun SCXW229519090 BCX0\">fevereiro<\/span><\/span><span class=\"LineBreakBlob BlobObject DragDrop SCXW229519090 BCX0\"><span class=\"SCXW229519090 BCX0\">\u00a0<\/span><br class=\"SCXW229519090 BCX0\"\/><\/span><span class=\"TextRun SCXW229519090 BCX0\" lang=\"PT-BR\" xml:lang=\"PT-BR\" data-contrast=\"none\"><span class=\"NormalTextRun SCXW229519090 BCX0\">NIS final 5: 2<\/span><span class=\"NormalTextRun SCXW229519090 BCX0\">2<\/span><span class=\"NormalTextRun SCXW229519090 BCX0\"> de <\/span><span class=\"NormalTextRun SCXW229519090 BCX0\">fevereiro<\/span><\/span><span class=\"LineBreakBlob BlobObject DragDrop SCXW229519090 BCX0\"><span class=\"SCXW229519090 BCX0\">\u00a0<\/span><br class=\"SCXW229519090 BCX0\"\/><\/span><span class=\"TextRun SCXW229519090 BCX0\" lang=\"PT-BR\" xml:lang=\"PT-BR\" data-contrast=\"none\"><span class=\"NormalTextRun SCXW229519090 BCX0\">NIS final 6: 2<\/span><span class=\"NormalTextRun SCXW229519090 BCX0\">3<\/span><span class=\"NormalTextRun SCXW229519090 BCX0\"> de <\/span><span class=\"NormalTextRun SCXW229519090 BCX0\">fevereiro<\/span><\/span><span class=\"LineBreakBlob BlobObject DragDrop SCXW229519090 BCX0\"><span class=\"SCXW229519090 BCX0\">\u00a0<\/span><br class=\"SCXW229519090 BCX0\"\/><\/span><span class=\"TextRun SCXW229519090 BCX0\" lang=\"PT-BR\" xml:lang=\"PT-BR\" data-contrast=\"none\"><span class=\"NormalTextRun SCXW229519090 BCX0\">NIS final 7: 26 de <\/span><span class=\"NormalTextRun SCXW229519090 BCX0\">fevereiro<\/span><\/span><span class=\"LineBreakBlob BlobObject DragDrop SCXW229519090 BCX0\"><span class=\"SCXW229519090 BCX0\">\u00a0<\/span><br class=\"SCXW229519090 BCX0\"\/><\/span><span class=\"TextRun SCXW229519090 BCX0\" lang=\"PT-BR\" xml:lang=\"PT-BR\" data-contrast=\"none\"><span class=\"NormalTextRun SCXW229519090 BCX0\">NIS final 8: 2<\/span><span class=\"NormalTextRun SCXW229519090 BCX0\">7<\/span><span class=\"NormalTextRun SCXW229519090 BCX0\"> de <\/span><span class=\"NormalTextRun SCXW229519090 BCX0\">fevereiro<\/span><\/span><span class=\"LineBreakBlob BlobObject DragDrop SCXW229519090 BCX0\"><span class=\"SCXW229519090 BCX0\">\u00a0<\/span><br class=\"SCXW229519090 BCX0\"\/><\/span><span class=\"TextRun SCXW229519090 BCX0\" lang=\"PT-BR\" xml:lang=\"PT-BR\" data-contrast=\"none\"><span class=\"NormalTextRun SCXW229519090 BCX0\">NIS final 9: <\/span><span class=\"NormalTextRun SCXW229519090 BCX0\">28<\/span><span class=\"NormalTextRun SCXW229519090 BCX0\"> de <\/span><span class=\"NormalTextRun SCXW229519090 BCX0\">fevereiro<\/span><\/span><span class=\"LineBreakBlob BlobObject DragDrop SCXW229519090 BCX0\"><span class=\"SCXW229519090 BCX0\">\u00a0<\/span><br class=\"SCXW229519090 BCX0\"\/><\/span><span class=\"TextRun SCXW229519090 BCX0\" lang=\"PT-BR\" xml:lang=\"PT-BR\" data-contrast=\"none\"><span class=\"NormalTextRun SCXW229519090 BCX0\">NIS final 0: <\/span><span class=\"NormalTextRun SCXW229519090 BCX0\">29<\/span><span class=\"NormalTextRun SCXW229519090 BCX0\"> de <\/span><span class=\"NormalTextRun SCXW229519090 BCX0\">fevereiro<\/span><\/span><span class=\"LineBreakBlob BlobObject DragDrop SCXW229519090 BCX0\"><span class=\"SCXW229519090 BCX0\">\u00a0<\/span><br class=\"SCXW229519090 BCX0\"\/><\/span><span class=\"TextRun SCXW229519090 BCX0\" lang=\"PT-BR\" xml:lang=\"PT-BR\" data-contrast=\"none\"><span class=\"NormalTextRun SCXW229519090 BCX0\">Valores para <\/span><\/span><span class=\"LineBreakBlob BlobObject DragDrop SCXW229519090 BCX0\"><span class=\"SCXW229519090 BCX0\">\u00a0<\/span><br class=\"SCXW229519090 BCX0\"\/><\/span><span class=\"TextRun SCXW229519090 BCX0\" lang=\"PT-BR\" xml:lang=\"PT-BR\" data-contrast=\"none\"><span class=\"NormalTextRun SCXW229519090 BCX0\">Ribeir\u00e3o Preto<\/span><\/span><span class=\"LineBreakBlob BlobObject DragDrop SCXW229519090 BCX0\"><span class=\"SCXW229519090 BCX0\">\u00a0<\/span><br class=\"SCXW229519090 BCX0\"\/><\/span><span class=\"TextRun SCXW229519090 BCX0\" lang=\"PT-BR\" xml:lang=\"PT-BR\" data-contrast=\"auto\"><span class=\"NormalTextRun SCXW229519090 BCX0\">Fevereiro <\/span><span class=\"NormalTextRun SCXW229519090 BCX0\">de 202<\/span><span class=\"NormalTextRun SCXW229519090 BCX0\">4<\/span><\/span><span class=\"LineBreakBlob BlobObject DragDrop SCXW229519090 BCX0\"><span class=\"SCXW229519090 BCX0\">\u00a0<\/span><br class=\"SCXW229519090 BCX0\"\/><\/span><span class=\"TextRun SCXW229519090 BCX0\" lang=\"PT-BR\" xml:lang=\"PT-BR\" data-contrast=\"none\"><span class=\"NormalTextRun SCXW229519090 BCX0\">Fam\u00edlias:<\/span><\/span> <span class=\"TextRun SCXW229519090 BCX0\" lang=\"PT-BR\" xml:lang=\"PT-BR\" data-contrast=\"auto\"><span class=\"NormalTextRun SCXW229519090 BCX0\">2<\/span><span class=\"NormalTextRun SCXW229519090 BCX0\">5.775<\/span><\/span><span class=\"LineBreakBlob BlobObject DragDrop SCXW229519090 BCX0\"><span class=\"SCXW229519090 BCX0\">\u00a0<\/span><br class=\"SCXW229519090 BCX0\"\/><\/span><span class=\"TextRun SCXW229519090 BCX0\" lang=\"PT-BR\" xml:lang=\"PT-BR\" data-contrast=\"none\"><span class=\"NormalTextRun SCXW229519090 BCX0\">Valor:<\/span><\/span> <span class=\"TextRun SCXW229519090 BCX0\" lang=\"PT-BR\" xml:lang=\"PT-BR\" data-contrast=\"auto\"><span class=\"NormalTextRun SCXW229519090 BCX0\">R$ 17.<\/span><span class=\"NormalTextRun SCXW229519090 BCX0\">609.257<\/span><\/span><span class=\"LineBreakBlob BlobObject DragDrop SCXW229519090 BCX0\"><span class=\"SCXW229519090 BCX0\">\u00a0<\/span><br class=\"SCXW229519090 BCX0\"\/><\/span><span class=\"TextRun SCXW229519090 BCX0\" lang=\"PT-BR\" xml:lang=\"PT-BR\" data-contrast=\"none\"><span class=\"NormalTextRun SCXW229519090 BCX0\">Valor m\u00e9dio:<\/span><\/span><span class=\"TextRun SCXW229519090 BCX0\" lang=\"PT-BR\" xml:lang=\"PT-BR\" data-contrast=\"auto\"><span class=\"NormalTextRun SCXW229519090 BCX0\"> R$ 68<\/span><span class=\"NormalTextRun SCXW229519090 BCX0\">3<\/span><span class=\"NormalTextRun SCXW229519090 BCX0\">,<\/span><span class=\"NormalTextRun SCXW229519090 BCX0\">1<\/span><span class=\"NormalTextRun SCXW229519090 BCX0\">9<\/span><\/span><span class=\"LineBreakBlob BlobObject DragDrop SCXW229519090 BCX0\"><span class=\"SCXW229519090 BCX0\">\u00a0<\/span><br class=\"SCXW229519090 BCX0\"\/><\/span><span class=\"TextRun SCXW229519090 BCX0\" lang=\"PT-BR\" xml:lang=\"PT-BR\" data-contrast=\"auto\"><span class=\"NormalTextRun SCXW229519090 BCX0\">Janeiro de 2024<\/span><\/span><span class=\"LineBreakBlob BlobObject DragDrop SCXW229519090 BCX0\"><span class=\"SCXW229519090 BCX0\">\u00a0<\/span><br class=\"SCXW229519090 BCX0\"\/><\/span><span class=\"TextRun SCXW229519090 BCX0\" lang=\"PT-BR\" xml:lang=\"PT-BR\" data-contrast=\"none\"><span class=\"NormalTextRun SCXW229519090 BCX0\">Fam\u00edlias:<\/span><\/span><span class=\"TextRun SCXW229519090 BCX0\" lang=\"PT-BR\" xml:lang=\"PT-BR\" data-contrast=\"none\"><span class=\"NormalTextRun SCXW229519090 BCX0\"> 26.504<\/span><\/span><span class=\"LineBreakBlob BlobObject DragDrop SCXW229519090 BCX0\"><span class=\"SCXW229519090 BCX0\">\u00a0<\/span><br class=\"SCXW229519090 BCX0\"\/><\/span><span class=\"TextRun SCXW229519090 BCX0\" lang=\"PT-BR\" xml:lang=\"PT-BR\" data-contrast=\"none\"><span class=\"NormalTextRun SCXW229519090 BCX0\">Valor:<\/span><\/span> <span class=\"TextRun SCXW229519090 BCX0\" lang=\"PT-BR\" xml:lang=\"PT-BR\" data-contrast=\"auto\"><span class=\"NormalTextRun SCXW229519090 BCX0\">R$ 18.353.844<\/span><\/span><span class=\"LineBreakBlob BlobObject DragDrop SCXW229519090 BCX0\"><span class=\"SCXW229519090 BCX0\">\u00a0<\/span><br class=\"SCXW229519090 BCX0\"\/><\/span><span class=\"TextRun SCXW229519090 BCX0\" lang=\"PT-BR\" xml:lang=\"PT-BR\" data-contrast=\"none\"><span class=\"NormalTextRun SCXW229519090 BCX0\">Valor m\u00e9dio:<\/span><\/span><span class=\"TextRun SCXW229519090 BCX0\" lang=\"PT-BR\" xml:lang=\"PT-BR\" data-contrast=\"auto\"><span class=\"NormalTextRun SCXW229519090 BCX0\"> R$ 692,49<\/span><\/span><span class=\"LineBreakBlob BlobObject DragDrop SCXW229519090 BCX0\"><span class=\"SCXW229519090 BCX0\">\u00a0<\/span><br class=\"SCXW229519090 BCX0\"\/><\/span><span class=\"LineBreakBlob BlobObject DragDrop SCXW229519090 BCX0\"><span class=\"SCXW229519090 BCX0\">\u00a0<\/span><br class=\"SCXW229519090 BCX0\"\/><\/span><span class=\"LineBreakBlob BlobObject DragDrop SCXW229519090 BCX0\"><span class=\"SCXW229519090 BCX0\">\u00a0<\/span><br class=\"SCXW229519090 BCX0\"\/><\/span><span class=\"TextRun SCXW229519090 BCX0\" lang=\"PT-BR\" xml:lang=\"PT-BR\" data-contrast=\"auto\"><span class=\"NormalTextRun SCXW229519090 BCX0\">Aux\u00edlio G\u00e1s chega a <\/span><\/span><span class=\"LineBreakBlob BlobObject DragDrop SCXW229519090 BCX0\"><span class=\"SCXW229519090 BCX0\">\u00a0<\/span><br class=\"SCXW229519090 BCX0\"\/><\/span><span class=\"TextRun SCXW229519090 BCX0\" lang=\"PT-BR\" xml:lang=\"PT-BR\" data-contrast=\"auto\"><span class=\"NormalTextRun SCXW229519090 BCX0\">7.<\/span><span class=\"NormalTextRun SCXW229519090 BCX0\">401<\/span><span class=\"NormalTextRun SCXW229519090 BCX0\"> fam\u00edlias de RP<\/span><\/span><span class=\"LineBreakBlob BlobObject DragDrop SCXW229519090 BCX0\"><span class=\"SCXW229519090 BCX0\">\u00a0<\/span><br class=\"SCXW229519090 BCX0\"\/><\/span><span class=\"TextRun SCXW229519090 BCX0\" lang=\"PT-BR\" xml:lang=\"PT-BR\" data-contrast=\"auto\"><span class=\"NormalTextRun SCXW229519090 BCX0\">F<\/span><span class=\"NormalTextRun SCXW229519090 BCX0\">evereiro tamb\u00e9m ser\u00e1 marcado pelo pagamento do Aux\u00edlio G\u00e1s, no valor de R$ 102, que atender\u00e1 721.277 fam\u00edlias no estado<\/span><span class=\"NormalTextRun SCXW229519090 BCX0\"> de S\u00e3o Paulo<\/span><span class=\"NormalTextRun SCXW229519090 BCX0\">, por meio de repasse<\/span><span class=\"NormalTextRun SCXW229519090 BCX0\">s<\/span> <span class=\"NormalTextRun SCXW229519090 BCX0\">do governo <\/span><span class=\"NormalTextRun SCXW229519090 BCX0\">federa<\/span><span class=\"NormalTextRun SCXW229519090 BCX0\">l que somam <\/span><span class=\"NormalTextRun SCXW229519090 BCX0\">R$ 73,57 milh\u00f5es.<\/span> <span class=\"NormalTextRun SCXW229519090 BCX0\">O benef\u00edcio \u00e9 <\/span><span class=\"NormalTextRun SCXW229519090 BCX0\">p<\/span><span class=\"NormalTextRun SCXW229519090 BCX0\">ago a cada dois meses para pessoas em ma<\/span><span class=\"NormalTextRun SCXW229519090 BCX0\">ior condi\u00e7\u00e3o de vulnerabilidade.<\/span><\/span><span class=\"LineBreakBlob BlobObject DragDrop SCXW229519090 BCX0\"><span class=\"SCXW229519090 BCX0\">\u00a0<\/span><br class=\"SCXW229519090 BCX0\"\/><\/span><span class=\"LineBreakBlob BlobObject DragDrop SCXW229519090 BCX0\"><span class=\"SCXW229519090 BCX0\">\u00a0<\/span><br class=\"SCXW229519090 BCX0\"\/><\/span><span class=\"TextRun SCXW229519090 BCX0\" lang=\"PT-BR\" xml:lang=\"PT-BR\" data-contrast=\"auto\"><span class=\"NormalTextRun SCXW229519090 BCX0\">Em Ribeir\u00e3o Preto, 7.401 n\u00facleos familiares v\u00e3o dividir R$ 754.902 em fevereiro. A m\u00e9dia \u00e9 a mesma: R$ 102. Franca tem 3.990 benefici\u00e1rios que receber\u00e3o R$ 406.980. Em Barretos, 1.918 fam\u00edlias ser\u00e3o contempladas com R$ 195.636.<\/span><\/span><span class=\"LineBreakBlob BlobObject DragDrop SCXW229519090 BCX0\"><span class=\"SCXW229519090 BCX0\">\u00a0<\/span><br class=\"SCXW229519090 BCX0\"\/><\/span><span class=\"LineBreakBlob BlobObject DragDrop SCXW229519090 BCX0\"><span class=\"SCXW229519090 BCX0\">\u00a0<\/span><br class=\"SCXW229519090 BCX0\"\/><\/span><span class=\"TextRun SCXW229519090 BCX0\" lang=\"PT-BR\" xml:lang=\"PT-BR\" data-contrast=\"auto\"><span class=\"NormalTextRun SCXW229519090 BCX0\">O Aux\u00edlio G\u00e1s<\/span><span class=\"NormalTextRun SCXW229519090 BCX0\"> come\u00e7ou a ser liberado <\/span><span class=\"NormalTextRun SCXW229519090 BCX0\">nesta sexta-feira <\/span><span class=\"NormalTextRun SCXW229519090 BCX0\">(16) <\/span><span class=\"NormalTextRun SCXW229519090 BCX0\">\u00e0s fam\u00edlias <\/span><span class=\"NormalTextRun SCXW229519090 BCX0\">inscritas <\/span><span class=\"NormalTextRun SCXW229519090 BCX0\">no Cadastro \u00danico para Programas Sociais do Governo Federal (<\/span><span class=\"NormalTextRun SpellingErrorV2Themed SCXW229519090 BCX0\">Cad\u00danico<\/span><span class=\"NormalTextRun SCXW229519090 BCX0\">), com <\/span><\/span><span class=\"TextRun SCXW229519090 BCX0\" lang=\"PT-BR\" xml:lang=\"PT-BR\" data-contrast=\"none\"><span class=\"NormalTextRun SCXW229519090 BCX0\">N\u00famero de Identifica\u00e7\u00e3o Social (NIS)<\/span> <\/span><span class=\"TextRun SCXW229519090 BCX0\" lang=\"PT-BR\" xml:lang=\"PT-BR\" data-contrast=\"auto\"><span class=\"NormalTextRun SCXW229519090 BCX0\">final 1. O valor caiu para R$ 102, por causa das redu\u00e7\u00f5es recentes no pre\u00e7o do botij\u00e3o.<\/span><span class=\"NormalTextRun SCXW229519090 BCX0\"> Pagamento tamb\u00e9m vai at\u00e9 dia 29<\/span><\/span><span class=\"LineBreakBlob BlobObject DragDrop SCXW229519090 BCX0\"><span class=\"SCXW229519090 BCX0\">\u00a0<\/span><br class=\"SCXW229519090 BCX0\"\/><\/span><span class=\"LineBreakBlob BlobObject DragDrop SCXW229519090 BCX0\"><span class=\"SCXW229519090 BCX0\">\u00a0<\/span><br class=\"SCXW229519090 BCX0\"\/><\/span><span class=\"TextRun SCXW229519090 BCX0\" lang=\"PT-BR\" xml:lang=\"PT-BR\" data-contrast=\"auto\"><span class=\"NormalTextRun SCXW229519090 BCX0\">Com dura\u00e7\u00e3o prevista at\u00e9 o fim de 2026, o programa beneficia cerca de 5,3 milh\u00f5es de fam\u00edlias. Com a aprova\u00e7\u00e3o da Emenda Constitucional da Transi\u00e7\u00e3o, no fim de 2022, o benef\u00edcio foi mantido em 100% do pre\u00e7o m\u00e9dio do botij\u00e3o de 13<\/span><span class=\"NormalTextRun SCXW229519090 BCX0\"> quilos<\/span><span class=\"NormalTextRun SCXW229519090 BCX0\">.<\/span><\/span><span class=\"LineBreakBlob BlobObject DragDrop SCXW229519090 BCX0\"><span class=\"SCXW229519090 BCX0\">\u00a0<\/span><br class=\"SCXW229519090 BCX0\"\/><\/span><span class=\"LineBreakBlob BlobObject DragDrop SCXW229519090 BCX0\"><span class=\"SCXW229519090 BCX0\">\u00a0<\/span><br class=\"SCXW229519090 BCX0\"\/><\/span><span class=\"TextRun SCXW229519090 BCX0\" lang=\"PT-BR\" xml:lang=\"PT-BR\" data-contrast=\"auto\"><span class=\"NormalTextRun SCXW229519090 BCX0\">S\u00f3 pode receber o Aux\u00edlio G\u00e1s quem est\u00e1 inclu\u00eddo no <\/span><span class=\"NormalTextRun SpellingErrorV2Themed SCXW229519090 BCX0\">Cad\u00danico<\/span><span class=\"NormalTextRun SCXW229519090 BCX0\"> e tenha pelo menos um membro da fam\u00edlia que receba o Benef\u00edcio de Presta\u00e7\u00e3o Continuada (BPC). A lei que criou o programa definiu que a mulher respons\u00e1vel pela fam\u00edlia ter\u00e1 prefer\u00eancia, assim como mulheres v\u00edtimas de viol\u00eancia dom\u00e9stica.<\/span><\/span><span class=\"LineBreakBlob BlobObject DragDrop SCXW229519090 BCX0\"><span class=\"SCXW229519090 BCX0\">\u00a0<\/span><br class=\"SCXW229519090 BCX0\"\/><\/span><span class=\"LineBreakBlob BlobObject DragDrop SCXW229519090 BCX0\"><span class=\"SCXW229519090 BCX0\">\u00a0<\/span><br class=\"SCXW229519090 BCX0\"\/><\/span><span class=\"TextRun SCXW229519090 BCX0\" lang=\"PT-BR\" xml:lang=\"PT-BR\" data-contrast=\"auto\"><span class=\"NormalTextRun SCXW229519090 BCX0\">Foto G\u00e1s: Max <\/span><span class=\"NormalTextRun SpellingErrorV2Themed SCXW229519090 BCX0\">Gall\u00e3o<\/span><span class=\"NormalTextRun SCXW229519090 BCX0\"> Mesquita<\/span><\/span><span class=\"LineBreakBlob BlobObject DragDrop SCXW229519090 BCX0\"><span class=\"SCXW229519090 BCX0\">\u00a0<\/span><br class=\"SCXW229519090 BCX0\"\/><\/span><span class=\"TextRun SCXW229519090 BCX0\" lang=\"PT-BR\" xml:lang=\"PT-BR\" data-contrast=\"auto\"><span class=\"NormalTextRun SCXW229519090 BCX0\">Aux\u00edlio G\u00e1s em Ribeir\u00e3o Preto: 7.401 n\u00facleos familiares da cidade v\u00e3o dividir R$ 754.902 em fevereiro, com m\u00e9dia de R$ 102 para cada fam\u00edlia<\/span><\/span><span class=\"LineBreakBlob BlobObject DragDrop SCXW229519090 BCX0\"><span class=\"SCXW229519090 BCX0\">\u00a0<\/span><br class=\"SCXW229519090 BCX0\"\/><\/span><span class=\"EOP SCXW229519090 BCX0\" data-ccp-props=\"{&quot;201341983&quot;:0,&quot;335559739&quot;:200,&quot;335559740&quot;:276}\">\u00a0<\/span><\/p>\n<\/div>\n<p><br \/>\n<br \/><a href=\"https:\/\/www.tribunaribeirao.com.br\/site\/valor-do-bolsa-familia-destinado-a-rp-recua\/\">Source link <\/a><\/p>\n<!-- CONTENT END 1 -->\n","protected":false},"excerpt":{"rendered":"<p>S\u00e3o Paulo \u00e9 a unidade da federa\u00e7\u00e3o com maior n\u00famero de fam\u00edlias contempladas com o Bolsa Fam\u00edlia em fevereiro de 2024. Mais de 2,62 milh\u00f5es&#8230;<\/p>\n","protected":false},"author":1,"featured_media":37898,"comment_status":"open","ping_status":"open","sticky":false,"template":"","format":"standard","meta":{"advanced_seo_description":"","jetpack_seo_html_title":"","jetpack_seo_noindex":false,"jetpack_post_was_ever_published":false,"_jetpack_newsletter_access":"","_jetpack_dont_email_post_to_subs":false,"_jetpack_newsletter_tier_id":0,"_jetpack_memberships_contains_paywalled_content":false,"_jetpack_memberships_contains_paid_content":false,"footnotes":"","jetpack_publicize_message":"","jetpack_publicize_feature_enabled":true,"jetpack_social_post_already_shared":true,"jetpack_social_options":{"image_generator_settings":{"template":"highway","default_image_id":0,"font":"","enabled":false},"version":2}},"categories":[11],"tags":[2413,3720,73,1849,268],"class_list":["post-37897","post","type-post","status-publish","format-standard","has-post-thumbnail","hentry","category-noticias-de-ribeirao-preto-sp-e-regiao-ismael-colosi","tag-bolsa","tag-destinado","tag-familia","tag-recua","tag-valor"],"jetpack_publicize_connections":[],"jetpack_featured_media_url":"https:\/\/i0.wp.com\/noticiasribeiraopreto.com.br\/wp-content\/uploads\/2024\/02\/Bolsa-Bol-MDAS-Divulgacao-scaled.jpg?fit=1000%2C598&ssl=1","jetpack-related-posts":[{"id":52773,"url":"https:\/\/noticiasribeiraopreto.com.br\/index.php\/2024\/06\/12\/novidades-do-bolsa-familia-em-junho-aumento-de-valores-para-beneficiarios-selecionados-confira\/","url_meta":{"origin":37897,"position":0},"title":"Novidades do Bolsa Fam\u00edlia em Junho: Aumento de valores para benefici\u00e1rios selecionados; Confira!","author":"noticiasribeiraopreto.com.br","date":"12 de June de 2024","format":false,"excerpt":"O Bolsa Fam\u00edlia \u00e9 um dos mais importantes e abrangentes programas sociais do Brasil, criado com o objetivo de oferecer apoio financeiro a fam\u00edlias em situa\u00e7\u00e3o de vulnerabilidade socioecon\u00f4mica. Com as necessidades das fam\u00edlias brasileiras em constante evolu\u00e7\u00e3o, o programa passou por diversas atualiza\u00e7\u00f5es para garantir um suporte cada vez\u2026","rel":"","context":"In &quot;Dinheiro e Investimento&quot;","block_context":{"text":"Dinheiro e Investimento","link":"https:\/\/noticiasribeiraopreto.com.br\/index.php\/category\/dinheiro-e-investimento-como-fazer-como-ganhar\/"},"img":{"alt_text":"","src":"https:\/\/i0.wp.com\/noticiasribeiraopreto.com.br\/wp-content\/uploads\/2024\/06\/Redebrasilnews.com_.br-1-1.webp.webp?fit=1200%2C630&ssl=1&resize=350%2C200","width":350,"height":200,"srcset":"https:\/\/i0.wp.com\/noticiasribeiraopreto.com.br\/wp-content\/uploads\/2024\/06\/Redebrasilnews.com_.br-1-1.webp.webp?fit=1200%2C630&ssl=1&resize=350%2C200 1x, https:\/\/i0.wp.com\/noticiasribeiraopreto.com.br\/wp-content\/uploads\/2024\/06\/Redebrasilnews.com_.br-1-1.webp.webp?fit=1200%2C630&ssl=1&resize=525%2C300 1.5x, https:\/\/i0.wp.com\/noticiasribeiraopreto.com.br\/wp-content\/uploads\/2024\/06\/Redebrasilnews.com_.br-1-1.webp.webp?fit=1200%2C630&ssl=1&resize=700%2C400 2x, https:\/\/i0.wp.com\/noticiasribeiraopreto.com.br\/wp-content\/uploads\/2024\/06\/Redebrasilnews.com_.br-1-1.webp.webp?fit=1200%2C630&ssl=1&resize=1050%2C600 3x"},"classes":[]},{"id":30027,"url":"https:\/\/noticiasribeiraopreto.com.br\/index.php\/2024\/01\/19\/bolsa-familia-2024-valor-destinado-a-rp-avanca\/","url_meta":{"origin":37897,"position":1},"title":"Bolsa Fam\u00edlia 2024: valor destinado \u00e0 RP avan\u00e7a\u00a0","author":"noticiasribeiraopreto.com.br","date":"19 de January de 2024","format":false,"excerpt":"S\u00e3o Paulo \u00e9 a unidade da federa\u00e7\u00e3o com maior n\u00famero de fam\u00edlias contempladas com o Bolsa Fam\u00edlia em janeiro de 2024. Mais de 2,62 milh\u00f5es de fam\u00edlias, de todos os 645 munic\u00edpios paulistas, receber\u00e3o neste m\u00eas um benef\u00edcio m\u00e9dio de R$ 680,70.O benef\u00edcio \u00e9 fruto de repasse de R$ 1,789\u2026","rel":"","context":"In &quot;Not\u00edcias de Ribeir\u00e3o Preto-SP e Regi\u00e3o&quot;","block_context":{"text":"Not\u00edcias de Ribeir\u00e3o Preto-SP e Regi\u00e3o","link":"https:\/\/noticiasribeiraopreto.com.br\/index.php\/category\/noticias-de-ribeirao-preto-sp-e-regiao-ismael-colosi\/"},"img":{"alt_text":"","src":"https:\/\/i0.wp.com\/noticiasribeiraopreto.com.br\/wp-content\/uploads\/2024\/01\/Bolsa-MDAS-Divulgacao-scaled.jpg?fit=1000%2C598&ssl=1&resize=350%2C200","width":350,"height":200,"srcset":"https:\/\/i0.wp.com\/noticiasribeiraopreto.com.br\/wp-content\/uploads\/2024\/01\/Bolsa-MDAS-Divulgacao-scaled.jpg?fit=1000%2C598&ssl=1&resize=350%2C200 1x, https:\/\/i0.wp.com\/noticiasribeiraopreto.com.br\/wp-content\/uploads\/2024\/01\/Bolsa-MDAS-Divulgacao-scaled.jpg?fit=1000%2C598&ssl=1&resize=525%2C300 1.5x, https:\/\/i0.wp.com\/noticiasribeiraopreto.com.br\/wp-content\/uploads\/2024\/01\/Bolsa-MDAS-Divulgacao-scaled.jpg?fit=1000%2C598&ssl=1&resize=700%2C400 2x"},"classes":[]},{"id":22546,"url":"https:\/\/noticiasribeiraopreto.com.br\/index.php\/2023\/12\/30\/entenda-se-o-valor-sofrera-alteracoes\/","url_meta":{"origin":37897,"position":2},"title":"entenda se o valor sofrer\u00e1 altera\u00e7\u00f5es","author":"noticiasribeiraopreto.com.br","date":"30 de December de 2023","format":false,"excerpt":"Cr\u00e9ditos: Ag\u00eancia Brasil\/Jos\u00e9 CruzBolsa Fam\u00edlia SURPREENDE brasileiros O Bolsa Fam\u00edlia, um programa para as fam\u00edlias em situa\u00e7\u00e3o de vulnerabilidade socioecon\u00f4mica no Brasil, proporciona um suporte financeiro essencial, liberando mensalmente um pagamento m\u00ednimo de R$ 600. Contudo, com a chegada de 2024, surge a d\u00favida: o valor do Bolsa Fam\u00edlia sofrer\u00e1\u2026","rel":"","context":"In &quot;Variedades&quot;","block_context":{"text":"Variedades","link":"https:\/\/noticiasribeiraopreto.com.br\/index.php\/category\/variedades\/"},"img":{"alt_text":"","src":"https:\/\/i0.wp.com\/noticiasribeiraopreto.com.br\/wp-content\/uploads\/2023\/12\/1703932550_bolsa-familia-e-reformulado-e-esta-cheio-de-grandes-novidades.jpg?fit=1200%2C638&ssl=1&resize=350%2C200","width":350,"height":200,"srcset":"https:\/\/i0.wp.com\/noticiasribeiraopreto.com.br\/wp-content\/uploads\/2023\/12\/1703932550_bolsa-familia-e-reformulado-e-esta-cheio-de-grandes-novidades.jpg?fit=1200%2C638&ssl=1&resize=350%2C200 1x, https:\/\/i0.wp.com\/noticiasribeiraopreto.com.br\/wp-content\/uploads\/2023\/12\/1703932550_bolsa-familia-e-reformulado-e-esta-cheio-de-grandes-novidades.jpg?fit=1200%2C638&ssl=1&resize=525%2C300 1.5x, https:\/\/i0.wp.com\/noticiasribeiraopreto.com.br\/wp-content\/uploads\/2023\/12\/1703932550_bolsa-familia-e-reformulado-e-esta-cheio-de-grandes-novidades.jpg?fit=1200%2C638&ssl=1&resize=700%2C400 2x, https:\/\/i0.wp.com\/noticiasribeiraopreto.com.br\/wp-content\/uploads\/2023\/12\/1703932550_bolsa-familia-e-reformulado-e-esta-cheio-de-grandes-novidades.jpg?fit=1200%2C638&ssl=1&resize=1050%2C600 3x"},"classes":[]},{"id":20064,"url":"https:\/\/noticiasribeiraopreto.com.br\/index.php\/2023\/12\/24\/bolsa-familia-5-beneficios-complementares-podem-dobrar-o-valor-do-beneficio-em-2024\/","url_meta":{"origin":37897,"position":3},"title":"Bolsa Fam\u00edlia: 5 benef\u00edcios complementares podem DOBRAR o valor do benef\u00edcio em 2024","author":"noticiasribeiraopreto.com.br","date":"24 de December de 2023","format":false,"excerpt":"O Bolsa Fam\u00edlia \u00e9 o maior programa de distribui\u00e7\u00e3o de renda do Governo Federal, atendendo mais de 20 milh\u00f5es de fam\u00edlias em 2023. O seu objetivo \u00e9 trazer mais qualidade de vida para as fam\u00edlias brasileiras, garantindo acesso \u00e0 renda para a sua subsist\u00eancia. Dessa forma, o programa est\u00e1 em\u2026","rel":"","context":"In &quot;Vagas de Emprego em Ribeir\u00e3o Preto-SP&quot;","block_context":{"text":"Vagas de Emprego em Ribeir\u00e3o Preto-SP","link":"https:\/\/noticiasribeiraopreto.com.br\/index.php\/category\/empregos-classificados-vagas-trabalho\/vagas-de-empregos-em-ribeirao-preto-regiao-brasil\/"},"img":{"alt_text":"","src":"https:\/\/i0.wp.com\/noticiasribeiraopreto.com.br\/wp-content\/uploads\/2023\/12\/noticiasconcursos.com_.br-bolsa-familia-5-beneficios-complementares-podem-dobrar-o-valor-do-beneficio-em-2024-imagem-marcos-rocha-fdr.jpg?fit=1200%2C800&ssl=1&resize=350%2C200","width":350,"height":200,"srcset":"https:\/\/i0.wp.com\/noticiasribeiraopreto.com.br\/wp-content\/uploads\/2023\/12\/noticiasconcursos.com_.br-bolsa-familia-5-beneficios-complementares-podem-dobrar-o-valor-do-beneficio-em-2024-imagem-marcos-rocha-fdr.jpg?fit=1200%2C800&ssl=1&resize=350%2C200 1x, https:\/\/i0.wp.com\/noticiasribeiraopreto.com.br\/wp-content\/uploads\/2023\/12\/noticiasconcursos.com_.br-bolsa-familia-5-beneficios-complementares-podem-dobrar-o-valor-do-beneficio-em-2024-imagem-marcos-rocha-fdr.jpg?fit=1200%2C800&ssl=1&resize=525%2C300 1.5x, https:\/\/i0.wp.com\/noticiasribeiraopreto.com.br\/wp-content\/uploads\/2023\/12\/noticiasconcursos.com_.br-bolsa-familia-5-beneficios-complementares-podem-dobrar-o-valor-do-beneficio-em-2024-imagem-marcos-rocha-fdr.jpg?fit=1200%2C800&ssl=1&resize=700%2C400 2x, https:\/\/i0.wp.com\/noticiasribeiraopreto.com.br\/wp-content\/uploads\/2023\/12\/noticiasconcursos.com_.br-bolsa-familia-5-beneficios-complementares-podem-dobrar-o-valor-do-beneficio-em-2024-imagem-marcos-rocha-fdr.jpg?fit=1200%2C800&ssl=1&resize=1050%2C600 3x"},"classes":[]},{"id":18366,"url":"https:\/\/noticiasribeiraopreto.com.br\/index.php\/2023\/12\/20\/bolsa-familia-de-dezembro-e-pago-a-novo-grupo-hoje-e-valor-surpreende\/","url_meta":{"origin":37897,"position":4},"title":"Bolsa Fam\u00edlia de dezembro \u00e9 pago a novo grupo HOJE e valor SURPREENDE","author":"noticiasribeiraopreto.com.br","date":"20 de December de 2023","format":false,"excerpt":"O governo federal chega a reta final do calend\u00e1rio de pagamento do programa Bolsa Fam\u00edlia para o m\u00eas de dezembro. De acordo com o planejamento do Governo Federal, os pagamentos tiveram in\u00edcio em 11 de dezembro e se estender\u00e3o at\u00e9 o dia 22, seguindo uma ordem baseada no \u00faltimo d\u00edgito\u2026","rel":"","context":"In &quot;Variedades&quot;","block_context":{"text":"Variedades","link":"https:\/\/noticiasribeiraopreto.com.br\/index.php\/category\/variedades\/"},"img":{"alt_text":"","src":"https:\/\/i0.wp.com\/noticiasribeiraopreto.com.br\/wp-content\/uploads\/2023\/12\/aumento-do-bolsa-familia-veja-se-voce-foi-contemplado-a-partir-de-hoje.png?fit=1200%2C638&ssl=1&resize=350%2C200","width":350,"height":200,"srcset":"https:\/\/i0.wp.com\/noticiasribeiraopreto.com.br\/wp-content\/uploads\/2023\/12\/aumento-do-bolsa-familia-veja-se-voce-foi-contemplado-a-partir-de-hoje.png?fit=1200%2C638&ssl=1&resize=350%2C200 1x, https:\/\/i0.wp.com\/noticiasribeiraopreto.com.br\/wp-content\/uploads\/2023\/12\/aumento-do-bolsa-familia-veja-se-voce-foi-contemplado-a-partir-de-hoje.png?fit=1200%2C638&ssl=1&resize=525%2C300 1.5x, https:\/\/i0.wp.com\/noticiasribeiraopreto.com.br\/wp-content\/uploads\/2023\/12\/aumento-do-bolsa-familia-veja-se-voce-foi-contemplado-a-partir-de-hoje.png?fit=1200%2C638&ssl=1&resize=700%2C400 2x, https:\/\/i0.wp.com\/noticiasribeiraopreto.com.br\/wp-content\/uploads\/2023\/12\/aumento-do-bolsa-familia-veja-se-voce-foi-contemplado-a-partir-de-hoje.png?fit=1200%2C638&ssl=1&resize=1050%2C600 3x"},"classes":[]},{"id":19395,"url":"https:\/\/noticiasribeiraopreto.com.br\/index.php\/2023\/12\/22\/ultimo-grupo-recebe-bolsa-familia-de-dezembro-hoje-e-valor-surpreende\/","url_meta":{"origin":37897,"position":5},"title":"\u00daltimo grupo recebe Bolsa Fam\u00edlia de dezembro HOJE e valor SURPREENDE","author":"noticiasribeiraopreto.com.br","date":"22 de December de 2023","format":false,"excerpt":"O governo federal chega a reta final do calend\u00e1rio de pagamento do programa Bolsa Fam\u00edlia para o m\u00eas de dezembro. De acordo com o planejamento do Governo Federal, os pagamentos tiveram in\u00edcio em 11 de dezembro e se estender\u00e3o at\u00e9 o dia 22, seguindo uma ordem baseada no \u00faltimo d\u00edgito\u2026","rel":"","context":"In &quot;Variedades&quot;","block_context":{"text":"Variedades","link":"https:\/\/noticiasribeiraopreto.com.br\/index.php\/category\/variedades\/"},"img":{"alt_text":"","src":"https:\/\/i0.wp.com\/noticiasribeiraopreto.com.br\/wp-content\/uploads\/2023\/12\/1703250838_bolsa-familia-e-pago-para-novo-grupo-hoje-veja-quem-recebe.jpg?fit=1200%2C638&ssl=1&resize=350%2C200","width":350,"height":200,"srcset":"https:\/\/i0.wp.com\/noticiasribeiraopreto.com.br\/wp-content\/uploads\/2023\/12\/1703250838_bolsa-familia-e-pago-para-novo-grupo-hoje-veja-quem-recebe.jpg?fit=1200%2C638&ssl=1&resize=350%2C200 1x, https:\/\/i0.wp.com\/noticiasribeiraopreto.com.br\/wp-content\/uploads\/2023\/12\/1703250838_bolsa-familia-e-pago-para-novo-grupo-hoje-veja-quem-recebe.jpg?fit=1200%2C638&ssl=1&resize=525%2C300 1.5x, https:\/\/i0.wp.com\/noticiasribeiraopreto.com.br\/wp-content\/uploads\/2023\/12\/1703250838_bolsa-familia-e-pago-para-novo-grupo-hoje-veja-quem-recebe.jpg?fit=1200%2C638&ssl=1&resize=700%2C400 2x, https:\/\/i0.wp.com\/noticiasribeiraopreto.com.br\/wp-content\/uploads\/2023\/12\/1703250838_bolsa-familia-e-pago-para-novo-grupo-hoje-veja-quem-recebe.jpg?fit=1200%2C638&ssl=1&resize=1050%2C600 3x"},"classes":[]}],"jetpack_sharing_enabled":true,"jetpack_shortlink":"https:\/\/wp.me\/peQAOb-9Rf","_links":{"self":[{"href":"https:\/\/noticiasribeiraopreto.com.br\/index.php\/wp-json\/wp\/v2\/posts\/37897","targetHints":{"allow":["GET"]}}],"collection":[{"href":"https:\/\/noticiasribeiraopreto.com.br\/index.php\/wp-json\/wp\/v2\/posts"}],"about":[{"href":"https:\/\/noticiasribeiraopreto.com.br\/index.php\/wp-json\/wp\/v2\/types\/post"}],"author":[{"embeddable":true,"href":"https:\/\/noticiasribeiraopreto.com.br\/index.php\/wp-json\/wp\/v2\/users\/1"}],"replies":[{"embeddable":true,"href":"https:\/\/noticiasribeiraopreto.com.br\/index.php\/wp-json\/wp\/v2\/comments?post=37897"}],"version-history":[{"count":0,"href":"https:\/\/noticiasribeiraopreto.com.br\/index.php\/wp-json\/wp\/v2\/posts\/37897\/revisions"}],"wp:featuredmedia":[{"embeddable":true,"href":"https:\/\/noticiasribeiraopreto.com.br\/index.php\/wp-json\/wp\/v2\/media\/37898"}],"wp:attachment":[{"href":"https:\/\/noticiasribeiraopreto.com.br\/index.php\/wp-json\/wp\/v2\/media?parent=37897"}],"wp:term":[{"taxonomy":"category","embeddable":true,"href":"https:\/\/noticiasribeiraopreto.com.br\/index.php\/wp-json\/wp\/v2\/categories?post=37897"},{"taxonomy":"post_tag","embeddable":true,"href":"https:\/\/noticiasribeiraopreto.com.br\/index.php\/wp-json\/wp\/v2\/tags?post=37897"}],"curies":[{"name":"wp","href":"https:\/\/api.w.org\/{rel}","templated":true}]}}