{"id":37991,"date":"2024-02-19T17:00:21","date_gmt":"2024-02-19T20:00:21","guid":{"rendered":"https:\/\/noticiasribeiraopreto.com.br\/index.php\/2024\/02\/19\/clube-de-leitura-com-mulheres-mastectomizadas-retoma-atividade-nesta-quarta\/"},"modified":"2024-02-19T17:00:21","modified_gmt":"2024-02-19T20:00:21","slug":"clube-de-leitura-com-mulheres-mastectomizadas-retoma-atividade-nesta-quarta","status":"publish","type":"post","link":"https:\/\/noticiasribeiraopreto.com.br\/index.php\/2024\/02\/19\/clube-de-leitura-com-mulheres-mastectomizadas-retoma-atividade-nesta-quarta\/","title":{"rendered":"Clube de Leitura com mulheres mastectomizadas retoma atividade nesta quarta"},"content":{"rendered":"<div class='code-block code-block-1' style='margin: 8px 0 8px auto; text-align: right; display: block; clear: both;'>\n<p><a href=\"https:\/\/wa.link\/vpicfd\"><img data-recalc-dims=\"1\" class=\"wp-image-4922\" style=\"aspect-ratio: 2.0253164556962027; width: 561px; height: auto;\" src=\"https:\/\/i0.wp.com\/ismaelcolosi.com.br\/wp-content\/uploads\/2023\/11\/grupo-de-empregos-whatsapp-e-facebook-ismael-colosi-vagas.jpg?ssl=1\" alt=\"\" \/><\/a><\/p>\n<!-- \/wp:image -->\n<\/div>\n<p> <br \/>\n<\/p>\n<div id=\"post-374225\">\n<header class=\"entry-header penci-entry-header penci-title-center\">\n<p> <span class=\"entry-meta-item penci-posted-on\"><i class=\"fa fa-clock-o\"\/><time class=\"entry-date published\" datetime=\"2024-02-19T16:45:08-03:00\">19 de fevereiro de 2024 | 16:45<\/time><time class=\"updated\" datetime=\"2024-02-19T16:39:39-03:00\">19 de fevereiro de 2024 | 16:39<\/time><\/span><\/p>\n<p> <span class=\"penci-social-buttons penci-social-share-footer\"><a href=\"#\" class=\"penci-post-like penci_post-meta_item  single-like-button penci-social-item like\" data-post_id=\"374225\" title=\"Like\" data-like=\"Like\" data-unlike=\"Unlike\"><i class=\"fa fa-thumbs-o-up\"\/><span class=\"penci-share-number\">0<\/span><\/a><i class=\"fa fa-facebook\"\/><a class=\"penci-social-item twitter\" target=\"_blank\" rel=\"noopener\" title=\"\" href=\"https:\/\/twitter.com\/intent\/tweet?text=Clube%20de%20Leitura%20com%20mulheres%20mastectomizadas%20retoma%20atividade%20nesta%20quarta%20-%20https:\/\/www.tribunaribeirao.com.br\/site\/clube-de-leitura-com-mulheres-mastectomizadas-retoma-atividade-nesta-quarta\/\"><i class=\"fa fa-twitter\"\/><\/a><i class=\"fa fa-whatsapp\"\/><\/span><\/header>\n<div class=\"penci-entry-content entry-content\">\n<p>Ap\u00f3s uma pausa de in\u00edcio de ano, as 25 participantes do N\u00facleo de Ensino, Pesquisa e Assist\u00eancia a Reabilita\u00e7\u00e3o de Mastectomizadas (REMA) t\u00eam a primeira sess\u00e3o do clube de leitura, em 2024, na pr\u00f3xima quarta-feira (21), \u00e0s 9h. O encontro acontece atrav\u00e9s de uma parceria entre o Observat\u00f3rio do Livro e a Escola de Enfermagem da USP Ribeir\u00e3o Preto, dentro do \u201cTomates Verdes Fritos\u201d.<\/p>\n<p>O projeto, que atende 177 pacientes em tratamento de c\u00e2ncer e doen\u00e7as neurodegenerativas no munic\u00edpio, tem como objetivo principal propiciar maior bem-estar f\u00edsico e emocional por meio das t\u00e9cnicas da Biblioterapia. Assim como outros programas da institui\u00e7\u00e3o, esse tamb\u00e9m \u00e9 voltado para pessoas acima de 60 anos e utiliza como recurso a leitura de literatura para promover tamb\u00e9m apaziguamento, conscientiza\u00e7\u00e3o, autoconhecimento e redu\u00e7\u00e3o dos n\u00edveis de estresse, ansiedade e ang\u00fastia.<\/p>\n<p>Para participar \u00e9 muito simples. Basta ter 60 anos ou mais, estar residindo em Ribeir\u00e3o Preto e ter um hist\u00f3rico de tratamento de doen\u00e7as cr\u00f4nicas ou neurodegenerativas. O projeto utiliza livros impressos escolhidos pelos curadores, que s\u00e3o psic\u00f3logos e atuam com o uso terap\u00eautico da leitura, de acordo com o perfil do participante.<\/p>\n<p>Enquadrado na Lei do Idoso, o projeto \u00e9 realizado em parceria com o Conselho Municipal do Idoso de forma domiciliar, em consult\u00f3rios, em institui\u00e7\u00f5es e em encontros semanais com a rede de apoio dos pacientes. Recebe o patroc\u00ednio de Austral e Aspen, e apoio de Axa, Henkell e Karcher. E as inscri\u00e7\u00f5es para os participantes podem ser feitas pelo link https:\/\/observatoriodolivro.org.br\/tomates-verdes-fritos ou por Whatsapp (16) 3421-6914.<\/p>\n<p>\u00a0<\/p>\n<\/div>\n<footer class=\"penci-entry-footer\"\/><\/div>\n<p><script async src=\"\/\/platform.twitter.com\/widgets.js\" charset=\"utf-8\"><\/script><br \/>\n<br \/><br \/>\n<br \/><a href=\"https:\/\/www.tribunaribeirao.com.br\/site\/clube-de-leitura-com-mulheres-mastectomizadas-retoma-atividade-nesta-quarta\/\">Source link <\/a><\/p>\n<!-- CONTENT END 1 -->\n","protected":false},"excerpt":{"rendered":"<p>19 de fevereiro de 2024 | 16:4519 de fevereiro de 2024 | 16:39 0 Ap\u00f3s uma pausa de in\u00edcio de ano, as 25 participantes do&#8230;<\/p>\n","protected":false},"author":1,"featured_media":37992,"comment_status":"open","ping_status":"open","sticky":false,"template":"","format":"standard","meta":{"advanced_seo_description":"","jetpack_seo_html_title":"","jetpack_seo_noindex":false,"jetpack_post_was_ever_published":false,"_jetpack_newsletter_access":"","_jetpack_dont_email_post_to_subs":false,"_jetpack_newsletter_tier_id":0,"_jetpack_memberships_contains_paywalled_content":false,"_jetpack_memberships_contains_paid_content":false,"footnotes":"","jetpack_publicize_message":"","jetpack_publicize_feature_enabled":true,"jetpack_social_post_already_shared":true,"jetpack_social_options":{"image_generator_settings":{"template":"highway","default_image_id":0,"font":"","enabled":false},"version":2}},"categories":[11],"tags":[3865,527,3847,4362,980,207,1549,1206],"class_list":["post-37991","post","type-post","status-publish","format-standard","has-post-thumbnail","hentry","category-noticias-de-ribeirao-preto-sp-e-regiao-ismael-colosi","tag-atividade","tag-clube","tag-leitura","tag-mastectomizadas","tag-mulheres","tag-nesta","tag-quarta","tag-retoma"],"jetpack_publicize_connections":[],"jetpack_featured_media_url":"https:\/\/i0.wp.com\/noticiasribeiraopreto.com.br\/wp-content\/uploads\/2024\/02\/9f31fdca-ac2f-4cb3-8a13-a011e8b5cd7b-scaled.jpg?fit=1000%2C563&ssl=1","jetpack-related-posts":[{"id":8474,"url":"https:\/\/noticiasribeiraopreto.com.br\/index.php\/2023\/11\/30\/biblioteca-de-ribeirao-preto-tem-programacao-gratuita-de-natal\/","url_meta":{"origin":37991,"position":0},"title":"Biblioteca de Ribeir\u00e3o Preto tem programa\u00e7\u00e3o gratuita de Natal\u00a0","author":"noticiasribeiraopreto.com.br","date":"30 de November de 2023","format":false,"excerpt":"A Biblioteca Sinh\u00e1 Junqueira, localizada no Centro de Ribeir\u00e3o Preto, ir\u00e1 realizar no m\u00eas de dezembro uma programa\u00e7\u00e3o especial de Natal e voltada para as f\u00e9rias das crian\u00e7as. \u00a0 Com a tem\u00e1tica \u2018F\u00e9rias Natalinas\u2019, haver\u00e1 oficinas, shows e atividades para todos os gostos e idades. \u00a0 Confira a programa\u00e7\u00e3o \u00a0\u2026","rel":"","context":"In &quot;Not\u00edcias de Ribeir\u00e3o Preto-SP e Regi\u00e3o&quot;","block_context":{"text":"Not\u00edcias de Ribeir\u00e3o Preto-SP e Regi\u00e3o","link":"https:\/\/noticiasribeiraopreto.com.br\/index.php\/category\/noticias-de-ribeirao-preto-sp-e-regiao-ismael-colosi\/"},"img":{"alt_text":"","src":"https:\/\/i0.wp.com\/noticiasribeiraopreto.com.br\/wp-content\/uploads\/2023\/11\/20220203-130306-1-scaled.jpg?fit=1200%2C900&ssl=1&resize=350%2C200","width":350,"height":200,"srcset":"https:\/\/i0.wp.com\/noticiasribeiraopreto.com.br\/wp-content\/uploads\/2023\/11\/20220203-130306-1-scaled.jpg?fit=1200%2C900&ssl=1&resize=350%2C200 1x, https:\/\/i0.wp.com\/noticiasribeiraopreto.com.br\/wp-content\/uploads\/2023\/11\/20220203-130306-1-scaled.jpg?fit=1200%2C900&ssl=1&resize=525%2C300 1.5x, https:\/\/i0.wp.com\/noticiasribeiraopreto.com.br\/wp-content\/uploads\/2023\/11\/20220203-130306-1-scaled.jpg?fit=1200%2C900&ssl=1&resize=700%2C400 2x, https:\/\/i0.wp.com\/noticiasribeiraopreto.com.br\/wp-content\/uploads\/2023\/11\/20220203-130306-1-scaled.jpg?fit=1200%2C900&ssl=1&resize=1050%2C600 3x"},"classes":[]},{"id":39372,"url":"https:\/\/noticiasribeiraopreto.com.br\/index.php\/2024\/02\/25\/jornada-da-leitura-6-0-aborda-a-importancia-da-leitura-para-as-pessoas-idosas\/","url_meta":{"origin":37991,"position":1},"title":"Jornada da Leitura 6.0 aborda a import\u00e2ncia da leitura para as pessoas idosas","author":"noticiasribeiraopreto.com.br","date":"25 de February de 2024","format":false,"excerpt":"O Observat\u00f3rio do Livro realiza, a partir da pr\u00f3xima ter\u00e7a-feira (27), uma jornada on-line para discutir e intensificar a divulga\u00e7\u00e3o, entre a popula\u00e7\u00e3o mais velha, sobre os benef\u00edcios da leitura de livros para uma velhice mais saud\u00e1vel e repleta de sonhos poss\u00edveis. A cerim\u00f4nia de abertura conta com a presen\u00e7a\u2026","rel":"","context":"In &quot;Not\u00edcias de Ribeir\u00e3o Preto-SP e Regi\u00e3o&quot;","block_context":{"text":"Not\u00edcias de Ribeir\u00e3o Preto-SP e Regi\u00e3o","link":"https:\/\/noticiasribeiraopreto.com.br\/index.php\/category\/noticias-de-ribeirao-preto-sp-e-regiao-ismael-colosi\/"},"img":{"alt_text":"","src":"https:\/\/i0.wp.com\/noticiasribeiraopreto.com.br\/wp-content\/uploads\/2024\/02\/54f1aeee-d7a6-4b8d-aacc-aa69e02e2651-scaled.jpg?fit=860%2C645&ssl=1&resize=350%2C200","width":350,"height":200,"srcset":"https:\/\/i0.wp.com\/noticiasribeiraopreto.com.br\/wp-content\/uploads\/2024\/02\/54f1aeee-d7a6-4b8d-aacc-aa69e02e2651-scaled.jpg?fit=860%2C645&ssl=1&resize=350%2C200 1x, https:\/\/i0.wp.com\/noticiasribeiraopreto.com.br\/wp-content\/uploads\/2024\/02\/54f1aeee-d7a6-4b8d-aacc-aa69e02e2651-scaled.jpg?fit=860%2C645&ssl=1&resize=525%2C300 1.5x, https:\/\/i0.wp.com\/noticiasribeiraopreto.com.br\/wp-content\/uploads\/2024\/02\/54f1aeee-d7a6-4b8d-aacc-aa69e02e2651-scaled.jpg?fit=860%2C645&ssl=1&resize=700%2C400 2x"},"classes":[]},{"id":40072,"url":"https:\/\/noticiasribeiraopreto.com.br\/index.php\/2024\/02\/29\/aluguel-tem-deflacao-de-052-em-fevereiro\/","url_meta":{"origin":37991,"position":2},"title":"Aluguel tem defla\u00e7\u00e3o\u00a0de 0,52% em fevereiro\u00a0","author":"noticiasribeiraopreto.com.br","date":"29 de February de 2024","format":false,"excerpt":"29 de fevereiro de 2024 | 18:0029 de fevereiro de 2024 | 11:59 0O \u00cdndice Geral de Pre\u00e7os \u2013 Mercado (IGP-M) caiu 0,52% em fevereiro, ap\u00f3s alta de 0,07% em janeiro, informou nesta quarta-feira, 28 de fevereiro, a Funda\u00e7\u00e3o Get\u00falio Vargas (FGV). Com esse resultado o \u00edndice acumula queda de\u2026","rel":"","context":"In &quot;Not\u00edcias de Ribeir\u00e3o Preto-SP e Regi\u00e3o&quot;","block_context":{"text":"Not\u00edcias de Ribeir\u00e3o Preto-SP e Regi\u00e3o","link":"https:\/\/noticiasribeiraopreto.com.br\/index.php\/category\/noticias-de-ribeirao-preto-sp-e-regiao-ismael-colosi\/"},"img":{"alt_text":"","src":"https:\/\/i0.wp.com\/noticiasribeiraopreto.com.br\/wp-content\/uploads\/2024\/02\/AluguelRP-Alfredo-Risk-scaled.jpg?fit=1000%2C519&ssl=1&resize=350%2C200","width":350,"height":200,"srcset":"https:\/\/i0.wp.com\/noticiasribeiraopreto.com.br\/wp-content\/uploads\/2024\/02\/AluguelRP-Alfredo-Risk-scaled.jpg?fit=1000%2C519&ssl=1&resize=350%2C200 1x, https:\/\/i0.wp.com\/noticiasribeiraopreto.com.br\/wp-content\/uploads\/2024\/02\/AluguelRP-Alfredo-Risk-scaled.jpg?fit=1000%2C519&ssl=1&resize=525%2C300 1.5x, https:\/\/i0.wp.com\/noticiasribeiraopreto.com.br\/wp-content\/uploads\/2024\/02\/AluguelRP-Alfredo-Risk-scaled.jpg?fit=1000%2C519&ssl=1&resize=700%2C400 2x"},"classes":[]},{"id":13201,"url":"https:\/\/noticiasribeiraopreto.com.br\/index.php\/2023\/12\/09\/melhor-ong-de-cultura-e-de-rp\/","url_meta":{"origin":37991,"position":3},"title":"Melhor ONG de cultura \u00e9 de RP","author":"noticiasribeiraopreto.com.br","date":"9 de December de 2023","format":false,"excerpt":"Com expertise em projetos voltados para leitores improv\u00e1veis, o Observat\u00f3rio do Livro, com sede em Ribeir\u00e3o Preto e atua\u00e7\u00e3o internacional, recebeu, na quinta-feira, 7 de dezembro, o Pr\u00eamio de Melhor ONG de Cultura do Pa\u00eds e o das 100 Melhores ONGs do Brasil em 2023. Vai completar 25 anos de\u2026","rel":"","context":"In &quot;Not\u00edcias de Ribeir\u00e3o Preto-SP e Regi\u00e3o&quot;","block_context":{"text":"Not\u00edcias de Ribeir\u00e3o Preto-SP e Regi\u00e3o","link":"https:\/\/noticiasribeiraopreto.com.br\/index.php\/category\/noticias-de-ribeirao-preto-sp-e-regiao-ismael-colosi\/"},"img":{"alt_text":"","src":"https:\/\/i0.wp.com\/noticiasribeiraopreto.com.br\/wp-content\/uploads\/2023\/12\/Galeno.jpg?fit=833%2C566&ssl=1&resize=350%2C200","width":350,"height":200,"srcset":"https:\/\/i0.wp.com\/noticiasribeiraopreto.com.br\/wp-content\/uploads\/2023\/12\/Galeno.jpg?fit=833%2C566&ssl=1&resize=350%2C200 1x, https:\/\/i0.wp.com\/noticiasribeiraopreto.com.br\/wp-content\/uploads\/2023\/12\/Galeno.jpg?fit=833%2C566&ssl=1&resize=525%2C300 1.5x, https:\/\/i0.wp.com\/noticiasribeiraopreto.com.br\/wp-content\/uploads\/2023\/12\/Galeno.jpg?fit=833%2C566&ssl=1&resize=700%2C400 2x"},"classes":[]},{"id":63066,"url":"https:\/\/noticiasribeiraopreto.com.br\/index.php\/2025\/02\/01\/sarau-lancamento-de-livro-e-cinema-gratuito-veja-programacao-da-fundacao-do-livro-de-ribeirao\/","url_meta":{"origin":37991,"position":4},"title":"Sarau, lan\u00e7amento de livro e cinema gratuito: Veja programa\u00e7\u00e3o da Funda\u00e7\u00e3o do Livro de Ribeir\u00e3o","author":"noticiasribeiraopreto.com.br","date":"1 de February de 2025","format":false,"excerpt":"Neste m\u00eas de fevereiro, a Funda\u00e7\u00e3o do Livro e Leitura de Ribeir\u00e3o Preto conta com uma programa\u00e7\u00e3o cultural gratuita, com atividades como o Sarau dos M\u00e9dicos, lan\u00e7amento do livro de Juliana Judice e cinema com o filme \u201cVeludo Azul\u201d. A sede da Funda\u00e7\u00e3o do Livro e Leitura de Ribeir\u00e3o Preto\u2026","rel":"","context":"In &quot;Not\u00edcias de Ribeir\u00e3o Preto-SP e Regi\u00e3o&quot;","block_context":{"text":"Not\u00edcias de Ribeir\u00e3o Preto-SP e Regi\u00e3o","link":"https:\/\/noticiasribeiraopreto.com.br\/index.php\/category\/noticias-de-ribeirao-preto-sp-e-regiao-ismael-colosi\/"},"img":{"alt_text":"","src":"https:\/\/i0.wp.com\/noticiasribeiraopreto.com.br\/wp-content\/uploads\/2025\/02\/WhatsApp-Image-2025-02-01-at-14.45.38_2025-02-01_17-46-30_jpeg_2025-02-01_17-46-30.webp.webp?fit=1200%2C675&ssl=1&resize=350%2C200","width":350,"height":200,"srcset":"https:\/\/i0.wp.com\/noticiasribeiraopreto.com.br\/wp-content\/uploads\/2025\/02\/WhatsApp-Image-2025-02-01-at-14.45.38_2025-02-01_17-46-30_jpeg_2025-02-01_17-46-30.webp.webp?fit=1200%2C675&ssl=1&resize=350%2C200 1x, https:\/\/i0.wp.com\/noticiasribeiraopreto.com.br\/wp-content\/uploads\/2025\/02\/WhatsApp-Image-2025-02-01-at-14.45.38_2025-02-01_17-46-30_jpeg_2025-02-01_17-46-30.webp.webp?fit=1200%2C675&ssl=1&resize=525%2C300 1.5x, https:\/\/i0.wp.com\/noticiasribeiraopreto.com.br\/wp-content\/uploads\/2025\/02\/WhatsApp-Image-2025-02-01-at-14.45.38_2025-02-01_17-46-30_jpeg_2025-02-01_17-46-30.webp.webp?fit=1200%2C675&ssl=1&resize=700%2C400 2x, https:\/\/i0.wp.com\/noticiasribeiraopreto.com.br\/wp-content\/uploads\/2025\/02\/WhatsApp-Image-2025-02-01-at-14.45.38_2025-02-01_17-46-30_jpeg_2025-02-01_17-46-30.webp.webp?fit=1200%2C675&ssl=1&resize=1050%2C600 3x"},"classes":[]},{"id":81721,"url":"https:\/\/noticiasribeiraopreto.com.br\/index.php\/2026\/01\/15\/fundacao-do-livro-abre-programacao-cultural-de-2026-em-ribeirao-preto\/","url_meta":{"origin":37991,"position":5},"title":"Funda\u00e7\u00e3o do Livro abre programa\u00e7\u00e3o cultural de 2026 em Ribeir\u00e3o Preto","author":"noticiasribeiraopreto.com.br","date":"15 de January de 2026","format":false,"excerpt":"A Funda\u00e7\u00e3o do Livro e Leitura de Ribeir\u00e3o Preto inicia a agenda cultural de 2026 com uma programa\u00e7\u00e3o gratuita que re\u00fane literatura, cinema e clubes de leitura. As atividades acontecem na sede da entidade, no Jardim Am\u00e9rica. Resenha Preta A programa\u00e7\u00e3o come\u00e7a neste s\u00e1bado (17), \u00e0s 10h, com o retorno\u2026","rel":"","context":"In &quot;Not\u00edcias de Ribeir\u00e3o Preto-SP e Regi\u00e3o&quot;","block_context":{"text":"Not\u00edcias de Ribeir\u00e3o Preto-SP e Regi\u00e3o","link":"https:\/\/noticiasribeiraopreto.com.br\/index.php\/category\/noticias-de-ribeirao-preto-sp-e-regiao-ismael-colosi\/"},"img":{"alt_text":"","src":"https:\/\/i0.wp.com\/noticiasribeiraopreto.com.br\/wp-content\/uploads\/2026\/01\/domingo-46_2026-01-14_22-35-48.webp.webp?fit=1200%2C675&ssl=1&resize=350%2C200","width":350,"height":200,"srcset":"https:\/\/i0.wp.com\/noticiasribeiraopreto.com.br\/wp-content\/uploads\/2026\/01\/domingo-46_2026-01-14_22-35-48.webp.webp?fit=1200%2C675&ssl=1&resize=350%2C200 1x, https:\/\/i0.wp.com\/noticiasribeiraopreto.com.br\/wp-content\/uploads\/2026\/01\/domingo-46_2026-01-14_22-35-48.webp.webp?fit=1200%2C675&ssl=1&resize=525%2C300 1.5x, https:\/\/i0.wp.com\/noticiasribeiraopreto.com.br\/wp-content\/uploads\/2026\/01\/domingo-46_2026-01-14_22-35-48.webp.webp?fit=1200%2C675&ssl=1&resize=700%2C400 2x, https:\/\/i0.wp.com\/noticiasribeiraopreto.com.br\/wp-content\/uploads\/2026\/01\/domingo-46_2026-01-14_22-35-48.webp.webp?fit=1200%2C675&ssl=1&resize=1050%2C600 3x"},"classes":[]}],"jetpack_sharing_enabled":true,"jetpack_shortlink":"https:\/\/wp.me\/peQAOb-9SL","_links":{"self":[{"href":"https:\/\/noticiasribeiraopreto.com.br\/index.php\/wp-json\/wp\/v2\/posts\/37991","targetHints":{"allow":["GET"]}}],"collection":[{"href":"https:\/\/noticiasribeiraopreto.com.br\/index.php\/wp-json\/wp\/v2\/posts"}],"about":[{"href":"https:\/\/noticiasribeiraopreto.com.br\/index.php\/wp-json\/wp\/v2\/types\/post"}],"author":[{"embeddable":true,"href":"https:\/\/noticiasribeiraopreto.com.br\/index.php\/wp-json\/wp\/v2\/users\/1"}],"replies":[{"embeddable":true,"href":"https:\/\/noticiasribeiraopreto.com.br\/index.php\/wp-json\/wp\/v2\/comments?post=37991"}],"version-history":[{"count":0,"href":"https:\/\/noticiasribeiraopreto.com.br\/index.php\/wp-json\/wp\/v2\/posts\/37991\/revisions"}],"wp:featuredmedia":[{"embeddable":true,"href":"https:\/\/noticiasribeiraopreto.com.br\/index.php\/wp-json\/wp\/v2\/media\/37992"}],"wp:attachment":[{"href":"https:\/\/noticiasribeiraopreto.com.br\/index.php\/wp-json\/wp\/v2\/media?parent=37991"}],"wp:term":[{"taxonomy":"category","embeddable":true,"href":"https:\/\/noticiasribeiraopreto.com.br\/index.php\/wp-json\/wp\/v2\/categories?post=37991"},{"taxonomy":"post_tag","embeddable":true,"href":"https:\/\/noticiasribeiraopreto.com.br\/index.php\/wp-json\/wp\/v2\/tags?post=37991"}],"curies":[{"name":"wp","href":"https:\/\/api.w.org\/{rel}","templated":true}]}}