{"id":38401,"date":"2024-02-19T20:47:50","date_gmt":"2024-02-19T23:47:50","guid":{"rendered":"https:\/\/noticiasribeiraopreto.com.br\/index.php\/2024\/02\/19\/instituto-de-pesquisa-abre-90-vagas-de-trabalho-na-area-da-saude\/"},"modified":"2024-02-19T20:47:50","modified_gmt":"2024-02-19T23:47:50","slug":"instituto-de-pesquisa-abre-90-vagas-de-trabalho-na-area-da-saude","status":"publish","type":"post","link":"https:\/\/noticiasribeiraopreto.com.br\/index.php\/2024\/02\/19\/instituto-de-pesquisa-abre-90-vagas-de-trabalho-na-area-da-saude\/","title":{"rendered":"Instituto de Pesquisa abre 90 vagas de trabalho na \u00e1rea da sa\u00fade"},"content":{"rendered":"<div class='code-block code-block-1' style='margin: 8px 0 8px auto; text-align: right; display: block; clear: both;'>\n<p><a href=\"https:\/\/wa.link\/vpicfd\"><img data-recalc-dims=\"1\" class=\"wp-image-4922\" style=\"aspect-ratio: 2.0253164556962027; width: 561px; height: auto;\" src=\"https:\/\/i0.wp.com\/ismaelcolosi.com.br\/wp-content\/uploads\/2023\/11\/grupo-de-empregos-whatsapp-e-facebook-ismael-colosi-vagas.jpg?ssl=1\" alt=\"\" \/><\/a><\/p>\n<!-- \/wp:image -->\n<\/div>\n<p> <br \/>\n<\/p>\n<div id=\"\">\n<div class=\"content-infos\">\n<div class=\"texts\">\n<p class=\"author tooltip-comp\"> Da reda\u00e7\u00e3o<span class=\"icon-i\">i<\/span><span class=\"tooltiptext\"> <span class=\"author\"><span>Da reda\u00e7\u00e3o<\/span> <\/span><span class=\"desc\"\/> <\/span><\/p>\n<p>19\/02\/2024 &#8211; 12:45<\/p>\n<\/div>\n<div id=\"share-modal\" class=\"share-modal\"> <button class=\"box-close btn-share\"> <img decoding=\"async\" src=\"https:\/\/istoedinheiro.com.br\/wp-content\/themes\/dinheiro-wp-theme\/assets\/img\/svg\/closeIcon.svg?x46096\" alt=\"Close icon\" class=\"close-btn lazy\"\/> <\/button><\/div>\n<\/p><\/div>\n<p>A Funda\u00e7\u00e3o Instituto de Pesquisa e Estudo de Diagn\u00f3stico por Imagem (FIDI), institui\u00e7\u00e3o privada sem fins lucrativos que faz a gest\u00e3o de diagn\u00f3sticos por imagem, tem como previs\u00e3o 90 contrata\u00e7\u00f5es para o primeiro trimestre deste ano, na \u00e1rea da sa\u00fade.<\/p>\n<p>Pesquisa realizada pela consultoria de gest\u00e3o de pessoas ManpowerGroup apontou que o segmento de sa\u00fade e ci\u00eancias da vida \u00e9 o que mais pretende contratar em 2024. Cerca de 46% das empresas ouvidas sinalizaram esse interesse.<\/p>\n<p>+<strong>Novas tecnologias impulsionam vagas de trabalho no campo; sal\u00e1rios podem chegar a R$ 25 mil<\/strong><\/p>\n<p>Segundo a institui\u00e7\u00e3o, das diversas carreiras no mercado de trabalho, as profiss\u00f5es da \u00e1rea da sa\u00fade tendem apresentar proje\u00e7\u00f5es de crescimento com mais solidez do que em outros ramos, visto que este setor est\u00e1 em cont\u00ednuo desenvolvimento e, com isso, a necessidade de contrata\u00e7\u00f5es \u00e9 constante para t\u00e9cnicos, m\u00e9dicos e especialistas em diferentes nichos da sa\u00fade.<\/p>\n<p>As vagas oferecidas pela FIDI est\u00e3o voltadas para a\u00e7\u00f5es operacionais que abrangem diversas \u00e1reas como agentes administrativos, auxiliares de enfermagem, t\u00e9cnicos de radiologia, m\u00e9dicos especializados, entre outras. Os cargos s\u00e3o todos para a modalidade presencial distribu\u00eddos para as regi\u00f5es norte, sul, leste e central de S\u00e3o Paulo, com oportunidades tamb\u00e9m dispon\u00edveis em Goi\u00e1s, especialmente em Goi\u00e2nia. Al\u00e9m disso, os requisitos m\u00ednimos incluem a conclus\u00e3o do ensino m\u00e9dio ou uma forma\u00e7\u00e3o t\u00e9cnica especializada, para os casos de auxiliar de enfermagem e t\u00e9cnico de radiologia.<\/p>\n<p>A m\u00e9dia salarial para os cargos previstos \u00e9 de R$ 2.445,00. A empresa tamb\u00e9m oferece uma ampla gama de benef\u00edcios, incluindo Vale Transporte, Vale Alimenta\u00e7\u00e3o, Vale Refei\u00e7\u00e3o, Plano de Sa\u00fade, Plano Odontol\u00f3gico, Seguro de Vida, Aux\u00edlio Creche, Programa Bem-estar (que proporciona consultas nutricionais e psicol\u00f3gicas gratuitas), Conv\u00eanio com Sesc, Gympass e\/ou Total Pass, Parcerias de Educa\u00e7\u00e3o e Idiomas, e Desconto em Clube de Vantagens.<\/p>\n<blockquote>\n<h4 style=\"text-align: center\"><span style=\"color: #993300\"><strong>\u201cOs candidatos interessados podem realizar inscri\u00e7\u00f5es atrav\u00e9s do site da FIDI, na se\u00e7\u00e3o \u2018Trabalhe Conosco\u2019. O processo seletivo ser\u00e1 conduzido pela plataforma Gupy, proporcionando uma experi\u00eancia transparente e eficiente\u201d, completa a gerente de gente &amp; gest\u00e3o da FIDI, Paula Amorim.<\/strong><\/span><\/h4>\n<\/blockquote>\n<p>Para se inscrever, acesse o <a href=\"https:\/\/fidi.gupy.io\/\" target=\"_blank\" rel=\"noopener nofollow\"><strong>LINK<\/strong><\/a>.<\/p>\n<section data-hb-type=\"ads\" name=\"adsMateria\" data-hb-position=\"after-content\" data-hb-provider=\"\">\n<hr\/>\n<\/section>\n<div id=\"share-modal\" class=\"share-modal\"> <button class=\"box-close btn-share\"> <img decoding=\"async\" src=\"https:\/\/istoedinheiro.com.br\/wp-content\/themes\/dinheiro-wp-theme\/assets\/img\/svg\/closeIcon.svg?x46096\" alt=\"Close icon\" class=\"close-btn lazy\"\/> <\/button><\/div>\n<\/p><\/div>\n<p><script>!function(f,b,e,v,n,t,s){if(f.fbq)return;n=f.fbq=function(){n.callMethod?n.callMethod.apply(n,arguments):n.queue.push(arguments)};if(!f._fbq)f._fbq=n;n.push=n;n.loaded=!0;n.version='2.0';n.queue=[];t=b.createElement(e);t.async=!0;t.src=v;s=b.getElementsByTagName(e)[0];s.parentNode.insertBefore(t,s)}(window,document,'script','<\/script><br \/>\n<br \/><br \/>\n<br \/><a href=\"https:\/\/istoedinheiro.com.br\/instituto-pesquisa-90-vagas-de-trabalho-saude\/\">Source link <\/a><\/p>\n<!-- CONTENT END 1 -->\n","protected":false},"excerpt":{"rendered":"<p>Da reda\u00e7\u00e3oi Da reda\u00e7\u00e3o 19\/02\/2024 &#8211; 12:45 A Funda\u00e7\u00e3o Instituto de Pesquisa e Estudo de Diagn\u00f3stico por Imagem (FIDI), institui\u00e7\u00e3o privada sem fins lucrativos que&#8230;<\/p>\n","protected":false},"author":1,"featured_media":38402,"comment_status":"open","ping_status":"open","sticky":false,"template":"","format":"standard","meta":{"advanced_seo_description":"","jetpack_seo_html_title":"","jetpack_seo_noindex":false,"jetpack_post_was_ever_published":false,"_jetpack_newsletter_access":"","_jetpack_dont_email_post_to_subs":false,"_jetpack_newsletter_tier_id":0,"_jetpack_memberships_contains_paywalled_content":false,"_jetpack_memberships_contains_paid_content":false,"footnotes":"","jetpack_publicize_message":"","jetpack_publicize_feature_enabled":true,"jetpack_social_post_already_shared":true,"jetpack_social_options":{"image_generator_settings":{"template":"highway","default_image_id":0,"font":"","enabled":false},"version":2}},"categories":[3598],"tags":[],"class_list":["post-38401","post","type-post","status-publish","format-standard","has-post-thumbnail","hentry","category-empregos-classificados-vagas-trabalho"],"jetpack_publicize_connections":[],"jetpack_featured_media_url":"https:\/\/i0.wp.com\/noticiasribeiraopreto.com.br\/wp-content\/uploads\/2024\/02\/unnamed-1.jpg?fit=500%2C350&ssl=1","jetpack-related-posts":[{"id":60468,"url":"https:\/\/noticiasribeiraopreto.com.br\/index.php\/2024\/11\/14\/ministerio-da-saude-anuncia-concurso-publico-com-319-vagas-veja-os-cargos\/","url_meta":{"origin":38401,"position":0},"title":"Minist\u00e9rio da Sa\u00fade anuncia concurso p\u00fablico com 319 vagas;\u00a0veja\u00a0os\u00a0cargos","author":"noticiasribeiraopreto.com.br","date":"14 de November de 2024","format":false,"excerpt":"O Minist\u00e9rio da Sa\u00fade anunciou, nesta quinta-feira (14), um concurso p\u00fablico com 319 vagas. As oportunidades ser\u00e3o distribu\u00eddas em cinco unidades pelo pa\u00eds. O prazo para a publica\u00e7\u00e3o do edital de abertura do concurso p\u00fablico \u00e9 de at\u00e9 seis meses, a contar da publica\u00e7\u00e3o da\u00a0portaria do Minist\u00e9rio da Gest\u00e3o e\u2026","rel":"","context":"In &quot;Not\u00edcias de Ribeir\u00e3o Preto-SP e Regi\u00e3o&quot;","block_context":{"text":"Not\u00edcias de Ribeir\u00e3o Preto-SP e Regi\u00e3o","link":"https:\/\/noticiasribeiraopreto.com.br\/index.php\/category\/noticias-de-ribeirao-preto-sp-e-regiao-ismael-colosi\/"},"img":{"alt_text":"","src":"https:\/\/i0.wp.com\/noticiasribeiraopreto.com.br\/wp-content\/uploads\/2024\/11\/Copia-de-Copia-de-Copia-de-TAMANHO-EXATO-PARA-FOTOS-NO-SISTEMA-NOVO-93_2024-11-14_19-07-23_png_2024-11-14_19-07-23.webp.webp?fit=1200%2C675&ssl=1&resize=350%2C200","width":350,"height":200,"srcset":"https:\/\/i0.wp.com\/noticiasribeiraopreto.com.br\/wp-content\/uploads\/2024\/11\/Copia-de-Copia-de-Copia-de-TAMANHO-EXATO-PARA-FOTOS-NO-SISTEMA-NOVO-93_2024-11-14_19-07-23_png_2024-11-14_19-07-23.webp.webp?fit=1200%2C675&ssl=1&resize=350%2C200 1x, https:\/\/i0.wp.com\/noticiasribeiraopreto.com.br\/wp-content\/uploads\/2024\/11\/Copia-de-Copia-de-Copia-de-TAMANHO-EXATO-PARA-FOTOS-NO-SISTEMA-NOVO-93_2024-11-14_19-07-23_png_2024-11-14_19-07-23.webp.webp?fit=1200%2C675&ssl=1&resize=525%2C300 1.5x, https:\/\/i0.wp.com\/noticiasribeiraopreto.com.br\/wp-content\/uploads\/2024\/11\/Copia-de-Copia-de-Copia-de-TAMANHO-EXATO-PARA-FOTOS-NO-SISTEMA-NOVO-93_2024-11-14_19-07-23_png_2024-11-14_19-07-23.webp.webp?fit=1200%2C675&ssl=1&resize=700%2C400 2x, https:\/\/i0.wp.com\/noticiasribeiraopreto.com.br\/wp-content\/uploads\/2024\/11\/Copia-de-Copia-de-Copia-de-TAMANHO-EXATO-PARA-FOTOS-NO-SISTEMA-NOVO-93_2024-11-14_19-07-23_png_2024-11-14_19-07-23.webp.webp?fit=1200%2C675&ssl=1&resize=1050%2C600 3x"},"classes":[]},{"id":17200,"url":"https:\/\/noticiasribeiraopreto.com.br\/index.php\/2023\/12\/17\/oportunidade-imperdivel-para-profissionais-de-saude\/","url_meta":{"origin":38401,"position":1},"title":"oportunidade imperd\u00edvel para profissionais de sa\u00fade","author":"noticiasribeiraopreto.com.br","date":"17 de December de 2023","format":false,"excerpt":"Foto: Divulga\u00e7\u00e3o\/Hospital Albert Einsten Essa iniciativa do Hospital Albert Einsten faz parte de um esfor\u00e7o cont\u00ednuo para disseminar conhecimento e promover a educa\u00e7\u00e3o cont\u00ednua em diversas especialidades m\u00e9dicas e de sa\u00fade. Os cursos gratuitos abrangem uma variedade de t\u00f3picos relevantes e emergentes na \u00e1rea da sa\u00fade. Alguns dos cursos gratuitos\u2026","rel":"","context":"In &quot;Vagas de Emprego em Ribeir\u00e3o Preto-SP&quot;","block_context":{"text":"Vagas de Emprego em Ribeir\u00e3o Preto-SP","link":"https:\/\/noticiasribeiraopreto.com.br\/index.php\/category\/empregos-classificados-vagas-trabalho\/vagas-de-empregos-em-ribeirao-preto-regiao-brasil\/"},"img":{"alt_text":"","src":"https:\/\/i0.wp.com\/noticiasribeiraopreto.com.br\/wp-content\/uploads\/2023\/12\/Hospital-Albert-Einstein-oferece-91-cursos-gratuitos-oportunidade-imperdivel-para-profissionais-de-saude-830x450.jpg?fit=830%2C450&ssl=1&resize=350%2C200","width":350,"height":200,"srcset":"https:\/\/i0.wp.com\/noticiasribeiraopreto.com.br\/wp-content\/uploads\/2023\/12\/Hospital-Albert-Einstein-oferece-91-cursos-gratuitos-oportunidade-imperdivel-para-profissionais-de-saude-830x450.jpg?fit=830%2C450&ssl=1&resize=350%2C200 1x, https:\/\/i0.wp.com\/noticiasribeiraopreto.com.br\/wp-content\/uploads\/2023\/12\/Hospital-Albert-Einstein-oferece-91-cursos-gratuitos-oportunidade-imperdivel-para-profissionais-de-saude-830x450.jpg?fit=830%2C450&ssl=1&resize=525%2C300 1.5x, https:\/\/i0.wp.com\/noticiasribeiraopreto.com.br\/wp-content\/uploads\/2023\/12\/Hospital-Albert-Einstein-oferece-91-cursos-gratuitos-oportunidade-imperdivel-para-profissionais-de-saude-830x450.jpg?fit=830%2C450&ssl=1&resize=700%2C400 2x"},"classes":[]},{"id":19734,"url":"https:\/\/noticiasribeiraopreto.com.br\/index.php\/2023\/12\/23\/1-800-vagas-veja-o-que-o-ministro-afirma-sobre-o-concurso-aft\/","url_meta":{"origin":38401,"position":2},"title":"1.800 vagas? Veja o que o ministro afirma sobre o CONCURSO AFT!","author":"noticiasribeiraopreto.com.br","date":"23 de December de 2023","format":false,"excerpt":"Concurso AFT pode dobrar oportunidades! O Ministro Luiz Marinho falou sobre dobrar a quantidade de vagas do concurso AFT- Auditor Fiscal do Trabalho. Inicialmente, est\u00e3o autorizadas 900 vagas. O que aconteceu? Veja as explica\u00e7\u00f5es a seguir. Amplia\u00e7\u00e3o de Vagas no Concurso AFT O concurso para Auditor-Fiscal do Trabalho (AFT) pode\u2026","rel":"","context":"In &quot;Vagas de Emprego em Ribeir\u00e3o Preto-SP&quot;","block_context":{"text":"Vagas de Emprego em Ribeir\u00e3o Preto-SP","link":"https:\/\/noticiasribeiraopreto.com.br\/index.php\/category\/empregos-classificados-vagas-trabalho\/vagas-de-empregos-em-ribeirao-preto-regiao-brasil\/"},"img":{"alt_text":"","src":"https:\/\/i0.wp.com\/noticiasribeiraopreto.com.br\/wp-content\/uploads\/2023\/12\/noticiasconcursos.com_.br-1-800-vagas-veja-o-que-o-ministro-afirma-sobre-o-concurso-aft-pexels-tima-miroshnichenko-6694958.jpg?fit=1200%2C800&ssl=1&resize=350%2C200","width":350,"height":200,"srcset":"https:\/\/i0.wp.com\/noticiasribeiraopreto.com.br\/wp-content\/uploads\/2023\/12\/noticiasconcursos.com_.br-1-800-vagas-veja-o-que-o-ministro-afirma-sobre-o-concurso-aft-pexels-tima-miroshnichenko-6694958.jpg?fit=1200%2C800&ssl=1&resize=350%2C200 1x, https:\/\/i0.wp.com\/noticiasribeiraopreto.com.br\/wp-content\/uploads\/2023\/12\/noticiasconcursos.com_.br-1-800-vagas-veja-o-que-o-ministro-afirma-sobre-o-concurso-aft-pexels-tima-miroshnichenko-6694958.jpg?fit=1200%2C800&ssl=1&resize=525%2C300 1.5x, https:\/\/i0.wp.com\/noticiasribeiraopreto.com.br\/wp-content\/uploads\/2023\/12\/noticiasconcursos.com_.br-1-800-vagas-veja-o-que-o-ministro-afirma-sobre-o-concurso-aft-pexels-tima-miroshnichenko-6694958.jpg?fit=1200%2C800&ssl=1&resize=700%2C400 2x, https:\/\/i0.wp.com\/noticiasribeiraopreto.com.br\/wp-content\/uploads\/2023\/12\/noticiasconcursos.com_.br-1-800-vagas-veja-o-que-o-ministro-afirma-sobre-o-concurso-aft-pexels-tima-miroshnichenko-6694958.jpg?fit=1200%2C800&ssl=1&resize=1050%2C600 3x"},"classes":[]},{"id":22318,"url":"https:\/\/noticiasribeiraopreto.com.br\/index.php\/2023\/12\/29\/vagas-em-novo-concurso-prefeitura-publica-edital-para-161-oportunidades-para-agente-de-saude-pagando-quase-r-3-mil\/","url_meta":{"origin":38401,"position":3},"title":"Vagas em novo concurso: Prefeitura publica edital para 161 oportunidades para agente de sa\u00fade, pagando quase R$ 3 mil","author":"noticiasribeiraopreto.com.br","date":"29 de December de 2023","format":false,"excerpt":"Foto: UFJF\/Divulga\u00e7\u00e3o Garanta seu futuro agora! Edital da Prefeitura de Juiz de Fora abre para 161 vagas em carreiras na sa\u00fade abre dia 19 de Fevereiro\u00a0 Segundo o Portal G1, a Prefeitura de Juiz de Fora acaba de divulgar um edital promissor para quem busca uma oportunidade de emprego na\u2026","rel":"","context":"In &quot;Vagas de Emprego em Ribeir\u00e3o Preto-SP&quot;","block_context":{"text":"Vagas de Emprego em Ribeir\u00e3o Preto-SP","link":"https:\/\/noticiasribeiraopreto.com.br\/index.php\/category\/empregos-classificados-vagas-trabalho\/vagas-de-empregos-em-ribeirao-preto-regiao-brasil\/"},"img":{"alt_text":"","src":"https:\/\/i0.wp.com\/noticiasribeiraopreto.com.br\/wp-content\/uploads\/2023\/12\/agentesaude-830x450.jpg?fit=830%2C450&ssl=1&resize=350%2C200","width":350,"height":200,"srcset":"https:\/\/i0.wp.com\/noticiasribeiraopreto.com.br\/wp-content\/uploads\/2023\/12\/agentesaude-830x450.jpg?fit=830%2C450&ssl=1&resize=350%2C200 1x, https:\/\/i0.wp.com\/noticiasribeiraopreto.com.br\/wp-content\/uploads\/2023\/12\/agentesaude-830x450.jpg?fit=830%2C450&ssl=1&resize=525%2C300 1.5x, https:\/\/i0.wp.com\/noticiasribeiraopreto.com.br\/wp-content\/uploads\/2023\/12\/agentesaude-830x450.jpg?fit=830%2C450&ssl=1&resize=700%2C400 2x"},"classes":[]},{"id":69407,"url":"https:\/\/noticiasribeiraopreto.com.br\/index.php\/2025\/05\/05\/jornal-da-franca-adolescentes-com-pior-saude-mental-passam-mais-tempo-nas-redes-sociais\/","url_meta":{"origin":38401,"position":4},"title":"Jornal da Franca &#8211; Adolescentes com pior sa\u00fade mental passam mais tempo nas redes sociais","author":"noticiasribeiraopreto.com.br","date":"5 de May de 2025","format":false,"excerpt":"compartilhar no whatsapp compartilhar no telegram compartilhar no facebook compartilhar no linkedin Novo estudo mostra tamb\u00e9m menor satisfa\u00e7\u00e3o com o n\u00famero de amigos nas m\u00eddias sociais, em compara\u00e7\u00e3o com adolescentes sem condi\u00e7\u00f5es de sa\u00fade mental Adolescentes com pior sa\u00fade mental s\u00e3o os que mais usam as redes sociais \u2013 foto\u2026","rel":"","context":"In &quot;Not\u00edcias de Franca-SP&quot;","block_context":{"text":"Not\u00edcias de Franca-SP","link":"https:\/\/noticiasribeiraopreto.com.br\/index.php\/category\/noticias-de-ribeirao-preto-sp-e-regiao-ismael-colosi\/noticias-franca-sp\/"},"img":{"alt_text":"","src":"https:\/\/i0.wp.com\/noticiasribeiraopreto.com.br\/wp-content\/uploads\/2025\/05\/adolescente-com-celular.jpg?fit=1200%2C675&ssl=1&resize=350%2C200","width":350,"height":200,"srcset":"https:\/\/i0.wp.com\/noticiasribeiraopreto.com.br\/wp-content\/uploads\/2025\/05\/adolescente-com-celular.jpg?fit=1200%2C675&ssl=1&resize=350%2C200 1x, https:\/\/i0.wp.com\/noticiasribeiraopreto.com.br\/wp-content\/uploads\/2025\/05\/adolescente-com-celular.jpg?fit=1200%2C675&ssl=1&resize=525%2C300 1.5x, https:\/\/i0.wp.com\/noticiasribeiraopreto.com.br\/wp-content\/uploads\/2025\/05\/adolescente-com-celular.jpg?fit=1200%2C675&ssl=1&resize=700%2C400 2x, https:\/\/i0.wp.com\/noticiasribeiraopreto.com.br\/wp-content\/uploads\/2025\/05\/adolescente-com-celular.jpg?fit=1200%2C675&ssl=1&resize=1050%2C600 3x"},"classes":[]},{"id":60066,"url":"https:\/\/noticiasribeiraopreto.com.br\/index.php\/2024\/11\/05\/ricardo-silva-anuncia-equipe-de-transicao-com-especialistas-da-usp-para-estruturar-nova-gestao-em-ribeirao-preto\/","url_meta":{"origin":38401,"position":5},"title":"Ricardo Silva Anuncia Equipe de Transi\u00e7\u00e3o com Especialistas da USP para Estruturar Nova Gest\u00e3o em Ribeir\u00e3o Preto","author":"noticiasribeiraopreto.com.br","date":"5 de November de 2024","format":false,"excerpt":"O prefeito eleito de Ribeir\u00e3o Preto, Ricardo Silva, anunciou recentemente os integrantes da equipe de transi\u00e7\u00e3o de seu governo, que ser\u00e1 formada por especialistas ligados \u00e0 Universidade de S\u00e3o Paulo (USP) e outras institui\u00e7\u00f5es acad\u00eamicas renomadas. Essa escolha refor\u00e7a a promessa de uma gest\u00e3o t\u00e9cnica e qualificada, com foco em\u2026","rel":"","context":"In &quot;Not\u00edcias de Ribeir\u00e3o Preto-SP e Regi\u00e3o&quot;","block_context":{"text":"Not\u00edcias de Ribeir\u00e3o Preto-SP e Regi\u00e3o","link":"https:\/\/noticiasribeiraopreto.com.br\/index.php\/category\/noticias-de-ribeirao-preto-sp-e-regiao-ismael-colosi\/"},"img":{"alt_text":"","src":"https:\/\/i0.wp.com\/noticiasribeiraopreto.com.br\/wp-content\/uploads\/2024\/11\/ricardo-silva-12jul-2023-848x477-1.jpg?fit=848%2C477&ssl=1&resize=350%2C200","width":350,"height":200,"srcset":"https:\/\/i0.wp.com\/noticiasribeiraopreto.com.br\/wp-content\/uploads\/2024\/11\/ricardo-silva-12jul-2023-848x477-1.jpg?fit=848%2C477&ssl=1&resize=350%2C200 1x, https:\/\/i0.wp.com\/noticiasribeiraopreto.com.br\/wp-content\/uploads\/2024\/11\/ricardo-silva-12jul-2023-848x477-1.jpg?fit=848%2C477&ssl=1&resize=525%2C300 1.5x, https:\/\/i0.wp.com\/noticiasribeiraopreto.com.br\/wp-content\/uploads\/2024\/11\/ricardo-silva-12jul-2023-848x477-1.jpg?fit=848%2C477&ssl=1&resize=700%2C400 2x"},"classes":[]}],"jetpack_sharing_enabled":true,"jetpack_shortlink":"https:\/\/wp.me\/peQAOb-9Zn","_links":{"self":[{"href":"https:\/\/noticiasribeiraopreto.com.br\/index.php\/wp-json\/wp\/v2\/posts\/38401","targetHints":{"allow":["GET"]}}],"collection":[{"href":"https:\/\/noticiasribeiraopreto.com.br\/index.php\/wp-json\/wp\/v2\/posts"}],"about":[{"href":"https:\/\/noticiasribeiraopreto.com.br\/index.php\/wp-json\/wp\/v2\/types\/post"}],"author":[{"embeddable":true,"href":"https:\/\/noticiasribeiraopreto.com.br\/index.php\/wp-json\/wp\/v2\/users\/1"}],"replies":[{"embeddable":true,"href":"https:\/\/noticiasribeiraopreto.com.br\/index.php\/wp-json\/wp\/v2\/comments?post=38401"}],"version-history":[{"count":0,"href":"https:\/\/noticiasribeiraopreto.com.br\/index.php\/wp-json\/wp\/v2\/posts\/38401\/revisions"}],"wp:featuredmedia":[{"embeddable":true,"href":"https:\/\/noticiasribeiraopreto.com.br\/index.php\/wp-json\/wp\/v2\/media\/38402"}],"wp:attachment":[{"href":"https:\/\/noticiasribeiraopreto.com.br\/index.php\/wp-json\/wp\/v2\/media?parent=38401"}],"wp:term":[{"taxonomy":"category","embeddable":true,"href":"https:\/\/noticiasribeiraopreto.com.br\/index.php\/wp-json\/wp\/v2\/categories?post=38401"},{"taxonomy":"post_tag","embeddable":true,"href":"https:\/\/noticiasribeiraopreto.com.br\/index.php\/wp-json\/wp\/v2\/tags?post=38401"}],"curies":[{"name":"wp","href":"https:\/\/api.w.org\/{rel}","templated":true}]}}