{"id":38411,"date":"2024-02-19T22:05:41","date_gmt":"2024-02-20T01:05:41","guid":{"rendered":"https:\/\/noticiasribeiraopreto.com.br\/index.php\/2024\/02\/19\/onibus-do-transporte-publico-se-envolve-em-acidente-na-zona-norte-de-ribeirao-veja-o-video\/"},"modified":"2024-02-19T22:05:41","modified_gmt":"2024-02-20T01:05:41","slug":"onibus-do-transporte-publico-se-envolve-em-acidente-na-zona-norte-de-ribeirao-veja-o-video","status":"publish","type":"post","link":"https:\/\/noticiasribeiraopreto.com.br\/index.php\/2024\/02\/19\/onibus-do-transporte-publico-se-envolve-em-acidente-na-zona-norte-de-ribeirao-veja-o-video\/","title":{"rendered":"\u00d4nibus do transporte p\u00fablico se envolve em acidente na zona Norte de Ribeir\u00e3o; Veja o v\u00eddeo"},"content":{"rendered":"<div class='code-block code-block-1' style='margin: 8px 0 8px auto; text-align: right; display: block; clear: both;'>\n<p><a href=\"https:\/\/wa.link\/vpicfd\"><img data-recalc-dims=\"1\" class=\"wp-image-4922\" style=\"aspect-ratio: 2.0253164556962027; width: 561px; height: auto;\" src=\"https:\/\/i0.wp.com\/ismaelcolosi.com.br\/wp-content\/uploads\/2023\/11\/grupo-de-empregos-whatsapp-e-facebook-ismael-colosi-vagas.jpg?ssl=1\" alt=\"\" \/><\/a><\/p>\n<!-- \/wp:image -->\n<\/div>\n<p> <br \/>\n<\/p>\n<div data-td-block-uid=\"tdi_102\">\n<div class=\"tdb-block-inner td-fix-index\">\n<p>Um<strong> \u00f4nibus do transporte p\u00fablico de Ribeir\u00e3o Preto<\/strong> se envolveu em um<strong> acidente de tr\u00e2nsito com outro carro<\/strong>, na tarde desta segunda-feira (19), na rua Fernando de Lazari, no bairro Quintino Facci I, <strong>zona Norte da cidade.<\/strong><\/p>\n<p><mark style=\"background-color:#fcb900\" class=\"has-inline-color\">Uma c\u00e2mera de seguran\u00e7a flagrou o momento do acidente \u2013 veja o v\u00eddeo abaixo.<\/mark> O \u00f4nibus da <strong>linha 902 \u2013 Norte\/Sul<\/strong> seguia pela via quando foi atingido por um <strong>carro da empresa Ambev<\/strong> que vinha pela rua Campinas e acertou a lateral do autom\u00f3vel.<\/p>\n<p>Nas imagens \u00e9 poss\u00edvel observar que, <strong>devido ao impacto da colis\u00e3o<\/strong>, o \u00f4nibus que faz parte da nova frota de <strong>Ribeir\u00e3o Preto<\/strong>, acabou <strong>derramando combust\u00edvel no local<\/strong>. <mark style=\"background-color:#fcb900\" class=\"has-inline-color\">Apesar do susto, ningu\u00e9m ficou ferido.<\/mark><\/p>\n<p>Em nota, a <strong>Pr\u00f3Urbano <\/strong>confirmou o acidente e informou que \u201ccoletivo seguia pela preferencial quando o carro de passeio n\u00e3o respeitou a sinaliza\u00e7\u00e3o no cruzamento\u201d. J\u00e1 a <strong>Ambev <\/strong>disse que apura o caso de forma interna.<\/p>\n<blockquote class=\"twitter-tweet\" data-media-max-width=\"560\">\n<p lang=\"pt\" dir=\"ltr\">Um \u00f4nibus do transporte p\u00fablico de Ribeir\u00e3o Preto se envolveu em um acidente de tr\u00e2nsito com outro carro, na tarde desta segunda-feira (19), na zona Norte da cidade. Saiba mais em: <a href=\"https:\/\/t.co\/iGynbiHnSr\">https:\/\/t.co\/iGynbiHnSr<\/a> <a href=\"https:\/\/t.co\/at35B04gFY\">pic.twitter.com\/at35B04gFY<\/a><\/p>\n<p>\u2014 acidade on Ribeir\u00e3o e Regi\u00e3o (@acidadeonrp) <a href=\"https:\/\/twitter.com\/acidadeonrp\/status\/1759732262428406101?ref_src=twsrc%5Etfw\">February 20, 2024<\/a><\/p><\/blockquote>\n<p>SAIBA MAIS<\/p>\n<p>Ribeir\u00e3o tem mais de mil bolsas de estudo 100% gratuitas em cursos t\u00e9cnicos e livres<\/p>\n<h4 class=\"wp-block-heading\"><strong><mark style=\"background-color:#fcb900\" class=\"has-inline-color\">FIQUE ON<\/mark><\/strong><\/h4>\n<p>Fique ligado em tudo que acontece em Ribeir\u00e3o Preto e regi\u00e3o. Siga os perfis do<strong>\u00a0acidade on\u00a0<\/strong>no\u00a0<a href=\"https:\/\/www.instagram.com\/acidadeonribeirao\" target=\"_blank\" rel=\"noreferrer noopener\">Instagram<\/a>\u00a0e no\u00a0<a href=\"https:\/\/www.facebook.com\/acidadeonribeirao\" target=\"_blank\" rel=\"noreferrer noopener\">Facebook<\/a>.<\/p>\n<p>Receba not\u00edcias do<strong>\u00a0acidade on<\/strong>\u00a0no WhatsApp.\u00a0<a href=\"https:\/\/chat.whatsapp.com\/Bnv2w66ZT4VDyZW3oiZ69n\" target=\"_blank\" rel=\"noreferrer noopener\">Para entrar no grupo, basta clicar aqui.<\/a><\/p>\n<p>Fa\u00e7a uma den\u00fancia ou sugira uma reportagem sobre Ribeir\u00e3o Preto e regi\u00e3o pelo WhatsApp: 16 99117 7802.<\/p>\n<p>VEJA TAMB\u00c9M<\/p>\n<p>Escondidinho de bacalhau para a Quaresma; veja como fazer<\/p>\n<p><!-- AI CONTENT END 1 -->\n<\/div>\n<\/div>\n<p><script async src=\"\/\/platform.twitter.com\/widgets.js\" charset=\"utf-8\"><\/script><script async src=\"\/\/www.instagram.com\/embed.js\"><\/script><br \/>\n<br \/><br \/>\n<br \/><a href=\"https:\/\/www.acidadeon.com\/ribeiraopreto\/cotidiano\/onibus-do-transporte-publico-se-envolve-em-acidente-na-zona-norte-de-ribeirao-veja-o-video\/\">Source link <\/a><\/p>\n<!-- CONTENT END 1 -->\n","protected":false},"excerpt":{"rendered":"<p>Um \u00f4nibus do transporte p\u00fablico de Ribeir\u00e3o Preto se envolveu em um acidente de tr\u00e2nsito com outro carro, na tarde desta segunda-feira (19), na rua&#8230;<\/p>\n","protected":false},"author":1,"featured_media":38412,"comment_status":"open","ping_status":"open","sticky":false,"template":"","format":"standard","meta":{"advanced_seo_description":"","jetpack_seo_html_title":"","jetpack_seo_noindex":false,"jetpack_post_was_ever_published":false,"_jetpack_newsletter_access":"","_jetpack_dont_email_post_to_subs":false,"_jetpack_newsletter_tier_id":0,"_jetpack_memberships_contains_paywalled_content":false,"_jetpack_memberships_contains_paid_content":false,"footnotes":"","jetpack_publicize_message":"","jetpack_publicize_feature_enabled":true,"jetpack_social_post_already_shared":true,"jetpack_social_options":{"image_generator_settings":{"template":"highway","default_image_id":0,"font":"","enabled":false},"version":2}},"categories":[11],"tags":[],"class_list":["post-38411","post","type-post","status-publish","format-standard","has-post-thumbnail","hentry","category-noticias-de-ribeirao-preto-sp-e-regiao-ismael-colosi"],"jetpack_publicize_connections":[],"jetpack_featured_media_url":"https:\/\/i0.wp.com\/noticiasribeiraopreto.com.br\/wp-content\/uploads\/2024\/02\/WhatsApp-Image-2024-02-19-at-21.12.08.jpeg?fit=750%2C420&ssl=1","jetpack-related-posts":[{"id":41542,"url":"https:\/\/noticiasribeiraopreto.com.br\/index.php\/2024\/03\/08\/carro-e-onibus-se-envolvem-em-acidente-na-zona-leste-de-ribeirao-veja-o-video\/","url_meta":{"origin":38411,"position":0},"title":"Carro e \u00f4nibus se envolvem em acidente na zona Leste de Ribeir\u00e3o; Veja o v\u00eddeo","author":"noticiasribeiraopreto.com.br","date":"8 de March de 2024","format":false,"excerpt":"Um \u00f4nibus e um carro se envolveram em um acidente de tr\u00e2nsito na tarde desta sexta-feira (8), no cruzamento da avenida Dr. Pl\u00ednio de Castro Prado com a rua Alexandre Gomes de Abreu, zona Leste de Ribeir\u00e3o Preto. Imagens de uma c\u00e2mera de seguran\u00e7a flagraram o momento da colis\u00e3o \u2013\u2026","rel":"","context":"In &quot;Not\u00edcias de Ribeir\u00e3o Preto-SP e Regi\u00e3o&quot;","block_context":{"text":"Not\u00edcias de Ribeir\u00e3o Preto-SP e Regi\u00e3o","link":"https:\/\/noticiasribeiraopreto.com.br\/index.php\/category\/noticias-de-ribeirao-preto-sp-e-regiao-ismael-colosi\/"},"img":{"alt_text":"","src":"https:\/\/i0.wp.com\/noticiasribeiraopreto.com.br\/wp-content\/uploads\/2024\/03\/Copia-de-Copia-de-TAMANHO-EXATO-PARA-FOTOS-NO-SISTEMA-NOVO-9.jpg?fit=1200%2C675&ssl=1&resize=350%2C200","width":350,"height":200,"srcset":"https:\/\/i0.wp.com\/noticiasribeiraopreto.com.br\/wp-content\/uploads\/2024\/03\/Copia-de-Copia-de-TAMANHO-EXATO-PARA-FOTOS-NO-SISTEMA-NOVO-9.jpg?fit=1200%2C675&ssl=1&resize=350%2C200 1x, https:\/\/i0.wp.com\/noticiasribeiraopreto.com.br\/wp-content\/uploads\/2024\/03\/Copia-de-Copia-de-TAMANHO-EXATO-PARA-FOTOS-NO-SISTEMA-NOVO-9.jpg?fit=1200%2C675&ssl=1&resize=525%2C300 1.5x, https:\/\/i0.wp.com\/noticiasribeiraopreto.com.br\/wp-content\/uploads\/2024\/03\/Copia-de-Copia-de-TAMANHO-EXATO-PARA-FOTOS-NO-SISTEMA-NOVO-9.jpg?fit=1200%2C675&ssl=1&resize=700%2C400 2x, https:\/\/i0.wp.com\/noticiasribeiraopreto.com.br\/wp-content\/uploads\/2024\/03\/Copia-de-Copia-de-TAMANHO-EXATO-PARA-FOTOS-NO-SISTEMA-NOVO-9.jpg?fit=1200%2C675&ssl=1&resize=1050%2C600 3x"},"classes":[]},{"id":57019,"url":"https:\/\/noticiasribeiraopreto.com.br\/index.php\/2024\/08\/21\/onibus-do-transporte-publico-e-apedrejado-na-zona-norte-de-ribeirao-preto\/","url_meta":{"origin":38411,"position":1},"title":"\u00d4nibus do transporte p\u00fablico \u00e9 apedrejado na zona Norte de Ribeir\u00e3o Preto","author":"noticiasribeiraopreto.com.br","date":"21 de August de 2024","format":false,"excerpt":"Um \u00f4nibus do transporte p\u00fablico foi alvo de pedradas na noite desta ter\u00e7a-feira (20), no bairro Geraldo Correia de Carvalho, zona norte de Ribeir\u00e3o Preto. Segundo o boletim de ocorr\u00eancia (BO), o motorista disse que passava pela rua Padre Bento Dias Pacheco, quando ocorreu o ataque. Ele tamb\u00e9m relatou que\u2026","rel":"","context":"In &quot;Not\u00edcias de Ribeir\u00e3o Preto-SP e Regi\u00e3o&quot;","block_context":{"text":"Not\u00edcias de Ribeir\u00e3o Preto-SP e Regi\u00e3o","link":"https:\/\/noticiasribeiraopreto.com.br\/index.php\/category\/noticias-de-ribeirao-preto-sp-e-regiao-ismael-colosi\/"},"img":{"alt_text":"","src":"https:\/\/i0.wp.com\/noticiasribeiraopreto.com.br\/wp-content\/uploads\/2024\/05\/Copia-de-Copia-de-TAMANHO-EXATO-PARA-FOTOS-NO-SISTEMA-NOVO-35_2024-05-23_16-30-22_jpg_2024-05-23_16-30-22.webp.webp?fit=1200%2C675&ssl=1&resize=350%2C200","width":350,"height":200,"srcset":"https:\/\/i0.wp.com\/noticiasribeiraopreto.com.br\/wp-content\/uploads\/2024\/05\/Copia-de-Copia-de-TAMANHO-EXATO-PARA-FOTOS-NO-SISTEMA-NOVO-35_2024-05-23_16-30-22_jpg_2024-05-23_16-30-22.webp.webp?fit=1200%2C675&ssl=1&resize=350%2C200 1x, https:\/\/i0.wp.com\/noticiasribeiraopreto.com.br\/wp-content\/uploads\/2024\/05\/Copia-de-Copia-de-TAMANHO-EXATO-PARA-FOTOS-NO-SISTEMA-NOVO-35_2024-05-23_16-30-22_jpg_2024-05-23_16-30-22.webp.webp?fit=1200%2C675&ssl=1&resize=525%2C300 1.5x, https:\/\/i0.wp.com\/noticiasribeiraopreto.com.br\/wp-content\/uploads\/2024\/05\/Copia-de-Copia-de-TAMANHO-EXATO-PARA-FOTOS-NO-SISTEMA-NOVO-35_2024-05-23_16-30-22_jpg_2024-05-23_16-30-22.webp.webp?fit=1200%2C675&ssl=1&resize=700%2C400 2x, https:\/\/i0.wp.com\/noticiasribeiraopreto.com.br\/wp-content\/uploads\/2024\/05\/Copia-de-Copia-de-TAMANHO-EXATO-PARA-FOTOS-NO-SISTEMA-NOVO-35_2024-05-23_16-30-22_jpg_2024-05-23_16-30-22.webp.webp?fit=1200%2C675&ssl=1&resize=1050%2C600 3x"},"classes":[]},{"id":10618,"url":"https:\/\/noticiasribeiraopreto.com.br\/index.php\/2023\/12\/04\/jovens-se-arriscam-pegando-rabeira-em-onibus-na-zona-norte-de-ribeirao-preto\/","url_meta":{"origin":38411,"position":2},"title":"Jovens se arriscam pegando rabeira em \u00f4nibus na zona Norte de Ribeir\u00e3o; Veja o v\u00eddeo","author":"noticiasribeiraopreto.com.br","date":"4 de December de 2023","format":false,"excerpt":"Quatro jovens foram flagrados pegando rabeira em um \u00f4nibus do transporte coletivo, na manh\u00e3 desta segunda-feira (4), na rua Javari, zona Norte de Ribeir\u00e3o Preto. Veja o v\u00eddeo abaixo. A cena chamou a aten\u00e7\u00e3o de quem passava pelo local, pois dois adolescentes estavam agarrados nas lanternas traseiras do ve\u00edculo, enquanto\u2026","rel":"","context":"In &quot;Not\u00edcias de Ribeir\u00e3o Preto-SP e Regi\u00e3o&quot;","block_context":{"text":"Not\u00edcias de Ribeir\u00e3o Preto-SP e Regi\u00e3o","link":"https:\/\/noticiasribeiraopreto.com.br\/index.php\/category\/noticias-de-ribeirao-preto-sp-e-regiao-ismael-colosi\/"},"img":{"alt_text":"","src":"https:\/\/i0.wp.com\/noticiasribeiraopreto.com.br\/wp-content\/uploads\/2023\/12\/Copia-de-Copia-de-TAMANHO-EXATO-PARA-FOTOS-NO-SISTEMA-NOVO-8.png?fit=1200%2C675&ssl=1&resize=350%2C200","width":350,"height":200,"srcset":"https:\/\/i0.wp.com\/noticiasribeiraopreto.com.br\/wp-content\/uploads\/2023\/12\/Copia-de-Copia-de-TAMANHO-EXATO-PARA-FOTOS-NO-SISTEMA-NOVO-8.png?fit=1200%2C675&ssl=1&resize=350%2C200 1x, https:\/\/i0.wp.com\/noticiasribeiraopreto.com.br\/wp-content\/uploads\/2023\/12\/Copia-de-Copia-de-TAMANHO-EXATO-PARA-FOTOS-NO-SISTEMA-NOVO-8.png?fit=1200%2C675&ssl=1&resize=525%2C300 1.5x, https:\/\/i0.wp.com\/noticiasribeiraopreto.com.br\/wp-content\/uploads\/2023\/12\/Copia-de-Copia-de-TAMANHO-EXATO-PARA-FOTOS-NO-SISTEMA-NOVO-8.png?fit=1200%2C675&ssl=1&resize=700%2C400 2x, https:\/\/i0.wp.com\/noticiasribeiraopreto.com.br\/wp-content\/uploads\/2023\/12\/Copia-de-Copia-de-TAMANHO-EXATO-PARA-FOTOS-NO-SISTEMA-NOVO-8.png?fit=1200%2C675&ssl=1&resize=1050%2C600 3x"},"classes":[]},{"id":82128,"url":"https:\/\/noticiasribeiraopreto.com.br\/index.php\/2026\/02\/04\/video-carro-atinge-traseira-de-onibus-em-rp\/","url_meta":{"origin":38411,"position":3},"title":"V\u00cdDEO &#8211; Carro atinge traseira de \u00f4nibus em RP","author":"noticiasribeiraopreto.com.br","date":"4 de February de 2026","format":false,"excerpt":"\r Imagens de c\u00e2mera de seguran\u00e7a mostram que a colis\u00e3o foi violenta e n\u00e3o h\u00e1 ind\u00edcios de que o condutor do carro tenha freado\r \r 4 de fevereiro de 2026 17:204 de fevereiro de 2026 17:23 \r Compartilhar2 Por: Adalberto Luque Uma c\u00e2mera de seguran\u00e7a registrou o momento em que\u2026","rel":"","context":"In &quot;Not\u00edcias de Ribeir\u00e3o Preto-SP e Regi\u00e3o&quot;","block_context":{"text":"Not\u00edcias de Ribeir\u00e3o Preto-SP e Regi\u00e3o","link":"https:\/\/noticiasribeiraopreto.com.br\/index.php\/category\/noticias-de-ribeirao-preto-sp-e-regiao-ismael-colosi\/"},"img":{"alt_text":"","src":"https:\/\/i0.wp.com\/noticiasribeiraopreto.com.br\/wp-content\/uploads\/2026\/02\/04-fev-2026-acidentevianorte0-scaled.jpg?fit=1200%2C675&ssl=1&resize=350%2C200","width":350,"height":200,"srcset":"https:\/\/i0.wp.com\/noticiasribeiraopreto.com.br\/wp-content\/uploads\/2026\/02\/04-fev-2026-acidentevianorte0-scaled.jpg?fit=1200%2C675&ssl=1&resize=350%2C200 1x, https:\/\/i0.wp.com\/noticiasribeiraopreto.com.br\/wp-content\/uploads\/2026\/02\/04-fev-2026-acidentevianorte0-scaled.jpg?fit=1200%2C675&ssl=1&resize=525%2C300 1.5x, https:\/\/i0.wp.com\/noticiasribeiraopreto.com.br\/wp-content\/uploads\/2026\/02\/04-fev-2026-acidentevianorte0-scaled.jpg?fit=1200%2C675&ssl=1&resize=700%2C400 2x, https:\/\/i0.wp.com\/noticiasribeiraopreto.com.br\/wp-content\/uploads\/2026\/02\/04-fev-2026-acidentevianorte0-scaled.jpg?fit=1200%2C675&ssl=1&resize=1050%2C600 3x"},"classes":[]},{"id":60272,"url":"https:\/\/noticiasribeiraopreto.com.br\/index.php\/2024\/11\/09\/video-mae-e-filho-ficam-feridos-apos-carro-bater-em-onibus-e-barbearia-em-ribeirao\/","url_meta":{"origin":38411,"position":4},"title":"V\u00eddeo: M\u00e3e e filho ficam feridos ap\u00f3s carro bater em \u00f4nibus e barbearia em Ribeir\u00e3o","author":"noticiasribeiraopreto.com.br","date":"9 de November de 2024","format":false,"excerpt":"Uma c\u00e2mera de seguran\u00e7a registrou a batida que envolveu um carro e um \u00f4nibus do transporte coletivo no in\u00edcio da noite desta sexta-feira (8), no bairro Ipiranga, zona Norte de Ribeir\u00e3o Preto. A motorista do carro e o filho, de 4 anos, foram socorridos. Assista ao v\u00eddeo abaixo. A colis\u00e3o\u2026","rel":"","context":"In &quot;Not\u00edcias de Ribeir\u00e3o Preto-SP e Regi\u00e3o&quot;","block_context":{"text":"Not\u00edcias de Ribeir\u00e3o Preto-SP e Regi\u00e3o","link":"https:\/\/noticiasribeiraopreto.com.br\/index.php\/category\/noticias-de-ribeirao-preto-sp-e-regiao-ismael-colosi\/"},"img":{"alt_text":"","src":"https:\/\/i0.wp.com\/noticiasribeiraopreto.com.br\/wp-content\/uploads\/2024\/11\/Copia-de-Copia-de-Copia-de-TAMANHO-EXATO-PARA-FOTOS-NO-SISTEMA-NOVO-80_2024-11-08_23-54-50_png_2024-11-08_23-54-50.webp.webp?fit=1200%2C675&ssl=1&resize=350%2C200","width":350,"height":200,"srcset":"https:\/\/i0.wp.com\/noticiasribeiraopreto.com.br\/wp-content\/uploads\/2024\/11\/Copia-de-Copia-de-Copia-de-TAMANHO-EXATO-PARA-FOTOS-NO-SISTEMA-NOVO-80_2024-11-08_23-54-50_png_2024-11-08_23-54-50.webp.webp?fit=1200%2C675&ssl=1&resize=350%2C200 1x, https:\/\/i0.wp.com\/noticiasribeiraopreto.com.br\/wp-content\/uploads\/2024\/11\/Copia-de-Copia-de-Copia-de-TAMANHO-EXATO-PARA-FOTOS-NO-SISTEMA-NOVO-80_2024-11-08_23-54-50_png_2024-11-08_23-54-50.webp.webp?fit=1200%2C675&ssl=1&resize=525%2C300 1.5x, https:\/\/i0.wp.com\/noticiasribeiraopreto.com.br\/wp-content\/uploads\/2024\/11\/Copia-de-Copia-de-Copia-de-TAMANHO-EXATO-PARA-FOTOS-NO-SISTEMA-NOVO-80_2024-11-08_23-54-50_png_2024-11-08_23-54-50.webp.webp?fit=1200%2C675&ssl=1&resize=700%2C400 2x, https:\/\/i0.wp.com\/noticiasribeiraopreto.com.br\/wp-content\/uploads\/2024\/11\/Copia-de-Copia-de-Copia-de-TAMANHO-EXATO-PARA-FOTOS-NO-SISTEMA-NOVO-80_2024-11-08_23-54-50_png_2024-11-08_23-54-50.webp.webp?fit=1200%2C675&ssl=1&resize=1050%2C600 3x"},"classes":[]},{"id":82122,"url":"https:\/\/noticiasribeiraopreto.com.br\/index.php\/2026\/02\/04\/motorista-fica-ferido-preso-as-ferragens-apos-bater-em-onibus\/","url_meta":{"origin":38411,"position":5},"title":"Motorista fica ferido preso \u00e0s ferragens ap\u00f3s bater em \u00f4nibus","author":"noticiasribeiraopreto.com.br","date":"4 de February de 2026","format":false,"excerpt":"\r Condutor do carro precisou ser retirado das ferragens e foi levado para hospital; estado de sa\u00fade da v\u00edtima n\u00e3o foi informado\r \r 4 de fevereiro de 2026 12:424 de fevereiro de 2026 12:45 \r Compartilhar1 Por: Adalberto Luque \u2013 Um motorista de 37 anos ficou ferido, no final da\u2026","rel":"","context":"In &quot;Not\u00edcias de Ribeir\u00e3o Preto-SP e Regi\u00e3o&quot;","block_context":{"text":"Not\u00edcias de Ribeir\u00e3o Preto-SP e Regi\u00e3o","link":"https:\/\/noticiasribeiraopreto.com.br\/index.php\/category\/noticias-de-ribeirao-preto-sp-e-regiao-ismael-colosi\/"},"img":{"alt_text":"","src":"https:\/\/i0.wp.com\/noticiasribeiraopreto.com.br\/wp-content\/uploads\/2026\/02\/04-fev-2026-acidentevianorte1-scaled.jpg?fit=1040%2C780&ssl=1&resize=350%2C200","width":350,"height":200,"srcset":"https:\/\/i0.wp.com\/noticiasribeiraopreto.com.br\/wp-content\/uploads\/2026\/02\/04-fev-2026-acidentevianorte1-scaled.jpg?fit=1040%2C780&ssl=1&resize=350%2C200 1x, https:\/\/i0.wp.com\/noticiasribeiraopreto.com.br\/wp-content\/uploads\/2026\/02\/04-fev-2026-acidentevianorte1-scaled.jpg?fit=1040%2C780&ssl=1&resize=525%2C300 1.5x, https:\/\/i0.wp.com\/noticiasribeiraopreto.com.br\/wp-content\/uploads\/2026\/02\/04-fev-2026-acidentevianorte1-scaled.jpg?fit=1040%2C780&ssl=1&resize=700%2C400 2x"},"classes":[]}],"jetpack_sharing_enabled":true,"jetpack_shortlink":"https:\/\/wp.me\/peQAOb-9Zx","_links":{"self":[{"href":"https:\/\/noticiasribeiraopreto.com.br\/index.php\/wp-json\/wp\/v2\/posts\/38411","targetHints":{"allow":["GET"]}}],"collection":[{"href":"https:\/\/noticiasribeiraopreto.com.br\/index.php\/wp-json\/wp\/v2\/posts"}],"about":[{"href":"https:\/\/noticiasribeiraopreto.com.br\/index.php\/wp-json\/wp\/v2\/types\/post"}],"author":[{"embeddable":true,"href":"https:\/\/noticiasribeiraopreto.com.br\/index.php\/wp-json\/wp\/v2\/users\/1"}],"replies":[{"embeddable":true,"href":"https:\/\/noticiasribeiraopreto.com.br\/index.php\/wp-json\/wp\/v2\/comments?post=38411"}],"version-history":[{"count":0,"href":"https:\/\/noticiasribeiraopreto.com.br\/index.php\/wp-json\/wp\/v2\/posts\/38411\/revisions"}],"wp:featuredmedia":[{"embeddable":true,"href":"https:\/\/noticiasribeiraopreto.com.br\/index.php\/wp-json\/wp\/v2\/media\/38412"}],"wp:attachment":[{"href":"https:\/\/noticiasribeiraopreto.com.br\/index.php\/wp-json\/wp\/v2\/media?parent=38411"}],"wp:term":[{"taxonomy":"category","embeddable":true,"href":"https:\/\/noticiasribeiraopreto.com.br\/index.php\/wp-json\/wp\/v2\/categories?post=38411"},{"taxonomy":"post_tag","embeddable":true,"href":"https:\/\/noticiasribeiraopreto.com.br\/index.php\/wp-json\/wp\/v2\/tags?post=38411"}],"curies":[{"name":"wp","href":"https:\/\/api.w.org\/{rel}","templated":true}]}}