{"id":38442,"date":"2024-02-20T00:42:01","date_gmt":"2024-02-20T03:42:01","guid":{"rendered":"https:\/\/noticiasribeiraopreto.com.br\/index.php\/2024\/02\/20\/prazo-para-adesao-ao-programa-pe-de-meia-termina-no-proximo-domingo\/"},"modified":"2024-02-20T00:42:01","modified_gmt":"2024-02-20T03:42:01","slug":"prazo-para-adesao-ao-programa-pe-de-meia-termina-no-proximo-domingo","status":"publish","type":"post","link":"https:\/\/noticiasribeiraopreto.com.br\/index.php\/2024\/02\/20\/prazo-para-adesao-ao-programa-pe-de-meia-termina-no-proximo-domingo\/","title":{"rendered":"Prazo para ades\u00e3o ao Programa P\u00e9-de-Meia termina no pr\u00f3ximo domingo"},"content":{"rendered":"<div class='code-block code-block-1' style='margin: 8px 0 8px auto; text-align: right; display: block; clear: both;'>\n<p><a href=\"https:\/\/wa.link\/vpicfd\"><img data-recalc-dims=\"1\" class=\"wp-image-4922\" style=\"aspect-ratio: 2.0253164556962027; width: 561px; height: auto;\" src=\"https:\/\/i0.wp.com\/ismaelcolosi.com.br\/wp-content\/uploads\/2023\/11\/grupo-de-empregos-whatsapp-e-facebook-ismael-colosi-vagas.jpg?ssl=1\" alt=\"\" \/><\/a><\/p>\n<!-- \/wp:image -->\n<\/div>\n<p> <br \/>\n<\/p>\n<div id=\"\">\n<p> <span class=\"entry-meta-item penci-posted-on\"><i class=\"fa fa-clock-o\"\/><time class=\"entry-date published\" datetime=\"2024-02-19T14:00:59-03:00\">19 de fevereiro de 2024 | 14:00<\/time><time class=\"updated\" datetime=\"2024-02-19T10:44:59-03:00\">19 de fevereiro de 2024 | 10:44<\/time><\/span><\/p>\n<p> <span class=\"penci-social-buttons penci-social-share-footer\"><a href=\"#\" class=\"penci-post-like penci_post-meta_item  single-like-button penci-social-item like\" data-post_id=\"374191\" title=\"Like\" data-like=\"Like\" data-unlike=\"Unlike\"><i class=\"fa fa-thumbs-o-up\"\/><span class=\"penci-share-number\">0<\/span><\/a><i class=\"fa fa-facebook\"\/><a class=\"penci-social-item twitter\" target=\"_blank\" rel=\"noopener\" title=\"\" href=\"https:\/\/twitter.com\/intent\/tweet?text=Prazo%20para%20ades\u00e3o%20ao%20Programa%20P\u00e9-de-Meia%20termina%20no%20pr\u00f3ximo%20domingo%20-%20https:\/\/www.tribunaribeirao.com.br\/site\/prazo-para-adesao-ao-programa-pe-de-meia-termina-no-proximo-domingo\/\"><i class=\"fa fa-twitter\"\/><\/a><i class=\"fa fa-whatsapp\"\/><\/span><\/div>\n<div>\n<p>Termina no pr\u00f3ximo domingo (25) o prazo para a assinatura do termo de compromisso das redes federais, estaduais, distrital e municipais com o Programa P\u00e9-de-Meia, institu\u00eddo pelo governo federal como uma esp\u00e9cie de poupan\u00e7a que serve de incentivo para que estudantes de baixa renda concluam o ensino m\u00e9dio.<noscript><img data-recalc-dims=\"1\" decoding=\"async\" src=\"https:\/\/i0.wp.com\/agenciabrasil.ebc.com.br\/ebc.png?ssl=1\"\/><\/noscript><img data-recalc-dims=\"1\" decoding=\"async\" src=\"https:\/\/i0.wp.com\/agenciabrasil.ebc.com.br\/ebc.gif?ssl=1\" class=\"lazyload\"\/><noscript><img data-recalc-dims=\"1\" decoding=\"async\" src=\"https:\/\/i0.wp.com\/agenciabrasil.ebc.com.br\/ebc.gif?ssl=1\"\/><\/noscript><\/p>\n<p>Os procedimentos devem ser feitos pelas secretarias de Educa\u00e7\u00e3o, por meio do m\u00f3dulo P\u00e9-de-Meia do Sistema Integrado de Monitoramento, Execu\u00e7\u00e3o e Controle do Minist\u00e9rio da Educa\u00e7\u00e3o (Simec). Ao assinar o termo, as autoridades indicam quem ser\u00e3o os respons\u00e1veis pelo envio mensal das informa\u00e7\u00f5es dos alunos para o Minist\u00e9rio da Educa\u00e7\u00e3o (MEC).<\/p>\n<p>\u201cSomente os perfis do respectivo secret\u00e1rio estadual e municipal de Educa\u00e7\u00e3o e do reitor das institui\u00e7\u00f5es federais que ofertam ensino m\u00e9dio regular podem acessar o m\u00f3dulo no Simec e fazer a ades\u00e3o\u201d, informa o MEC.<\/p>\n<p>Ser\u00e3o beneficiados jovens de baixa renda regularmente matriculados no ensino m\u00e9dio na rede p\u00fablica e com a fam\u00edlia inscrita no Cadastro \u00danico para Programas Sociais do Governo Federal (Cad\u00danico), com renda per capita mensal igual ou inferior a R$ 218. No caso de educa\u00e7\u00e3o para jovens e adultos, podem receber o benef\u00edcio quem est\u00e1 na faixa et\u00e1ria de 19 a 24 anos.<\/p>\n<p><strong>P\u00e9-de-meia<\/strong> \u2013 O programa oferece quatro tipos de incentivos para os estudantes do ensino m\u00e9dio: incentivo-matr\u00edcula, pago uma vez por ano para aqueles que se matricularem; incentivo-frequ\u00eancia, pago em nove vezes durante o ano para aqueles que frequentarem pelo menos 80% das aulas; incentivo-conclus\u00e3o, pago pela conclus\u00e3o dos anos letivos, para aqueles que forem aprovados, participando das avalia\u00e7\u00f5es; e, o incentivo-Enem, pago uma \u00fanica vez para aqueles que comprovarem a participa\u00e7\u00e3o Enem.<\/p>\n<p>No ato da matr\u00edcula, no in\u00edcio do ano letivo, o estudante do ensino m\u00e9dio receber\u00e1 em sua conta poupan\u00e7a R$ 200. Com a comprova\u00e7\u00e3o de frequ\u00eancia, ele ter\u00e1 direito ao recebimento de R$ 1,8 mil por ano, em nove parcelas de R$ 200.<\/p>\n<p>Assim, o\u00a0<a href=\"https:\/\/agenciabrasil.ebc.com.br\/educacao\/noticia\/2024-01\/ensino-medio-pe-de-meia-dara-dois-mil-alunos-baixa-renda\" target=\"_blank\" rel=\"noopener\">total por ano letivo ser\u00e1 de R$ 2 mil<\/a>. Ao concluir a \u00faltima s\u00e9rie, o aluno receber\u00e1 R$ 3 mil na conta poupan\u00e7a, que equivale a R$ 1 mil por s\u00e9rie. Aqueles que participarem do Enem receber\u00e3o R$ 200. Assim, caso o estudante cumpra todos os requisitos estabelecidos ao longo dos 3 anos, ele ter\u00e1 recebido um total de R$ 9,2 mil.<\/p>\n<p>Os recursos ser\u00e3o depositados em conta em nome do estudante benefici\u00e1rio, de natureza pessoal e intransfer\u00edvel, que poder\u00e1 ser do tipo poupan\u00e7a social digital. Os valores n\u00e3o entrar\u00e3o no c\u00e1lculo para declara\u00e7\u00e3o de renda familiar e recebimento de outros benef\u00edcios, como o Bolsa Fam\u00edlia, por exemplo.<\/p>\n<p>\u201cCom a assinatura do Termo, as redes ofertantes de ensino m\u00e9dio se comprometem a fornecer e compartilhar, com o MEC, as informa\u00e7\u00f5es dos estudantes matriculados nessa etapa de ensino e, quando for o caso, de seus representantes legais. A coopera\u00e7\u00e3o dos sistemas de ensino possibilitar\u00e1 o acesso de seus alunos matriculados ao incentivo financeiro-educacional\u201d, detalhou o minist\u00e9rio.<\/p>\n<\/div>\n<p><script async src=\"\/\/platform.twitter.com\/widgets.js\" charset=\"utf-8\"><\/script><br \/>\n<br \/><br \/>\n<br \/><a href=\"https:\/\/www.tribunaribeirao.com.br\/site\/prazo-para-adesao-ao-programa-pe-de-meia-termina-no-proximo-domingo\/\">Source link <\/a><\/p>\n<!-- CONTENT END 1 -->\n","protected":false},"excerpt":{"rendered":"<p>19 de fevereiro de 2024 | 14:0019 de fevereiro de 2024 | 10:44 0 Termina no pr\u00f3ximo domingo (25) o prazo para a assinatura do&#8230;<\/p>\n","protected":false},"author":1,"featured_media":38443,"comment_status":"open","ping_status":"open","sticky":false,"template":"","format":"standard","meta":{"advanced_seo_description":"","jetpack_seo_html_title":"","jetpack_seo_noindex":false,"jetpack_post_was_ever_published":false,"_jetpack_newsletter_access":"","_jetpack_dont_email_post_to_subs":false,"_jetpack_newsletter_tier_id":0,"_jetpack_memberships_contains_paywalled_content":false,"_jetpack_memberships_contains_paid_content":false,"footnotes":"","jetpack_publicize_message":"","jetpack_publicize_feature_enabled":true,"jetpack_social_post_already_shared":true,"jetpack_social_options":{"image_generator_settings":{"template":"highway","default_image_id":0,"font":"","enabled":false},"version":2}},"categories":[11],"tags":[2519,338,71,3635,183,1071,814,186],"class_list":["post-38442","post","type-post","status-publish","format-standard","has-post-thumbnail","hentry","category-noticias-de-ribeirao-preto-sp-e-regiao-ismael-colosi","tag-adesao","tag-domingo","tag-para","tag-pedemeia","tag-prazo","tag-programa","tag-proximo","tag-termina"],"jetpack_publicize_connections":[],"jetpack_featured_media_url":"https:\/\/i0.wp.com\/noticiasribeiraopreto.com.br\/wp-content\/uploads\/2024\/02\/cederj.jpg?fit=600%2C400&ssl=1","jetpack-related-posts":[{"id":81088,"url":"https:\/\/noticiasribeiraopreto.com.br\/index.php\/2025\/12\/23\/adesao-ao-refis-termina-nesta-terca-feira\/","url_meta":{"origin":38442,"position":0},"title":"Ades\u00e3o ao Refis termina nesta ter\u00e7a-feira","author":"noticiasribeiraopreto.com.br","date":"23 de December de 2025","format":false,"excerpt":"\r \r \r 23 de dezembro de 2025 10:17 \r Compartilhar0 At\u00e9 a semana passada o Programa de Recupera\u00e7\u00e3o Fiscal da prefeitura havia renegociado um total de R$ 18 milh\u00f5es Termina nesta ter\u00e7a-feira, 23 de dezembro, o prazo para os contribuintes de Ribeir\u00e3o Preto, com d\u00edvidas tribut\u00e1rias e n\u00e3o tribut\u00e1rias,\u2026","rel":"","context":"In &quot;Not\u00edcias de Ribeir\u00e3o Preto-SP e Regi\u00e3o&quot;","block_context":{"text":"Not\u00edcias de Ribeir\u00e3o Preto-SP e Regi\u00e3o","link":"https:\/\/noticiasribeiraopreto.com.br\/index.php\/category\/noticias-de-ribeirao-preto-sp-e-regiao-ismael-colosi\/"},"img":{"alt_text":"","src":"https:\/\/i0.wp.com\/noticiasribeiraopreto.com.br\/wp-content\/uploads\/2025\/12\/1-refis.jpg?fit=960%2C640&ssl=1&resize=350%2C200","width":350,"height":200,"srcset":"https:\/\/i0.wp.com\/noticiasribeiraopreto.com.br\/wp-content\/uploads\/2025\/12\/1-refis.jpg?fit=960%2C640&ssl=1&resize=350%2C200 1x, https:\/\/i0.wp.com\/noticiasribeiraopreto.com.br\/wp-content\/uploads\/2025\/12\/1-refis.jpg?fit=960%2C640&ssl=1&resize=525%2C300 1.5x, https:\/\/i0.wp.com\/noticiasribeiraopreto.com.br\/wp-content\/uploads\/2025\/12\/1-refis.jpg?fit=960%2C640&ssl=1&resize=700%2C400 2x"},"classes":[]},{"id":37923,"url":"https:\/\/noticiasribeiraopreto.com.br\/index.php\/2024\/02\/19\/termina-dia-29-prazo-para-envio-de-relatorios-salariais-por-empresas\/","url_meta":{"origin":38442,"position":1},"title":"Termina dia 29 prazo para envio de relat\u00f3rios salariais por empresas","author":"noticiasribeiraopreto.com.br","date":"19 de February de 2024","format":false,"excerpt":"19 de fevereiro de 2024 | 12:0019 de fevereiro de 2024 | 9:09 0Termina no pr\u00f3ximo dia 29, o prazo para que as empresas preencham e enviem o Relat\u00f3rio de Transpar\u00eancia Salarial e de Crit\u00e9rios Remunerat\u00f3rios do primeiro semestre de 2024, no\u00a0Portal Emprega Brasil, do Minist\u00e9rio do Trabalho e Emprego\u2026","rel":"","context":"In &quot;Not\u00edcias de Ribeir\u00e3o Preto-SP e Regi\u00e3o&quot;","block_context":{"text":"Not\u00edcias de Ribeir\u00e3o Preto-SP e Regi\u00e3o","link":"https:\/\/noticiasribeiraopreto.com.br\/index.php\/category\/noticias-de-ribeirao-preto-sp-e-regiao-ismael-colosi\/"},"img":{"alt_text":"","src":"https:\/\/i0.wp.com\/noticiasribeiraopreto.com.br\/wp-content\/uploads\/2024\/02\/8052935b-6c7d-444a-af5a-e430ff75f0c9-scaled.jpg?fit=1000%2C598&ssl=1&resize=350%2C200","width":350,"height":200,"srcset":"https:\/\/i0.wp.com\/noticiasribeiraopreto.com.br\/wp-content\/uploads\/2024\/02\/8052935b-6c7d-444a-af5a-e430ff75f0c9-scaled.jpg?fit=1000%2C598&ssl=1&resize=350%2C200 1x, https:\/\/i0.wp.com\/noticiasribeiraopreto.com.br\/wp-content\/uploads\/2024\/02\/8052935b-6c7d-444a-af5a-e430ff75f0c9-scaled.jpg?fit=1000%2C598&ssl=1&resize=525%2C300 1.5x, https:\/\/i0.wp.com\/noticiasribeiraopreto.com.br\/wp-content\/uploads\/2024\/02\/8052935b-6c7d-444a-af5a-e430ff75f0c9-scaled.jpg?fit=1000%2C598&ssl=1&resize=700%2C400 2x"},"classes":[]},{"id":3136,"url":"https:\/\/noticiasribeiraopreto.com.br\/index.php\/2023\/10\/18\/prazo-para-aderir-ao-iptu-digital-termina-em-31-de-outubro\/","url_meta":{"origin":38442,"position":2},"title":"Prazo para aderir ao IPTU Digital termina em 31 de outubro","author":"noticiasribeiraopreto.com.br","date":"18 de October de 2023","format":false,"excerpt":"174 No final de dezembro deste ano, os ribeir\u00e3o-pretanos come\u00e7am a receber o carn\u00ea do IPTU para ser pago de um s\u00f3 vez com desconto ou de forma parcelada, pelos 12 meses consecutivos do pr\u00f3ximo ano. Contudo, a prefeitura disponibiliza o imposto de outra forma, mais r\u00e1pida e pr\u00e1tica para\u2026","rel":"","context":"In &quot;Not\u00edcias de Ribeir\u00e3o Preto-SP e Regi\u00e3o&quot;","block_context":{"text":"Not\u00edcias de Ribeir\u00e3o Preto-SP e Regi\u00e3o","link":"https:\/\/noticiasribeiraopreto.com.br\/index.php\/category\/noticias-de-ribeirao-preto-sp-e-regiao-ismael-colosi\/"},"img":{"alt_text":"","src":"https:\/\/i0.wp.com\/noticiasribeiraopreto.com.br\/wp-content\/uploads\/2023\/11\/iptu_digital_-_foto_guilherme_sircili_17.jpg?fit=1200%2C800&ssl=1&resize=350%2C200","width":350,"height":200,"srcset":"https:\/\/i0.wp.com\/noticiasribeiraopreto.com.br\/wp-content\/uploads\/2023\/11\/iptu_digital_-_foto_guilherme_sircili_17.jpg?fit=1200%2C800&ssl=1&resize=350%2C200 1x, https:\/\/i0.wp.com\/noticiasribeiraopreto.com.br\/wp-content\/uploads\/2023\/11\/iptu_digital_-_foto_guilherme_sircili_17.jpg?fit=1200%2C800&ssl=1&resize=525%2C300 1.5x, https:\/\/i0.wp.com\/noticiasribeiraopreto.com.br\/wp-content\/uploads\/2023\/11\/iptu_digital_-_foto_guilherme_sircili_17.jpg?fit=1200%2C800&ssl=1&resize=700%2C400 2x, https:\/\/i0.wp.com\/noticiasribeiraopreto.com.br\/wp-content\/uploads\/2023\/11\/iptu_digital_-_foto_guilherme_sircili_17.jpg?fit=1200%2C800&ssl=1&resize=1050%2C600 3x"},"classes":[]},{"id":38387,"url":"https:\/\/noticiasribeiraopreto.com.br\/index.php\/2024\/02\/19\/prouni-prazo-para-comprovar-dados-termina-nesta-terca\/","url_meta":{"origin":38442,"position":3},"title":"Prouni: prazo para comprovar dados termina nesta ter\u00e7a","author":"noticiasribeiraopreto.com.br","date":"19 de February de 2024","format":false,"excerpt":"19 de fevereiro de 2024 | 18:0019 de fevereiro de 2024 | 11:00 0Pr\u00e9-selecionados na primeira chamada do Programa Universidade para Todos (Prouni) do primeiro semestre de 2024 t\u00eam at\u00e9 esta ter\u00e7a-feira (20) para comprovar os dados informados no ato da inscri\u00e7\u00e3o.O prazo para a entrega dos documentos come\u00e7ou no\u2026","rel":"","context":"In &quot;Not\u00edcias de Ribeir\u00e3o Preto-SP e Regi\u00e3o&quot;","block_context":{"text":"Not\u00edcias de Ribeir\u00e3o Preto-SP e Regi\u00e3o","link":"https:\/\/noticiasribeiraopreto.com.br\/index.php\/category\/noticias-de-ribeirao-preto-sp-e-regiao-ismael-colosi\/"},"img":{"alt_text":"","src":"https:\/\/i0.wp.com\/noticiasribeiraopreto.com.br\/wp-content\/uploads\/2024\/02\/23c13d42-5efa-466a-8938-5fe14756dedc-scaled.jpg?fit=1000%2C598&ssl=1&resize=350%2C200","width":350,"height":200,"srcset":"https:\/\/i0.wp.com\/noticiasribeiraopreto.com.br\/wp-content\/uploads\/2024\/02\/23c13d42-5efa-466a-8938-5fe14756dedc-scaled.jpg?fit=1000%2C598&ssl=1&resize=350%2C200 1x, https:\/\/i0.wp.com\/noticiasribeiraopreto.com.br\/wp-content\/uploads\/2024\/02\/23c13d42-5efa-466a-8938-5fe14756dedc-scaled.jpg?fit=1000%2C598&ssl=1&resize=525%2C300 1.5x, https:\/\/i0.wp.com\/noticiasribeiraopreto.com.br\/wp-content\/uploads\/2024\/02\/23c13d42-5efa-466a-8938-5fe14756dedc-scaled.jpg?fit=1000%2C598&ssl=1&resize=700%2C400 2x"},"classes":[]},{"id":39439,"url":"https:\/\/noticiasribeiraopreto.com.br\/index.php\/2024\/02\/26\/prazo-para-empresas-entregarem-relatorio-salarial-termina-nesta-quinta\/","url_meta":{"origin":38442,"position":4},"title":"Prazo para empresas entregarem relat\u00f3rio salarial termina nesta quinta","author":"noticiasribeiraopreto.com.br","date":"26 de February de 2024","format":false,"excerpt":"26 de fevereiro de 2024 | 11:0026 de fevereiro de 2024 | 10:08 0O prazo para empresas com mais de 100 funcion\u00e1rios enviarem o Relat\u00f3rio de Transpar\u00eancia Salarial e de Crit\u00e9rios Remunerat\u00f3rios do primeiro semestre de 2024, termina nesta quinta-feira (29). O documento deve ser preenchido e enviado pelo\u00a0Portal Emprega\u2026","rel":"","context":"In &quot;Not\u00edcias de Ribeir\u00e3o Preto-SP e Regi\u00e3o&quot;","block_context":{"text":"Not\u00edcias de Ribeir\u00e3o Preto-SP e Regi\u00e3o","link":"https:\/\/noticiasribeiraopreto.com.br\/index.php\/category\/noticias-de-ribeirao-preto-sp-e-regiao-ismael-colosi\/"},"img":{"alt_text":"","src":"https:\/\/i0.wp.com\/noticiasribeiraopreto.com.br\/wp-content\/uploads\/2024\/02\/32a7ae1c-1071-4b3b-aa9c-d731245326a2-scaled.jpg?fit=1000%2C598&ssl=1&resize=350%2C200","width":350,"height":200,"srcset":"https:\/\/i0.wp.com\/noticiasribeiraopreto.com.br\/wp-content\/uploads\/2024\/02\/32a7ae1c-1071-4b3b-aa9c-d731245326a2-scaled.jpg?fit=1000%2C598&ssl=1&resize=350%2C200 1x, https:\/\/i0.wp.com\/noticiasribeiraopreto.com.br\/wp-content\/uploads\/2024\/02\/32a7ae1c-1071-4b3b-aa9c-d731245326a2-scaled.jpg?fit=1000%2C598&ssl=1&resize=525%2C300 1.5x, https:\/\/i0.wp.com\/noticiasribeiraopreto.com.br\/wp-content\/uploads\/2024\/02\/32a7ae1c-1071-4b3b-aa9c-d731245326a2-scaled.jpg?fit=1000%2C598&ssl=1&resize=700%2C400 2x"},"classes":[]},{"id":37100,"url":"https:\/\/noticiasribeiraopreto.com.br\/index.php\/2024\/02\/14\/bolsa-familia-titulares-do-programa-comemoram-antecipacao-no-pagamento-do-beneficio-confira-calendario\/","url_meta":{"origin":38442,"position":5},"title":"Bolsa Fam\u00edlia: Titulares do Programa comemoram antecipa\u00e7\u00e3o no pagamento do benef\u00edcio; Confira calend\u00e1rio","author":"noticiasribeiraopreto.com.br","date":"14 de February de 2024","format":false,"excerpt":"N\u00e3o \u00e9 novidade para ningu\u00e9m que o presidente Lula (PT) est\u00e1 de volta com o Bolsa Fam\u00edlia em 2023. Na ocasi\u00e3o, retornou ao comando do Executivo Federal para um in\u00e9dito terceiro mandato. E, com isso, algumas mudan\u00e7as foram trazidas para as transfer\u00eancias de renda. Vale ressaltar que o Bolsa Fam\u00edlia\u2026","rel":"","context":"In &quot;Dinheiro e Investimento&quot;","block_context":{"text":"Dinheiro e Investimento","link":"https:\/\/noticiasribeiraopreto.com.br\/index.php\/category\/dinheiro-e-investimento-como-fazer-como-ganhar\/"},"img":{"alt_text":"","src":"https:\/\/i0.wp.com\/noticiasribeiraopreto.com.br\/wp-content\/uploads\/2024\/02\/Design-sem-nome.png?fit=1200%2C630&ssl=1&resize=350%2C200","width":350,"height":200,"srcset":"https:\/\/i0.wp.com\/noticiasribeiraopreto.com.br\/wp-content\/uploads\/2024\/02\/Design-sem-nome.png?fit=1200%2C630&ssl=1&resize=350%2C200 1x, https:\/\/i0.wp.com\/noticiasribeiraopreto.com.br\/wp-content\/uploads\/2024\/02\/Design-sem-nome.png?fit=1200%2C630&ssl=1&resize=525%2C300 1.5x, https:\/\/i0.wp.com\/noticiasribeiraopreto.com.br\/wp-content\/uploads\/2024\/02\/Design-sem-nome.png?fit=1200%2C630&ssl=1&resize=700%2C400 2x, https:\/\/i0.wp.com\/noticiasribeiraopreto.com.br\/wp-content\/uploads\/2024\/02\/Design-sem-nome.png?fit=1200%2C630&ssl=1&resize=1050%2C600 3x"},"classes":[]}],"jetpack_sharing_enabled":true,"jetpack_shortlink":"https:\/\/wp.me\/peQAOb-a02","_links":{"self":[{"href":"https:\/\/noticiasribeiraopreto.com.br\/index.php\/wp-json\/wp\/v2\/posts\/38442","targetHints":{"allow":["GET"]}}],"collection":[{"href":"https:\/\/noticiasribeiraopreto.com.br\/index.php\/wp-json\/wp\/v2\/posts"}],"about":[{"href":"https:\/\/noticiasribeiraopreto.com.br\/index.php\/wp-json\/wp\/v2\/types\/post"}],"author":[{"embeddable":true,"href":"https:\/\/noticiasribeiraopreto.com.br\/index.php\/wp-json\/wp\/v2\/users\/1"}],"replies":[{"embeddable":true,"href":"https:\/\/noticiasribeiraopreto.com.br\/index.php\/wp-json\/wp\/v2\/comments?post=38442"}],"version-history":[{"count":0,"href":"https:\/\/noticiasribeiraopreto.com.br\/index.php\/wp-json\/wp\/v2\/posts\/38442\/revisions"}],"wp:featuredmedia":[{"embeddable":true,"href":"https:\/\/noticiasribeiraopreto.com.br\/index.php\/wp-json\/wp\/v2\/media\/38443"}],"wp:attachment":[{"href":"https:\/\/noticiasribeiraopreto.com.br\/index.php\/wp-json\/wp\/v2\/media?parent=38442"}],"wp:term":[{"taxonomy":"category","embeddable":true,"href":"https:\/\/noticiasribeiraopreto.com.br\/index.php\/wp-json\/wp\/v2\/categories?post=38442"},{"taxonomy":"post_tag","embeddable":true,"href":"https:\/\/noticiasribeiraopreto.com.br\/index.php\/wp-json\/wp\/v2\/tags?post=38442"}],"curies":[{"name":"wp","href":"https:\/\/api.w.org\/{rel}","templated":true}]}}