{"id":38456,"date":"2024-02-20T08:41:34","date_gmt":"2024-02-20T11:41:34","guid":{"rendered":"https:\/\/noticiasribeiraopreto.com.br\/index.php\/2024\/02\/20\/trecho-da-barao-do-amazonas-ficara-interditado-por-20-dias\/"},"modified":"2024-02-20T08:41:34","modified_gmt":"2024-02-20T11:41:34","slug":"trecho-da-barao-do-amazonas-ficara-interditado-por-20-dias","status":"publish","type":"post","link":"https:\/\/noticiasribeiraopreto.com.br\/index.php\/2024\/02\/20\/trecho-da-barao-do-amazonas-ficara-interditado-por-20-dias\/","title":{"rendered":"Trecho da Bar\u00e3o do Amazonas ficar\u00e1 interditado por 20 dias"},"content":{"rendered":"<div class='code-block code-block-1' style='margin: 8px 0 8px auto; text-align: right; display: block; clear: both;'>\n<p><a href=\"https:\/\/wa.link\/vpicfd\"><img data-recalc-dims=\"1\" class=\"wp-image-4922\" style=\"aspect-ratio: 2.0253164556962027; width: 561px; height: auto;\" src=\"https:\/\/i0.wp.com\/ismaelcolosi.com.br\/wp-content\/uploads\/2023\/11\/grupo-de-empregos-whatsapp-e-facebook-ismael-colosi-vagas.jpg?ssl=1\" alt=\"\" \/><\/a><\/p>\n<!-- \/wp:image -->\n<\/div>\n<p> <br \/>\n<\/p>\n<div id=\"\">\n<p> <span class=\"entry-meta-item penci-posted-on\"><i class=\"fa fa-clock-o\"\/><time class=\"entry-date published\" datetime=\"2024-02-20T08:30:24-03:00\">20 de fevereiro de 2024 | 8:30<\/time><time class=\"updated\" datetime=\"2024-02-19T17:17:51-03:00\">19 de fevereiro de 2024 | 17:17<\/time><\/span><\/p>\n<p> <span class=\"penci-social-buttons penci-social-share-footer\"><a href=\"#\" class=\"penci-post-like penci_post-meta_item  single-like-button penci-social-item like\" data-post_id=\"374237\" title=\"Like\" data-like=\"Like\" data-unlike=\"Unlike\"><i class=\"fa fa-thumbs-o-up\"\/><span class=\"penci-share-number\">0<\/span><\/a><i class=\"fa fa-facebook\"\/><a class=\"penci-social-item twitter\" target=\"_blank\" rel=\"noopener\" title=\"\" href=\"https:\/\/twitter.com\/intent\/tweet?text=Trecho%20da%20Bar\u00e3o%20do%20Amazonas%20ficar\u00e1%20interditado%20por%2020%20dias%20-%20https:\/\/www.tribunaribeirao.com.br\/site\/trecho-da-barao-do-amazonas-ficara-interditado-por-20-dias\/\"><i class=\"fa fa-twitter\"\/><\/a><i class=\"fa fa-whatsapp\"\/><\/span><\/div>\n<div>\n<p><noscript><img data-recalc-dims=\"1\" loading=\"lazy\" decoding=\"async\" class=\"size-medium wp-image-374241 alignleft\" src=\"https:\/\/i0.wp.com\/www.tribunaribeirao.com.br\/site\/wp-content\/uploads\/2024\/02\/mapa_interdicao_barao_20fev24-300x208.jpg?resize=300%2C208&#038;ssl=1\" alt=\"\" width=\"300\" height=\"208\" srcset=\"https:\/\/www.tribunaribeirao.com.br\/site\/wp-content\/uploads\/2024\/02\/mapa_interdicao_barao_20fev24-300x208.jpg 300w, https:\/\/www.tribunaribeirao.com.br\/site\/wp-content\/uploads\/2024\/02\/mapa_interdicao_barao_20fev24-1024x712.jpg 1024w, https:\/\/www.tribunaribeirao.com.br\/site\/wp-content\/uploads\/2024\/02\/mapa_interdicao_barao_20fev24-768x534.jpg 768w, https:\/\/www.tribunaribeirao.com.br\/site\/wp-content\/uploads\/2024\/02\/mapa_interdicao_barao_20fev24-1536x1067.jpg 1536w, https:\/\/www.tribunaribeirao.com.br\/site\/wp-content\/uploads\/2024\/02\/mapa_interdicao_barao_20fev24-960x667.jpg 960w, https:\/\/www.tribunaribeirao.com.br\/site\/wp-content\/uploads\/2024\/02\/mapa_interdicao_barao_20fev24-576x400.jpg 576w, https:\/\/www.tribunaribeirao.com.br\/site\/wp-content\/uploads\/2024\/02\/mapa_interdicao_barao_20fev24-585x407.jpg 585w, https:\/\/www.tribunaribeirao.com.br\/site\/wp-content\/uploads\/2024\/02\/mapa_interdicao_barao_20fev24-scaled.jpg 928w\" sizes=\"auto, (max-width: 300px) 100vw, 300px\"\/><\/noscript>A partir das 13h desta ter\u00e7a-feira, dia 20 de fevereiro, haver\u00e1 a interdi\u00e7\u00e3o total de mais um trecho da rua Bar\u00e3o do Amazonas, da rua Flor\u00eancio de Abreu at\u00e9 a rua Am\u00e9rico Brasiliense, por causa do andamento das obras do corredor de \u00f4nibus do quadril\u00e1tero Central<\/p>\n<p>A RP Mobi recomenda aos condutores a utilizarem as seguintes rotas alternativas:<\/p>\n<p>\u2022 Quem vem da rua Flor\u00eancio de Abreu em dire\u00e7\u00e3o a rua Bar\u00e3o do Amazonas deve seguir em dire\u00e7\u00e3o a regi\u00e3o da Catedral Metropolitana virar \u00e0 direita na rua Tibiri\u00e7\u00e1, \u00e0 direita na rua Am\u00e9rico Brasiliense (ao da pra\u00e7a da Bandeira), e depois \u00e0 esquerda na rua Bar\u00e3o do Amazonas para seguir ao destino desejado.<\/p>\n<p>\u2022 Outra op\u00e7\u00e3o de desvio para quem vem da avenida Independ\u00eancia pela rua Flor\u00eancio de Abreu \u00e9 virar \u00e0 direita na rua Comandante Marcondes Salgado, \u00e0 esquerda na rua S\u00e3o Sebasti\u00e3o, \u00e0 direita na rua Bar\u00e3o do Amazonas para prosseguir ao destino de interesse.<\/p>\n<p>De acordo com a DGB Engenharia, construtora respons\u00e1vel pela execu\u00e7\u00e3o dessas obras, este bloqueio tem previs\u00e3o de in\u00edcio \u00e0s 13 horas desta ter\u00e7a-feira, 20; e tem previs\u00e3o de dura\u00e7\u00e3o de 20 dias.<\/p>\n<p>Ainda, a construtora adiantou que os trechos interditados na rua Bar\u00e3o do Amazonas (rua Rui Barbosa at\u00e9 a rua Campos Sales e da Campos Sales at\u00e9 a Prudente de Morais) tem previs\u00e3o de ser liberado nesta ter\u00e7a-feira, dia 20 de fevereiro. J\u00e1 o fechamento na Bar\u00e3o nos trechos (da Prudente at\u00e9 a rua Lafaiete \/ e da Lafaiete at\u00e9 a Flor\u00eancio de Abreu) tem previs\u00e3o de libera\u00e7\u00e3o na segunda-feira, dia 26.<\/p>\n<p>Na regi\u00e3o da nova interdi\u00e7\u00e3o haver\u00e1 acessos locais somente para moradores e comerciantes.<\/p>\n<p>A interdi\u00e7\u00e3o estar\u00e1 devidamente sinalizada com cavaletes e cones, al\u00e9m de placas com indica\u00e7\u00f5es sobre os desvios necess\u00e1rios. Al\u00e9m disso, uma equipe t\u00e9cnica estar\u00e1 em monitoramento ao andamento dos servi\u00e7os a fim de garantir a seguran\u00e7a necess\u00e1ria aos condutores e pedestres na regi\u00e3o.<\/p>\n<p>A RP Mobi orienta os condutores que redobrem a aten\u00e7\u00e3o e diminuam a velocidade de seus ve\u00edculos a fim de se evitar sinistros de tr\u00e2nsito.<\/p>\n<p>\u00a0<\/p>\n<\/div>\n<p><script async src=\"\/\/platform.twitter.com\/widgets.js\" charset=\"utf-8\"><\/script><br \/>\n<br \/><br \/>\n<br \/><a href=\"https:\/\/www.tribunaribeirao.com.br\/site\/trecho-da-barao-do-amazonas-ficara-interditado-por-20-dias\/\">Source link <\/a><\/p>\n<!-- CONTENT END 1 -->\n","protected":false},"excerpt":{"rendered":"<p>20 de fevereiro de 2024 | 8:3019 de fevereiro de 2024 | 17:17 0 A partir das 13h desta ter\u00e7a-feira, dia 20 de fevereiro, haver\u00e1&#8230;<\/p>\n","protected":false},"author":1,"featured_media":38457,"comment_status":"open","ping_status":"open","sticky":false,"template":"","format":"standard","meta":{"advanced_seo_description":"","jetpack_seo_html_title":"","jetpack_seo_noindex":false,"jetpack_post_was_ever_published":false,"_jetpack_newsletter_access":"","_jetpack_dont_email_post_to_subs":false,"_jetpack_newsletter_tier_id":0,"_jetpack_memberships_contains_paywalled_content":false,"_jetpack_memberships_contains_paid_content":false,"footnotes":"","jetpack_publicize_message":"","jetpack_publicize_feature_enabled":true,"jetpack_social_post_already_shared":true,"jetpack_social_options":{"image_generator_settings":{"template":"highway","default_image_id":0,"font":"","enabled":false},"version":2}},"categories":[11],"tags":[677,676,493,852,447,134,933],"class_list":["post-38456","post","type-post","status-publish","format-standard","has-post-thumbnail","hentry","category-noticias-de-ribeirao-preto-sp-e-regiao-ismael-colosi","tag-amazonas","tag-barao","tag-dias","tag-ficara","tag-interditado","tag-por","tag-trecho"],"jetpack_publicize_connections":[],"jetpack_featured_media_url":"https:\/\/i0.wp.com\/noticiasribeiraopreto.com.br\/wp-content\/uploads\/2024\/02\/obras_mobilidade_quadrilatero_-_foto_guilherme_sircili_38-scaled.jpg?fit=967%2C645&ssl=1","jetpack-related-posts":[{"id":38877,"url":"https:\/\/noticiasribeiraopreto.com.br\/index.php\/2024\/02\/22\/cruzamento-da-barao-do-amazonas-com-a-rua-lafaiete-ficara-interditado-por-cinco-dias\/","url_meta":{"origin":38456,"position":0},"title":"Cruzamento da Bar\u00e3o do Amazonas com a rua Lafaiete ficar\u00e1 interditado por cinco dias","author":"noticiasribeiraopreto.com.br","date":"22 de February de 2024","format":false,"excerpt":"22 de fevereiro de 2024 | 8:3021 de fevereiro de 2024 | 18:24 0Com o andamento das obras do corredor de \u00f4nibus do quadril\u00e1tero Central, a partir das 9h, desta quinta-feira, dia 22 de fevereiro, haver\u00e1 a interdi\u00e7\u00e3o total do cruzamento da rua Bar\u00e3o do Amazonas com a rua Lafaiete.Com\u2026","rel":"","context":"In &quot;Not\u00edcias de Ribeir\u00e3o Preto-SP e Regi\u00e3o&quot;","block_context":{"text":"Not\u00edcias de Ribeir\u00e3o Preto-SP e Regi\u00e3o","link":"https:\/\/noticiasribeiraopreto.com.br\/index.php\/category\/noticias-de-ribeirao-preto-sp-e-regiao-ismael-colosi\/"},"img":{"alt_text":"","src":"https:\/\/i0.wp.com\/noticiasribeiraopreto.com.br\/wp-content\/uploads\/2024\/02\/bloqueio_barao_do_amazonas_-_foto_fernando_gonzaga_1-scaled.jpg?fit=967%2C645&ssl=1&resize=350%2C200","width":350,"height":200,"srcset":"https:\/\/i0.wp.com\/noticiasribeiraopreto.com.br\/wp-content\/uploads\/2024\/02\/bloqueio_barao_do_amazonas_-_foto_fernando_gonzaga_1-scaled.jpg?fit=967%2C645&ssl=1&resize=350%2C200 1x, https:\/\/i0.wp.com\/noticiasribeiraopreto.com.br\/wp-content\/uploads\/2024\/02\/bloqueio_barao_do_amazonas_-_foto_fernando_gonzaga_1-scaled.jpg?fit=967%2C645&ssl=1&resize=525%2C300 1.5x, https:\/\/i0.wp.com\/noticiasribeiraopreto.com.br\/wp-content\/uploads\/2024\/02\/bloqueio_barao_do_amazonas_-_foto_fernando_gonzaga_1-scaled.jpg?fit=967%2C645&ssl=1&resize=700%2C400 2x"},"classes":[]},{"id":39760,"url":"https:\/\/noticiasribeiraopreto.com.br\/index.php\/2024\/02\/28\/barao-do-amazonas-tera-dois-trechos-interditados-um-deles-sera-por-20-dias\/","url_meta":{"origin":38456,"position":1},"title":"Bar\u00e3o do Amazonas ter\u00e1 dois trechos interditados, um deles ser\u00e1 por 20 dias","author":"noticiasribeiraopreto.com.br","date":"28 de February de 2024","format":false,"excerpt":"28 de fevereiro de 2024 | 8:3027 de fevereiro de 2024 | 19:01 0Com o andamento das obras do corredor de \u00f4nibus do quadril\u00e1tero Central, a partir das 9h desta quarta-feira, dia 28 de fevereiro, haver\u00e1 a interdi\u00e7\u00e3o total do cruzamento da rua Bar\u00e3o do Amazonas com a rua S\u00e3o\u2026","rel":"","context":"In &quot;Not\u00edcias de Ribeir\u00e3o Preto-SP e Regi\u00e3o&quot;","block_context":{"text":"Not\u00edcias de Ribeir\u00e3o Preto-SP e Regi\u00e3o","link":"https:\/\/noticiasribeiraopreto.com.br\/index.php\/category\/noticias-de-ribeirao-preto-sp-e-regiao-ismael-colosi\/"},"img":{"alt_text":"","src":"https:\/\/i0.wp.com\/noticiasribeiraopreto.com.br\/wp-content\/uploads\/2024\/02\/1709120080_bloqueio_barao_do_amazonas_-_foto_fernando_gonzaga_1-scaled.jpg?fit=967%2C645&ssl=1&resize=350%2C200","width":350,"height":200,"srcset":"https:\/\/i0.wp.com\/noticiasribeiraopreto.com.br\/wp-content\/uploads\/2024\/02\/1709120080_bloqueio_barao_do_amazonas_-_foto_fernando_gonzaga_1-scaled.jpg?fit=967%2C645&ssl=1&resize=350%2C200 1x, https:\/\/i0.wp.com\/noticiasribeiraopreto.com.br\/wp-content\/uploads\/2024\/02\/1709120080_bloqueio_barao_do_amazonas_-_foto_fernando_gonzaga_1-scaled.jpg?fit=967%2C645&ssl=1&resize=525%2C300 1.5x, https:\/\/i0.wp.com\/noticiasribeiraopreto.com.br\/wp-content\/uploads\/2024\/02\/1709120080_bloqueio_barao_do_amazonas_-_foto_fernando_gonzaga_1-scaled.jpg?fit=967%2C645&ssl=1&resize=700%2C400 2x"},"classes":[]},{"id":28202,"url":"https:\/\/noticiasribeiraopreto.com.br\/index.php\/2024\/01\/15\/dois-trechos-da-barao-do-amazonas-ficarao-interditados-por-20-dias\/","url_meta":{"origin":38456,"position":2},"title":"Dois trechos da Bar\u00e3o do Amazonas ficar\u00e3o interditados por 20 dias","author":"noticiasribeiraopreto.com.br","date":"15 de January de 2024","format":false,"excerpt":"15 de janeiro de 2024 | 9:0012 de janeiro de 2024 | 16:25 0Nesta segunda-feira, 15, as obras dos tr\u00eas corredores de \u00f4nibus ser\u00e3o retomadas. Na regi\u00e3o central, as obras do corredor ser\u00e3o iniciadas em dois trechos da rua Bar\u00e3o do Amazonas, que v\u00e3o precisar ser interditados.O trecho da rua\u2026","rel":"","context":"In &quot;Not\u00edcias de Ribeir\u00e3o Preto-SP e Regi\u00e3o&quot;","block_context":{"text":"Not\u00edcias de Ribeir\u00e3o Preto-SP e Regi\u00e3o","link":"https:\/\/noticiasribeiraopreto.com.br\/index.php\/category\/noticias-de-ribeirao-preto-sp-e-regiao-ismael-colosi\/"},"img":{"alt_text":"","src":"https:\/\/i0.wp.com\/noticiasribeiraopreto.com.br\/wp-content\/uploads\/2024\/01\/obras_mobilidade_quadrilatero_-_foto_guilherme_sircili_38-scaled.jpg?fit=967%2C645&ssl=1&resize=350%2C200","width":350,"height":200,"srcset":"https:\/\/i0.wp.com\/noticiasribeiraopreto.com.br\/wp-content\/uploads\/2024\/01\/obras_mobilidade_quadrilatero_-_foto_guilherme_sircili_38-scaled.jpg?fit=967%2C645&ssl=1&resize=350%2C200 1x, https:\/\/i0.wp.com\/noticiasribeiraopreto.com.br\/wp-content\/uploads\/2024\/01\/obras_mobilidade_quadrilatero_-_foto_guilherme_sircili_38-scaled.jpg?fit=967%2C645&ssl=1&resize=525%2C300 1.5x, https:\/\/i0.wp.com\/noticiasribeiraopreto.com.br\/wp-content\/uploads\/2024\/01\/obras_mobilidade_quadrilatero_-_foto_guilherme_sircili_38-scaled.jpg?fit=967%2C645&ssl=1&resize=700%2C400 2x"},"classes":[]},{"id":32767,"url":"https:\/\/noticiasribeiraopreto.com.br\/index.php\/2024\/01\/26\/rua-barao-do-amazonas-tem-trecho-interditado-a-partir-desta-sexta-feira-dia-26\/","url_meta":{"origin":38456,"position":3},"title":"Rua Bar\u00e3o do Amazonas tem trecho interditado a partir desta sexta-feira, dia 26 \u2013 Folha de Ribeir\u00e3o","author":"noticiasribeiraopreto.com.br","date":"26 de January de 2024","format":false,"excerpt":"Em raz\u00e3o do andamento das obras do corredor de \u00f4nibus do quadril\u00e1tero Central, a partir da manh\u00e3 desta sexta-feira, dia 28 de janeiro, ser\u00e1 necess\u00e1ria a interdi\u00e7\u00e3o total de mais um trecho da rua Bar\u00e3o do Amazonas, sendo da rua Campos Sales at\u00e9 a rua Lafaiete. Este novo bloqueio ocorrer\u00e1\u2026","rel":"","context":"In &quot;Not\u00edcias de Ribeir\u00e3o Preto-SP e Regi\u00e3o&quot;","block_context":{"text":"Not\u00edcias de Ribeir\u00e3o Preto-SP e Regi\u00e3o","link":"https:\/\/noticiasribeiraopreto.com.br\/index.php\/category\/noticias-de-ribeirao-preto-sp-e-regiao-ismael-colosi\/"},"img":{"alt_text":"","src":"https:\/\/i0.wp.com\/noticiasribeiraopreto.com.br\/wp-content\/uploads\/2024\/01\/interdicao_barao_amazonas.jpg?fit=1200%2C849&ssl=1&resize=350%2C200","width":350,"height":200,"srcset":"https:\/\/i0.wp.com\/noticiasribeiraopreto.com.br\/wp-content\/uploads\/2024\/01\/interdicao_barao_amazonas.jpg?fit=1200%2C849&ssl=1&resize=350%2C200 1x, https:\/\/i0.wp.com\/noticiasribeiraopreto.com.br\/wp-content\/uploads\/2024\/01\/interdicao_barao_amazonas.jpg?fit=1200%2C849&ssl=1&resize=525%2C300 1.5x, https:\/\/i0.wp.com\/noticiasribeiraopreto.com.br\/wp-content\/uploads\/2024\/01\/interdicao_barao_amazonas.jpg?fit=1200%2C849&ssl=1&resize=700%2C400 2x, https:\/\/i0.wp.com\/noticiasribeiraopreto.com.br\/wp-content\/uploads\/2024\/01\/interdicao_barao_amazonas.jpg?fit=1200%2C849&ssl=1&resize=1050%2C600 3x"},"classes":[]},{"id":32713,"url":"https:\/\/noticiasribeiraopreto.com.br\/index.php\/2024\/01\/26\/barao-do-amazonas-tera-trecho-interditado-por-20-dias\/","url_meta":{"origin":38456,"position":4},"title":"Bar\u00e3o do Amazonas ter\u00e1 trecho interditado por 20 dias","author":"noticiasribeiraopreto.com.br","date":"26 de January de 2024","format":false,"excerpt":"26 de janeiro de 2024 | 8:3025 de janeiro de 2024 | 20:23 0Devido ao andamento das obras do corredor de \u00f4nibus do quadril\u00e1tero central, a partir da manh\u00e3 desta sexta-feira, 26 de janeiro, ser\u00e1 necess\u00e1ria a interdi\u00e7\u00e3o total de mais um trecho da rua Bar\u00e3o do Amazonas, no Centro\u2026","rel":"","context":"In &quot;Not\u00edcias de Ribeir\u00e3o Preto-SP e Regi\u00e3o&quot;","block_context":{"text":"Not\u00edcias de Ribeir\u00e3o Preto-SP e Regi\u00e3o","link":"https:\/\/noticiasribeiraopreto.com.br\/index.php\/category\/noticias-de-ribeirao-preto-sp-e-regiao-ismael-colosi\/"},"img":{"alt_text":"","src":"https:\/\/i0.wp.com\/noticiasribeiraopreto.com.br\/wp-content\/uploads\/2024\/01\/interdicao_barao_amazonas_-_foto_guilherme_sircili_38_-_copia-scaled.jpg?fit=967%2C645&ssl=1&resize=350%2C200","width":350,"height":200,"srcset":"https:\/\/i0.wp.com\/noticiasribeiraopreto.com.br\/wp-content\/uploads\/2024\/01\/interdicao_barao_amazonas_-_foto_guilherme_sircili_38_-_copia-scaled.jpg?fit=967%2C645&ssl=1&resize=350%2C200 1x, https:\/\/i0.wp.com\/noticiasribeiraopreto.com.br\/wp-content\/uploads\/2024\/01\/interdicao_barao_amazonas_-_foto_guilherme_sircili_38_-_copia-scaled.jpg?fit=967%2C645&ssl=1&resize=525%2C300 1.5x, https:\/\/i0.wp.com\/noticiasribeiraopreto.com.br\/wp-content\/uploads\/2024\/01\/interdicao_barao_amazonas_-_foto_guilherme_sircili_38_-_copia-scaled.jpg?fit=967%2C645&ssl=1&resize=700%2C400 2x"},"classes":[]},{"id":40463,"url":"https:\/\/noticiasribeiraopreto.com.br\/index.php\/2024\/03\/04\/trecho-da-barao-do-amazonas-proximo-a-praca-carlos-gomes-sera-interditado-nesta-segunda\/","url_meta":{"origin":38456,"position":5},"title":"Trecho da Bar\u00e3o do Amazonas pr\u00f3ximo \u00e0 pra\u00e7a Carlos Gomes ser\u00e1 interditado nesta segunda","author":"noticiasribeiraopreto.com.br","date":"4 de March de 2024","format":false,"excerpt":"4 de mar\u00e7o de 2024 | 8:004 de mar\u00e7o de 2024 | 8:09 0Com a necessidade de recapeamento asf\u00e1ltico para as obras do corredor de \u00f4nibus do quadril\u00e1tero Central, a partir das 9h desta segunda-feira, dia 4 de mar\u00e7o, haver\u00e1 a interdi\u00e7\u00e3o total de mais um trecho da rua Bar\u00e3o\u2026","rel":"","context":"In &quot;Not\u00edcias de Ribeir\u00e3o Preto-SP e Regi\u00e3o&quot;","block_context":{"text":"Not\u00edcias de Ribeir\u00e3o Preto-SP e Regi\u00e3o","link":"https:\/\/noticiasribeiraopreto.com.br\/index.php\/category\/noticias-de-ribeirao-preto-sp-e-regiao-ismael-colosi\/"},"img":{"alt_text":"","src":"https:\/\/i0.wp.com\/noticiasribeiraopreto.com.br\/wp-content\/uploads\/2024\/03\/obras_mobilidade_quadrilatero_-_foto_guilherme_sircili_38-scaled.jpg?fit=967%2C645&ssl=1&resize=350%2C200","width":350,"height":200,"srcset":"https:\/\/i0.wp.com\/noticiasribeiraopreto.com.br\/wp-content\/uploads\/2024\/03\/obras_mobilidade_quadrilatero_-_foto_guilherme_sircili_38-scaled.jpg?fit=967%2C645&ssl=1&resize=350%2C200 1x, https:\/\/i0.wp.com\/noticiasribeiraopreto.com.br\/wp-content\/uploads\/2024\/03\/obras_mobilidade_quadrilatero_-_foto_guilherme_sircili_38-scaled.jpg?fit=967%2C645&ssl=1&resize=525%2C300 1.5x, https:\/\/i0.wp.com\/noticiasribeiraopreto.com.br\/wp-content\/uploads\/2024\/03\/obras_mobilidade_quadrilatero_-_foto_guilherme_sircili_38-scaled.jpg?fit=967%2C645&ssl=1&resize=700%2C400 2x"},"classes":[]}],"jetpack_sharing_enabled":true,"jetpack_shortlink":"https:\/\/wp.me\/peQAOb-a0g","_links":{"self":[{"href":"https:\/\/noticiasribeiraopreto.com.br\/index.php\/wp-json\/wp\/v2\/posts\/38456","targetHints":{"allow":["GET"]}}],"collection":[{"href":"https:\/\/noticiasribeiraopreto.com.br\/index.php\/wp-json\/wp\/v2\/posts"}],"about":[{"href":"https:\/\/noticiasribeiraopreto.com.br\/index.php\/wp-json\/wp\/v2\/types\/post"}],"author":[{"embeddable":true,"href":"https:\/\/noticiasribeiraopreto.com.br\/index.php\/wp-json\/wp\/v2\/users\/1"}],"replies":[{"embeddable":true,"href":"https:\/\/noticiasribeiraopreto.com.br\/index.php\/wp-json\/wp\/v2\/comments?post=38456"}],"version-history":[{"count":0,"href":"https:\/\/noticiasribeiraopreto.com.br\/index.php\/wp-json\/wp\/v2\/posts\/38456\/revisions"}],"wp:featuredmedia":[{"embeddable":true,"href":"https:\/\/noticiasribeiraopreto.com.br\/index.php\/wp-json\/wp\/v2\/media\/38457"}],"wp:attachment":[{"href":"https:\/\/noticiasribeiraopreto.com.br\/index.php\/wp-json\/wp\/v2\/media?parent=38456"}],"wp:term":[{"taxonomy":"category","embeddable":true,"href":"https:\/\/noticiasribeiraopreto.com.br\/index.php\/wp-json\/wp\/v2\/categories?post=38456"},{"taxonomy":"post_tag","embeddable":true,"href":"https:\/\/noticiasribeiraopreto.com.br\/index.php\/wp-json\/wp\/v2\/tags?post=38456"}],"curies":[{"name":"wp","href":"https:\/\/api.w.org\/{rel}","templated":true}]}}