{"id":38460,"date":"2024-02-20T09:59:11","date_gmt":"2024-02-20T12:59:11","guid":{"rendered":"https:\/\/noticiasribeiraopreto.com.br\/index.php\/2024\/02\/20\/brasil-supera-650-mil-casos-de-dengue\/"},"modified":"2024-02-20T09:59:11","modified_gmt":"2024-02-20T12:59:11","slug":"brasil-supera-650-mil-casos-de-dengue","status":"publish","type":"post","link":"https:\/\/noticiasribeiraopreto.com.br\/index.php\/2024\/02\/20\/brasil-supera-650-mil-casos-de-dengue\/","title":{"rendered":"Brasil supera 650 mil casos de dengue"},"content":{"rendered":"<div class='code-block code-block-1' style='margin: 8px 0 8px auto; text-align: right; display: block; clear: both;'>\n<p><a href=\"https:\/\/wa.link\/vpicfd\"><img data-recalc-dims=\"1\" class=\"wp-image-4922\" style=\"aspect-ratio: 2.0253164556962027; width: 561px; height: auto;\" src=\"https:\/\/i0.wp.com\/ismaelcolosi.com.br\/wp-content\/uploads\/2023\/11\/grupo-de-empregos-whatsapp-e-facebook-ismael-colosi-vagas.jpg?ssl=1\" alt=\"\" \/><\/a><\/p>\n<!-- \/wp:image -->\n<\/div>\n<p> <br \/>\n<\/p>\n<div id=\"\">\n<p> <span class=\"entry-meta-item penci-posted-on\"><i class=\"fa fa-clock-o\"\/><time class=\"entry-date published\" datetime=\"2024-02-20T09:30:55-03:00\">20 de fevereiro de 2024 | 9:30<\/time><time class=\"updated\" datetime=\"2024-02-20T08:43:18-03:00\">20 de fevereiro de 2024 | 8:43<\/time><\/span><\/p>\n<p> <span class=\"penci-social-buttons penci-social-share-footer\"><a href=\"#\" class=\"penci-post-like penci_post-meta_item  single-like-button penci-social-item like\" data-post_id=\"374289\" title=\"Like\" data-like=\"Like\" data-unlike=\"Unlike\"><i class=\"fa fa-thumbs-o-up\"\/><span class=\"penci-share-number\">0<\/span><\/a><i class=\"fa fa-facebook\"\/><a class=\"penci-social-item twitter\" target=\"_blank\" rel=\"noopener\" title=\"\" href=\"https:\/\/twitter.com\/intent\/tweet?text=Brasil%20supera%20650%20mil%20casos%20de%20dengue%20-%20https:\/\/www.tribunaribeirao.com.br\/site\/brasil-supera-650-mil-casos-de-dengue\/\"><i class=\"fa fa-twitter\"\/><\/a><i class=\"fa fa-whatsapp\"\/><\/span><\/div>\n<div>\n<p><span class=\"TextRun SCXW210176597 BCX0\" lang=\"PT-BR\" xml:lang=\"PT-BR\" data-contrast=\"auto\"><span class=\"NormalTextRun SCXW210176597 BCX0\">Os casos de dengue no pa\u00eds j\u00e1 chegam a 653.656, conforme a atualiza\u00e7\u00e3o desta segunda-feira<\/span><span class=\"NormalTextRun SCXW210176597 BCX0\">, 19 de fevereiro, <\/span><span class=\"NormalTextRun SCXW210176597 BCX0\">do painel de monitoramento de <\/span><span class=\"NormalTextRun SCXW210176597 BCX0\">arboviroses<\/span><span class=\"NormalTextRun SCXW210176597 BCX0\"> do Minist\u00e9rio da Sa\u00fade. S\u00e3o 321,9 casos por grupo de 100 mil habitantes.<\/span><span class=\"NormalTextRun SCXW210176597 BCX0\">\u00a0<\/span> <span class=\"NormalTextRun SCXW210176597 BCX0\">Desde 1\u00ba de janeiro, 113 pessoas morreram<\/span> <span class=\"NormalTextRun SCXW210176597 BCX0\">em decorr\u00eancia <\/span><span class=\"NormalTextRun SCXW210176597 BCX0\">da doen\u00e7a transmitida pelo <\/span><span class=\"NormalTextRun SCXW210176597 BCX0\">Aedes<\/span> <span class=\"NormalTextRun SCXW210176597 BCX0\">a<\/span><span class=\"NormalTextRun SCXW210176597 BCX0\">e<\/span><span class=\"NormalTextRun SCXW210176597 BCX0\">gypti<\/span><span class=\"NormalTextRun SCXW210176597 BCX0\">. <\/span><\/span><span class=\"LineBreakBlob BlobObject DragDrop SCXW210176597 BCX0\"><span class=\"SCXW210176597 BCX0\">\u00a0<\/span><br class=\"SCXW210176597 BCX0\"\/><\/span><span class=\"LineBreakBlob BlobObject DragDrop SCXW210176597 BCX0\"><span class=\"SCXW210176597 BCX0\">\u00a0<\/span><br class=\"SCXW210176597 BCX0\"\/><\/span><span class=\"TextRun SCXW210176597 BCX0\" lang=\"PT-BR\" xml:lang=\"PT-BR\" data-contrast=\"auto\"><span class=\"NormalTextRun SCXW210176597 BCX0\">De acordo com o painel de monitoramento de <\/span><span class=\"NormalTextRun SCXW210176597 BCX0\">arboviroses<\/span><span class=\"NormalTextRun SCXW210176597 BCX0\"> do Minist\u00e9rio da Sa\u00fade, h\u00e1 ainda 438 mortes em investiga\u00e7\u00e3o para a doen\u00e7a.<\/span> <span class=\"NormalTextRun SCXW210176597 BCX0\">As mulheres respondem pela maioria das infec\u00e7\u00f5es (55%), enquanto os homens registram 45%. A faixa et\u00e1ria dos 30 aos 39 segue na lideran\u00e7a de casos de dengue, seguida pelo grupo de 40 a 49 anos e pelo grupo de 50 a 59 anos.<\/span><\/span><span class=\"LineBreakBlob BlobObject DragDrop SCXW210176597 BCX0\"><span class=\"SCXW210176597 BCX0\">\u00a0<\/span><br class=\"SCXW210176597 BCX0\"\/><\/span><span class=\"LineBreakBlob BlobObject DragDrop SCXW210176597 BCX0\"><span class=\"SCXW210176597 BCX0\">\u00a0<\/span><br class=\"SCXW210176597 BCX0\"\/><\/span><span class=\"TextRun SCXW210176597 BCX0\" lang=\"PT-BR\" xml:lang=\"PT-BR\" data-contrast=\"auto\"><span class=\"NormalTextRun SCXW210176597 BCX0\">O Distrito Federal registra, atualmente, o maior coeficiente de incid\u00eancia (2.405,6 casos por 100 <\/span><span class=\"NormalTextRun ContextualSpellingAndGrammarErrorV2Themed SCXW210176597 BCX0\">mi<\/span><span class=\"NormalTextRun SCXW210176597 BCX0\"> habitantes), seguido por Minas Gerais (936,1), Acre (622,4), Paran\u00e1 (512,6) e Goi\u00e1s (487,6). Em n\u00famero de casos absolutos, Minas Gerais aparece em primeiro <\/span><span class=\"NormalTextRun ContextualSpellingAndGrammarErrorV2Themed SCXW210176597 BCX0\">lugar<\/span><span class=\"NormalTextRun ContextualSpellingAndGrammarErrorV2Themed SCXW210176597 BCX0\">\u00a0 <\/span><span class=\"NormalTextRun ContextualSpellingAndGrammarErrorV2Themed SCXW210176597 BCX0\">com<\/span><span class=\"NormalTextRun SCXW210176597 BCX0\"> 192.258 registros. <\/span><\/span><span class=\"LineBreakBlob BlobObject DragDrop SCXW210176597 BCX0\"><span class=\"SCXW210176597 BCX0\">\u00a0<\/span><br class=\"SCXW210176597 BCX0\"\/><\/span><span class=\"LineBreakBlob BlobObject DragDrop SCXW210176597 BCX0\"><span class=\"SCXW210176597 BCX0\">\u00a0<\/span><br class=\"SCXW210176597 BCX0\"\/><\/span><span class=\"TextRun SCXW210176597 BCX0\" lang=\"PT-BR\" xml:lang=\"PT-BR\" data-contrast=\"auto\"><span class=\"NormalTextRun SCXW210176597 BCX0\">Em seguida est\u00e3o S\u00e3o Paulo (90.408), Distrito Federal (67.768), Paran\u00e1 (58.660) e Rio de Janeiro (41.435).<\/span> <span class=\"NormalTextRun SCXW210176597 BCX0\">A vacina\u00e7\u00e3o contra a dengue come\u00e7ou em pelo menos seis dos dez estados selecionados pelo Minist\u00e9rio da Sa\u00fade para receberem o lote inicial de 712 mil doses. <\/span><\/span><span class=\"LineBreakBlob BlobObject DragDrop SCXW210176597 BCX0\"><span class=\"SCXW210176597 BCX0\">\u00a0<\/span><br class=\"SCXW210176597 BCX0\"\/><\/span><span class=\"LineBreakBlob BlobObject DragDrop SCXW210176597 BCX0\"><span class=\"SCXW210176597 BCX0\">\u00a0<\/span><br class=\"SCXW210176597 BCX0\"\/><\/span><span class=\"TextRun SCXW210176597 BCX0\" lang=\"PT-BR\" xml:lang=\"PT-BR\" data-contrast=\"auto\"><span class=\"NormalTextRun SCXW210176597 BCX0\">A distribui\u00e7\u00e3o das vacinas contra a dengue para 315 munic\u00edpios iniciou no dia 8 de fevereiro.<\/span> <span class=\"NormalTextRun SCXW210176597 BCX0\">No estado de S\u00e3o Paulo, o munic\u00edpio de <\/span><span class=\"NormalTextRun SCXW210176597 BCX0\">Itaquaquecetuba<\/span><span class=\"NormalTextRun SCXW210176597 BCX0\">, pertencente \u00e0 regi\u00e3o metropolitana <\/span><span class=\"NormalTextRun SCXW210176597 BCX0\">da capital paulista <\/span><span class=\"NormalTextRun SCXW210176597 BCX0\">e \u00e0 do Alto Tiet\u00ea, iniciou nesta segunda-feira (19) a vacina\u00e7\u00e3o.<\/span><\/span><span class=\"LineBreakBlob BlobObject DragDrop SCXW210176597 BCX0\"><span class=\"SCXW210176597 BCX0\">\u00a0<\/span><br class=\"SCXW210176597 BCX0\"\/><\/span><span class=\"LineBreakBlob BlobObject DragDrop SCXW210176597 BCX0\"><span class=\"SCXW210176597 BCX0\">\u00a0<\/span><br class=\"SCXW210176597 BCX0\"\/><\/span><span class=\"TextRun SCXW210176597 BCX0\" lang=\"PT-BR\" xml:lang=\"PT-BR\" data-contrast=\"none\"><span class=\"NormalTextRun SCXW210176597 BCX0\">Ribeir\u00e3o Preto enfrenta mais uma epidemia de dengue, desta vez de n\u00edvel <\/span><span class=\"NormalTextRun SCXW210176597 BCX0\">2<\/span><span class=\"NormalTextRun SCXW210176597 BCX0\">. J\u00e1 s\u00e3o 1.828 casos confirmados em 40 dias, al\u00e9m de 5.462 sob investiga\u00e7\u00e3o. Uma semana atr\u00e1s eram 1.279. Em sete dias, o <\/span><span class=\"NormalTextRun SCXW210176597 BCX0\">Aedes<\/span> <span class=\"NormalTextRun SCXW210176597 BCX0\">aegypti<\/span><span class=\"NormalTextRun SCXW210176597 BCX0\"> \u2013 vetor da doen\u00e7a, do <\/span><span class=\"NormalTextRun SpellingErrorV2Themed SCXW210176597 BCX0\">zika<\/span><span class=\"NormalTextRun SCXW210176597 BCX0\"> v\u00edrus e da febre <\/span><span class=\"NormalTextRun SpellingErrorV2Themed SCXW210176597 BCX0\">chikungunya<\/span><span class=\"NormalTextRun SCXW210176597 BCX0\"> \u2013 fez mais 549 v\u00edtimas, aumento de 42,92%. <\/span><\/span><span class=\"LineBreakBlob BlobObject DragDrop SCXW210176597 BCX0\"><span class=\"SCXW210176597 BCX0\">\u00a0<\/span><br class=\"SCXW210176597 BCX0\"\/><\/span><span class=\"LineBreakBlob BlobObject DragDrop SCXW210176597 BCX0\"><span class=\"SCXW210176597 BCX0\">\u00a0<\/span><br class=\"SCXW210176597 BCX0\"\/><\/span><span class=\"TextRun SCXW210176597 BCX0\" lang=\"PT-BR\" xml:lang=\"PT-BR\" data-contrast=\"none\"><span class=\"NormalTextRun SCXW210176597 BCX0\">Na semana anterior, a alta havia sido de 431,18%, de 975 para 1.279, com mais 304 v\u00edtimas do vetor. A m\u00e9dia di\u00e1ria neste ano \u00e9 de 47 ocorr\u00eancias, uma a <\/span><span class=\"NormalTextRun SCXW210176597 BCX0\">cada 31 minutos, aproximadamente. Os dados s\u00e3o do per\u00edodo entre 1\u00ba de janeiro e <\/span><span class=\"NormalTextRun SCXW210176597 BCX0\">9<\/span><span class=\"NormalTextRun SCXW210176597 BCX0\"> de fevereiro. S\u00e3o 137 notifica\u00e7\u00f5es de casos suspeitos por dia. <\/span><\/span><span class=\"LineBreakBlob BlobObject DragDrop SCXW210176597 BCX0\"><span class=\"SCXW210176597 BCX0\">\u00a0<\/span><br class=\"SCXW210176597 BCX0\"\/><\/span><span class=\"LineBreakBlob BlobObject DragDrop SCXW210176597 BCX0\"><span class=\"SCXW210176597 BCX0\">\u00a0<\/span><br class=\"SCXW210176597 BCX0\"\/><\/span><span class=\"TextRun SCXW210176597 BCX0\" lang=\"PT-BR\" xml:lang=\"PT-BR\" data-contrast=\"none\"><span class=\"NormalTextRun SCXW210176597 BCX0\">S\u00e3o 167 pacientes infectados em fevereiro, quase 19 por dia, um a cada \\uma hora e 16 minutos. S\u00e3o 1.661 em janeiro, ante 768 de dezembro, 893 a mais e alta de 116,28%. Na compara\u00e7\u00e3o com o primeiro m\u00eas de 2023, quando foram 402 pessoas pegaram dengue, o aumento chega a 313,18%. S\u00e3o 1.259 a mais<\/span><\/span><span class=\"LineBreakBlob BlobObject DragDrop SCXW210176597 BCX0\"><span class=\"SCXW210176597 BCX0\">\u00a0<\/span><br class=\"SCXW210176597 BCX0\"\/><\/span><span class=\"LineBreakBlob BlobObject DragDrop SCXW210176597 BCX0\"><span class=\"SCXW210176597 BCX0\">\u00a0<\/span><br class=\"SCXW210176597 BCX0\"\/><\/span><span class=\"TextRun SCXW210176597 BCX0\" lang=\"PT-BR\" xml:lang=\"PT-BR\" data-contrast=\"none\"><span class=\"NormalTextRun SCXW210176597 BCX0\">At\u00e9 agora, segundo a Secretaria Municipal da Sa\u00fade, n\u00e3o h\u00e1 nenhum \u00f3bito confirmado em 2024, mas h\u00e1 uma morte sob investiga\u00e7\u00e3o, de uma idosa que estava com a doen\u00e7a e faleceu.\u00a0 Foram oito falecimentos em decorr\u00eancia da doen\u00e7a em 2023, tr\u00eas em mar\u00e7o, duas em abril, duas em maio e uma em junho. Em 2022 ocorreu <\/span><span class=\"NormalTextRun SCXW210176597 BCX0\">um<\/span><span class=\"NormalTextRun SCXW210176597 BCX0\"> \u00f3bito<\/span><span class=\"NormalTextRun SCXW210176597 BCX0\">.<\/span> <\/span><span class=\"LineBreakBlob BlobObject DragDrop SCXW210176597 BCX0\"><span class=\"SCXW210176597 BCX0\">\u00a0<\/span><br class=\"SCXW210176597 BCX0\"\/><\/span><span class=\"LineBreakBlob BlobObject DragDrop SCXW210176597 BCX0\"><span class=\"SCXW210176597 BCX0\">\u00a0<\/span><br class=\"SCXW210176597 BCX0\"\/><\/span><span class=\"TextRun SCXW210176597 BCX0\" lang=\"PT-BR\" xml:lang=\"PT-BR\" data-contrast=\"none\"><span class=\"NormalTextRun SCXW210176597 BCX0\">De acordo com a secret\u00e1ria da Sa\u00fade, Jane Aparecida Cristina, o \u00edndice predial de infesta\u00e7\u00e3o larv\u00e1ria em janeiro era de 12%. Significa que a cada 100 casas visitadas em Ribeir\u00e3o Preto, em doze foram encontrados criadouros do <\/span><span class=\"NormalTextRun SCXW210176597 BCX0\">Aedes<\/span> <span class=\"NormalTextRun SCXW210176597 BCX0\">aegypti<\/span><span class=\"NormalTextRun SCXW210176597 BCX0\">.\u00a0 Mais: em cada criadouro havia cerca de 300 larvas, em m\u00e9dia. <\/span><\/span><span class=\"LineBreakBlob BlobObject DragDrop SCXW210176597 BCX0\"><span class=\"SCXW210176597 BCX0\">\u00a0<\/span><br class=\"SCXW210176597 BCX0\"\/><\/span><span class=\"LineBreakBlob BlobObject DragDrop SCXW210176597 BCX0\"><span class=\"SCXW210176597 BCX0\">\u00a0<\/span><br class=\"SCXW210176597 BCX0\"\/><\/span><span class=\"TextRun SCXW210176597 BCX0\" lang=\"PT-BR\" xml:lang=\"PT-BR\" data-contrast=\"none\"><span class=\"NormalTextRun SCXW210176597 BCX0\">A maioria est\u00e1 em vasos, pneus e ralos. Ribeir\u00e3o Preto fechou o ano passado com 12.258 casos de dengue, 4.776 a mais que os 7.482 do per\u00edodo anterior, crescimento de 63,83%. A m\u00e9dia di\u00e1ria em 2023 ficou em 34. Em pouco mais de 14 anos, a cidade j\u00e1 registrou 162.649 casos de dengue. <\/span><\/span><span class=\"LineBreakBlob BlobObject DragDrop SCXW210176597 BCX0\"><span class=\"SCXW210176597 BCX0\">\u00a0<\/span><br class=\"SCXW210176597 BCX0\"\/><\/span><span class=\"LineBreakBlob BlobObject DragDrop SCXW210176597 BCX0\"><span class=\"SCXW210176597 BCX0\">\u00a0<\/span><br class=\"SCXW210176597 BCX0\"\/><\/span><span class=\"LineBreakBlob BlobObject DragDrop SCXW210176597 BCX0\"><br class=\"SCXW210176597 BCX0\"\/><\/span><span class=\"EOP SCXW210176597 BCX0\" data-ccp-props=\"{&quot;201341983&quot;:0,&quot;335559739&quot;:200,&quot;335559740&quot;:276}\">\u00a0<\/span><\/p>\n<\/div>\n<p><script async src=\"\/\/platform.twitter.com\/widgets.js\" charset=\"utf-8\"><\/script><br \/>\n<br \/><br \/>\n<br \/><a href=\"https:\/\/www.tribunaribeirao.com.br\/site\/brasil-supera-650-mil-casos-de-dengue\/\">Source link <\/a><\/p>\n<!-- CONTENT END 1 -->\n","protected":false},"excerpt":{"rendered":"<p>20 de fevereiro de 2024 | 9:3020 de fevereiro de 2024 | 8:43 0 Os casos de dengue no pa\u00eds j\u00e1 chegam a 653.656, conforme&#8230;<\/p>\n","protected":false},"author":1,"featured_media":38461,"comment_status":"open","ping_status":"open","sticky":false,"template":"","format":"standard","meta":{"advanced_seo_description":"","jetpack_seo_html_title":"","jetpack_seo_noindex":false,"jetpack_post_was_ever_published":false,"_jetpack_newsletter_access":"","_jetpack_dont_email_post_to_subs":false,"_jetpack_newsletter_tier_id":0,"_jetpack_memberships_contains_paywalled_content":false,"_jetpack_memberships_contains_paid_content":false,"footnotes":"","jetpack_publicize_message":"","jetpack_publicize_feature_enabled":true,"jetpack_social_post_already_shared":true,"jetpack_social_options":{"image_generator_settings":{"template":"highway","default_image_id":0,"font":"","enabled":false},"version":2}},"categories":[11],"tags":[137,996,1269,402,1265],"class_list":["post-38460","post","type-post","status-publish","format-standard","has-post-thumbnail","hentry","category-noticias-de-ribeirao-preto-sp-e-regiao-ismael-colosi","tag-brasil","tag-casos","tag-dengue","tag-mil","tag-supera"],"jetpack_publicize_connections":[],"jetpack_featured_media_url":"https:\/\/i0.wp.com\/noticiasribeiraopreto.com.br\/wp-content\/uploads\/2024\/02\/DengueBRA-Divulgacao-scaled.jpg?fit=974%2C645&ssl=1","jetpack-related-posts":[{"id":41540,"url":"https:\/\/noticiasribeiraopreto.com.br\/index.php\/2024\/03\/08\/brasil-supera-13-mi-de-casos-de-dengue\/","url_meta":{"origin":38460,"position":0},"title":"Brasil supera 1,3 mi de casos de dengue","author":"noticiasribeiraopreto.com.br","date":"8 de March de 2024","format":false,"excerpt":"8 de mar\u00e7o de 2024 | 18:007 de mar\u00e7o de 2024 | 21:01 0Desde o in\u00edcio do ano, o Brasil registrou 1.318.336 casos prov\u00e1veis de dengue e 343 mortes confirmadas pela doen\u00e7a. Outros 775 \u00f3bitos est\u00e3o em investiga\u00e7\u00e3o. O coeficiente de incid\u00eancia da dengue no pa\u00eds, neste momento, \u00e9 de\u2026","rel":"","context":"In &quot;Not\u00edcias de Ribeir\u00e3o Preto-SP e Regi\u00e3o&quot;","block_context":{"text":"Not\u00edcias de Ribeir\u00e3o Preto-SP e Regi\u00e3o","link":"https:\/\/noticiasribeiraopreto.com.br\/index.php\/category\/noticias-de-ribeirao-preto-sp-e-regiao-ismael-colosi\/"},"img":{"alt_text":"","src":"https:\/\/i0.wp.com\/noticiasribeiraopreto.com.br\/wp-content\/uploads\/2024\/03\/DengueRP-Divulgacao-03-scaled.jpg?fit=1000%2C563&ssl=1&resize=350%2C200","width":350,"height":200,"srcset":"https:\/\/i0.wp.com\/noticiasribeiraopreto.com.br\/wp-content\/uploads\/2024\/03\/DengueRP-Divulgacao-03-scaled.jpg?fit=1000%2C563&ssl=1&resize=350%2C200 1x, https:\/\/i0.wp.com\/noticiasribeiraopreto.com.br\/wp-content\/uploads\/2024\/03\/DengueRP-Divulgacao-03-scaled.jpg?fit=1000%2C563&ssl=1&resize=525%2C300 1.5x, https:\/\/i0.wp.com\/noticiasribeiraopreto.com.br\/wp-content\/uploads\/2024\/03\/DengueRP-Divulgacao-03-scaled.jpg?fit=1000%2C563&ssl=1&resize=700%2C400 2x"},"classes":[]},{"id":44338,"url":"https:\/\/noticiasribeiraopreto.com.br\/index.php\/2024\/03\/27\/dengue-supera-23-milhoes-de-casos\/","url_meta":{"origin":38460,"position":1},"title":"Dengue supera 2,3 milh\u00f5es de casos\u00a0","author":"noticiasribeiraopreto.com.br","date":"27 de March de 2024","format":false,"excerpt":"27 de mar\u00e7o de 2024 | 12:0027 de mar\u00e7o de 2024 | 9:34 0 O Brasil superou a barreira de 2,3 milh\u00f5es de casos de dengue. Desde o in\u00edcio do ano, j\u00e1 s\u00e3o 2.321.050 e 831 mortes confirmadas pela doen\u00e7a. Outros 1.267 \u00f3bitos est\u00e3o em investiga\u00e7\u00e3o. O coeficiente de incid\u00eancia\u2026","rel":"","context":"In &quot;Not\u00edcias de Ribeir\u00e3o Preto-SP e Regi\u00e3o&quot;","block_context":{"text":"Not\u00edcias de Ribeir\u00e3o Preto-SP e Regi\u00e3o","link":"https:\/\/noticiasribeiraopreto.com.br\/index.php\/category\/noticias-de-ribeirao-preto-sp-e-regiao-ismael-colosi\/"},"img":{"alt_text":"","src":"https:\/\/i0.wp.com\/noticiasribeiraopreto.com.br\/wp-content\/uploads\/2024\/03\/DengueRP-Aedes-Arquivo-Ag.Br_.jpg?fit=1140%2C760&ssl=1&resize=350%2C200","width":350,"height":200,"srcset":"https:\/\/i0.wp.com\/noticiasribeiraopreto.com.br\/wp-content\/uploads\/2024\/03\/DengueRP-Aedes-Arquivo-Ag.Br_.jpg?fit=1140%2C760&ssl=1&resize=350%2C200 1x, https:\/\/i0.wp.com\/noticiasribeiraopreto.com.br\/wp-content\/uploads\/2024\/03\/DengueRP-Aedes-Arquivo-Ag.Br_.jpg?fit=1140%2C760&ssl=1&resize=525%2C300 1.5x, https:\/\/i0.wp.com\/noticiasribeiraopreto.com.br\/wp-content\/uploads\/2024\/03\/DengueRP-Aedes-Arquivo-Ag.Br_.jpg?fit=1140%2C760&ssl=1&resize=700%2C400 2x, https:\/\/i0.wp.com\/noticiasribeiraopreto.com.br\/wp-content\/uploads\/2024\/03\/DengueRP-Aedes-Arquivo-Ag.Br_.jpg?fit=1140%2C760&ssl=1&resize=1050%2C600 3x"},"classes":[]},{"id":39642,"url":"https:\/\/noticiasribeiraopreto.com.br\/index.php\/2024\/02\/27\/brasil-se-aproxima-de-1-milhao-de-casos-provaveis-de-dengue\/","url_meta":{"origin":38460,"position":2},"title":"Brasil se aproxima de 1 milh\u00e3o de casos prov\u00e1veis de dengue","author":"noticiasribeiraopreto.com.br","date":"27 de February de 2024","format":false,"excerpt":"27 de fevereiro de 2024 | 12:3027 de fevereiro de 2024 | 11:57 0Desde o in\u00edcio de janeiro, o Brasil j\u00e1 registrou 920.427 casos prov\u00e1veis de dengue. O pa\u00eds contabiliza ainda 184 mortes confirmadas pela doen\u00e7a e 609 \u00f3bitos em investiga\u00e7\u00e3o. O coeficiente de incid\u00eancia da dengue no Brasil, neste\u2026","rel":"","context":"In &quot;Not\u00edcias de Ribeir\u00e3o Preto-SP e Regi\u00e3o&quot;","block_context":{"text":"Not\u00edcias de Ribeir\u00e3o Preto-SP e Regi\u00e3o","link":"https:\/\/noticiasribeiraopreto.com.br\/index.php\/category\/noticias-de-ribeirao-preto-sp-e-regiao-ismael-colosi\/"},"img":{"alt_text":"","src":"https:\/\/i0.wp.com\/noticiasribeiraopreto.com.br\/wp-content\/uploads\/2024\/02\/DengueRP-Den-Paulo-Whitaker-Reuters-scaled.jpg?fit=1000%2C598&ssl=1&resize=350%2C200","width":350,"height":200,"srcset":"https:\/\/i0.wp.com\/noticiasribeiraopreto.com.br\/wp-content\/uploads\/2024\/02\/DengueRP-Den-Paulo-Whitaker-Reuters-scaled.jpg?fit=1000%2C598&ssl=1&resize=350%2C200 1x, https:\/\/i0.wp.com\/noticiasribeiraopreto.com.br\/wp-content\/uploads\/2024\/02\/DengueRP-Den-Paulo-Whitaker-Reuters-scaled.jpg?fit=1000%2C598&ssl=1&resize=525%2C300 1.5x, https:\/\/i0.wp.com\/noticiasribeiraopreto.com.br\/wp-content\/uploads\/2024\/02\/DengueRP-Den-Paulo-Whitaker-Reuters-scaled.jpg?fit=1000%2C598&ssl=1&resize=700%2C400 2x"},"classes":[]},{"id":43671,"url":"https:\/\/noticiasribeiraopreto.com.br\/index.php\/2024\/03\/22\/dengue-ultrapassa-2-milhoes-de-casos\/","url_meta":{"origin":38460,"position":3},"title":"Dengue ultrapassa 2 milh\u00f5es de casos\u00a0","author":"noticiasribeiraopreto.com.br","date":"22 de March de 2024","format":false,"excerpt":"22 de mar\u00e7o de 2024 | 16:0022 de mar\u00e7o de 2024 | 11:51 0 O Brasil superou a barreira de dois milh\u00f5es de casos de dengue. Desde o in\u00edcio do ano, j\u00e1 s\u00e3o 2.010.896 e 682 mortes confirmadas pela doen\u00e7a. Outros 1.042 \u00f3bitos est\u00e3o em investiga\u00e7\u00e3o. O coeficiente de incid\u00eancia\u2026","rel":"","context":"In &quot;Not\u00edcias de Ribeir\u00e3o Preto-SP e Regi\u00e3o&quot;","block_context":{"text":"Not\u00edcias de Ribeir\u00e3o Preto-SP e Regi\u00e3o","link":"https:\/\/noticiasribeiraopreto.com.br\/index.php\/category\/noticias-de-ribeirao-preto-sp-e-regiao-ismael-colosi\/"},"img":{"alt_text":"","src":"https:\/\/i0.wp.com\/noticiasribeiraopreto.com.br\/wp-content\/uploads\/2024\/03\/DengueRP-Divulgacao-okyy-scaled.jpg?fit=1000%2C562&ssl=1&resize=350%2C200","width":350,"height":200,"srcset":"https:\/\/i0.wp.com\/noticiasribeiraopreto.com.br\/wp-content\/uploads\/2024\/03\/DengueRP-Divulgacao-okyy-scaled.jpg?fit=1000%2C562&ssl=1&resize=350%2C200 1x, https:\/\/i0.wp.com\/noticiasribeiraopreto.com.br\/wp-content\/uploads\/2024\/03\/DengueRP-Divulgacao-okyy-scaled.jpg?fit=1000%2C562&ssl=1&resize=525%2C300 1.5x, https:\/\/i0.wp.com\/noticiasribeiraopreto.com.br\/wp-content\/uploads\/2024\/03\/DengueRP-Divulgacao-okyy-scaled.jpg?fit=1000%2C562&ssl=1&resize=700%2C400 2x"},"classes":[]},{"id":40132,"url":"https:\/\/noticiasribeiraopreto.com.br\/index.php\/2024\/03\/01\/brasil-tem-mais-de-um-milhao-de-casos-de-dengue-este-ano\/","url_meta":{"origin":38460,"position":4},"title":"Brasil tem mais de um milh\u00e3o de casos de dengue este ano","author":"noticiasribeiraopreto.com.br","date":"1 de March de 2024","format":false,"excerpt":"1 de mar\u00e7o de 2024 | 10:301 de mar\u00e7o de 2024 | 8:59 0Desde o in\u00edcio do ano, o Brasil registrou 1.017.278 casos prov\u00e1veis de dengue e 214 mortes confirmadas pela doen\u00e7a. Outros 687 \u00f3bitos est\u00e3o em investiga\u00e7\u00e3o. O coeficiente de incid\u00eancia da dengue no pa\u00eds, neste momento, \u00e9 de\u2026","rel":"","context":"In &quot;Not\u00edcias de Ribeir\u00e3o Preto-SP e Regi\u00e3o&quot;","block_context":{"text":"Not\u00edcias de Ribeir\u00e3o Preto-SP e Regi\u00e3o","link":"https:\/\/noticiasribeiraopreto.com.br\/index.php\/category\/noticias-de-ribeirao-preto-sp-e-regiao-ismael-colosi\/"},"img":{"alt_text":"","src":"https:\/\/i0.wp.com\/noticiasribeiraopreto.com.br\/wp-content\/uploads\/2024\/03\/31bebc31-4506-4dd7-9015-8c1787b74c75-scaled.jpg?fit=1000%2C598&ssl=1&resize=350%2C200","width":350,"height":200,"srcset":"https:\/\/i0.wp.com\/noticiasribeiraopreto.com.br\/wp-content\/uploads\/2024\/03\/31bebc31-4506-4dd7-9015-8c1787b74c75-scaled.jpg?fit=1000%2C598&ssl=1&resize=350%2C200 1x, https:\/\/i0.wp.com\/noticiasribeiraopreto.com.br\/wp-content\/uploads\/2024\/03\/31bebc31-4506-4dd7-9015-8c1787b74c75-scaled.jpg?fit=1000%2C598&ssl=1&resize=525%2C300 1.5x, https:\/\/i0.wp.com\/noticiasribeiraopreto.com.br\/wp-content\/uploads\/2024\/03\/31bebc31-4506-4dd7-9015-8c1787b74c75-scaled.jpg?fit=1000%2C598&ssl=1&resize=700%2C400 2x"},"classes":[]},{"id":69338,"url":"https:\/\/noticiasribeiraopreto.com.br\/index.php\/2025\/05\/05\/casos-de-dengue-superam-115-mi\/","url_meta":{"origin":38460,"position":5},"title":"Casos de dengue superam 1,15 mi \u00a0","author":"noticiasribeiraopreto.com.br","date":"5 de May de 2025","format":false,"excerpt":"5 de maio de 2025 09:303 de maio de 2025 19:168 Compartilhar0 O Brasil fechou o ano passado com mais de 6,6 milh\u00f5es de casos de dengue e superou a marca de 6.200 mortes em decorr\u00eancia da doen\u00e7a. Segundo dados do painel do Minist\u00e9rio da Sa\u00fade, s\u00e3o 6.601.253 cont\u00e1gios e\u2026","rel":"","context":"In &quot;Not\u00edcias de Ribeir\u00e3o Preto-SP e Regi\u00e3o&quot;","block_context":{"text":"Not\u00edcias de Ribeir\u00e3o Preto-SP e Regi\u00e3o","link":"https:\/\/noticiasribeiraopreto.com.br\/index.php\/category\/noticias-de-ribeirao-preto-sp-e-regiao-ismael-colosi\/"},"img":{"alt_text":"","src":"https:\/\/i0.wp.com\/noticiasribeiraopreto.com.br\/wp-content\/uploads\/2025\/05\/DengueRP-Divulgacao-3.jpg?fit=1200%2C807&ssl=1&resize=350%2C200","width":350,"height":200,"srcset":"https:\/\/i0.wp.com\/noticiasribeiraopreto.com.br\/wp-content\/uploads\/2025\/05\/DengueRP-Divulgacao-3.jpg?fit=1200%2C807&ssl=1&resize=350%2C200 1x, https:\/\/i0.wp.com\/noticiasribeiraopreto.com.br\/wp-content\/uploads\/2025\/05\/DengueRP-Divulgacao-3.jpg?fit=1200%2C807&ssl=1&resize=525%2C300 1.5x, https:\/\/i0.wp.com\/noticiasribeiraopreto.com.br\/wp-content\/uploads\/2025\/05\/DengueRP-Divulgacao-3.jpg?fit=1200%2C807&ssl=1&resize=700%2C400 2x, https:\/\/i0.wp.com\/noticiasribeiraopreto.com.br\/wp-content\/uploads\/2025\/05\/DengueRP-Divulgacao-3.jpg?fit=1200%2C807&ssl=1&resize=1050%2C600 3x"},"classes":[]}],"jetpack_sharing_enabled":true,"jetpack_shortlink":"https:\/\/wp.me\/peQAOb-a0k","_links":{"self":[{"href":"https:\/\/noticiasribeiraopreto.com.br\/index.php\/wp-json\/wp\/v2\/posts\/38460","targetHints":{"allow":["GET"]}}],"collection":[{"href":"https:\/\/noticiasribeiraopreto.com.br\/index.php\/wp-json\/wp\/v2\/posts"}],"about":[{"href":"https:\/\/noticiasribeiraopreto.com.br\/index.php\/wp-json\/wp\/v2\/types\/post"}],"author":[{"embeddable":true,"href":"https:\/\/noticiasribeiraopreto.com.br\/index.php\/wp-json\/wp\/v2\/users\/1"}],"replies":[{"embeddable":true,"href":"https:\/\/noticiasribeiraopreto.com.br\/index.php\/wp-json\/wp\/v2\/comments?post=38460"}],"version-history":[{"count":0,"href":"https:\/\/noticiasribeiraopreto.com.br\/index.php\/wp-json\/wp\/v2\/posts\/38460\/revisions"}],"wp:featuredmedia":[{"embeddable":true,"href":"https:\/\/noticiasribeiraopreto.com.br\/index.php\/wp-json\/wp\/v2\/media\/38461"}],"wp:attachment":[{"href":"https:\/\/noticiasribeiraopreto.com.br\/index.php\/wp-json\/wp\/v2\/media?parent=38460"}],"wp:term":[{"taxonomy":"category","embeddable":true,"href":"https:\/\/noticiasribeiraopreto.com.br\/index.php\/wp-json\/wp\/v2\/categories?post=38460"},{"taxonomy":"post_tag","embeddable":true,"href":"https:\/\/noticiasribeiraopreto.com.br\/index.php\/wp-json\/wp\/v2\/tags?post=38460"}],"curies":[{"name":"wp","href":"https:\/\/api.w.org\/{rel}","templated":true}]}}