{"id":38508,"date":"2024-02-20T12:56:40","date_gmt":"2024-02-20T15:56:40","guid":{"rendered":"https:\/\/noticiasribeiraopreto.com.br\/index.php\/2024\/02\/20\/vivo-abre-290-vagas-para-jovem-aprendiz-em-23-estados\/"},"modified":"2024-02-20T12:56:40","modified_gmt":"2024-02-20T15:56:40","slug":"vivo-abre-290-vagas-para-jovem-aprendiz-em-23-estados","status":"publish","type":"post","link":"https:\/\/noticiasribeiraopreto.com.br\/index.php\/2024\/02\/20\/vivo-abre-290-vagas-para-jovem-aprendiz-em-23-estados\/","title":{"rendered":"Vivo abre 290 vagas para Jovem Aprendiz em 23 estados"},"content":{"rendered":"<div class='code-block code-block-1' style='margin: 8px 0 8px auto; text-align: right; display: block; clear: both;'>\n<p><a href=\"https:\/\/wa.link\/vpicfd\"><img data-recalc-dims=\"1\" class=\"wp-image-4922\" style=\"aspect-ratio: 2.0253164556962027; width: 561px; height: auto;\" src=\"https:\/\/i0.wp.com\/ismaelcolosi.com.br\/wp-content\/uploads\/2023\/11\/grupo-de-empregos-whatsapp-e-facebook-ismael-colosi-vagas.jpg?ssl=1\" alt=\"\" \/><\/a><\/p>\n<!-- \/wp:image -->\n<\/div>\n<p> <br \/>\n<\/p>\n<div id=\"\">\n<div class=\"content-infos\">\n<div class=\"texts\">\n<p class=\"author tooltip-comp\"> Da reda\u00e7\u00e3o<span class=\"icon-i\">i<\/span><span class=\"tooltiptext\"> <span class=\"author\"><span>Da reda\u00e7\u00e3o<\/span> <\/span><span class=\"desc\"\/> <\/span><\/p>\n<p>20\/02\/2024 &#8211; 12:55<\/p>\n<\/div>\n<div id=\"share-modal\" class=\"share-modal\"> <button class=\"box-close btn-share\"> <img decoding=\"async\" src=\"https:\/\/istoedinheiro.com.br\/wp-content\/themes\/dinheiro-wp-theme\/assets\/img\/svg\/closeIcon.svg?x46096\" alt=\"Close icon\" class=\"close-btn lazy\"\/> <\/button><\/div>\n<\/p><\/div>\n<p style=\"text-align: left\" align=\"center\">A Vivo est\u00e1 com cerca de 290 vagas abertas para o seu Programa de Jovem Aprendiz e, refor\u00e7ando o compromisso com a diversidade e a inclus\u00e3o, metade das oportunidades \u00e9 para talentos negros. As vagas s\u00e3o para 23 estados, al\u00e9m do Distrito Federal. Os interessados precisam ter entre 16 e 21 anos e estar matriculado ou ter conclu\u00eddo o ensino m\u00e9dio. Para pessoas com defici\u00eancia, n\u00e3o h\u00e1 limite de idade. O processo seletivo ser\u00e1 100% digital.<\/p>\n<p style=\"text-align: left\" align=\"center\"><strong>+Grupo MRV abre 120 vagas para Jovem Aprendiz em todo o Brasil; veja como se inscrever<\/strong><\/p>\n<blockquote>\n<h4 style=\"text-align: center\"><span style=\"color: #993300\"><strong>\u201cCom o programa, queremos incluir jovens profissionais no mercado de trabalho, capacitando esses talentos para constru\u00edrem uma carreira\u201d, destaca a VP de pessoas da Vivo, Niva Ribeiro.\u00a0<\/strong><\/span><\/h4>\n<\/blockquote>\n<p style=\"text-align: left\">Para isso, a companhia ter\u00e1 uma trilha de desenvolvimento que valoriza a aprendizagem constante com ferramentas de desenvolvimento profissional e pessoal, al\u00e9m da cultura da empresa. A capacita\u00e7\u00e3o contar\u00e1 tamb\u00e9m com oficinas de conex\u00e3o com o neg\u00f3cio e atividades para colocar em pr\u00e1tica os conhecimentos adquiridos.<\/p>\n<p style=\"text-align: left\">Segundo a Vivo, o sal\u00e1rio \u00e9 compat\u00edvel com o mercado. Entre os benef\u00edcios est\u00e3o linha funcional corporativa, assist\u00eancia m\u00e9dica, assist\u00eancia odontol\u00f3gica, seguro de vida e dia de folga de anivers\u00e1rio. Os selecionados ser\u00e3o admitidos em maio de 2024.<\/p>\n<p style=\"text-align: left\">As inscri\u00e7\u00f5es v\u00e3o at\u00e9 o dia 22 de mar\u00e7o e os interessados devem <strong><a href=\"https:\/\/vivo.tl\/jovemaprendiz2024\" rel=\"nofollow noopener\" target=\"_blank\">acessar este link.<\/a><a id=\"m_2923004362011128333OWAfb484876-dd91-0e72-83b8-74bbb8d94ec4\" href=\"https:\/\/vivo.tl\/jovemaprendiz2024\" target=\"_blank\" rel=\"noopener noreferrer nofollow\" data-saferedirecturl=\"https:\/\/www.google.com\/url?q=https:\/\/vivo.tl\/jovemaprendiz2024&amp;source=gmail&amp;ust=1708450397686000&amp;usg=AOvVaw2U6yBZMKMGI5Ud77ohvyoE\"><\/strong><\/p>\n<section data-hb-type=\"ads\" name=\"adsMateria\" data-hb-position=\"after-content\" data-hb-provider=\"\">\n<hr\/>\n<\/section>\n<div id=\"share-modal\" class=\"share-modal\"> <button class=\"box-close btn-share\"> <img decoding=\"async\" src=\"https:\/\/istoedinheiro.com.br\/wp-content\/themes\/dinheiro-wp-theme\/assets\/img\/svg\/closeIcon.svg?x46096\" alt=\"Close icon\" class=\"close-btn lazy\"\/> <\/button><\/div>\n<\/p><\/div>\n<p><script>!function(f,b,e,v,n,t,s){if(f.fbq)return;n=f.fbq=function(){n.callMethod?n.callMethod.apply(n,arguments):n.queue.push(arguments)};if(!f._fbq)f._fbq=n;n.push=n;n.loaded=!0;n.version='2.0';n.queue=[];t=b.createElement(e);t.async=!0;t.src=v;s=b.getElementsByTagName(e)[0];s.parentNode.insertBefore(t,s)}(window,document,'script','<\/script><br \/>\n<br \/><br \/>\n<br \/><a href=\"https:\/\/istoedinheiro.com.br\/vivo-abre-290-vagas-jovem-aprendiz-23-estados\/\">Source link <\/a><\/p>\n<!-- CONTENT END 1 -->\n","protected":false},"excerpt":{"rendered":"<p>Da reda\u00e7\u00e3oi Da reda\u00e7\u00e3o 20\/02\/2024 &#8211; 12:55 A Vivo est\u00e1 com cerca de 290 vagas abertas para o seu Programa de Jovem Aprendiz e, refor\u00e7ando&#8230;<\/p>\n","protected":false},"author":1,"featured_media":38509,"comment_status":"open","ping_status":"open","sticky":false,"template":"","format":"standard","meta":{"advanced_seo_description":"","jetpack_seo_html_title":"","jetpack_seo_noindex":false,"jetpack_post_was_ever_published":false,"_jetpack_newsletter_access":"","_jetpack_dont_email_post_to_subs":false,"_jetpack_newsletter_tier_id":0,"_jetpack_memberships_contains_paywalled_content":false,"_jetpack_memberships_contains_paid_content":false,"footnotes":"","jetpack_publicize_message":"","jetpack_publicize_feature_enabled":true,"jetpack_social_post_already_shared":true,"jetpack_social_options":{"image_generator_settings":{"template":"highway","default_image_id":0,"font":"","enabled":false},"version":2}},"categories":[3598],"tags":[],"class_list":["post-38508","post","type-post","status-publish","format-standard","has-post-thumbnail","hentry","category-empregos-classificados-vagas-trabalho"],"jetpack_publicize_connections":[],"jetpack_featured_media_url":"https:\/\/i0.wp.com\/noticiasribeiraopreto.com.br\/wp-content\/uploads\/2024\/02\/unnamed-3.jpg?fit=300%2C200&ssl=1","jetpack-related-posts":[{"id":44424,"url":"https:\/\/noticiasribeiraopreto.com.br\/index.php\/2024\/03\/27\/vagas-jovem-aprendiz-para-trabalhar-de-casa\/","url_meta":{"origin":38508,"position":0},"title":"Vagas Jovem Aprendiz para trabalhar de casa","author":"noticiasribeiraopreto.com.br","date":"27 de March de 2024","format":false,"excerpt":"Jovem Aprendiz Jovem Aprendiz VIVO 2024: Veja informa\u00e7\u00f5es sobre Inscri\u00e7\u00f5es, Vagas Abertas e Sal\u00e1rios A Vivo, uma das maiores empresas de telecomunica\u00e7\u00f5es do Brasil, est\u00e1 oferecendo cerca de 290 vagas de emprego em seu Programa de Jovem Aprendiz. Dispon\u00edveis em 23 estados e no Leia mais Home Office Jovem Aprendiz\u2026","rel":"","context":"In &quot;Vagas de Emprego Remoto - Home Office&quot;","block_context":{"text":"Vagas de Emprego Remoto - Home Office","link":"https:\/\/noticiasribeiraopreto.com.br\/index.php\/category\/empregos-classificados-vagas-trabalho\/vagas-de-empregos-em-ribeirao-preto-regiao-brasil\/vagas-de-emprego-para-trabalhar-de-casa-home-office-remoto\/"},"img":{"alt_text":"","src":"https:\/\/i0.wp.com\/noticiasribeiraopreto.com.br\/wp-content\/uploads\/2024\/02\/vivo-telefonica-brasil-companyupdate-1708439628465-761x492.webp?fit=761%2C492&ssl=1&resize=350%2C200","width":350,"height":200,"srcset":"https:\/\/i0.wp.com\/noticiasribeiraopreto.com.br\/wp-content\/uploads\/2024\/02\/vivo-telefonica-brasil-companyupdate-1708439628465-761x492.webp?fit=761%2C492&ssl=1&resize=350%2C200 1x, https:\/\/i0.wp.com\/noticiasribeiraopreto.com.br\/wp-content\/uploads\/2024\/02\/vivo-telefonica-brasil-companyupdate-1708439628465-761x492.webp?fit=761%2C492&ssl=1&resize=525%2C300 1.5x, https:\/\/i0.wp.com\/noticiasribeiraopreto.com.br\/wp-content\/uploads\/2024\/02\/vivo-telefonica-brasil-companyupdate-1708439628465-761x492.webp?fit=761%2C492&ssl=1&resize=700%2C400 2x"},"classes":[]},{"id":55620,"url":"https:\/\/noticiasribeiraopreto.com.br\/index.php\/2024\/08\/04\/vagas-jovem-aprendiz-para-trabalhar-de-casa-4\/","url_meta":{"origin":38508,"position":1},"title":"Vagas Jovem Aprendiz para trabalhar de casa","author":"noticiasribeiraopreto.com.br","date":"4 de August de 2024","format":false,"excerpt":"Home Office Jovem Aprendiz Seu primeiro emprego diretamente de casa! Cobmax abre vagas para JOVEM APRENDIZ 100% HOME OFFICE Aqui, despertamos o potencial m\u00e1ximo de pessoas e organiza\u00e7\u00f5es por meio de tecnologias em venda para transformar jornadas! Estamos h\u00e1 14 anos otimizamos jornadas de compras de clientes para criar Leia\u2026","rel":"","context":"In &quot;Vagas de Emprego Remoto - Home Office&quot;","block_context":{"text":"Vagas de Emprego Remoto - Home Office","link":"https:\/\/noticiasribeiraopreto.com.br\/index.php\/category\/empregos-classificados-vagas-trabalho\/vagas-de-empregos-em-ribeirao-preto-regiao-brasil\/vagas-de-emprego-para-trabalhar-de-casa-home-office-remoto\/"},"img":{"alt_text":"","src":"https:\/\/i0.wp.com\/noticiasribeiraopreto.com.br\/wp-content\/uploads\/2024\/06\/jovem-aprendia-cobmax-761x492.webp?fit=761%2C492&ssl=1&resize=350%2C200","width":350,"height":200,"srcset":"https:\/\/i0.wp.com\/noticiasribeiraopreto.com.br\/wp-content\/uploads\/2024\/06\/jovem-aprendia-cobmax-761x492.webp?fit=761%2C492&ssl=1&resize=350%2C200 1x, https:\/\/i0.wp.com\/noticiasribeiraopreto.com.br\/wp-content\/uploads\/2024\/06\/jovem-aprendia-cobmax-761x492.webp?fit=761%2C492&ssl=1&resize=525%2C300 1.5x, https:\/\/i0.wp.com\/noticiasribeiraopreto.com.br\/wp-content\/uploads\/2024\/06\/jovem-aprendia-cobmax-761x492.webp?fit=761%2C492&ssl=1&resize=700%2C400 2x"},"classes":[]},{"id":52939,"url":"https:\/\/noticiasribeiraopreto.com.br\/index.php\/2024\/06\/14\/vagas-jovem-aprendiz-para-trabalhar-de-casa-3\/","url_meta":{"origin":38508,"position":2},"title":"Vagas Jovem Aprendiz para trabalhar de casa","author":"noticiasribeiraopreto.com.br","date":"14 de June de 2024","format":false,"excerpt":"Home Office Jovem Aprendiz Seu primeiro emprego diretamente de casa! Cobmax abre vagas para JOVEM APRENDIZ 100% HOME OFFICE Aqui, despertamos o potencial m\u00e1ximo de pessoas e organiza\u00e7\u00f5es por meio de tecnologias em venda para transformar jornadas! Estamos h\u00e1 14 anos otimizamos jornadas de compras de clientes para criar Leia\u2026","rel":"","context":"In &quot;Vagas de Emprego Remoto - Home Office&quot;","block_context":{"text":"Vagas de Emprego Remoto - Home Office","link":"https:\/\/noticiasribeiraopreto.com.br\/index.php\/category\/empregos-classificados-vagas-trabalho\/vagas-de-empregos-em-ribeirao-preto-regiao-brasil\/vagas-de-emprego-para-trabalhar-de-casa-home-office-remoto\/"},"img":{"alt_text":"","src":"https:\/\/i0.wp.com\/noticiasribeiraopreto.com.br\/wp-content\/uploads\/2024\/06\/jovem-aprendia-cobmax-761x492.webp?fit=761%2C492&ssl=1&resize=350%2C200","width":350,"height":200,"srcset":"https:\/\/i0.wp.com\/noticiasribeiraopreto.com.br\/wp-content\/uploads\/2024\/06\/jovem-aprendia-cobmax-761x492.webp?fit=761%2C492&ssl=1&resize=350%2C200 1x, https:\/\/i0.wp.com\/noticiasribeiraopreto.com.br\/wp-content\/uploads\/2024\/06\/jovem-aprendia-cobmax-761x492.webp?fit=761%2C492&ssl=1&resize=525%2C300 1.5x, https:\/\/i0.wp.com\/noticiasribeiraopreto.com.br\/wp-content\/uploads\/2024\/06\/jovem-aprendia-cobmax-761x492.webp?fit=761%2C492&ssl=1&resize=700%2C400 2x"},"classes":[]},{"id":52099,"url":"https:\/\/noticiasribeiraopreto.com.br\/index.php\/2024\/06\/04\/vagas-jovem-aprendiz-para-trabalhar-de-casa-2\/","url_meta":{"origin":38508,"position":3},"title":"Vagas Jovem Aprendiz para trabalhar de casa","author":"noticiasribeiraopreto.com.br","date":"4 de June de 2024","format":false,"excerpt":"Home Office Jovem Aprendiz Seu primeiro emprego diretamente de casa! Cobmax abre vagas para JOVEM APRENDIZ 100% HOME OFFICE Aqui, despertamos o potencial m\u00e1ximo de pessoas e organiza\u00e7\u00f5es por meio de tecnologias em venda para transformar jornadas! Estamos h\u00e1 14 anos otimizamos jornadas de compras de clientes para criar Leia\u2026","rel":"","context":"In &quot;Vagas de Emprego Remoto - Home Office&quot;","block_context":{"text":"Vagas de Emprego Remoto - Home Office","link":"https:\/\/noticiasribeiraopreto.com.br\/index.php\/category\/empregos-classificados-vagas-trabalho\/vagas-de-empregos-em-ribeirao-preto-regiao-brasil\/vagas-de-emprego-para-trabalhar-de-casa-home-office-remoto\/"},"img":{"alt_text":"","src":"https:\/\/i0.wp.com\/noticiasribeiraopreto.com.br\/wp-content\/uploads\/2024\/06\/jovem-aprendia-cobmax-761x492.webp?fit=761%2C492&ssl=1&resize=350%2C200","width":350,"height":200,"srcset":"https:\/\/i0.wp.com\/noticiasribeiraopreto.com.br\/wp-content\/uploads\/2024\/06\/jovem-aprendia-cobmax-761x492.webp?fit=761%2C492&ssl=1&resize=350%2C200 1x, https:\/\/i0.wp.com\/noticiasribeiraopreto.com.br\/wp-content\/uploads\/2024\/06\/jovem-aprendia-cobmax-761x492.webp?fit=761%2C492&ssl=1&resize=525%2C300 1.5x, https:\/\/i0.wp.com\/noticiasribeiraopreto.com.br\/wp-content\/uploads\/2024\/06\/jovem-aprendia-cobmax-761x492.webp?fit=761%2C492&ssl=1&resize=700%2C400 2x"},"classes":[]},{"id":39278,"url":"https:\/\/noticiasribeiraopreto.com.br\/index.php\/2024\/02\/24\/jovem-aprendiz-vivo-2024-veja-informacoes-sobre-inscricoes-vagas-abertas-e-salarios\/","url_meta":{"origin":38508,"position":4},"title":"Jovem Aprendiz VIVO 2024: Veja informa\u00e7\u00f5es sobre Inscri\u00e7\u00f5es, Vagas Abertas e Sal\u00e1rios","author":"noticiasribeiraopreto.com.br","date":"24 de February de 2024","format":false,"excerpt":"Home Office Unimed abre vagas HOME OFFICE com sal\u00e1rio de R$ 3.126,12 MIL por m\u00eas para Assistente de Contabilidade e Assistente de Customer Success Home Office Grupo OLX anuncia vaga 100% HOME OFFICE para Atendimento ao Cliente com sal\u00e1rio m\u00e9dio de at\u00e9 3 MIL por m\u00eas Home Office Unimed abriu\u2026","rel":"","context":"In &quot;Vagas de Emprego Remoto - Home Office&quot;","block_context":{"text":"Vagas de Emprego Remoto - Home Office","link":"https:\/\/noticiasribeiraopreto.com.br\/index.php\/category\/empregos-classificados-vagas-trabalho\/vagas-de-empregos-em-ribeirao-preto-regiao-brasil\/vagas-de-emprego-para-trabalhar-de-casa-home-office-remoto\/"},"img":{"alt_text":"","src":"https:\/\/i0.wp.com\/noticiasribeiraopreto.com.br\/wp-content\/uploads\/2024\/02\/vivo-telefonica-brasil-companyupdate-1708439628465-761x492.webp?fit=761%2C492&ssl=1&resize=350%2C200","width":350,"height":200,"srcset":"https:\/\/i0.wp.com\/noticiasribeiraopreto.com.br\/wp-content\/uploads\/2024\/02\/vivo-telefonica-brasil-companyupdate-1708439628465-761x492.webp?fit=761%2C492&ssl=1&resize=350%2C200 1x, https:\/\/i0.wp.com\/noticiasribeiraopreto.com.br\/wp-content\/uploads\/2024\/02\/vivo-telefonica-brasil-companyupdate-1708439628465-761x492.webp?fit=761%2C492&ssl=1&resize=525%2C300 1.5x, https:\/\/i0.wp.com\/noticiasribeiraopreto.com.br\/wp-content\/uploads\/2024\/02\/vivo-telefonica-brasil-companyupdate-1708439628465-761x492.webp?fit=761%2C492&ssl=1&resize=700%2C400 2x"},"classes":[]},{"id":65842,"url":"https:\/\/noticiasribeiraopreto.com.br\/index.php\/2025\/03\/25\/jornal-da-franca-veja-quantas-vagas-a-sabesp-abriu-em-franca-para-o-programa-jovem-aprendiz\/","url_meta":{"origin":38508,"position":5},"title":"Jornal da Franca &#8211; Veja quantas vagas a Sabesp abriu em Franca para o Programa Jovem Aprendiz","author":"noticiasribeiraopreto.com.br","date":"25 de March de 2025","format":false,"excerpt":"compartilhar no whatsapp compartilhar no telegram compartilhar no facebook compartilhar no linkedin O programa traz oportunidades de atua\u00e7\u00e3o em 51 munic\u00edpios do estado de S\u00e3o Paulo. Em Franca s\u00e3o 21 vagas de t\u00e9cnico em eletromec\u00e2nica Laura Carolina Reis Oliveira, 18 anos, foi Jovem Aprendiz da \u00faltima edi\u00e7\u00e3o e acaba de\u2026","rel":"","context":"In &quot;Not\u00edcias de Franca-SP&quot;","block_context":{"text":"Not\u00edcias de Franca-SP","link":"https:\/\/noticiasribeiraopreto.com.br\/index.php\/category\/noticias-de-ribeirao-preto-sp-e-regiao-ismael-colosi\/noticias-franca-sp\/"},"img":{"alt_text":"","src":"https:\/\/i0.wp.com\/noticiasribeiraopreto.com.br\/wp-content\/uploads\/2025\/03\/Foto-Laura-Carolina-Reis-Oliveira-18-anos-foi-Jovem-Aprendiz-da-ultima-edicao-e-acaba-de-ser-contratada.jpg?fit=1200%2C800&ssl=1&resize=350%2C200","width":350,"height":200,"srcset":"https:\/\/i0.wp.com\/noticiasribeiraopreto.com.br\/wp-content\/uploads\/2025\/03\/Foto-Laura-Carolina-Reis-Oliveira-18-anos-foi-Jovem-Aprendiz-da-ultima-edicao-e-acaba-de-ser-contratada.jpg?fit=1200%2C800&ssl=1&resize=350%2C200 1x, https:\/\/i0.wp.com\/noticiasribeiraopreto.com.br\/wp-content\/uploads\/2025\/03\/Foto-Laura-Carolina-Reis-Oliveira-18-anos-foi-Jovem-Aprendiz-da-ultima-edicao-e-acaba-de-ser-contratada.jpg?fit=1200%2C800&ssl=1&resize=525%2C300 1.5x, https:\/\/i0.wp.com\/noticiasribeiraopreto.com.br\/wp-content\/uploads\/2025\/03\/Foto-Laura-Carolina-Reis-Oliveira-18-anos-foi-Jovem-Aprendiz-da-ultima-edicao-e-acaba-de-ser-contratada.jpg?fit=1200%2C800&ssl=1&resize=700%2C400 2x, https:\/\/i0.wp.com\/noticiasribeiraopreto.com.br\/wp-content\/uploads\/2025\/03\/Foto-Laura-Carolina-Reis-Oliveira-18-anos-foi-Jovem-Aprendiz-da-ultima-edicao-e-acaba-de-ser-contratada.jpg?fit=1200%2C800&ssl=1&resize=1050%2C600 3x"},"classes":[]}],"jetpack_sharing_enabled":true,"jetpack_shortlink":"https:\/\/wp.me\/peQAOb-a16","_links":{"self":[{"href":"https:\/\/noticiasribeiraopreto.com.br\/index.php\/wp-json\/wp\/v2\/posts\/38508","targetHints":{"allow":["GET"]}}],"collection":[{"href":"https:\/\/noticiasribeiraopreto.com.br\/index.php\/wp-json\/wp\/v2\/posts"}],"about":[{"href":"https:\/\/noticiasribeiraopreto.com.br\/index.php\/wp-json\/wp\/v2\/types\/post"}],"author":[{"embeddable":true,"href":"https:\/\/noticiasribeiraopreto.com.br\/index.php\/wp-json\/wp\/v2\/users\/1"}],"replies":[{"embeddable":true,"href":"https:\/\/noticiasribeiraopreto.com.br\/index.php\/wp-json\/wp\/v2\/comments?post=38508"}],"version-history":[{"count":0,"href":"https:\/\/noticiasribeiraopreto.com.br\/index.php\/wp-json\/wp\/v2\/posts\/38508\/revisions"}],"wp:featuredmedia":[{"embeddable":true,"href":"https:\/\/noticiasribeiraopreto.com.br\/index.php\/wp-json\/wp\/v2\/media\/38509"}],"wp:attachment":[{"href":"https:\/\/noticiasribeiraopreto.com.br\/index.php\/wp-json\/wp\/v2\/media?parent=38508"}],"wp:term":[{"taxonomy":"category","embeddable":true,"href":"https:\/\/noticiasribeiraopreto.com.br\/index.php\/wp-json\/wp\/v2\/categories?post=38508"},{"taxonomy":"post_tag","embeddable":true,"href":"https:\/\/noticiasribeiraopreto.com.br\/index.php\/wp-json\/wp\/v2\/tags?post=38508"}],"curies":[{"name":"wp","href":"https:\/\/api.w.org\/{rel}","templated":true}]}}