{"id":38520,"date":"2024-02-20T13:27:07","date_gmt":"2024-02-20T16:27:07","guid":{"rendered":"https:\/\/noticiasribeiraopreto.com.br\/index.php\/2024\/02\/20\/sassom-de-ribeirao-preto-tem-processo-seletivo-para-diversas-areas-confira\/"},"modified":"2024-02-20T13:27:07","modified_gmt":"2024-02-20T16:27:07","slug":"sassom-de-ribeirao-preto-tem-processo-seletivo-para-diversas-areas-confira","status":"publish","type":"post","link":"https:\/\/noticiasribeiraopreto.com.br\/index.php\/2024\/02\/20\/sassom-de-ribeirao-preto-tem-processo-seletivo-para-diversas-areas-confira\/","title":{"rendered":"Sassom de Ribeir\u00e3o Preto tem processo seletivo para diversas \u00e1reas; Confira"},"content":{"rendered":"<div class='code-block code-block-1' style='margin: 8px 0 8px auto; text-align: right; display: block; clear: both;'>\n<p><a href=\"https:\/\/wa.link\/vpicfd\"><img data-recalc-dims=\"1\" class=\"wp-image-4922\" style=\"aspect-ratio: 2.0253164556962027; width: 561px; height: auto;\" src=\"https:\/\/i0.wp.com\/ismaelcolosi.com.br\/wp-content\/uploads\/2023\/11\/grupo-de-empregos-whatsapp-e-facebook-ismael-colosi-vagas.jpg?ssl=1\" alt=\"\" \/><\/a><\/p>\n<!-- \/wp:image -->\n<\/div>\n<p> <br \/>\n<\/p>\n<div data-td-block-uid=\"tdi_102\">\n<div class=\"tdb-block-inner td-fix-index\">\n<p>O <strong><a href=\"https:\/\/www.ribeiraopreto.sp.gov.br\/portal\/sassom\/\" target=\"_blank\" rel=\"noreferrer noopener nofollow\">Sassom (Servi\u00e7o de Assist\u00eancia \u00e0 Sa\u00fade dos Municipi\u00e1rios de Ribeir\u00e3o Preto) <\/a><\/strong>abriu <mark style=\"background-color:#fcb900\" class=\"has-inline-color has-black-color\"><strong>processo seletivo<\/strong> para contrata\u00e7\u00e3o de estagi\u00e1rios em diversas \u00e1reas<\/mark>. As oportunidades s\u00e3o para estudantes de n\u00edvel m\u00e9dio, t\u00e9cnico e superior.<\/p>\n<p>As inscri\u00e7\u00f5es devem ser realizadas no portal do<strong> <\/strong><a href=\"https:\/\/pp.ciee.org.br\/vitrine\/12020\/detalhe\" target=\"_blank\" rel=\"noreferrer noopener nofollow\"><strong>Ciee<\/strong> (clique aqui)<\/a> no <mark style=\"background-color:#fcb900\" class=\"has-inline-color has-black-color\">per\u00edodo entre 26 de fevereiro at\u00e9 as 12h do dia 13 de mar\u00e7o de 2024.<\/mark><\/p>\n<h4 class=\"wp-block-heading\"><strong>Veja as vagas dispon\u00edveis<\/strong><\/h4>\n<p><strong>N\u00edvel superior<\/strong><\/p>\n<ul>\n<li>Administra\u00e7\u00e3o, ci\u00eancias cont\u00e1beis, Direito, enfermagem, gest\u00e3o da inova\u00e7\u00e3o e empreendedorismo, gest\u00e3o de recursos humanos, gest\u00e3o financeira, gest\u00e3o p\u00fablica, processos gerenciais, secretariado executivo.<\/li>\n<\/ul>\n<p><strong>N\u00edvel m\u00e9dio<\/strong><\/p>\n<ul>\n<li>Ensino m\u00e9dio a partir do 2\u00ba ano.<\/li>\n<\/ul>\n<p><strong>N\u00edvel t\u00e9cnico<\/strong><\/p>\n<ul>\n<li>Administra\u00e7\u00e3o, assuntos jur\u00eddicos, contabilidade, enfermagem e secretariado.<\/li>\n<\/ul>\n<p>As vagas de n\u00edvel t\u00e9cnico e superior s\u00e3o para estudantes a partir do 2\u00ba semestre de curso.<\/p>\n<p>O valor da bolsa-aux\u00edlio varia entre R$ 388,88 (para 4 horas di\u00e1rias) e R$ 689 (para 6 horas di\u00e1rias). Al\u00e9m disso, s\u00e3o oferecidos aux\u00edlio transporte de R$ 193 e aux\u00edlio alimenta\u00e7\u00e3o de R$ 252.<\/p>\n<p>O edital completo pode ser conferido <a href=\"https:\/\/pp.ciee.org.br\/vitrine\/12020\/detalhe\" target=\"_blank\" rel=\"noreferrer noopener nofollow\">clicando aqui<\/a>.<\/p>\n<p>SAIBA MAIS<br \/>Desenvolve SP tem concurso p\u00fablico com 14 vagas e sal\u00e1rios de R$ 7 mil<\/p>\n<h4 class=\"wp-block-heading\"><strong>FIQUE ON<\/strong><\/h4>\n<p>Fique ligado em tudo que acontece em Ribeir\u00e3o Preto e regi\u00e3o. Siga os perfis do <strong>acidade on <\/strong>no <a href=\"https:\/\/www.instagram.com\/acidadeonribeirao\" target=\"_blank\" rel=\"noreferrer noopener nofollow\">Instagram<\/a> e no<a href=\"https:\/\/www.facebook.com\/acidadeonribeirao\" target=\"_blank\" rel=\"noreferrer noopener nofollow\"> Facebook<\/a>.<\/p>\n<p>Receba not\u00edcias do <strong>acidade on<\/strong> no WhatsApp. <a href=\"https:\/\/chat.whatsapp.com\/Bnv2w66ZT4VDyZW3oiZ69n\" target=\"_blank\" rel=\"noreferrer noopener nofollow\">Para entrar no grupo, basta clicar aqui.<\/a><\/p>\n<p>Fa\u00e7a uma den\u00fancia ou sugira uma reportagem sobre Ribeir\u00e3o Preto e regi\u00e3o pelo WhatsApp: 16 99117 7802.<\/p>\n<p>VEJA TAMB\u00c9M<br \/>Renascer: com quem Jos\u00e9 Bento fica na novela?<\/p>\n<p><!-- AI CONTENT END 1 -->\n<\/div>\n<\/div>\n<p><script async src=\"\/\/www.instagram.com\/embed.js\"><\/script><br \/>\n<br \/><br \/>\n<br \/><a href=\"https:\/\/www.acidadeon.com\/ribeiraopreto\/economia\/sassom-de-ribeirao-preto-tem-processo-seletivo-para-diversas-areas-confira\/\">Source link <\/a><\/p>\n<!-- CONTENT END 1 -->\n","protected":false},"excerpt":{"rendered":"<p>O Sassom (Servi\u00e7o de Assist\u00eancia \u00e0 Sa\u00fade dos Municipi\u00e1rios de Ribeir\u00e3o Preto) abriu processo seletivo para contrata\u00e7\u00e3o de estagi\u00e1rios em diversas \u00e1reas. As oportunidades s\u00e3o&#8230;<\/p>\n","protected":false},"author":1,"featured_media":38521,"comment_status":"open","ping_status":"open","sticky":false,"template":"","format":"standard","meta":{"advanced_seo_description":"","jetpack_seo_html_title":"","jetpack_seo_noindex":false,"jetpack_post_was_ever_published":false,"_jetpack_newsletter_access":"","_jetpack_dont_email_post_to_subs":false,"_jetpack_newsletter_tier_id":0,"_jetpack_memberships_contains_paywalled_content":false,"_jetpack_memberships_contains_paid_content":false,"footnotes":"","jetpack_publicize_message":"","jetpack_publicize_feature_enabled":true,"jetpack_social_post_already_shared":true,"jetpack_social_options":{"image_generator_settings":{"template":"highway","default_image_id":0,"font":"","enabled":false},"version":2}},"categories":[11],"tags":[],"class_list":["post-38520","post","type-post","status-publish","format-standard","has-post-thumbnail","hentry","category-noticias-de-ribeirao-preto-sp-e-regiao-ismael-colosi"],"jetpack_publicize_connections":[],"jetpack_featured_media_url":"https:\/\/i0.wp.com\/noticiasribeiraopreto.com.br\/wp-content\/uploads\/2024\/02\/1708446430_entrevista-de-emprego.jpg?fit=1500%2C1000&ssl=1","jetpack-related-posts":[{"id":55693,"url":"https:\/\/noticiasribeiraopreto.com.br\/index.php\/2024\/08\/05\/sassom-de-ribeirao-preto-abre-processo-seletivo-veja-como-participar\/","url_meta":{"origin":38520,"position":0},"title":"Sassom de Ribeir\u00e3o Preto abre processo seletivo; veja como participar","author":"noticiasribeiraopreto.com.br","date":"5 de August de 2024","format":false,"excerpt":"O Sassom (Servi\u00e7o de Assist\u00eancia \u00e0 Sa\u00fade dos Municipi\u00e1rios) de Ribeir\u00e3o Preto abriu processo seletivo para estagi\u00e1rios. As vagas s\u00e3o para estudantes de n\u00edvel m\u00e9dio, t\u00e9cnico e superior e a bolsa-aux\u00edlio varia entre R$ 800 e R$ 1 mil. Al\u00e9m da bolsa-aux\u00edlio, ser\u00e1 pago o aux\u00edlio transporte de R$ 193,60\u2026","rel":"","context":"In &quot;Not\u00edcias de Ribeir\u00e3o Preto-SP e Regi\u00e3o&quot;","block_context":{"text":"Not\u00edcias de Ribeir\u00e3o Preto-SP e Regi\u00e3o","link":"https:\/\/noticiasribeiraopreto.com.br\/index.php\/category\/noticias-de-ribeirao-preto-sp-e-regiao-ismael-colosi\/"},"img":{"alt_text":"","src":"https:\/\/i0.wp.com\/noticiasribeiraopreto.com.br\/wp-content\/uploads\/2024\/08\/Capturar-1.jpg?fit=950%2C628&ssl=1&resize=350%2C200","width":350,"height":200,"srcset":"https:\/\/i0.wp.com\/noticiasribeiraopreto.com.br\/wp-content\/uploads\/2024\/08\/Capturar-1.jpg?fit=950%2C628&ssl=1&resize=350%2C200 1x, https:\/\/i0.wp.com\/noticiasribeiraopreto.com.br\/wp-content\/uploads\/2024\/08\/Capturar-1.jpg?fit=950%2C628&ssl=1&resize=525%2C300 1.5x, https:\/\/i0.wp.com\/noticiasribeiraopreto.com.br\/wp-content\/uploads\/2024\/08\/Capturar-1.jpg?fit=950%2C628&ssl=1&resize=700%2C400 2x"},"classes":[]},{"id":26152,"url":"https:\/\/noticiasribeiraopreto.com.br\/index.php\/2024\/01\/09\/sassom-de-rp-abre-processo-seletivo-com-salarios-de-r-7-mil\/","url_meta":{"origin":38520,"position":1},"title":"Sassom de RP abre processo seletivo com sal\u00e1rios de R$ 7 mil","author":"noticiasribeiraopreto.com.br","date":"9 de January de 2024","format":false,"excerpt":"9 de janeiro de 2024 | 10:309 de janeiro de 2024 | 9:43 0O Servi\u00e7o de Assist\u00eancia \u00e0 Sa\u00fade dos Municipi\u00e1rios de Ribeir\u00e3o Preto (Sassom) abriu processo seletivo\u00a0para o cargo de\u00a0Chefe da Divis\u00e3o de Recursos Humanos. Os sal\u00e1rios para fun\u00e7\u00e3o t\u00eam refer\u00eancia\u00a0C-3, equivalente a R$ 7.847,21.O contratado tamb\u00e9m ter\u00e1 direito\u2026","rel":"","context":"In &quot;Not\u00edcias de Ribeir\u00e3o Preto-SP e Regi\u00e3o&quot;","block_context":{"text":"Not\u00edcias de Ribeir\u00e3o Preto-SP e Regi\u00e3o","link":"https:\/\/noticiasribeiraopreto.com.br\/index.php\/category\/noticias-de-ribeirao-preto-sp-e-regiao-ismael-colosi\/"},"img":{"alt_text":"","src":"https:\/\/i0.wp.com\/noticiasribeiraopreto.com.br\/wp-content\/uploads\/2024\/01\/pro.jpg?fit=900%2C465&ssl=1&resize=350%2C200","width":350,"height":200,"srcset":"https:\/\/i0.wp.com\/noticiasribeiraopreto.com.br\/wp-content\/uploads\/2024\/01\/pro.jpg?fit=900%2C465&ssl=1&resize=350%2C200 1x, https:\/\/i0.wp.com\/noticiasribeiraopreto.com.br\/wp-content\/uploads\/2024\/01\/pro.jpg?fit=900%2C465&ssl=1&resize=525%2C300 1.5x, https:\/\/i0.wp.com\/noticiasribeiraopreto.com.br\/wp-content\/uploads\/2024\/01\/pro.jpg?fit=900%2C465&ssl=1&resize=700%2C400 2x"},"classes":[]},{"id":38856,"url":"https:\/\/noticiasribeiraopreto.com.br\/index.php\/2024\/02\/21\/caixa-abre-concurso-com-quatro-mil-vagas-e-salarios-de-ate-r-14-mil\/","url_meta":{"origin":38520,"position":2},"title":"Caixa abre concurso com quatro mil vagas e sal\u00e1rios de at\u00e9 R$ 14 mil","author":"noticiasribeiraopreto.com.br","date":"21 de February de 2024","format":false,"excerpt":"A Caixa Econ\u00f4mica Federal vai realizar concurso p\u00fablico com mais de quatro mil vagas para todo o Brasil, incluindo cadastro reserva, com sal\u00e1rio de at\u00e9 R$ 14 mil. Ser\u00e3o duas mil vagas para T\u00e9cnico Banc\u00e1rio Novo (TBN), para encarreiramento geral no banco, e duas mil vagas para TBN na \u00e1rea\u2026","rel":"","context":"In &quot;Not\u00edcias de Ribeir\u00e3o Preto-SP e Regi\u00e3o&quot;","block_context":{"text":"Not\u00edcias de Ribeir\u00e3o Preto-SP e Regi\u00e3o","link":"https:\/\/noticiasribeiraopreto.com.br\/index.php\/category\/noticias-de-ribeirao-preto-sp-e-regiao-ismael-colosi\/"},"img":{"alt_text":"","src":"https:\/\/i0.wp.com\/noticiasribeiraopreto.com.br\/wp-content\/uploads\/2024\/02\/caixa_economica_1024x576_21082020204811.jpg?fit=1024%2C576&ssl=1&resize=350%2C200","width":350,"height":200,"srcset":"https:\/\/i0.wp.com\/noticiasribeiraopreto.com.br\/wp-content\/uploads\/2024\/02\/caixa_economica_1024x576_21082020204811.jpg?fit=1024%2C576&ssl=1&resize=350%2C200 1x, https:\/\/i0.wp.com\/noticiasribeiraopreto.com.br\/wp-content\/uploads\/2024\/02\/caixa_economica_1024x576_21082020204811.jpg?fit=1024%2C576&ssl=1&resize=525%2C300 1.5x, https:\/\/i0.wp.com\/noticiasribeiraopreto.com.br\/wp-content\/uploads\/2024\/02\/caixa_economica_1024x576_21082020204811.jpg?fit=1024%2C576&ssl=1&resize=700%2C400 2x"},"classes":[]},{"id":42203,"url":"https:\/\/noticiasribeiraopreto.com.br\/index.php\/2024\/03\/13\/hospital-santa-lydia-de-ribeirao-preto-abre-processo-seletivo-com-seis-vagas\/","url_meta":{"origin":38520,"position":3},"title":"Hospital Santa Lydia de Ribeir\u00e3o Preto abre processo seletivo com seis vagas","author":"noticiasribeiraopreto.com.br","date":"13 de March de 2024","format":false,"excerpt":"A Funda\u00e7\u00e3o Hospital Santa Lydia de Ribeir\u00e3o Preto abriu processo seletivo emergencial com seis vagas de n\u00edvel m\u00e9dio, t\u00e9cnico e superior. Al\u00e9m disso, h\u00e1 oportunidades para o cadastro de reserva. Os sal\u00e1rios variam entre R$ 1.403,95 e R$ 2.313,77. As inscri\u00e7\u00f5es devem ser realizadas pela internet (clique aqui) at\u00e9 as\u2026","rel":"","context":"In &quot;Not\u00edcias de Ribeir\u00e3o Preto-SP e Regi\u00e3o&quot;","block_context":{"text":"Not\u00edcias de Ribeir\u00e3o Preto-SP e Regi\u00e3o","link":"https:\/\/noticiasribeiraopreto.com.br\/index.php\/category\/noticias-de-ribeirao-preto-sp-e-regiao-ismael-colosi\/"},"img":{"alt_text":"","src":"https:\/\/i0.wp.com\/noticiasribeiraopreto.com.br\/wp-content\/uploads\/2024\/03\/santa-lydia.jpg?fit=1200%2C800&ssl=1&resize=350%2C200","width":350,"height":200,"srcset":"https:\/\/i0.wp.com\/noticiasribeiraopreto.com.br\/wp-content\/uploads\/2024\/03\/santa-lydia.jpg?fit=1200%2C800&ssl=1&resize=350%2C200 1x, https:\/\/i0.wp.com\/noticiasribeiraopreto.com.br\/wp-content\/uploads\/2024\/03\/santa-lydia.jpg?fit=1200%2C800&ssl=1&resize=525%2C300 1.5x, https:\/\/i0.wp.com\/noticiasribeiraopreto.com.br\/wp-content\/uploads\/2024\/03\/santa-lydia.jpg?fit=1200%2C800&ssl=1&resize=700%2C400 2x, https:\/\/i0.wp.com\/noticiasribeiraopreto.com.br\/wp-content\/uploads\/2024\/03\/santa-lydia.jpg?fit=1200%2C800&ssl=1&resize=1050%2C600 3x"},"classes":[]},{"id":83135,"url":"https:\/\/noticiasribeiraopreto.com.br\/index.php\/2026\/03\/10\/cohab-ribeirao-preto-abre-processo-seletivo-veja-como-participar\/","url_meta":{"origin":38520,"position":4},"title":"Cohab Ribeir\u00e3o Preto abre processo seletivo; Veja como participar","author":"noticiasribeiraopreto.com.br","date":"10 de March de 2026","format":false,"excerpt":"A Cohab-RP (Companhia Habitacional Regional de Ribeir\u00e3o Preto)\u00a0abriu processo seletivo para vagas de est\u00e1gio de n\u00edvel t\u00e9cnico e superior. A contrata\u00e7\u00e3o acontece por meio do CIEE (Centro de Integra\u00e7\u00e3o Empresa-Escola). As inscri\u00e7\u00f5es devem ser realizadas pela internet (clique aqui) no per\u00edodo entre 12 e 27 de mar\u00e7o de 2026. Cursos\u2026","rel":"","context":"In &quot;Not\u00edcias de Ribeir\u00e3o Preto-SP e Regi\u00e3o&quot;","block_context":{"text":"Not\u00edcias de Ribeir\u00e3o Preto-SP e Regi\u00e3o","link":"https:\/\/noticiasribeiraopreto.com.br\/index.php\/category\/noticias-de-ribeirao-preto-sp-e-regiao-ismael-colosi\/"},"img":{"alt_text":"","src":"https:\/\/i0.wp.com\/noticiasribeiraopreto.com.br\/wp-content\/uploads\/2026\/03\/WhatsApp-Image-2024-01-27-at-09.31.03.jpeg?fit=1200%2C900&ssl=1&resize=350%2C200","width":350,"height":200,"srcset":"https:\/\/i0.wp.com\/noticiasribeiraopreto.com.br\/wp-content\/uploads\/2026\/03\/WhatsApp-Image-2024-01-27-at-09.31.03.jpeg?fit=1200%2C900&ssl=1&resize=350%2C200 1x, https:\/\/i0.wp.com\/noticiasribeiraopreto.com.br\/wp-content\/uploads\/2026\/03\/WhatsApp-Image-2024-01-27-at-09.31.03.jpeg?fit=1200%2C900&ssl=1&resize=525%2C300 1.5x, https:\/\/i0.wp.com\/noticiasribeiraopreto.com.br\/wp-content\/uploads\/2026\/03\/WhatsApp-Image-2024-01-27-at-09.31.03.jpeg?fit=1200%2C900&ssl=1&resize=700%2C400 2x, https:\/\/i0.wp.com\/noticiasribeiraopreto.com.br\/wp-content\/uploads\/2026\/03\/WhatsApp-Image-2024-01-27-at-09.31.03.jpeg?fit=1200%2C900&ssl=1&resize=1050%2C600 3x"},"classes":[]},{"id":62790,"url":"https:\/\/noticiasribeiraopreto.com.br\/index.php\/2025\/01\/24\/ribeirao-preto-tem-processo-seletivo-com-8-vagas-e-salarios-de-r-4-mil\/","url_meta":{"origin":38520,"position":5},"title":"Ribeir\u00e3o Preto tem processo seletivo com 8 vagas e sal\u00e1rios de R$ 4 mil","author":"noticiasribeiraopreto.com.br","date":"24 de January de 2025","format":false,"excerpt":"A Funda\u00e7\u00e3o Hospital Santa Lydia, de Ribeir\u00e3o Preto, publicou edital de processo seletivo com 8 vagas e sal\u00e1rios que variam entre R$ 1.586,93 e R$ 4.037,49. As oportunidades s\u00e3o de n\u00edvel fundamental, m\u00e9dio e superior. As inscri\u00e7\u00f5es devem ser realizadas pela internet (clique aqui) at\u00e9 o dia 3 de fevereiro\u2026","rel":"","context":"In &quot;Not\u00edcias de Ribeir\u00e3o Preto-SP e Regi\u00e3o&quot;","block_context":{"text":"Not\u00edcias de Ribeir\u00e3o Preto-SP e Regi\u00e3o","link":"https:\/\/noticiasribeiraopreto.com.br\/index.php\/category\/noticias-de-ribeirao-preto-sp-e-regiao-ismael-colosi\/"},"img":{"alt_text":"","src":"https:\/\/i0.wp.com\/noticiasribeiraopreto.com.br\/wp-content\/uploads\/2024\/10\/concurso-publico-6_2024-08-26_18-49-03_jpg_2024-08-26_18-49-03.webp.webp?fit=1200%2C800&ssl=1&resize=350%2C200","width":350,"height":200,"srcset":"https:\/\/i0.wp.com\/noticiasribeiraopreto.com.br\/wp-content\/uploads\/2024\/10\/concurso-publico-6_2024-08-26_18-49-03_jpg_2024-08-26_18-49-03.webp.webp?fit=1200%2C800&ssl=1&resize=350%2C200 1x, https:\/\/i0.wp.com\/noticiasribeiraopreto.com.br\/wp-content\/uploads\/2024\/10\/concurso-publico-6_2024-08-26_18-49-03_jpg_2024-08-26_18-49-03.webp.webp?fit=1200%2C800&ssl=1&resize=525%2C300 1.5x, https:\/\/i0.wp.com\/noticiasribeiraopreto.com.br\/wp-content\/uploads\/2024\/10\/concurso-publico-6_2024-08-26_18-49-03_jpg_2024-08-26_18-49-03.webp.webp?fit=1200%2C800&ssl=1&resize=700%2C400 2x, https:\/\/i0.wp.com\/noticiasribeiraopreto.com.br\/wp-content\/uploads\/2024\/10\/concurso-publico-6_2024-08-26_18-49-03_jpg_2024-08-26_18-49-03.webp.webp?fit=1200%2C800&ssl=1&resize=1050%2C600 3x"},"classes":[]}],"jetpack_sharing_enabled":true,"jetpack_shortlink":"https:\/\/wp.me\/peQAOb-a1i","_links":{"self":[{"href":"https:\/\/noticiasribeiraopreto.com.br\/index.php\/wp-json\/wp\/v2\/posts\/38520","targetHints":{"allow":["GET"]}}],"collection":[{"href":"https:\/\/noticiasribeiraopreto.com.br\/index.php\/wp-json\/wp\/v2\/posts"}],"about":[{"href":"https:\/\/noticiasribeiraopreto.com.br\/index.php\/wp-json\/wp\/v2\/types\/post"}],"author":[{"embeddable":true,"href":"https:\/\/noticiasribeiraopreto.com.br\/index.php\/wp-json\/wp\/v2\/users\/1"}],"replies":[{"embeddable":true,"href":"https:\/\/noticiasribeiraopreto.com.br\/index.php\/wp-json\/wp\/v2\/comments?post=38520"}],"version-history":[{"count":0,"href":"https:\/\/noticiasribeiraopreto.com.br\/index.php\/wp-json\/wp\/v2\/posts\/38520\/revisions"}],"wp:featuredmedia":[{"embeddable":true,"href":"https:\/\/noticiasribeiraopreto.com.br\/index.php\/wp-json\/wp\/v2\/media\/38521"}],"wp:attachment":[{"href":"https:\/\/noticiasribeiraopreto.com.br\/index.php\/wp-json\/wp\/v2\/media?parent=38520"}],"wp:term":[{"taxonomy":"category","embeddable":true,"href":"https:\/\/noticiasribeiraopreto.com.br\/index.php\/wp-json\/wp\/v2\/categories?post=38520"},{"taxonomy":"post_tag","embeddable":true,"href":"https:\/\/noticiasribeiraopreto.com.br\/index.php\/wp-json\/wp\/v2\/tags?post=38520"}],"curies":[{"name":"wp","href":"https:\/\/api.w.org\/{rel}","templated":true}]}}