{"id":38529,"date":"2024-02-20T14:03:12","date_gmt":"2024-02-20T17:03:12","guid":{"rendered":"https:\/\/noticiasribeiraopreto.com.br\/index.php\/2024\/02\/20\/hc-ribeirao-preto-procura-voluntarios-para-pesquisa-sobre-efeitos-de-composto-da-cannabis\/"},"modified":"2024-02-20T14:03:12","modified_gmt":"2024-02-20T17:03:12","slug":"hc-ribeirao-preto-procura-voluntarios-para-pesquisa-sobre-efeitos-de-composto-da-cannabis","status":"publish","type":"post","link":"https:\/\/noticiasribeiraopreto.com.br\/index.php\/2024\/02\/20\/hc-ribeirao-preto-procura-voluntarios-para-pesquisa-sobre-efeitos-de-composto-da-cannabis\/","title":{"rendered":"HC Ribeir\u00e3o Preto procura volunt\u00e1rios para pesquisa sobre efeitos de composto da cannabis"},"content":{"rendered":"<div class='code-block code-block-1' style='margin: 8px 0 8px auto; text-align: right; display: block; clear: both;'>\n<p><a href=\"https:\/\/wa.link\/vpicfd\"><img data-recalc-dims=\"1\" class=\"wp-image-4922\" style=\"aspect-ratio: 2.0253164556962027; width: 561px; height: auto;\" src=\"https:\/\/i0.wp.com\/ismaelcolosi.com.br\/wp-content\/uploads\/2023\/11\/grupo-de-empregos-whatsapp-e-facebook-ismael-colosi-vagas.jpg?ssl=1\" alt=\"\" \/><\/a><\/p>\n<!-- \/wp:image -->\n<\/div>\n<p> <br \/>\n<\/p>\n<div data-td-block-uid=\"tdi_102\">\n<div class=\"tdb-block-inner td-fix-index\">\n<p>Na<strong> \u00faltima segunda-feira (19)<\/strong>, o <strong>Hospital das Cl\u00ednicas de Ribeir\u00e3o Preto<\/strong> anunciou pelas redes sociais que foi <strong>aprovado<\/strong> o <strong>projeto de pesquisa sobre os efeitos do composto do extrato de Cannabis e percep\u00e7\u00e3o de dor.<\/strong><\/p>\n<p>O <strong>objetivo<\/strong> da <strong>pesquisa<\/strong> \u00e9 avaliar os efeitos do <strong>composto (Canabidiol e THC)<\/strong> na auto percep\u00e7\u00e3o da dor t\u00e9rmica aguda induzida experimentalmente.<\/p>\n<p>Confira os <strong>requisitos<\/strong> para se voluntariar para <strong>pesquisa<\/strong>:<\/p>\n<ul>\n<li>Ser maior de 18 anos;<\/li>\n<li>Volunt\u00e1rios saud\u00e1veis (sem sintomas ou condi\u00e7\u00f5es cl\u00ednicas de dor cr\u00f4nica ou aguda pr\u00e9via)<\/li>\n<li>N\u00e3o apresentar viv\u00eancias de dor atual e transtornos emocionais<\/li>\n<li>N\u00e3o ser usu\u00e1rio regular de Cannabis<\/li>\n<\/ul>\n<p>Para mais informa\u00e7\u00f5es, entre em contato pelo email \u2013 slopes.psi@gmail.com e pelo WhatsApp (16) 99171-1223.<\/p>\n<p>SAIBA MAIS<br \/>Imigra\u00e7\u00e3o italiana no Brasil completou 150 anos; Veja como pesquisar a sua origem<\/p>\n<h4 class=\"wp-block-heading\"><strong>FIQUE ON<\/strong><\/h4>\n<p>Fique ligado em tudo que acontece em Ribeir\u00e3o Preto e regi\u00e3o. Siga os perfis do <strong>acidade on<\/strong> no <a href=\"https:\/\/www.instagram.com\/acidadeonribeirao\" target=\"_blank\" rel=\"noreferrer noopener\">Instagram<\/a> e no <a href=\"https:\/\/www.facebook.com\/acidadeonribeirao\" target=\"_blank\" rel=\"noreferrer noopener\">Facebook.<\/a><\/p>\n<p>Receba not\u00edcias do acidade on no WhatsApp. Para entrar no grupo, basta <a href=\"https:\/\/chat.whatsapp.com\/Bnv2w66ZT4VDyZW3oiZ69n\" target=\"_blank\" rel=\"noreferrer noopener\">clicar aqui<\/a>.<\/p>\n<p>Fa\u00e7a uma den\u00fancia ou sugira uma reportagem sobre Ribeir\u00e3o Preto e regi\u00e3o pelo WhatsApp: 16 99117 7802.<\/p>\n<p>VEJA TAMB\u00c9M<br \/>Qual novela vai substituir \u201cRenascer\u201d?<\/p>\n<p><!-- AI CONTENT END 1 -->\n<\/div>\n<\/div>\n<p><script async src=\"\/\/www.instagram.com\/embed.js\"><\/script><br \/>\n<br \/><br \/>\n<br \/><a href=\"https:\/\/www.acidadeon.com\/ribeiraopreto\/cotidiano\/hc-ribeirao-preto-procura-voluntarios-para-pesquisa-sobre-o-uso-de-cannabis\/\">Source link <\/a><\/p>\n<!-- CONTENT END 1 -->\n","protected":false},"excerpt":{"rendered":"<p>Na \u00faltima segunda-feira (19), o Hospital das Cl\u00ednicas de Ribeir\u00e3o Preto anunciou pelas redes sociais que foi aprovado o projeto de pesquisa sobre os efeitos&#8230;<\/p>\n","protected":false},"author":1,"featured_media":38530,"comment_status":"open","ping_status":"open","sticky":false,"template":"","format":"standard","meta":{"advanced_seo_description":"","jetpack_seo_html_title":"","jetpack_seo_noindex":false,"jetpack_post_was_ever_published":false,"_jetpack_newsletter_access":"","_jetpack_dont_email_post_to_subs":false,"_jetpack_newsletter_tier_id":0,"_jetpack_memberships_contains_paywalled_content":false,"_jetpack_memberships_contains_paid_content":false,"footnotes":"","jetpack_publicize_message":"","jetpack_publicize_feature_enabled":true,"jetpack_social_post_already_shared":true,"jetpack_social_options":{"image_generator_settings":{"template":"highway","default_image_id":0,"font":"","enabled":false},"version":2}},"categories":[11],"tags":[],"class_list":["post-38529","post","type-post","status-publish","format-standard","has-post-thumbnail","hentry","category-noticias-de-ribeirao-preto-sp-e-regiao-ismael-colosi"],"jetpack_publicize_connections":[],"jetpack_featured_media_url":"https:\/\/i0.wp.com\/noticiasribeiraopreto.com.br\/wp-content\/uploads\/2024\/02\/1708448595_hc-ribeirao-preto.jpg?fit=1200%2C675&ssl=1","jetpack-related-posts":[{"id":47248,"url":"https:\/\/noticiasribeiraopreto.com.br\/index.php\/2024\/04\/25\/dor-na-face-pescoco-e-zumbido-usp-de-ribeirao-preto-busca-voluntarios-para-pesquisa\/","url_meta":{"origin":38529,"position":0},"title":"Dor na face, pesco\u00e7o e zumbido? USP de Ribeir\u00e3o Preto busca volunt\u00e1rios para pesquisa","author":"noticiasribeiraopreto.com.br","date":"25 de April de 2024","format":false,"excerpt":"Pesquisadores da Universidade de S\u00e3o Paulo (USP) est\u00e1 em busca de volunt\u00e1rios com dores na face, pesco\u00e7o e zumbido associado, para participar de estudo do grupo de pesquisa em Disfun\u00e7\u00e3o Temporomandibular (DTM) e Cefaleia da Faculdade de Medicina de Ribeir\u00e3o Preto (FMRP) da USP. Requisitos Os interessados em participar da\u2026","rel":"","context":"In &quot;Not\u00edcias de Ribeir\u00e3o Preto-SP e Regi\u00e3o&quot;","block_context":{"text":"Not\u00edcias de Ribeir\u00e3o Preto-SP e Regi\u00e3o","link":"https:\/\/noticiasribeiraopreto.com.br\/index.php\/category\/noticias-de-ribeirao-preto-sp-e-regiao-ismael-colosi\/"},"img":{"alt_text":"","src":"https:\/\/i0.wp.com\/noticiasribeiraopreto.com.br\/wp-content\/uploads\/2024\/04\/49-1068x712-1.jpg?fit=881%2C636&ssl=1&resize=350%2C200","width":350,"height":200,"srcset":"https:\/\/i0.wp.com\/noticiasribeiraopreto.com.br\/wp-content\/uploads\/2024\/04\/49-1068x712-1.jpg?fit=881%2C636&ssl=1&resize=350%2C200 1x, https:\/\/i0.wp.com\/noticiasribeiraopreto.com.br\/wp-content\/uploads\/2024\/04\/49-1068x712-1.jpg?fit=881%2C636&ssl=1&resize=525%2C300 1.5x, https:\/\/i0.wp.com\/noticiasribeiraopreto.com.br\/wp-content\/uploads\/2024\/04\/49-1068x712-1.jpg?fit=881%2C636&ssl=1&resize=700%2C400 2x"},"classes":[]},{"id":73761,"url":"https:\/\/noticiasribeiraopreto.com.br\/index.php\/2025\/07\/09\/depressao-pesquisa-da-usp-ribeirao-indica-potencial-do-canabidiol-no-tratamento\/","url_meta":{"origin":38529,"position":1},"title":"Depress\u00e3o: Pesquisa da USP Ribeir\u00e3o indica potencial do canabidiol no tratamento","author":"noticiasribeiraopreto.com.br","date":"9 de July de 2025","format":false,"excerpt":"Uma pesquisa da USP (Universidade de S\u00e3o Paulo) de Ribeir\u00e3o Preto indicou o potencial do canabidiol no tratamento da dor neurop\u00e1tica cr\u00f4nica associada a comorbidades psiqui\u00e1tricas, como a depress\u00e3o. O estudo realizado em animais foi publicado na revista Neuroscience and Behavioral Physiology. Os pesquisadores compararam os efeitos do canabidiol e\u2026","rel":"","context":"In &quot;Not\u00edcias de Ribeir\u00e3o Preto-SP e Regi\u00e3o&quot;","block_context":{"text":"Not\u00edcias de Ribeir\u00e3o Preto-SP e Regi\u00e3o","link":"https:\/\/noticiasribeiraopreto.com.br\/index.php\/category\/noticias-de-ribeirao-preto-sp-e-regiao-ismael-colosi\/"},"img":{"alt_text":"","src":"https:\/\/i0.wp.com\/noticiasribeiraopreto.com.br\/wp-content\/uploads\/2025\/07\/canabidiol_2025-07-09_14-34-49.webp.webp?fit=768%2C576&ssl=1&resize=350%2C200","width":350,"height":200,"srcset":"https:\/\/i0.wp.com\/noticiasribeiraopreto.com.br\/wp-content\/uploads\/2025\/07\/canabidiol_2025-07-09_14-34-49.webp.webp?fit=768%2C576&ssl=1&resize=350%2C200 1x, https:\/\/i0.wp.com\/noticiasribeiraopreto.com.br\/wp-content\/uploads\/2025\/07\/canabidiol_2025-07-09_14-34-49.webp.webp?fit=768%2C576&ssl=1&resize=525%2C300 1.5x, https:\/\/i0.wp.com\/noticiasribeiraopreto.com.br\/wp-content\/uploads\/2025\/07\/canabidiol_2025-07-09_14-34-49.webp.webp?fit=768%2C576&ssl=1&resize=700%2C400 2x"},"classes":[]},{"id":77380,"url":"https:\/\/noticiasribeiraopreto.com.br\/index.php\/2025\/09\/17\/usp-de-ribeirao-busca-voluntarios-para-pesquisa-sobre-percepcao-de-fala\/","url_meta":{"origin":38529,"position":2},"title":"USP de Ribeir\u00e3o busca volunt\u00e1rios para pesquisa sobre percep\u00e7\u00e3o de fala","author":"noticiasribeiraopreto.com.br","date":"17 de September de 2025","format":false,"excerpt":"A USP de Ribeir\u00e3o Preto est\u00e1 em busca volunt\u00e1rios para uma pesquisa sobre percep\u00e7\u00e3o de fala. O estudo tem como objetivo elaborar uma nova lista de palavras monossil\u00e1bicas. Podem participar homens e mulheres, com 18 anos ou mais e sem queixas auditivas. Para se inscrever, os interessados devem responder a\u2026","rel":"","context":"In &quot;Not\u00edcias de Ribeir\u00e3o Preto-SP e Regi\u00e3o&quot;","block_context":{"text":"Not\u00edcias de Ribeir\u00e3o Preto-SP e Regi\u00e3o","link":"https:\/\/noticiasribeiraopreto.com.br\/index.php\/category\/noticias-de-ribeirao-preto-sp-e-regiao-ismael-colosi\/"},"img":{"alt_text":"","src":"https:\/\/i0.wp.com\/noticiasribeiraopreto.com.br\/wp-content\/uploads\/2025\/09\/20210909_usp_fachada-1024x538-1_2025-09-17_18-42-07.webp.webp?fit=1024%2C538&ssl=1&resize=350%2C200","width":350,"height":200,"srcset":"https:\/\/i0.wp.com\/noticiasribeiraopreto.com.br\/wp-content\/uploads\/2025\/09\/20210909_usp_fachada-1024x538-1_2025-09-17_18-42-07.webp.webp?fit=1024%2C538&ssl=1&resize=350%2C200 1x, https:\/\/i0.wp.com\/noticiasribeiraopreto.com.br\/wp-content\/uploads\/2025\/09\/20210909_usp_fachada-1024x538-1_2025-09-17_18-42-07.webp.webp?fit=1024%2C538&ssl=1&resize=525%2C300 1.5x, https:\/\/i0.wp.com\/noticiasribeiraopreto.com.br\/wp-content\/uploads\/2025\/09\/20210909_usp_fachada-1024x538-1_2025-09-17_18-42-07.webp.webp?fit=1024%2C538&ssl=1&resize=700%2C400 2x"},"classes":[]},{"id":60936,"url":"https:\/\/noticiasribeiraopreto.com.br\/index.php\/2024\/11\/29\/usp-ribeirao-busca-voluntarios-para-pesquisa-sobre-percepcao-de-tempo-e-tomada-de-decisoes\/","url_meta":{"origin":38529,"position":3},"title":"USP Ribeir\u00e3o busca volunt\u00e1rios para pesquisa sobre percep\u00e7\u00e3o de tempo e tomada de decis\u00f5es","author":"noticiasribeiraopreto.com.br","date":"29 de November de 2024","format":false,"excerpt":"A Faculdade de Filosofia, Ci\u00eancias e Letras de Ribeir\u00e3o Preto (FFCLRP) da USP (Universidade de S\u00e3o Paulo), est\u00e1 em busca de volunt\u00e1rios para um estudo sobre a percep\u00e7\u00e3o de tempo e tomada de decis\u00f5es. Os interessados devem responder um question\u00e1rio on-line, com dura\u00e7\u00e3o entre 10 e 15 minutos, que pode\u2026","rel":"","context":"In &quot;Not\u00edcias de Ribeir\u00e3o Preto-SP e Regi\u00e3o&quot;","block_context":{"text":"Not\u00edcias de Ribeir\u00e3o Preto-SP e Regi\u00e3o","link":"https:\/\/noticiasribeiraopreto.com.br\/index.php\/category\/noticias-de-ribeirao-preto-sp-e-regiao-ismael-colosi\/"},"img":{"alt_text":"","src":"https:\/\/i0.wp.com\/noticiasribeiraopreto.com.br\/wp-content\/uploads\/2024\/11\/woman-with-dreadlocks_2024-11-29_15-15-13_jpg_2024-11-29_15-15-15-scaled.webp.webp?fit=1200%2C800&ssl=1&resize=350%2C200","width":350,"height":200,"srcset":"https:\/\/i0.wp.com\/noticiasribeiraopreto.com.br\/wp-content\/uploads\/2024\/11\/woman-with-dreadlocks_2024-11-29_15-15-13_jpg_2024-11-29_15-15-15-scaled.webp.webp?fit=1200%2C800&ssl=1&resize=350%2C200 1x, https:\/\/i0.wp.com\/noticiasribeiraopreto.com.br\/wp-content\/uploads\/2024\/11\/woman-with-dreadlocks_2024-11-29_15-15-13_jpg_2024-11-29_15-15-15-scaled.webp.webp?fit=1200%2C800&ssl=1&resize=525%2C300 1.5x, https:\/\/i0.wp.com\/noticiasribeiraopreto.com.br\/wp-content\/uploads\/2024\/11\/woman-with-dreadlocks_2024-11-29_15-15-13_jpg_2024-11-29_15-15-15-scaled.webp.webp?fit=1200%2C800&ssl=1&resize=700%2C400 2x, https:\/\/i0.wp.com\/noticiasribeiraopreto.com.br\/wp-content\/uploads\/2024\/11\/woman-with-dreadlocks_2024-11-29_15-15-13_jpg_2024-11-29_15-15-15-scaled.webp.webp?fit=1200%2C800&ssl=1&resize=1050%2C600 3x"},"classes":[]},{"id":80048,"url":"https:\/\/noticiasribeiraopreto.com.br\/index.php\/2025\/11\/13\/usp-ribeirao-preto-busca-voluntarios-para-estudo-sobre-herpes\/","url_meta":{"origin":38529,"position":4},"title":"USP Ribeir\u00e3o Preto busca volunt\u00e1rios para estudo sobre herpes","author":"noticiasribeiraopreto.com.br","date":"13 de November de 2025","format":false,"excerpt":"Os pesquisadores da Forp (Faculdade de Odontologia de Ribeir\u00e3o Preto) e da FCFRP (Faculdade de Ci\u00eancias Farmac\u00eauticas) da USP (Universidade de S\u00e3o Paulo) est\u00e3o em busca de volunt\u00e1rios para um estudo cl\u00ednico sobre o tratamento de les\u00f5es por herpes simplex tipo 1. A pesquisa investiga a rela\u00e7\u00e3o entre a espessura\u2026","rel":"","context":"In &quot;Not\u00edcias de Ribeir\u00e3o Preto-SP e Regi\u00e3o&quot;","block_context":{"text":"Not\u00edcias de Ribeir\u00e3o Preto-SP e Regi\u00e3o","link":"https:\/\/noticiasribeiraopreto.com.br\/index.php\/category\/noticias-de-ribeirao-preto-sp-e-regiao-ismael-colosi\/"},"img":{"alt_text":"","src":"https:\/\/i0.wp.com\/noticiasribeiraopreto.com.br\/wp-content\/uploads\/2025\/09\/USP_2025-09-16_14-59-34.webp.webp?fit=1200%2C673&ssl=1&resize=350%2C200","width":350,"height":200,"srcset":"https:\/\/i0.wp.com\/noticiasribeiraopreto.com.br\/wp-content\/uploads\/2025\/09\/USP_2025-09-16_14-59-34.webp.webp?fit=1200%2C673&ssl=1&resize=350%2C200 1x, https:\/\/i0.wp.com\/noticiasribeiraopreto.com.br\/wp-content\/uploads\/2025\/09\/USP_2025-09-16_14-59-34.webp.webp?fit=1200%2C673&ssl=1&resize=525%2C300 1.5x, https:\/\/i0.wp.com\/noticiasribeiraopreto.com.br\/wp-content\/uploads\/2025\/09\/USP_2025-09-16_14-59-34.webp.webp?fit=1200%2C673&ssl=1&resize=700%2C400 2x, https:\/\/i0.wp.com\/noticiasribeiraopreto.com.br\/wp-content\/uploads\/2025\/09\/USP_2025-09-16_14-59-34.webp.webp?fit=1200%2C673&ssl=1&resize=1050%2C600 3x"},"classes":[]},{"id":39692,"url":"https:\/\/noticiasribeiraopreto.com.br\/index.php\/2024\/02\/27\/usp-ribeirao-ainda-precisa-de-voluntarios-para-pesquisas-com-ayahuasca\/","url_meta":{"origin":38529,"position":5},"title":"USP Ribeir\u00e3o ainda precisa de volunt\u00e1rios para pesquisas com ayahuasca","author":"noticiasribeiraopreto.com.br","date":"27 de February de 2024","format":false,"excerpt":"A Faculdade de Medicina de Ribeir\u00e3o Preto (FMRP) da USP (Universidade de S\u00e3o Paulo) ainda est\u00e1 em busca de volunt\u00e1rios para cinco pesquisas sobre a ayahuasca, bebida preparada a partir de duas plantas amaz\u00f4nicas, a Psychotria viridis (chacrona), e a Banisteriosis caapi (cip\u00f3 jagube). Os pesquisadores tamb\u00e9m buscam volunt\u00e1rios para\u2026","rel":"","context":"In &quot;Not\u00edcias de Ribeir\u00e3o Preto-SP e Regi\u00e3o&quot;","block_context":{"text":"Not\u00edcias de Ribeir\u00e3o Preto-SP e Regi\u00e3o","link":"https:\/\/noticiasribeiraopreto.com.br\/index.php\/category\/noticias-de-ribeirao-preto-sp-e-regiao-ismael-colosi\/"},"img":{"alt_text":"","src":"https:\/\/i0.wp.com\/noticiasribeiraopreto.com.br\/wp-content\/uploads\/2024\/02\/santo_daime_1024x576_16092021114557.jpg?fit=1024%2C575&ssl=1&resize=350%2C200","width":350,"height":200,"srcset":"https:\/\/i0.wp.com\/noticiasribeiraopreto.com.br\/wp-content\/uploads\/2024\/02\/santo_daime_1024x576_16092021114557.jpg?fit=1024%2C575&ssl=1&resize=350%2C200 1x, https:\/\/i0.wp.com\/noticiasribeiraopreto.com.br\/wp-content\/uploads\/2024\/02\/santo_daime_1024x576_16092021114557.jpg?fit=1024%2C575&ssl=1&resize=525%2C300 1.5x, https:\/\/i0.wp.com\/noticiasribeiraopreto.com.br\/wp-content\/uploads\/2024\/02\/santo_daime_1024x576_16092021114557.jpg?fit=1024%2C575&ssl=1&resize=700%2C400 2x"},"classes":[]}],"jetpack_sharing_enabled":true,"jetpack_shortlink":"https:\/\/wp.me\/peQAOb-a1r","_links":{"self":[{"href":"https:\/\/noticiasribeiraopreto.com.br\/index.php\/wp-json\/wp\/v2\/posts\/38529","targetHints":{"allow":["GET"]}}],"collection":[{"href":"https:\/\/noticiasribeiraopreto.com.br\/index.php\/wp-json\/wp\/v2\/posts"}],"about":[{"href":"https:\/\/noticiasribeiraopreto.com.br\/index.php\/wp-json\/wp\/v2\/types\/post"}],"author":[{"embeddable":true,"href":"https:\/\/noticiasribeiraopreto.com.br\/index.php\/wp-json\/wp\/v2\/users\/1"}],"replies":[{"embeddable":true,"href":"https:\/\/noticiasribeiraopreto.com.br\/index.php\/wp-json\/wp\/v2\/comments?post=38529"}],"version-history":[{"count":0,"href":"https:\/\/noticiasribeiraopreto.com.br\/index.php\/wp-json\/wp\/v2\/posts\/38529\/revisions"}],"wp:featuredmedia":[{"embeddable":true,"href":"https:\/\/noticiasribeiraopreto.com.br\/index.php\/wp-json\/wp\/v2\/media\/38530"}],"wp:attachment":[{"href":"https:\/\/noticiasribeiraopreto.com.br\/index.php\/wp-json\/wp\/v2\/media?parent=38529"}],"wp:term":[{"taxonomy":"category","embeddable":true,"href":"https:\/\/noticiasribeiraopreto.com.br\/index.php\/wp-json\/wp\/v2\/categories?post=38529"},{"taxonomy":"post_tag","embeddable":true,"href":"https:\/\/noticiasribeiraopreto.com.br\/index.php\/wp-json\/wp\/v2\/tags?post=38529"}],"curies":[{"name":"wp","href":"https:\/\/api.w.org\/{rel}","templated":true}]}}