{"id":38535,"date":"2024-02-20T14:22:20","date_gmt":"2024-02-20T17:22:20","guid":{"rendered":"https:\/\/noticiasribeiraopreto.com.br\/index.php\/2024\/02\/20\/apos-as-falas-de-lula-luciano-huck-parte-pra-cima-dele-e-dispara-voce-vai-mo-ver-mais\/"},"modified":"2024-02-20T14:22:20","modified_gmt":"2024-02-20T17:22:20","slug":"apos-as-falas-de-lula-luciano-huck-parte-pra-cima-dele-e-dispara-voce-vai-mo-ver-mais","status":"publish","type":"post","link":"https:\/\/noticiasribeiraopreto.com.br\/index.php\/2024\/02\/20\/apos-as-falas-de-lula-luciano-huck-parte-pra-cima-dele-e-dispara-voce-vai-mo-ver-mais\/","title":{"rendered":"Ap\u00f3s as falas de Lula, Luciano Huck \u2018Parte Pra Cima\u2019 dele e dispara; \u2018Voc\u00ea vai mo\u2026 Ver Mais"},"content":{"rendered":"<div class='code-block code-block-1' style='margin: 8px 0 8px auto; text-align: right; display: block; clear: both;'>\n<p><a href=\"https:\/\/wa.link\/vpicfd\"><img data-recalc-dims=\"1\" class=\"wp-image-4922\" style=\"aspect-ratio: 2.0253164556962027; width: 561px; height: auto;\" src=\"https:\/\/i0.wp.com\/ismaelcolosi.com.br\/wp-content\/uploads\/2023\/11\/grupo-de-empregos-whatsapp-e-facebook-ismael-colosi-vagas.jpg?ssl=1\" alt=\"\" \/><\/a><\/p>\n<!-- \/wp:image -->\n<\/div>\n<p> <br \/>\n<\/p>\n<div itemprop=\"text\">\n<p style=\"text-align: justify;\"><span style=\"font-size: 18pt;\">Luciano Huck, apresentador bastante conhecido, noticiou cr\u00edticas em rela\u00e7\u00e3o ao presidente da Rep\u00fablica, Luiz In\u00e1cio Lula da Silva. As cr\u00edticas foram feitas como resposta a uma declara\u00e7\u00e3o pronunciada pelo atual presidente, na qual Lula fez compara\u00e7\u00e3o as invas\u00f5es de Israel na Faixa de Gaza, territ\u00f3rio palestino, \u00e0s a\u00e7\u00f5es da Alemanha nazista durante a Segunda Guerra Mundial.<\/span><\/p>\n<p style=\"text-align: justify;\"><span style=\"font-size: 18pt;\">Lula pontuou que as a\u00e7\u00f5es de Israel contra a Palestina nos dias de hoje poderiam ser igualadas ao genoc\u00eddio perpetrado por Adolf Hitler contra os judeus na Alemanha, ocorrida \u00a0na Segunda Guerra Mundial.<\/span><\/p>\n<p style=\"text-align: justify;\"><span style=\"font-size: 18pt;\">Essa falas geraram diversas opini\u00f5es p\u00fablicas, irritando especialmente membros da comunidade judaica.<\/span><\/p>\n<p style=\"text-align: justify;\"><span style=\"font-size: 18pt;\">Luciano Huck, que \u00e9 judeu, utilizou seu perfil em uma rede social para expressar sua revolta em rela\u00e7\u00e3o \u00e0 fala presidencial. Ele pontuou que n\u00e3o h\u00e1 nenhuma justificativa sensata para unificar as invas\u00f5es de Israel na Palestina ao Holocausto ocorrido na Alemanha nazista.<\/span><\/p>\n<p style=\"text-align: justify;\"><span style=\"font-size: 18pt;\">Em suma, Huck lamentou o conflito armado na regi\u00e3o, considerando-o como uma tr\u00e1gica calamidade humanit\u00e1ria.<\/span><\/p>\n<p style=\"text-align: justify;\"><span style=\"font-size: 18pt;\">Al\u00e9m de despontar a fala de Lula, o apresentador da Rede Globo conduziu um recado direto ao presidente em sua publica\u00e7\u00e3o.<\/span><\/p>\n<p>\u00a0<\/p>\n<p><iframe loading=\"lazy\" title=\"Conib repudia declara\u00e7\u00f5es de Lula sobre Israel | AGORA CNN\" width=\"500\" height=\"281\" src=\"https:\/\/www.youtube.com\/embed\/KQeq00xhSnk?feature=oembed\" frameborder=\"0\" allow=\"accelerometer; autoplay; clipboard-write; encrypted-media; gyroscope; picture-in-picture; web-share\" referrerpolicy=\"strict-origin-when-cross-origin\" allowfullscreen><\/iframe><\/p>\n<p><!-- AI CONTENT END 1 -->\n<\/div>\n<p><br \/>\n<br \/><a href=\"https:\/\/informenoticias.net\/apos-as-falas-de-lula-luciano-huck-parte-pra-cima-dele-e-dispara-voce-vai-mo-ver-mais\/\">Source link <\/a><\/p>\n<!-- CONTENT END 1 -->\n","protected":false},"excerpt":{"rendered":"<p>Luciano Huck, apresentador bastante conhecido, noticiou cr\u00edticas em rela\u00e7\u00e3o ao presidente da Rep\u00fablica, Luiz In\u00e1cio Lula da Silva. As cr\u00edticas foram feitas como resposta a&#8230;<\/p>\n","protected":false},"author":1,"featured_media":38536,"comment_status":"open","ping_status":"open","sticky":false,"template":"","format":"standard","meta":{"advanced_seo_description":"","jetpack_seo_html_title":"","jetpack_seo_noindex":false,"jetpack_post_was_ever_published":false,"_jetpack_newsletter_access":"","_jetpack_dont_email_post_to_subs":false,"_jetpack_newsletter_tier_id":0,"_jetpack_memberships_contains_paywalled_content":false,"_jetpack_memberships_contains_paid_content":false,"footnotes":"","jetpack_publicize_message":"","jetpack_publicize_feature_enabled":true,"jetpack_social_post_already_shared":true,"jetpack_social_options":{"image_generator_settings":{"template":"highway","default_image_id":0,"font":"","enabled":false},"version":2}},"categories":[19],"tags":[],"class_list":["post-38535","post","type-post","status-publish","format-standard","has-post-thumbnail","hentry","category-variedades"],"jetpack_publicize_connections":[],"jetpack_featured_media_url":"https:\/\/i0.wp.com\/noticiasribeiraopreto.com.br\/wp-content\/uploads\/2024\/02\/Captura-de-tela-2024-02-20-091416.webp.webp?fit=992%2C580&ssl=1","jetpack-related-posts":[{"id":38903,"url":"https:\/\/noticiasribeiraopreto.com.br\/index.php\/2024\/02\/22\/camara-de-ribeirao-preto-aprova-mocao-contra-lula-entenda\/","url_meta":{"origin":38535,"position":0},"title":"C\u00e2mara de Ribeir\u00e3o Preto aprova mo\u00e7\u00e3o contra Lula; Entenda","author":"noticiasribeiraopreto.com.br","date":"22 de February de 2024","format":false,"excerpt":"A C\u00e2mara de Ribeir\u00e3o Preto aprovou na \u00faltima ter\u00e7a-feira (20) uma mo\u00e7\u00e3o de rep\u00fadio contra o presidente Luiz In\u00e1cio Lula da Silva (PT), por conta das declara\u00e7\u00f5es sobre a guerra entre Israel e o Hamas. A mo\u00e7\u00e3o foi aprovada com13 votos favor\u00e1veis, com 3 votos contr\u00e1rios e uma absten\u00e7\u00e3o \u2013\u2026","rel":"","context":"In &quot;Not\u00edcias de Ribeir\u00e3o Preto-SP e Regi\u00e3o&quot;","block_context":{"text":"Not\u00edcias de Ribeir\u00e3o Preto-SP e Regi\u00e3o","link":"https:\/\/noticiasribeiraopreto.com.br\/index.php\/category\/noticias-de-ribeirao-preto-sp-e-regiao-ismael-colosi\/"},"img":{"alt_text":"","src":"https:\/\/i0.wp.com\/noticiasribeiraopreto.com.br\/wp-content\/uploads\/2024\/02\/lula-1.jpg?fit=1038%2C700&ssl=1&resize=350%2C200","width":350,"height":200,"srcset":"https:\/\/i0.wp.com\/noticiasribeiraopreto.com.br\/wp-content\/uploads\/2024\/02\/lula-1.jpg?fit=1038%2C700&ssl=1&resize=350%2C200 1x, https:\/\/i0.wp.com\/noticiasribeiraopreto.com.br\/wp-content\/uploads\/2024\/02\/lula-1.jpg?fit=1038%2C700&ssl=1&resize=525%2C300 1.5x, https:\/\/i0.wp.com\/noticiasribeiraopreto.com.br\/wp-content\/uploads\/2024\/02\/lula-1.jpg?fit=1038%2C700&ssl=1&resize=700%2C400 2x"},"classes":[]},{"id":38721,"url":"https:\/\/noticiasribeiraopreto.com.br\/index.php\/2024\/02\/21\/secretario-de-estado-dos-eua-chega-ao-planalto-para-reuniao-com-lula\/","url_meta":{"origin":38535,"position":1},"title":"Secret\u00e1rio de Estado dos EUA chega ao Planalto para reuni\u00e3o com Lula","author":"noticiasribeiraopreto.com.br","date":"21 de February de 2024","format":false,"excerpt":"Por Sofia AguiarO secret\u00e1rio de Estado dos Estados Unidos, Antony Blinken, chegou na manh\u00e3 desta quarta-feira, 21, ao Pal\u00e1cio do Planalto para se reunir com o presidente Luiz In\u00e1cio Lula da Silva. A visita ocorre no \u00e2mbito da reuni\u00e3o de chanceleres do G20, que ser\u00e1 realizada no Rio de Janeiro,\u2026","rel":"","context":"In &quot;Not\u00edcias de Ribeir\u00e3o Preto-SP e Regi\u00e3o&quot;","block_context":{"text":"Not\u00edcias de Ribeir\u00e3o Preto-SP e Regi\u00e3o","link":"https:\/\/noticiasribeiraopreto.com.br\/index.php\/category\/noticias-de-ribeirao-preto-sp-e-regiao-ismael-colosi\/"},"img":{"alt_text":"","src":"https:\/\/i0.wp.com\/noticiasribeiraopreto.com.br\/wp-content\/uploads\/2024\/02\/1_antony-35127548.jpeg?fit=675%2C450&ssl=1&resize=350%2C200","width":350,"height":200,"srcset":"https:\/\/i0.wp.com\/noticiasribeiraopreto.com.br\/wp-content\/uploads\/2024\/02\/1_antony-35127548.jpeg?fit=675%2C450&ssl=1&resize=350%2C200 1x, https:\/\/i0.wp.com\/noticiasribeiraopreto.com.br\/wp-content\/uploads\/2024\/02\/1_antony-35127548.jpeg?fit=675%2C450&ssl=1&resize=525%2C300 1.5x"},"classes":[]},{"id":37579,"url":"https:\/\/noticiasribeiraopreto.com.br\/index.php\/2024\/02\/16\/lula-critica-corte-de-verba-humanitaria\/","url_meta":{"origin":38535,"position":2},"title":"Lula critica corte de verba humanit\u00e1ria","author":"noticiasribeiraopreto.com.br","date":"16 de February de 2024","format":false,"excerpt":"16 de fevereiro de 2024 | 17:0016 de fevereiro de 2024 | 8:46 0O presidente Luiz In\u00e1cio Lula da Silva classificou nesta quinta-feira, 15 de fevereiro, como \u201cdesumanidade\u201d e \u201ccovardia\u201d contra o povo palestino, a decis\u00e3o de \u201cpa\u00edses ricos\u201d, entre eles os Estados Unidos, de cortar as contribui\u00e7\u00f5es milion\u00e1rias \u00e0\u2026","rel":"","context":"In &quot;Not\u00edcias de Ribeir\u00e3o Preto-SP e Regi\u00e3o&quot;","block_context":{"text":"Not\u00edcias de Ribeir\u00e3o Preto-SP e Regi\u00e3o","link":"https:\/\/noticiasribeiraopreto.com.br\/index.php\/category\/noticias-de-ribeirao-preto-sp-e-regiao-ismael-colosi\/"},"img":{"alt_text":"","src":"https:\/\/i0.wp.com\/noticiasribeiraopreto.com.br\/wp-content\/uploads\/2024\/02\/Lula-Ricardo-Stuckert-PR-1-scaled.jpg?fit=1000%2C623&ssl=1&resize=350%2C200","width":350,"height":200,"srcset":"https:\/\/i0.wp.com\/noticiasribeiraopreto.com.br\/wp-content\/uploads\/2024\/02\/Lula-Ricardo-Stuckert-PR-1-scaled.jpg?fit=1000%2C623&ssl=1&resize=350%2C200 1x, https:\/\/i0.wp.com\/noticiasribeiraopreto.com.br\/wp-content\/uploads\/2024\/02\/Lula-Ricardo-Stuckert-PR-1-scaled.jpg?fit=1000%2C623&ssl=1&resize=525%2C300 1.5x, https:\/\/i0.wp.com\/noticiasribeiraopreto.com.br\/wp-content\/uploads\/2024\/02\/Lula-Ricardo-Stuckert-PR-1-scaled.jpg?fit=1000%2C623&ssl=1&resize=700%2C400 2x"},"classes":[]},{"id":76329,"url":"https:\/\/noticiasribeiraopreto.com.br\/index.php\/2025\/08\/26\/camara-de-ribeirao-preto-aprova-mocao-de-repudio-contra-lula-entenda\/","url_meta":{"origin":38535,"position":3},"title":"C\u00e2mara de Ribeir\u00e3o Preto aprova mo\u00e7\u00e3o de rep\u00fadio contra Lula; Entenda","author":"noticiasribeiraopreto.com.br","date":"26 de August de 2025","format":false,"excerpt":"A C\u00e2mara de Ribeir\u00e3o Preto aprovou na noite da \u00faltima segunda-feira (25) uma mo\u00e7\u00e3o de rep\u00fadio contra uma fala do presidente Luiz In\u00e1cio Lula da Silva (PT). A mo\u00e7\u00e3o de rep\u00fadio recebeu 15 votos favor\u00e1veis, tr\u00eas contr\u00e1rios e duas absten\u00e7\u00f5es \u2013 veja como cada vereador votou abaixo. O caso O\u2026","rel":"","context":"In &quot;Not\u00edcias de Ribeir\u00e3o Preto-SP e Regi\u00e3o&quot;","block_context":{"text":"Not\u00edcias de Ribeir\u00e3o Preto-SP e Regi\u00e3o","link":"https:\/\/noticiasribeiraopreto.com.br\/index.php\/category\/noticias-de-ribeirao-preto-sp-e-regiao-ismael-colosi\/"},"img":{"alt_text":"","src":"https:\/\/i0.wp.com\/noticiasribeiraopreto.com.br\/wp-content\/uploads\/2025\/08\/lula-padilha_2025-08-26_19-23-39.webp.webp?fit=1200%2C633&ssl=1&resize=350%2C200","width":350,"height":200,"srcset":"https:\/\/i0.wp.com\/noticiasribeiraopreto.com.br\/wp-content\/uploads\/2025\/08\/lula-padilha_2025-08-26_19-23-39.webp.webp?fit=1200%2C633&ssl=1&resize=350%2C200 1x, https:\/\/i0.wp.com\/noticiasribeiraopreto.com.br\/wp-content\/uploads\/2025\/08\/lula-padilha_2025-08-26_19-23-39.webp.webp?fit=1200%2C633&ssl=1&resize=525%2C300 1.5x, https:\/\/i0.wp.com\/noticiasribeiraopreto.com.br\/wp-content\/uploads\/2025\/08\/lula-padilha_2025-08-26_19-23-39.webp.webp?fit=1200%2C633&ssl=1&resize=700%2C400 2x, https:\/\/i0.wp.com\/noticiasribeiraopreto.com.br\/wp-content\/uploads\/2025\/08\/lula-padilha_2025-08-26_19-23-39.webp.webp?fit=1200%2C633&ssl=1&resize=1050%2C600 3x"},"classes":[]},{"id":28461,"url":"https:\/\/noticiasribeiraopreto.com.br\/index.php\/2024\/01\/15\/as-condicoes-para-o-conflito\/","url_meta":{"origin":38535,"position":4},"title":"as condi\u00e7\u00f5es para o conflito","author":"noticiasribeiraopreto.com.br","date":"15 de January de 2024","format":false,"excerpt":"Um confronto dos EUA com a China ou com a R\u00fassia \u2014 esses seriam os gatilhos que muitos esperam para a terceira guerra mundial, mas o que poucos sabem \u00e9 que as condi\u00e7\u00f5es para um conflito global j\u00e1 est\u00e3o sobre a mesa.\u00a0 Segundo especialistas, n\u00e3o \u00e9 necess\u00e1rio enfrentamento b\u00e9lico ou\u2026","rel":"","context":"In &quot;Dinheiro e Investimento&quot;","block_context":{"text":"Dinheiro e Investimento","link":"https:\/\/noticiasribeiraopreto.com.br\/index.php\/category\/dinheiro-e-investimento-como-fazer-como-ganhar\/"},"img":{"alt_text":"","src":"https:\/\/i0.wp.com\/noticiasribeiraopreto.com.br\/wp-content\/uploads\/2024\/01\/Xadrez-geopolitica-EUA-China-Russia-guerra-628x353.jpg?fit=628%2C353&ssl=1&resize=350%2C200","width":350,"height":200,"srcset":"https:\/\/i0.wp.com\/noticiasribeiraopreto.com.br\/wp-content\/uploads\/2024\/01\/Xadrez-geopolitica-EUA-China-Russia-guerra-628x353.jpg?fit=628%2C353&ssl=1&resize=350%2C200 1x, https:\/\/i0.wp.com\/noticiasribeiraopreto.com.br\/wp-content\/uploads\/2024\/01\/Xadrez-geopolitica-EUA-China-Russia-guerra-628x353.jpg?fit=628%2C353&ssl=1&resize=525%2C300 1.5x"},"classes":[]},{"id":80268,"url":"https:\/\/noticiasribeiraopreto.com.br\/index.php\/2025\/11\/18\/saiba-por-que-luciano-huck-esta-na-regiao-de-ribeirao-preto\/","url_meta":{"origin":38535,"position":5},"title":"Saiba por que Luciano Huck est\u00e1 na regi\u00e3o de Ribeir\u00e3o Preto","author":"noticiasribeiraopreto.com.br","date":"18 de November de 2025","format":false,"excerpt":"Luciano Huck circula pela regi\u00e3o de Ribeir\u00e3o Preto nesta ter\u00e7a-feira (18). De acordo com as informa\u00e7\u00f5es, o apresentador desembarcou em Cajuru por causa de uma grava\u00e7\u00e3o especial do Doming\u00e3o. A ida do apresentador ao munic\u00edpio movimentou moradores e comerciantes do munic\u00edpio a 63 quil\u00f4metros de Ribeir\u00e3o Preto. Veja v\u00eddeo abaixo:\u2026","rel":"","context":"In &quot;Not\u00edcias de Ribeir\u00e3o Preto-SP e Regi\u00e3o&quot;","block_context":{"text":"Not\u00edcias de Ribeir\u00e3o Preto-SP e Regi\u00e3o","link":"https:\/\/noticiasribeiraopreto.com.br\/index.php\/category\/noticias-de-ribeirao-preto-sp-e-regiao-ismael-colosi\/"},"img":{"alt_text":"","src":"https:\/\/i0.wp.com\/noticiasribeiraopreto.com.br\/wp-content\/uploads\/2025\/11\/palace-40_2025-11-18_17-20-30.webp.webp?fit=1200%2C675&ssl=1&resize=350%2C200","width":350,"height":200,"srcset":"https:\/\/i0.wp.com\/noticiasribeiraopreto.com.br\/wp-content\/uploads\/2025\/11\/palace-40_2025-11-18_17-20-30.webp.webp?fit=1200%2C675&ssl=1&resize=350%2C200 1x, https:\/\/i0.wp.com\/noticiasribeiraopreto.com.br\/wp-content\/uploads\/2025\/11\/palace-40_2025-11-18_17-20-30.webp.webp?fit=1200%2C675&ssl=1&resize=525%2C300 1.5x, https:\/\/i0.wp.com\/noticiasribeiraopreto.com.br\/wp-content\/uploads\/2025\/11\/palace-40_2025-11-18_17-20-30.webp.webp?fit=1200%2C675&ssl=1&resize=700%2C400 2x, https:\/\/i0.wp.com\/noticiasribeiraopreto.com.br\/wp-content\/uploads\/2025\/11\/palace-40_2025-11-18_17-20-30.webp.webp?fit=1200%2C675&ssl=1&resize=1050%2C600 3x"},"classes":[]}],"jetpack_sharing_enabled":true,"jetpack_shortlink":"https:\/\/wp.me\/peQAOb-a1x","_links":{"self":[{"href":"https:\/\/noticiasribeiraopreto.com.br\/index.php\/wp-json\/wp\/v2\/posts\/38535","targetHints":{"allow":["GET"]}}],"collection":[{"href":"https:\/\/noticiasribeiraopreto.com.br\/index.php\/wp-json\/wp\/v2\/posts"}],"about":[{"href":"https:\/\/noticiasribeiraopreto.com.br\/index.php\/wp-json\/wp\/v2\/types\/post"}],"author":[{"embeddable":true,"href":"https:\/\/noticiasribeiraopreto.com.br\/index.php\/wp-json\/wp\/v2\/users\/1"}],"replies":[{"embeddable":true,"href":"https:\/\/noticiasribeiraopreto.com.br\/index.php\/wp-json\/wp\/v2\/comments?post=38535"}],"version-history":[{"count":0,"href":"https:\/\/noticiasribeiraopreto.com.br\/index.php\/wp-json\/wp\/v2\/posts\/38535\/revisions"}],"wp:featuredmedia":[{"embeddable":true,"href":"https:\/\/noticiasribeiraopreto.com.br\/index.php\/wp-json\/wp\/v2\/media\/38536"}],"wp:attachment":[{"href":"https:\/\/noticiasribeiraopreto.com.br\/index.php\/wp-json\/wp\/v2\/media?parent=38535"}],"wp:term":[{"taxonomy":"category","embeddable":true,"href":"https:\/\/noticiasribeiraopreto.com.br\/index.php\/wp-json\/wp\/v2\/categories?post=38535"},{"taxonomy":"post_tag","embeddable":true,"href":"https:\/\/noticiasribeiraopreto.com.br\/index.php\/wp-json\/wp\/v2\/tags?post=38535"}],"curies":[{"name":"wp","href":"https:\/\/api.w.org\/{rel}","templated":true}]}}