{"id":38539,"date":"2024-02-20T14:42:18","date_gmt":"2024-02-20T17:42:18","guid":{"rendered":"https:\/\/noticiasribeiraopreto.com.br\/index.php\/2024\/02\/20\/teatro-de-arena-de-ribeirao-recebe-festival-de-djs-veja-data-e-como-comprar-ingressos\/"},"modified":"2024-02-20T14:42:18","modified_gmt":"2024-02-20T17:42:18","slug":"teatro-de-arena-de-ribeirao-recebe-festival-de-djs-veja-data-e-como-comprar-ingressos","status":"publish","type":"post","link":"https:\/\/noticiasribeiraopreto.com.br\/index.php\/2024\/02\/20\/teatro-de-arena-de-ribeirao-recebe-festival-de-djs-veja-data-e-como-comprar-ingressos\/","title":{"rendered":"Teatro de Arena de Ribeir\u00e3o recebe festival de DJs; Veja data e como comprar ingressos"},"content":{"rendered":"<div class='code-block code-block-1' style='margin: 8px 0 8px auto; text-align: right; display: block; clear: both;'>\n<p><a href=\"https:\/\/wa.link\/vpicfd\"><img data-recalc-dims=\"1\" class=\"wp-image-4922\" style=\"aspect-ratio: 2.0253164556962027; width: 561px; height: auto;\" src=\"https:\/\/i0.wp.com\/ismaelcolosi.com.br\/wp-content\/uploads\/2023\/11\/grupo-de-empregos-whatsapp-e-facebook-ismael-colosi-vagas.jpg?ssl=1\" alt=\"\" \/><\/a><\/p>\n<!-- \/wp:image -->\n<\/div>\n<p> <br \/>\n<\/p>\n<div data-td-block-uid=\"tdi_102\">\n<div class=\"tdb-block-inner td-fix-index\">\n<p><strong>A 1\u00aa edi\u00e7\u00e3o do Tutu DJs Fest ser\u00e1 realizada no Teatro de Arena de Ribeir\u00e3o Preto, em mar\u00e7o. <\/strong><\/p>\n<p>Em comemora\u00e7\u00e3o ao <strong>Dia Mundial do DJ<\/strong>, <strong><strong>em 9 de mar\u00e7o<\/strong><\/strong>, o <strong>festival <\/strong>ir\u00e1 reunir <strong>nesta data<\/strong> v\u00e1rios <strong>DJs<\/strong> atuantes, com m\u00fasica das <strong>15h \u00e0s 22h<\/strong>.<strong> <\/strong><\/p>\n<p><span style=\"background-color:#f7cc62\" class=\"td_text_highlight_marker\">Os ingressos j\u00e1 est\u00e3o dispon\u00edveis por R$ 30 no lote promocional at\u00e9 o dia 23 de fevereiro.<\/span>Saiba mais abaixo. <\/p>\n<p>O <strong>evento<\/strong>, realizado pelo <strong>coletivo Tutu DJs<\/strong> e <strong>Pantera Sounds<\/strong>, tem como <strong>objetivo <\/strong>promover a <strong>diversidade musical <\/strong>por meio da <strong>discotecagem independente<\/strong> em formato livre. <\/p>\n<h4 class=\"wp-block-heading\"><strong>Confira as atra\u00e7\u00f5es:<\/strong><\/h4>\n<p>O <strong>Tutu Djs Fest <\/strong>contar\u00e1 com ao menos <strong>seis DJs<\/strong>. Al\u00e9m do <strong>Tutu DJs<\/strong>, mais duas atra\u00e7\u00f5es j\u00e1 foram divulgadas: <strong>DJ Marco e DJ Tau\u00ed<\/strong>. <\/p>\n<p>Ao longo das pr\u00f3ximas semanas, outros artistas dever\u00e3os ser anunciados.<\/p>\n<h4 class=\"wp-block-heading\"><strong>Ingressos<\/strong><\/h4>\n<p>Os <strong>ingressos<\/strong> est\u00e3o <strong>dispon\u00edveis <\/strong>on-line (<a href=\"https:\/\/www.ingresse.com\/tutu-djs-fest\" target=\"_blank\" rel=\"noreferrer noopener\">clique aqui<\/a>) e custam <strong>R$ 30<\/strong> no <strong>lote promocional<\/strong>, <strong>dispon\u00edvel at\u00e9 o dia 23<\/strong> deste m\u00eas. <\/p>\n<p>As atualiza\u00e7\u00f5es do evento, como virada de lote, s\u00e3o publicadas no <em>Instagram<\/em> do festival: <a href=\"https:\/\/www.instagram.com\/tutudjs\/\" target=\"_blank\" rel=\"noreferrer noopener\">@tutudjs<\/a>.<\/p>\n<h4 class=\"wp-block-heading\"><strong>SERVI\u00c7O<\/strong><\/h4>\n<p><em>Tutu DJs Fest<\/em><\/p>\n<p><strong>Data:<\/strong> Dia 9 de mar\u00e7o<br \/><strong>Hor\u00e1rio:<\/strong> das 15h \u00e0s 22h<br \/><strong>Local:<\/strong> Teatro de Arena de Ribeir\u00e3o Preto<br \/><strong>Endere\u00e7o:<\/strong> Pra\u00e7a Alto do S\u00e3o Bento, s\/n\u00ba, Jardim Mosteiro<br \/><strong>Ingresso:<\/strong> R$ 30 (lote promocional at\u00e9 o dia 23\/02) no site (<a href=\"https:\/\/ingresse.com\/tutu-djs-fest\" target=\"_blank\" rel=\"noreferrer noopener\">clique aqui<\/a>)<\/p>\n<p>SAIBA MAIS<br \/>Ribeir\u00e3o Rodeo Music come\u00e7a venda de ingressos em pontos f\u00edsicos; Veja os locais<\/p>\n<h4 class=\"wp-block-heading\"><strong>FIQUE ON<\/strong><\/h4>\n<p>Fique ligado em tudo que acontece em Ribeir\u00e3o Preto e regi\u00e3o. Siga os perfis do<strong> acidade on <\/strong>no <a href=\"https:\/\/www.instagram.com\/acidadeonribeirao\" target=\"_blank\" rel=\"noreferrer noopener\">Instagram<\/a> e no <a href=\"https:\/\/www.facebook.com\/acidadeonribeirao\" target=\"_blank\" rel=\"noreferrer noopener\">Facebook<\/a>.<\/p>\n<p>Receba not\u00edcias do acidade on no WhatsApp. Para entrar no grupo, basta <a href=\"https:\/\/chat.whatsapp.com\/Bnv2w66ZT4VDyZW3oiZ69n\" target=\"_blank\" rel=\"noreferrer noopener\">clicar aqui<\/a>.<\/p>\n<p>Fa\u00e7a uma den\u00fancia ou sugira uma reportagem sobre Ribeir\u00e3o Preto e regi\u00e3o pelo WhatsApp: 16 99117 7802.<\/p>\n<p>VEJA TAMB\u00c9M<br \/>Madrugada \u00e9 de briga no BBB 24; veja resumo<\/p>\n<p><!-- AI CONTENT END 1 -->\n<\/div>\n<\/div>\n<p><script async src=\"\/\/www.instagram.com\/embed.js\"><\/script><br \/>\n<br \/><br \/>\n<br \/><a href=\"https:\/\/www.acidadeon.com\/ribeiraopreto\/lazer-e-cultura\/teatro-de-arena-de-ribeirao-recebe-festival-de-djs-veja-data-e-como-comprar-ingressos\/\">Source link <\/a><\/p>\n<!-- CONTENT END 1 -->\n","protected":false},"excerpt":{"rendered":"<p>A 1\u00aa edi\u00e7\u00e3o do Tutu DJs Fest ser\u00e1 realizada no Teatro de Arena de Ribeir\u00e3o Preto, em mar\u00e7o. Em comemora\u00e7\u00e3o ao Dia Mundial do DJ,&#8230;<\/p>\n","protected":false},"author":1,"featured_media":38540,"comment_status":"open","ping_status":"open","sticky":false,"template":"","format":"standard","meta":{"advanced_seo_description":"","jetpack_seo_html_title":"","jetpack_seo_noindex":false,"jetpack_post_was_ever_published":false,"_jetpack_newsletter_access":"","_jetpack_dont_email_post_to_subs":false,"_jetpack_newsletter_tier_id":0,"_jetpack_memberships_contains_paywalled_content":false,"_jetpack_memberships_contains_paid_content":false,"footnotes":"","jetpack_publicize_message":"","jetpack_publicize_feature_enabled":true,"jetpack_social_post_already_shared":true,"jetpack_social_options":{"image_generator_settings":{"template":"highway","default_image_id":0,"font":"","enabled":false},"version":2}},"categories":[11],"tags":[],"class_list":["post-38539","post","type-post","status-publish","format-standard","has-post-thumbnail","hentry","category-noticias-de-ribeirao-preto-sp-e-regiao-ismael-colosi"],"jetpack_publicize_connections":[],"jetpack_featured_media_url":"https:\/\/i0.wp.com\/noticiasribeiraopreto.com.br\/wp-content\/uploads\/2024\/02\/Foto-DJ-Taui.jpg?fit=1600%2C1066&ssl=1","jetpack-related-posts":[{"id":38525,"url":"https:\/\/noticiasribeiraopreto.com.br\/index.php\/2024\/02\/20\/teatro-de-arena-de-ribeirao-preto-recebe-1a-edicao-do-tutu-djs-fest\/","url_meta":{"origin":38539,"position":0},"title":"Teatro de Arena de Ribeir\u00e3o Preto recebe 1\u00aa edi\u00e7\u00e3o do Tutu DJs Fest","author":"noticiasribeiraopreto.com.br","date":"20 de February de 2024","format":false,"excerpt":"O Dia Mundial do DJ \u00e9 comemorado em 09 de mar\u00e7o, data em que o Teatro de Arena de Ribeir\u00e3o Preto ser\u00e1 palco do Tutu DJs Fest, que reunir\u00e1 v\u00e1rios DJs atuantes em um espa\u00e7o hist\u00f3rico da cidade, com m\u00fasica das 15h \u00e0s 22h.Realizado pelo coletivo Tutu DJs e Pantera\u2026","rel":"","context":"In &quot;Not\u00edcias de Ribeir\u00e3o Preto-SP e Regi\u00e3o&quot;","block_context":{"text":"Not\u00edcias de Ribeir\u00e3o Preto-SP e Regi\u00e3o","link":"https:\/\/noticiasribeiraopreto.com.br\/index.php\/category\/noticias-de-ribeirao-preto-sp-e-regiao-ismael-colosi\/"},"img":{"alt_text":"","src":"https:\/\/i0.wp.com\/noticiasribeiraopreto.com.br\/wp-content\/uploads\/2024\/02\/Foto-DJ-Taui-scaled.jpg?fit=968%2C645&ssl=1&resize=350%2C200","width":350,"height":200,"srcset":"https:\/\/i0.wp.com\/noticiasribeiraopreto.com.br\/wp-content\/uploads\/2024\/02\/Foto-DJ-Taui-scaled.jpg?fit=968%2C645&ssl=1&resize=350%2C200 1x, https:\/\/i0.wp.com\/noticiasribeiraopreto.com.br\/wp-content\/uploads\/2024\/02\/Foto-DJ-Taui-scaled.jpg?fit=968%2C645&ssl=1&resize=525%2C300 1.5x, https:\/\/i0.wp.com\/noticiasribeiraopreto.com.br\/wp-content\/uploads\/2024\/02\/Foto-DJ-Taui-scaled.jpg?fit=968%2C645&ssl=1&resize=700%2C400 2x"},"classes":[]},{"id":65652,"url":"https:\/\/noticiasribeiraopreto.com.br\/index.php\/2025\/03\/22\/tutu-fest-teatro-de-arena-de-ribeirao-preto-recebe-festival-de-djs\/","url_meta":{"origin":38539,"position":1},"title":"Tutu Fest: Teatro de Arena de Ribeir\u00e3o Preto recebe festival de DJs","author":"noticiasribeiraopreto.com.br","date":"22 de March de 2025","format":false,"excerpt":"O Teatro de Arena de Ribeir\u00e3o Preto ser\u00e1 palco da 2\u00aa edi\u00e7\u00e3o do Tutu Djs Fest, que acontece no dia 5 de abril, das 15h \u00e0s 22h. O evento re\u00fane DJs que exploram diferentes t\u00e9cnicas e formatos de reprodu\u00e7\u00e3o musical e variados g\u00eaneros musicais. Realizado pelo coletivo Tutu DJs, que\u2026","rel":"","context":"In &quot;Not\u00edcias de Ribeir\u00e3o Preto-SP e Regi\u00e3o&quot;","block_context":{"text":"Not\u00edcias de Ribeir\u00e3o Preto-SP e Regi\u00e3o","link":"https:\/\/noticiasribeiraopreto.com.br\/index.php\/category\/noticias-de-ribeirao-preto-sp-e-regiao-ismael-colosi\/"},"img":{"alt_text":"","src":"https:\/\/i0.wp.com\/noticiasribeiraopreto.com.br\/wp-content\/uploads\/2025\/03\/Copia-de-Copia-de-Copia-de-TAMANHO-EXATO-PARA-FOTOS-NO-SISTEMA-NOVO-31_2025-03-22_17-39-52_jpg_2025-03-22_17-39-52.webp.webp?fit=1200%2C675&ssl=1&resize=350%2C200","width":350,"height":200,"srcset":"https:\/\/i0.wp.com\/noticiasribeiraopreto.com.br\/wp-content\/uploads\/2025\/03\/Copia-de-Copia-de-Copia-de-TAMANHO-EXATO-PARA-FOTOS-NO-SISTEMA-NOVO-31_2025-03-22_17-39-52_jpg_2025-03-22_17-39-52.webp.webp?fit=1200%2C675&ssl=1&resize=350%2C200 1x, https:\/\/i0.wp.com\/noticiasribeiraopreto.com.br\/wp-content\/uploads\/2025\/03\/Copia-de-Copia-de-Copia-de-TAMANHO-EXATO-PARA-FOTOS-NO-SISTEMA-NOVO-31_2025-03-22_17-39-52_jpg_2025-03-22_17-39-52.webp.webp?fit=1200%2C675&ssl=1&resize=525%2C300 1.5x, https:\/\/i0.wp.com\/noticiasribeiraopreto.com.br\/wp-content\/uploads\/2025\/03\/Copia-de-Copia-de-Copia-de-TAMANHO-EXATO-PARA-FOTOS-NO-SISTEMA-NOVO-31_2025-03-22_17-39-52_jpg_2025-03-22_17-39-52.webp.webp?fit=1200%2C675&ssl=1&resize=700%2C400 2x, https:\/\/i0.wp.com\/noticiasribeiraopreto.com.br\/wp-content\/uploads\/2025\/03\/Copia-de-Copia-de-Copia-de-TAMANHO-EXATO-PARA-FOTOS-NO-SISTEMA-NOVO-31_2025-03-22_17-39-52_jpg_2025-03-22_17-39-52.webp.webp?fit=1200%2C675&ssl=1&resize=1050%2C600 3x"},"classes":[]},{"id":41252,"url":"https:\/\/noticiasribeiraopreto.com.br\/index.php\/2024\/03\/07\/festival-de-discotecagem-agita-ribeirao-preto-neste-final-de-semana-veja-o-line-up\/","url_meta":{"origin":38539,"position":2},"title":"Festival de discotecagem agita Ribeir\u00e3o Preto neste final de semana; Veja o line-up","author":"noticiasribeiraopreto.com.br","date":"7 de March de 2024","format":false,"excerpt":"Ribeir\u00e3o Preto recebe neste final de semana, a 1\u00aa edi\u00e7\u00e3o do Tutu DJs Fest, o primeiro festival de discotecagem do interior paulista, que acontece na data em que \u00e9 celebrado o Dia Mundial do DJ. O evento acontece neste s\u00e1bado (9), no Teatro de Arena Jaime Zeirger, localizado no Morro\u2026","rel":"","context":"In &quot;Not\u00edcias de Ribeir\u00e3o Preto-SP e Regi\u00e3o&quot;","block_context":{"text":"Not\u00edcias de Ribeir\u00e3o Preto-SP e Regi\u00e3o","link":"https:\/\/noticiasribeiraopreto.com.br\/index.php\/category\/noticias-de-ribeirao-preto-sp-e-regiao-ismael-colosi\/"},"img":{"alt_text":"","src":"https:\/\/i0.wp.com\/noticiasribeiraopreto.com.br\/wp-content\/uploads\/2024\/03\/thumbnail_Foto-DJ-Shareid.jpg?fit=1200%2C1107&ssl=1&resize=350%2C200","width":350,"height":200,"srcset":"https:\/\/i0.wp.com\/noticiasribeiraopreto.com.br\/wp-content\/uploads\/2024\/03\/thumbnail_Foto-DJ-Shareid.jpg?fit=1200%2C1107&ssl=1&resize=350%2C200 1x, https:\/\/i0.wp.com\/noticiasribeiraopreto.com.br\/wp-content\/uploads\/2024\/03\/thumbnail_Foto-DJ-Shareid.jpg?fit=1200%2C1107&ssl=1&resize=525%2C300 1.5x, https:\/\/i0.wp.com\/noticiasribeiraopreto.com.br\/wp-content\/uploads\/2024\/03\/thumbnail_Foto-DJ-Shareid.jpg?fit=1200%2C1107&ssl=1&resize=700%2C400 2x, https:\/\/i0.wp.com\/noticiasribeiraopreto.com.br\/wp-content\/uploads\/2024\/03\/thumbnail_Foto-DJ-Shareid.jpg?fit=1200%2C1107&ssl=1&resize=1050%2C600 3x"},"classes":[]},{"id":61615,"url":"https:\/\/noticiasribeiraopreto.com.br\/index.php\/2024\/12\/17\/armazem-baixada-recebe-evento-comemorativo-com-djs-veja-data\/","url_meta":{"origin":38539,"position":3},"title":"Armaz\u00e9m Baixada recebe evento comemorativo com DJs; Veja data","author":"noticiasribeiraopreto.com.br","date":"17 de December de 2024","format":false,"excerpt":"O Tutu DJs comemora 22 anos com evento no pr\u00f3ximo s\u00e1bado (21), no Armaz\u00e9m Baixada, no Centro de Ribeir\u00e3o Preto. O coletivo de DJs recebe, a partir das 22h, os convidados DJ Marco (Criolo e Discop\u00e9dia), o duo Anhanguera, formado pelos DJs e produtores Dudu Palandre e D\u00e9cio Deep, e\u2026","rel":"","context":"In &quot;Not\u00edcias de Ribeir\u00e3o Preto-SP e Regi\u00e3o&quot;","block_context":{"text":"Not\u00edcias de Ribeir\u00e3o Preto-SP e Regi\u00e3o","link":"https:\/\/noticiasribeiraopreto.com.br\/index.php\/category\/noticias-de-ribeirao-preto-sp-e-regiao-ismael-colosi\/"},"img":{"alt_text":"","src":"https:\/\/i0.wp.com\/noticiasribeiraopreto.com.br\/wp-content\/uploads\/2024\/12\/DJ_2024-12-17_17-22-54_jpg_2024-12-17_17-22-54.webp.webp?fit=1200%2C922&ssl=1&resize=350%2C200","width":350,"height":200,"srcset":"https:\/\/i0.wp.com\/noticiasribeiraopreto.com.br\/wp-content\/uploads\/2024\/12\/DJ_2024-12-17_17-22-54_jpg_2024-12-17_17-22-54.webp.webp?fit=1200%2C922&ssl=1&resize=350%2C200 1x, https:\/\/i0.wp.com\/noticiasribeiraopreto.com.br\/wp-content\/uploads\/2024\/12\/DJ_2024-12-17_17-22-54_jpg_2024-12-17_17-22-54.webp.webp?fit=1200%2C922&ssl=1&resize=525%2C300 1.5x, https:\/\/i0.wp.com\/noticiasribeiraopreto.com.br\/wp-content\/uploads\/2024\/12\/DJ_2024-12-17_17-22-54_jpg_2024-12-17_17-22-54.webp.webp?fit=1200%2C922&ssl=1&resize=700%2C400 2x, https:\/\/i0.wp.com\/noticiasribeiraopreto.com.br\/wp-content\/uploads\/2024\/12\/DJ_2024-12-17_17-22-54_jpg_2024-12-17_17-22-54.webp.webp?fit=1200%2C922&ssl=1&resize=1050%2C600 3x"},"classes":[]},{"id":41495,"url":"https:\/\/noticiasribeiraopreto.com.br\/index.php\/2024\/03\/08\/veja-o-que-fazer-para-aproveitar-o-final-de-semana-em-ribeirao-tem-shows-da-joelma-e-do-jao\/","url_meta":{"origin":38539,"position":4},"title":"Veja o que fazer para aproveitar o final de semana em Ribeir\u00e3o; Tem shows da Joelma e do J\u00e3o","author":"noticiasribeiraopreto.com.br","date":"8 de March de 2024","format":false,"excerpt":"O final de semana de chegou e Ribeir\u00e3o Preto oferece uma programa\u00e7\u00e3o para toda fam\u00edlia ou para curtir com os amigos. \u00a0Entre as op\u00e7\u00f5es tem bloco p\u00f3s-carnaval, feiras e shows da Joelma e do J\u00e3o. Confira: Theatro Pedro II O Theatro Pedro II, localizado no Centro da cidade, oferece espet\u00e1culos\u2026","rel":"","context":"In &quot;Not\u00edcias de Ribeir\u00e3o Preto-SP e Regi\u00e3o&quot;","block_context":{"text":"Not\u00edcias de Ribeir\u00e3o Preto-SP e Regi\u00e3o","link":"https:\/\/noticiasribeiraopreto.com.br\/index.php\/category\/noticias-de-ribeirao-preto-sp-e-regiao-ismael-colosi\/"},"img":{"alt_text":"","src":"https:\/\/i0.wp.com\/noticiasribeiraopreto.com.br\/wp-content\/uploads\/2024\/03\/AnyConv.com__shows-ribeirao-preto.webp.webp?fit=1200%2C675&ssl=1&resize=350%2C200","width":350,"height":200,"srcset":"https:\/\/i0.wp.com\/noticiasribeiraopreto.com.br\/wp-content\/uploads\/2024\/03\/AnyConv.com__shows-ribeirao-preto.webp.webp?fit=1200%2C675&ssl=1&resize=350%2C200 1x, https:\/\/i0.wp.com\/noticiasribeiraopreto.com.br\/wp-content\/uploads\/2024\/03\/AnyConv.com__shows-ribeirao-preto.webp.webp?fit=1200%2C675&ssl=1&resize=525%2C300 1.5x, https:\/\/i0.wp.com\/noticiasribeiraopreto.com.br\/wp-content\/uploads\/2024\/03\/AnyConv.com__shows-ribeirao-preto.webp.webp?fit=1200%2C675&ssl=1&resize=700%2C400 2x, https:\/\/i0.wp.com\/noticiasribeiraopreto.com.br\/wp-content\/uploads\/2024\/03\/AnyConv.com__shows-ribeirao-preto.webp.webp?fit=1200%2C675&ssl=1&resize=1050%2C600 3x"},"classes":[]},{"id":10010,"url":"https:\/\/noticiasribeiraopreto.com.br\/index.php\/2023\/12\/03\/coletivo-recebe-dj-hum-em-rp\/","url_meta":{"origin":38539,"position":5},"title":"Coletivo recebe DJ Hum em RP\u00a0","author":"noticiasribeiraopreto.com.br","date":"3 de December de 2023","format":false,"excerpt":"DJ Hum, um dos pioneiros do hip hop nacional e ic\u00f4nico parceiro do rapper Thaide, dupla respons\u00e1vel pelo hit \u201cSr. Tempo Bom\u201d e criador, ao lado de Lino Krizz e Cabal, do grupo Motir\u00f4, do hit \u201cSenhorita\u201d, chega a Ribeir\u00e3o Preto a convite do coletivo Tutu DJs, que celebra 21\u2026","rel":"","context":"In &quot;Not\u00edcias de Ribeir\u00e3o Preto-SP e Regi\u00e3o&quot;","block_context":{"text":"Not\u00edcias de Ribeir\u00e3o Preto-SP e Regi\u00e3o","link":"https:\/\/noticiasribeiraopreto.com.br\/index.php\/category\/noticias-de-ribeirao-preto-sp-e-regiao-ismael-colosi\/"},"img":{"alt_text":"","src":"https:\/\/i0.wp.com\/noticiasribeiraopreto.com.br\/wp-content\/uploads\/2023\/12\/hum.jpg?fit=432%2C645&ssl=1&resize=350%2C200","width":350,"height":200},"classes":[]}],"jetpack_sharing_enabled":true,"jetpack_shortlink":"https:\/\/wp.me\/peQAOb-a1B","_links":{"self":[{"href":"https:\/\/noticiasribeiraopreto.com.br\/index.php\/wp-json\/wp\/v2\/posts\/38539","targetHints":{"allow":["GET"]}}],"collection":[{"href":"https:\/\/noticiasribeiraopreto.com.br\/index.php\/wp-json\/wp\/v2\/posts"}],"about":[{"href":"https:\/\/noticiasribeiraopreto.com.br\/index.php\/wp-json\/wp\/v2\/types\/post"}],"author":[{"embeddable":true,"href":"https:\/\/noticiasribeiraopreto.com.br\/index.php\/wp-json\/wp\/v2\/users\/1"}],"replies":[{"embeddable":true,"href":"https:\/\/noticiasribeiraopreto.com.br\/index.php\/wp-json\/wp\/v2\/comments?post=38539"}],"version-history":[{"count":0,"href":"https:\/\/noticiasribeiraopreto.com.br\/index.php\/wp-json\/wp\/v2\/posts\/38539\/revisions"}],"wp:featuredmedia":[{"embeddable":true,"href":"https:\/\/noticiasribeiraopreto.com.br\/index.php\/wp-json\/wp\/v2\/media\/38540"}],"wp:attachment":[{"href":"https:\/\/noticiasribeiraopreto.com.br\/index.php\/wp-json\/wp\/v2\/media?parent=38539"}],"wp:term":[{"taxonomy":"category","embeddable":true,"href":"https:\/\/noticiasribeiraopreto.com.br\/index.php\/wp-json\/wp\/v2\/categories?post=38539"},{"taxonomy":"post_tag","embeddable":true,"href":"https:\/\/noticiasribeiraopreto.com.br\/index.php\/wp-json\/wp\/v2\/tags?post=38539"}],"curies":[{"name":"wp","href":"https:\/\/api.w.org\/{rel}","templated":true}]}}