{"id":38552,"date":"2024-02-20T15:21:55","date_gmt":"2024-02-20T18:21:55","guid":{"rendered":"https:\/\/noticiasribeiraopreto.com.br\/index.php\/2024\/02\/20\/festa-do-peao-de-barretos-anuncia-show-da-simone-mendes-veja-as-atracoes-confirmadas\/"},"modified":"2024-02-20T15:21:55","modified_gmt":"2024-02-20T18:21:55","slug":"festa-do-peao-de-barretos-anuncia-show-da-simone-mendes-veja-as-atracoes-confirmadas","status":"publish","type":"post","link":"https:\/\/noticiasribeiraopreto.com.br\/index.php\/2024\/02\/20\/festa-do-peao-de-barretos-anuncia-show-da-simone-mendes-veja-as-atracoes-confirmadas\/","title":{"rendered":"Festa do Pe\u00e3o de Barretos anuncia show da Simone Mendes; Veja as atra\u00e7\u00f5es confirmadas"},"content":{"rendered":"<div class='code-block code-block-1' style='margin: 8px 0 8px auto; text-align: right; display: block; clear: both;'>\n<p><a href=\"https:\/\/wa.link\/vpicfd\"><img data-recalc-dims=\"1\" class=\"wp-image-4922\" style=\"aspect-ratio: 2.0253164556962027; width: 561px; height: auto;\" src=\"https:\/\/i0.wp.com\/ismaelcolosi.com.br\/wp-content\/uploads\/2023\/11\/grupo-de-empregos-whatsapp-e-facebook-ismael-colosi-vagas.jpg?ssl=1\" alt=\"\" \/><\/a><\/p>\n<!-- \/wp:image -->\n<\/div>\n<p> <br \/>\n<\/p>\n<div data-td-block-uid=\"tdi_102\">\n<div class=\"tdb-block-inner td-fix-index\">\n<p>A cantora <strong>Simone Mendes<\/strong> est\u00e1 confirmada como uma das atra\u00e7\u00f5es da<strong> <\/strong><mark style=\"background-color:#fcb900\" class=\"has-inline-color has-black-color\"><strong>Festa do Pe\u00e3o de Boiadeiro de Barretos 2024<\/strong>, que acontece entre os dias 15 e 16 de agosto<\/mark>. Simone Mendes vai se apresentar na sexta-feira, 16 de agosto, no primeiro final de semana do evento.<\/p>\n<p>Em 2023, Simone se apresentou duas vezes no palco do Est\u00e1dio de Rodeios. \u201cEstar em Barretos ano passado foi um marco na minha carreira. Em 2024 vamos escrever juntos mais um cap\u00edtulo de amor na nossa hist\u00f3ria\u201d, afirma a cantora.<\/p>\n<h4 class=\"wp-block-heading\"><strong>Outros shows confirmados<\/strong><\/h4>\n<p>A edi\u00e7\u00e3o de 2024 da Festa do Pe\u00e3o de Barretos j\u00e1 tem confirmados os shows de:<\/p>\n<ul>\n<li><strong>Luan Pereira (15\/8)<\/strong>; os embaixadores <strong>C\u00e9sar Menotti e Fabiano (17\/8)<\/strong>,<strong> Jorge e Mateus (17\/8)<\/strong>, <strong>Ana Castela (17\/8)<\/strong> e a atra\u00e7\u00e3o internacional, <strong>Cody Johnson (24\/8)<\/strong>.<\/li>\n<\/ul>\n<h4 class=\"wp-block-heading\"><strong>Ingressos<\/strong><\/h4>\n<p>As vendas dos ingressos para a 69\u00aa Festa do Pe\u00e3o de Boiadeiro de Barretos, que acontece de 15 a 25 de agosto, j\u00e1 est\u00e3o liberadas.<\/p>\n<p>A venda \u00e9 exclusiva pelo <a href=\"https:\/\/barretos.totalacesso.com\/\" target=\"_blank\" rel=\"noreferrer noopener nofollow\">site<strong> Total Acesso<\/strong> (clique aqui)<\/a> e est\u00e3o dispon\u00edveis lotes para os nove setores que integram o evento:<\/p>\n<ul>\n<li>Parque\/Rodeio\/Show, \u00c1rea Vip, Pista Prime, Pista Gold e Stage Prime; Camarotes Arena Premium, Brahma, Open Super Bull e Dagente.<\/li>\n<\/ul>\n<p>Tamb\u00e9m j\u00e1 \u00e9 poss\u00edvel adquirir pacotes para a \u00e1rea de Camping, que funciona dentro do Parque do Pe\u00e3o.<\/p>\n<p>SAIBA MAIS<br \/>Ribeir\u00e3o Rodeo Music come\u00e7a venda de ingressos em pontos f\u00edsicos; Veja os locais<\/p>\n<h4 class=\"wp-block-heading\"><strong>FIQUE ON<\/strong><\/h4>\n<p>Fique ligado em tudo que acontece em Ribeir\u00e3o Preto e regi\u00e3o. Siga os perfis do <strong>acidade on <\/strong>no <a href=\"https:\/\/www.instagram.com\/acidadeonribeirao\" target=\"_blank\" rel=\"noreferrer noopener nofollow\">Instagram <\/a>e no<a href=\"https:\/\/www.facebook.com\/acidadeonribeirao\" target=\"_blank\" rel=\"noreferrer noopener nofollow\"> Facebook<\/a>.<\/p>\n<p>Receba not\u00edcias do <strong>acidade on<\/strong> no WhatsApp.<a href=\"https:\/\/chat.whatsapp.com\/Bnv2w66ZT4VDyZW3oiZ69n\" target=\"_blank\" rel=\"noreferrer noopener nofollow\"> Para entrar no grupo, basta clicar aqui.<\/a><\/p>\n<p>Fa\u00e7a uma den\u00fancia ou sugira uma reportagem sobre Ribeir\u00e3o Preto e regi\u00e3o pelo WhatsApp: 16 99117 7802.<\/p>\n<p>VEJA TAMB\u00c9M<br \/>Wanessa questiona aus\u00eancia de filhos em carta e equipe explica<\/p>\n<p><!-- AI CONTENT END 1 -->\n<\/div>\n<\/div>\n<p><script async src=\"\/\/www.instagram.com\/embed.js\"><\/script><br \/>\n<br \/><br \/>\n<br \/><a href=\"https:\/\/www.acidadeon.com\/ribeiraopreto\/lazer-e-cultura\/festa-do-peao-de-barretos-anuncia-show-da-simone-mendes-veja-as-atracoes-confirmadas\/\">Source link <\/a><\/p>\n<!-- CONTENT END 1 -->\n","protected":false},"excerpt":{"rendered":"<p>A cantora Simone Mendes est\u00e1 confirmada como uma das atra\u00e7\u00f5es da Festa do Pe\u00e3o de Boiadeiro de Barretos 2024, que acontece entre os dias 15&#8230;<\/p>\n","protected":false},"author":1,"featured_media":38553,"comment_status":"open","ping_status":"open","sticky":false,"template":"","format":"standard","meta":{"advanced_seo_description":"","jetpack_seo_html_title":"","jetpack_seo_noindex":false,"jetpack_post_was_ever_published":false,"_jetpack_newsletter_access":"","_jetpack_dont_email_post_to_subs":false,"_jetpack_newsletter_tier_id":0,"_jetpack_memberships_contains_paywalled_content":false,"_jetpack_memberships_contains_paid_content":false,"footnotes":"","jetpack_publicize_message":"","jetpack_publicize_feature_enabled":true,"jetpack_social_post_already_shared":true,"jetpack_social_options":{"image_generator_settings":{"template":"highway","default_image_id":0,"font":"","enabled":false},"version":2}},"categories":[11],"tags":[],"class_list":["post-38552","post","type-post","status-publish","format-standard","has-post-thumbnail","hentry","category-noticias-de-ribeirao-preto-sp-e-regiao-ismael-colosi"],"jetpack_publicize_connections":[],"jetpack_featured_media_url":"https:\/\/i0.wp.com\/noticiasribeiraopreto.com.br\/wp-content\/uploads\/2024\/02\/simone-mendes.jpg?fit=1200%2C800&ssl=1","jetpack-related-posts":[{"id":45492,"url":"https:\/\/noticiasribeiraopreto.com.br\/index.php\/2024\/04\/04\/show-de-daniel-e-confirmado-na-festa-do-peao-de-barretos\/","url_meta":{"origin":38552,"position":0},"title":"Show de Daniel \u00e9 confirmado na Festa do Pe\u00e3o de Barretos","author":"noticiasribeiraopreto.com.br","date":"4 de April de 2024","format":false,"excerpt":"Show de Daniel \u00e9 confirmado na Festa do Pe\u00e3o de BarretosArtista com 40 anos de carreira, integra a grade musical de 22 de agosto. No mesmo dia, evento tamb\u00e9m ter\u00e1 shows de Matogrosso & Mathias, Victor & L\u00e9o e Pedro Paulo & Alex. Festa acontece de 15 a 25 de\u2026","rel":"","context":"In &quot;Not\u00edcias de Ribeir\u00e3o Preto-SP e Regi\u00e3o&quot;","block_context":{"text":"Not\u00edcias de Ribeir\u00e3o Preto-SP e Regi\u00e3o","link":"https:\/\/noticiasribeiraopreto.com.br\/index.php\/category\/noticias-de-ribeirao-preto-sp-e-regiao-ismael-colosi\/"},"img":{"alt_text":"","src":"https:\/\/i0.wp.com\/noticiasribeiraopreto.com.br\/wp-content\/uploads\/2024\/04\/Cantor-Daniel-celebra-40-anos-de-carreira-com-show-inedito.webp.webp?fit=1200%2C856&ssl=1&resize=350%2C200","width":350,"height":200,"srcset":"https:\/\/i0.wp.com\/noticiasribeiraopreto.com.br\/wp-content\/uploads\/2024\/04\/Cantor-Daniel-celebra-40-anos-de-carreira-com-show-inedito.webp.webp?fit=1200%2C856&ssl=1&resize=350%2C200 1x, https:\/\/i0.wp.com\/noticiasribeiraopreto.com.br\/wp-content\/uploads\/2024\/04\/Cantor-Daniel-celebra-40-anos-de-carreira-com-show-inedito.webp.webp?fit=1200%2C856&ssl=1&resize=525%2C300 1.5x, https:\/\/i0.wp.com\/noticiasribeiraopreto.com.br\/wp-content\/uploads\/2024\/04\/Cantor-Daniel-celebra-40-anos-de-carreira-com-show-inedito.webp.webp?fit=1200%2C856&ssl=1&resize=700%2C400 2x, https:\/\/i0.wp.com\/noticiasribeiraopreto.com.br\/wp-content\/uploads\/2024\/04\/Cantor-Daniel-celebra-40-anos-de-carreira-com-show-inedito.webp.webp?fit=1200%2C856&ssl=1&resize=1050%2C600 3x"},"classes":[]},{"id":43173,"url":"https:\/\/noticiasribeiraopreto.com.br\/index.php\/2024\/03\/19\/dupla-maiara-maraisa-e-a-11a-atracao-confirmada-para-festa-do-peao-de-barretos\/","url_meta":{"origin":38552,"position":1},"title":"Dupla Maiara &#038; Mara\u00edsa \u00e9 a 11\u00aa atra\u00e7\u00e3o confirmada para Festa do Pe\u00e3o de Barretos","author":"noticiasribeiraopreto.com.br","date":"19 de March de 2024","format":false,"excerpt":"A dupla sertaneja Maiara & Mara\u00edsa, conhecida como as \u201crainhas da sofr\u00eancia\u201d, \u00e9 a 11\u00aa atra\u00e7\u00e3o musical confirmada para a Festa do Pe\u00e3o de Barretos, que acontece de 15 a 25 de agosto. O show das g\u00eameas rom\u00e2nticas vai acontecer no dia 16 de agosto, mesma data em que Simone\u2026","rel":"","context":"In &quot;Not\u00edcias de Ribeir\u00e3o Preto-SP e Regi\u00e3o&quot;","block_context":{"text":"Not\u00edcias de Ribeir\u00e3o Preto-SP e Regi\u00e3o","link":"https:\/\/noticiasribeiraopreto.com.br\/index.php\/category\/noticias-de-ribeirao-preto-sp-e-regiao-ismael-colosi\/"},"img":{"alt_text":"","src":"https:\/\/i0.wp.com\/noticiasribeiraopreto.com.br\/wp-content\/uploads\/2024\/03\/Copia-de-Copia-de-TAMANHO-EXATO-PARA-FOTOS-NO-SISTEMA-NOVO-67.jpg?fit=1200%2C675&ssl=1&resize=350%2C200","width":350,"height":200,"srcset":"https:\/\/i0.wp.com\/noticiasribeiraopreto.com.br\/wp-content\/uploads\/2024\/03\/Copia-de-Copia-de-TAMANHO-EXATO-PARA-FOTOS-NO-SISTEMA-NOVO-67.jpg?fit=1200%2C675&ssl=1&resize=350%2C200 1x, https:\/\/i0.wp.com\/noticiasribeiraopreto.com.br\/wp-content\/uploads\/2024\/03\/Copia-de-Copia-de-TAMANHO-EXATO-PARA-FOTOS-NO-SISTEMA-NOVO-67.jpg?fit=1200%2C675&ssl=1&resize=525%2C300 1.5x, https:\/\/i0.wp.com\/noticiasribeiraopreto.com.br\/wp-content\/uploads\/2024\/03\/Copia-de-Copia-de-TAMANHO-EXATO-PARA-FOTOS-NO-SISTEMA-NOVO-67.jpg?fit=1200%2C675&ssl=1&resize=700%2C400 2x, https:\/\/i0.wp.com\/noticiasribeiraopreto.com.br\/wp-content\/uploads\/2024\/03\/Copia-de-Copia-de-TAMANHO-EXATO-PARA-FOTOS-NO-SISTEMA-NOVO-67.jpg?fit=1200%2C675&ssl=1&resize=1050%2C600 3x"},"classes":[]},{"id":42283,"url":"https:\/\/noticiasribeiraopreto.com.br\/index.php\/2024\/03\/13\/bruno-marrone-voltam-ao-palco-da-festa-do-peao-de-barretos\/","url_meta":{"origin":38552,"position":2},"title":"Bruno &#038; Marrone voltam ao palco da Festa do Pe\u00e3o de Barretos","author":"noticiasribeiraopreto.com.br","date":"13 de March de 2024","format":false,"excerpt":"A dupla sertaneja Bruno & Marrone volta se apresentar no palco da Festa do Pe\u00e3o de Barretos, que acontece de 15 a 25 de agosto. A confirma\u00e7\u00e3o dos cantores na programa\u00e7\u00e3o do evento foi divulgada pela organiza\u00e7\u00e3o na tarde desta quarta-feira (13). O show dos cantores sertanejos, conhecidos pelas letras\u2026","rel":"","context":"In &quot;Not\u00edcias de Ribeir\u00e3o Preto-SP e Regi\u00e3o&quot;","block_context":{"text":"Not\u00edcias de Ribeir\u00e3o Preto-SP e Regi\u00e3o","link":"https:\/\/noticiasribeiraopreto.com.br\/index.php\/category\/noticias-de-ribeirao-preto-sp-e-regiao-ismael-colosi\/"},"img":{"alt_text":"","src":"https:\/\/i0.wp.com\/noticiasribeiraopreto.com.br\/wp-content\/uploads\/2024\/03\/Copia-de-Copia-de-TAMANHO-EXATO-PARA-FOTOS-NO-SISTEMA-NOVO-46.jpg?fit=1200%2C675&ssl=1&resize=350%2C200","width":350,"height":200,"srcset":"https:\/\/i0.wp.com\/noticiasribeiraopreto.com.br\/wp-content\/uploads\/2024\/03\/Copia-de-Copia-de-TAMANHO-EXATO-PARA-FOTOS-NO-SISTEMA-NOVO-46.jpg?fit=1200%2C675&ssl=1&resize=350%2C200 1x, https:\/\/i0.wp.com\/noticiasribeiraopreto.com.br\/wp-content\/uploads\/2024\/03\/Copia-de-Copia-de-TAMANHO-EXATO-PARA-FOTOS-NO-SISTEMA-NOVO-46.jpg?fit=1200%2C675&ssl=1&resize=525%2C300 1.5x, https:\/\/i0.wp.com\/noticiasribeiraopreto.com.br\/wp-content\/uploads\/2024\/03\/Copia-de-Copia-de-TAMANHO-EXATO-PARA-FOTOS-NO-SISTEMA-NOVO-46.jpg?fit=1200%2C675&ssl=1&resize=700%2C400 2x, https:\/\/i0.wp.com\/noticiasribeiraopreto.com.br\/wp-content\/uploads\/2024\/03\/Copia-de-Copia-de-TAMANHO-EXATO-PARA-FOTOS-NO-SISTEMA-NOVO-46.jpg?fit=1200%2C675&ssl=1&resize=1050%2C600 3x"},"classes":[]},{"id":46466,"url":"https:\/\/noticiasribeiraopreto.com.br\/index.php\/2024\/04\/11\/chitaozinho-e-xororo-estao-confirmados-na-festa-do-peao-de-barretos-veja-atracoes\/","url_meta":{"origin":38552,"position":3},"title":"Chit\u00e3ozinho e Xoror\u00f3 est\u00e3o confirmados na Festa do Pe\u00e3o de Barretos; Veja atra\u00e7\u00f5es","author":"noticiasribeiraopreto.com.br","date":"11 de April de 2024","format":false,"excerpt":"Os cantores Chit\u00e3ozinho e Xoror\u00f3, considerados \u2018\u00edcones\u2019 do mundo sertanejo, est\u00e3o confirmados na programa\u00e7\u00e3o de shows da Festa do Pe\u00e3o de Barretos, que acontece entre os dias 15 e 25 de agosto, no Parque Permanente de Exposi\u00e7\u00f5es do munic\u00edpio. A dupla se apresenta no dia 24 de agosto, com sua\u2026","rel":"","context":"In &quot;Not\u00edcias de Ribeir\u00e3o Preto-SP e Regi\u00e3o&quot;","block_context":{"text":"Not\u00edcias de Ribeir\u00e3o Preto-SP e Regi\u00e3o","link":"https:\/\/noticiasribeiraopreto.com.br\/index.php\/category\/noticias-de-ribeirao-preto-sp-e-regiao-ismael-colosi\/"},"img":{"alt_text":"","src":"https:\/\/i0.wp.com\/noticiasribeiraopreto.com.br\/wp-content\/uploads\/2024\/04\/ffc834adec60a26990ee21a8c5053e6e-scaled.jpeg?fit=1200%2C800&ssl=1&resize=350%2C200","width":350,"height":200,"srcset":"https:\/\/i0.wp.com\/noticiasribeiraopreto.com.br\/wp-content\/uploads\/2024\/04\/ffc834adec60a26990ee21a8c5053e6e-scaled.jpeg?fit=1200%2C800&ssl=1&resize=350%2C200 1x, https:\/\/i0.wp.com\/noticiasribeiraopreto.com.br\/wp-content\/uploads\/2024\/04\/ffc834adec60a26990ee21a8c5053e6e-scaled.jpeg?fit=1200%2C800&ssl=1&resize=525%2C300 1.5x, https:\/\/i0.wp.com\/noticiasribeiraopreto.com.br\/wp-content\/uploads\/2024\/04\/ffc834adec60a26990ee21a8c5053e6e-scaled.jpeg?fit=1200%2C800&ssl=1&resize=700%2C400 2x, https:\/\/i0.wp.com\/noticiasribeiraopreto.com.br\/wp-content\/uploads\/2024\/04\/ffc834adec60a26990ee21a8c5053e6e-scaled.jpeg?fit=1200%2C800&ssl=1&resize=1050%2C600 3x"},"classes":[]},{"id":39638,"url":"https:\/\/noticiasribeiraopreto.com.br\/index.php\/2024\/02\/27\/lauana-prado-e-mais-uma-atracao-confirmada-na-festa-do-peao-de-barretos\/","url_meta":{"origin":38552,"position":4},"title":"Lauana Prado \u00e9 mais uma atra\u00e7\u00e3o confirmada na Festa do Pe\u00e3o de Barretos","author":"noticiasribeiraopreto.com.br","date":"27 de February de 2024","format":false,"excerpt":"Foi confirmada nesta ter\u00e7a-feira (27) mais uma atra\u00e7\u00e3o para a 69\u00aa Festa do Pe\u00e3o de Boiadeiro de Barretos, cidade a cerca de 120 quil\u00f4metros de Ribeir\u00e3o Preto. Desta vez, quem se apresenta, pelo segundo ano consecutivo, \u00e9 a cantora Lauana Prado. O show \u201cRaiz Arena\u201d, que faz releituras de grandes\u2026","rel":"","context":"In &quot;Not\u00edcias de Ribeir\u00e3o Preto-SP e Regi\u00e3o&quot;","block_context":{"text":"Not\u00edcias de Ribeir\u00e3o Preto-SP e Regi\u00e3o","link":"https:\/\/noticiasribeiraopreto.com.br\/index.php\/category\/noticias-de-ribeirao-preto-sp-e-regiao-ismael-colosi\/"},"img":{"alt_text":"","src":"https:\/\/i0.wp.com\/noticiasribeiraopreto.com.br\/wp-content\/uploads\/2024\/02\/Copia-de-Copia-de-TAMANHO-EXATO-PARA-FOTOS-NO-SISTEMA-NOVO-15.jpg?fit=1200%2C675&ssl=1&resize=350%2C200","width":350,"height":200,"srcset":"https:\/\/i0.wp.com\/noticiasribeiraopreto.com.br\/wp-content\/uploads\/2024\/02\/Copia-de-Copia-de-TAMANHO-EXATO-PARA-FOTOS-NO-SISTEMA-NOVO-15.jpg?fit=1200%2C675&ssl=1&resize=350%2C200 1x, https:\/\/i0.wp.com\/noticiasribeiraopreto.com.br\/wp-content\/uploads\/2024\/02\/Copia-de-Copia-de-TAMANHO-EXATO-PARA-FOTOS-NO-SISTEMA-NOVO-15.jpg?fit=1200%2C675&ssl=1&resize=525%2C300 1.5x, https:\/\/i0.wp.com\/noticiasribeiraopreto.com.br\/wp-content\/uploads\/2024\/02\/Copia-de-Copia-de-TAMANHO-EXATO-PARA-FOTOS-NO-SISTEMA-NOVO-15.jpg?fit=1200%2C675&ssl=1&resize=700%2C400 2x, https:\/\/i0.wp.com\/noticiasribeiraopreto.com.br\/wp-content\/uploads\/2024\/02\/Copia-de-Copia-de-TAMANHO-EXATO-PARA-FOTOS-NO-SISTEMA-NOVO-15.jpg?fit=1200%2C675&ssl=1&resize=1050%2C600 3x"},"classes":[]},{"id":43012,"url":"https:\/\/noticiasribeiraopreto.com.br\/index.php\/2024\/03\/18\/veja-a-programacao-musical-da-festa-do-peao-de-barretos-2024\/","url_meta":{"origin":38552,"position":5},"title":"Veja a programa\u00e7\u00e3o musical da Festa do Pe\u00e3o de Barretos 2024","author":"noticiasribeiraopreto.com.br","date":"18 de March de 2024","format":false,"excerpt":"A Festa do Pe\u00e3o de Barretos, que acontece de 15 a 25 de agosto, tem mais uma atra\u00e7\u00e3o musical confirmada. Desta vez, \u00e9 a dupla Zez\u00e9 Di Camargo & Luciano que confirmou presen\u00e7a no dia 23 de agosto. No mesmo dia em que a dupla sertaneja, que faz sucesso desde\u2026","rel":"","context":"In &quot;Not\u00edcias de Ribeir\u00e3o Preto-SP e Regi\u00e3o&quot;","block_context":{"text":"Not\u00edcias de Ribeir\u00e3o Preto-SP e Regi\u00e3o","link":"https:\/\/noticiasribeiraopreto.com.br\/index.php\/category\/noticias-de-ribeirao-preto-sp-e-regiao-ismael-colosi\/"},"img":{"alt_text":"","src":"https:\/\/i0.wp.com\/noticiasribeiraopreto.com.br\/wp-content\/uploads\/2024\/03\/Copia-de-Copia-de-TAMANHO-EXATO-PARA-FOTOS-NO-SISTEMA-NOVO-64.jpg?fit=1200%2C675&ssl=1&resize=350%2C200","width":350,"height":200,"srcset":"https:\/\/i0.wp.com\/noticiasribeiraopreto.com.br\/wp-content\/uploads\/2024\/03\/Copia-de-Copia-de-TAMANHO-EXATO-PARA-FOTOS-NO-SISTEMA-NOVO-64.jpg?fit=1200%2C675&ssl=1&resize=350%2C200 1x, https:\/\/i0.wp.com\/noticiasribeiraopreto.com.br\/wp-content\/uploads\/2024\/03\/Copia-de-Copia-de-TAMANHO-EXATO-PARA-FOTOS-NO-SISTEMA-NOVO-64.jpg?fit=1200%2C675&ssl=1&resize=525%2C300 1.5x, https:\/\/i0.wp.com\/noticiasribeiraopreto.com.br\/wp-content\/uploads\/2024\/03\/Copia-de-Copia-de-TAMANHO-EXATO-PARA-FOTOS-NO-SISTEMA-NOVO-64.jpg?fit=1200%2C675&ssl=1&resize=700%2C400 2x, https:\/\/i0.wp.com\/noticiasribeiraopreto.com.br\/wp-content\/uploads\/2024\/03\/Copia-de-Copia-de-TAMANHO-EXATO-PARA-FOTOS-NO-SISTEMA-NOVO-64.jpg?fit=1200%2C675&ssl=1&resize=1050%2C600 3x"},"classes":[]}],"jetpack_sharing_enabled":true,"jetpack_shortlink":"https:\/\/wp.me\/peQAOb-a1O","_links":{"self":[{"href":"https:\/\/noticiasribeiraopreto.com.br\/index.php\/wp-json\/wp\/v2\/posts\/38552","targetHints":{"allow":["GET"]}}],"collection":[{"href":"https:\/\/noticiasribeiraopreto.com.br\/index.php\/wp-json\/wp\/v2\/posts"}],"about":[{"href":"https:\/\/noticiasribeiraopreto.com.br\/index.php\/wp-json\/wp\/v2\/types\/post"}],"author":[{"embeddable":true,"href":"https:\/\/noticiasribeiraopreto.com.br\/index.php\/wp-json\/wp\/v2\/users\/1"}],"replies":[{"embeddable":true,"href":"https:\/\/noticiasribeiraopreto.com.br\/index.php\/wp-json\/wp\/v2\/comments?post=38552"}],"version-history":[{"count":0,"href":"https:\/\/noticiasribeiraopreto.com.br\/index.php\/wp-json\/wp\/v2\/posts\/38552\/revisions"}],"wp:featuredmedia":[{"embeddable":true,"href":"https:\/\/noticiasribeiraopreto.com.br\/index.php\/wp-json\/wp\/v2\/media\/38553"}],"wp:attachment":[{"href":"https:\/\/noticiasribeiraopreto.com.br\/index.php\/wp-json\/wp\/v2\/media?parent=38552"}],"wp:term":[{"taxonomy":"category","embeddable":true,"href":"https:\/\/noticiasribeiraopreto.com.br\/index.php\/wp-json\/wp\/v2\/categories?post=38552"},{"taxonomy":"post_tag","embeddable":true,"href":"https:\/\/noticiasribeiraopreto.com.br\/index.php\/wp-json\/wp\/v2\/tags?post=38552"}],"curies":[{"name":"wp","href":"https:\/\/api.w.org\/{rel}","templated":true}]}}