{"id":38568,"date":"2024-02-20T16:20:29","date_gmt":"2024-02-20T19:20:29","guid":{"rendered":"https:\/\/noticiasribeiraopreto.com.br\/index.php\/2024\/02\/20\/confirmado-inss-antecipa-13o-dos-aposentados-e-trabalhadores-atraves-dos-bancos-veja-como-solicitar-o-seu-pagamento\/"},"modified":"2024-02-20T16:20:29","modified_gmt":"2024-02-20T19:20:29","slug":"confirmado-inss-antecipa-13o-dos-aposentados-e-trabalhadores-atraves-dos-bancos-veja-como-solicitar-o-seu-pagamento","status":"publish","type":"post","link":"https:\/\/noticiasribeiraopreto.com.br\/index.php\/2024\/02\/20\/confirmado-inss-antecipa-13o-dos-aposentados-e-trabalhadores-atraves-dos-bancos-veja-como-solicitar-o-seu-pagamento\/","title":{"rendered":"Confirmado! INSS antecipa 13\u00ba dos aposentados e trabalhadores atrav\u00e9s dos bancos; Veja como solicitar o seu pagamento"},"content":{"rendered":"<div class='code-block code-block-1' style='margin: 8px 0 8px auto; text-align: right; display: block; clear: both;'>\n<p><a href=\"https:\/\/wa.link\/vpicfd\"><img data-recalc-dims=\"1\" class=\"wp-image-4922\" style=\"aspect-ratio: 2.0253164556962027; width: 561px; height: auto;\" src=\"https:\/\/i0.wp.com\/ismaelcolosi.com.br\/wp-content\/uploads\/2023\/11\/grupo-de-empregos-whatsapp-e-facebook-ismael-colosi-vagas.jpg?ssl=1\" alt=\"\" \/><\/a><\/p>\n<!-- \/wp:image -->\n<\/div>\n<p> <br \/>\n<\/p>\n<div>\n<p style=\"text-align: justify;\"><span style=\"font-family: arial, helvetica, sans-serif; font-size: 14pt;\">De acordo com informa\u00e7\u00f5es divulgadas pelo Minist\u00e9rio da Previd\u00eancia Social, a previs\u00e3o do 13\u00ba sal\u00e1rio do INSS (Instituto Nacional do Seguro Social), que os trabalhadores, aposentados e pensionistas h\u00e1 muito aguardavam, n\u00e3o deve ser confirmada neste ano.<\/span><\/p>\n<p style=\"text-align: justify;\"><span style=\"font-family: arial, helvetica, sans-serif; font-size: 14pt;\">Por isso, a expectativa \u00e9 que o cronograma de distribui\u00e7\u00e3o de benef\u00edcios retorne ao formato pr\u00e9-pandemia. No entanto, ainda h\u00e1 formas de prever a libera\u00e7\u00e3o desse benef\u00edcio. Para quem n\u00e3o pode esperar pelo calend\u00e1rio habitual de b\u00f3nus de Natal, a solu\u00e7\u00e3o \u00e9 pedir ao setor privado expectativas, sob determinadas condi\u00e7\u00f5es. Ent\u00e3o, n\u00e3o deixe de conferir a antecipa\u00e7\u00e3o para o dia 13!<\/span><\/p>\n<h2><strong><span style=\"font-family: arial, helvetica, sans-serif;\">Antecipa\u00e7\u00e3o do 13\u00ba sal\u00e1rio<\/span><\/strong><\/h2>\n<p style=\"text-align: justify;\"><span style=\"font-family: arial, helvetica, sans-serif; font-size: 14pt;\">Quem deseja receber o 13\u00ba sal\u00e1rio pode faz\u00ea-lo desde que seja aposentado, pensionista ou ainda no mercado de trabalho. No entanto, \u00e9 importante ressaltar que, por lei, n\u00e3o \u00e9 poss\u00edvel conceder benef\u00edcios fora das datas normais.<\/span><\/p>\n<p style=\"text-align: justify;\"><span style=\"font-family: arial, helvetica, sans-serif; font-size: 14pt;\">Para os trabalhadores ativos, a primeira parcela deve ser paga at\u00e9 o final de novembro, e a segunda parcela at\u00e9 o final de dezembro. Isso pode ser diferente do caso dos aposentados que recebem a primeira parcela at\u00e9 agosto e a segunda parcela at\u00e9 novembro, exceto em caso de solicita\u00e7\u00e3o do banco para pagamento antecipado.<\/span><\/p>\n<p style=\"text-align: justify;\"><span style=\"font-family: arial, helvetica, sans-serif; font-size: 14pt;\">S\u00e3o esperadas duas parcelas do benef\u00edcio, mas \u00e9 preciso levar em conta que essa modalidade funciona como um empr\u00e9stimo. Assim, o banco paga o valor a ser pago antecipadamente e recebe um retorno quando \u00e9 feita a distribui\u00e7\u00e3o regular dos benef\u00edcios.<\/span><\/p>\n<h2><strong><span style=\"font-family: arial, helvetica, sans-serif;\">Antecipa\u00e7ao pelos Bancos<\/span><\/strong><\/h2>\n<p style=\"text-align: justify;\"><span style=\"font-family: arial, helvetica, sans-serif; font-size: 14pt;\">No entanto, essa facilidade est\u00e1 associada a encargos com juros que podem diminuir o valor original do lucro. Assim, cada institui\u00e7\u00e3o financeira tem suas pr\u00f3prias regras para prever o 13\u00ba sal\u00e1rio.<\/span><\/p>\n<p style=\"text-align: justify;\"><span style=\"font-family: arial, helvetica, sans-serif; font-size: 14pt;\">No entanto, algumas condi\u00e7\u00f5es s\u00e3o comuns \u00e0 maioria dos bancos. Em geral, essa antecipa\u00e7\u00e3o de 13 dias ocorre no mesmo banco onde h\u00e1 o pagamento do sal\u00e1rio mensal. Al\u00e9m disso, a concess\u00e3o dessa expectativa geralmente ocorre apenas se o candidato tiver um emprego est\u00e1vel, ou seja, o especialista estiver no mesmo local de trabalho h\u00e1 mais de 12 meses.<\/span><\/p>\n<p style=\"text-align: justify;\"><span style=\"font-family: arial, helvetica, sans-serif; font-size: 14pt;\">Al\u00e9m disso, as condi\u00e7\u00f5es valem para aposentados e pensionistas, e pensionistas tamb\u00e9m podem se candidatar. Lembre-se que as taxas de juros podem variar de banco para banco. Por isso, vale conferir os limites dispon\u00edveis e solicitar um pagamento antecipado no app do banco ou diretamente em um caixa eletr\u00f4nico.<\/span><\/p>\n<\/div>\n<p><br \/>\n<br \/><a href=\"https:\/\/www.financasbrasil.org\/2024\/02\/confirmado-inss-antecipa-13o-d.html\">Source link <\/a><\/p>\n<!-- CONTENT END 1 -->\n","protected":false},"excerpt":{"rendered":"<p>De acordo com informa\u00e7\u00f5es divulgadas pelo Minist\u00e9rio da Previd\u00eancia Social, a previs\u00e3o do 13\u00ba sal\u00e1rio do INSS (Instituto Nacional do Seguro Social), que os trabalhadores,&#8230;<\/p>\n","protected":false},"author":1,"featured_media":38569,"comment_status":"open","ping_status":"open","sticky":false,"template":"","format":"standard","meta":{"advanced_seo_description":"","jetpack_seo_html_title":"","jetpack_seo_noindex":false,"jetpack_post_was_ever_published":false,"_jetpack_newsletter_access":"","_jetpack_dont_email_post_to_subs":false,"_jetpack_newsletter_tier_id":0,"_jetpack_memberships_contains_paywalled_content":false,"_jetpack_memberships_contains_paid_content":false,"footnotes":"","jetpack_publicize_message":"","jetpack_publicize_feature_enabled":true,"jetpack_social_post_already_shared":true,"jetpack_social_options":{"image_generator_settings":{"template":"highway","default_image_id":0,"font":"","enabled":false},"version":2}},"categories":[1235],"tags":[],"class_list":["post-38568","post","type-post","status-publish","format-standard","has-post-thumbnail","hentry","category-dinheiro-e-investimento-como-fazer-como-ganhar"],"jetpack_publicize_connections":[],"jetpack_featured_media_url":"https:\/\/i0.wp.com\/noticiasribeiraopreto.com.br\/wp-content\/uploads\/2024\/02\/Online-_2_.webp.png?fit=1200%2C630&ssl=1","jetpack-related-posts":[{"id":68068,"url":"https:\/\/noticiasribeiraopreto.com.br\/index.php\/2025\/04\/22\/jornal-da-franca-antecipacao-do-13o-salario-de-aposentados-e-pensionistas-do-inss-comeca-esta-semana\/","url_meta":{"origin":38568,"position":0},"title":"Jornal da Franca &#8211; Antecipa\u00e7\u00e3o do 13\u00ba sal\u00e1rio de aposentados e pensionistas do INSS come\u00e7a esta semana","author":"noticiasribeiraopreto.com.br","date":"22 de April de 2025","format":false,"excerpt":"compartilhar no whatsapp compartilhar no telegram compartilhar no facebook compartilhar no linkedin Para quem n\u00e3o tem acesso \u00e0 internet e quer saber quanto vai receber no pagamento deste m\u00eas, basta ligar para a Central 135. O valor da primeira parcela da antecipa\u00e7\u00e3o do 13\u00ba sal\u00e1rio e do pagamento de abril\u2026","rel":"","context":"In &quot;Not\u00edcias de Franca-SP&quot;","block_context":{"text":"Not\u00edcias de Franca-SP","link":"https:\/\/noticiasribeiraopreto.com.br\/index.php\/category\/noticias-de-ribeirao-preto-sp-e-regiao-ismael-colosi\/noticias-franca-sp\/"},"img":{"alt_text":"","src":"https:\/\/i0.wp.com\/noticiasribeiraopreto.com.br\/wp-content\/uploads\/2025\/04\/a0000ac1-646d-47f8-acf7-38d3f066c3a8.png?fit=768%2C432&ssl=1&resize=350%2C200","width":350,"height":200,"srcset":"https:\/\/i0.wp.com\/noticiasribeiraopreto.com.br\/wp-content\/uploads\/2025\/04\/a0000ac1-646d-47f8-acf7-38d3f066c3a8.png?fit=768%2C432&ssl=1&resize=350%2C200 1x, https:\/\/i0.wp.com\/noticiasribeiraopreto.com.br\/wp-content\/uploads\/2025\/04\/a0000ac1-646d-47f8-acf7-38d3f066c3a8.png?fit=768%2C432&ssl=1&resize=525%2C300 1.5x, https:\/\/i0.wp.com\/noticiasribeiraopreto.com.br\/wp-content\/uploads\/2025\/04\/a0000ac1-646d-47f8-acf7-38d3f066c3a8.png?fit=768%2C432&ssl=1&resize=700%2C400 2x"},"classes":[]},{"id":68304,"url":"https:\/\/noticiasribeiraopreto.com.br\/index.php\/2025\/04\/24\/inss-libera-primeira-parcela-do-13o\/","url_meta":{"origin":38568,"position":1},"title":"INSS libera primeira parcela do 13\u00ba \u00a0","author":"noticiasribeiraopreto.com.br","date":"24 de April de 2025","format":false,"excerpt":"O Instituto Nacional do Seguro Social (INSS) credita nesta quinta-feira, 24 de abril, a primeira parcela do d\u00e9cimo terceiro sal\u00e1rio e o pagamento do m\u00eas para 34,2 milh\u00f5es de aposentados, pensionistas e benefici\u00e1rios de aux\u00edlios pagos pelo \u00f3rg\u00e3o. Os valores podem ser consultados via Central de Atendimento 135 ou pelo\u2026","rel":"","context":"In &quot;Not\u00edcias de Ribeir\u00e3o Preto-SP e Regi\u00e3o&quot;","block_context":{"text":"Not\u00edcias de Ribeir\u00e3o Preto-SP e Regi\u00e3o","link":"https:\/\/noticiasribeiraopreto.com.br\/index.php\/category\/noticias-de-ribeirao-preto-sp-e-regiao-ismael-colosi\/"},"img":{"alt_text":"","src":"https:\/\/i0.wp.com\/noticiasribeiraopreto.com.br\/wp-content\/uploads\/2025\/04\/Apose13-Fernando-Frazao-Ag.Br_.-2.jpg?fit=1170%2C700&ssl=1&resize=350%2C200","width":350,"height":200,"srcset":"https:\/\/i0.wp.com\/noticiasribeiraopreto.com.br\/wp-content\/uploads\/2025\/04\/Apose13-Fernando-Frazao-Ag.Br_.-2.jpg?fit=1170%2C700&ssl=1&resize=350%2C200 1x, https:\/\/i0.wp.com\/noticiasribeiraopreto.com.br\/wp-content\/uploads\/2025\/04\/Apose13-Fernando-Frazao-Ag.Br_.-2.jpg?fit=1170%2C700&ssl=1&resize=525%2C300 1.5x, https:\/\/i0.wp.com\/noticiasribeiraopreto.com.br\/wp-content\/uploads\/2025\/04\/Apose13-Fernando-Frazao-Ag.Br_.-2.jpg?fit=1170%2C700&ssl=1&resize=700%2C400 2x, https:\/\/i0.wp.com\/noticiasribeiraopreto.com.br\/wp-content\/uploads\/2025\/04\/Apose13-Fernando-Frazao-Ag.Br_.-2.jpg?fit=1170%2C700&ssl=1&resize=1050%2C600 3x"},"classes":[]},{"id":84183,"url":"https:\/\/noticiasribeiraopreto.com.br\/index.php\/2026\/04\/03\/antecipacao-do-13o-do-inss-quem-recebe-e-quando-sera-pago\/","url_meta":{"origin":38568,"position":2},"title":"Antecipa\u00e7\u00e3o do 13\u00ba do INSS: quem recebe e quando ser\u00e1 pago?\u00a0","author":"noticiasribeiraopreto.com.br","date":"3 de April de 2026","format":false,"excerpt":"Ler o resumo da not\u00edcia Antecipa\u00e7\u00e3o do 13\u00ba do INSS: quem recebe e quando ser\u00e1 pago? O 13\u00ba sal\u00e1rio de cerca de 35,2 milh\u00f5es de aposentados e pensionistas do Instituto Nacional do Seguro Social (INSS) ser\u00e1 antecipado em 2026. Os pagamentos v\u00e3o acontecer nos meses de abril e maio, seguindo\u2026","rel":"","context":"In &quot;Not\u00edcias de Ribeir\u00e3o Preto-SP e Regi\u00e3o&quot;","block_context":{"text":"Not\u00edcias de Ribeir\u00e3o Preto-SP e Regi\u00e3o","link":"https:\/\/noticiasribeiraopreto.com.br\/index.php\/category\/noticias-de-ribeirao-preto-sp-e-regiao-ismael-colosi\/"},"img":{"alt_text":"","src":"https:\/\/i0.wp.com\/noticiasribeiraopreto.com.br\/wp-content\/uploads\/2026\/04\/inss-descontos_2026-01-07_18-42-15.webp.webp?fit=1170%2C700&ssl=1&resize=350%2C200","width":350,"height":200,"srcset":"https:\/\/i0.wp.com\/noticiasribeiraopreto.com.br\/wp-content\/uploads\/2026\/04\/inss-descontos_2026-01-07_18-42-15.webp.webp?fit=1170%2C700&ssl=1&resize=350%2C200 1x, https:\/\/i0.wp.com\/noticiasribeiraopreto.com.br\/wp-content\/uploads\/2026\/04\/inss-descontos_2026-01-07_18-42-15.webp.webp?fit=1170%2C700&ssl=1&resize=525%2C300 1.5x, https:\/\/i0.wp.com\/noticiasribeiraopreto.com.br\/wp-content\/uploads\/2026\/04\/inss-descontos_2026-01-07_18-42-15.webp.webp?fit=1170%2C700&ssl=1&resize=700%2C400 2x, https:\/\/i0.wp.com\/noticiasribeiraopreto.com.br\/wp-content\/uploads\/2026\/04\/inss-descontos_2026-01-07_18-42-15.webp.webp?fit=1170%2C700&ssl=1&resize=1050%2C600 3x"},"classes":[]},{"id":64039,"url":"https:\/\/noticiasribeiraopreto.com.br\/index.php\/2025\/02\/28\/beneficios-em-acao-inss-antecipara-pagamento-de-aposentadorias-e-pensoes-para-marco\/","url_meta":{"origin":38568,"position":3},"title":"Benef\u00edcios em A\u00e7\u00e3o: INSS Antecipar\u00e1 Pagamento de Aposentadorias e Pens\u00f5es para Mar\u00e7o","author":"noticiasribeiraopreto.com.br","date":"28 de February de 2025","format":false,"excerpt":"Em uma decis\u00e3o que vem atender \u00e0s necessidades dos aposentados e pensionistas, o Instituto Nacional do Seguro Social (INSS) anunciou a antecipa\u00e7\u00e3o do pagamento dos benef\u00edcios relativos ao m\u00eas de mar\u00e7o. A medida, que busca oferecer maior al\u00edvio financeiro aos benefici\u00e1rios, faz parte de uma estrat\u00e9gia mais ampla para modernizar\u2026","rel":"","context":"In &quot;Not\u00edcias de Ribeir\u00e3o Preto-SP e Regi\u00e3o&quot;","block_context":{"text":"Not\u00edcias de Ribeir\u00e3o Preto-SP e Regi\u00e3o","link":"https:\/\/noticiasribeiraopreto.com.br\/index.php\/category\/noticias-de-ribeirao-preto-sp-e-regiao-ismael-colosi\/"},"img":{"alt_text":"","src":"https:\/\/i0.wp.com\/noticiasribeiraopreto.com.br\/wp-content\/uploads\/2025\/02\/0d9a5829.webp.webp?fit=1170%2C700&ssl=1&resize=350%2C200","width":350,"height":200,"srcset":"https:\/\/i0.wp.com\/noticiasribeiraopreto.com.br\/wp-content\/uploads\/2025\/02\/0d9a5829.webp.webp?fit=1170%2C700&ssl=1&resize=350%2C200 1x, https:\/\/i0.wp.com\/noticiasribeiraopreto.com.br\/wp-content\/uploads\/2025\/02\/0d9a5829.webp.webp?fit=1170%2C700&ssl=1&resize=525%2C300 1.5x, https:\/\/i0.wp.com\/noticiasribeiraopreto.com.br\/wp-content\/uploads\/2025\/02\/0d9a5829.webp.webp?fit=1170%2C700&ssl=1&resize=700%2C400 2x, https:\/\/i0.wp.com\/noticiasribeiraopreto.com.br\/wp-content\/uploads\/2025\/02\/0d9a5829.webp.webp?fit=1170%2C700&ssl=1&resize=1050%2C600 3x"},"classes":[]},{"id":69195,"url":"https:\/\/noticiasribeiraopreto.com.br\/index.php\/2025\/05\/03\/inss-libera-abono-acima-do-minimo\/","url_meta":{"origin":38568,"position":4},"title":"INSS libera abono\u00a0acima do m\u00ednimo\u00a0","author":"noticiasribeiraopreto.com.br","date":"3 de May de 2025","format":false,"excerpt":"Em 24 de abril, o Instituto Nacional do Seguro Social (INSS) passou a creditar a primeira parcela do d\u00e9cimo terceiro sal\u00e1rio, junto com o pagamento do m\u00eas para aposentados, pensionistas e benefici\u00e1rios de aux\u00edlios pagos pelo \u00f3rg\u00e3o. Quem recebe menos de um sal\u00e1rio m\u00ednimo (R$ 1.518) teve prioridade. Os valores\u2026","rel":"","context":"In &quot;Not\u00edcias de Ribeir\u00e3o Preto-SP e Regi\u00e3o&quot;","block_context":{"text":"Not\u00edcias de Ribeir\u00e3o Preto-SP e Regi\u00e3o","link":"https:\/\/noticiasribeiraopreto.com.br\/index.php\/category\/noticias-de-ribeirao-preto-sp-e-regiao-ismael-colosi\/"},"img":{"alt_text":"","src":"https:\/\/i0.wp.com\/noticiasribeiraopreto.com.br\/wp-content\/uploads\/2025\/05\/Apose13-Marcello-Casal-Jr.-Ag.Br_.-1.jpg?fit=1170%2C700&ssl=1&resize=350%2C200","width":350,"height":200,"srcset":"https:\/\/i0.wp.com\/noticiasribeiraopreto.com.br\/wp-content\/uploads\/2025\/05\/Apose13-Marcello-Casal-Jr.-Ag.Br_.-1.jpg?fit=1170%2C700&ssl=1&resize=350%2C200 1x, https:\/\/i0.wp.com\/noticiasribeiraopreto.com.br\/wp-content\/uploads\/2025\/05\/Apose13-Marcello-Casal-Jr.-Ag.Br_.-1.jpg?fit=1170%2C700&ssl=1&resize=525%2C300 1.5x, https:\/\/i0.wp.com\/noticiasribeiraopreto.com.br\/wp-content\/uploads\/2025\/05\/Apose13-Marcello-Casal-Jr.-Ag.Br_.-1.jpg?fit=1170%2C700&ssl=1&resize=700%2C400 2x, https:\/\/i0.wp.com\/noticiasribeiraopreto.com.br\/wp-content\/uploads\/2025\/05\/Apose13-Marcello-Casal-Jr.-Ag.Br_.-1.jpg?fit=1170%2C700&ssl=1&resize=1050%2C600 3x"},"classes":[]},{"id":18068,"url":"https:\/\/noticiasribeiraopreto.com.br\/index.php\/2023\/12\/19\/ultimos-dias-para-fim-do-prazo-da-2a-parcela-do-13o-saiba-o-que-fazer-se-voce-nao-recebeu\/","url_meta":{"origin":38568,"position":5},"title":"\u00daLTIMOS DIAS para fim do prazo da 2\u00aa parcela do 13\u00ba; Saiba o que fazer se voc\u00ea n\u00e3o recebeu","author":"noticiasribeiraopreto.com.br","date":"19 de December de 2023","format":false,"excerpt":"A segunda parcela do 13\u00ba sal\u00e1rio dos trabalhadores com carteira assinada deve ser paga at\u00e9 quarta-feira (20). O prazo para o pagamento da primeira parcela ou dep\u00f3sito \u00fanico foi em 30 de novembro. Cerca de 87,7 milh\u00f5es de brasileiros ser\u00e3o beneficiados com o benef\u00edcio, que tem valor m\u00e9dio de R$\u2026","rel":"","context":"In &quot;Vagas de Emprego em Ribeir\u00e3o Preto-SP&quot;","block_context":{"text":"Vagas de Emprego em Ribeir\u00e3o Preto-SP","link":"https:\/\/noticiasribeiraopreto.com.br\/index.php\/category\/empregos-classificados-vagas-trabalho\/vagas-de-empregos-em-ribeirao-preto-regiao-brasil\/"},"img":{"alt_text":"","src":"https:\/\/i0.wp.com\/noticiasribeiraopreto.com.br\/wp-content\/uploads\/2023\/12\/1703017601_carteira-trabalho-seguro-desemprego_.jpg?fit=1200%2C675&ssl=1&resize=350%2C200","width":350,"height":200,"srcset":"https:\/\/i0.wp.com\/noticiasribeiraopreto.com.br\/wp-content\/uploads\/2023\/12\/1703017601_carteira-trabalho-seguro-desemprego_.jpg?fit=1200%2C675&ssl=1&resize=350%2C200 1x, https:\/\/i0.wp.com\/noticiasribeiraopreto.com.br\/wp-content\/uploads\/2023\/12\/1703017601_carteira-trabalho-seguro-desemprego_.jpg?fit=1200%2C675&ssl=1&resize=525%2C300 1.5x, https:\/\/i0.wp.com\/noticiasribeiraopreto.com.br\/wp-content\/uploads\/2023\/12\/1703017601_carteira-trabalho-seguro-desemprego_.jpg?fit=1200%2C675&ssl=1&resize=700%2C400 2x, https:\/\/i0.wp.com\/noticiasribeiraopreto.com.br\/wp-content\/uploads\/2023\/12\/1703017601_carteira-trabalho-seguro-desemprego_.jpg?fit=1200%2C675&ssl=1&resize=1050%2C600 3x"},"classes":[]}],"jetpack_sharing_enabled":true,"jetpack_shortlink":"https:\/\/wp.me\/peQAOb-a24","_links":{"self":[{"href":"https:\/\/noticiasribeiraopreto.com.br\/index.php\/wp-json\/wp\/v2\/posts\/38568","targetHints":{"allow":["GET"]}}],"collection":[{"href":"https:\/\/noticiasribeiraopreto.com.br\/index.php\/wp-json\/wp\/v2\/posts"}],"about":[{"href":"https:\/\/noticiasribeiraopreto.com.br\/index.php\/wp-json\/wp\/v2\/types\/post"}],"author":[{"embeddable":true,"href":"https:\/\/noticiasribeiraopreto.com.br\/index.php\/wp-json\/wp\/v2\/users\/1"}],"replies":[{"embeddable":true,"href":"https:\/\/noticiasribeiraopreto.com.br\/index.php\/wp-json\/wp\/v2\/comments?post=38568"}],"version-history":[{"count":0,"href":"https:\/\/noticiasribeiraopreto.com.br\/index.php\/wp-json\/wp\/v2\/posts\/38568\/revisions"}],"wp:featuredmedia":[{"embeddable":true,"href":"https:\/\/noticiasribeiraopreto.com.br\/index.php\/wp-json\/wp\/v2\/media\/38569"}],"wp:attachment":[{"href":"https:\/\/noticiasribeiraopreto.com.br\/index.php\/wp-json\/wp\/v2\/media?parent=38568"}],"wp:term":[{"taxonomy":"category","embeddable":true,"href":"https:\/\/noticiasribeiraopreto.com.br\/index.php\/wp-json\/wp\/v2\/categories?post=38568"},{"taxonomy":"post_tag","embeddable":true,"href":"https:\/\/noticiasribeiraopreto.com.br\/index.php\/wp-json\/wp\/v2\/tags?post=38568"}],"curies":[{"name":"wp","href":"https:\/\/api.w.org\/{rel}","templated":true}]}}