{"id":38590,"date":"2024-02-20T17:48:07","date_gmt":"2024-02-20T20:48:07","guid":{"rendered":"https:\/\/noticiasribeiraopreto.com.br\/index.php\/2024\/02\/20\/com-aumento-de-casos-de-covid-19-ribeirao-orienta-volta-do-uso-de-mascara\/"},"modified":"2024-02-20T17:48:07","modified_gmt":"2024-02-20T20:48:07","slug":"com-aumento-de-casos-de-covid-19-ribeirao-orienta-volta-do-uso-de-mascara","status":"publish","type":"post","link":"https:\/\/noticiasribeiraopreto.com.br\/index.php\/2024\/02\/20\/com-aumento-de-casos-de-covid-19-ribeirao-orienta-volta-do-uso-de-mascara\/","title":{"rendered":"Com aumento de casos de Covid-19, Ribeir\u00e3o orienta volta do uso de m\u00e1scara"},"content":{"rendered":"<div class='code-block code-block-1' style='margin: 8px 0 8px auto; text-align: right; display: block; clear: both;'>\n<p><a href=\"https:\/\/wa.link\/vpicfd\"><img data-recalc-dims=\"1\" class=\"wp-image-4922\" style=\"aspect-ratio: 2.0253164556962027; width: 561px; height: auto;\" src=\"https:\/\/i0.wp.com\/ismaelcolosi.com.br\/wp-content\/uploads\/2023\/11\/grupo-de-empregos-whatsapp-e-facebook-ismael-colosi-vagas.jpg?ssl=1\" alt=\"\" \/><\/a><\/p>\n<!-- \/wp:image -->\n<\/div>\n<p> <br \/>\n<\/p>\n<div data-td-block-uid=\"tdi_102\">\n<div class=\"tdb-block-inner td-fix-index\">\n<p>A<strong> Secretaria Municipal da Sa\u00fade<\/strong> de <strong>Ribeir\u00e3o Preto<\/strong> est\u00e1<strong> orientando<\/strong> \u00e0 <strong>popula\u00e7\u00e3o <\/strong>que <strong>volte<\/strong> a <span style=\"background-color:#f7cc62\" class=\"td_text_highlight_marker\">usar m\u00e1scara em servi\u00e7os de sa\u00fade p\u00fablicos e privados e em ambientes fechados, com baixa ventila\u00e7\u00e3o e com aglomera\u00e7\u00e3o de pessoas para evitar o aumento de casos de Covid-19.<\/span><\/p>\n<p>O <strong>alerta <\/strong>foi <strong>divulgado <\/strong>no <strong>site<\/strong> da pasta nesta segunda-feira (19) <strong>depois<\/strong> do Departamento de Vigil\u00e2ncia Epidemiol\u00f3gica<strong> constatar <\/strong>o <strong>aumento<\/strong> no <strong>n\u00famero<\/strong> de <strong>notifica\u00e7\u00f5es<\/strong> de <strong>s\u00edndrome gripal <\/strong>e de <strong>casos positivos <\/strong>de <strong>Covid-19<\/strong>.<\/p>\n<p>No <strong>documento<\/strong>, a <strong>orienta\u00e7\u00e3o<\/strong> \u00e9 <strong>refor\u00e7ada<\/strong> para pessoas acima de <strong>60 anos <\/strong>de idade, <strong>gestantes<\/strong> e <strong>portadores<\/strong> de <strong>comorbidades<\/strong> ou <strong>imunossupress\u00e3o<\/strong>. Clique para ver o <strong><a href=\"https:\/\/www.ribeiraopreto.sp.gov.br\/portal\/pdf\/saude1862202402.pdf\" target=\"_blank\" rel=\"noreferrer noopener nofollow\">documento na \u00edntegra<\/a><\/strong>.<\/p>\n<h4 class=\"wp-block-heading\"><strong>N\u00fameros da Covid em Ribeir\u00e3o<\/strong><\/h4>\n<p><strong>Dados<\/strong> do Departamento de Vigil\u00e2ncia em Sa\u00fade <strong>apontam<\/strong> que <strong>este ano<\/strong> em Ribeir\u00e3o <strong>s\u00e3o 489 casos confirmados de Covid-19<\/strong>, sendo 346 em janeiro e 143 em fevereiro, at\u00e9 o momento. \u00a0<\/p>\n<p>Em<strong> casos <\/strong>de <strong>sintomas respirat\u00f3rios<\/strong>, a Secretaria da <strong>Sa\u00fade<\/strong> <strong>orienta<\/strong> procurar <strong>atendimento m\u00e9dico<\/strong>, al\u00e9m de <strong>tomar a vacina <\/strong>e <strong>adotar<\/strong> as <strong>medidas<\/strong> para evitar o cont\u00e1gio da doen\u00e7a, <strong>como uso de m\u00e1scaras e \u00e1lcool em gel<\/strong>, quando necess\u00e1rio.<\/p>\n<p>SAIBA MAIS<\/p>\n<p>HC Ribeir\u00e3o Preto procura volunt\u00e1rios para pesquisa sobre efeitos de composto da cannabis<\/p>\n<h4 class=\"wp-block-heading\"><strong><mark>FIQUE ON<\/mark><\/strong><\/h4>\n<p>Fique ligado em tudo que acontece em Ribeir\u00e3o Preto e regi\u00e3o. Siga os perfis do\u00a0<strong>acidade on<\/strong>\u00a0no\u00a0<a href=\"https:\/\/www.instagram.com\/acidadeonribeirao\" target=\"_blank\" rel=\"noreferrer noopener\">Instagram<\/a>\u00a0e no\u00a0<a href=\"https:\/\/www.facebook.com\/acidadeonribeirao\" target=\"_blank\" rel=\"noreferrer noopener\">Facebook.<\/a><\/p>\n<p>Receba not\u00edcias do acidade on no WhatsApp. Para entrar no grupo, basta\u00a0<a href=\"https:\/\/chat.whatsapp.com\/Bnv2w66ZT4VDyZW3oiZ69n\" target=\"_blank\" rel=\"noreferrer noopener\">clicar aqui<\/a>.<\/p>\n<p>Fa\u00e7a uma den\u00fancia ou sugira uma reportagem sobre Ribeir\u00e3o Preto e regi\u00e3o pelo WhatsApp: 16 99117 7802.<\/p>\n<p>VEJA TAMB\u00c9M<\/p>\n<p>M\u00e3e de Davi fala sobre amizade do filho com Isabelle e alfineta nora<\/p>\n<p><!-- AI CONTENT END 1 -->\n<\/div>\n<\/div>\n<p><script async src=\"\/\/www.instagram.com\/embed.js\"><\/script><br \/>\n<br \/><br \/>\n<br \/><a href=\"https:\/\/www.acidadeon.com\/ribeiraopreto\/cotidiano\/com-aumento-casos-de-covid-19-ribeirao-orienta-volta-do-uso-de-mascara\/\">Source link <\/a><\/p>\n<!-- CONTENT END 1 -->\n","protected":false},"excerpt":{"rendered":"<p>A Secretaria Municipal da Sa\u00fade de Ribeir\u00e3o Preto est\u00e1 orientando \u00e0 popula\u00e7\u00e3o que volte a usar m\u00e1scara em servi\u00e7os de sa\u00fade p\u00fablicos e privados e&#8230;<\/p>\n","protected":false},"author":1,"featured_media":38591,"comment_status":"open","ping_status":"open","sticky":false,"template":"","format":"standard","meta":{"advanced_seo_description":"","jetpack_seo_html_title":"","jetpack_seo_noindex":false,"jetpack_post_was_ever_published":false,"_jetpack_newsletter_access":"","_jetpack_dont_email_post_to_subs":false,"_jetpack_newsletter_tier_id":0,"_jetpack_memberships_contains_paywalled_content":false,"_jetpack_memberships_contains_paid_content":false,"footnotes":"","jetpack_publicize_message":"","jetpack_publicize_feature_enabled":true,"jetpack_social_post_already_shared":true,"jetpack_social_options":{"image_generator_settings":{"template":"highway","default_image_id":0,"font":"","enabled":false},"version":2}},"categories":[11],"tags":[],"class_list":["post-38590","post","type-post","status-publish","format-standard","has-post-thumbnail","hentry","category-noticias-de-ribeirao-preto-sp-e-regiao-ismael-colosi"],"jetpack_publicize_connections":[],"jetpack_featured_media_url":"https:\/\/i0.wp.com\/noticiasribeiraopreto.com.br\/wp-content\/uploads\/2024\/02\/3-7.jpg?fit=1200%2C675&ssl=1","jetpack-related-posts":[{"id":38781,"url":"https:\/\/noticiasribeiraopreto.com.br\/index.php\/2024\/02\/21\/saude-recomenda-uso-de-mascara-por-causa-do-aumento-de-casos-de-covid\/","url_meta":{"origin":38590,"position":0},"title":"Sa\u00fade recomenda\u00a0uso de m\u00e1scara\u00a0por causa do aumento de casos de Covid","author":"noticiasribeiraopreto.com.br","date":"21 de February de 2024","format":false,"excerpt":"21 de fevereiro de 2024 | 16:0021 de fevereiro de 2024 | 9:55 0Com o aumento de casos de cont\u00e1gio por coronav\u00edrus em todo o pa\u00eds, inclusive em Ribeir\u00e3o Preto, a Secretaria Municipal da Sa\u00fade publicou, no site oficial da pasta, orienta\u00e7\u00e3o t\u00e9cnica sobre o uso de m\u00e1scara de prote\u00e7\u00e3o\u2026","rel":"","context":"In &quot;Not\u00edcias de Ribeir\u00e3o Preto-SP e Regi\u00e3o&quot;","block_context":{"text":"Not\u00edcias de Ribeir\u00e3o Preto-SP e Regi\u00e3o","link":"https:\/\/noticiasribeiraopreto.com.br\/index.php\/category\/noticias-de-ribeirao-preto-sp-e-regiao-ismael-colosi\/"},"img":{"alt_text":"","src":"https:\/\/i0.wp.com\/noticiasribeiraopreto.com.br\/wp-content\/uploads\/2024\/02\/CovidRP-Divulgacao-scaled.jpg?fit=967%2C645&ssl=1&resize=350%2C200","width":350,"height":200,"srcset":"https:\/\/i0.wp.com\/noticiasribeiraopreto.com.br\/wp-content\/uploads\/2024\/02\/CovidRP-Divulgacao-scaled.jpg?fit=967%2C645&ssl=1&resize=350%2C200 1x, https:\/\/i0.wp.com\/noticiasribeiraopreto.com.br\/wp-content\/uploads\/2024\/02\/CovidRP-Divulgacao-scaled.jpg?fit=967%2C645&ssl=1&resize=525%2C300 1.5x, https:\/\/i0.wp.com\/noticiasribeiraopreto.com.br\/wp-content\/uploads\/2024\/02\/CovidRP-Divulgacao-scaled.jpg?fit=967%2C645&ssl=1&resize=700%2C400 2x"},"classes":[]},{"id":42269,"url":"https:\/\/noticiasribeiraopreto.com.br\/index.php\/2024\/03\/13\/casos-de-covid-19-crescem-em-asilos\/","url_meta":{"origin":38590,"position":1},"title":"Casos de covid-19 crescem em asilos","author":"noticiasribeiraopreto.com.br","date":"13 de March de 2024","format":false,"excerpt":"13 de mar\u00e7o de 2024 | 16:0013 de mar\u00e7o de 2024 | 10:43 0A Divis\u00e3o de Vigil\u00e2ncia Epidemiol\u00f3gica (DVE) da Secretaria Municipal da Sa\u00fade emitiu, nesta ter\u00e7a-feira, 12 de mar\u00e7o, um comunicado \u00e0s Institui\u00e7\u00f5es de Longa Perman\u00eancia de Idosos (ILPI) de Ribeir\u00e3o Preto sobre o aumento dos casos de covid-19\u2026","rel":"","context":"In &quot;Not\u00edcias de Ribeir\u00e3o Preto-SP e Regi\u00e3o&quot;","block_context":{"text":"Not\u00edcias de Ribeir\u00e3o Preto-SP e Regi\u00e3o","link":"https:\/\/noticiasribeiraopreto.com.br\/index.php\/category\/noticias-de-ribeirao-preto-sp-e-regiao-ismael-colosi\/"},"img":{"alt_text":"","src":"https:\/\/i0.wp.com\/noticiasribeiraopreto.com.br\/wp-content\/uploads\/2024\/03\/AsiloCOV-JF-Pimenta-Arquivo-scaled.jpg?fit=967%2C645&ssl=1&resize=350%2C200","width":350,"height":200,"srcset":"https:\/\/i0.wp.com\/noticiasribeiraopreto.com.br\/wp-content\/uploads\/2024\/03\/AsiloCOV-JF-Pimenta-Arquivo-scaled.jpg?fit=967%2C645&ssl=1&resize=350%2C200 1x, https:\/\/i0.wp.com\/noticiasribeiraopreto.com.br\/wp-content\/uploads\/2024\/03\/AsiloCOV-JF-Pimenta-Arquivo-scaled.jpg?fit=967%2C645&ssl=1&resize=525%2C300 1.5x, https:\/\/i0.wp.com\/noticiasribeiraopreto.com.br\/wp-content\/uploads\/2024\/03\/AsiloCOV-JF-Pimenta-Arquivo-scaled.jpg?fit=967%2C645&ssl=1&resize=700%2C400 2x"},"classes":[]},{"id":42707,"url":"https:\/\/noticiasribeiraopreto.com.br\/index.php\/2024\/03\/16\/covid-19-ribeirao-preto-registra-16-mortes-em-menos-de-tres-meses\/","url_meta":{"origin":38590,"position":2},"title":"Covid-19: Ribeir\u00e3o Preto registra 16 mortes em menos de tr\u00eas meses","author":"noticiasribeiraopreto.com.br","date":"16 de March de 2024","format":false,"excerpt":"Dados da Secretaria Municipal da Sa\u00fade de Ribeir\u00e3o Preto confirmam que 16 pessoas morreram este ano em decorr\u00eancia da covid-19 em menos de tr\u00eas meses. O m\u00eas com maior registro de mortes foi fevereiro com 10 v\u00edtimas. Em janeiro, foram cinco \u00f3bitos e at\u00e9 o \u00faltimo dia 12 deste m\u00eas,\u2026","rel":"","context":"In &quot;Not\u00edcias de Ribeir\u00e3o Preto-SP e Regi\u00e3o&quot;","block_context":{"text":"Not\u00edcias de Ribeir\u00e3o Preto-SP e Regi\u00e3o","link":"https:\/\/noticiasribeiraopreto.com.br\/index.php\/category\/noticias-de-ribeirao-preto-sp-e-regiao-ismael-colosi\/"},"img":{"alt_text":"","src":"https:\/\/i0.wp.com\/noticiasribeiraopreto.com.br\/wp-content\/uploads\/2024\/03\/Copia-de-Copia-de-TAMANHO-EXATO-PARA-FOTOS-NO-SISTEMA-NOVO-58.jpg?fit=1200%2C675&ssl=1&resize=350%2C200","width":350,"height":200,"srcset":"https:\/\/i0.wp.com\/noticiasribeiraopreto.com.br\/wp-content\/uploads\/2024\/03\/Copia-de-Copia-de-TAMANHO-EXATO-PARA-FOTOS-NO-SISTEMA-NOVO-58.jpg?fit=1200%2C675&ssl=1&resize=350%2C200 1x, https:\/\/i0.wp.com\/noticiasribeiraopreto.com.br\/wp-content\/uploads\/2024\/03\/Copia-de-Copia-de-TAMANHO-EXATO-PARA-FOTOS-NO-SISTEMA-NOVO-58.jpg?fit=1200%2C675&ssl=1&resize=525%2C300 1.5x, https:\/\/i0.wp.com\/noticiasribeiraopreto.com.br\/wp-content\/uploads\/2024\/03\/Copia-de-Copia-de-TAMANHO-EXATO-PARA-FOTOS-NO-SISTEMA-NOVO-58.jpg?fit=1200%2C675&ssl=1&resize=700%2C400 2x, https:\/\/i0.wp.com\/noticiasribeiraopreto.com.br\/wp-content\/uploads\/2024\/03\/Copia-de-Copia-de-TAMANHO-EXATO-PARA-FOTOS-NO-SISTEMA-NOVO-58.jpg?fit=1200%2C675&ssl=1&resize=1050%2C600 3x"},"classes":[]},{"id":57785,"url":"https:\/\/noticiasribeiraopreto.com.br\/index.php\/2024\/09\/10\/fiocruz-alerta-para-crescimento-de-casos-de-covid-19-no-brasil\/","url_meta":{"origin":38590,"position":3},"title":"Fiocruz Alerta para Crescimento de Casos de Covid-19 no Brasil","author":"noticiasribeiraopreto.com.br","date":"10 de September de 2024","format":false,"excerpt":"A Funda\u00e7\u00e3o Oswaldo Cruz (Fiocruz) emitiu um alerta sobre o aumento dos casos de Covid-19 no Brasil, conforme o mais recente Boletim InfoGripe.\u00a0O relat\u00f3rio destaca um crescimento significativo nas interna\u00e7\u00f5es por S\u00edndrome Respirat\u00f3ria Aguda Grave (SRAG) associadas ao coronav\u00edrus, especialmente nos estados de S\u00e3o Paulo e Goi\u00e1s. A pesquisadora Tatiana\u2026","rel":"","context":"In &quot;Not\u00edcias de Ribeir\u00e3o Preto-SP e Regi\u00e3o&quot;","block_context":{"text":"Not\u00edcias de Ribeir\u00e3o Preto-SP e Regi\u00e3o","link":"https:\/\/noticiasribeiraopreto.com.br\/index.php\/category\/noticias-de-ribeirao-preto-sp-e-regiao-ismael-colosi\/"},"img":{"alt_text":"","src":"","width":0,"height":0},"classes":[]},{"id":62059,"url":"https:\/\/noticiasribeiraopreto.com.br\/index.php\/2025\/01\/02\/boletim-da-fiocruz-alerta-para-aumento-de-casos-de-covid-19-no-brasil\/","url_meta":{"origin":38590,"position":4},"title":"Boletim da Fiocruz Alerta para Aumento de Casos de Covid-19 no Brasil","author":"noticiasribeiraopreto.com.br","date":"2 de January de 2025","format":false,"excerpt":"O mais recente boletim divulgado pela Funda\u00e7\u00e3o Oswaldo Cruz (Fiocruz) trouxe um alerta preocupante sobre o crescimento dos casos de Covid-19 no Brasil. De acordo com o relat\u00f3rio, v\u00e1rias regi\u00f5es do pa\u00eds est\u00e3o registrando um aumento expressivo nas notifica\u00e7\u00f5es da doen\u00e7a, o que levanta preocupa\u00e7\u00f5es sobre uma poss\u00edvel nova onda\u2026","rel":"","context":"In &quot;Not\u00edcias de Ribeir\u00e3o Preto-SP e Regi\u00e3o&quot;","block_context":{"text":"Not\u00edcias de Ribeir\u00e3o Preto-SP e Regi\u00e3o","link":"https:\/\/noticiasribeiraopreto.com.br\/index.php\/category\/noticias-de-ribeirao-preto-sp-e-regiao-ismael-colosi\/"},"img":{"alt_text":"","src":"https:\/\/i0.wp.com\/noticiasribeiraopreto.com.br\/wp-content\/uploads\/2025\/01\/coronavirus0503209810.webp.webp?fit=1170%2C700&ssl=1&resize=350%2C200","width":350,"height":200,"srcset":"https:\/\/i0.wp.com\/noticiasribeiraopreto.com.br\/wp-content\/uploads\/2025\/01\/coronavirus0503209810.webp.webp?fit=1170%2C700&ssl=1&resize=350%2C200 1x, https:\/\/i0.wp.com\/noticiasribeiraopreto.com.br\/wp-content\/uploads\/2025\/01\/coronavirus0503209810.webp.webp?fit=1170%2C700&ssl=1&resize=525%2C300 1.5x, https:\/\/i0.wp.com\/noticiasribeiraopreto.com.br\/wp-content\/uploads\/2025\/01\/coronavirus0503209810.webp.webp?fit=1170%2C700&ssl=1&resize=700%2C400 2x, https:\/\/i0.wp.com\/noticiasribeiraopreto.com.br\/wp-content\/uploads\/2025\/01\/coronavirus0503209810.webp.webp?fit=1170%2C700&ssl=1&resize=1050%2C600 3x"},"classes":[]},{"id":69919,"url":"https:\/\/noticiasribeiraopreto.com.br\/index.php\/2025\/05\/10\/saude-de-ribeirao-preto-alerta-sobre-aumento-de-casos-de-doencas-respiratorias\/","url_meta":{"origin":38590,"position":5},"title":"Sa\u00fade de Ribeir\u00e3o Preto alerta sobre aumento de casos de doen\u00e7as respirat\u00f3rias","author":"noticiasribeiraopreto.com.br","date":"10 de May de 2025","format":false,"excerpt":"A Secretaria Municipal da Sa\u00fade de Ribeir\u00e3o Preto publicou um alerta sobre o aumento de casos de SRAG (S\u00edndrome Respirat\u00f3ria Aguda Grave). De acordo com a pasta, j\u00e1 foram registradas 242 interna\u00e7\u00f5es por SRAG desde mar\u00e7o \u2013 quando os casos come\u00e7aram a crescer. No acumulado do ano, o munic\u00edpio j\u00e1\u2026","rel":"","context":"In &quot;Not\u00edcias de Ribeir\u00e3o Preto-SP e Regi\u00e3o&quot;","block_context":{"text":"Not\u00edcias de Ribeir\u00e3o Preto-SP e Regi\u00e3o","link":"https:\/\/noticiasribeiraopreto.com.br\/index.php\/category\/noticias-de-ribeirao-preto-sp-e-regiao-ismael-colosi\/"},"img":{"alt_text":"","src":"https:\/\/i0.wp.com\/noticiasribeiraopreto.com.br\/wp-content\/uploads\/2025\/05\/117593045_3181602151934831_1382602735393869478_n.jpg?fit=952%2C635&ssl=1&resize=350%2C200","width":350,"height":200,"srcset":"https:\/\/i0.wp.com\/noticiasribeiraopreto.com.br\/wp-content\/uploads\/2025\/05\/117593045_3181602151934831_1382602735393869478_n.jpg?fit=952%2C635&ssl=1&resize=350%2C200 1x, https:\/\/i0.wp.com\/noticiasribeiraopreto.com.br\/wp-content\/uploads\/2025\/05\/117593045_3181602151934831_1382602735393869478_n.jpg?fit=952%2C635&ssl=1&resize=525%2C300 1.5x, https:\/\/i0.wp.com\/noticiasribeiraopreto.com.br\/wp-content\/uploads\/2025\/05\/117593045_3181602151934831_1382602735393869478_n.jpg?fit=952%2C635&ssl=1&resize=700%2C400 2x"},"classes":[]}],"jetpack_sharing_enabled":true,"jetpack_shortlink":"https:\/\/wp.me\/peQAOb-a2q","_links":{"self":[{"href":"https:\/\/noticiasribeiraopreto.com.br\/index.php\/wp-json\/wp\/v2\/posts\/38590","targetHints":{"allow":["GET"]}}],"collection":[{"href":"https:\/\/noticiasribeiraopreto.com.br\/index.php\/wp-json\/wp\/v2\/posts"}],"about":[{"href":"https:\/\/noticiasribeiraopreto.com.br\/index.php\/wp-json\/wp\/v2\/types\/post"}],"author":[{"embeddable":true,"href":"https:\/\/noticiasribeiraopreto.com.br\/index.php\/wp-json\/wp\/v2\/users\/1"}],"replies":[{"embeddable":true,"href":"https:\/\/noticiasribeiraopreto.com.br\/index.php\/wp-json\/wp\/v2\/comments?post=38590"}],"version-history":[{"count":0,"href":"https:\/\/noticiasribeiraopreto.com.br\/index.php\/wp-json\/wp\/v2\/posts\/38590\/revisions"}],"wp:featuredmedia":[{"embeddable":true,"href":"https:\/\/noticiasribeiraopreto.com.br\/index.php\/wp-json\/wp\/v2\/media\/38591"}],"wp:attachment":[{"href":"https:\/\/noticiasribeiraopreto.com.br\/index.php\/wp-json\/wp\/v2\/media?parent=38590"}],"wp:term":[{"taxonomy":"category","embeddable":true,"href":"https:\/\/noticiasribeiraopreto.com.br\/index.php\/wp-json\/wp\/v2\/categories?post=38590"},{"taxonomy":"post_tag","embeddable":true,"href":"https:\/\/noticiasribeiraopreto.com.br\/index.php\/wp-json\/wp\/v2\/tags?post=38590"}],"curies":[{"name":"wp","href":"https:\/\/api.w.org\/{rel}","templated":true}]}}