{"id":38610,"date":"2024-02-20T19:28:34","date_gmt":"2024-02-20T22:28:34","guid":{"rendered":"https:\/\/noticiasribeiraopreto.com.br\/index.php\/2024\/02\/20\/stf-forma-maioria-para-condenar-advogada-de-ribeirao-presa-nos-atos-de-8-de-janeiro\/"},"modified":"2024-02-20T19:28:34","modified_gmt":"2024-02-20T22:28:34","slug":"stf-forma-maioria-para-condenar-advogada-de-ribeirao-presa-nos-atos-de-8-de-janeiro","status":"publish","type":"post","link":"https:\/\/noticiasribeiraopreto.com.br\/index.php\/2024\/02\/20\/stf-forma-maioria-para-condenar-advogada-de-ribeirao-presa-nos-atos-de-8-de-janeiro\/","title":{"rendered":"STF forma maioria para condenar advogada de Ribeir\u00e3o presa nos atos de 8 de janeiro"},"content":{"rendered":"<div class='code-block code-block-1' style='margin: 8px 0 8px auto; text-align: right; display: block; clear: both;'>\n<p><a href=\"https:\/\/wa.link\/vpicfd\"><img data-recalc-dims=\"1\" class=\"wp-image-4922\" style=\"aspect-ratio: 2.0253164556962027; width: 561px; height: auto;\" src=\"https:\/\/i0.wp.com\/ismaelcolosi.com.br\/wp-content\/uploads\/2023\/11\/grupo-de-empregos-whatsapp-e-facebook-ismael-colosi-vagas.jpg?ssl=1\" alt=\"\" \/><\/a><\/p>\n<!-- \/wp:image -->\n<\/div>\n<p> <br \/>\n<\/p>\n<div>\n<p>O <strong>STF (Supremo Tribunal Federal)<\/strong> formou maioria, nesta ter\u00e7a-feira (20), para condenar advogada <strong>Nara Faustino de Menezes<\/strong>, de <strong>Ribeir\u00e3o Preto<\/strong>, presa pelos atos de 8 de janeiro de 2023, em Bras\u00edlia. <mark style=\"background-color:#fcb900\" class=\"has-inline-color\"><strong>At\u00e9 o momento, sete ministros votaram para condena\u00e7\u00e3o da advogada.<\/strong><\/mark><\/p>\n<p>O relator do processo \u00e9 o <strong>ministro Alexandre de Moraes<\/strong>, que pediu que <strong>Nara<\/strong> seja condenada a <strong>17 anos de pris\u00e3o<\/strong>, al\u00e9m do pagamento de <strong>R$ 30 milh\u00f5es de indeniza\u00e7\u00e3o por danos morais coletivos.<\/strong><\/p>\n<p>Acompanharam o relator os ministros:<\/p>\n<ul>\n<li>Cristiano Zanin (com ressalvas)<\/li>\n<\/ul>\n<ul>\n<li>Edson Fachin (com ressalvas)<\/li>\n<\/ul>\n<p>O julgamento de <strong>Nara Faustino de Menezes<\/strong>, no plen\u00e1rio virtual do <strong>STF<\/strong>, come\u00e7ou no dia <strong>9 de fevereiro e segue at\u00e9 o final desta ter\u00e7a-feira.<\/strong><\/p>\n<h4 class=\"wp-block-heading\"><strong>O voto<\/strong><\/h4>\n<p>De acordo com o voto publicado por<strong> Alexandre de Moraes<\/strong>, <strong>Nara Faustino de Menezes<\/strong> foi condenada pelos crimes de <strong>aboli\u00e7\u00e3o violenta do Estado Democr\u00e1tico de Direito<\/strong>, <strong>Golpe de Estado<\/strong>, <strong>deteriora\u00e7\u00e3o do patrim\u00f4nio tombado<\/strong> e <strong>associa\u00e7\u00e3o criminosa armada<\/strong>.<\/p>\n<p>No voto, que tem 114 p\u00e1ginas, Alexandre de Moraes ainda informa que a condena\u00e7\u00e3o seja aplicada, inicialmente, em<strong> regime fechado.<\/strong><\/p>\n<h4 class=\"wp-block-heading\"><strong>Outro lado<\/strong><\/h4>\n<p>No depoimento realizado ap\u00f3s a pris\u00e3o, em janeiro do ano passado,<strong> Nara Faustino<\/strong> <strong>negou ter participado da depreda\u00e7\u00e3o dos pr\u00e9dios p\u00fablicos localizados na Pra\u00e7a dos Tr\u00eas Poderes, em Bras\u00edlia.<\/strong><\/p>\n<p>Na ocasi\u00e3o, Nara disse que <strong>participava pacificamente do ato<\/strong> e que chegou ao <strong>Congresso Nacional<\/strong> quando <strong>tudo estava aberto e j\u00e1 depredado<\/strong>. Ela ainda afirmou que teria tentado se esconder no local ap\u00f3s sentir cheiro de fuma\u00e7a.<\/p>\n<hr class=\"wp-block-separator has-alpha-channel-opacity\"\/>\n<p>SAIBA MAIS<\/p>\n<p>Prefeitura de Ribeir\u00e3o faz evento na Nove de Julho mesmo com obras paradas<\/p>\n<h4 class=\"wp-block-heading\"><strong><mark style=\"background-color:#fcb900\" class=\"has-inline-color\">FIQUE ON<\/mark><\/strong><\/h4>\n<p>Fique ligado em tudo que acontece em Ribeir\u00e3o Preto e regi\u00e3o. Siga os perfis do\u00a0<strong>acidade on<\/strong>\u00a0no\u00a0<a href=\"https:\/\/www.instagram.com\/acidadeonribeirao\" target=\"_blank\" rel=\"noreferrer noopener\">Instagram<\/a>\u00a0e no\u00a0<a href=\"https:\/\/www.facebook.com\/acidadeonribeirao\" target=\"_blank\" rel=\"noreferrer noopener\">Facebook<\/a>.<\/p>\n<p>Receba not\u00edcias do acidade on no WhatsApp. Para entrar no grupo, basta<a href=\"https:\/\/chat.whatsapp.com\/Bnv2w66ZT4VDyZW3oiZ69n\" target=\"_blank\" rel=\"noreferrer noopener\">\u00a0clicar aqui<\/a>.<\/p>\n<p>Fa\u00e7a uma den\u00fancia ou sugira uma reportagem sobre Ribeir\u00e3o Preto e regi\u00e3o pelo WhatsApp: 16 99117 7802.<\/p>\n<p>VEJA TAMB\u00c9M<\/p>\n<p>Fl\u00e1via Alessandra fala sobre acidente de carro causado por complica\u00e7\u00f5es da Covid-19<\/p>\n<p><!-- AI CONTENT END 1 -->\n<\/div>\n<p><script async src=\"\/\/www.instagram.com\/embed.js\"><\/script><br \/>\n<br \/><br \/>\n<br \/><a href=\"https:\/\/www.acidadeon.com\/ribeiraopreto\/politica\/stf-forma-maioria-para-condenar-advogada-de-ribeirao-presa-nos-atos-de-8-de-janeiro\/\">Source link <\/a><\/p>\n<!-- CONTENT END 1 -->\n","protected":false},"excerpt":{"rendered":"<p>O STF (Supremo Tribunal Federal) formou maioria, nesta ter\u00e7a-feira (20), para condenar advogada Nara Faustino de Menezes, de Ribeir\u00e3o Preto, presa pelos atos de 8&#8230;<\/p>\n","protected":false},"author":1,"featured_media":34331,"comment_status":"open","ping_status":"open","sticky":false,"template":"","format":"standard","meta":{"advanced_seo_description":"","jetpack_seo_html_title":"","jetpack_seo_noindex":false,"jetpack_post_was_ever_published":false,"_jetpack_newsletter_access":"","_jetpack_dont_email_post_to_subs":false,"_jetpack_newsletter_tier_id":0,"_jetpack_memberships_contains_paywalled_content":false,"_jetpack_memberships_contains_paid_content":false,"footnotes":"","jetpack_publicize_message":"","jetpack_publicize_feature_enabled":true,"jetpack_social_post_already_shared":true,"jetpack_social_options":{"image_generator_settings":{"template":"highway","default_image_id":0,"font":"","enabled":false},"version":2}},"categories":[11],"tags":[],"class_list":["post-38610","post","type-post","status-publish","format-standard","has-post-thumbnail","hentry","category-noticias-de-ribeirao-preto-sp-e-regiao-ismael-colosi"],"jetpack_publicize_connections":[],"jetpack_featured_media_url":"https:\/\/noticiasribeiraopreto.com.br\/wp-content\/uploads\/2024\/02\/nara-faustino-de-menezes.jpe","jetpack-related-posts":[{"id":36334,"url":"https:\/\/noticiasribeiraopreto.com.br\/index.php\/2024\/02\/09\/alexandre-de-moraes-vota-para-condenar-advogada-de-ribeirao-presa-nos-atos-de-8-de-janeiro-entenda\/","url_meta":{"origin":38610,"position":0},"title":"Alexandre de Moraes vota para condenar advogada de Ribeir\u00e3o presa nos atos de 8 de janeiro; Entenda","author":"noticiasribeiraopreto.com.br","date":"9 de February de 2024","format":false,"excerpt":"O ministro Alexandre de Moraes, do STF (Supremo Tribunal Federal), votou pela condena\u00e7\u00e3o da advogada Nara Faustino de Menezes, de Ribeir\u00e3o Preto, presa pelos atos de 8 de janeiro. O ministro pede que a advogada seja condenada a 17 anos de pris\u00e3o, al\u00e9m do pagamento de R$ 30 milh\u00f5es de\u2026","rel":"","context":"In &quot;Not\u00edcias de Ribeir\u00e3o Preto-SP e Regi\u00e3o&quot;","block_context":{"text":"Not\u00edcias de Ribeir\u00e3o Preto-SP e Regi\u00e3o","link":"https:\/\/noticiasribeiraopreto.com.br\/index.php\/category\/noticias-de-ribeirao-preto-sp-e-regiao-ismael-colosi\/"},"img":{"alt_text":"","src":"https:\/\/i0.wp.com\/noticiasribeiraopreto.com.br\/wp-content\/uploads\/2024\/02\/alexandre-de-moraes-nara-faustino.jpeg?fit=1200%2C675&ssl=1&resize=350%2C200","width":350,"height":200,"srcset":"https:\/\/i0.wp.com\/noticiasribeiraopreto.com.br\/wp-content\/uploads\/2024\/02\/alexandre-de-moraes-nara-faustino.jpeg?fit=1200%2C675&ssl=1&resize=350%2C200 1x, https:\/\/i0.wp.com\/noticiasribeiraopreto.com.br\/wp-content\/uploads\/2024\/02\/alexandre-de-moraes-nara-faustino.jpeg?fit=1200%2C675&ssl=1&resize=525%2C300 1.5x, https:\/\/i0.wp.com\/noticiasribeiraopreto.com.br\/wp-content\/uploads\/2024\/02\/alexandre-de-moraes-nara-faustino.jpeg?fit=1200%2C675&ssl=1&resize=700%2C400 2x, https:\/\/i0.wp.com\/noticiasribeiraopreto.com.br\/wp-content\/uploads\/2024\/02\/alexandre-de-moraes-nara-faustino.jpeg?fit=1200%2C675&ssl=1&resize=1050%2C600 3x"},"classes":[]},{"id":34330,"url":"https:\/\/noticiasribeiraopreto.com.br\/index.php\/2024\/02\/01\/stf-marca-julgamento-de-advogada-de-ribeirao-preto-presa-nos-atos-de-8-de-janeiro\/","url_meta":{"origin":38610,"position":1},"title":"STF marca julgamento de advogada de Ribeir\u00e3o Preto presa nos atos de 8 de janeiro","author":"noticiasribeiraopreto.com.br","date":"1 de February de 2024","format":false,"excerpt":"O STF (Supremo Tribunal Federal) incluiu a advogada Nara Faustino de Menezes, de Ribeir\u00e3o Preto, na pauta de julgamentos pelos atos de 8 de janeiro de 2023. O julgamento no plen\u00e1rio virtual acontece entre os dias 9 e 20 de fevereiro. A advogada foi autuada nos termos do artigo 359-M\u2026","rel":"","context":"In &quot;Not\u00edcias de Ribeir\u00e3o Preto-SP e Regi\u00e3o&quot;","block_context":{"text":"Not\u00edcias de Ribeir\u00e3o Preto-SP e Regi\u00e3o","link":"https:\/\/noticiasribeiraopreto.com.br\/index.php\/category\/noticias-de-ribeirao-preto-sp-e-regiao-ismael-colosi\/"},"img":{"alt_text":"","src":"https:\/\/noticiasribeiraopreto.com.br\/wp-content\/uploads\/2024\/02\/nara-faustino-de-menezes.jpe","width":350,"height":200,"srcset":"https:\/\/noticiasribeiraopreto.com.br\/wp-content\/uploads\/2024\/02\/nara-faustino-de-menezes.jpe 1x, https:\/\/noticiasribeiraopreto.com.br\/wp-content\/uploads\/2024\/02\/nara-faustino-de-menezes.jpe 1.5x, https:\/\/noticiasribeiraopreto.com.br\/wp-content\/uploads\/2024\/02\/nara-faustino-de-menezes.jpe 2x, https:\/\/noticiasribeiraopreto.com.br\/wp-content\/uploads\/2024\/02\/nara-faustino-de-menezes.jpe 3x"},"classes":[]},{"id":38693,"url":"https:\/\/noticiasribeiraopreto.com.br\/index.php\/2024\/02\/21\/advogada-e-condenada-por-atos-golpistas\/","url_meta":{"origin":38610,"position":2},"title":"Advogada \u00e9 condenada por atos golpistas\u00a0","author":"noticiasribeiraopreto.com.br","date":"21 de February de 2024","format":false,"excerpt":"21 de fevereiro de 2024 | 9:1521 de fevereiro de 2024 | 9:06 0Nesta ter\u00e7a-feira, 20 de fevereiro, o Supremo Tribunal Federal (STF) formou maioria e condenou a advogada Nara Faustino de Menezes, de Ribeir\u00e3o Preto, por participa\u00e7\u00e3o nos atos golpistas de 8 de janeiro do ano passado, em Bras\u00edlia.\u2026","rel":"","context":"In &quot;Not\u00edcias de Ribeir\u00e3o Preto-SP e Regi\u00e3o&quot;","block_context":{"text":"Not\u00edcias de Ribeir\u00e3o Preto-SP e Regi\u00e3o","link":"https:\/\/noticiasribeiraopreto.com.br\/index.php\/category\/noticias-de-ribeirao-preto-sp-e-regiao-ismael-colosi\/"},"img":{"alt_text":"","src":"https:\/\/i0.wp.com\/noticiasribeiraopreto.com.br\/wp-content\/uploads\/2024\/02\/TerrorSTF-Detalhe-Redes-sociais-Reproducao-01-1-1-scaled.jpg?fit=1000%2C565&ssl=1&resize=350%2C200","width":350,"height":200,"srcset":"https:\/\/i0.wp.com\/noticiasribeiraopreto.com.br\/wp-content\/uploads\/2024\/02\/TerrorSTF-Detalhe-Redes-sociais-Reproducao-01-1-1-scaled.jpg?fit=1000%2C565&ssl=1&resize=350%2C200 1x, https:\/\/i0.wp.com\/noticiasribeiraopreto.com.br\/wp-content\/uploads\/2024\/02\/TerrorSTF-Detalhe-Redes-sociais-Reproducao-01-1-1-scaled.jpg?fit=1000%2C565&ssl=1&resize=525%2C300 1.5x, https:\/\/i0.wp.com\/noticiasribeiraopreto.com.br\/wp-content\/uploads\/2024\/02\/TerrorSTF-Detalhe-Redes-sociais-Reproducao-01-1-1-scaled.jpg?fit=1000%2C565&ssl=1&resize=700%2C400 2x"},"classes":[]},{"id":39083,"url":"https:\/\/noticiasribeiraopreto.com.br\/index.php\/2024\/02\/23\/stf-vai-julgar-barquet-miguel-2\/","url_meta":{"origin":38610,"position":3},"title":"STF vai julgar Barquet Miguel \u00a0","author":"noticiasribeiraopreto.com.br","date":"23 de February de 2024","format":false,"excerpt":"23 de fevereiro de 2024 | 11:0023 de fevereiro de 2024 | 7:55 0O Supremo Tribunal Federal (STF) inicia nesta sexta-feira, 23 de fevereiro, o julgamento do corretor de im\u00f3veis ribeir\u00e3o-pretano Barquet Miguel J\u00fanior, que chegou a ser preso durante os atos antidemocr\u00e1ticos e golpistas de 8 de janeiro do\u2026","rel":"","context":"In &quot;Not\u00edcias de Ribeir\u00e3o Preto-SP e Regi\u00e3o&quot;","block_context":{"text":"Not\u00edcias de Ribeir\u00e3o Preto-SP e Regi\u00e3o","link":"https:\/\/noticiasribeiraopreto.com.br\/index.php\/category\/noticias-de-ribeirao-preto-sp-e-regiao-ismael-colosi\/"},"img":{"alt_text":"","src":"https:\/\/i0.wp.com\/noticiasribeiraopreto.com.br\/wp-content\/uploads\/2024\/02\/TerrorSTF-Detalhe-Redes-sociais-Reproducao-01-2.jpg?fit=975%2C606&ssl=1&resize=350%2C200","width":350,"height":200,"srcset":"https:\/\/i0.wp.com\/noticiasribeiraopreto.com.br\/wp-content\/uploads\/2024\/02\/TerrorSTF-Detalhe-Redes-sociais-Reproducao-01-2.jpg?fit=975%2C606&ssl=1&resize=350%2C200 1x, https:\/\/i0.wp.com\/noticiasribeiraopreto.com.br\/wp-content\/uploads\/2024\/02\/TerrorSTF-Detalhe-Redes-sociais-Reproducao-01-2.jpg?fit=975%2C606&ssl=1&resize=525%2C300 1.5x, https:\/\/i0.wp.com\/noticiasribeiraopreto.com.br\/wp-content\/uploads\/2024\/02\/TerrorSTF-Detalhe-Redes-sociais-Reproducao-01-2.jpg?fit=975%2C606&ssl=1&resize=700%2C400 2x"},"classes":[]},{"id":25401,"url":"https:\/\/noticiasribeiraopreto.com.br\/index.php\/2024\/01\/07\/veja-a-situacao-dos-moradores-de-ribeirao-preto-presos-nos-atos-de-8-de-janeiro\/","url_meta":{"origin":38610,"position":4},"title":"Veja a situa\u00e7\u00e3o dos moradores de Ribeir\u00e3o Preto presos nos atos de 8 de janeiro","author":"noticiasribeiraopreto.com.br","date":"7 de January de 2024","format":false,"excerpt":"Os dois moradores de Ribeir\u00e3o Preto que foram presos ap\u00f3s os atos antidemocr\u00e1ticos de 8 de janeiro de 2023, em Bras\u00edlia, ainda aguardam para serem julgados pelo STF (Supremo Tribunal Federal). Desde agosto, a advogada Nara Faustino de Menezes e o ex-advogado Barquet Miguel J\u00fanior, respondem o processo em liberdade.\u2026","rel":"","context":"In &quot;Not\u00edcias de Ribeir\u00e3o Preto-SP e Regi\u00e3o&quot;","block_context":{"text":"Not\u00edcias de Ribeir\u00e3o Preto-SP e Regi\u00e3o","link":"https:\/\/noticiasribeiraopreto.com.br\/index.php\/category\/noticias-de-ribeirao-preto-sp-e-regiao-ismael-colosi\/"},"img":{"alt_text":"","src":"https:\/\/i0.wp.com\/noticiasribeiraopreto.com.br\/wp-content\/uploads\/2024\/01\/nara-faustino-e-barquet-miguel.jpeg?fit=1200%2C675&ssl=1&resize=350%2C200","width":350,"height":200,"srcset":"https:\/\/i0.wp.com\/noticiasribeiraopreto.com.br\/wp-content\/uploads\/2024\/01\/nara-faustino-e-barquet-miguel.jpeg?fit=1200%2C675&ssl=1&resize=350%2C200 1x, https:\/\/i0.wp.com\/noticiasribeiraopreto.com.br\/wp-content\/uploads\/2024\/01\/nara-faustino-e-barquet-miguel.jpeg?fit=1200%2C675&ssl=1&resize=525%2C300 1.5x, https:\/\/i0.wp.com\/noticiasribeiraopreto.com.br\/wp-content\/uploads\/2024\/01\/nara-faustino-e-barquet-miguel.jpeg?fit=1200%2C675&ssl=1&resize=700%2C400 2x, https:\/\/i0.wp.com\/noticiasribeiraopreto.com.br\/wp-content\/uploads\/2024\/01\/nara-faustino-e-barquet-miguel.jpeg?fit=1200%2C675&ssl=1&resize=1050%2C600 3x"},"classes":[]},{"id":40376,"url":"https:\/\/noticiasribeiraopreto.com.br\/index.php\/2024\/03\/03\/saiba-se-os-moradores-de-ribeirao-condenados-pelos-atos-de-8-de-janeiro-serao-presos\/","url_meta":{"origin":38610,"position":5},"title":"Saiba se os moradores de Ribeir\u00e3o condenados pelos atos de 8 de janeiro ser\u00e3o presos","author":"noticiasribeiraopreto.com.br","date":"3 de March de 2024","format":false,"excerpt":"O STF (Supremo Tribunal Federal) condenou dois moradores de Ribeir\u00e3o Preto pelos atos de 8 de janeiro de 2023 pelos crimes de tentativa de Golpe de Estado, entre outros. Mas isso n\u00e3o significa que eles v\u00e3o presos imediatamente. Quando ser\u00e3o presos? De acordo com a Corte, os condenados s\u00f3 passam\u2026","rel":"","context":"In &quot;Not\u00edcias de Ribeir\u00e3o Preto-SP e Regi\u00e3o&quot;","block_context":{"text":"Not\u00edcias de Ribeir\u00e3o Preto-SP e Regi\u00e3o","link":"https:\/\/noticiasribeiraopreto.com.br\/index.php\/category\/noticias-de-ribeirao-preto-sp-e-regiao-ismael-colosi\/"},"img":{"alt_text":"","src":"https:\/\/i0.wp.com\/noticiasribeiraopreto.com.br\/wp-content\/uploads\/2024\/03\/AnyConv.com__WhatsApp-Image-2024-03-02-at-10.37.09.webp.webp?fit=1200%2C675&ssl=1&resize=350%2C200","width":350,"height":200,"srcset":"https:\/\/i0.wp.com\/noticiasribeiraopreto.com.br\/wp-content\/uploads\/2024\/03\/AnyConv.com__WhatsApp-Image-2024-03-02-at-10.37.09.webp.webp?fit=1200%2C675&ssl=1&resize=350%2C200 1x, https:\/\/i0.wp.com\/noticiasribeiraopreto.com.br\/wp-content\/uploads\/2024\/03\/AnyConv.com__WhatsApp-Image-2024-03-02-at-10.37.09.webp.webp?fit=1200%2C675&ssl=1&resize=525%2C300 1.5x, https:\/\/i0.wp.com\/noticiasribeiraopreto.com.br\/wp-content\/uploads\/2024\/03\/AnyConv.com__WhatsApp-Image-2024-03-02-at-10.37.09.webp.webp?fit=1200%2C675&ssl=1&resize=700%2C400 2x, https:\/\/i0.wp.com\/noticiasribeiraopreto.com.br\/wp-content\/uploads\/2024\/03\/AnyConv.com__WhatsApp-Image-2024-03-02-at-10.37.09.webp.webp?fit=1200%2C675&ssl=1&resize=1050%2C600 3x"},"classes":[]}],"jetpack_sharing_enabled":true,"jetpack_shortlink":"https:\/\/wp.me\/peQAOb-a2K","_links":{"self":[{"href":"https:\/\/noticiasribeiraopreto.com.br\/index.php\/wp-json\/wp\/v2\/posts\/38610","targetHints":{"allow":["GET"]}}],"collection":[{"href":"https:\/\/noticiasribeiraopreto.com.br\/index.php\/wp-json\/wp\/v2\/posts"}],"about":[{"href":"https:\/\/noticiasribeiraopreto.com.br\/index.php\/wp-json\/wp\/v2\/types\/post"}],"author":[{"embeddable":true,"href":"https:\/\/noticiasribeiraopreto.com.br\/index.php\/wp-json\/wp\/v2\/users\/1"}],"replies":[{"embeddable":true,"href":"https:\/\/noticiasribeiraopreto.com.br\/index.php\/wp-json\/wp\/v2\/comments?post=38610"}],"version-history":[{"count":0,"href":"https:\/\/noticiasribeiraopreto.com.br\/index.php\/wp-json\/wp\/v2\/posts\/38610\/revisions"}],"wp:featuredmedia":[{"embeddable":true,"href":"https:\/\/noticiasribeiraopreto.com.br\/index.php\/wp-json\/wp\/v2\/media\/34331"}],"wp:attachment":[{"href":"https:\/\/noticiasribeiraopreto.com.br\/index.php\/wp-json\/wp\/v2\/media?parent=38610"}],"wp:term":[{"taxonomy":"category","embeddable":true,"href":"https:\/\/noticiasribeiraopreto.com.br\/index.php\/wp-json\/wp\/v2\/categories?post=38610"},{"taxonomy":"post_tag","embeddable":true,"href":"https:\/\/noticiasribeiraopreto.com.br\/index.php\/wp-json\/wp\/v2\/tags?post=38610"}],"curies":[{"name":"wp","href":"https:\/\/api.w.org\/{rel}","templated":true}]}}