{"id":38613,"date":"2024-02-20T19:48:30","date_gmt":"2024-02-20T22:48:30","guid":{"rendered":"https:\/\/noticiasribeiraopreto.com.br\/index.php\/2024\/02\/20\/chuva-causa-alagamentos-em-ribeirao-preto-veja-locais\/"},"modified":"2024-02-20T19:48:30","modified_gmt":"2024-02-20T22:48:30","slug":"chuva-causa-alagamentos-em-ribeirao-preto-veja-locais","status":"publish","type":"post","link":"https:\/\/noticiasribeiraopreto.com.br\/index.php\/2024\/02\/20\/chuva-causa-alagamentos-em-ribeirao-preto-veja-locais\/","title":{"rendered":"Chuva causa alagamentos em Ribeir\u00e3o Preto; Veja locais"},"content":{"rendered":"<div class='code-block code-block-1' style='margin: 8px 0 8px auto; text-align: right; display: block; clear: both;'>\n<p><a href=\"https:\/\/wa.link\/vpicfd\"><img data-recalc-dims=\"1\" class=\"wp-image-4922\" style=\"aspect-ratio: 2.0253164556962027; width: 561px; height: auto;\" src=\"https:\/\/i0.wp.com\/ismaelcolosi.com.br\/wp-content\/uploads\/2023\/11\/grupo-de-empregos-whatsapp-e-facebook-ismael-colosi-vagas.jpg?ssl=1\" alt=\"\" \/><\/a><\/p>\n<!-- \/wp:image -->\n<\/div>\n<p> <br \/>\n<\/p>\n<div data-td-block-uid=\"tdi_102\">\n<div class=\"tdb-block-inner td-fix-index\">\n<p>A <strong>chuva<\/strong> que caiu na noite desta ter\u00e7a-feira (20) em <strong>Ribeir\u00e3o Preto<\/strong> provocou <strong>pontos<\/strong> de <strong>alagamentos<\/strong>, principalmente, na <strong>zona<\/strong> <strong>Norte<\/strong> da cidade.<\/p>\n<p>No <strong>cruzamento<\/strong> da <strong>rua S\u00e3o Francisco com a Via Norte,<\/strong> motoristas tiveram que retornar na via por conta da \u00e1gua ter invadido a pista. <\/p>\n<p>Segundo a Defesa Civil, na avenida Dom Pedro I, na altura da pra\u00e7a Pedro Biagi, tamb\u00e9m foi registrado alagamento.<\/p>\n<p>No entanto, at\u00e9 o momento, a <strong>Defesa Civil<\/strong> <strong>n\u00e3o registrou desabrigados<\/strong> e as equipes continuam realizando o monitoramento de \u00e1reas de risco.<\/p>\n<h4 class=\"wp-block-heading\"><strong>Previs\u00e3o para os pr\u00f3ximos dias <\/strong><\/h4>\n<p>A <strong>previs\u00e3o<\/strong> para <strong>Ribeir\u00e3o<\/strong> at\u00e9 <strong>s\u00e1bado<\/strong> (24), \u00e9 de que os <strong>dias<\/strong> <strong>durante toda a semana<\/strong> sejam de <strong>sol<\/strong> com <strong>nuvens<\/strong> e <strong>com chuva<\/strong>, segundo diz o<strong> Climatempo<\/strong>.<\/p>\n<p>Para esta <strong>quarta-feira<\/strong> (21), <strong>deve chover 15 mil\u00edmetros<\/strong> durante \u00e0 tarde e \u00e0 noite.<\/p>\n<p>*<em>Mat\u00e9ria em atualiza\u00e7\u00e3o <\/em><\/p>\n<p>SAIBA MAIS<\/p>\n<p>Festa do Pe\u00e3o de Barretos anuncia show da Simone Mendes; Veja as atra\u00e7\u00f5es confirmadas<\/p>\n<h4 class=\"wp-block-heading\"><strong><mark>FIQUE ON<\/mark><\/strong><\/h4>\n<p>Fique ligado em tudo que acontece em Ribeir\u00e3o Preto e regi\u00e3o. Siga os perfis do\u00a0<strong>acidade on<\/strong>\u00a0no\u00a0<a href=\"https:\/\/www.instagram.com\/acidadeonribeirao\" target=\"_blank\" rel=\"noreferrer noopener\">Instagram<\/a>\u00a0e no\u00a0<a href=\"https:\/\/www.facebook.com\/acidadeonribeirao\" target=\"_blank\" rel=\"noreferrer noopener\">Facebook.<\/a><\/p>\n<p>Receba not\u00edcias do acidade on no WhatsApp. Para entrar no grupo, basta\u00a0<a href=\"https:\/\/chat.whatsapp.com\/Bnv2w66ZT4VDyZW3oiZ69n\" target=\"_blank\" rel=\"noreferrer noopener\">clicar aqui<\/a>.<\/p>\n<p>Fa\u00e7a uma den\u00fancia ou sugira uma reportagem sobre Ribeir\u00e3o Preto e regi\u00e3o pelo WhatsApp: 16 99117 7802.<\/p>\n<p>VEJA TAMB\u00c9M<\/p>\n<p>Rafa Justus exibe resultado de rinoplastia; veja o v\u00eddeo<\/p>\n<p><!-- AI CONTENT END 1 -->\n<\/div>\n<\/div>\n<p><script async src=\"\/\/www.instagram.com\/embed.js\"><\/script><br \/>\n<br \/><br \/>\n<br \/><a href=\"https:\/\/www.acidadeon.com\/ribeiraopreto\/cotidiano\/chuva-causa-alagamentos-em-ribeirao-preto-veja-locais\/\">Source link <\/a><\/p>\n<!-- CONTENT END 1 -->\n","protected":false},"excerpt":{"rendered":"<p>A chuva que caiu na noite desta ter\u00e7a-feira (20) em Ribeir\u00e3o Preto provocou pontos de alagamentos, principalmente, na zona Norte da cidade. No cruzamento da&#8230;<\/p>\n","protected":false},"author":1,"featured_media":38614,"comment_status":"open","ping_status":"open","sticky":false,"template":"","format":"standard","meta":{"advanced_seo_description":"","jetpack_seo_html_title":"","jetpack_seo_noindex":false,"jetpack_post_was_ever_published":false,"_jetpack_newsletter_access":"","_jetpack_dont_email_post_to_subs":false,"_jetpack_newsletter_tier_id":0,"_jetpack_memberships_contains_paywalled_content":false,"_jetpack_memberships_contains_paid_content":false,"footnotes":"","jetpack_publicize_message":"","jetpack_publicize_feature_enabled":true,"jetpack_social_post_already_shared":true,"jetpack_social_options":{"image_generator_settings":{"template":"highway","default_image_id":0,"font":"","enabled":false},"version":2}},"categories":[11],"tags":[],"class_list":["post-38613","post","type-post","status-publish","format-standard","has-post-thumbnail","hentry","category-noticias-de-ribeirao-preto-sp-e-regiao-ismael-colosi"],"jetpack_publicize_connections":[],"jetpack_featured_media_url":"https:\/\/i0.wp.com\/noticiasribeiraopreto.com.br\/wp-content\/uploads\/2024\/02\/rua-sao-francisco-alagada-.jpg?fit=1200%2C675&ssl=1","jetpack-related-posts":[{"id":60049,"url":"https:\/\/noticiasribeiraopreto.com.br\/index.php\/2024\/11\/05\/defesa-civil-emite-alerta-para-chuvas-intensas-no-estado-de-sp\/","url_meta":{"origin":38613,"position":0},"title":"Defesa Civil emite alerta para chuvas intensas no estado de SP","author":"noticiasribeiraopreto.com.br","date":"5 de November de 2024","format":false,"excerpt":"A Defesa Civil Estadual publicou um alerta para chuvas intensas no estado de S\u00e3o Paulo. Segundo o \u00f3rg\u00e3o, uma nova frente fria dever\u00e1 avan\u00e7ar pelo Sul do pa\u00eds e a previs\u00e3o \u00e9 que este sistema atinja o estado paulista no fim desta quinta-feira (7). Todas as regi\u00f5es do estado devem\u2026","rel":"","context":"In &quot;Not\u00edcias de Ribeir\u00e3o Preto-SP e Regi\u00e3o&quot;","block_context":{"text":"Not\u00edcias de Ribeir\u00e3o Preto-SP e Regi\u00e3o","link":"https:\/\/noticiasribeiraopreto.com.br\/index.php\/category\/noticias-de-ribeirao-preto-sp-e-regiao-ismael-colosi\/"},"img":{"alt_text":"","src":"https:\/\/i0.wp.com\/noticiasribeiraopreto.com.br\/wp-content\/uploads\/2024\/11\/chuva.jpeg?fit=1200%2C903&ssl=1&resize=350%2C200","width":350,"height":200,"srcset":"https:\/\/i0.wp.com\/noticiasribeiraopreto.com.br\/wp-content\/uploads\/2024\/11\/chuva.jpeg?fit=1200%2C903&ssl=1&resize=350%2C200 1x, https:\/\/i0.wp.com\/noticiasribeiraopreto.com.br\/wp-content\/uploads\/2024\/11\/chuva.jpeg?fit=1200%2C903&ssl=1&resize=525%2C300 1.5x, https:\/\/i0.wp.com\/noticiasribeiraopreto.com.br\/wp-content\/uploads\/2024\/11\/chuva.jpeg?fit=1200%2C903&ssl=1&resize=700%2C400 2x, https:\/\/i0.wp.com\/noticiasribeiraopreto.com.br\/wp-content\/uploads\/2024\/11\/chuva.jpeg?fit=1200%2C903&ssl=1&resize=1050%2C600 3x"},"classes":[]},{"id":60149,"url":"https:\/\/noticiasribeiraopreto.com.br\/index.php\/2024\/11\/07\/ribeirao-preto-registra-100-mm-de-chuva-em-24-horas-e-enfrenta-alagamentos-em-diversos-pontos\/","url_meta":{"origin":38613,"position":1},"title":"Ribeir\u00e3o Preto Registra 100 mm de Chuva em 24 Horas e Enfrenta Alagamentos em Diversos Pontos","author":"noticiasribeiraopreto.com.br","date":"7 de November de 2024","format":false,"excerpt":"Ribeir\u00e3o Preto foi duramente impactada por chuvas intensas nas \u00faltimas 24 horas, acumulando 100 mm de precipita\u00e7\u00e3o, o equivalente a uma m\u00e9dia mensal de chuva em apenas um dia. O volume causou alagamentos em v\u00e1rias partes da cidade, dificultando o tr\u00e1fego, isolando pontos residenciais e comerciais e deixando moradores em\u2026","rel":"","context":"In &quot;Not\u00edcias de Ribeir\u00e3o Preto-SP e Regi\u00e3o&quot;","block_context":{"text":"Not\u00edcias de Ribeir\u00e3o Preto-SP e Regi\u00e3o","link":"https:\/\/noticiasribeiraopreto.com.br\/index.php\/category\/noticias-de-ribeirao-preto-sp-e-regiao-ismael-colosi\/"},"img":{"alt_text":"","src":"https:\/\/i0.wp.com\/noticiasribeiraopreto.com.br\/wp-content\/uploads\/2024\/11\/40588-970x600-1.jpeg?fit=970%2C600&ssl=1&resize=350%2C200","width":350,"height":200,"srcset":"https:\/\/i0.wp.com\/noticiasribeiraopreto.com.br\/wp-content\/uploads\/2024\/11\/40588-970x600-1.jpeg?fit=970%2C600&ssl=1&resize=350%2C200 1x, https:\/\/i0.wp.com\/noticiasribeiraopreto.com.br\/wp-content\/uploads\/2024\/11\/40588-970x600-1.jpeg?fit=970%2C600&ssl=1&resize=525%2C300 1.5x, https:\/\/i0.wp.com\/noticiasribeiraopreto.com.br\/wp-content\/uploads\/2024\/11\/40588-970x600-1.jpeg?fit=970%2C600&ssl=1&resize=700%2C400 2x"},"classes":[]},{"id":80797,"url":"https:\/\/noticiasribeiraopreto.com.br\/index.php\/2025\/12\/14\/ribeirao-preto-registra-pontos-de-alagamento-na-tarde-deste-sabado\/","url_meta":{"origin":38613,"position":2},"title":"Ribeir\u00e3o Preto registra pontos de alagamento na tarde deste s\u00e1bado","author":"noticiasribeiraopreto.com.br","date":"14 de December de 2025","format":false,"excerpt":"A chuva que atinge Ribeir\u00e3o Preto na tarde deste s\u00e1bado (13) deixou a comunidade da Locomotiva, na zona Norte, debaixo d\u2019\u00e1gua \u2013 veja o v\u00eddeo abaixo. Ver essa foto no Instagram Um post compartilhado por acidade on Ribeir\u00e3o (@acidadeonribeirao) O alagamento afeta trechos como a rua Peru e a avenida\u2026","rel":"","context":"In &quot;Not\u00edcias de Ribeir\u00e3o Preto-SP e Regi\u00e3o&quot;","block_context":{"text":"Not\u00edcias de Ribeir\u00e3o Preto-SP e Regi\u00e3o","link":"https:\/\/noticiasribeiraopreto.com.br\/index.php\/category\/noticias-de-ribeirao-preto-sp-e-regiao-ismael-colosi\/"},"img":{"alt_text":"","src":"https:\/\/i0.wp.com\/noticiasribeiraopreto.com.br\/wp-content\/uploads\/2025\/12\/comunidade-locomotiva_2025-12-13_20-28-08.webp.webp?fit=1200%2C675&ssl=1&resize=350%2C200","width":350,"height":200,"srcset":"https:\/\/i0.wp.com\/noticiasribeiraopreto.com.br\/wp-content\/uploads\/2025\/12\/comunidade-locomotiva_2025-12-13_20-28-08.webp.webp?fit=1200%2C675&ssl=1&resize=350%2C200 1x, https:\/\/i0.wp.com\/noticiasribeiraopreto.com.br\/wp-content\/uploads\/2025\/12\/comunidade-locomotiva_2025-12-13_20-28-08.webp.webp?fit=1200%2C675&ssl=1&resize=525%2C300 1.5x, https:\/\/i0.wp.com\/noticiasribeiraopreto.com.br\/wp-content\/uploads\/2025\/12\/comunidade-locomotiva_2025-12-13_20-28-08.webp.webp?fit=1200%2C675&ssl=1&resize=700%2C400 2x, https:\/\/i0.wp.com\/noticiasribeiraopreto.com.br\/wp-content\/uploads\/2025\/12\/comunidade-locomotiva_2025-12-13_20-28-08.webp.webp?fit=1200%2C675&ssl=1&resize=1050%2C600 3x"},"classes":[]},{"id":34336,"url":"https:\/\/noticiasribeiraopreto.com.br\/index.php\/2024\/02\/01\/chuva-causa-alagamentos-em-ribeirao-preto-veja-os-pontos\/","url_meta":{"origin":38613,"position":3},"title":"Chuva causa alagamentos em Ribeir\u00e3o Preto; Veja os pontos","author":"noticiasribeiraopreto.com.br","date":"1 de February de 2024","format":false,"excerpt":"As chuvas que ca\u00edram na tarde desta quinta-feira (1\u00ba) em Ribeir\u00e3o Preto provocaram v\u00e1rios pontos de alagamentos em toda cidade. De acordo com a Defesa Civil do munic\u00edpio, at\u00e9 o momento os locais que est\u00e3o alagados s\u00e3o: Rua Am\u00e9rico Batista com a Via Norte Via Norte em frente a Faculdade\u2026","rel":"","context":"In &quot;Not\u00edcias de Ribeir\u00e3o Preto-SP e Regi\u00e3o&quot;","block_context":{"text":"Not\u00edcias de Ribeir\u00e3o Preto-SP e Regi\u00e3o","link":"https:\/\/noticiasribeiraopreto.com.br\/index.php\/category\/noticias-de-ribeirao-preto-sp-e-regiao-ismael-colosi\/"},"img":{"alt_text":"","src":"https:\/\/i0.wp.com\/noticiasribeiraopreto.com.br\/wp-content\/uploads\/2024\/02\/chuva.jpg?fit=762%2C422&ssl=1&resize=350%2C200","width":350,"height":200,"srcset":"https:\/\/i0.wp.com\/noticiasribeiraopreto.com.br\/wp-content\/uploads\/2024\/02\/chuva.jpg?fit=762%2C422&ssl=1&resize=350%2C200 1x, https:\/\/i0.wp.com\/noticiasribeiraopreto.com.br\/wp-content\/uploads\/2024\/02\/chuva.jpg?fit=762%2C422&ssl=1&resize=525%2C300 1.5x, https:\/\/i0.wp.com\/noticiasribeiraopreto.com.br\/wp-content\/uploads\/2024\/02\/chuva.jpg?fit=762%2C422&ssl=1&resize=700%2C400 2x"},"classes":[]},{"id":4981,"url":"https:\/\/noticiasribeiraopreto.com.br\/index.php\/2023\/11\/22\/chuva-chega-a-ribeirao-preto-e-deve-continuar-ao-longo-da-semana\/","url_meta":{"origin":38613,"position":4},"title":"Chuva chega a Ribeir\u00e3o Preto e deve continuar ao longo da semana","author":"noticiasribeiraopreto.com.br","date":"22 de November de 2023","format":false,"excerpt":"Ribeir\u00e3o Preto registra chuva na tarde desta quarta-feira (22), em praticamente todas as regi\u00f5es da cidade. H\u00e1 registro de alagamento na rua S\u00e3o Francisco e na avenida Dom Pedro I, ambos no no bairro Ipiranga, zona Norte. De acordo com a Climatempo, essa chuva \u00e9 resultado entre o ar quente\u2026","rel":"","context":"In &quot;Not\u00edcias de Ribeir\u00e3o Preto-SP e Regi\u00e3o&quot;","block_context":{"text":"Not\u00edcias de Ribeir\u00e3o Preto-SP e Regi\u00e3o","link":"https:\/\/noticiasribeiraopreto.com.br\/index.php\/category\/noticias-de-ribeirao-preto-sp-e-regiao-ismael-colosi\/"},"img":{"alt_text":"","src":"https:\/\/i0.wp.com\/noticiasribeiraopreto.com.br\/wp-content\/uploads\/2023\/11\/chuva-forte.jpg?fit=1200%2C765&ssl=1&resize=350%2C200","width":350,"height":200,"srcset":"https:\/\/i0.wp.com\/noticiasribeiraopreto.com.br\/wp-content\/uploads\/2023\/11\/chuva-forte.jpg?fit=1200%2C765&ssl=1&resize=350%2C200 1x, https:\/\/i0.wp.com\/noticiasribeiraopreto.com.br\/wp-content\/uploads\/2023\/11\/chuva-forte.jpg?fit=1200%2C765&ssl=1&resize=525%2C300 1.5x, https:\/\/i0.wp.com\/noticiasribeiraopreto.com.br\/wp-content\/uploads\/2023\/11\/chuva-forte.jpg?fit=1200%2C765&ssl=1&resize=700%2C400 2x, https:\/\/i0.wp.com\/noticiasribeiraopreto.com.br\/wp-content\/uploads\/2023\/11\/chuva-forte.jpg?fit=1200%2C765&ssl=1&resize=1050%2C600 3x"},"classes":[]},{"id":60145,"url":"https:\/\/noticiasribeiraopreto.com.br\/index.php\/2024\/11\/07\/chuva-causa-alagamentos-na-manha-desta-quinta-em-ribeirao-veja-os-locais\/","url_meta":{"origin":38613,"position":5},"title":"Chuva causa alagamentos na manh\u00e3 desta quinta em Ribeir\u00e3o; Veja os locais","author":"noticiasribeiraopreto.com.br","date":"7 de November de 2024","format":false,"excerpt":"A chuva forte que atinge Ribeir\u00e3o Preto nesta quinta-feira (7) causa alagamentos pela cidade. Veja os pontos: Via Norte ap\u00f3s o viaduto da Capit\u00e3o Salom\u00e3o Comunidade da Locomotiva Avenida Dom Pedro I at\u00e9 rua Esp\u00edrito Santo Liga\u00e7\u00e3o das avenidas Dom Pedro I e Luis Galv\u00e3o C\u00e9sar Avenida Ren\u00ea Oliva Strang\u2026","rel":"","context":"In &quot;Not\u00edcias de Ribeir\u00e3o Preto-SP e Regi\u00e3o&quot;","block_context":{"text":"Not\u00edcias de Ribeir\u00e3o Preto-SP e Regi\u00e3o","link":"https:\/\/noticiasribeiraopreto.com.br\/index.php\/category\/noticias-de-ribeirao-preto-sp-e-regiao-ismael-colosi\/"},"img":{"alt_text":"","src":"https:\/\/i0.wp.com\/noticiasribeiraopreto.com.br\/wp-content\/uploads\/2024\/11\/ALAGAMENTO_2024-11-07_10-57-23_jpg_2024-11-07_10-57-23.webp.webp?fit=1200%2C742&ssl=1&resize=350%2C200","width":350,"height":200,"srcset":"https:\/\/i0.wp.com\/noticiasribeiraopreto.com.br\/wp-content\/uploads\/2024\/11\/ALAGAMENTO_2024-11-07_10-57-23_jpg_2024-11-07_10-57-23.webp.webp?fit=1200%2C742&ssl=1&resize=350%2C200 1x, https:\/\/i0.wp.com\/noticiasribeiraopreto.com.br\/wp-content\/uploads\/2024\/11\/ALAGAMENTO_2024-11-07_10-57-23_jpg_2024-11-07_10-57-23.webp.webp?fit=1200%2C742&ssl=1&resize=525%2C300 1.5x, https:\/\/i0.wp.com\/noticiasribeiraopreto.com.br\/wp-content\/uploads\/2024\/11\/ALAGAMENTO_2024-11-07_10-57-23_jpg_2024-11-07_10-57-23.webp.webp?fit=1200%2C742&ssl=1&resize=700%2C400 2x, https:\/\/i0.wp.com\/noticiasribeiraopreto.com.br\/wp-content\/uploads\/2024\/11\/ALAGAMENTO_2024-11-07_10-57-23_jpg_2024-11-07_10-57-23.webp.webp?fit=1200%2C742&ssl=1&resize=1050%2C600 3x"},"classes":[]}],"jetpack_sharing_enabled":true,"jetpack_shortlink":"https:\/\/wp.me\/peQAOb-a2N","_links":{"self":[{"href":"https:\/\/noticiasribeiraopreto.com.br\/index.php\/wp-json\/wp\/v2\/posts\/38613","targetHints":{"allow":["GET"]}}],"collection":[{"href":"https:\/\/noticiasribeiraopreto.com.br\/index.php\/wp-json\/wp\/v2\/posts"}],"about":[{"href":"https:\/\/noticiasribeiraopreto.com.br\/index.php\/wp-json\/wp\/v2\/types\/post"}],"author":[{"embeddable":true,"href":"https:\/\/noticiasribeiraopreto.com.br\/index.php\/wp-json\/wp\/v2\/users\/1"}],"replies":[{"embeddable":true,"href":"https:\/\/noticiasribeiraopreto.com.br\/index.php\/wp-json\/wp\/v2\/comments?post=38613"}],"version-history":[{"count":0,"href":"https:\/\/noticiasribeiraopreto.com.br\/index.php\/wp-json\/wp\/v2\/posts\/38613\/revisions"}],"wp:featuredmedia":[{"embeddable":true,"href":"https:\/\/noticiasribeiraopreto.com.br\/index.php\/wp-json\/wp\/v2\/media\/38614"}],"wp:attachment":[{"href":"https:\/\/noticiasribeiraopreto.com.br\/index.php\/wp-json\/wp\/v2\/media?parent=38613"}],"wp:term":[{"taxonomy":"category","embeddable":true,"href":"https:\/\/noticiasribeiraopreto.com.br\/index.php\/wp-json\/wp\/v2\/categories?post=38613"},{"taxonomy":"post_tag","embeddable":true,"href":"https:\/\/noticiasribeiraopreto.com.br\/index.php\/wp-json\/wp\/v2\/tags?post=38613"}],"curies":[{"name":"wp","href":"https:\/\/api.w.org\/{rel}","templated":true}]}}