{"id":38615,"date":"2024-02-20T20:04:57","date_gmt":"2024-02-20T23:04:57","guid":{"rendered":"https:\/\/noticiasribeiraopreto.com.br\/index.php\/2024\/02\/20\/policia-recupera-celular-de-engenheiro-assassinado\/"},"modified":"2024-02-20T20:04:57","modified_gmt":"2024-02-20T23:04:57","slug":"policia-recupera-celular-de-engenheiro-assassinado","status":"publish","type":"post","link":"https:\/\/noticiasribeiraopreto.com.br\/index.php\/2024\/02\/20\/policia-recupera-celular-de-engenheiro-assassinado\/","title":{"rendered":"Pol\u00edcia recupera celular de engenheiro assassinado"},"content":{"rendered":"<div class='code-block code-block-1' style='margin: 8px 0 8px auto; text-align: right; display: block; clear: both;'>\n<p><a href=\"https:\/\/wa.link\/vpicfd\"><img data-recalc-dims=\"1\" class=\"wp-image-4922\" style=\"aspect-ratio: 2.0253164556962027; width: 561px; height: auto;\" src=\"https:\/\/i0.wp.com\/ismaelcolosi.com.br\/wp-content\/uploads\/2023\/11\/grupo-de-empregos-whatsapp-e-facebook-ismael-colosi-vagas.jpg?ssl=1\" alt=\"\" \/><\/a><\/p>\n<!-- \/wp:image -->\n<\/div>\n<p> <br \/>\n<\/p>\n<div id=\"\">\n<h2 class=\"penci-post-subtitle\">Telefone havia sido comprado por comerciante em grupo de vendas pela internet<\/h2>\n<p> <span class=\"entry-meta-item penci-posted-on\"><i class=\"fa fa-clock-o\"\/><time class=\"entry-date published\" datetime=\"2024-02-20T16:41:40-03:00\">20 de fevereiro de 2024 | 16:41<\/time><time class=\"updated\" datetime=\"2024-02-20T17:03:52-03:00\">20 de fevereiro de 2024 | 17:03<\/time><\/span><\/p>\n<p> <span class=\"penci-social-buttons penci-social-share-footer\"><a href=\"#\" class=\"penci-post-like penci_post-meta_item  single-like-button penci-social-item like\" data-post_id=\"374333\" title=\"Like\" data-like=\"Like\" data-unlike=\"Unlike\"><i class=\"fa fa-thumbs-o-up\"\/><span class=\"penci-share-number\">2<\/span><\/a><i class=\"fa fa-facebook\"\/><a class=\"penci-social-item twitter\" target=\"_blank\" rel=\"noopener\" title=\"\" href=\"https:\/\/twitter.com\/intent\/tweet?text=Pol\u00edcia%20recupera%20celular%20de%20engenheiro%20assassinado%20-%20https:\/\/www.tribunaribeirao.com.br\/site\/policia-recupera-celular-de-engenheiro-assassinado\/\"><i class=\"fa fa-twitter\"\/><\/a><i class=\"fa fa-whatsapp\"\/><\/span><\/div>\n<div>\n<p>Por: Adalberto Luque<\/p>\n<p>O celular do engenheiro Paulo Roberto Carvalho Pena Braga Filho, roubado ap\u00f3s sua morte em um quarto de loca\u00e7\u00e3o de curtas perman\u00eancias na Vila Am\u00e9lia, foi recuperado pela Pol\u00edcia Civil na sexta-feira (16). O celular estava desaparecido desde a morte de Beto Braga, em 29 de dezembro do ano passado.<\/p>\n<p>Um comerciante de 39 anos entregou o celular para o delegado respons\u00e1vel pelo caso, Targino Donizete Os\u00f3rio. Ele disse ter comprado o aparelho por R$ 1,5 mil ap\u00f3s ver an\u00fancio em grupo de compra, venda e troca de uma rede social.<\/p>\n<p>O comerciante disse ter comprado de um homem chamado Thiago. Ele referiu-se a Thiago Soares de Souza, que j\u00e1 foi interrogado pela Pol\u00edcia Civil no inqu\u00e9rito que apura o latroc\u00ednio de Beto Braga.<\/p>\n<figure id=\"attachment_374340\" aria-describedby=\"caption-attachment-374340\" style=\"width: 967px\" class=\"wp-caption alignnone\"><noscript><img data-recalc-dims=\"1\" loading=\"lazy\" decoding=\"async\" class=\"size-full wp-image-374340\" src=\"https:\/\/i0.wp.com\/www.tribunaribeirao.com.br\/site\/wp-content\/uploads\/2024\/02\/00-07-fev-2024-receptador-celular-beto-01-foto-Alfredo-Risk-1-scaled.jpg?resize=967%2C645&#038;ssl=1\" alt=\"\" width=\"967\" height=\"645\" srcset=\"https:\/\/www.tribunaribeirao.com.br\/site\/wp-content\/uploads\/2024\/02\/00-07-fev-2024-receptador-celular-beto-01-foto-Alfredo-Risk-1-scaled.jpg 967w, https:\/\/www.tribunaribeirao.com.br\/site\/wp-content\/uploads\/2024\/02\/00-07-fev-2024-receptador-celular-beto-01-foto-Alfredo-Risk-1-300x200.jpg 300w, https:\/\/www.tribunaribeirao.com.br\/site\/wp-content\/uploads\/2024\/02\/00-07-fev-2024-receptador-celular-beto-01-foto-Alfredo-Risk-1-1024x683.jpg 1024w, https:\/\/www.tribunaribeirao.com.br\/site\/wp-content\/uploads\/2024\/02\/00-07-fev-2024-receptador-celular-beto-01-foto-Alfredo-Risk-1-768x512.jpg 768w, https:\/\/www.tribunaribeirao.com.br\/site\/wp-content\/uploads\/2024\/02\/00-07-fev-2024-receptador-celular-beto-01-foto-Alfredo-Risk-1-1536x1024.jpg 1536w, https:\/\/www.tribunaribeirao.com.br\/site\/wp-content\/uploads\/2024\/02\/00-07-fev-2024-receptador-celular-beto-01-foto-Alfredo-Risk-1-480x320.jpg 480w, https:\/\/www.tribunaribeirao.com.br\/site\/wp-content\/uploads\/2024\/02\/00-07-fev-2024-receptador-celular-beto-01-foto-Alfredo-Risk-1-280x186.jpg 280w, https:\/\/www.tribunaribeirao.com.br\/site\/wp-content\/uploads\/2024\/02\/00-07-fev-2024-receptador-celular-beto-01-foto-Alfredo-Risk-1-960x640.jpg 960w, https:\/\/www.tribunaribeirao.com.br\/site\/wp-content\/uploads\/2024\/02\/00-07-fev-2024-receptador-celular-beto-01-foto-Alfredo-Risk-1-600x400.jpg 600w, https:\/\/www.tribunaribeirao.com.br\/site\/wp-content\/uploads\/2024\/02\/00-07-fev-2024-receptador-celular-beto-01-foto-Alfredo-Risk-1-585x390.jpg 585w\" sizes=\"auto, (max-width: 967px) 100vw, 967px\"\/><\/noscript><figcaption id=\"caption-attachment-374340\" class=\"wp-caption-text\">Comerciante disse ter comprado o aparelho de um homem chamado Thiago (na foto de vermelho, conversando com o delegado do caso) em grupo de internet (Foto: Alfredo Risk)<\/figcaption><\/figure>\n<p>O aparelho entregue ao delegado estava desmontado e sem a placa, pe\u00e7a que armazena dados que poderiam trazer mais informa\u00e7\u00f5es \u00e0 Pol\u00edcia Civil. Apenas com a carca\u00e7a, n\u00e3o ser\u00e1 poss\u00edvel checar o que havia sido armazenado no aparelho.<\/p>\n<p>Para o delegado, no entanto, o celular \u00e9 a principal prova de que houve latroc\u00ednio. Um dos suspeitos do crime, Marcelo Fernandes da Fonseca, teria admitido o roubo do celular e do t\u00eanis de Beto Braga ao ser preso. Depois, na reconstitui\u00e7\u00e3o do crime, ele voltou atr\u00e1s.<\/p>\n<figure id=\"attachment_374338\" aria-describedby=\"caption-attachment-374338\" style=\"width: 967px\" class=\"wp-caption alignnone\"><img data-recalc-dims=\"1\" loading=\"lazy\" decoding=\"async\" alt=\"\" width=\"967\" height=\"645\" srcset=\"https:\/\/www.tribunaribeirao.com.br\/site\/wp-content\/uploads\/2024\/02\/00-02-fev-2024-reconstituicao-03-foto-max-gallao-mesquita-1-scaled.jpg 967w, https:\/\/www.tribunaribeirao.com.br\/site\/wp-content\/uploads\/2024\/02\/00-02-fev-2024-reconstituicao-03-foto-max-gallao-mesquita-1-300x200.jpg 300w, https:\/\/www.tribunaribeirao.com.br\/site\/wp-content\/uploads\/2024\/02\/00-02-fev-2024-reconstituicao-03-foto-max-gallao-mesquita-1-1024x683.jpg 1024w, https:\/\/www.tribunaribeirao.com.br\/site\/wp-content\/uploads\/2024\/02\/00-02-fev-2024-reconstituicao-03-foto-max-gallao-mesquita-1-768x512.jpg 768w, https:\/\/www.tribunaribeirao.com.br\/site\/wp-content\/uploads\/2024\/02\/00-02-fev-2024-reconstituicao-03-foto-max-gallao-mesquita-1-1536x1024.jpg 1536w, https:\/\/www.tribunaribeirao.com.br\/site\/wp-content\/uploads\/2024\/02\/00-02-fev-2024-reconstituicao-03-foto-max-gallao-mesquita-1-480x320.jpg 480w, https:\/\/www.tribunaribeirao.com.br\/site\/wp-content\/uploads\/2024\/02\/00-02-fev-2024-reconstituicao-03-foto-max-gallao-mesquita-1-280x186.jpg 280w, https:\/\/www.tribunaribeirao.com.br\/site\/wp-content\/uploads\/2024\/02\/00-02-fev-2024-reconstituicao-03-foto-max-gallao-mesquita-1-960x640.jpg 960w, https:\/\/www.tribunaribeirao.com.br\/site\/wp-content\/uploads\/2024\/02\/00-02-fev-2024-reconstituicao-03-foto-max-gallao-mesquita-1-600x400.jpg 600w, https:\/\/www.tribunaribeirao.com.br\/site\/wp-content\/uploads\/2024\/02\/00-02-fev-2024-reconstituicao-03-foto-max-gallao-mesquita-1-585x390.jpg 585w\" src=\"https:\/\/i0.wp.com\/www.tribunaribeirao.com.br\/site\/wp-content\/uploads\/2024\/02\/00-02-fev-2024-reconstituicao-03-foto-max-gallao-mesquita-1-scaled.jpg?resize=967%2C645&#038;ssl=1\" data-sizes=\"(max-width: 967px) 100vw, 967px\" class=\"size-full wp-image-374338 lazyload\"\/><noscript><img data-recalc-dims=\"1\" loading=\"lazy\" decoding=\"async\" class=\"size-full wp-image-374338\" src=\"https:\/\/i0.wp.com\/www.tribunaribeirao.com.br\/site\/wp-content\/uploads\/2024\/02\/00-02-fev-2024-reconstituicao-03-foto-max-gallao-mesquita-1-scaled.jpg?resize=967%2C645&#038;ssl=1\" alt=\"\" width=\"967\" height=\"645\" srcset=\"https:\/\/www.tribunaribeirao.com.br\/site\/wp-content\/uploads\/2024\/02\/00-02-fev-2024-reconstituicao-03-foto-max-gallao-mesquita-1-scaled.jpg 967w, https:\/\/www.tribunaribeirao.com.br\/site\/wp-content\/uploads\/2024\/02\/00-02-fev-2024-reconstituicao-03-foto-max-gallao-mesquita-1-300x200.jpg 300w, https:\/\/www.tribunaribeirao.com.br\/site\/wp-content\/uploads\/2024\/02\/00-02-fev-2024-reconstituicao-03-foto-max-gallao-mesquita-1-1024x683.jpg 1024w, https:\/\/www.tribunaribeirao.com.br\/site\/wp-content\/uploads\/2024\/02\/00-02-fev-2024-reconstituicao-03-foto-max-gallao-mesquita-1-768x512.jpg 768w, https:\/\/www.tribunaribeirao.com.br\/site\/wp-content\/uploads\/2024\/02\/00-02-fev-2024-reconstituicao-03-foto-max-gallao-mesquita-1-1536x1024.jpg 1536w, https:\/\/www.tribunaribeirao.com.br\/site\/wp-content\/uploads\/2024\/02\/00-02-fev-2024-reconstituicao-03-foto-max-gallao-mesquita-1-480x320.jpg 480w, https:\/\/www.tribunaribeirao.com.br\/site\/wp-content\/uploads\/2024\/02\/00-02-fev-2024-reconstituicao-03-foto-max-gallao-mesquita-1-280x186.jpg 280w, https:\/\/www.tribunaribeirao.com.br\/site\/wp-content\/uploads\/2024\/02\/00-02-fev-2024-reconstituicao-03-foto-max-gallao-mesquita-1-960x640.jpg 960w, https:\/\/www.tribunaribeirao.com.br\/site\/wp-content\/uploads\/2024\/02\/00-02-fev-2024-reconstituicao-03-foto-max-gallao-mesquita-1-600x400.jpg 600w, https:\/\/www.tribunaribeirao.com.br\/site\/wp-content\/uploads\/2024\/02\/00-02-fev-2024-reconstituicao-03-foto-max-gallao-mesquita-1-585x390.jpg 585w\" sizes=\"auto, (max-width: 967px) 100vw, 967px\"\/><\/noscript><figcaption id=\"caption-attachment-374338\" class=\"wp-caption-text\">Em reconstitui\u00e7\u00e3o, Gabriel e Marcelo teriam assumido a autoria do golpe fatal que matou executivo (Foto: Max Gall\u00e3o Mesquita)<\/figcaption><\/figure>\n<p>Mas a dupla presa deve ser indiciada. \u201cTenho tempo ainda para encerrar o Inqu\u00e9rito Policial do engenheiro at\u00e9 o dia 12 de mar\u00e7o. [Os dois presos] ser\u00e3o, obviamente, indiciados\u201d, adiantou o delegado.<\/p>\n<p><span style=\"color: #008080\"><em><strong>Entenda o caso<\/strong><\/em><\/span><\/p>\n<p>Beto Braga veio passar as festas de final de ano com a fam\u00edlia, que mora em Ribeir\u00e3o Preto. Morava em San Diego, Calif\u00f3rnia, EUA, onde era executivo de uma multinacional. Chegou ao Brasil em 19 de dezembro e, no dia 28, disse que iria sair com amigos. Seu corpo foi encontrado em 30 de dezembro no quarto de um im\u00f3vel de loca\u00e7\u00e3o para curtos per\u00edodos, na esquina da Rua Eduardo Prado com Avenida do Caf\u00e9, Vila Am\u00e9lia, zona Oeste da cidade.<\/p>\n<p>No apartamento onde o corpo estava, havia pinos, supostamente de coca\u00edna, cartela de medicamento para est\u00edmulo sexual, latas de cerveja e um tubo com gel lubrificante. O laudo confirmou que a morte ocorreu por asfixia mec\u00e2nica, ou seja, estrangulamento. O celular e um par de t\u00eanis da v\u00edtima sumiram.<\/p>\n<p>Durante as investiga\u00e7\u00f5es e com uso de intelig\u00eancia policial, os agentes conseguiram identificar Gabriel Souza Brito, um dos homens que teria participado do encontro com o executivo. Ele estava em Nova Igua\u00e7u, regi\u00e3o da Baixada Fluminense, Rio de Janeiro. Foi preso e trazido para Ribeir\u00e3o Preto.<\/p>\n<figure id=\"attachment_374339\" aria-describedby=\"caption-attachment-374339\" style=\"width: 967px\" class=\"wp-caption alignnone\"><img data-recalc-dims=\"1\" loading=\"lazy\" decoding=\"async\" alt=\"\" width=\"967\" height=\"645\" srcset=\"https:\/\/www.tribunaribeirao.com.br\/site\/wp-content\/uploads\/2024\/02\/00-24-jan-2024-depoimento-braga-delegado-targino-foto-Alfredo-Risk-scaled.jpg 967w, https:\/\/www.tribunaribeirao.com.br\/site\/wp-content\/uploads\/2024\/02\/00-24-jan-2024-depoimento-braga-delegado-targino-foto-Alfredo-Risk-300x200.jpg 300w, https:\/\/www.tribunaribeirao.com.br\/site\/wp-content\/uploads\/2024\/02\/00-24-jan-2024-depoimento-braga-delegado-targino-foto-Alfredo-Risk-1024x683.jpg 1024w, https:\/\/www.tribunaribeirao.com.br\/site\/wp-content\/uploads\/2024\/02\/00-24-jan-2024-depoimento-braga-delegado-targino-foto-Alfredo-Risk-768x512.jpg 768w, https:\/\/www.tribunaribeirao.com.br\/site\/wp-content\/uploads\/2024\/02\/00-24-jan-2024-depoimento-braga-delegado-targino-foto-Alfredo-Risk-1536x1024.jpg 1536w, https:\/\/www.tribunaribeirao.com.br\/site\/wp-content\/uploads\/2024\/02\/00-24-jan-2024-depoimento-braga-delegado-targino-foto-Alfredo-Risk-480x320.jpg 480w, https:\/\/www.tribunaribeirao.com.br\/site\/wp-content\/uploads\/2024\/02\/00-24-jan-2024-depoimento-braga-delegado-targino-foto-Alfredo-Risk-280x186.jpg 280w, https:\/\/www.tribunaribeirao.com.br\/site\/wp-content\/uploads\/2024\/02\/00-24-jan-2024-depoimento-braga-delegado-targino-foto-Alfredo-Risk-960x640.jpg 960w, https:\/\/www.tribunaribeirao.com.br\/site\/wp-content\/uploads\/2024\/02\/00-24-jan-2024-depoimento-braga-delegado-targino-foto-Alfredo-Risk-600x400.jpg 600w, https:\/\/www.tribunaribeirao.com.br\/site\/wp-content\/uploads\/2024\/02\/00-24-jan-2024-depoimento-braga-delegado-targino-foto-Alfredo-Risk-585x390.jpg 585w\" src=\"https:\/\/i0.wp.com\/www.tribunaribeirao.com.br\/site\/wp-content\/uploads\/2024\/02\/00-24-jan-2024-depoimento-braga-delegado-targino-foto-Alfredo-Risk-scaled.jpg?resize=967%2C645&#038;ssl=1\" data-sizes=\"(max-width: 967px) 100vw, 967px\" class=\"size-full wp-image-374339 lazyload\"\/><noscript><img data-recalc-dims=\"1\" loading=\"lazy\" decoding=\"async\" class=\"size-full wp-image-374339\" src=\"https:\/\/i0.wp.com\/www.tribunaribeirao.com.br\/site\/wp-content\/uploads\/2024\/02\/00-24-jan-2024-depoimento-braga-delegado-targino-foto-Alfredo-Risk-scaled.jpg?resize=967%2C645&#038;ssl=1\" alt=\"\" width=\"967\" height=\"645\" srcset=\"https:\/\/www.tribunaribeirao.com.br\/site\/wp-content\/uploads\/2024\/02\/00-24-jan-2024-depoimento-braga-delegado-targino-foto-Alfredo-Risk-scaled.jpg 967w, https:\/\/www.tribunaribeirao.com.br\/site\/wp-content\/uploads\/2024\/02\/00-24-jan-2024-depoimento-braga-delegado-targino-foto-Alfredo-Risk-300x200.jpg 300w, https:\/\/www.tribunaribeirao.com.br\/site\/wp-content\/uploads\/2024\/02\/00-24-jan-2024-depoimento-braga-delegado-targino-foto-Alfredo-Risk-1024x683.jpg 1024w, https:\/\/www.tribunaribeirao.com.br\/site\/wp-content\/uploads\/2024\/02\/00-24-jan-2024-depoimento-braga-delegado-targino-foto-Alfredo-Risk-768x512.jpg 768w, https:\/\/www.tribunaribeirao.com.br\/site\/wp-content\/uploads\/2024\/02\/00-24-jan-2024-depoimento-braga-delegado-targino-foto-Alfredo-Risk-1536x1024.jpg 1536w, https:\/\/www.tribunaribeirao.com.br\/site\/wp-content\/uploads\/2024\/02\/00-24-jan-2024-depoimento-braga-delegado-targino-foto-Alfredo-Risk-480x320.jpg 480w, https:\/\/www.tribunaribeirao.com.br\/site\/wp-content\/uploads\/2024\/02\/00-24-jan-2024-depoimento-braga-delegado-targino-foto-Alfredo-Risk-280x186.jpg 280w, https:\/\/www.tribunaribeirao.com.br\/site\/wp-content\/uploads\/2024\/02\/00-24-jan-2024-depoimento-braga-delegado-targino-foto-Alfredo-Risk-960x640.jpg 960w, https:\/\/www.tribunaribeirao.com.br\/site\/wp-content\/uploads\/2024\/02\/00-24-jan-2024-depoimento-braga-delegado-targino-foto-Alfredo-Risk-600x400.jpg 600w, https:\/\/www.tribunaribeirao.com.br\/site\/wp-content\/uploads\/2024\/02\/00-24-jan-2024-depoimento-braga-delegado-targino-foto-Alfredo-Risk-585x390.jpg 585w\" sizes=\"auto, (max-width: 967px) 100vw, 967px\"\/><\/noscript><figcaption id=\"caption-attachment-374339\" class=\"wp-caption-text\">Delegado Targino Donizete Os\u00f3rio vai indicar dupla por latroc\u00ednio (Foto: Alfredo Risk)<\/figcaption><\/figure>\n<p>Ap\u00f3s depoimento, Brito revelou o apelido de outra pessoa que teria participado do crime. As investiga\u00e7\u00f5es evolu\u00edram e Marcelo Fernandes da Fonseca foi preso em Diadema, Grande SP. Ele foi trazido para Ribeir\u00e3o Preto e interrogado.<\/p>\n<p>Durante o depoimento de Fonseca, surgiu uma terceira pessoa, de nome Thiago, que teria ficado com o celular. Na reconstitui\u00e7\u00e3o do crime, ambos disseram ter dado o golpe que matou Beto Braga.<\/p>\n<p>Com a localiza\u00e7\u00e3o do celular, mesmo sem a placa, para o delegado j\u00e1 foi configurado o latroc\u00ednio. O inqu\u00e9rito deve ser conclu\u00eddo at\u00e9 12 de mar\u00e7o, e Os\u00f3rio deve indiciar Marcelo e Gabriel por latroc\u00ednio de Beto Braga. Thiago ser\u00e1 indiciado por recepta\u00e7\u00e3o. O comerciante que comprou o celular tamb\u00e9m deve responder por recepta\u00e7\u00e3o.<\/p>\n<\/div>\n<p><script async src=\"\/\/platform.twitter.com\/widgets.js\" charset=\"utf-8\"><\/script><br \/>\n<br \/><br \/>\n<br \/><a href=\"https:\/\/www.tribunaribeirao.com.br\/site\/policia-recupera-celular-de-engenheiro-assassinado\/\">Source link <\/a><\/p>\n<!-- CONTENT END 1 -->\n","protected":false},"excerpt":{"rendered":"<p>Telefone havia sido comprado por comerciante em grupo de vendas pela internet 20 de fevereiro de 2024 | 16:4120 de fevereiro de 2024 | 17:03&#8230;<\/p>\n","protected":false},"author":1,"featured_media":38616,"comment_status":"open","ping_status":"open","sticky":false,"template":"","format":"standard","meta":{"advanced_seo_description":"","jetpack_seo_html_title":"","jetpack_seo_noindex":false,"jetpack_post_was_ever_published":false,"_jetpack_newsletter_access":"","_jetpack_dont_email_post_to_subs":false,"_jetpack_newsletter_tier_id":0,"_jetpack_memberships_contains_paywalled_content":false,"_jetpack_memberships_contains_paid_content":false,"footnotes":"","jetpack_publicize_message":"","jetpack_publicize_feature_enabled":true,"jetpack_social_post_already_shared":true,"jetpack_social_options":{"image_generator_settings":{"template":"highway","default_image_id":0,"font":"","enabled":false},"version":2}},"categories":[11],"tags":[4389,2467,2946,20,2560],"class_list":["post-38615","post","type-post","status-publish","format-standard","has-post-thumbnail","hentry","category-noticias-de-ribeirao-preto-sp-e-regiao-ismael-colosi","tag-assassinado","tag-celular","tag-engenheiro","tag-policia","tag-recupera"],"jetpack_publicize_connections":[],"jetpack_featured_media_url":"https:\/\/i0.wp.com\/noticiasribeiraopreto.com.br\/wp-content\/uploads\/2024\/02\/00-20-fev-2024-CPJ-luque-foto-alfredo-risk-scaled.jpg?fit=968%2C645&ssl=1","jetpack-related-posts":[{"id":39405,"url":"https:\/\/noticiasribeiraopreto.com.br\/index.php\/2024\/02\/26\/policia-rodoviaria-recupera-tratores-furtados-na-regiao\/","url_meta":{"origin":38615,"position":0},"title":"Pol\u00edcia rodovi\u00e1ria recupera tratores furtados na regi\u00e3o","author":"noticiasribeiraopreto.com.br","date":"26 de February de 2024","format":false,"excerpt":"Ve\u00edculos eram transportados em caminh\u00e3o pela Rodovia Anhanguera; motorista n\u00e3o soube informar onde embarcou e para onde levaria os tratores 26 de fevereiro de 2024 | 8:04 0Por: Adalberto LuqueA Pol\u00edcia Militar Rodovi\u00e1ria (PMRv) recuperou, na manh\u00e3 deste s\u00e1bado (24), dois tratores que haviam sido furtados no in\u00edcio do m\u00eas.\u2026","rel":"","context":"In &quot;Not\u00edcias de Ribeir\u00e3o Preto-SP e Regi\u00e3o&quot;","block_context":{"text":"Not\u00edcias de Ribeir\u00e3o Preto-SP e Regi\u00e3o","link":"https:\/\/noticiasribeiraopreto.com.br\/index.php\/category\/noticias-de-ribeirao-preto-sp-e-regiao-ismael-colosi\/"},"img":{"alt_text":"","src":"https:\/\/i0.wp.com\/noticiasribeiraopreto.com.br\/wp-content\/uploads\/2024\/02\/00-26-fev-2024-tratores-furtados-foto-pmrv-scaled.jpg?fit=860%2C645&ssl=1&resize=350%2C200","width":350,"height":200,"srcset":"https:\/\/i0.wp.com\/noticiasribeiraopreto.com.br\/wp-content\/uploads\/2024\/02\/00-26-fev-2024-tratores-furtados-foto-pmrv-scaled.jpg?fit=860%2C645&ssl=1&resize=350%2C200 1x, https:\/\/i0.wp.com\/noticiasribeiraopreto.com.br\/wp-content\/uploads\/2024\/02\/00-26-fev-2024-tratores-furtados-foto-pmrv-scaled.jpg?fit=860%2C645&ssl=1&resize=525%2C300 1.5x, https:\/\/i0.wp.com\/noticiasribeiraopreto.com.br\/wp-content\/uploads\/2024\/02\/00-26-fev-2024-tratores-furtados-foto-pmrv-scaled.jpg?fit=860%2C645&ssl=1&resize=700%2C400 2x"},"classes":[]},{"id":25147,"url":"https:\/\/noticiasribeiraopreto.com.br\/index.php\/2024\/01\/06\/policia-recupera-carga-de-paineis-de-isolamento-termico-na-regiao\/","url_meta":{"origin":38615,"position":1},"title":"Pol\u00edcia recupera carga de pain\u00e9is de isolamento t\u00e9rmico na regi\u00e3o","author":"noticiasribeiraopreto.com.br","date":"6 de January de 2024","format":false,"excerpt":"Produto havia sido desviado de empresa de Suzano, na Grande S\u00e3o Paulo 5 de janeiro de 2024 | 15:50 2Por: Adalberto LuqueA Delegacia de Pol\u00edcia de Jardin\u00f3polis recuperou, nesta quinta-feira (04), uma carga de pain\u00e9is de isolamento de c\u00e2mara frigor\u00edfica. O material havia sido desviado de uma empresa localizada na\u2026","rel":"","context":"In &quot;Not\u00edcias de Ribeir\u00e3o Preto-SP e Regi\u00e3o&quot;","block_context":{"text":"Not\u00edcias de Ribeir\u00e3o Preto-SP e Regi\u00e3o","link":"https:\/\/noticiasribeiraopreto.com.br\/index.php\/category\/noticias-de-ribeirao-preto-sp-e-regiao-ismael-colosi\/"},"img":{"alt_text":"","src":"https:\/\/i0.wp.com\/noticiasribeiraopreto.com.br\/wp-content\/uploads\/2024\/01\/00-05-jan-2024-carga-furtada-01-foto-policia-civil.jpg?fit=763%2C430&ssl=1&resize=350%2C200","width":350,"height":200,"srcset":"https:\/\/i0.wp.com\/noticiasribeiraopreto.com.br\/wp-content\/uploads\/2024\/01\/00-05-jan-2024-carga-furtada-01-foto-policia-civil.jpg?fit=763%2C430&ssl=1&resize=350%2C200 1x, https:\/\/i0.wp.com\/noticiasribeiraopreto.com.br\/wp-content\/uploads\/2024\/01\/00-05-jan-2024-carga-furtada-01-foto-policia-civil.jpg?fit=763%2C430&ssl=1&resize=525%2C300 1.5x, https:\/\/i0.wp.com\/noticiasribeiraopreto.com.br\/wp-content\/uploads\/2024\/01\/00-05-jan-2024-carga-furtada-01-foto-policia-civil.jpg?fit=763%2C430&ssl=1&resize=700%2C400 2x"},"classes":[]},{"id":37561,"url":"https:\/\/noticiasribeiraopreto.com.br\/index.php\/2024\/02\/16\/policia-apreende-celular-de-engenheiro-morto-em-ribeirao-preto\/","url_meta":{"origin":38615,"position":2},"title":"Pol\u00edcia apreende celular de engenheiro morto em Ribeir\u00e3o Preto","author":"noticiasribeiraopreto.com.br","date":"16 de February de 2024","format":false,"excerpt":"A Pol\u00edcia Civil de Ribeir\u00e3o Preto apreendeu na tarde desta sexta-feira (16), o aparelho celular do engenheiro Paulo Roberto Carvalho Pena Braga Filho, morto em dezembro do ano passado. Segundo o delegado Targino Os\u00f3rio, o aparelho foi entregue por um comerciante de 39 anos que disse ter comprado o celular\u2026","rel":"","context":"In &quot;Not\u00edcias de Ribeir\u00e3o Preto-SP e Regi\u00e3o&quot;","block_context":{"text":"Not\u00edcias de Ribeir\u00e3o Preto-SP e Regi\u00e3o","link":"https:\/\/noticiasribeiraopreto.com.br\/index.php\/category\/noticias-de-ribeirao-preto-sp-e-regiao-ismael-colosi\/"},"img":{"alt_text":"","src":"https:\/\/i0.wp.com\/noticiasribeiraopreto.com.br\/wp-content\/uploads\/2024\/02\/Copia-de-Copia-de-TAMANHO-EXATO-PARA-FOTOS-NO-SISTEMA-NOVO-1.png?fit=1200%2C675&ssl=1&resize=350%2C200","width":350,"height":200,"srcset":"https:\/\/i0.wp.com\/noticiasribeiraopreto.com.br\/wp-content\/uploads\/2024\/02\/Copia-de-Copia-de-TAMANHO-EXATO-PARA-FOTOS-NO-SISTEMA-NOVO-1.png?fit=1200%2C675&ssl=1&resize=350%2C200 1x, https:\/\/i0.wp.com\/noticiasribeiraopreto.com.br\/wp-content\/uploads\/2024\/02\/Copia-de-Copia-de-TAMANHO-EXATO-PARA-FOTOS-NO-SISTEMA-NOVO-1.png?fit=1200%2C675&ssl=1&resize=525%2C300 1.5x, https:\/\/i0.wp.com\/noticiasribeiraopreto.com.br\/wp-content\/uploads\/2024\/02\/Copia-de-Copia-de-TAMANHO-EXATO-PARA-FOTOS-NO-SISTEMA-NOVO-1.png?fit=1200%2C675&ssl=1&resize=700%2C400 2x, https:\/\/i0.wp.com\/noticiasribeiraopreto.com.br\/wp-content\/uploads\/2024\/02\/Copia-de-Copia-de-TAMANHO-EXATO-PARA-FOTOS-NO-SISTEMA-NOVO-1.png?fit=1200%2C675&ssl=1&resize=1050%2C600 3x"},"classes":[]},{"id":35811,"url":"https:\/\/noticiasribeiraopreto.com.br\/index.php\/2024\/02\/07\/celular-de-engenheiro-morto-em-ribeirao-preto-foi-vendido-entenda\/","url_meta":{"origin":38615,"position":3},"title":"Celular de engenheiro morto em Ribeir\u00e3o Preto foi vendido; Entenda","author":"noticiasribeiraopreto.com.br","date":"7 de February de 2024","format":false,"excerpt":"O celular do engenheiro Paulo Roberto Carvalho Pena Braga Filho, morto em Ribeir\u00e3o Preto no final de 2023, foi vendido, de acordo com o delegado Targino Os\u00f3rio, respons\u00e1vel pela investiga\u00e7\u00e3o. Nesta quarta-feira (7), o delegado ouviu o homem que teria recebido o aparelho de Marcelo Fernandes da Fonseca, um dos\u2026","rel":"","context":"In &quot;Not\u00edcias de Ribeir\u00e3o Preto-SP e Regi\u00e3o&quot;","block_context":{"text":"Not\u00edcias de Ribeir\u00e3o Preto-SP e Regi\u00e3o","link":"https:\/\/noticiasribeiraopreto.com.br\/index.php\/category\/noticias-de-ribeirao-preto-sp-e-regiao-ismael-colosi\/"},"img":{"alt_text":"","src":"https:\/\/i0.wp.com\/noticiasribeiraopreto.com.br\/wp-content\/uploads\/2024\/02\/PAULO-ROBERTO.jpg?fit=1200%2C747&ssl=1&resize=350%2C200","width":350,"height":200,"srcset":"https:\/\/i0.wp.com\/noticiasribeiraopreto.com.br\/wp-content\/uploads\/2024\/02\/PAULO-ROBERTO.jpg?fit=1200%2C747&ssl=1&resize=350%2C200 1x, https:\/\/i0.wp.com\/noticiasribeiraopreto.com.br\/wp-content\/uploads\/2024\/02\/PAULO-ROBERTO.jpg?fit=1200%2C747&ssl=1&resize=525%2C300 1.5x, https:\/\/i0.wp.com\/noticiasribeiraopreto.com.br\/wp-content\/uploads\/2024\/02\/PAULO-ROBERTO.jpg?fit=1200%2C747&ssl=1&resize=700%2C400 2x, https:\/\/i0.wp.com\/noticiasribeiraopreto.com.br\/wp-content\/uploads\/2024\/02\/PAULO-ROBERTO.jpg?fit=1200%2C747&ssl=1&resize=1050%2C600 3x"},"classes":[]},{"id":33002,"url":"https:\/\/noticiasribeiraopreto.com.br\/index.php\/2024\/01\/27\/policia-reconstitui-morte-de-engenheiro-da-regiao-de-ribeirao-que-comprou-carro-furtado-sem-saber\/","url_meta":{"origin":38615,"position":4},"title":"Pol\u00edcia reconstitui morte de engenheiro da regi\u00e3o de Ribeir\u00e3o que comprou carro furtado sem saber","author":"noticiasribeiraopreto.com.br","date":"27 de January de 2024","format":false,"excerpt":"A Pol\u00edcia Civil realizou nesta sexta-feira (26), a reconstitui\u00e7\u00e3o da morte do engenheiro C\u00e9sar Henrique Rinhel, de 50 anos, assassinado em dezembro de 2023, em uma oficina da zona Norte de Ribeir\u00e3o Preto. A v\u00edtima, que morava em Batatais, morreu ap\u00f3s ser baleada e foi enterrada em um canavial na\u2026","rel":"","context":"In &quot;Not\u00edcias de Ribeir\u00e3o Preto-SP e Regi\u00e3o&quot;","block_context":{"text":"Not\u00edcias de Ribeir\u00e3o Preto-SP e Regi\u00e3o","link":"https:\/\/noticiasribeiraopreto.com.br\/index.php\/category\/noticias-de-ribeirao-preto-sp-e-regiao-ismael-colosi\/"},"img":{"alt_text":"","src":"https:\/\/i0.wp.com\/noticiasribeiraopreto.com.br\/wp-content\/uploads\/2024\/01\/rECONSTITUICAO.png?fit=1117%2C603&ssl=1&resize=350%2C200","width":350,"height":200,"srcset":"https:\/\/i0.wp.com\/noticiasribeiraopreto.com.br\/wp-content\/uploads\/2024\/01\/rECONSTITUICAO.png?fit=1117%2C603&ssl=1&resize=350%2C200 1x, https:\/\/i0.wp.com\/noticiasribeiraopreto.com.br\/wp-content\/uploads\/2024\/01\/rECONSTITUICAO.png?fit=1117%2C603&ssl=1&resize=525%2C300 1.5x, https:\/\/i0.wp.com\/noticiasribeiraopreto.com.br\/wp-content\/uploads\/2024\/01\/rECONSTITUICAO.png?fit=1117%2C603&ssl=1&resize=700%2C400 2x, https:\/\/i0.wp.com\/noticiasribeiraopreto.com.br\/wp-content\/uploads\/2024\/01\/rECONSTITUICAO.png?fit=1117%2C603&ssl=1&resize=1050%2C600 3x"},"classes":[]},{"id":32922,"url":"https:\/\/noticiasribeiraopreto.com.br\/index.php\/2024\/01\/26\/policia-reconstitui-homicidio-de-engenheiro-de-batatais\/","url_meta":{"origin":38615,"position":5},"title":"Pol\u00edcia reconstitui homic\u00eddio de engenheiro de Batatais","author":"noticiasribeiraopreto.com.br","date":"26 de January de 2024","format":false,"excerpt":"V\u00edtima teria sido morta ao tirar satisfa\u00e7\u00e3o com homem que teria vendido caminhonete furtada, resultando na pris\u00e3o do engenheiro por recepta\u00e7\u00e3o 26 de janeiro de 2024 | 16:08 3Por: Adalberto LuqueA Pol\u00edcia Civil realizou, nesta sexta-feira (26), a reconstitui\u00e7\u00e3o da morte do engenheiro C\u00e9sar Henrique Rinhel, de 50 anos. A\u2026","rel":"","context":"In &quot;Not\u00edcias de Ribeir\u00e3o Preto-SP e Regi\u00e3o&quot;","block_context":{"text":"Not\u00edcias de Ribeir\u00e3o Preto-SP e Regi\u00e3o","link":"https:\/\/noticiasribeiraopreto.com.br\/index.php\/category\/noticias-de-ribeirao-preto-sp-e-regiao-ismael-colosi\/"},"img":{"alt_text":"","src":"https:\/\/i0.wp.com\/noticiasribeiraopreto.com.br\/wp-content\/uploads\/2024\/01\/00-26-jan-2024-reconstituicao-engenheiro-00-foto-alfredo-risk-scaled.jpg?fit=967%2C645&ssl=1&resize=350%2C200","width":350,"height":200,"srcset":"https:\/\/i0.wp.com\/noticiasribeiraopreto.com.br\/wp-content\/uploads\/2024\/01\/00-26-jan-2024-reconstituicao-engenheiro-00-foto-alfredo-risk-scaled.jpg?fit=967%2C645&ssl=1&resize=350%2C200 1x, https:\/\/i0.wp.com\/noticiasribeiraopreto.com.br\/wp-content\/uploads\/2024\/01\/00-26-jan-2024-reconstituicao-engenheiro-00-foto-alfredo-risk-scaled.jpg?fit=967%2C645&ssl=1&resize=525%2C300 1.5x, https:\/\/i0.wp.com\/noticiasribeiraopreto.com.br\/wp-content\/uploads\/2024\/01\/00-26-jan-2024-reconstituicao-engenheiro-00-foto-alfredo-risk-scaled.jpg?fit=967%2C645&ssl=1&resize=700%2C400 2x"},"classes":[]}],"jetpack_sharing_enabled":true,"jetpack_shortlink":"https:\/\/wp.me\/peQAOb-a2P","_links":{"self":[{"href":"https:\/\/noticiasribeiraopreto.com.br\/index.php\/wp-json\/wp\/v2\/posts\/38615","targetHints":{"allow":["GET"]}}],"collection":[{"href":"https:\/\/noticiasribeiraopreto.com.br\/index.php\/wp-json\/wp\/v2\/posts"}],"about":[{"href":"https:\/\/noticiasribeiraopreto.com.br\/index.php\/wp-json\/wp\/v2\/types\/post"}],"author":[{"embeddable":true,"href":"https:\/\/noticiasribeiraopreto.com.br\/index.php\/wp-json\/wp\/v2\/users\/1"}],"replies":[{"embeddable":true,"href":"https:\/\/noticiasribeiraopreto.com.br\/index.php\/wp-json\/wp\/v2\/comments?post=38615"}],"version-history":[{"count":0,"href":"https:\/\/noticiasribeiraopreto.com.br\/index.php\/wp-json\/wp\/v2\/posts\/38615\/revisions"}],"wp:featuredmedia":[{"embeddable":true,"href":"https:\/\/noticiasribeiraopreto.com.br\/index.php\/wp-json\/wp\/v2\/media\/38616"}],"wp:attachment":[{"href":"https:\/\/noticiasribeiraopreto.com.br\/index.php\/wp-json\/wp\/v2\/media?parent=38615"}],"wp:term":[{"taxonomy":"category","embeddable":true,"href":"https:\/\/noticiasribeiraopreto.com.br\/index.php\/wp-json\/wp\/v2\/categories?post=38615"},{"taxonomy":"post_tag","embeddable":true,"href":"https:\/\/noticiasribeiraopreto.com.br\/index.php\/wp-json\/wp\/v2\/tags?post=38615"}],"curies":[{"name":"wp","href":"https:\/\/api.w.org\/{rel}","templated":true}]}}