{"id":38683,"date":"2024-02-21T08:12:18","date_gmt":"2024-02-21T11:12:18","guid":{"rendered":"https:\/\/noticiasribeiraopreto.com.br\/index.php\/2024\/02\/21\/os-tres-eixos-da-nossa-campanha-salarial-em-2024\/"},"modified":"2024-02-21T08:12:18","modified_gmt":"2024-02-21T11:12:18","slug":"os-tres-eixos-da-nossa-campanha-salarial-em-2024","status":"publish","type":"post","link":"https:\/\/noticiasribeiraopreto.com.br\/index.php\/2024\/02\/21\/os-tres-eixos-da-nossa-campanha-salarial-em-2024\/","title":{"rendered":"Os tr\u00eas eixos da nossa campanha salarial em 2024"},"content":{"rendered":"<div class='code-block code-block-1' style='margin: 8px 0 8px auto; text-align: right; display: block; clear: both;'>\n<p><a href=\"https:\/\/wa.link\/vpicfd\"><img data-recalc-dims=\"1\" class=\"wp-image-4922\" style=\"aspect-ratio: 2.0253164556962027; width: 561px; height: auto;\" src=\"https:\/\/i0.wp.com\/ismaelcolosi.com.br\/wp-content\/uploads\/2023\/11\/grupo-de-empregos-whatsapp-e-facebook-ismael-colosi-vagas.jpg?ssl=1\" alt=\"\" \/><\/a><\/p>\n<!-- \/wp:image -->\n<\/div>\n<p> <br \/>\n<\/p>\n<div id=\"post-374366\">\n<header class=\"entry-header penci-entry-header penci-title-center\">\n<p> <span class=\"entry-meta-item penci-posted-on\"><i class=\"fa fa-clock-o\"\/><time class=\"entry-date published\" datetime=\"2024-02-21T08:10:20-03:00\">21 de fevereiro de 2024 | 8:10<\/time><time class=\"updated\" datetime=\"2024-02-20T18:40:44-03:00\">20 de fevereiro de 2024 | 18:40<\/time><\/span><\/p>\n<p> <span class=\"penci-social-buttons penci-social-share-footer\"><a href=\"#\" class=\"penci-post-like penci_post-meta_item  single-like-button penci-social-item like\" data-post_id=\"374366\" title=\"Like\" data-like=\"Like\" data-unlike=\"Unlike\"><i class=\"fa fa-thumbs-o-up\"\/><span class=\"penci-share-number\">0<\/span><\/a><i class=\"fa fa-facebook\"\/><a class=\"penci-social-item twitter\" target=\"_blank\" rel=\"noopener\" title=\"\" href=\"https:\/\/twitter.com\/intent\/tweet?text=Os%20tr\u00eas%20eixos%20da%20nossa%20campanha%20salarial%20em%202024%20-%20https:\/\/www.tribunaribeirao.com.br\/site\/os-tres-eixos-da-nossa-campanha-salarial-em-2024\/\"><i class=\"fa fa-twitter\"\/><\/a><i class=\"fa fa-whatsapp\"\/><\/span><\/header>\n<div class=\"penci-entry-content entry-content\">\n<p><span class=\"TextRun SCXW96701079 BCX0\" lang=\"PT-BR\" xml:lang=\"PT-BR\" data-contrast=\"auto\"><span class=\"NormalTextRun SCXW96701079 BCX0\">Valdir Avelino <\/span><span class=\"NormalTextRun SCXW96701079 BCX0\">* <\/span><\/span><span class=\"LineBreakBlob BlobObject DragDrop SCXW96701079 BCX0\"><span class=\"SCXW96701079 BCX0\">\u00a0<\/span><br class=\"SCXW96701079 BCX0\"\/><\/span><span class=\"TextRun Underlined SCXW96701079 BCX0\" lang=\"PT-BR\" xml:lang=\"PT-BR\" data-contrast=\"none\"><span class=\"NormalTextRun SCXW96701079 BCX0\" data-ccp-charstyle=\"Hyperlink\"><span class=\"__cf_email__\" data-cfemail=\"8bfbf9eef8e2efeee5e8e2eacbe6fee5e2e8e2fbeae2f8a5e4f9eca5e9f9\">[email\u00a0protected]<\/span><\/span><\/span><span class=\"LineBreakBlob BlobObject DragDrop SCXW96701079 BCX0\"><span class=\"SCXW96701079 BCX0\">\u00a0<\/span><br class=\"SCXW96701079 BCX0\"\/><\/span><span class=\"LineBreakBlob BlobObject DragDrop SCXW96701079 BCX0\"><span class=\"SCXW96701079 BCX0\">\u00a0<\/span><br class=\"SCXW96701079 BCX0\"\/><\/span><span class=\"TextRun SCXW96701079 BCX0\" lang=\"PT-BR\" xml:lang=\"PT-BR\" data-contrast=\"auto\"><span class=\"NormalTextRun SCXW96701079 BCX0\">Para fortalecer e tornar o servi\u00e7o p\u00fablico municipal cada vez mais \u00e1gil, eficiente e capacitado para atender \u00e0s demandas crescentes da nossa cidade, o Sindicato dos Servidores Municipais de Ribeir\u00e3o Preto, Guatapar\u00e1 e Prad\u00f3polis acaba de lan\u00e7ar a campanha salarial 2024. A campanha salarial dos servidores municipais de Ribeir\u00e3o Preto neste ano \u00e9 baseada em tr\u00eas eixos fundamentais \u2013 valoriza\u00e7\u00e3o profissional, melhores condi\u00e7\u00f5es de trabalho e aposentadoria digna.<\/span><\/span><span class=\"LineBreakBlob BlobObject DragDrop SCXW96701079 BCX0\"><span class=\"SCXW96701079 BCX0\">\u00a0<\/span><br class=\"SCXW96701079 BCX0\"\/><\/span><span class=\"LineBreakBlob BlobObject DragDrop SCXW96701079 BCX0\"><span class=\"SCXW96701079 BCX0\">\u00a0<\/span><br class=\"SCXW96701079 BCX0\"\/><\/span><span class=\"TextRun SCXW96701079 BCX0\" lang=\"PT-BR\" xml:lang=\"PT-BR\" data-contrast=\"auto\"><span class=\"NormalTextRun SCXW96701079 BCX0\">No eixo relativo <\/span><span class=\"NormalTextRun ContextualSpellingAndGrammarErrorV2Themed SCXW96701079 BCX0\">a<\/span><span class=\"NormalTextRun SCXW96701079 BCX0\"> valoriza\u00e7\u00e3o profissional, nunca \u00e9 demais lembrar que o munic\u00edpio n\u00e3o \u00e9 s\u00f3 o governo. Isto porque os governos passam e a nossa cidade e os seus desafios e anseios permanecem. Sabemos que os avan\u00e7os e o aprimoramento do servi\u00e7o p\u00fablico sempre nos levam \u00e0 necessidade de servidores cada vez mais valorizados, estimulados e capacitados para atuar nas diversas frentes da administra\u00e7\u00e3o municipal. Por isso, \u00e9 imperativo entender que a valoriza\u00e7\u00e3o <\/span><span class=\"NormalTextRun SCXW96701079 BCX0\">profissional dos nossos servidores p\u00fablicos municipais<\/span><span class=\"NormalTextRun SCXW96701079 BCX0\"> \u00e9 uma medida que atende e que protege a sociedade, em prol da efetiva cidadania. Portanto, a valoriza\u00e7\u00e3o da carreira dos servidores p\u00fablicos \u00e9 um princ\u00edpio inegoci\u00e1vel da nossa democracia.<\/span><\/span><span class=\"LineBreakBlob BlobObject DragDrop SCXW96701079 BCX0\"><span class=\"SCXW96701079 BCX0\">\u00a0<\/span><br class=\"SCXW96701079 BCX0\"\/><\/span><span class=\"LineBreakBlob BlobObject DragDrop SCXW96701079 BCX0\"><span class=\"SCXW96701079 BCX0\">\u00a0<\/span><br class=\"SCXW96701079 BCX0\"\/><\/span><span class=\"TextRun SCXW96701079 BCX0\" lang=\"PT-BR\" xml:lang=\"PT-BR\" data-contrast=\"auto\"><span class=\"NormalTextRun SCXW96701079 BCX0\">A nossa campanha salarial, em 2024, tem como segundo eixo a luta por melhores condi\u00e7\u00f5es de trabalho. Isto porque <\/span><span class=\"NormalTextRun SCXW96701079 BCX0\">a moderniza\u00e7\u00e3o e amplia\u00e7\u00e3o do servi\u00e7o p\u00fablico municipal implica<\/span><span class=\"NormalTextRun SCXW96701079 BCX0\"> no investimento em condi\u00e7\u00f5es apropriadas de trabalho, para que nossos servidores possam aplicar as habilidades necess\u00e1rias em suas tarefas. Assim, uma negocia\u00e7\u00e3o bem-sucedida em nossa data-base precisa ser vista como uma oportunidade de modernizar e fortalecer o servi\u00e7o p\u00fablico, tornando-o mais eficiente e capaz de atender \u00e0s exig\u00eancias de uma cidade e de uma popula\u00e7\u00e3o em crescente desenvolvimento e crescimento.<\/span><\/span><span class=\"LineBreakBlob BlobObject DragDrop SCXW96701079 BCX0\"><span class=\"SCXW96701079 BCX0\">\u00a0<\/span><br class=\"SCXW96701079 BCX0\"\/><\/span><span class=\"LineBreakBlob BlobObject DragDrop SCXW96701079 BCX0\"><span class=\"SCXW96701079 BCX0\">\u00a0<\/span><br class=\"SCXW96701079 BCX0\"\/><\/span><span class=\"TextRun SCXW96701079 BCX0\" lang=\"PT-BR\" xml:lang=\"PT-BR\" data-contrast=\"auto\"><span class=\"NormalTextRun SCXW96701079 BCX0\">Por fim, o terceiro eixo da nossa campanha salarial \u00e9 a luta por uma aposentadoria digna para nossos servidores. Os trabalhadores do servi\u00e7o p\u00fablico municipal desempenham um papel crucial em nossa cidade, dando efetividade \u00e0s pol\u00edticas p\u00fablicas e atendendo a popula\u00e7\u00e3o em \u00e1reas como sa\u00fade, educa\u00e7\u00e3o, <\/span><span class=\"NormalTextRun SCXW96701079 BCX0\">infraestrutura<\/span><span class=\"NormalTextRun SCXW96701079 BCX0\">, saneamento b\u00e1sico e servi\u00e7os de \u00e1gua, cultura, esporte, planejamento, assist\u00eancia social e muitos outros. \u00c9 justo, <\/span><span class=\"NormalTextRun SCXW96701079 BCX0\">portanto, que exista um sistema de aposentadoria que reconhe\u00e7a e valorize com dignidade as contribui\u00e7\u00f5es \u00fanicas dos nossos servidores para a popula\u00e7\u00e3o e para o munic\u00edpio. O verdadeiro reconhecimento do papel valioso do trabalho dos nossos servidores s\u00f3 pode ser traduzido em uma aposentadoria digna, <\/span><span class=\"NormalTextRun SCXW96701079 BCX0\">tranquila<\/span><span class=\"NormalTextRun SCXW96701079 BCX0\"> e segura.<\/span><\/span><span class=\"LineBreakBlob BlobObject DragDrop SCXW96701079 BCX0\"><span class=\"SCXW96701079 BCX0\">\u00a0<\/span><br class=\"SCXW96701079 BCX0\"\/><\/span><span class=\"LineBreakBlob BlobObject DragDrop SCXW96701079 BCX0\"><span class=\"SCXW96701079 BCX0\">\u00a0<\/span><br class=\"SCXW96701079 BCX0\"\/><\/span><span class=\"TextRun SCXW96701079 BCX0\" lang=\"PT-BR\" xml:lang=\"PT-BR\" data-contrast=\"auto\"><span class=\"NormalTextRun SCXW96701079 BCX0\">* P<\/span><span class=\"NormalTextRun SCXW96701079 BCX0\">residente do Sindicato dos Servidores Municipais de Ribeir\u00e3o Preto, Guatapar\u00e1 e Prad\u00f3polis<\/span><\/span><span class=\"EOP SCXW96701079 BCX0\" data-ccp-props=\"{&quot;201341983&quot;:0,&quot;335559739&quot;:200,&quot;335559740&quot;:276}\">\u00a0<\/span><\/p>\n<\/div>\n<footer class=\"penci-entry-footer\"\/><\/div>\n<p><script async src=\"\/\/platform.twitter.com\/widgets.js\" charset=\"utf-8\"><\/script><br \/>\n<br \/><br \/>\n<br \/><a href=\"https:\/\/www.tribunaribeirao.com.br\/site\/os-tres-eixos-da-nossa-campanha-salarial-em-2024\/\">Source link <\/a><\/p>\n<!-- CONTENT END 1 -->\n","protected":false},"excerpt":{"rendered":"<p>21 de fevereiro de 2024 | 8:1020 de fevereiro de 2024 | 18:40 0 Valdir Avelino * \u00a0[email\u00a0protected]\u00a0\u00a0Para fortalecer e tornar o servi\u00e7o p\u00fablico municipal&#8230;<\/p>\n","protected":false},"author":1,"featured_media":38684,"comment_status":"open","ping_status":"open","sticky":false,"template":"","format":"standard","meta":{"advanced_seo_description":"","jetpack_seo_html_title":"","jetpack_seo_noindex":false,"jetpack_post_was_ever_published":false,"_jetpack_newsletter_access":"","_jetpack_dont_email_post_to_subs":false,"_jetpack_newsletter_tier_id":0,"_jetpack_memberships_contains_paywalled_content":false,"_jetpack_memberships_contains_paid_content":false,"footnotes":"","jetpack_publicize_message":"","jetpack_publicize_feature_enabled":true,"jetpack_social_post_already_shared":true,"jetpack_social_options":{"image_generator_settings":{"template":"highway","default_image_id":0,"font":"","enabled":false},"version":2}},"categories":[11],"tags":[832,4396,4397,3533,639],"class_list":["post-38683","post","type-post","status-publish","format-standard","has-post-thumbnail","hentry","category-noticias-de-ribeirao-preto-sp-e-regiao-ismael-colosi","tag-campanha","tag-eixos","tag-nossa","tag-salarial","tag-tres"],"jetpack_publicize_connections":[],"jetpack_featured_media_url":"https:\/\/i0.wp.com\/noticiasribeiraopreto.com.br\/wp-content\/uploads\/2024\/02\/valdiravelino.jpg?fit=700%2C450&ssl=1","jetpack-related-posts":[{"id":39372,"url":"https:\/\/noticiasribeiraopreto.com.br\/index.php\/2024\/02\/25\/jornada-da-leitura-6-0-aborda-a-importancia-da-leitura-para-as-pessoas-idosas\/","url_meta":{"origin":38683,"position":0},"title":"Jornada da Leitura 6.0 aborda a import\u00e2ncia da leitura para as pessoas idosas","author":"noticiasribeiraopreto.com.br","date":"25 de February de 2024","format":false,"excerpt":"O Observat\u00f3rio do Livro realiza, a partir da pr\u00f3xima ter\u00e7a-feira (27), uma jornada on-line para discutir e intensificar a divulga\u00e7\u00e3o, entre a popula\u00e7\u00e3o mais velha, sobre os benef\u00edcios da leitura de livros para uma velhice mais saud\u00e1vel e repleta de sonhos poss\u00edveis. A cerim\u00f4nia de abertura conta com a presen\u00e7a\u2026","rel":"","context":"In &quot;Not\u00edcias de Ribeir\u00e3o Preto-SP e Regi\u00e3o&quot;","block_context":{"text":"Not\u00edcias de Ribeir\u00e3o Preto-SP e Regi\u00e3o","link":"https:\/\/noticiasribeiraopreto.com.br\/index.php\/category\/noticias-de-ribeirao-preto-sp-e-regiao-ismael-colosi\/"},"img":{"alt_text":"","src":"https:\/\/i0.wp.com\/noticiasribeiraopreto.com.br\/wp-content\/uploads\/2024\/02\/54f1aeee-d7a6-4b8d-aacc-aa69e02e2651-scaled.jpg?fit=860%2C645&ssl=1&resize=350%2C200","width":350,"height":200,"srcset":"https:\/\/i0.wp.com\/noticiasribeiraopreto.com.br\/wp-content\/uploads\/2024\/02\/54f1aeee-d7a6-4b8d-aacc-aa69e02e2651-scaled.jpg?fit=860%2C645&ssl=1&resize=350%2C200 1x, https:\/\/i0.wp.com\/noticiasribeiraopreto.com.br\/wp-content\/uploads\/2024\/02\/54f1aeee-d7a6-4b8d-aacc-aa69e02e2651-scaled.jpg?fit=860%2C645&ssl=1&resize=525%2C300 1.5x, https:\/\/i0.wp.com\/noticiasribeiraopreto.com.br\/wp-content\/uploads\/2024\/02\/54f1aeee-d7a6-4b8d-aacc-aa69e02e2651-scaled.jpg?fit=860%2C645&ssl=1&resize=700%2C400 2x"},"classes":[]},{"id":37422,"url":"https:\/\/noticiasribeiraopreto.com.br\/index.php\/2024\/02\/16\/univesp-oferece-54-vagas-para-cursos-de-licenciatura-computacao-negocios-e-producao\/","url_meta":{"origin":38683,"position":1},"title":"Univesp oferece 54 vagas para cursos de licenciatura, computa\u00e7\u00e3o, neg\u00f3cios e produ\u00e7\u00e3o","author":"noticiasribeiraopreto.com.br","date":"16 de February de 2024","format":false,"excerpt":"15 de fevereiro de 2024 | 15:45 0Desde o dia 06 de fevereiro, estar\u00e3o abertas inscri\u00e7\u00f5es para os cursos gratuitos de Pedagogia, Letras e Matem\u00e1tica (Eixo de Licenciatura), Ci\u00eancia de Dados, Tecnologia da Informa\u00e7\u00e3o e Engenharia de Computa\u00e7\u00e3o (Eixo de Computa\u00e7\u00e3o), Engenharia de Produ\u00e7\u00e3o, Administra\u00e7\u00e3o e Tecnologia em Processos Gerenciais\u2026","rel":"","context":"In &quot;Not\u00edcias de Ribeir\u00e3o Preto-SP e Regi\u00e3o&quot;","block_context":{"text":"Not\u00edcias de Ribeir\u00e3o Preto-SP e Regi\u00e3o","link":"https:\/\/noticiasribeiraopreto.com.br\/index.php\/category\/noticias-de-ribeirao-preto-sp-e-regiao-ismael-colosi\/"},"img":{"alt_text":"","src":"https:\/\/i0.wp.com\/noticiasribeiraopreto.com.br\/wp-content\/uploads\/2024\/02\/univesp1-scaled.jpg?fit=967%2C645&ssl=1&resize=350%2C200","width":350,"height":200,"srcset":"https:\/\/i0.wp.com\/noticiasribeiraopreto.com.br\/wp-content\/uploads\/2024\/02\/univesp1-scaled.jpg?fit=967%2C645&ssl=1&resize=350%2C200 1x, https:\/\/i0.wp.com\/noticiasribeiraopreto.com.br\/wp-content\/uploads\/2024\/02\/univesp1-scaled.jpg?fit=967%2C645&ssl=1&resize=525%2C300 1.5x, https:\/\/i0.wp.com\/noticiasribeiraopreto.com.br\/wp-content\/uploads\/2024\/02\/univesp1-scaled.jpg?fit=967%2C645&ssl=1&resize=700%2C400 2x"},"classes":[]},{"id":73487,"url":"https:\/\/noticiasribeiraopreto.com.br\/index.php\/2025\/07\/03\/tarifas-de-pedagio-tem-reajuste-de-531-a-partir-deste-domingo\/","url_meta":{"origin":38683,"position":2},"title":"Tarifas de ped\u00e1gio t\u00eam reajuste de 5,31% a partir deste domingo","author":"noticiasribeiraopreto.com.br","date":"3 de July de 2025","format":false,"excerpt":"3 de julho de 2025 10:423 de julho de 2025 10:474 Compartilhar0 A partir da zero hora deste domingo, dia 06 de julho, entrar\u00e1 em vigor o reajuste contratual anual das tarifas de ped\u00e1gio nas oito pra\u00e7as operadas pela companhia Entrevias Concession\u00e1ria de Rodovias, empresa que integra o Programa de\u2026","rel":"","context":"In &quot;Not\u00edcias de Ribeir\u00e3o Preto-SP e Regi\u00e3o&quot;","block_context":{"text":"Not\u00edcias de Ribeir\u00e3o Preto-SP e Regi\u00e3o","link":"https:\/\/noticiasribeiraopreto.com.br\/index.php\/category\/noticias-de-ribeirao-preto-sp-e-regiao-ismael-colosi\/"},"img":{"alt_text":"","src":"https:\/\/i0.wp.com\/noticiasribeiraopreto.com.br\/wp-content\/uploads\/2025\/07\/entrevias-1024x575.png?fit=1024%2C575&ssl=1&resize=350%2C200","width":350,"height":200,"srcset":"https:\/\/i0.wp.com\/noticiasribeiraopreto.com.br\/wp-content\/uploads\/2025\/07\/entrevias-1024x575.png?fit=1024%2C575&ssl=1&resize=350%2C200 1x, https:\/\/i0.wp.com\/noticiasribeiraopreto.com.br\/wp-content\/uploads\/2025\/07\/entrevias-1024x575.png?fit=1024%2C575&ssl=1&resize=525%2C300 1.5x, https:\/\/i0.wp.com\/noticiasribeiraopreto.com.br\/wp-content\/uploads\/2025\/07\/entrevias-1024x575.png?fit=1024%2C575&ssl=1&resize=700%2C400 2x"},"classes":[]},{"id":28357,"url":"https:\/\/noticiasribeiraopreto.com.br\/index.php\/2024\/01\/15\/pagamento-do-abono-salarial-do-calendario-2024-comeca-em-fevereiro\/","url_meta":{"origin":38683,"position":3},"title":"Pagamento do abono salarial do calend\u00e1rio 2024 come\u00e7a em fevereiro \u2013 Folha de Ribeir\u00e3o","author":"noticiasribeiraopreto.com.br","date":"15 de January de 2024","format":false,"excerpt":"A partir de 15 de fevereiro, a Caixa come\u00e7a a pagar o abono salarial do calend\u00e1rio 2024, referente ao ano-base 2022. O calend\u00e1rio foi aprovado pelo Conselho Deliberativo do Fundo de Amparo ao Trabalhador (Codefat), em reuni\u00e3o realizada em dezembro do ano passado.\u00a0 O cr\u00e9dito ser\u00e1 feito de forma escalonada,\u2026","rel":"","context":"In &quot;Not\u00edcias de Ribeir\u00e3o Preto-SP e Regi\u00e3o&quot;","block_context":{"text":"Not\u00edcias de Ribeir\u00e3o Preto-SP e Regi\u00e3o","link":"https:\/\/noticiasribeiraopreto.com.br\/index.php\/category\/noticias-de-ribeirao-preto-sp-e-regiao-ismael-colosi\/"},"img":{"alt_text":"","src":"","width":0,"height":0},"classes":[]},{"id":64731,"url":"https:\/\/noticiasribeiraopreto.com.br\/index.php\/2025\/03\/11\/camara-aprova-o-fevereiro-roxo-para-conscientizacao-e-prevencao-de-lupus-fibromialgia-e-alzheimer\/","url_meta":{"origin":38683,"position":4},"title":"C\u00e2mara aprova o \u201cFevereiro Roxo\u201d para conscientiza\u00e7\u00e3o e preven\u00e7\u00e3o de L\u00fapus, Fibromialgia e Alzheimer","author":"noticiasribeiraopreto.com.br","date":"11 de March de 2025","format":false,"excerpt":"Na Sess\u00e3o Ordin\u00e1ria do \u00faltimo dia 18 de fevereiro, a C\u00e2mara Municipal de Ribeir\u00e3o Preto aprovou o Projeto de Lei do vereador Maur\u00edcio Gasparini (Uni\u00e3o), instituindo a Campanha \u201cFevereiro Roxo\u201d. A proposta visa conscientizar a popula\u00e7\u00e3o sobre a preven\u00e7\u00e3o e tratamento de tr\u00eas doen\u00e7as s\u00e9rias: L\u00fapus, Fibromialgia e Alzheimer. O\u2026","rel":"","context":"In &quot;Not\u00edcias de Ribeir\u00e3o Preto-SP e Regi\u00e3o&quot;","block_context":{"text":"Not\u00edcias de Ribeir\u00e3o Preto-SP e Regi\u00e3o","link":"https:\/\/noticiasribeiraopreto.com.br\/index.php\/category\/noticias-de-ribeirao-preto-sp-e-regiao-ismael-colosi\/"},"img":{"alt_text":"","src":"https:\/\/i0.wp.com\/noticiasribeiraopreto.com.br\/wp-content\/uploads\/2025\/03\/sessao_ordinaria_18022025_foto_thaisa_coroado-04-scaled.jpg?fit=1200%2C800&ssl=1&resize=350%2C200","width":350,"height":200,"srcset":"https:\/\/i0.wp.com\/noticiasribeiraopreto.com.br\/wp-content\/uploads\/2025\/03\/sessao_ordinaria_18022025_foto_thaisa_coroado-04-scaled.jpg?fit=1200%2C800&ssl=1&resize=350%2C200 1x, https:\/\/i0.wp.com\/noticiasribeiraopreto.com.br\/wp-content\/uploads\/2025\/03\/sessao_ordinaria_18022025_foto_thaisa_coroado-04-scaled.jpg?fit=1200%2C800&ssl=1&resize=525%2C300 1.5x, https:\/\/i0.wp.com\/noticiasribeiraopreto.com.br\/wp-content\/uploads\/2025\/03\/sessao_ordinaria_18022025_foto_thaisa_coroado-04-scaled.jpg?fit=1200%2C800&ssl=1&resize=700%2C400 2x, https:\/\/i0.wp.com\/noticiasribeiraopreto.com.br\/wp-content\/uploads\/2025\/03\/sessao_ordinaria_18022025_foto_thaisa_coroado-04-scaled.jpg?fit=1200%2C800&ssl=1&resize=1050%2C600 3x"},"classes":[]},{"id":1389,"url":"https:\/\/noticiasribeiraopreto.com.br\/index.php\/2023\/11\/12\/campanha-recolhe-cartelas-de-medicamento-vazias\/","url_meta":{"origin":38683,"position":5},"title":"Campanha recolhe cartelas de medicamento vazias","author":"noticiasribeiraopreto.com.br","date":"12 de November de 2023","format":false,"excerpt":"12 de novembro de 2023 | 14:0011 de novembro de 2023 | 17:29 0A campanha Civilidade nas Ruas, idealizada pela Associa\u00e7\u00e3o de Engenharia, Arquitetura e Agronomia de Ribeir\u00e3o Preto (AEAARP) recolheu 4,5 toneladas de res\u00edduos no m\u00eas de outubro. Foram coletadas 2,5 toneladas de papel\/papel\u00e3o, 300kg de latinha, 600kg de\u2026","rel":"","context":"In &quot;Not\u00edcias de Ribeir\u00e3o Preto-SP e Regi\u00e3o&quot;","block_context":{"text":"Not\u00edcias de Ribeir\u00e3o Preto-SP e Regi\u00e3o","link":"https:\/\/noticiasribeiraopreto.com.br\/index.php\/category\/noticias-de-ribeirao-preto-sp-e-regiao-ismael-colosi\/"},"img":{"alt_text":"","src":"https:\/\/i0.wp.com\/noticiasribeiraopreto.com.br\/wp-content\/uploads\/2023\/11\/fotoblister-creditodivulgacao.jpg?fit=735%2C380&ssl=1&resize=350%2C200","width":350,"height":200,"srcset":"https:\/\/i0.wp.com\/noticiasribeiraopreto.com.br\/wp-content\/uploads\/2023\/11\/fotoblister-creditodivulgacao.jpg?fit=735%2C380&ssl=1&resize=350%2C200 1x, https:\/\/i0.wp.com\/noticiasribeiraopreto.com.br\/wp-content\/uploads\/2023\/11\/fotoblister-creditodivulgacao.jpg?fit=735%2C380&ssl=1&resize=525%2C300 1.5x, https:\/\/i0.wp.com\/noticiasribeiraopreto.com.br\/wp-content\/uploads\/2023\/11\/fotoblister-creditodivulgacao.jpg?fit=735%2C380&ssl=1&resize=700%2C400 2x"},"classes":[]}],"jetpack_sharing_enabled":true,"jetpack_shortlink":"https:\/\/wp.me\/peQAOb-a3V","_links":{"self":[{"href":"https:\/\/noticiasribeiraopreto.com.br\/index.php\/wp-json\/wp\/v2\/posts\/38683","targetHints":{"allow":["GET"]}}],"collection":[{"href":"https:\/\/noticiasribeiraopreto.com.br\/index.php\/wp-json\/wp\/v2\/posts"}],"about":[{"href":"https:\/\/noticiasribeiraopreto.com.br\/index.php\/wp-json\/wp\/v2\/types\/post"}],"author":[{"embeddable":true,"href":"https:\/\/noticiasribeiraopreto.com.br\/index.php\/wp-json\/wp\/v2\/users\/1"}],"replies":[{"embeddable":true,"href":"https:\/\/noticiasribeiraopreto.com.br\/index.php\/wp-json\/wp\/v2\/comments?post=38683"}],"version-history":[{"count":0,"href":"https:\/\/noticiasribeiraopreto.com.br\/index.php\/wp-json\/wp\/v2\/posts\/38683\/revisions"}],"wp:featuredmedia":[{"embeddable":true,"href":"https:\/\/noticiasribeiraopreto.com.br\/index.php\/wp-json\/wp\/v2\/media\/38684"}],"wp:attachment":[{"href":"https:\/\/noticiasribeiraopreto.com.br\/index.php\/wp-json\/wp\/v2\/media?parent=38683"}],"wp:term":[{"taxonomy":"category","embeddable":true,"href":"https:\/\/noticiasribeiraopreto.com.br\/index.php\/wp-json\/wp\/v2\/categories?post=38683"},{"taxonomy":"post_tag","embeddable":true,"href":"https:\/\/noticiasribeiraopreto.com.br\/index.php\/wp-json\/wp\/v2\/tags?post=38683"}],"curies":[{"name":"wp","href":"https:\/\/api.w.org\/{rel}","templated":true}]}}