{"id":38721,"date":"2024-02-21T11:58:51","date_gmt":"2024-02-21T14:58:51","guid":{"rendered":"https:\/\/noticiasribeiraopreto.com.br\/index.php\/2024\/02\/21\/secretario-de-estado-dos-eua-chega-ao-planalto-para-reuniao-com-lula\/"},"modified":"2024-02-21T11:58:51","modified_gmt":"2024-02-21T14:58:51","slug":"secretario-de-estado-dos-eua-chega-ao-planalto-para-reuniao-com-lula","status":"publish","type":"post","link":"https:\/\/noticiasribeiraopreto.com.br\/index.php\/2024\/02\/21\/secretario-de-estado-dos-eua-chega-ao-planalto-para-reuniao-com-lula\/","title":{"rendered":"Secret\u00e1rio de Estado dos EUA chega ao Planalto para reuni\u00e3o com Lula"},"content":{"rendered":"<div class='code-block code-block-1' style='margin: 8px 0 8px auto; text-align: right; display: block; clear: both;'>\n<p><a href=\"https:\/\/wa.link\/vpicfd\"><img data-recalc-dims=\"1\" class=\"wp-image-4922\" style=\"aspect-ratio: 2.0253164556962027; width: 561px; height: auto;\" src=\"https:\/\/i0.wp.com\/ismaelcolosi.com.br\/wp-content\/uploads\/2023\/11\/grupo-de-empregos-whatsapp-e-facebook-ismael-colosi-vagas.jpg?ssl=1\" alt=\"\" \/><\/a><\/p>\n<!-- \/wp:image -->\n<\/div>\n<p> <br \/>\n<\/p>\n<div id=\"Corpo\">Por Sofia Aguiar<\/p>\n<p>O secret\u00e1rio de Estado dos Estados Unidos, Antony Blinken, chegou na manh\u00e3 desta quarta-feira, 21, ao Pal\u00e1cio do Planalto para se reunir com o presidente Luiz In\u00e1cio Lula da Silva. A visita ocorre no \u00e2mbito da reuni\u00e3o de chanceleres do G20, que ser\u00e1 realizada no Rio de Janeiro, mas coincide com a crise diplom\u00e1tica entre Brasil e Israel, que tem nos Estados Unidos um dos seus maiores aliados.<\/p>\n<p>Ao chegar para o encontro com o petista, Blinken foi abordado pela imprensa sobre as expectativas para a reuni\u00e3o com Lula e respondeu estar ansioso. O secret\u00e1rio de Estado dos Estados Unidos tamb\u00e9m foi perguntado sobre Gaza, mas preferiu n\u00e3o comentar.<\/p>\n<p>No domingo, 18, em entrevista coletiva de imprensa realizada na Eti\u00f3pia, o chefe do Executivo brasileiro fez uma compara\u00e7\u00e3o entre a morte de palestinos com o exterm\u00ednio de judeus feito pelo l\u00edder da Alemanha Nazista, Adolf Hitler. Durante o regime nazista, que ocorreu entre 1933 e 1945, 6 milh\u00f5es de judeus foram mortos.<\/p>\n<p>\u201cO que est\u00e1 acontecendo na Faixa de Gaza com o povo palestino n\u00e3o existiu em nenhum outro momento hist\u00f3rico. Ali\u00e1s, existiu. Quando Hitler resolveu matar os judeus\u201d, afirmou Lula a jornalistas em Adis Abeba, na Eti\u00f3pia, onde participou como convidado da c\u00fapula anual da Uni\u00e3o Africana. As declara\u00e7\u00f5es foram imediatamente repudiadas pelo primeiro-ministro israelense, Binyamin Netanyahu, que afirmou que Lula \u201catravessou uma linha vermelha\u201d.<\/p>\n<p>Blinken \u00e9 judeu e comanda a pol\u00edtica externa americana. O porta-voz do Departamento de Estado, Matthew Miller, disse, nesta ter\u00e7a-feira, 20, que os Estados Unidos discordam da compara\u00e7\u00e3o feita pelo presidente brasileiro.<\/p>\n<p>O chefe da diplomacia americana chegou nesta ter\u00e7a ao Brasil para se reunir hoje com Lula em Bras\u00edlia. Da capital federal, seguir\u00e1 para o Rio de Janeiro, onde participa do encontro de ministros das Rela\u00e7\u00f5es Exteriores do G20.<\/p>\n<\/div>\n<p><br \/>\n<br \/><a href=\"https:\/\/www.tribunaribeirao.com.br\/site\/secretario-de-estado-dos-eua-chega-ao-planalto-para-reuniao-com-lula\/\">Source link <\/a><\/p>\n<!-- CONTENT END 1 -->\n","protected":false},"excerpt":{"rendered":"<p>Por Sofia Aguiar O secret\u00e1rio de Estado dos Estados Unidos, Antony Blinken, chegou na manh\u00e3 desta quarta-feira, 21, ao Pal\u00e1cio do Planalto para se reunir&#8230;<\/p>\n","protected":false},"author":1,"featured_media":38722,"comment_status":"open","ping_status":"open","sticky":false,"template":"","format":"standard","meta":{"advanced_seo_description":"","jetpack_seo_html_title":"","jetpack_seo_noindex":false,"jetpack_post_was_ever_published":false,"_jetpack_newsletter_access":"","_jetpack_dont_email_post_to_subs":false,"_jetpack_newsletter_tier_id":0,"_jetpack_memberships_contains_paywalled_content":false,"_jetpack_memberships_contains_paid_content":false,"footnotes":"","jetpack_publicize_message":"","jetpack_publicize_feature_enabled":true,"jetpack_social_post_already_shared":true,"jetpack_social_options":{"image_generator_settings":{"template":"highway","default_image_id":0,"font":"","enabled":false},"version":2}},"categories":[11],"tags":[531,470,160,2844,750,71,2998,1480,3960],"class_list":["post-38721","post","type-post","status-publish","format-standard","has-post-thumbnail","hentry","category-noticias-de-ribeirao-preto-sp-e-regiao-ismael-colosi","tag-chega","tag-dos","tag-estado","tag-eua","tag-lula","tag-para","tag-planalto","tag-reuniao","tag-secretario"],"jetpack_publicize_connections":[],"jetpack_featured_media_url":"https:\/\/i0.wp.com\/noticiasribeiraopreto.com.br\/wp-content\/uploads\/2024\/02\/1_antony-35127548.jpeg?fit=675%2C450&ssl=1","jetpack-related-posts":[{"id":75335,"url":"https:\/\/noticiasribeiraopreto.com.br\/index.php\/2025\/08\/07\/haddad-tera-reuniao-com-bessent-no-dia-13\/","url_meta":{"origin":38721,"position":0},"title":"Haddad ter\u00e1 reuni\u00e3o com Bessent no dia 13","author":"noticiasribeiraopreto.com.br","date":"7 de August de 2025","format":false,"excerpt":"O ministro da Fazenda, Fernando Haddad, afirmou nesta quarta-feira, 6 de agosto, que ter\u00e1 uma reuni\u00e3o remota com o secret\u00e1rio do Tesouro americano, Scott Bessent, na pr\u00f3xima quarta-feira (13) para tratar da tarifa de 50% sobre parte das exporta\u00e7\u00f5es do Brasil para os Estados Unidos. Haddad disse ainda que a\u2026","rel":"","context":"In &quot;Not\u00edcias de Ribeir\u00e3o Preto-SP e Regi\u00e3o&quot;","block_context":{"text":"Not\u00edcias de Ribeir\u00e3o Preto-SP e Regi\u00e3o","link":"https:\/\/noticiasribeiraopreto.com.br\/index.php\/category\/noticias-de-ribeirao-preto-sp-e-regiao-ismael-colosi\/"},"img":{"alt_text":"","src":"https:\/\/i0.wp.com\/noticiasribeiraopreto.com.br\/wp-content\/uploads\/2025\/08\/Tarifaco-Marcelo-Camargo-Ag.Br_.jpg?fit=1170%2C700&ssl=1&resize=350%2C200","width":350,"height":200,"srcset":"https:\/\/i0.wp.com\/noticiasribeiraopreto.com.br\/wp-content\/uploads\/2025\/08\/Tarifaco-Marcelo-Camargo-Ag.Br_.jpg?fit=1170%2C700&ssl=1&resize=350%2C200 1x, https:\/\/i0.wp.com\/noticiasribeiraopreto.com.br\/wp-content\/uploads\/2025\/08\/Tarifaco-Marcelo-Camargo-Ag.Br_.jpg?fit=1170%2C700&ssl=1&resize=525%2C300 1.5x, https:\/\/i0.wp.com\/noticiasribeiraopreto.com.br\/wp-content\/uploads\/2025\/08\/Tarifaco-Marcelo-Camargo-Ag.Br_.jpg?fit=1170%2C700&ssl=1&resize=700%2C400 2x, https:\/\/i0.wp.com\/noticiasribeiraopreto.com.br\/wp-content\/uploads\/2025\/08\/Tarifaco-Marcelo-Camargo-Ag.Br_.jpg?fit=1170%2C700&ssl=1&resize=1050%2C600 3x"},"classes":[]},{"id":78244,"url":"https:\/\/noticiasribeiraopreto.com.br\/index.php\/2025\/10\/07\/em-tom-amistoso-lula-pede-fim-de-tarifaco-a-produtos-brasileiros\/","url_meta":{"origin":38721,"position":1},"title":"Em tom amistoso, Lula pede fim de tarifa\u00e7o a produtos brasileiros","author":"noticiasribeiraopreto.com.br","date":"7 de October de 2025","format":false,"excerpt":"6 de outubro de 2025 14:456 de outubro de 2025 14:2670 Compartilhar1 \u00a0 Os dois presidentes conversaram nesta segunda por 30 minutos em tom bastante amistoso O presidente Luiz In\u00e1cio Lula da Silva e o presidente dos Estados Unidos, Donald Trump,\u00a0 tiveram nesta segunda-feira (6) uma conversa de 30 minutos\u2026","rel":"","context":"In &quot;Not\u00edcias de Ribeir\u00e3o Preto-SP e Regi\u00e3o&quot;","block_context":{"text":"Not\u00edcias de Ribeir\u00e3o Preto-SP e Regi\u00e3o","link":"https:\/\/noticiasribeiraopreto.com.br\/index.php\/category\/noticias-de-ribeirao-preto-sp-e-regiao-ismael-colosi\/"},"img":{"alt_text":"","src":"https:\/\/i0.wp.com\/noticiasribeiraopreto.com.br\/wp-content\/uploads\/2025\/10\/trumpo-e-lula.webp.webp?fit=1170%2C700&ssl=1&resize=350%2C200","width":350,"height":200,"srcset":"https:\/\/i0.wp.com\/noticiasribeiraopreto.com.br\/wp-content\/uploads\/2025\/10\/trumpo-e-lula.webp.webp?fit=1170%2C700&ssl=1&resize=350%2C200 1x, https:\/\/i0.wp.com\/noticiasribeiraopreto.com.br\/wp-content\/uploads\/2025\/10\/trumpo-e-lula.webp.webp?fit=1170%2C700&ssl=1&resize=525%2C300 1.5x, https:\/\/i0.wp.com\/noticiasribeiraopreto.com.br\/wp-content\/uploads\/2025\/10\/trumpo-e-lula.webp.webp?fit=1170%2C700&ssl=1&resize=700%2C400 2x, https:\/\/i0.wp.com\/noticiasribeiraopreto.com.br\/wp-content\/uploads\/2025\/10\/trumpo-e-lula.webp.webp?fit=1170%2C700&ssl=1&resize=1050%2C600 3x"},"classes":[]},{"id":77576,"url":"https:\/\/noticiasribeiraopreto.com.br\/index.php\/2025\/09\/22\/lula-se-reune-com-lideres-globais-nos-eua-palestina-e-principal-tema\/","url_meta":{"origin":38721,"position":2},"title":"Lula se re\u00fane com l\u00edderes globais nos EUA; Palestina \u00e9 principal tema","author":"noticiasribeiraopreto.com.br","date":"22 de September de 2025","format":false,"excerpt":"Encontro foi convocado pela Fran\u00e7a e Ar\u00e1bia Saudita O presidente Luiz In\u00e1cio Lula da Silva e outros l\u00edderes globais se re\u00fanem nesta segunda-feira (22) na sede da Organiza\u00e7\u00e3o das Na\u00e7\u00f5es Unidas (ONU), em Nova York, para discutir a situa\u00e7\u00e3o da Palestina. A Confer\u00eancia Internacional de Alto N\u00edvel para a Solu\u00e7\u00e3o\u2026","rel":"","context":"In &quot;Not\u00edcias de Ribeir\u00e3o Preto-SP e Regi\u00e3o&quot;","block_context":{"text":"Not\u00edcias de Ribeir\u00e3o Preto-SP e Regi\u00e3o","link":"https:\/\/noticiasribeiraopreto.com.br\/index.php\/category\/noticias-de-ribeirao-preto-sp-e-regiao-ismael-colosi\/"},"img":{"alt_text":"","src":"https:\/\/i0.wp.com\/noticiasribeiraopreto.com.br\/wp-content\/uploads\/2025\/09\/Onu.webp.webp?fit=1170%2C700&ssl=1&resize=350%2C200","width":350,"height":200,"srcset":"https:\/\/i0.wp.com\/noticiasribeiraopreto.com.br\/wp-content\/uploads\/2025\/09\/Onu.webp.webp?fit=1170%2C700&ssl=1&resize=350%2C200 1x, https:\/\/i0.wp.com\/noticiasribeiraopreto.com.br\/wp-content\/uploads\/2025\/09\/Onu.webp.webp?fit=1170%2C700&ssl=1&resize=525%2C300 1.5x, https:\/\/i0.wp.com\/noticiasribeiraopreto.com.br\/wp-content\/uploads\/2025\/09\/Onu.webp.webp?fit=1170%2C700&ssl=1&resize=700%2C400 2x, https:\/\/i0.wp.com\/noticiasribeiraopreto.com.br\/wp-content\/uploads\/2025\/09\/Onu.webp.webp?fit=1170%2C700&ssl=1&resize=1050%2C600 3x"},"classes":[]},{"id":75282,"url":"https:\/\/noticiasribeiraopreto.com.br\/index.php\/2025\/08\/06\/haddad-entrega-hoje-a-lula-plano-contra-efeitos-do-tarifaco-dos-eua\/","url_meta":{"origin":38721,"position":3},"title":"Haddad entrega hoje a Lula plano contra efeitos do tarifa\u00e7o dos EUA","author":"noticiasribeiraopreto.com.br","date":"6 de August de 2025","format":false,"excerpt":"O texto da medida provis\u00f3ria (MP) com as a\u00e7\u00f5es planejadas pelo governo federal, em resposta ao tarifa\u00e7o imposto pelo presidente dos Estados Unidos (EUA), Donald Trump, contra os produtos com origem no Brasil, ser\u00e1 enviado ao Pal\u00e1cio do Planalto pelo Minist\u00e9rio da Fazenda ainda nesta quarta-feira (6). \u201cSer\u00e1 um plano\u2026","rel":"","context":"In &quot;Not\u00edcias de Ribeir\u00e3o Preto-SP e Regi\u00e3o&quot;","block_context":{"text":"Not\u00edcias de Ribeir\u00e3o Preto-SP e Regi\u00e3o","link":"https:\/\/noticiasribeiraopreto.com.br\/index.php\/category\/noticias-de-ribeirao-preto-sp-e-regiao-ismael-colosi\/"},"img":{"alt_text":"","src":"https:\/\/i0.wp.com\/noticiasribeiraopreto.com.br\/wp-content\/uploads\/2025\/08\/Haddad1.jpeg?fit=1170%2C700&ssl=1&resize=350%2C200","width":350,"height":200,"srcset":"https:\/\/i0.wp.com\/noticiasribeiraopreto.com.br\/wp-content\/uploads\/2025\/08\/Haddad1.jpeg?fit=1170%2C700&ssl=1&resize=350%2C200 1x, https:\/\/i0.wp.com\/noticiasribeiraopreto.com.br\/wp-content\/uploads\/2025\/08\/Haddad1.jpeg?fit=1170%2C700&ssl=1&resize=525%2C300 1.5x, https:\/\/i0.wp.com\/noticiasribeiraopreto.com.br\/wp-content\/uploads\/2025\/08\/Haddad1.jpeg?fit=1170%2C700&ssl=1&resize=700%2C400 2x, https:\/\/i0.wp.com\/noticiasribeiraopreto.com.br\/wp-content\/uploads\/2025\/08\/Haddad1.jpeg?fit=1170%2C700&ssl=1&resize=1050%2C600 3x"},"classes":[]},{"id":37579,"url":"https:\/\/noticiasribeiraopreto.com.br\/index.php\/2024\/02\/16\/lula-critica-corte-de-verba-humanitaria\/","url_meta":{"origin":38721,"position":4},"title":"Lula critica corte de verba humanit\u00e1ria","author":"noticiasribeiraopreto.com.br","date":"16 de February de 2024","format":false,"excerpt":"16 de fevereiro de 2024 | 17:0016 de fevereiro de 2024 | 8:46 0O presidente Luiz In\u00e1cio Lula da Silva classificou nesta quinta-feira, 15 de fevereiro, como \u201cdesumanidade\u201d e \u201ccovardia\u201d contra o povo palestino, a decis\u00e3o de \u201cpa\u00edses ricos\u201d, entre eles os Estados Unidos, de cortar as contribui\u00e7\u00f5es milion\u00e1rias \u00e0\u2026","rel":"","context":"In &quot;Not\u00edcias de Ribeir\u00e3o Preto-SP e Regi\u00e3o&quot;","block_context":{"text":"Not\u00edcias de Ribeir\u00e3o Preto-SP e Regi\u00e3o","link":"https:\/\/noticiasribeiraopreto.com.br\/index.php\/category\/noticias-de-ribeirao-preto-sp-e-regiao-ismael-colosi\/"},"img":{"alt_text":"","src":"https:\/\/i0.wp.com\/noticiasribeiraopreto.com.br\/wp-content\/uploads\/2024\/02\/Lula-Ricardo-Stuckert-PR-1-scaled.jpg?fit=1000%2C623&ssl=1&resize=350%2C200","width":350,"height":200,"srcset":"https:\/\/i0.wp.com\/noticiasribeiraopreto.com.br\/wp-content\/uploads\/2024\/02\/Lula-Ricardo-Stuckert-PR-1-scaled.jpg?fit=1000%2C623&ssl=1&resize=350%2C200 1x, https:\/\/i0.wp.com\/noticiasribeiraopreto.com.br\/wp-content\/uploads\/2024\/02\/Lula-Ricardo-Stuckert-PR-1-scaled.jpg?fit=1000%2C623&ssl=1&resize=525%2C300 1.5x, https:\/\/i0.wp.com\/noticiasribeiraopreto.com.br\/wp-content\/uploads\/2024\/02\/Lula-Ricardo-Stuckert-PR-1-scaled.jpg?fit=1000%2C623&ssl=1&resize=700%2C400 2x"},"classes":[]},{"id":75173,"url":"https:\/\/noticiasribeiraopreto.com.br\/index.php\/2025\/08\/05\/brasil-fara-consulta-na-omc-sobre-tarifas-tribuna-ribeirao\/","url_meta":{"origin":38721,"position":5},"title":"Brasil far\u00e1 consulta na OMC sobre tarifas \u2013 Tribuna Ribeir\u00e3o","author":"noticiasribeiraopreto.com.br","date":"5 de August de 2025","format":false,"excerpt":"O vice-presidente e ministro do Desenvolvimento, Ind\u00fastria, Com\u00e9rcio e Servi\u00e7os, Geraldo Alckmin, confirmou nesta segunda-feira, 4 de agosto, que o Brasil far\u00e1 consulta na Organiza\u00e7\u00e3o Mundial do Com\u00e9rcio (OMC) em rea\u00e7\u00e3o ao tarifa\u00e7o imposto pelos Estados Unidos a produtos brasileiros. \u201cO Conselho de Ministros da Camex aprovou o Brasil entrar\u2026","rel":"","context":"In &quot;Not\u00edcias de Ribeir\u00e3o Preto-SP e Regi\u00e3o&quot;","block_context":{"text":"Not\u00edcias de Ribeir\u00e3o Preto-SP e Regi\u00e3o","link":"https:\/\/noticiasribeiraopreto.com.br\/index.php\/category\/noticias-de-ribeirao-preto-sp-e-regiao-ismael-colosi\/"},"img":{"alt_text":"","src":"","width":0,"height":0},"classes":[]}],"jetpack_sharing_enabled":true,"jetpack_shortlink":"https:\/\/wp.me\/peQAOb-a4x","_links":{"self":[{"href":"https:\/\/noticiasribeiraopreto.com.br\/index.php\/wp-json\/wp\/v2\/posts\/38721","targetHints":{"allow":["GET"]}}],"collection":[{"href":"https:\/\/noticiasribeiraopreto.com.br\/index.php\/wp-json\/wp\/v2\/posts"}],"about":[{"href":"https:\/\/noticiasribeiraopreto.com.br\/index.php\/wp-json\/wp\/v2\/types\/post"}],"author":[{"embeddable":true,"href":"https:\/\/noticiasribeiraopreto.com.br\/index.php\/wp-json\/wp\/v2\/users\/1"}],"replies":[{"embeddable":true,"href":"https:\/\/noticiasribeiraopreto.com.br\/index.php\/wp-json\/wp\/v2\/comments?post=38721"}],"version-history":[{"count":0,"href":"https:\/\/noticiasribeiraopreto.com.br\/index.php\/wp-json\/wp\/v2\/posts\/38721\/revisions"}],"wp:featuredmedia":[{"embeddable":true,"href":"https:\/\/noticiasribeiraopreto.com.br\/index.php\/wp-json\/wp\/v2\/media\/38722"}],"wp:attachment":[{"href":"https:\/\/noticiasribeiraopreto.com.br\/index.php\/wp-json\/wp\/v2\/media?parent=38721"}],"wp:term":[{"taxonomy":"category","embeddable":true,"href":"https:\/\/noticiasribeiraopreto.com.br\/index.php\/wp-json\/wp\/v2\/categories?post=38721"},{"taxonomy":"post_tag","embeddable":true,"href":"https:\/\/noticiasribeiraopreto.com.br\/index.php\/wp-json\/wp\/v2\/tags?post=38721"}],"curies":[{"name":"wp","href":"https:\/\/api.w.org\/{rel}","templated":true}]}}