{"id":38793,"date":"2024-02-21T16:35:31","date_gmt":"2024-02-21T19:35:31","guid":{"rendered":"https:\/\/noticiasribeiraopreto.com.br\/index.php\/2024\/02\/21\/conppac-prorroga-ate-dia-25-as-inscricoes-para-eleicao-do-conselho\/"},"modified":"2024-02-21T16:35:31","modified_gmt":"2024-02-21T19:35:31","slug":"conppac-prorroga-ate-dia-25-as-inscricoes-para-eleicao-do-conselho","status":"publish","type":"post","link":"https:\/\/noticiasribeiraopreto.com.br\/index.php\/2024\/02\/21\/conppac-prorroga-ate-dia-25-as-inscricoes-para-eleicao-do-conselho\/","title":{"rendered":"Conppac prorroga at\u00e9 dia 25 as inscri\u00e7\u00f5es para elei\u00e7\u00e3o do Conselho"},"content":{"rendered":"<div class='code-block code-block-1' style='margin: 8px 0 8px auto; text-align: right; display: block; clear: both;'>\n<p><a href=\"https:\/\/wa.link\/vpicfd\"><img data-recalc-dims=\"1\" class=\"wp-image-4922\" style=\"aspect-ratio: 2.0253164556962027; width: 561px; height: auto;\" src=\"https:\/\/i0.wp.com\/ismaelcolosi.com.br\/wp-content\/uploads\/2023\/11\/grupo-de-empregos-whatsapp-e-facebook-ismael-colosi-vagas.jpg?ssl=1\" alt=\"\" \/><\/a><\/p>\n<!-- \/wp:image -->\n<\/div>\n<p> <br \/>\n<\/p>\n<div id=\"post-374457\">\n<header class=\"entry-header penci-entry-header penci-title-center\">\n<p> <span class=\"entry-meta-item penci-posted-on\"><i class=\"fa fa-clock-o\"\/><time class=\"entry-date published\" datetime=\"2024-02-21T16:30:33-03:00\">21 de fevereiro de 2024 | 16:30<\/time><time class=\"updated\" datetime=\"2024-02-21T11:18:00-03:00\">21 de fevereiro de 2024 | 11:18<\/time><\/span><\/p>\n<p> <span class=\"penci-social-buttons penci-social-share-footer\"><a href=\"#\" class=\"penci-post-like penci_post-meta_item  single-like-button penci-social-item like\" data-post_id=\"374457\" title=\"Like\" data-like=\"Like\" data-unlike=\"Unlike\"><i class=\"fa fa-thumbs-o-up\"\/><span class=\"penci-share-number\">0<\/span><\/a><i class=\"fa fa-facebook\"\/><a class=\"penci-social-item twitter\" target=\"_blank\" rel=\"noopener\" title=\"\" href=\"https:\/\/twitter.com\/intent\/tweet?text=Conppac%20prorroga%20at\u00e9%20dia%2025%20as%20inscri\u00e7\u00f5es%20para%20elei\u00e7\u00e3o%20do%20Conselho%20-%20https:\/\/www.tribunaribeirao.com.br\/site\/conppac-prorroga-ate-dia-25-as-inscricoes-para-eleicao-do-conselho\/\"><i class=\"fa fa-twitter\"\/><\/a><i class=\"fa fa-whatsapp\"\/><\/span><\/header>\n<div class=\"penci-entry-content entry-content\">\n<p><span class=\"TextRun SCXW183337122 BCX0\" lang=\"PT-BR\" xml:lang=\"PT-BR\" data-contrast=\"auto\"><span class=\"NormalTextRun SCXW183337122 BCX0\">O Conselho Municipal de Preserva\u00e7\u00e3o do Patrim\u00f4nio Cultural (<\/span><span class=\"NormalTextRun SpellingErrorV2Themed SCXW183337122 BCX0\">Conppac<\/span><span class=\"NormalTextRun SCXW183337122 BCX0\">) de Ribeir\u00e3o Preto<\/span><span class=\"NormalTextRun SCXW183337122 BCX0\"> prorrogou para este domingo, 25 de fevereiro, as inscri\u00e7\u00f5es de <\/span><span class=\"NormalTextRun SCXW183337122 BCX0\">representantes da sociedade civil organizada <\/span><span class=\"NormalTextRun SCXW183337122 BCX0\">que <\/span><span class=\"NormalTextRun SpellingErrorV2Themed SCXW183337122 BCX0\">participa\u00e7\u00e3o<\/span><span class=\"NormalTextRun SCXW183337122 BCX0\"> de elei\u00e7\u00e3o para definir a <\/span><span class=\"NormalTextRun SpellingErrorV2Themed SCXW183337122 BCX0\">composi\u00e7\u00e3o<\/span><span class=\"NormalTextRun SCXW183337122 BCX0\"> do colegiado <\/span><span class=\"NormalTextRun SCXW183337122 BCX0\">para o bi\u00eanio <\/span><span class=\"NormalTextRun SCXW183337122 BCX0\">que compreende o per\u00edodo entre <\/span><span class=\"NormalTextRun SCXW183337122 BCX0\">abril de<\/span><span class=\"NormalTextRun SCXW183337122 BCX0\">ste ano e de <\/span><span class=\"NormalTextRun SCXW183337122 BCX0\">2026. <\/span><\/span><span class=\"LineBreakBlob BlobObject DragDrop SCXW183337122 BCX0\"><span class=\"SCXW183337122 BCX0\">\u00a0<\/span><br class=\"SCXW183337122 BCX0\"\/><\/span><span class=\"LineBreakBlob BlobObject DragDrop SCXW183337122 BCX0\"><span class=\"SCXW183337122 BCX0\">\u00a0<\/span><br class=\"SCXW183337122 BCX0\"\/><\/span><span class=\"TextRun SCXW183337122 BCX0\" lang=\"PT-BR\" xml:lang=\"PT-BR\" data-contrast=\"auto\"><span class=\"NormalTextRun SCXW183337122 BCX0\">A elei\u00e7\u00e3o ser\u00e1 <\/span><span class=\"NormalTextRun SCXW183337122 BCX0\">em 1\u00ba de mar\u00e7o, sexta-feira, das nove<\/span><span class=\"NormalTextRun SCXW183337122 BCX0\"> \u00e0s 18 horas, em ambiente online, pelo aplicativo Google <\/span><span class=\"NormalTextRun SpellingErrorV2Themed SCXW183337122 BCX0\">Forms<\/span><span class=\"NormalTextRun SCXW183337122 BCX0\">, segundo informa\u00e7\u00f5es da prefeitura<\/span><span class=\"NormalTextRun SCXW183337122 BCX0\">. <\/span><span class=\"NormalTextRun SCXW183337122 BCX0\">O prazo original terminou no domingo passado, dia 18. <\/span><span class=\"NormalTextRun SCXW183337122 BCX0\">O <\/span><span class=\"NormalTextRun SCXW183337122 BCX0\">c<\/span><span class=\"NormalTextRun SCXW183337122 BCX0\">onselho tem car\u00e1ter consultivo e deliberativo e \u00e9 composto <\/span><span class=\"NormalTextRun SCXW183337122 BCX0\">por <\/span><span class=\"NormalTextRun SCXW183337122 BCX0\">21 cadeiras, divididas <\/span><span class=\"NormalTextRun SCXW183337122 BCX0\">de <\/span><span class=\"NormalTextRun SCXW183337122 BCX0\">forma tripartite, com representantes do <\/span><span class=\"NormalTextRun SCXW183337122 BCX0\">po<\/span><span class=\"NormalTextRun SCXW183337122 BCX0\">der <\/span><span class=\"NormalTextRun SCXW183337122 BCX0\">p<\/span><span class=\"NormalTextRun SCXW183337122 BCX0\">\u00fablico<\/span><span class=\"NormalTextRun SCXW183337122 BCX0\"> municipal<\/span><span class=\"NormalTextRun SCXW183337122 BCX0\">, da <\/span><span class=\"NormalTextRun SCXW183337122 BCX0\">s<\/span><span class=\"NormalTextRun SCXW183337122 BCX0\">ociedade <\/span><span class=\"NormalTextRun SCXW183337122 BCX0\">c<\/span><span class=\"NormalTextRun SCXW183337122 BCX0\">ivil <\/span><span class=\"NormalTextRun SCXW183337122 BCX0\">i<\/span><span class=\"NormalTextRun SCXW183337122 BCX0\">ndicada e da <\/span><span class=\"NormalTextRun SCXW183337122 BCX0\">s<\/span><span class=\"NormalTextRun SCXW183337122 BCX0\">ociedade <\/span><span class=\"NormalTextRun SCXW183337122 BCX0\">c<\/span><span class=\"NormalTextRun SCXW183337122 BCX0\">ivil <\/span><span class=\"NormalTextRun SCXW183337122 BCX0\">e<\/span><span class=\"NormalTextRun SCXW183337122 BCX0\">letiva. <\/span><\/span><span class=\"LineBreakBlob BlobObject DragDrop SCXW183337122 BCX0\"><span class=\"SCXW183337122 BCX0\">\u00a0<\/span><br class=\"SCXW183337122 BCX0\"\/><\/span><span class=\"LineBreakBlob BlobObject DragDrop SCXW183337122 BCX0\"><span class=\"SCXW183337122 BCX0\">\u00a0<\/span><br class=\"SCXW183337122 BCX0\"\/><\/span><span class=\"TextRun SCXW183337122 BCX0\" lang=\"PT-BR\" xml:lang=\"PT-BR\" data-contrast=\"auto\"><span class=\"NormalTextRun SCXW183337122 BCX0\">\u00c9 parte integrante do Sistema Municipal de Patrim\u00f4nio Cultural de Ribeir\u00e3o Preto (<\/span><span class=\"NormalTextRun SCXW183337122 BCX0\">l<\/span><span class=\"NormalTextRun SCXW183337122 BCX0\">ei <\/span><span class=\"NormalTextRun SCXW183337122 BCX0\">n\u00ba <\/span><span class=\"NormalTextRun SCXW183337122 BCX0\">2.799\/2016) e vinculado \u00e0 Secretaria Municipal da Cultura<\/span><span class=\"NormalTextRun SCXW183337122 BCX0\"> e Turismo.<\/span> <span class=\"NormalTextRun SCXW183337122 BCX0\">Os membros ligados a prefeitura s\u00e3o indicados pelo prefeito Duarte Nogueira (PSDB).<\/span><span class=\"NormalTextRun SCXW183337122 BCX0\"> S<\/span><span class=\"NormalTextRun SCXW183337122 BCX0\">er<\/span><span class=\"NormalTextRun SCXW183337122 BCX0\">\u00e3o aceitas as indica\u00e7\u00f5es <\/span><span class=\"NormalTextRun SCXW183337122 BCX0\">de um representante titular e <\/span><span class=\"NormalTextRun SCXW183337122 BCX0\">de <\/span><span class=\"NormalTextRun SCXW183337122 BCX0\">um suplente de cada <\/span><span class=\"NormalTextRun SCXW183337122 BCX0\">\u00e1rea. <\/span><\/span><span class=\"LineBreakBlob BlobObject DragDrop SCXW183337122 BCX0\"><span class=\"SCXW183337122 BCX0\">\u00a0<\/span><br class=\"SCXW183337122 BCX0\"\/><\/span><span class=\"LineBreakBlob BlobObject DragDrop SCXW183337122 BCX0\"><span class=\"SCXW183337122 BCX0\">\u00a0<\/span><br class=\"SCXW183337122 BCX0\"\/><\/span><span class=\"TextRun SCXW183337122 BCX0\" lang=\"PT-BR\" xml:lang=\"PT-BR\" data-contrast=\"auto\"><span class=\"NormalTextRun SCXW183337122 BCX0\">A lista traz a <\/span><span class=\"NormalTextRun SCXW183337122 BCX0\">12\u00aa Subse\u00e7\u00e3o d<\/span><span class=\"NormalTextRun SCXW183337122 BCX0\">a<\/span><span class=\"NormalTextRun SCXW183337122 BCX0\"> Ordem dos Advogados do Brasil<\/span><span class=\"NormalTextRun SCXW183337122 BCX0\"> de S\u00e3o Paulo (OAB <\/span><span class=\"NormalTextRun SCXW183337122 BCX0\">Ribeir\u00e3o Preto)<\/span><span class=\"NormalTextRun SCXW183337122 BCX0\"> e do<\/span><span class=\"NormalTextRun SCXW183337122 BCX0\"> Conselho de Arquitetura e Urbanismo de S\u00e3o Paulo<\/span><span class=\"NormalTextRun SCXW183337122 BCX0\"> (CAU\/SP).<\/span> <span class=\"NormalTextRun SCXW183337122 BCX0\">Ainda conta com o <\/span><span class=\"NormalTextRun SCXW183337122 BCX0\">Conselho Regional de Engenharia e Agronomia de S\u00e3o Paulo<\/span><span class=\"NormalTextRun SCXW183337122 BCX0\"> (CREA-SP)<\/span><span class=\"NormalTextRun SCXW183337122 BCX0\">, Instituto de Arquitetos do Brasil<\/span> <span class=\"NormalTextRun SCXW183337122 BCX0\">\u2013<\/span> <span class=\"NormalTextRun SCXW183337122 BCX0\">N\u00facleo Ribeir\u00e3o Preto, conjunto das <\/span><span class=\"NormalTextRun SCXW183337122 BCX0\">a<\/span><span class=\"NormalTextRun SCXW183337122 BCX0\">cademias ligadas aos sistemas culturais de Ribeir\u00e3o Preto, conjunto das <\/span><span class=\"NormalTextRun SCXW183337122 BCX0\">i<\/span><span class=\"NormalTextRun SCXW183337122 BCX0\">nstitui\u00e7\u00f5es de <\/span><span class=\"NormalTextRun SCXW183337122 BCX0\">e<\/span><span class=\"NormalTextRun SCXW183337122 BCX0\">nsino <\/span><span class=\"NormalTextRun SCXW183337122 BCX0\">s<\/span><span class=\"NormalTextRun SCXW183337122 BCX0\">uperior <\/span><span class=\"NormalTextRun SCXW183337122 BCX0\">da <\/span><span class=\"NormalTextRun ContextualSpellingAndGrammarErrorV2Themed SCXW183337122 BCX0\">cidade ,<\/span> <span class=\"NormalTextRun SCXW183337122 BCX0\">com atua\u00e7\u00e3o na \u00e1rea de <\/span><span class=\"NormalTextRun SCXW183337122 BCX0\">p<\/span><span class=\"NormalTextRun SCXW183337122 BCX0\">atrim\u00f4nio <\/span><span class=\"NormalTextRun SCXW183337122 BCX0\">c<\/span><span class=\"NormalTextRun SCXW183337122 BCX0\">ultural, <\/span><span class=\"NormalTextRun SCXW183337122 BCX0\">e <\/span><span class=\"NormalTextRun SCXW183337122 BCX0\">associa\u00e7\u00f5es <\/span><span class=\"NormalTextRun SCXW183337122 BCX0\">de c<\/span><span class=\"NormalTextRun SCXW183337122 BCX0\">i\u00eancias <\/span><span class=\"NormalTextRun SCXW183337122 BCX0\">h<\/span><span class=\"NormalTextRun SCXW183337122 BCX0\">umanas e <\/span><span class=\"NormalTextRun SCXW183337122 BCX0\">s<\/span><span class=\"NormalTextRun SCXW183337122 BCX0\">ociais<\/span><span class=\"NormalTextRun SCXW183337122 BCX0\">.<\/span><\/span><span class=\"LineBreakBlob BlobObject DragDrop SCXW183337122 BCX0\"><span class=\"SCXW183337122 BCX0\">\u00a0<\/span><br class=\"SCXW183337122 BCX0\"\/><\/span><span class=\"LineBreakBlob BlobObject DragDrop SCXW183337122 BCX0\"><span class=\"SCXW183337122 BCX0\">\u00a0<\/span><br class=\"SCXW183337122 BCX0\"\/><\/span><span class=\"TextRun SCXW183337122 BCX0\" lang=\"PT-BR\" xml:lang=\"PT-BR\" data-contrast=\"auto\"><span class=\"NormalTextRun SCXW183337122 BCX0\">A elei\u00e7\u00e3o ser\u00e1 conduzida pela Comiss\u00e3o Especial Eleitoral, tendo representantes da Secretaria da Cultura e Turismo<\/span><span class=\"NormalTextRun SCXW183337122 BCX0\"> e <\/span><span class=\"NormalTextRun SCXW183337122 BCX0\">com mes\u00e1rios e fiscais de forma remota.<\/span> <span class=\"NormalTextRun SCXW183337122 BCX0\">Poder\u00e3o votar maiores de idade residentes no munic\u00edpio, previamente credenciad<\/span><span class=\"NormalTextRun SCXW183337122 BCX0\">o<\/span><span class=\"NormalTextRun SCXW183337122 BCX0\">s at\u00e9 <\/span><span class=\"NormalTextRun SCXW183337122 BCX0\">25<\/span><span class=\"NormalTextRun SCXW183337122 BCX0\"> de fevereiro no endere\u00e7o eletr\u00f4nico <\/span><span class=\"NormalTextRun SCXW183337122 BCX0\">https<\/span><span class=\"NormalTextRun SCXW183337122 BCX0\">:\/\/forms.gle\/Egb2FzgDjFBT7fZD9 (para preenchimento \u00e9 necess\u00e1ria conta <\/span><span class=\"NormalTextRun SpellingErrorV2Themed SCXW183337122 BCX0\">gmail<\/span><span class=\"NormalTextRun SCXW183337122 BCX0\">). <\/span><\/span><span class=\"LineBreakBlob BlobObject DragDrop SCXW183337122 BCX0\"><span class=\"SCXW183337122 BCX0\">\u00a0<\/span><br class=\"SCXW183337122 BCX0\"\/><\/span><span class=\"LineBreakBlob BlobObject DragDrop SCXW183337122 BCX0\"><span class=\"SCXW183337122 BCX0\">\u00a0<\/span><br class=\"SCXW183337122 BCX0\"\/><\/span><span class=\"TextRun SCXW183337122 BCX0\" lang=\"PT-BR\" xml:lang=\"PT-BR\" data-contrast=\"auto\"><span class=\"NormalTextRun SCXW183337122 BCX0\">No dia da elei\u00e7\u00e3o<\/span><span class=\"NormalTextRun SCXW183337122 BCX0\">,<\/span><span class=\"NormalTextRun SCXW183337122 BCX0\"> o credenciado dever\u00e1 apresentar documento de identidade com foto e assinar a lista de presen\u00e7a. O eleitor ter\u00e1 apenas um voto por vaga em disputa, sendo livre a sua op\u00e7\u00e3o pelos candidatos inscritos.<\/span> <span class=\"NormalTextRun SCXW183337122 BCX0\">A apura\u00e7\u00e3o acontecer\u00e1 imediatamente ap\u00f3s a finaliza\u00e7\u00e3o <\/span><span class=\"NormalTextRun SCXW183337122 BCX0\">do pleito <\/span><span class=\"NormalTextRun SCXW183337122 BCX0\">e ser\u00e1 conduzida pelos <\/span><span class=\"NormalTextRun SCXW183337122 BCX0\">membros da Comiss\u00e3o Especial Eleitoral. <\/span><\/span><span class=\"LineBreakBlob BlobObject DragDrop SCXW183337122 BCX0\"><span class=\"SCXW183337122 BCX0\">\u00a0<\/span><br class=\"SCXW183337122 BCX0\"\/><\/span><span class=\"LineBreakBlob BlobObject DragDrop SCXW183337122 BCX0\"><span class=\"SCXW183337122 BCX0\">\u00a0<\/span><br class=\"SCXW183337122 BCX0\"\/><\/span><span class=\"TextRun SCXW183337122 BCX0\" lang=\"PT-BR\" xml:lang=\"PT-BR\" data-contrast=\"auto\"><span class=\"NormalTextRun SCXW183337122 BCX0\">O atual presidente do <\/span><span class=\"NormalTextRun SpellingErrorV2Themed SCXW183337122 BCX0\">Conppac<\/span><span class=\"NormalTextRun SCXW183337122 BCX0\"> \u00e9 Lucas Gabriel Pereira. <\/span><span class=\"NormalTextRun SCXW183337122 BCX0\">O resultado ser\u00e1 publicado n<\/span><span class=\"NormalTextRun SCXW183337122 BCX0\">o portal oficial da prefeitura de Ribeir\u00e3o Preto (<\/span><span class=\"NormalTextRun SCXW183337122 BCX0\">www.ribeiraopreto.sp.gov.br\/portal\/<\/span><span class=\"NormalTextRun SpellingErrorV2Themed SCXW183337122 BCX0\">culturaeturismo<\/span><span class=\"NormalTextRun SCXW183337122 BCX0\">\/<\/span><span class=\"NormalTextRun SCXW183337122 BCX0\">)<\/span><span class=\"NormalTextRun SCXW183337122 BCX0\"> e no mural da Secretaria Municipal da Cultura e Turismo. Informa\u00e7\u00f5es podem ser obtidas pelo telefone <\/span><span class=\"NormalTextRun SCXW183337122 BCX0\">(16) <\/span><span class=\"NormalTextRun SCXW183337122 BCX0\">3977-7400 e pelo e-mail <\/span><\/span><span class=\"TextRun Underlined SCXW183337122 BCX0\" lang=\"PT-BR\" xml:lang=\"PT-BR\" data-contrast=\"none\"><span class=\"NormalTextRun SCXW183337122 BCX0\" data-ccp-charstyle=\"Hyperlink\"><span class=\"__cf_email__\" data-cfemail=\"cba8a4a5bbbbaaa8e5a8bea7bfbeb9aa8bb9bbe5b9a2a9aea2b9aaa4bbb9aebfa4e5b8bbe5aca4bde5a9b9\">[email\u00a0protected]<\/span><\/span><\/span><span class=\"LineBreakBlob BlobObject DragDrop SCXW183337122 BCX0\"><span class=\"SCXW183337122 BCX0\">\u00a0<\/span><br class=\"SCXW183337122 BCX0\"\/><\/span><span class=\"LineBreakBlob BlobObject DragDrop SCXW183337122 BCX0\"><span class=\"SCXW183337122 BCX0\">\u00a0<\/span><br class=\"SCXW183337122 BCX0\"\/><\/span><\/p>\n<\/div>\n<footer class=\"penci-entry-footer\"\/><\/div>\n<p><script async src=\"\/\/platform.twitter.com\/widgets.js\" charset=\"utf-8\"><\/script><br \/>\n<br \/><br \/>\n<br \/><a href=\"https:\/\/www.tribunaribeirao.com.br\/site\/conppac-prorroga-ate-dia-25-as-inscricoes-para-eleicao-do-conselho\/\">Source link <\/a><\/p>\n<!-- CONTENT END 1 -->\n","protected":false},"excerpt":{"rendered":"<p>21 de fevereiro de 2024 | 16:3021 de fevereiro de 2024 | 11:18 0 O Conselho Municipal de Preserva\u00e7\u00e3o do Patrim\u00f4nio Cultural (Conppac) de Ribeir\u00e3o&#8230;<\/p>\n","protected":false},"author":1,"featured_media":38794,"comment_status":"open","ping_status":"open","sticky":false,"template":"","format":"standard","meta":{"advanced_seo_description":"","jetpack_seo_html_title":"","jetpack_seo_noindex":false,"jetpack_post_was_ever_published":false,"_jetpack_newsletter_access":"","_jetpack_dont_email_post_to_subs":false,"_jetpack_newsletter_tier_id":0,"_jetpack_memberships_contains_paywalled_content":false,"_jetpack_memberships_contains_paid_content":false,"footnotes":"","jetpack_publicize_message":"","jetpack_publicize_feature_enabled":true,"jetpack_social_post_already_shared":true,"jetpack_social_options":{"image_generator_settings":{"template":"highway","default_image_id":0,"font":"","enabled":false},"version":2}},"categories":[11],"tags":[103,3719,1481,142,737,566,71,565],"class_list":["post-38793","post","type-post","status-publish","format-standard","has-post-thumbnail","hentry","category-noticias-de-ribeirao-preto-sp-e-regiao-ismael-colosi","tag-ate","tag-conppac","tag-conselho","tag-dia","tag-eleicao","tag-inscricoes","tag-para","tag-prorroga"],"jetpack_publicize_connections":[],"jetpack_featured_media_url":"https:\/\/i0.wp.com\/noticiasribeiraopreto.com.br\/wp-content\/uploads\/2024\/02\/Conppac-Max-Gallao-Mesquita-scaled.jpg?fit=946%2C645&ssl=1","jetpack-related-posts":[{"id":32773,"url":"https:\/\/noticiasribeiraopreto.com.br\/index.php\/2024\/01\/26\/sociedade-civil-elege-membros-do-conppac\/","url_meta":{"origin":38793,"position":0},"title":"Sociedade civil elege\u00a0membros do Conppac\u00a0","author":"noticiasribeiraopreto.com.br","date":"26 de January de 2024","format":false,"excerpt":"26 de janeiro de 2024 | 13:0025 de janeiro de 2024 | 20:09 0O Conselho Municipal de Preserva\u00e7\u00e3o do Patrim\u00f4nio Cultural (Conppac) de Ribeir\u00e3o Preto realizar\u00e1 elei\u00e7\u00e3o para definir os representantes da sociedade civil organizada para o bi\u00eanio que compreende o per\u00edodo entre abril deste ano e de 2026. A\u2026","rel":"","context":"In &quot;Not\u00edcias de Ribeir\u00e3o Preto-SP e Regi\u00e3o&quot;","block_context":{"text":"Not\u00edcias de Ribeir\u00e3o Preto-SP e Regi\u00e3o","link":"https:\/\/noticiasribeiraopreto.com.br\/index.php\/category\/noticias-de-ribeirao-preto-sp-e-regiao-ismael-colosi\/"},"img":{"alt_text":"","src":"https:\/\/i0.wp.com\/noticiasribeiraopreto.com.br\/wp-content\/uploads\/2024\/01\/Conppac-Guilherme-Sircili-scaled.jpg?fit=968%2C645&ssl=1&resize=350%2C200","width":350,"height":200,"srcset":"https:\/\/i0.wp.com\/noticiasribeiraopreto.com.br\/wp-content\/uploads\/2024\/01\/Conppac-Guilherme-Sircili-scaled.jpg?fit=968%2C645&ssl=1&resize=350%2C200 1x, https:\/\/i0.wp.com\/noticiasribeiraopreto.com.br\/wp-content\/uploads\/2024\/01\/Conppac-Guilherme-Sircili-scaled.jpg?fit=968%2C645&ssl=1&resize=525%2C300 1.5x, https:\/\/i0.wp.com\/noticiasribeiraopreto.com.br\/wp-content\/uploads\/2024\/01\/Conppac-Guilherme-Sircili-scaled.jpg?fit=968%2C645&ssl=1&resize=700%2C400 2x"},"classes":[]},{"id":84731,"url":"https:\/\/noticiasribeiraopreto.com.br\/index.php\/2026\/04\/15\/conppac-vai-ficar-inativo-por-um-mes\/","url_meta":{"origin":38793,"position":1},"title":"Conppac vai ficar \u2028inativo por um m\u00eas","author":"noticiasribeiraopreto.com.br","date":"15 de April de 2026","format":false,"excerpt":"\r \r \r 15 de abril de 2026 07:23 \r Compartilhar0 A partir de quinta-feira (16), Conselho Municipal de Preserva\u00e7\u00e3o do Patrim\u00f4nio Cultural dever\u00e1 ficar inativo em pelo menos um m\u00eas A impugna\u00e7\u00e3o do processo eleitoral para a escolha dos novos conselheiros e do presidente do Conselho de Preserva\u00e7\u00e3o do\u2026","rel":"","context":"In &quot;Not\u00edcias de Ribeir\u00e3o Preto-SP e Regi\u00e3o&quot;","block_context":{"text":"Not\u00edcias de Ribeir\u00e3o Preto-SP e Regi\u00e3o","link":"https:\/\/noticiasribeiraopreto.com.br\/index.php\/category\/noticias-de-ribeirao-preto-sp-e-regiao-ismael-colosi\/"},"img":{"alt_text":"","src":"https:\/\/i0.wp.com\/noticiasribeiraopreto.com.br\/wp-content\/uploads\/2026\/04\/Conppac-Max-Gallao-Mesquita.jpg?fit=1086%2C741&ssl=1&resize=350%2C200","width":350,"height":200,"srcset":"https:\/\/i0.wp.com\/noticiasribeiraopreto.com.br\/wp-content\/uploads\/2026\/04\/Conppac-Max-Gallao-Mesquita.jpg?fit=1086%2C741&ssl=1&resize=350%2C200 1x, https:\/\/i0.wp.com\/noticiasribeiraopreto.com.br\/wp-content\/uploads\/2026\/04\/Conppac-Max-Gallao-Mesquita.jpg?fit=1086%2C741&ssl=1&resize=525%2C300 1.5x, https:\/\/i0.wp.com\/noticiasribeiraopreto.com.br\/wp-content\/uploads\/2026\/04\/Conppac-Max-Gallao-Mesquita.jpg?fit=1086%2C741&ssl=1&resize=700%2C400 2x, https:\/\/i0.wp.com\/noticiasribeiraopreto.com.br\/wp-content\/uploads\/2026\/04\/Conppac-Max-Gallao-Mesquita.jpg?fit=1086%2C741&ssl=1&resize=1050%2C600 3x"},"classes":[]},{"id":5300,"url":"https:\/\/noticiasribeiraopreto.com.br\/index.php\/2023\/11\/23\/ribeirao-preto-prorroga-inscricoes-de-concurso-publico-com-39-vagas\/","url_meta":{"origin":38793,"position":2},"title":"Ribeir\u00e3o Preto prorroga inscri\u00e7\u00f5es de concurso p\u00fablico com 39 vagas","author":"noticiasribeiraopreto.com.br","date":"23 de November de 2023","format":false,"excerpt":"A Prefeitura de Ribeir\u00e3o Preto prorrogou o prazo de inscri\u00e7\u00f5es de dois concursos p\u00fablicos com 39 vagas na \u00e1rea da sa\u00fade. O prazo terminaria nesta sexta-feira (24), mas foi prorrogado at\u00e9 as 16h de segunda-feira (27). De acordo com a RBO Concursos, organizadora da prova, a medida foi necess\u00e1ria por\u2026","rel":"","context":"In &quot;Not\u00edcias de Ribeir\u00e3o Preto-SP e Regi\u00e3o&quot;","block_context":{"text":"Not\u00edcias de Ribeir\u00e3o Preto-SP e Regi\u00e3o","link":"https:\/\/noticiasribeiraopreto.com.br\/index.php\/category\/noticias-de-ribeirao-preto-sp-e-regiao-ismael-colosi\/"},"img":{"alt_text":"","src":"https:\/\/i0.wp.com\/noticiasribeiraopreto.com.br\/wp-content\/uploads\/2023\/11\/medica.jpg?fit=1200%2C800&ssl=1&resize=350%2C200","width":350,"height":200,"srcset":"https:\/\/i0.wp.com\/noticiasribeiraopreto.com.br\/wp-content\/uploads\/2023\/11\/medica.jpg?fit=1200%2C800&ssl=1&resize=350%2C200 1x, https:\/\/i0.wp.com\/noticiasribeiraopreto.com.br\/wp-content\/uploads\/2023\/11\/medica.jpg?fit=1200%2C800&ssl=1&resize=525%2C300 1.5x, https:\/\/i0.wp.com\/noticiasribeiraopreto.com.br\/wp-content\/uploads\/2023\/11\/medica.jpg?fit=1200%2C800&ssl=1&resize=700%2C400 2x, https:\/\/i0.wp.com\/noticiasribeiraopreto.com.br\/wp-content\/uploads\/2023\/11\/medica.jpg?fit=1200%2C800&ssl=1&resize=1050%2C600 3x"},"classes":[]},{"id":42229,"url":"https:\/\/noticiasribeiraopreto.com.br\/index.php\/2024\/03\/13\/conppac-define-tombamento-de-flamboyants\/","url_meta":{"origin":38793,"position":3},"title":"Conppac define tombamento de flamboyants \u00a0","author":"noticiasribeiraopreto.com.br","date":"13 de March de 2024","format":false,"excerpt":"O Conselho de Preserva\u00e7\u00e3o do Patrim\u00f4nio Cultural (Conppac) decidiu pelo tombamento, como patrim\u00f4nio cultural e ambiental de Ribeir\u00e3o Preto, de 133 flamboyants que enfeitam o canteiro central da tradicional avenida Treze de Maio, uma das principais do munic\u00edpio que interliga a Presidente Castelo Branco, na Zona Leste \u2013 porta de\u2026","rel":"","context":"In &quot;Not\u00edcias de Ribeir\u00e3o Preto-SP e Regi\u00e3o&quot;","block_context":{"text":"Not\u00edcias de Ribeir\u00e3o Preto-SP e Regi\u00e3o","link":"https:\/\/noticiasribeiraopreto.com.br\/index.php\/category\/noticias-de-ribeirao-preto-sp-e-regiao-ismael-colosi\/"},"img":{"alt_text":"","src":"https:\/\/i0.wp.com\/noticiasribeiraopreto.com.br\/wp-content\/uploads\/2024\/03\/Conppac-Alfredo-Risk-scaled.jpg?fit=967%2C645&ssl=1&resize=350%2C200","width":350,"height":200,"srcset":"https:\/\/i0.wp.com\/noticiasribeiraopreto.com.br\/wp-content\/uploads\/2024\/03\/Conppac-Alfredo-Risk-scaled.jpg?fit=967%2C645&ssl=1&resize=350%2C200 1x, https:\/\/i0.wp.com\/noticiasribeiraopreto.com.br\/wp-content\/uploads\/2024\/03\/Conppac-Alfredo-Risk-scaled.jpg?fit=967%2C645&ssl=1&resize=525%2C300 1.5x, https:\/\/i0.wp.com\/noticiasribeiraopreto.com.br\/wp-content\/uploads\/2024\/03\/Conppac-Alfredo-Risk-scaled.jpg?fit=967%2C645&ssl=1&resize=700%2C400 2x"},"classes":[]},{"id":79092,"url":"https:\/\/noticiasribeiraopreto.com.br\/index.php\/2025\/10\/24\/conppac-denuncia-demolicao-de-casa\/","url_meta":{"origin":38793,"position":4},"title":"Conppac denuncia demoli\u00e7\u00e3o de casa","author":"noticiasribeiraopreto.com.br","date":"24 de October de 2025","format":false,"excerpt":"Im\u00f3vel fica pr\u00f3ximo aos Museus Hist\u00f3rico e de Ordem Geral Pl\u00ednio Travassos dos Santos e do Caf\u00e9 Coronel Francisco Schmidt, no campus da USP\u2028\u2028 O Conselho de Preserva\u00e7\u00e3o do Patrim\u00f4nio Cultural (Conppac) denunciou \u00e0 Promotoria do Meio Ambiente do Minist\u00e9rio P\u00fablico de S\u00e3o Paulo (MPSP) a demoli\u00e7\u00e3o de uma casa\u2026","rel":"","context":"In &quot;Not\u00edcias de Ribeir\u00e3o Preto-SP e Regi\u00e3o&quot;","block_context":{"text":"Not\u00edcias de Ribeir\u00e3o Preto-SP e Regi\u00e3o","link":"https:\/\/noticiasribeiraopreto.com.br\/index.php\/category\/noticias-de-ribeirao-preto-sp-e-regiao-ismael-colosi\/"},"img":{"alt_text":"","src":"https:\/\/i0.wp.com\/noticiasribeiraopreto.com.br\/wp-content\/uploads\/2025\/10\/Conppac-USP-Divulgacao-Conppac.jpg?fit=1083%2C753&ssl=1&resize=350%2C200","width":350,"height":200,"srcset":"https:\/\/i0.wp.com\/noticiasribeiraopreto.com.br\/wp-content\/uploads\/2025\/10\/Conppac-USP-Divulgacao-Conppac.jpg?fit=1083%2C753&ssl=1&resize=350%2C200 1x, https:\/\/i0.wp.com\/noticiasribeiraopreto.com.br\/wp-content\/uploads\/2025\/10\/Conppac-USP-Divulgacao-Conppac.jpg?fit=1083%2C753&ssl=1&resize=525%2C300 1.5x, https:\/\/i0.wp.com\/noticiasribeiraopreto.com.br\/wp-content\/uploads\/2025\/10\/Conppac-USP-Divulgacao-Conppac.jpg?fit=1083%2C753&ssl=1&resize=700%2C400 2x, https:\/\/i0.wp.com\/noticiasribeiraopreto.com.br\/wp-content\/uploads\/2025\/10\/Conppac-USP-Divulgacao-Conppac.jpg?fit=1083%2C753&ssl=1&resize=1050%2C600 3x"},"classes":[]},{"id":43278,"url":"https:\/\/noticiasribeiraopreto.com.br\/index.php\/2024\/03\/20\/conppac-tomba133-flamboyants-da-treze-de-maio\/","url_meta":{"origin":38793,"position":5},"title":"Conppac tomba133 flamboyants da Treze de Maio","author":"noticiasribeiraopreto.com.br","date":"20 de March de 2024","format":false,"excerpt":"20 de mar\u00e7o de 2024 | 12:0520 de mar\u00e7o de 2024 | 7:08 0Na noite de segunda-feira, 18 de mar\u00e7o, o Conselho de Preserva\u00e7\u00e3o do Patrim\u00f4nio Cultural (Conppac) finalizou o processo de tombamento, como patrim\u00f4nio cultural e ambiental de Ribeir\u00e3o Preto, de 133 flamboyants que enfeitam o canteiro central da\u2026","rel":"","context":"In &quot;Not\u00edcias de Ribeir\u00e3o Preto-SP e Regi\u00e3o&quot;","block_context":{"text":"Not\u00edcias de Ribeir\u00e3o Preto-SP e Regi\u00e3o","link":"https:\/\/noticiasribeiraopreto.com.br\/index.php\/category\/noticias-de-ribeirao-preto-sp-e-regiao-ismael-colosi\/"},"img":{"alt_text":"","src":"https:\/\/i0.wp.com\/noticiasribeiraopreto.com.br\/wp-content\/uploads\/2024\/03\/Conppac-Max-Gallao-Mesquita-scaled.jpg?fit=966%2C645&ssl=1&resize=350%2C200","width":350,"height":200,"srcset":"https:\/\/i0.wp.com\/noticiasribeiraopreto.com.br\/wp-content\/uploads\/2024\/03\/Conppac-Max-Gallao-Mesquita-scaled.jpg?fit=966%2C645&ssl=1&resize=350%2C200 1x, https:\/\/i0.wp.com\/noticiasribeiraopreto.com.br\/wp-content\/uploads\/2024\/03\/Conppac-Max-Gallao-Mesquita-scaled.jpg?fit=966%2C645&ssl=1&resize=525%2C300 1.5x, https:\/\/i0.wp.com\/noticiasribeiraopreto.com.br\/wp-content\/uploads\/2024\/03\/Conppac-Max-Gallao-Mesquita-scaled.jpg?fit=966%2C645&ssl=1&resize=700%2C400 2x"},"classes":[]}],"jetpack_sharing_enabled":true,"jetpack_shortlink":"https:\/\/wp.me\/peQAOb-a5H","_links":{"self":[{"href":"https:\/\/noticiasribeiraopreto.com.br\/index.php\/wp-json\/wp\/v2\/posts\/38793","targetHints":{"allow":["GET"]}}],"collection":[{"href":"https:\/\/noticiasribeiraopreto.com.br\/index.php\/wp-json\/wp\/v2\/posts"}],"about":[{"href":"https:\/\/noticiasribeiraopreto.com.br\/index.php\/wp-json\/wp\/v2\/types\/post"}],"author":[{"embeddable":true,"href":"https:\/\/noticiasribeiraopreto.com.br\/index.php\/wp-json\/wp\/v2\/users\/1"}],"replies":[{"embeddable":true,"href":"https:\/\/noticiasribeiraopreto.com.br\/index.php\/wp-json\/wp\/v2\/comments?post=38793"}],"version-history":[{"count":0,"href":"https:\/\/noticiasribeiraopreto.com.br\/index.php\/wp-json\/wp\/v2\/posts\/38793\/revisions"}],"wp:featuredmedia":[{"embeddable":true,"href":"https:\/\/noticiasribeiraopreto.com.br\/index.php\/wp-json\/wp\/v2\/media\/38794"}],"wp:attachment":[{"href":"https:\/\/noticiasribeiraopreto.com.br\/index.php\/wp-json\/wp\/v2\/media?parent=38793"}],"wp:term":[{"taxonomy":"category","embeddable":true,"href":"https:\/\/noticiasribeiraopreto.com.br\/index.php\/wp-json\/wp\/v2\/categories?post=38793"},{"taxonomy":"post_tag","embeddable":true,"href":"https:\/\/noticiasribeiraopreto.com.br\/index.php\/wp-json\/wp\/v2\/tags?post=38793"}],"curies":[{"name":"wp","href":"https:\/\/api.w.org\/{rel}","templated":true}]}}