{"id":38807,"date":"2024-02-21T17:33:03","date_gmt":"2024-02-21T20:33:03","guid":{"rendered":"https:\/\/noticiasribeiraopreto.com.br\/index.php\/2024\/02\/21\/o-que-falta-esclarecer-no-caso-do-tiroteio-no-centro-de-ribeirao-preto\/"},"modified":"2024-02-21T17:33:03","modified_gmt":"2024-02-21T20:33:03","slug":"o-que-falta-esclarecer-no-caso-do-tiroteio-no-centro-de-ribeirao-preto","status":"publish","type":"post","link":"https:\/\/noticiasribeiraopreto.com.br\/index.php\/2024\/02\/21\/o-que-falta-esclarecer-no-caso-do-tiroteio-no-centro-de-ribeirao-preto\/","title":{"rendered":"O que falta esclarecer no caso do tiroteio no Centro de Ribeir\u00e3o Preto"},"content":{"rendered":"<div class='code-block code-block-1' style='margin: 8px 0 8px auto; text-align: right; display: block; clear: both;'>\n<p><a href=\"https:\/\/wa.link\/vpicfd\"><img data-recalc-dims=\"1\" class=\"wp-image-4922\" style=\"aspect-ratio: 2.0253164556962027; width: 561px; height: auto;\" src=\"https:\/\/i0.wp.com\/ismaelcolosi.com.br\/wp-content\/uploads\/2023\/11\/grupo-de-empregos-whatsapp-e-facebook-ismael-colosi-vagas.jpg?ssl=1\" alt=\"\" \/><\/a><\/p>\n<!-- \/wp:image -->\n<\/div>\n<p> <br \/>\n<\/p>\n<div>\n<p>O delegado <strong>Targino Os\u00f3rio<\/strong> afirma que a <strong>Pol\u00edcia Civil<\/strong> ainda n\u00e3o recebeu den\u00fancias sobre os envolvidos na tentativa de assalto que terminou com a morte do <strong>policial militar<\/strong> aposentado <strong>Darie Alves Tremura,<\/strong> de 63 anos, no dia 12 de fevereiro.<\/p>\n<p>O respons\u00e1vel pelas investiga\u00e7\u00f5es afirma que uma for\u00e7a-tarefa atua no caso para encontrar os criminosos. \u201cN\u00f3s estamos trabalhando basicamente com as imagens. J\u00e1 trabalhamos v\u00e1rias pesquisas, antecedentes de pessoas, \u00e9 uma for\u00e7a-tarefa que est\u00e1 existindo aqui\u201d, disse \u00e0 <strong>EPTV<\/strong>.<\/p>\n<p>Segundo o delegado, dos suspeitos pode ser do Paran\u00e1 e, por isso, a Pol\u00edcia Civil paranaense foi acionada. \u201cEst\u00e1 muito longe ainda para a gente chegar nesse sujeito\u201d, declarou Targino.<\/p>\n<h4 class=\"wp-block-heading\"><strong>Outro suspeito preso<\/strong><\/h4>\n<p>No dia 13 de fevereiro, um homem de 20 anos foi preso na rodovia Mario Titoto, na \u00e1rea rural de Serrana, suspeito de envolvimento na tentativa de assalto. Essa pessoa foi presa em flagrante \u2013 a pris\u00e3o foi convertida em preventiva.<\/p>\n<p>Segundo o delegado, o prazo para conclus\u00e3o do inqu\u00e9rito vence amanh\u00e3 e, as provas colhidas at\u00e9 o momento, descartariam esse homem estivesse no local do crime. Por isso, ele deve ser colocado em liberdade provis\u00f3ria.<\/p>\n<h4 class=\"wp-block-heading\"><strong>Fam\u00edlia pede informa\u00e7\u00f5es<\/strong><\/h4>\n<p>Em entrevista para<strong> EPTV<\/strong>, a mulher de Darie, Sandra Tremura, pede informa\u00e7\u00f5es sobre os criminosos envolvidos na morte do marido. \u201cEu espero que quem saiba de alguma coisa, que denuncie\u201d, disse.<\/p>\n<p>\u201cEu estou confiando que as pessoas que souberem, denunciem. Porque, vai ser atrav\u00e9s disso que a gente vai chegar nessa organiza\u00e7\u00e3o [criminosa]\u201d, declarou.<\/p>\n<h4 class=\"wp-block-heading\"><strong>O caso<\/strong><\/h4>\n<p>O policial militar reformado Darie Alves Tremura, de 63 anos, foi morto na manh\u00e3 desta segunda-feira (12), no Centro de Ribeir\u00e3o Preto, durante um assalto. O enteado da v\u00edtima, de 36 anos, tamb\u00e9m foi baleado.<\/p>\n<p>O policial militar reformado e o enteado estavam fazendo a retirada de cerca de R$ 23 mil \u2013 de acordo com o <strong>B.O. (boletim de ocorr\u00eancia)<\/strong> \u2013 do posto de recarga para uma empresa de transportes.<\/p>\n<p>Darie Alves Tremura chegou a ser levado para o <strong>HC-UE (Hospital das Cl\u00ednicas \u2013 Unidade de Emerg\u00eancia)<\/strong>, mas n\u00e3o resistiu aos ferimentos. O enteado dele foi levado para um hospital da rede privada e recebeu alta no domingo (18).<\/p>\n<p>SAIBA MAIS<br \/>Veja a regi\u00e3o que concentra o maior n\u00famero de casos de dengue em Ribeir\u00e3o<\/p>\n<h2 class=\"wp-block-heading\"><strong>FIQUE ON<\/strong><\/h2>\n<p>Fique ligado em tudo que acontece em Ribeir\u00e3o Preto e regi\u00e3o. Siga os perfis do <strong>acidade on <\/strong>no <a href=\"https:\/\/www.instagram.com\/acidadeonribeirao\" target=\"_blank\" rel=\"noreferrer noopener nofollow\">Instagram<\/a> e no<a href=\"https:\/\/www.facebook.com\/acidadeonribeirao\" target=\"_blank\" rel=\"noreferrer noopener nofollow\"> Facebook<\/a>.<\/p>\n<p>Receba not\u00edcias do <strong>acidade on <\/strong>no WhatsApp. <a href=\"https:\/\/chat.whatsapp.com\/Bnv2w66ZT4VDyZW3oiZ69n\" target=\"_blank\" rel=\"noreferrer noopener nofollow\">Para entrar no grupo, basta clicar aqui.<\/a><\/p>\n<p>Fa\u00e7a uma den\u00fancia ou sugira uma reportagem sobre Ribeir\u00e3o Preto e regi\u00e3o pelo WhatsApp: 16 99117 7802.<\/p>\n<p>VEJA TAMB\u00c9M<br \/>Qual foi o Pared\u00e3o com mais votos da hist\u00f3ria do BBB?<\/p>\n<p><!-- AI CONTENT END 1 -->\n<\/div>\n<p><script async src=\"\/\/www.instagram.com\/embed.js\"><\/script><br \/>\n<br \/><br \/>\n<br \/><a href=\"https:\/\/www.acidadeon.com\/ribeiraopreto\/cotidiano\/o-que-falta-esclarecer-no-caso-do-tiroteio-no-centro-de-ribeirao-preto\/\">Source link <\/a><\/p>\n<!-- CONTENT END 1 -->\n","protected":false},"excerpt":{"rendered":"<p>O delegado Targino Os\u00f3rio afirma que a Pol\u00edcia Civil ainda n\u00e3o recebeu den\u00fancias sobre os envolvidos na tentativa de assalto que terminou com a morte&#8230;<\/p>\n","protected":false},"author":1,"featured_media":38808,"comment_status":"open","ping_status":"open","sticky":false,"template":"","format":"standard","meta":{"advanced_seo_description":"","jetpack_seo_html_title":"","jetpack_seo_noindex":false,"jetpack_post_was_ever_published":false,"_jetpack_newsletter_access":"","_jetpack_dont_email_post_to_subs":false,"_jetpack_newsletter_tier_id":0,"_jetpack_memberships_contains_paywalled_content":false,"_jetpack_memberships_contains_paid_content":false,"footnotes":"","jetpack_publicize_message":"","jetpack_publicize_feature_enabled":true,"jetpack_social_post_already_shared":true,"jetpack_social_options":{"image_generator_settings":{"template":"highway","default_image_id":0,"font":"","enabled":false},"version":2}},"categories":[11],"tags":[],"class_list":["post-38807","post","type-post","status-publish","format-standard","has-post-thumbnail","hentry","category-noticias-de-ribeirao-preto-sp-e-regiao-ismael-colosi"],"jetpack_publicize_connections":[],"jetpack_featured_media_url":"https:\/\/i0.wp.com\/noticiasribeiraopreto.com.br\/wp-content\/uploads\/2024\/02\/1708547583_WhatsApp-Image-2024-02-12-at-16.27.00.jpeg?fit=1280%2C720&ssl=1","jetpack-related-posts":[{"id":40559,"url":"https:\/\/noticiasribeiraopreto.com.br\/index.php\/2024\/03\/04\/tres-semanas-apos-morte-de-pm-em-ribeirao-suspeitos-ainda-nao-foram-identificados\/","url_meta":{"origin":38807,"position":0},"title":"Tr\u00eas semanas ap\u00f3s morte de PM em Ribeir\u00e3o, suspeitos ainda n\u00e3o foram identificados","author":"noticiasribeiraopreto.com.br","date":"4 de March de 2024","format":false,"excerpt":"J\u00e1 se passaram tr\u00eas semanas desde que o policial militar reformado Darie Alves Tremura, de 63 anos, morreu no Centro de Ribeir\u00e3o Preto, durante um assalto, e apesar das c\u00e2meras de seguran\u00e7a dispon\u00edveis no local do crime, os suspeitos ainda n\u00e3o foram identificados. De acordo com o delegado Targino Os\u00f3rio,\u2026","rel":"","context":"In &quot;Not\u00edcias de Ribeir\u00e3o Preto-SP e Regi\u00e3o&quot;","block_context":{"text":"Not\u00edcias de Ribeir\u00e3o Preto-SP e Regi\u00e3o","link":"https:\/\/noticiasribeiraopreto.com.br\/index.php\/category\/noticias-de-ribeirao-preto-sp-e-regiao-ismael-colosi\/"},"img":{"alt_text":"","src":"https:\/\/i0.wp.com\/noticiasribeiraopreto.com.br\/wp-content\/uploads\/2024\/03\/AnyConv.com__Copia-de-Copia-de-TAMANHO-EXATO-PARA-FOTOS-NO-SISTEMA-NOVO-61.webp.webp?fit=1200%2C675&ssl=1&resize=350%2C200","width":350,"height":200,"srcset":"https:\/\/i0.wp.com\/noticiasribeiraopreto.com.br\/wp-content\/uploads\/2024\/03\/AnyConv.com__Copia-de-Copia-de-TAMANHO-EXATO-PARA-FOTOS-NO-SISTEMA-NOVO-61.webp.webp?fit=1200%2C675&ssl=1&resize=350%2C200 1x, https:\/\/i0.wp.com\/noticiasribeiraopreto.com.br\/wp-content\/uploads\/2024\/03\/AnyConv.com__Copia-de-Copia-de-TAMANHO-EXATO-PARA-FOTOS-NO-SISTEMA-NOVO-61.webp.webp?fit=1200%2C675&ssl=1&resize=525%2C300 1.5x, https:\/\/i0.wp.com\/noticiasribeiraopreto.com.br\/wp-content\/uploads\/2024\/03\/AnyConv.com__Copia-de-Copia-de-TAMANHO-EXATO-PARA-FOTOS-NO-SISTEMA-NOVO-61.webp.webp?fit=1200%2C675&ssl=1&resize=700%2C400 2x, https:\/\/i0.wp.com\/noticiasribeiraopreto.com.br\/wp-content\/uploads\/2024\/03\/AnyConv.com__Copia-de-Copia-de-TAMANHO-EXATO-PARA-FOTOS-NO-SISTEMA-NOVO-61.webp.webp?fit=1200%2C675&ssl=1&resize=1050%2C600 3x"},"classes":[]},{"id":63934,"url":"https:\/\/noticiasribeiraopreto.com.br\/index.php\/2025\/02\/25\/saiba-quem-sao-os-suspeitos-de-trocar-tiros-com-pm-durante-tentativa-de-roubo-em-ribeirao\/","url_meta":{"origin":38807,"position":1},"title":"Saiba quem s\u00e3o os suspeitos de trocar tiros com PM durante tentativa de roubo em Ribeir\u00e3o","author":"noticiasribeiraopreto.com.br","date":"25 de February de 2025","format":false,"excerpt":"A Pol\u00edcia Civil identificou os dois suspeitos envolvidos em uma tentativa de roubo a um policial militar, que tamb\u00e9m \u00e9 guincheiro, no Jardim Proc\u00f3pio, em Ribeir\u00e3o Preto. Duverci Macedo de Matos Neto e Pedro Henrique Lemes de Souza, ambos de 24 anos, est\u00e3o foragidos e j\u00e1 t\u00eam passagens pela pol\u00edcia.\u2026","rel":"","context":"In &quot;Not\u00edcias de Ribeir\u00e3o Preto-SP e Regi\u00e3o&quot;","block_context":{"text":"Not\u00edcias de Ribeir\u00e3o Preto-SP e Regi\u00e3o","link":"https:\/\/noticiasribeiraopreto.com.br\/index.php\/category\/noticias-de-ribeirao-preto-sp-e-regiao-ismael-colosi\/"},"img":{"alt_text":"","src":"https:\/\/i0.wp.com\/noticiasribeiraopreto.com.br\/wp-content\/uploads\/2025\/02\/Copia-de-Copia-de-Copia-de-TAMANHO-EXATO-PARA-FOTOS-NO-SISTEMA-NOVO-2025-02-25T194601.640_2025-02-25_22-46-47_png_2025-02-25_22-46-47.webp.webp?fit=1200%2C675&ssl=1&resize=350%2C200","width":350,"height":200,"srcset":"https:\/\/i0.wp.com\/noticiasribeiraopreto.com.br\/wp-content\/uploads\/2025\/02\/Copia-de-Copia-de-Copia-de-TAMANHO-EXATO-PARA-FOTOS-NO-SISTEMA-NOVO-2025-02-25T194601.640_2025-02-25_22-46-47_png_2025-02-25_22-46-47.webp.webp?fit=1200%2C675&ssl=1&resize=350%2C200 1x, https:\/\/i0.wp.com\/noticiasribeiraopreto.com.br\/wp-content\/uploads\/2025\/02\/Copia-de-Copia-de-Copia-de-TAMANHO-EXATO-PARA-FOTOS-NO-SISTEMA-NOVO-2025-02-25T194601.640_2025-02-25_22-46-47_png_2025-02-25_22-46-47.webp.webp?fit=1200%2C675&ssl=1&resize=525%2C300 1.5x, https:\/\/i0.wp.com\/noticiasribeiraopreto.com.br\/wp-content\/uploads\/2025\/02\/Copia-de-Copia-de-Copia-de-TAMANHO-EXATO-PARA-FOTOS-NO-SISTEMA-NOVO-2025-02-25T194601.640_2025-02-25_22-46-47_png_2025-02-25_22-46-47.webp.webp?fit=1200%2C675&ssl=1&resize=700%2C400 2x, https:\/\/i0.wp.com\/noticiasribeiraopreto.com.br\/wp-content\/uploads\/2025\/02\/Copia-de-Copia-de-Copia-de-TAMANHO-EXATO-PARA-FOTOS-NO-SISTEMA-NOVO-2025-02-25T194601.640_2025-02-25_22-46-47_png_2025-02-25_22-46-47.webp.webp?fit=1200%2C675&ssl=1&resize=1050%2C600 3x"},"classes":[]},{"id":38615,"url":"https:\/\/noticiasribeiraopreto.com.br\/index.php\/2024\/02\/20\/policia-recupera-celular-de-engenheiro-assassinado\/","url_meta":{"origin":38807,"position":2},"title":"Pol\u00edcia recupera celular de engenheiro assassinado","author":"noticiasribeiraopreto.com.br","date":"20 de February de 2024","format":false,"excerpt":"Telefone havia sido comprado por comerciante em grupo de vendas pela internet 20 de fevereiro de 2024 | 16:4120 de fevereiro de 2024 | 17:03 2Por: Adalberto LuqueO celular do engenheiro Paulo Roberto Carvalho Pena Braga Filho, roubado ap\u00f3s sua morte em um quarto de loca\u00e7\u00e3o de curtas perman\u00eancias na\u2026","rel":"","context":"In &quot;Not\u00edcias de Ribeir\u00e3o Preto-SP e Regi\u00e3o&quot;","block_context":{"text":"Not\u00edcias de Ribeir\u00e3o Preto-SP e Regi\u00e3o","link":"https:\/\/noticiasribeiraopreto.com.br\/index.php\/category\/noticias-de-ribeirao-preto-sp-e-regiao-ismael-colosi\/"},"img":{"alt_text":"","src":"https:\/\/i0.wp.com\/noticiasribeiraopreto.com.br\/wp-content\/uploads\/2024\/02\/00-20-fev-2024-CPJ-luque-foto-alfredo-risk-scaled.jpg?fit=968%2C645&ssl=1&resize=350%2C200","width":350,"height":200,"srcset":"https:\/\/i0.wp.com\/noticiasribeiraopreto.com.br\/wp-content\/uploads\/2024\/02\/00-20-fev-2024-CPJ-luque-foto-alfredo-risk-scaled.jpg?fit=968%2C645&ssl=1&resize=350%2C200 1x, https:\/\/i0.wp.com\/noticiasribeiraopreto.com.br\/wp-content\/uploads\/2024\/02\/00-20-fev-2024-CPJ-luque-foto-alfredo-risk-scaled.jpg?fit=968%2C645&ssl=1&resize=525%2C300 1.5x, https:\/\/i0.wp.com\/noticiasribeiraopreto.com.br\/wp-content\/uploads\/2024\/02\/00-20-fev-2024-CPJ-luque-foto-alfredo-risk-scaled.jpg?fit=968%2C645&ssl=1&resize=700%2C400 2x"},"classes":[]},{"id":61455,"url":"https:\/\/noticiasribeiraopreto.com.br\/index.php\/2024\/12\/12\/suspeito-de-matar-pm-aposentado-em-ribeirao-deu-entrada-em-pronto-socorro-apos-o-crime\/","url_meta":{"origin":38807,"position":3},"title":"Suspeito de matar PM aposentado em Ribeir\u00e3o deu entrada em pronto-socorro ap\u00f3s o crime","author":"noticiasribeiraopreto.com.br","date":"12 de December de 2024","format":false,"excerpt":"H\u00e1 cerca de dez meses a Pol\u00edcia Civil investiga Emerson Pereira da Silva, de 39 anos, preso nesta quinta-feira (12), por suspeita de envolvimento na morte do policial militar aposentado Darie Alves Tremura, em fevereiro deste ano, durante um assalto no Centro de Ribeir\u00e3o Preto. De acordo com o delegado\u2026","rel":"","context":"In &quot;Not\u00edcias de Ribeir\u00e3o Preto-SP e Regi\u00e3o&quot;","block_context":{"text":"Not\u00edcias de Ribeir\u00e3o Preto-SP e Regi\u00e3o","link":"https:\/\/noticiasribeiraopreto.com.br\/index.php\/category\/noticias-de-ribeirao-preto-sp-e-regiao-ismael-colosi\/"},"img":{"alt_text":"","src":"https:\/\/i0.wp.com\/noticiasribeiraopreto.com.br\/wp-content\/uploads\/2024\/12\/Copia-de-Copia-de-Copia-de-TAMANHO-EXATO-PARA-FOTOS-NO-SISTEMA-NOVO-2024-12-12T221030.468_2024-12-13_01-10-37_png_2024-12-13_01-10-37.webp.webp?fit=1200%2C675&ssl=1&resize=350%2C200","width":350,"height":200,"srcset":"https:\/\/i0.wp.com\/noticiasribeiraopreto.com.br\/wp-content\/uploads\/2024\/12\/Copia-de-Copia-de-Copia-de-TAMANHO-EXATO-PARA-FOTOS-NO-SISTEMA-NOVO-2024-12-12T221030.468_2024-12-13_01-10-37_png_2024-12-13_01-10-37.webp.webp?fit=1200%2C675&ssl=1&resize=350%2C200 1x, https:\/\/i0.wp.com\/noticiasribeiraopreto.com.br\/wp-content\/uploads\/2024\/12\/Copia-de-Copia-de-Copia-de-TAMANHO-EXATO-PARA-FOTOS-NO-SISTEMA-NOVO-2024-12-12T221030.468_2024-12-13_01-10-37_png_2024-12-13_01-10-37.webp.webp?fit=1200%2C675&ssl=1&resize=525%2C300 1.5x, https:\/\/i0.wp.com\/noticiasribeiraopreto.com.br\/wp-content\/uploads\/2024\/12\/Copia-de-Copia-de-Copia-de-TAMANHO-EXATO-PARA-FOTOS-NO-SISTEMA-NOVO-2024-12-12T221030.468_2024-12-13_01-10-37_png_2024-12-13_01-10-37.webp.webp?fit=1200%2C675&ssl=1&resize=700%2C400 2x, https:\/\/i0.wp.com\/noticiasribeiraopreto.com.br\/wp-content\/uploads\/2024\/12\/Copia-de-Copia-de-Copia-de-TAMANHO-EXATO-PARA-FOTOS-NO-SISTEMA-NOVO-2024-12-12T221030.468_2024-12-13_01-10-37_png_2024-12-13_01-10-37.webp.webp?fit=1200%2C675&ssl=1&resize=1050%2C600 3x"},"classes":[]},{"id":62513,"url":"https:\/\/noticiasribeiraopreto.com.br\/index.php\/2025\/01\/16\/policia-civil-prende-mais-um-acusado-de-roubo-milionario-na-zona-sul-de-ribeirao-preto\/","url_meta":{"origin":38807,"position":4},"title":"Pol\u00edcia Civil prende mais um acusado de roubo milion\u00e1rio na zona Sul de Ribeir\u00e3o Preto","author":"noticiasribeiraopreto.com.br","date":"16 de January de 2025","format":false,"excerpt":"A Pol\u00edcia Civil prendeu nesta quinta-feira (16) mais um suspeito de envolvimento no roubo de 100 mil d\u00f3lares e uma maleta com joias avaliadas em R$ 4 milh\u00f5es, que aconteceu no final do ano passado, em uma resid\u00eancia da zona Sul de Ribeir\u00e3o Preto. Um mandado de pris\u00e3o tempor\u00e1ria foi\u2026","rel":"","context":"In &quot;Not\u00edcias de Ribeir\u00e3o Preto-SP e Regi\u00e3o&quot;","block_context":{"text":"Not\u00edcias de Ribeir\u00e3o Preto-SP e Regi\u00e3o","link":"https:\/\/noticiasribeiraopreto.com.br\/index.php\/category\/noticias-de-ribeirao-preto-sp-e-regiao-ismael-colosi\/"},"img":{"alt_text":"","src":"https:\/\/i0.wp.com\/noticiasribeiraopreto.com.br\/wp-content\/uploads\/2025\/01\/WhatsApp-Image-2025-01-16-at-11.30.22_2025-01-16_15-08-06_jpeg_2025-01-16_15-08-06.webp.webp?fit=1200%2C675&ssl=1&resize=350%2C200","width":350,"height":200,"srcset":"https:\/\/i0.wp.com\/noticiasribeiraopreto.com.br\/wp-content\/uploads\/2025\/01\/WhatsApp-Image-2025-01-16-at-11.30.22_2025-01-16_15-08-06_jpeg_2025-01-16_15-08-06.webp.webp?fit=1200%2C675&ssl=1&resize=350%2C200 1x, https:\/\/i0.wp.com\/noticiasribeiraopreto.com.br\/wp-content\/uploads\/2025\/01\/WhatsApp-Image-2025-01-16-at-11.30.22_2025-01-16_15-08-06_jpeg_2025-01-16_15-08-06.webp.webp?fit=1200%2C675&ssl=1&resize=525%2C300 1.5x, https:\/\/i0.wp.com\/noticiasribeiraopreto.com.br\/wp-content\/uploads\/2025\/01\/WhatsApp-Image-2025-01-16-at-11.30.22_2025-01-16_15-08-06_jpeg_2025-01-16_15-08-06.webp.webp?fit=1200%2C675&ssl=1&resize=700%2C400 2x, https:\/\/i0.wp.com\/noticiasribeiraopreto.com.br\/wp-content\/uploads\/2025\/01\/WhatsApp-Image-2025-01-16-at-11.30.22_2025-01-16_15-08-06_jpeg_2025-01-16_15-08-06.webp.webp?fit=1200%2C675&ssl=1&resize=1050%2C600 3x"},"classes":[]},{"id":28935,"url":"https:\/\/noticiasribeiraopreto.com.br\/index.php\/2024\/01\/17\/o-que-se-sabe-sobre-o-acusado-de-matar-engenheiro-em-ribeirao-preto\/","url_meta":{"origin":38807,"position":5},"title":"O que se sabe sobre o acusado de matar engenheiro em Ribeir\u00e3o Preto","author":"noticiasribeiraopreto.com.br","date":"17 de January de 2024","format":false,"excerpt":"O homem que foi preso em Nova Igua\u00e7u, no Rio de Janeiro, acusado de matar o engenheiro Paulo Roberto Carvalho Braga Pena Filho, deve ser transferido para Ribeir\u00e3o Preto at\u00e9 a pr\u00f3xima sexta-feira (19). Ele ainda n\u00e3o prestou depoimento sobre o caso. Gabriel Souza Brito foi detido pela Pol\u00edcia Civil\u2026","rel":"","context":"In &quot;Not\u00edcias de Ribeir\u00e3o Preto-SP e Regi\u00e3o&quot;","block_context":{"text":"Not\u00edcias de Ribeir\u00e3o Preto-SP e Regi\u00e3o","link":"https:\/\/noticiasribeiraopreto.com.br\/index.php\/category\/noticias-de-ribeirao-preto-sp-e-regiao-ismael-colosi\/"},"img":{"alt_text":"","src":"https:\/\/i0.wp.com\/noticiasribeiraopreto.com.br\/wp-content\/uploads\/2024\/01\/1705467672_GABRIEL-SOUZA-BRITO.jpeg?fit=1200%2C675&ssl=1&resize=350%2C200","width":350,"height":200,"srcset":"https:\/\/i0.wp.com\/noticiasribeiraopreto.com.br\/wp-content\/uploads\/2024\/01\/1705467672_GABRIEL-SOUZA-BRITO.jpeg?fit=1200%2C675&ssl=1&resize=350%2C200 1x, https:\/\/i0.wp.com\/noticiasribeiraopreto.com.br\/wp-content\/uploads\/2024\/01\/1705467672_GABRIEL-SOUZA-BRITO.jpeg?fit=1200%2C675&ssl=1&resize=525%2C300 1.5x, https:\/\/i0.wp.com\/noticiasribeiraopreto.com.br\/wp-content\/uploads\/2024\/01\/1705467672_GABRIEL-SOUZA-BRITO.jpeg?fit=1200%2C675&ssl=1&resize=700%2C400 2x, https:\/\/i0.wp.com\/noticiasribeiraopreto.com.br\/wp-content\/uploads\/2024\/01\/1705467672_GABRIEL-SOUZA-BRITO.jpeg?fit=1200%2C675&ssl=1&resize=1050%2C600 3x"},"classes":[]}],"jetpack_sharing_enabled":true,"jetpack_shortlink":"https:\/\/wp.me\/peQAOb-a5V","_links":{"self":[{"href":"https:\/\/noticiasribeiraopreto.com.br\/index.php\/wp-json\/wp\/v2\/posts\/38807","targetHints":{"allow":["GET"]}}],"collection":[{"href":"https:\/\/noticiasribeiraopreto.com.br\/index.php\/wp-json\/wp\/v2\/posts"}],"about":[{"href":"https:\/\/noticiasribeiraopreto.com.br\/index.php\/wp-json\/wp\/v2\/types\/post"}],"author":[{"embeddable":true,"href":"https:\/\/noticiasribeiraopreto.com.br\/index.php\/wp-json\/wp\/v2\/users\/1"}],"replies":[{"embeddable":true,"href":"https:\/\/noticiasribeiraopreto.com.br\/index.php\/wp-json\/wp\/v2\/comments?post=38807"}],"version-history":[{"count":0,"href":"https:\/\/noticiasribeiraopreto.com.br\/index.php\/wp-json\/wp\/v2\/posts\/38807\/revisions"}],"wp:featuredmedia":[{"embeddable":true,"href":"https:\/\/noticiasribeiraopreto.com.br\/index.php\/wp-json\/wp\/v2\/media\/38808"}],"wp:attachment":[{"href":"https:\/\/noticiasribeiraopreto.com.br\/index.php\/wp-json\/wp\/v2\/media?parent=38807"}],"wp:term":[{"taxonomy":"category","embeddable":true,"href":"https:\/\/noticiasribeiraopreto.com.br\/index.php\/wp-json\/wp\/v2\/categories?post=38807"},{"taxonomy":"post_tag","embeddable":true,"href":"https:\/\/noticiasribeiraopreto.com.br\/index.php\/wp-json\/wp\/v2\/tags?post=38807"}],"curies":[{"name":"wp","href":"https:\/\/api.w.org\/{rel}","templated":true}]}}