{"id":38809,"date":"2024-02-21T18:00:07","date_gmt":"2024-02-21T21:00:07","guid":{"rendered":"https:\/\/noticiasribeiraopreto.com.br\/index.php\/2024\/02\/21\/empresa-anuncia-programacao-2024-com-30-shows-e-eventos-ja-confirmados\/"},"modified":"2024-02-21T18:00:07","modified_gmt":"2024-02-21T21:00:07","slug":"empresa-anuncia-programacao-2024-com-30-shows-e-eventos-ja-confirmados","status":"publish","type":"post","link":"https:\/\/noticiasribeiraopreto.com.br\/index.php\/2024\/02\/21\/empresa-anuncia-programacao-2024-com-30-shows-e-eventos-ja-confirmados\/","title":{"rendered":"Empresa anuncia programa\u00e7\u00e3o 2024 com 30 shows e eventos j\u00e1 confirmados"},"content":{"rendered":"<div class='code-block code-block-1' style='margin: 8px 0 8px auto; text-align: right; display: block; clear: both;'>\n<p><a href=\"https:\/\/wa.link\/vpicfd\"><img data-recalc-dims=\"1\" class=\"wp-image-4922\" style=\"aspect-ratio: 2.0253164556962027; width: 561px; height: auto;\" src=\"https:\/\/i0.wp.com\/ismaelcolosi.com.br\/wp-content\/uploads\/2023\/11\/grupo-de-empregos-whatsapp-e-facebook-ismael-colosi-vagas.jpg?ssl=1\" alt=\"\" \/><\/a><\/p>\n<!-- \/wp:image -->\n<\/div>\n<p> <br \/>\n<\/p>\n<div>\n<p>O Centro de Eventos Ribeir\u00e3oShopping passou a se chamar Multiplan Hall desde o dia 1\u00ba de fevereiro e est\u00e1 repleto de novidades. Com nova gest\u00e3o operacional, o local promete surpreender o p\u00fablico com as melhores experi\u00eancias, exposi\u00e7\u00f5es, shows nacionais e internacionais. Hoje foi realizado um caf\u00e9 da manh\u00e3 para apresentar a nova gest\u00e3o do Multiplan Hall e anunciar a programa\u00e7\u00e3o 2024, que conta com 30 shows e eventos j\u00e1 confirmados at\u00e9 o momento.<\/p>\n<p>Os novos parceiros operacionais do Ribeir\u00e3oShopping no Multiplan Hall s\u00e3o as seguintes empresas: Grupo Tacatinta, que possui vasta experi\u00eancia em eventos e em diversas verticais do entretenimento nacional e internacional; a Music On, que re\u00fane um time de executivos experientes no ramo da m\u00fasica, promovendo grandes shows e festivais nacionais e internacionais; a gigante Ticketmaster, o maior marketplace de ingressos do mundo e l\u00edder global de mercado em produtos e servi\u00e7os de ingressos para eventos ao vivo, subsidi\u00e1ria da americana Live Nation Entertainment, empresa l\u00edder mundial em entretenimento ao vivo, que far\u00e1 a comercializa\u00e7\u00e3o de ingressos com exclusividade de todos os eventos, exposi\u00e7\u00f5es e projetos especiais do Multiplan Hall Ribeir\u00e3oShopping. E na \u00e1rea de projetos especiais \u00e9 a Gaia Cenografia, l\u00edder de mercado, que atua em diversos festivais como Rock in Rio, Lollapalooza, The Town Festival, CCXP e v\u00e1rios outros grandes eventos.<\/p>\n<p>No caf\u00e9 da manh\u00e3, realizado hoje, estiveram presentes para receber os convidados os gestores do Ribeir\u00e3oShopping e o superintendente Marcos Botelho, Branco Gualberto, diretor da Tacatinta, Donovan Ferreti, presidente da Ticketmaster Brasil e William Crunfli, diretor da Music On. Na ocasi\u00e3o foi anunciada a programa\u00e7\u00e3o parcial de 2024 com a confirma\u00e7\u00e3o de 30 shows e eventos.<\/p>\n<p>As datas dos shows ser\u00e3o anunciadas nas redes sociais atrav\u00e9s do Instagram oficial @multiplanhall_ribeiraoshopping a partir do dia 1\u00ba de mar\u00e7o de 2024, e as vendas estar\u00e3o abertas pelo site www.ticketmaster.com.br.<\/p>\n<p><strong>Confira o que vem por a\u00ed.<\/strong><\/p>\n<p><strong>Shows internacionais confirmados:<\/strong><\/p>\n<p>Abba \u2013 The Show, Oingo Boingo, Dire Straits Legacy, And Summer a Lenda do The Police.<\/p>\n<p><strong>Shows nacionais confirmados:<\/strong><\/p>\n<p>Tit\u00e3s, Diogo Nogueira, Jorge Vercillo, Paulo Ricardo, Blitz, Fabio Junior, Ana Carolina, Seu Jorge, Z\u00e9 Ramalho, O Grande Encontro (Elba, Alceu e Geraldo), Padre Fabio de Melo, Almir Sater, Marina Lima, Jo\u00e3o Bosco, Celebra\u00e7\u00e3o Elis Regina com grandes convidados, Os Paralamas do Sucesso, Jota Quest, S\u00f3 Pra Contrariar, Zeca Pagodinho. Em breve, ser\u00e3o anunciados os shows sertanejos, que tamb\u00e9m n\u00e3o podem ficar de fora da programa\u00e7\u00e3o.<\/p>\n<p>No setor de Palestras v\u00e3o iniciar com o grande palestrante, Cortela. Na \u00e1rea de exposi\u00e7\u00f5es e experi\u00eancias imersivas, o Multiplan Hall ter\u00e1 a exposi\u00e7\u00e3o in\u00e9dita do artista Raul Seixas Experience e a exposi\u00e7\u00e3o Vincent Van Gogh. E muito mais, aguardem!<\/p>\n<p>Em Atra\u00e7\u00f5es infantil j\u00e1 est\u00e3o confirmados Luccas Neto, Universo Casuo e Show da Luna.<\/p>\n<p>\u201cEste novo formato do Multiplan Hall do Ribeir\u00e3oShopping, com certeza, ir\u00e1 inovar o setor de entretenimento e eventos de Ribeir\u00e3o Preto, proporcionando uma experi\u00eancia global com eventos e apresenta\u00e7\u00f5es nacionais e internacionais in\u00e9ditas. Sejam bem-vindos Tacatinta, Ticketmaster, Music On e Gaia Cenografia\u201d, acrescenta Felix Diez, diretor da Multiplan regional S\u00e3o Paulo.<\/p>\n<p>O Multiplan Hall Ribeir\u00e3oShopping \u00e9 considerado um dos mais modernos e inovadores espa\u00e7os de eventos do pa\u00eds, com 10 anos de atividades celebrados em 2023. Nesse per\u00edodo, o local foi palco de eventos, congressos, palestras e shows lotados com ingressos esgotados em tempo recorde, totalizando um p\u00fablico de mais de 1,2 milh\u00e3o de pessoas. O Multiplan Hall \u00e9 um espa\u00e7o diferenciado, pois est\u00e1 inserido num complexo multiuso como o Ribeir\u00e3oShopping, que re\u00fane no mesmo espa\u00e7o hotel, torres empresariais, hipermercado, 4.100 vagas de estacionamento, um amplo jardim suspenso com vista panor\u00e2mica, um Centro M\u00e9dico com mais de 30 cl\u00ednicas e uma variedade de lojas, restaurantes<\/p>\n<p>\u00a0<\/p>\n<\/div>\n<p><br \/>\n<br \/><a href=\"https:\/\/www.tribunaribeirao.com.br\/site\/empresa-anuncia-programacao-2024-com-30-shows-e-eventos-ja-confirmados\/\">Source link <\/a><\/p>\n<!-- CONTENT END 1 -->\n","protected":false},"excerpt":{"rendered":"<p>O Centro de Eventos Ribeir\u00e3oShopping passou a se chamar Multiplan Hall desde o dia 1\u00ba de fevereiro e est\u00e1 repleto de novidades. Com nova gest\u00e3o&#8230;<\/p>\n","protected":false},"author":1,"featured_media":38810,"comment_status":"open","ping_status":"open","sticky":false,"template":"","format":"standard","meta":{"advanced_seo_description":"","jetpack_seo_html_title":"","jetpack_seo_noindex":false,"jetpack_post_was_ever_published":false,"_jetpack_newsletter_access":"","_jetpack_dont_email_post_to_subs":false,"_jetpack_newsletter_tier_id":0,"_jetpack_memberships_contains_paywalled_content":false,"_jetpack_memberships_contains_paid_content":false,"footnotes":"","jetpack_publicize_message":"","jetpack_publicize_feature_enabled":true,"jetpack_social_post_already_shared":true,"jetpack_social_options":{"image_generator_settings":{"template":"highway","default_image_id":0,"font":"","enabled":false},"version":2}},"categories":[11],"tags":[175,3512,1536,1532,292,70,1692],"class_list":["post-38809","post","type-post","status-publish","format-standard","has-post-thumbnail","hentry","category-noticias-de-ribeirao-preto-sp-e-regiao-ismael-colosi","tag-anuncia","tag-confirmados","tag-empresa","tag-eventos","tag-ja","tag-programacao","tag-shows"],"jetpack_publicize_connections":[],"jetpack_featured_media_url":"https:\/\/i0.wp.com\/noticiasribeiraopreto.com.br\/wp-content\/uploads\/2024\/02\/Marcos-Botelho-scaled.jpg?fit=967%2C645&ssl=1","jetpack-related-posts":[{"id":35341,"url":"https:\/\/noticiasribeiraopreto.com.br\/index.php\/2024\/02\/05\/virazom-deixa-centro-de-eventos-do-ribeiraoshopping\/","url_meta":{"origin":38809,"position":0},"title":"Viraz\u00f3m deixa Centro de Eventos do Ribeir\u00e3oShopping","author":"noticiasribeiraopreto.com.br","date":"5 de February de 2024","format":false,"excerpt":"5 de fevereiro de 2024 | 16:52 0A Virazom, conceituada empresa do setor de eventos, n\u00e3o atua mais no Centro de Eventos Ribeir\u00e3oShopping. O fim da parceria foi anunciado pela Multiplan, propriet\u00e1ria do shopping, em release em que anunciou a transforma\u00e7\u00e3o do espa\u00e7o em Multiplan Hall. Al\u00e9m do Ribeir\u00e3oShopping, espa\u00e7os\u2026","rel":"","context":"In &quot;Not\u00edcias de Ribeir\u00e3o Preto-SP e Regi\u00e3o&quot;","block_context":{"text":"Not\u00edcias de Ribeir\u00e3o Preto-SP e Regi\u00e3o","link":"https:\/\/noticiasribeiraopreto.com.br\/index.php\/category\/noticias-de-ribeirao-preto-sp-e-regiao-ismael-colosi\/"},"img":{"alt_text":"","src":"https:\/\/i0.wp.com\/noticiasribeiraopreto.com.br\/wp-content\/uploads\/2024\/02\/centroeventos-scaled.jpeg?fit=860%2C645&ssl=1&resize=350%2C200","width":350,"height":200,"srcset":"https:\/\/i0.wp.com\/noticiasribeiraopreto.com.br\/wp-content\/uploads\/2024\/02\/centroeventos-scaled.jpeg?fit=860%2C645&ssl=1&resize=350%2C200 1x, https:\/\/i0.wp.com\/noticiasribeiraopreto.com.br\/wp-content\/uploads\/2024\/02\/centroeventos-scaled.jpeg?fit=860%2C645&ssl=1&resize=525%2C300 1.5x, https:\/\/i0.wp.com\/noticiasribeiraopreto.com.br\/wp-content\/uploads\/2024\/02\/centroeventos-scaled.jpeg?fit=860%2C645&ssl=1&resize=700%2C400 2x"},"classes":[]},{"id":63717,"url":"https:\/\/noticiasribeiraopreto.com.br\/index.php\/2025\/02\/19\/ribeiraoshopping-tera-programacao-especial-de-carnaval-com-bloquinho-para-toda-familia\/","url_meta":{"origin":38809,"position":1},"title":"Ribeir\u00e3oShopping ter\u00e1 programa\u00e7\u00e3o especial de Carnaval com bloquinho para toda fam\u00edlia","author":"noticiasribeiraopreto.com.br","date":"19 de February de 2025","format":false,"excerpt":"O Ribeir\u00e3oShopping se prepara para a festa mais brasileira. A programa\u00e7\u00e3o especial de Carnaval, \u201cMultiVc na folia\u201d, contar\u00e1 com atra\u00e7\u00f5es para toda fam\u00edlia, nos dias 2 e 4 de mar\u00e7o, incluindo oficina de customiza\u00e7\u00e3o de abad\u00e1, bloquinho no mall, al\u00e9m de um bailinho infantil no Multiplan Hall. As crian\u00e7as poder\u00e3o\u2026","rel":"","context":"In &quot;Not\u00edcias de Ribeir\u00e3o Preto-SP e Regi\u00e3o&quot;","block_context":{"text":"Not\u00edcias de Ribeir\u00e3o Preto-SP e Regi\u00e3o","link":"https:\/\/noticiasribeiraopreto.com.br\/index.php\/category\/noticias-de-ribeirao-preto-sp-e-regiao-ismael-colosi\/"},"img":{"alt_text":"","src":"https:\/\/i0.wp.com\/noticiasribeiraopreto.com.br\/wp-content\/uploads\/2025\/02\/WhatsApp-Image-2025-02-19-at-14.38.29.jpeg?fit=1174%2C1200&ssl=1&resize=350%2C200","width":350,"height":200,"srcset":"https:\/\/i0.wp.com\/noticiasribeiraopreto.com.br\/wp-content\/uploads\/2025\/02\/WhatsApp-Image-2025-02-19-at-14.38.29.jpeg?fit=1174%2C1200&ssl=1&resize=350%2C200 1x, https:\/\/i0.wp.com\/noticiasribeiraopreto.com.br\/wp-content\/uploads\/2025\/02\/WhatsApp-Image-2025-02-19-at-14.38.29.jpeg?fit=1174%2C1200&ssl=1&resize=525%2C300 1.5x, https:\/\/i0.wp.com\/noticiasribeiraopreto.com.br\/wp-content\/uploads\/2025\/02\/WhatsApp-Image-2025-02-19-at-14.38.29.jpeg?fit=1174%2C1200&ssl=1&resize=700%2C400 2x, https:\/\/i0.wp.com\/noticiasribeiraopreto.com.br\/wp-content\/uploads\/2025\/02\/WhatsApp-Image-2025-02-19-at-14.38.29.jpeg?fit=1174%2C1200&ssl=1&resize=1050%2C600 3x"},"classes":[]},{"id":38755,"url":"https:\/\/noticiasribeiraopreto.com.br\/index.php\/2024\/02\/21\/shopping-de-ribeirao-anuncia-shows-de-zeca-pagodinho-titas-e-atracoes-internacionais\/","url_meta":{"origin":38809,"position":2},"title":"Shopping de Ribeir\u00e3o anuncia shows de Zeca Pagodinho, Tit\u00e3s e atra\u00e7\u00f5es internacionais","author":"noticiasribeiraopreto.com.br","date":"21 de February de 2024","format":false,"excerpt":"O Ribeir\u00e3o Shopping anunciou nesta quarta-feira (21) algumas atra\u00e7\u00f5es que v\u00e3o passar pelo Centro de Eventos Multiplan Hall. Entre os artistas, est\u00e3o Zeca Pagodinho, Tit\u00e3s, Padre F\u00e1bio de Melo, Ana Carolina, e atra\u00e7\u00f5es internacionais como Oingo Boingo e Andy Summers \u2013 veja a lista abaixo. As datas dos shows ser\u00e3o\u2026","rel":"","context":"In &quot;Not\u00edcias de Ribeir\u00e3o Preto-SP e Regi\u00e3o&quot;","block_context":{"text":"Not\u00edcias de Ribeir\u00e3o Preto-SP e Regi\u00e3o","link":"https:\/\/noticiasribeiraopreto.com.br\/index.php\/category\/noticias-de-ribeirao-preto-sp-e-regiao-ismael-colosi\/"},"img":{"alt_text":"","src":"https:\/\/i0.wp.com\/noticiasribeiraopreto.com.br\/wp-content\/uploads\/2024\/02\/zeca-pagodinho.jpg?fit=1200%2C800&ssl=1&resize=350%2C200","width":350,"height":200,"srcset":"https:\/\/i0.wp.com\/noticiasribeiraopreto.com.br\/wp-content\/uploads\/2024\/02\/zeca-pagodinho.jpg?fit=1200%2C800&ssl=1&resize=350%2C200 1x, https:\/\/i0.wp.com\/noticiasribeiraopreto.com.br\/wp-content\/uploads\/2024\/02\/zeca-pagodinho.jpg?fit=1200%2C800&ssl=1&resize=525%2C300 1.5x, https:\/\/i0.wp.com\/noticiasribeiraopreto.com.br\/wp-content\/uploads\/2024\/02\/zeca-pagodinho.jpg?fit=1200%2C800&ssl=1&resize=700%2C400 2x, https:\/\/i0.wp.com\/noticiasribeiraopreto.com.br\/wp-content\/uploads\/2024\/02\/zeca-pagodinho.jpg?fit=1200%2C800&ssl=1&resize=1050%2C600 3x"},"classes":[]},{"id":53681,"url":"https:\/\/noticiasribeiraopreto.com.br\/index.php\/2024\/06\/22\/sepultura-zeca-pagodinho-henrique-e-juliano-veja-shows-confirmados-para-o-2o-semestre-em-ribeirao-preto\/","url_meta":{"origin":38809,"position":3},"title":"Sepultura, Zeca Pagodinho, Henrique e Juliano: Veja shows confirmados para o 2\u00ba semestre em Ribeir\u00e3o Preto","author":"noticiasribeiraopreto.com.br","date":"22 de June de 2024","format":false,"excerpt":"Ribeir\u00e3o Preto t\u00eam 18 shows confirmados, at\u00e9 o momento, para o 2\u00ba semestre de 2024. Entre as atra\u00e7\u00f5es, est\u00e3o Sepultura, Zeca Pagodinho, Henrique e Juliano e Natiruts. Julho Dado Villa Lobos e Marcelo Bonfa No dia 5 de julho, o Multiplan Hall, do Ribeir\u00e3oShopping recebe o a turn\u00ea \u201cAs V\u2026","rel":"","context":"In &quot;Not\u00edcias de Ribeir\u00e3o Preto-SP e Regi\u00e3o&quot;","block_context":{"text":"Not\u00edcias de Ribeir\u00e3o Preto-SP e Regi\u00e3o","link":"https:\/\/noticiasribeiraopreto.com.br\/index.php\/category\/noticias-de-ribeirao-preto-sp-e-regiao-ismael-colosi\/"},"img":{"alt_text":"","src":"https:\/\/i0.wp.com\/noticiasribeiraopreto.com.br\/wp-content\/uploads\/2024\/06\/Copia-de-Copia-de-TAMANHO-EXATO-PARA-FOTOS-NO-SISTEMA-NOVO-17_2024-06-22_16-03-43_jpg_2024-06-22_16-03-43.webp.webp?fit=1200%2C675&ssl=1&resize=350%2C200","width":350,"height":200,"srcset":"https:\/\/i0.wp.com\/noticiasribeiraopreto.com.br\/wp-content\/uploads\/2024\/06\/Copia-de-Copia-de-TAMANHO-EXATO-PARA-FOTOS-NO-SISTEMA-NOVO-17_2024-06-22_16-03-43_jpg_2024-06-22_16-03-43.webp.webp?fit=1200%2C675&ssl=1&resize=350%2C200 1x, https:\/\/i0.wp.com\/noticiasribeiraopreto.com.br\/wp-content\/uploads\/2024\/06\/Copia-de-Copia-de-TAMANHO-EXATO-PARA-FOTOS-NO-SISTEMA-NOVO-17_2024-06-22_16-03-43_jpg_2024-06-22_16-03-43.webp.webp?fit=1200%2C675&ssl=1&resize=525%2C300 1.5x, https:\/\/i0.wp.com\/noticiasribeiraopreto.com.br\/wp-content\/uploads\/2024\/06\/Copia-de-Copia-de-TAMANHO-EXATO-PARA-FOTOS-NO-SISTEMA-NOVO-17_2024-06-22_16-03-43_jpg_2024-06-22_16-03-43.webp.webp?fit=1200%2C675&ssl=1&resize=700%2C400 2x, https:\/\/i0.wp.com\/noticiasribeiraopreto.com.br\/wp-content\/uploads\/2024\/06\/Copia-de-Copia-de-TAMANHO-EXATO-PARA-FOTOS-NO-SISTEMA-NOVO-17_2024-06-22_16-03-43_jpg_2024-06-22_16-03-43.webp.webp?fit=1200%2C675&ssl=1&resize=1050%2C600 3x"},"classes":[]},{"id":47313,"url":"https:\/\/noticiasribeiraopreto.com.br\/index.php\/2024\/04\/25\/hsm-anuncia-24a-edicao-com-foco-em-gestao-e-inovacao\/","url_meta":{"origin":38809,"position":4},"title":"HSM+ anuncia 24\u00aa edi\u00e7\u00e3o com foco em gest\u00e3o e inova\u00e7\u00e3o","author":"noticiasribeiraopreto.com.br","date":"25 de April de 2024","format":false,"excerpt":"HSM+ j\u00e1 tem speakers globais confirmados para a edi\u00e7\u00e3o de novembro em S\u00e3o Paulo O hsm+, evento que impulsiona a atualiza\u00e7\u00e3o de executivos, CEOs e empreendedores, confirmou sua 24\u00aa edi\u00e7\u00e3o nos dias 26 e 27 de novembro, no Transam\u00e9rica Expo Center, em S\u00e3o Paulo. Com o tema \u201cConex\u00f5es Significativas\u201d, o\u2026","rel":"","context":"In &quot;Blog&quot;","block_context":{"text":"Blog","link":"https:\/\/noticiasribeiraopreto.com.br\/index.php\/category\/blog\/"},"img":{"alt_text":"","src":"https:\/\/i0.wp.com\/noticiasribeiraopreto.com.br\/wp-content\/uploads\/2024\/04\/carreira-hsm-1024x683.jpg?fit=1024%2C683&ssl=1&resize=350%2C200","width":350,"height":200,"srcset":"https:\/\/i0.wp.com\/noticiasribeiraopreto.com.br\/wp-content\/uploads\/2024\/04\/carreira-hsm-1024x683.jpg?fit=1024%2C683&ssl=1&resize=350%2C200 1x, https:\/\/i0.wp.com\/noticiasribeiraopreto.com.br\/wp-content\/uploads\/2024\/04\/carreira-hsm-1024x683.jpg?fit=1024%2C683&ssl=1&resize=525%2C300 1.5x, https:\/\/i0.wp.com\/noticiasribeiraopreto.com.br\/wp-content\/uploads\/2024\/04\/carreira-hsm-1024x683.jpg?fit=1024%2C683&ssl=1&resize=700%2C400 2x"},"classes":[]},{"id":78072,"url":"https:\/\/noticiasribeiraopreto.com.br\/index.php\/2025\/10\/01\/ribeirao-preto-recebe-encontro-nacional-sobre-inovacao-e-o-futuro-da-industria-confira-os-palestrantes\/","url_meta":{"origin":38809,"position":5},"title":"Ribeir\u00e3o Preto recebe encontro nacional sobre inova\u00e7\u00e3o e o futuro da ind\u00fastria; Confira os palestrantes","author":"noticiasribeiraopreto.com.br","date":"1 de October de 2025","format":false,"excerpt":"Ribeir\u00e3o Preto recebe nos dias 8 e 9 de outubro de 2025 o Vision Tech Summit \u2013 Ind\u00fastria do Amanh\u00e3, um dos eventos mais relevantes do pa\u00eds voltados \u00e0 inova\u00e7\u00e3o e moderniza\u00e7\u00e3o do setor industrial. O encontro acontece no Multiplan Hall, no Ribeir\u00e3o Shopping, e deve reunir diariamente 400 a\u2026","rel":"","context":"In &quot;Not\u00edcias de Ribeir\u00e3o Preto-SP e Regi\u00e3o&quot;","block_context":{"text":"Not\u00edcias de Ribeir\u00e3o Preto-SP e Regi\u00e3o","link":"https:\/\/noticiasribeiraopreto.com.br\/index.php\/category\/noticias-de-ribeirao-preto-sp-e-regiao-ismael-colosi\/"},"img":{"alt_text":"","src":"https:\/\/i0.wp.com\/noticiasribeiraopreto.com.br\/wp-content\/uploads\/2025\/10\/vision-tech-1_2025-10-01_17-38-44.webp.webp?fit=1200%2C800&ssl=1&resize=350%2C200","width":350,"height":200,"srcset":"https:\/\/i0.wp.com\/noticiasribeiraopreto.com.br\/wp-content\/uploads\/2025\/10\/vision-tech-1_2025-10-01_17-38-44.webp.webp?fit=1200%2C800&ssl=1&resize=350%2C200 1x, https:\/\/i0.wp.com\/noticiasribeiraopreto.com.br\/wp-content\/uploads\/2025\/10\/vision-tech-1_2025-10-01_17-38-44.webp.webp?fit=1200%2C800&ssl=1&resize=525%2C300 1.5x, https:\/\/i0.wp.com\/noticiasribeiraopreto.com.br\/wp-content\/uploads\/2025\/10\/vision-tech-1_2025-10-01_17-38-44.webp.webp?fit=1200%2C800&ssl=1&resize=700%2C400 2x, https:\/\/i0.wp.com\/noticiasribeiraopreto.com.br\/wp-content\/uploads\/2025\/10\/vision-tech-1_2025-10-01_17-38-44.webp.webp?fit=1200%2C800&ssl=1&resize=1050%2C600 3x"},"classes":[]}],"jetpack_sharing_enabled":true,"jetpack_shortlink":"https:\/\/wp.me\/peQAOb-a5X","_links":{"self":[{"href":"https:\/\/noticiasribeiraopreto.com.br\/index.php\/wp-json\/wp\/v2\/posts\/38809","targetHints":{"allow":["GET"]}}],"collection":[{"href":"https:\/\/noticiasribeiraopreto.com.br\/index.php\/wp-json\/wp\/v2\/posts"}],"about":[{"href":"https:\/\/noticiasribeiraopreto.com.br\/index.php\/wp-json\/wp\/v2\/types\/post"}],"author":[{"embeddable":true,"href":"https:\/\/noticiasribeiraopreto.com.br\/index.php\/wp-json\/wp\/v2\/users\/1"}],"replies":[{"embeddable":true,"href":"https:\/\/noticiasribeiraopreto.com.br\/index.php\/wp-json\/wp\/v2\/comments?post=38809"}],"version-history":[{"count":0,"href":"https:\/\/noticiasribeiraopreto.com.br\/index.php\/wp-json\/wp\/v2\/posts\/38809\/revisions"}],"wp:featuredmedia":[{"embeddable":true,"href":"https:\/\/noticiasribeiraopreto.com.br\/index.php\/wp-json\/wp\/v2\/media\/38810"}],"wp:attachment":[{"href":"https:\/\/noticiasribeiraopreto.com.br\/index.php\/wp-json\/wp\/v2\/media?parent=38809"}],"wp:term":[{"taxonomy":"category","embeddable":true,"href":"https:\/\/noticiasribeiraopreto.com.br\/index.php\/wp-json\/wp\/v2\/categories?post=38809"},{"taxonomy":"post_tag","embeddable":true,"href":"https:\/\/noticiasribeiraopreto.com.br\/index.php\/wp-json\/wp\/v2\/tags?post=38809"}],"curies":[{"name":"wp","href":"https:\/\/api.w.org\/{rel}","templated":true}]}}