{"id":38813,"date":"2024-02-21T18:08:34","date_gmt":"2024-02-21T21:08:34","guid":{"rendered":"https:\/\/noticiasribeiraopreto.com.br\/index.php\/2024\/02\/21\/veja-a-regiao-que-concentra-o-maior-numero-de-casos-de-dengue-em-ribeirao\/"},"modified":"2024-02-21T18:08:34","modified_gmt":"2024-02-21T21:08:34","slug":"veja-a-regiao-que-concentra-o-maior-numero-de-casos-de-dengue-em-ribeirao","status":"publish","type":"post","link":"https:\/\/noticiasribeiraopreto.com.br\/index.php\/2024\/02\/21\/veja-a-regiao-que-concentra-o-maior-numero-de-casos-de-dengue-em-ribeirao\/","title":{"rendered":"Veja a regi\u00e3o que concentra o maior n\u00famero de casos de dengue em Ribeir\u00e3o"},"content":{"rendered":"<div class='code-block code-block-1' style='margin: 8px 0 8px auto; text-align: right; display: block; clear: both;'>\n<p><a href=\"https:\/\/wa.link\/vpicfd\"><img data-recalc-dims=\"1\" class=\"wp-image-4922\" style=\"aspect-ratio: 2.0253164556962027; width: 561px; height: auto;\" src=\"https:\/\/i0.wp.com\/ismaelcolosi.com.br\/wp-content\/uploads\/2023\/11\/grupo-de-empregos-whatsapp-e-facebook-ismael-colosi-vagas.jpg?ssl=1\" alt=\"\" \/><\/a><\/p>\n<!-- \/wp:image -->\n<\/div>\n<p> <br \/>\n<\/p>\n<div data-td-block-uid=\"tdi_102\">\n<div class=\"tdb-block-inner td-fix-index\">\n<p>A<strong> Secretaria Municipal de Sa\u00fade de Ribeir\u00e3o<\/strong> <strong>Preto<\/strong> divulgou, nesta quarta-feira (21), os novos dados do <strong>boletim semanal <\/strong>com os n\u00fameros de<strong> casos de dengue no munic\u00edpio.<\/strong><\/p>\n<p>De acordo com os n\u00fameros da <strong>Vigil\u00e2ncia Sanit\u00e1ria<\/strong>, de janeiro at\u00e9 o dia 20 de fevereiro, <strong>7.810 pessoas est\u00e3o com suspeita<\/strong> da doen\u00e7a e <strong>2.488 casos est\u00e3o confirmados <\/strong>em <strong>Ribeir\u00e3o Preto<\/strong>.<\/p>\n<p>Se comparado os dados divulgados nesta quarta com o \u00faltimo levantamento da pasta, divulgado no dia 15 de fevereiro, foram registrados <strong>2.348 casos em investiga\u00e7\u00e3o<\/strong> e <strong>660 confirmados<\/strong>, em menos de uma semana.<\/p>\n<h4 class=\"wp-block-heading\"><strong>Ranking de regi\u00f5es com mais casos confirmados<\/strong><\/h4>\n<p><strong><mark style=\"background-color:#fcb900\" class=\"has-inline-color\">A zona Leste de Ribeir\u00e3o \u00e9 o local que mais concentra os casos de dengue confirmados na cidade, s\u00e3o 712.<\/mark><\/strong> Em seguida vem a zona Norte, a Sul a Central e a Oeste. Veja os n\u00fameros:<\/p>\n<ul>\n<li>Zona Leste \u2013 712 casos confirmados<\/li>\n<\/ul>\n<ul>\n<li>Zona Norte \u2013 608 casos confirmados<\/li>\n<\/ul>\n<ul>\n<li>Zona Sul \u2013 474 casos confirmados<\/li>\n<\/ul>\n<ul>\n<li>Central \u2013 315 casos confirmados<\/li>\n<\/ul>\n<ul>\n<li>Zona Oeste \u2013 301 casos confirmados<\/li>\n<\/ul>\n<h4 class=\"wp-block-heading\"><strong>Combate ao mosquito causador da dengue<\/strong><\/h4>\n<p><mark style=\"background-color:#fcb900\" class=\"has-inline-color\"><strong>A melhor forma de combater a dengue \u00e9 impedir o nascimento do mosquito.<\/strong><\/mark> Para eliminar criadouros \u00e9 importante adotar medidas como:<\/p>\n<ul>\n<li>Manter a caixa-d\u2019\u00e1gua bem fechada<\/li>\n<\/ul>\n<ul>\n<li>Amarrar bem os sacos de lixo<\/li>\n<\/ul>\n<ul>\n<li>Colocar areia nos vasos de planta<\/li>\n<\/ul>\n<ul>\n<li>Guardar pneus em locais cobertos<\/li>\n<\/ul>\n<ul>\n<li>Limpar bem as calhas da casa<\/li>\n<\/ul>\n<ul>\n<li>Esvaziar garrafas PET e potes vazios.<\/li>\n<\/ul>\n<p>Clique aqui e veja dicas para diferenciar os sintomas da dengue e da gripe.<\/p>\n<hr class=\"wp-block-separator has-alpha-channel-opacity\"\/>\n<p>SAIBA MAIS<\/p>\n<p>Jiboia \u00e9 encontrada em p\u00e9 de lim\u00e3o em cidade da regi\u00e3o de Ribeir\u00e3o Preto<\/p>\n<h4 class=\"wp-block-heading\"><strong><mark style=\"background-color:#fcb900\" class=\"has-inline-color\">FIQUE ON<\/mark><\/strong><\/h4>\n<p>Fique ligado em tudo que acontece em Ribeir\u00e3o Preto e regi\u00e3o. Siga os perfis do\u00a0<strong>acidade on<\/strong>\u00a0no\u00a0<a href=\"https:\/\/www.instagram.com\/acidadeonribeirao\" target=\"_blank\" rel=\"noreferrer noopener\">Instagram\u00a0<\/a>e no\u00a0<a href=\"https:\/\/www.facebook.com\/acidadeonribeirao\" target=\"_blank\" rel=\"noreferrer noopener\">Facebook<\/a>.<\/p>\n<p>Receba not\u00edcias do\u00a0<strong>acidade on<\/strong>\u00a0no WhatsApp.\u00a0<a href=\"https:\/\/chat.whatsapp.com\/Bnv2w66ZT4VDyZW3oiZ69n\" target=\"_blank\" rel=\"noreferrer noopener\">Para entrar no grupo, basta clicar aqui.<\/a><\/p>\n<p>Fa\u00e7a uma den\u00fancia ou sugira uma reportagem sobre Ribeir\u00e3o Preto e regi\u00e3o pelo WhatsApp: 16 99117 7802.<\/p>\n<p>VEJA TAMB\u00c9M<\/p>\n<p>Qual foi o Pared\u00e3o com mais votos da hist\u00f3ria do BBB?<\/p>\n<p><!-- AI CONTENT END 1 -->\n<\/div>\n<\/div>\n<p><script async src=\"\/\/www.instagram.com\/embed.js\"><\/script><br \/>\n<br \/><br \/>\n<br \/><a href=\"https:\/\/www.acidadeon.com\/ribeiraopreto\/cotidiano\/veja-a-regiao-que-concentra-o-maior-numero-de-casos-de-dengue-em-ribeirao\/\">Source link <\/a><\/p>\n<!-- CONTENT END 1 -->\n","protected":false},"excerpt":{"rendered":"<p>A Secretaria Municipal de Sa\u00fade de Ribeir\u00e3o Preto divulgou, nesta quarta-feira (21), os novos dados do boletim semanal com os n\u00fameros de casos de dengue&#8230;<\/p>\n","protected":false},"author":1,"featured_media":38814,"comment_status":"open","ping_status":"open","sticky":false,"template":"","format":"standard","meta":{"advanced_seo_description":"","jetpack_seo_html_title":"","jetpack_seo_noindex":false,"jetpack_post_was_ever_published":false,"_jetpack_newsletter_access":"","_jetpack_dont_email_post_to_subs":false,"_jetpack_newsletter_tier_id":0,"_jetpack_memberships_contains_paywalled_content":false,"_jetpack_memberships_contains_paid_content":false,"footnotes":"","jetpack_publicize_message":"","jetpack_publicize_feature_enabled":true,"jetpack_social_post_already_shared":true,"jetpack_social_options":{"image_generator_settings":{"template":"highway","default_image_id":0,"font":"","enabled":false},"version":2}},"categories":[11],"tags":[],"class_list":["post-38813","post","type-post","status-publish","format-standard","has-post-thumbnail","hentry","category-noticias-de-ribeirao-preto-sp-e-regiao-ismael-colosi"],"jetpack_publicize_connections":[],"jetpack_featured_media_url":"https:\/\/i0.wp.com\/noticiasribeiraopreto.com.br\/wp-content\/uploads\/2024\/02\/mosquito_aedes_1200x675_08102021170150.jpg?fit=1200%2C675&ssl=1","jetpack-related-posts":[{"id":39847,"url":"https:\/\/noticiasribeiraopreto.com.br\/index.php\/2024\/02\/28\/ribeirao-preto-confirma-duas-mortes-por-dengue-veja-o-numero-de-casos-confirmados\/","url_meta":{"origin":38813,"position":0},"title":"Ribeir\u00e3o Preto confirma duas mortes por dengue; Veja o n\u00famero de casos confirmados","author":"noticiasribeiraopreto.com.br","date":"28 de February de 2024","format":false,"excerpt":"A Prefeitura de Ribeir\u00e3o Preto confirmou, atrav\u00e9s de boletim divulgado nesta quarta-feira (28), duas mortes por dengue na cidade. N\u00e3o foram divulgadas as informa\u00e7\u00f5es sobre as v\u00edtimas. De acordo com os n\u00fameros divulgados pela Vigil\u00e2ncia Epidemiol\u00f3gica, de janeiro at\u00e9 o dia 27 de fevereiro, 10.368 pessoas est\u00e3o com suspeita da\u2026","rel":"","context":"In &quot;Not\u00edcias de Ribeir\u00e3o Preto-SP e Regi\u00e3o&quot;","block_context":{"text":"Not\u00edcias de Ribeir\u00e3o Preto-SP e Regi\u00e3o","link":"https:\/\/noticiasribeiraopreto.com.br\/index.php\/category\/noticias-de-ribeirao-preto-sp-e-regiao-ismael-colosi\/"},"img":{"alt_text":"","src":"https:\/\/i0.wp.com\/noticiasribeiraopreto.com.br\/wp-content\/uploads\/2024\/02\/dengue_1200x675_04052022105135.jpg?fit=1200%2C675&ssl=1&resize=350%2C200","width":350,"height":200,"srcset":"https:\/\/i0.wp.com\/noticiasribeiraopreto.com.br\/wp-content\/uploads\/2024\/02\/dengue_1200x675_04052022105135.jpg?fit=1200%2C675&ssl=1&resize=350%2C200 1x, https:\/\/i0.wp.com\/noticiasribeiraopreto.com.br\/wp-content\/uploads\/2024\/02\/dengue_1200x675_04052022105135.jpg?fit=1200%2C675&ssl=1&resize=525%2C300 1.5x, https:\/\/i0.wp.com\/noticiasribeiraopreto.com.br\/wp-content\/uploads\/2024\/02\/dengue_1200x675_04052022105135.jpg?fit=1200%2C675&ssl=1&resize=700%2C400 2x, https:\/\/i0.wp.com\/noticiasribeiraopreto.com.br\/wp-content\/uploads\/2024\/02\/dengue_1200x675_04052022105135.jpg?fit=1200%2C675&ssl=1&resize=1050%2C600 3x"},"classes":[]},{"id":39855,"url":"https:\/\/noticiasribeiraopreto.com.br\/index.php\/2024\/02\/28\/rp-confirma-duas-mortes-por-dengue\/","url_meta":{"origin":38813,"position":1},"title":"RP confirma duas mortes por dengue","author":"noticiasribeiraopreto.com.br","date":"28 de February de 2024","format":false,"excerpt":"28 de fevereiro de 2024 | 16:5328 de fevereiro de 2024 | 16:56 0A Prefeitura de Ribeir\u00e3o Preto divulgou nesta quarta-feira (28), um boletim confirmando duas mortes por dengue na cidade. N\u00e3o foram divulgadas as informa\u00e7\u00f5es sobre as v\u00edtimas.Segundo a Vigil\u00e2ncia Epidemiol\u00f3gica, de janeiro at\u00e9 o dia 27 de fevereiro,\u00a010.368\u2026","rel":"","context":"In &quot;Not\u00edcias de Ribeir\u00e3o Preto-SP e Regi\u00e3o&quot;","block_context":{"text":"Not\u00edcias de Ribeir\u00e3o Preto-SP e Regi\u00e3o","link":"https:\/\/noticiasribeiraopreto.com.br\/index.php\/category\/noticias-de-ribeirao-preto-sp-e-regiao-ismael-colosi\/"},"img":{"alt_text":"","src":"https:\/\/i0.wp.com\/noticiasribeiraopreto.com.br\/wp-content\/uploads\/2024\/02\/6-acoes-importantes-para-eliminar-o-mosquito-da-dengue-538-x-358-1-scaled.jpg?fit=1000%2C563&ssl=1&resize=350%2C200","width":350,"height":200,"srcset":"https:\/\/i0.wp.com\/noticiasribeiraopreto.com.br\/wp-content\/uploads\/2024\/02\/6-acoes-importantes-para-eliminar-o-mosquito-da-dengue-538-x-358-1-scaled.jpg?fit=1000%2C563&ssl=1&resize=350%2C200 1x, https:\/\/i0.wp.com\/noticiasribeiraopreto.com.br\/wp-content\/uploads\/2024\/02\/6-acoes-importantes-para-eliminar-o-mosquito-da-dengue-538-x-358-1-scaled.jpg?fit=1000%2C563&ssl=1&resize=525%2C300 1.5x, https:\/\/i0.wp.com\/noticiasribeiraopreto.com.br\/wp-content\/uploads\/2024\/02\/6-acoes-importantes-para-eliminar-o-mosquito-da-dengue-538-x-358-1-scaled.jpg?fit=1000%2C563&ssl=1&resize=700%2C400 2x"},"classes":[]},{"id":63402,"url":"https:\/\/noticiasribeiraopreto.com.br\/index.php\/2025\/02\/12\/idoso-e-a-primeira-vitima-de-dengue-em-ribeirao-preto-veja-os-numeros\/","url_meta":{"origin":38813,"position":2},"title":"Idoso \u00e9 a primeira v\u00edtima de dengue em Ribeir\u00e3o Preto; Veja os n\u00fameros","author":"noticiasribeiraopreto.com.br","date":"12 de February de 2025","format":false,"excerpt":"A Prefeitura de Ribeir\u00e3o Preto confirmou, nesta quarta-feira (12), a primeira morte por dengue na cidade em 2025. Segundo a secretaria municipal de Sa\u00fade, o munic\u00edpio j\u00e1 vive uma epidemia de dengue. A morte confirmada \u00e9 de um homem com mais de 60 anos. De acordo com o boletim epidemiol\u00f3gico\u2026","rel":"","context":"In &quot;Not\u00edcias de Ribeir\u00e3o Preto-SP e Regi\u00e3o&quot;","block_context":{"text":"Not\u00edcias de Ribeir\u00e3o Preto-SP e Regi\u00e3o","link":"https:\/\/noticiasribeiraopreto.com.br\/index.php\/category\/noticias-de-ribeirao-preto-sp-e-regiao-ismael-colosi\/"},"img":{"alt_text":"","src":"https:\/\/i0.wp.com\/noticiasribeiraopreto.com.br\/wp-content\/uploads\/2025\/02\/Copia-de-Copia-de-TAMANHO-EXATO-PARA-FOTOS-NO-SISTEMA-NOVO-21.jpg?fit=1200%2C675&ssl=1&resize=350%2C200","width":350,"height":200,"srcset":"https:\/\/i0.wp.com\/noticiasribeiraopreto.com.br\/wp-content\/uploads\/2025\/02\/Copia-de-Copia-de-TAMANHO-EXATO-PARA-FOTOS-NO-SISTEMA-NOVO-21.jpg?fit=1200%2C675&ssl=1&resize=350%2C200 1x, https:\/\/i0.wp.com\/noticiasribeiraopreto.com.br\/wp-content\/uploads\/2025\/02\/Copia-de-Copia-de-TAMANHO-EXATO-PARA-FOTOS-NO-SISTEMA-NOVO-21.jpg?fit=1200%2C675&ssl=1&resize=525%2C300 1.5x, https:\/\/i0.wp.com\/noticiasribeiraopreto.com.br\/wp-content\/uploads\/2025\/02\/Copia-de-Copia-de-TAMANHO-EXATO-PARA-FOTOS-NO-SISTEMA-NOVO-21.jpg?fit=1200%2C675&ssl=1&resize=700%2C400 2x, https:\/\/i0.wp.com\/noticiasribeiraopreto.com.br\/wp-content\/uploads\/2025\/02\/Copia-de-Copia-de-TAMANHO-EXATO-PARA-FOTOS-NO-SISTEMA-NOVO-21.jpg?fit=1200%2C675&ssl=1&resize=1050%2C600 3x"},"classes":[]},{"id":37361,"url":"https:\/\/noticiasribeiraopreto.com.br\/index.php\/2024\/02\/15\/ribeirao-preto-tem-mais-de-cinco-mil-casos-suspeitos-de-dengue\/","url_meta":{"origin":38813,"position":3},"title":"Ribeir\u00e3o Preto tem mais de cinco mil casos suspeitos de dengue","author":"noticiasribeiraopreto.com.br","date":"15 de February de 2024","format":false,"excerpt":"A Secretaria Municipal da Sa\u00fade divulgou na tarde desta quinta-feira (15) o boletim semanal com os n\u00fameros de casos de dengue em Ribeir\u00e3o Preto. De janeiro at\u00e9 o dia 9 de fevereiro, 5.462 pessoas est\u00e3o com suspeita da doen\u00e7a e 1.828 casos est\u00e3o confirmados. Dos n\u00fameros divulgados nesta quinta, em\u2026","rel":"","context":"In &quot;Not\u00edcias de Ribeir\u00e3o Preto-SP e Regi\u00e3o&quot;","block_context":{"text":"Not\u00edcias de Ribeir\u00e3o Preto-SP e Regi\u00e3o","link":"https:\/\/noticiasribeiraopreto.com.br\/index.php\/category\/noticias-de-ribeirao-preto-sp-e-regiao-ismael-colosi\/"},"img":{"alt_text":"","src":"https:\/\/i0.wp.com\/noticiasribeiraopreto.com.br\/wp-content\/uploads\/2024\/02\/mosquito-213805_1280.jpg?fit=1200%2C800&ssl=1&resize=350%2C200","width":350,"height":200,"srcset":"https:\/\/i0.wp.com\/noticiasribeiraopreto.com.br\/wp-content\/uploads\/2024\/02\/mosquito-213805_1280.jpg?fit=1200%2C800&ssl=1&resize=350%2C200 1x, https:\/\/i0.wp.com\/noticiasribeiraopreto.com.br\/wp-content\/uploads\/2024\/02\/mosquito-213805_1280.jpg?fit=1200%2C800&ssl=1&resize=525%2C300 1.5x, https:\/\/i0.wp.com\/noticiasribeiraopreto.com.br\/wp-content\/uploads\/2024\/02\/mosquito-213805_1280.jpg?fit=1200%2C800&ssl=1&resize=700%2C400 2x, https:\/\/i0.wp.com\/noticiasribeiraopreto.com.br\/wp-content\/uploads\/2024\/02\/mosquito-213805_1280.jpg?fit=1200%2C800&ssl=1&resize=1050%2C600 3x"},"classes":[]},{"id":45285,"url":"https:\/\/noticiasribeiraopreto.com.br\/index.php\/2024\/04\/03\/dengue-em-ribeirao-preto-ultrapassa-dez-mil-casos-confirmados\/","url_meta":{"origin":38813,"position":4},"title":"Dengue em Ribeir\u00e3o Preto ultrapassa dez mil casos confirmados","author":"noticiasribeiraopreto.com.br","date":"3 de April de 2024","format":false,"excerpt":"Ribeir\u00e3o Preto ultrapassou os dez mil casos confirmados de dengue, de acordo com o boletim epidemiol\u00f3gico divulgado nesta quarta-feira (3), pela Secretaria Municipal da Sa\u00fade.\u00a0 Ao todo, 11.095 pessoas testaram positivo para \u00e0 doen\u00e7a, enquanto outras 22.274 aguardam confirma\u00e7\u00e3o. A cidade registra quatro mortes em decorr\u00eancia da dengue. O que\u2026","rel":"","context":"In &quot;Not\u00edcias de Ribeir\u00e3o Preto-SP e Regi\u00e3o&quot;","block_context":{"text":"Not\u00edcias de Ribeir\u00e3o Preto-SP e Regi\u00e3o","link":"https:\/\/noticiasribeiraopreto.com.br\/index.php\/category\/noticias-de-ribeirao-preto-sp-e-regiao-ismael-colosi\/"},"img":{"alt_text":"","src":"https:\/\/i0.wp.com\/noticiasribeiraopreto.com.br\/wp-content\/uploads\/2024\/04\/Copia-de-Copia-de-TAMANHO-EXATO-PARA-FOTOS-NO-SISTEMA-NOVO-21.jpg?fit=1200%2C675&ssl=1&resize=350%2C200","width":350,"height":200,"srcset":"https:\/\/i0.wp.com\/noticiasribeiraopreto.com.br\/wp-content\/uploads\/2024\/04\/Copia-de-Copia-de-TAMANHO-EXATO-PARA-FOTOS-NO-SISTEMA-NOVO-21.jpg?fit=1200%2C675&ssl=1&resize=350%2C200 1x, https:\/\/i0.wp.com\/noticiasribeiraopreto.com.br\/wp-content\/uploads\/2024\/04\/Copia-de-Copia-de-TAMANHO-EXATO-PARA-FOTOS-NO-SISTEMA-NOVO-21.jpg?fit=1200%2C675&ssl=1&resize=525%2C300 1.5x, https:\/\/i0.wp.com\/noticiasribeiraopreto.com.br\/wp-content\/uploads\/2024\/04\/Copia-de-Copia-de-TAMANHO-EXATO-PARA-FOTOS-NO-SISTEMA-NOVO-21.jpg?fit=1200%2C675&ssl=1&resize=700%2C400 2x, https:\/\/i0.wp.com\/noticiasribeiraopreto.com.br\/wp-content\/uploads\/2024\/04\/Copia-de-Copia-de-TAMANHO-EXATO-PARA-FOTOS-NO-SISTEMA-NOVO-21.jpg?fit=1200%2C675&ssl=1&resize=1050%2C600 3x"},"classes":[]},{"id":35882,"url":"https:\/\/noticiasribeiraopreto.com.br\/index.php\/2024\/02\/07\/ribeirao-preto-tem-mais-de-mil-casos-confirmados-de-dengue-este-ano\/","url_meta":{"origin":38813,"position":5},"title":"Ribeir\u00e3o Preto tem mais de mil casos confirmados de dengue este ano","author":"noticiasribeiraopreto.com.br","date":"7 de February de 2024","format":false,"excerpt":"A Secretaria Municipal da Sa\u00fade divulgou nesta quarta-feira (7), os n\u00fameros atualizados de casos de dengue em Ribeir\u00e3o Preto.\u00a0 A cidade ultrapassou os mil casos confirmados da doen\u00e7a. At\u00e9 o dia 31 de janeiro, eram 975 casos positivos e 3.203 suspeitos. Agora, s\u00e3o 1.279 confirmados e 4.006 est\u00e3o sendo investigados.\u2026","rel":"","context":"In &quot;Not\u00edcias de Ribeir\u00e3o Preto-SP e Regi\u00e3o&quot;","block_context":{"text":"Not\u00edcias de Ribeir\u00e3o Preto-SP e Regi\u00e3o","link":"https:\/\/noticiasribeiraopreto.com.br\/index.php\/category\/noticias-de-ribeirao-preto-sp-e-regiao-ismael-colosi\/"},"img":{"alt_text":"","src":"https:\/\/i0.wp.com\/noticiasribeiraopreto.com.br\/wp-content\/uploads\/2024\/02\/1707343750_mosquito-scaled.jpg?fit=1200%2C1007&ssl=1&resize=350%2C200","width":350,"height":200,"srcset":"https:\/\/i0.wp.com\/noticiasribeiraopreto.com.br\/wp-content\/uploads\/2024\/02\/1707343750_mosquito-scaled.jpg?fit=1200%2C1007&ssl=1&resize=350%2C200 1x, https:\/\/i0.wp.com\/noticiasribeiraopreto.com.br\/wp-content\/uploads\/2024\/02\/1707343750_mosquito-scaled.jpg?fit=1200%2C1007&ssl=1&resize=525%2C300 1.5x, https:\/\/i0.wp.com\/noticiasribeiraopreto.com.br\/wp-content\/uploads\/2024\/02\/1707343750_mosquito-scaled.jpg?fit=1200%2C1007&ssl=1&resize=700%2C400 2x, https:\/\/i0.wp.com\/noticiasribeiraopreto.com.br\/wp-content\/uploads\/2024\/02\/1707343750_mosquito-scaled.jpg?fit=1200%2C1007&ssl=1&resize=1050%2C600 3x"},"classes":[]}],"jetpack_sharing_enabled":true,"jetpack_shortlink":"https:\/\/wp.me\/peQAOb-a61","_links":{"self":[{"href":"https:\/\/noticiasribeiraopreto.com.br\/index.php\/wp-json\/wp\/v2\/posts\/38813","targetHints":{"allow":["GET"]}}],"collection":[{"href":"https:\/\/noticiasribeiraopreto.com.br\/index.php\/wp-json\/wp\/v2\/posts"}],"about":[{"href":"https:\/\/noticiasribeiraopreto.com.br\/index.php\/wp-json\/wp\/v2\/types\/post"}],"author":[{"embeddable":true,"href":"https:\/\/noticiasribeiraopreto.com.br\/index.php\/wp-json\/wp\/v2\/users\/1"}],"replies":[{"embeddable":true,"href":"https:\/\/noticiasribeiraopreto.com.br\/index.php\/wp-json\/wp\/v2\/comments?post=38813"}],"version-history":[{"count":0,"href":"https:\/\/noticiasribeiraopreto.com.br\/index.php\/wp-json\/wp\/v2\/posts\/38813\/revisions"}],"wp:featuredmedia":[{"embeddable":true,"href":"https:\/\/noticiasribeiraopreto.com.br\/index.php\/wp-json\/wp\/v2\/media\/38814"}],"wp:attachment":[{"href":"https:\/\/noticiasribeiraopreto.com.br\/index.php\/wp-json\/wp\/v2\/media?parent=38813"}],"wp:term":[{"taxonomy":"category","embeddable":true,"href":"https:\/\/noticiasribeiraopreto.com.br\/index.php\/wp-json\/wp\/v2\/categories?post=38813"},{"taxonomy":"post_tag","embeddable":true,"href":"https:\/\/noticiasribeiraopreto.com.br\/index.php\/wp-json\/wp\/v2\/tags?post=38813"}],"curies":[{"name":"wp","href":"https:\/\/api.w.org\/{rel}","templated":true}]}}