{"id":38873,"date":"2024-02-22T08:15:30","date_gmt":"2024-02-22T11:15:30","guid":{"rendered":"https:\/\/noticiasribeiraopreto.com.br\/index.php\/2024\/02\/22\/uma-noite-inesquecivel\/"},"modified":"2024-02-22T08:15:30","modified_gmt":"2024-02-22T11:15:30","slug":"uma-noite-inesquecivel","status":"publish","type":"post","link":"https:\/\/noticiasribeiraopreto.com.br\/index.php\/2024\/02\/22\/uma-noite-inesquecivel\/","title":{"rendered":"Uma noite inesquec\u00edvel \u00a0 &#8211; Jornal Tribuna Ribeir\u00e3o"},"content":{"rendered":"<div class='code-block code-block-1' style='margin: 8px 0 8px auto; text-align: right; display: block; clear: both;'>\n<p><a href=\"https:\/\/wa.link\/vpicfd\"><img data-recalc-dims=\"1\" class=\"wp-image-4922\" style=\"aspect-ratio: 2.0253164556962027; width: 561px; height: auto;\" src=\"https:\/\/i0.wp.com\/ismaelcolosi.com.br\/wp-content\/uploads\/2023\/11\/grupo-de-empregos-whatsapp-e-facebook-ismael-colosi-vagas.jpg?ssl=1\" alt=\"\" \/><\/a><\/p>\n<!-- \/wp:image -->\n<\/div>\n<p> <br \/>\n<\/p>\n<div id=\"\">\n<p> <span class=\"entry-meta-item penci-posted-on\"><i class=\"fa fa-clock-o\"\/><time class=\"entry-date published\" datetime=\"2024-02-22T08:15:10-03:00\">22 de fevereiro de 2024 | 8:15<\/time><time class=\"updated\" datetime=\"2024-02-21T18:45:45-03:00\">21 de fevereiro de 2024 | 18:45<\/time><\/span><\/p>\n<p> <span class=\"penci-social-buttons penci-social-share-footer\"><a href=\"#\" class=\"penci-post-like penci_post-meta_item  single-like-button penci-social-item like\" data-post_id=\"374501\" title=\"Like\" data-like=\"Like\" data-unlike=\"Unlike\"><i class=\"fa fa-thumbs-o-up\"\/><span class=\"penci-share-number\">0<\/span><\/a><i class=\"fa fa-facebook\"\/><a class=\"penci-social-item twitter\" target=\"_blank\" rel=\"noopener\" title=\"\" href=\"https:\/\/twitter.com\/intent\/tweet?text=Uma%20noite%20inesquec\u00edvel%20\u00a0%20-%20https:\/\/www.tribunaribeirao.com.br\/site\/uma-noite-inesquecivel\/\"><i class=\"fa fa-twitter\"\/><\/a><i class=\"fa fa-whatsapp\"\/><\/span><\/div>\n<div>\n<p><span class=\"LineBreakBlob BlobObject DragDrop SCXW26420586 BCX0\"><span class=\"TextRun SCXW26420586 BCX0\" lang=\"PT-BR\" xml:lang=\"PT-BR\" data-contrast=\"auto\"><span class=\"NormalTextRun SCXW26420586 BCX0\">Edwaldo Arantes *<\/span><\/span><span class=\"SCXW26420586 BCX0\">\u00a0<\/span><br class=\"SCXW26420586 BCX0\"\/><span class=\"TextRun Underlined SCXW26420586 BCX0\" lang=\"PT-BR\" xml:lang=\"PT-BR\" data-contrast=\"none\"><span class=\"NormalTextRun SCXW26420586 BCX0\" data-ccp-charstyle=\"Hyperlink\"><span class=\"__cf_email__\" data-cfemail=\"b0d5d5d4c7d1dcd4dfd5c5d7d5ded9dfd1c2d1dec4d5c3f0d7ddd1d9dc9ed3dfdd\">[email\u00a0protected]<\/span><\/span><\/span><span class=\"SCXW26420586 BCX0\">\u00a0<\/span><br class=\"SCXW26420586 BCX0\"\/><span class=\"SCXW26420586 BCX0\">\u00a0<\/span><br class=\"SCXW26420586 BCX0\"\/><span class=\"TextRun SCXW26420586 BCX0\" lang=\"PT-BR\" xml:lang=\"PT-BR\" data-contrast=\"auto\"><span class=\"NormalTextRun SCXW26420586 BCX0\">O poeta cubano, \u201cJos\u00e9 Mart\u00ed\u201d, cunhou uma frase, \u201cPlantar uma \u00e1rvore, ter um filho e escrever um livro\u201d, frase que se popularizou em um plano Universal, sendo escrita e interpretada, centenas de vezes.<\/span><\/span><span class=\"SCXW26420586 BCX0\">\u00a0<\/span><br class=\"SCXW26420586 BCX0\"\/><span class=\"SCXW26420586 BCX0\">\u00a0<\/span><br class=\"SCXW26420586 BCX0\"\/><span class=\"TextRun SCXW26420586 BCX0\" lang=\"PT-BR\" xml:lang=\"PT-BR\" data-contrast=\"auto\"><span class=\"NormalTextRun SCXW26420586 BCX0\"> \u201cJos\u00e9 Juli\u00e1n Mart\u00ed P\u00e9rez <\/span><span class=\"NormalTextRun ContextualSpellingAndGrammarErrorV2Themed SCXW26420586 BCX0\">( (<\/span><span class=\"NormalTextRun SCXW26420586 BCX0\">1853-1895) e o uruguaio Jos\u00e9 Enrique Rod\u00f3 (1871-1917) fariam parte de um terceiro momento da hist\u00f3ria do pensamento latino-americano, denominado por Leopoldo Zea \u201cfilosofia da liberta\u00e7\u00e3o\u201d. Diferentemente do primeiro per\u00edodo, dos \u201crom\u00e2nticos\u201d, e do segundo, dos positivistas \u201cconstrutores de uma nova ordem\u201d, nesse terceiro momento haveria uma preocupa\u00e7\u00e3o com a forma\u00e7\u00e3o de uma consci\u00eancia coletiva nacionalista e anti-imperialista diante do fortalecimento norte-americano. Tanto Rod\u00f3 quanto Mart\u00ed foram influentes em seu tempo, mas tamb\u00e9m o transcenderam ao analisarem nas particularidades latino-americanas as formas de romper com a domina\u00e7\u00e3o presente na regi\u00e3o\u201d.<\/span><\/span><span class=\"SCXW26420586 BCX0\">\u00a0<\/span><br class=\"SCXW26420586 BCX0\"\/><span class=\"SCXW26420586 BCX0\">\u00a0<\/span><br class=\"SCXW26420586 BCX0\"\/><span class=\"TextRun SCXW26420586 BCX0\" lang=\"PT-BR\" xml:lang=\"PT-BR\" data-contrast=\"auto\"><span class=\"NormalTextRun SCXW26420586 BCX0\">Bem, voltemos a uma noite de encantos com livros e amigos queridos na Livraria da Travessa, inclusive a gerente, Themis Maciel, corria entre as mesas do \u201cBar <\/span><span class=\"NormalTextRun SpellingErrorV2Themed SCXW26420586 BCX0\">Quaser<\/span><span class=\"NormalTextRun SCXW26420586 BCX0\">\u201d, do amado Devanir, foi l\u00e1 que conheci o Johnny Alf.\u00a0 Anos depois, j\u00e1 <\/span><span class=\"NormalTextRun ContextualSpellingAndGrammarErrorV2Themed SCXW26420586 BCX0\">adolescente\u00a0 foi<\/span><span class=\"NormalTextRun SCXW26420586 BCX0\"> nossa aluna, no Anglo.<\/span><\/span><span class=\"SCXW26420586 BCX0\">\u00a0<\/span><br class=\"SCXW26420586 BCX0\"\/><span class=\"SCXW26420586 BCX0\">\u00a0<\/span><br class=\"SCXW26420586 BCX0\"\/><span class=\"TextRun SCXW26420586 BCX0\" lang=\"PT-BR\" xml:lang=\"PT-BR\" data-contrast=\"auto\"><span class=\"NormalTextRun SCXW26420586 BCX0\">Companheiros de tantas a\u00e7\u00f5es, lutas e jornadas, me recuso a citar cada um, apenas vou citar todos na pessoa do Dr. Brasil Salom\u00e3o, com sua simplicidade, eleg\u00e2ncia e fidalguia, templo do saber jur\u00eddico, na ess\u00eancia e nas rela\u00e7\u00f5es, um cidad\u00e3o como qualquer um.<\/span><\/span><span class=\"SCXW26420586 BCX0\">\u00a0<\/span><br class=\"SCXW26420586 BCX0\"\/><span class=\"SCXW26420586 BCX0\">\u00a0<\/span><br class=\"SCXW26420586 BCX0\"\/><span class=\"TextRun SCXW26420586 BCX0\" lang=\"PT-BR\" xml:lang=\"PT-BR\" data-contrast=\"auto\"><span class=\"NormalTextRun SCXW26420586 BCX0\">O meu parceiro e editor do Jornal Tribuna, Hilton Hartmann, em seu semblante bravio, por\u00e9m sereno, curto e grosso na mensagem ao Zap: \u201cEst\u00e1 muito grande, corte\u201d.<\/span> <span class=\"NormalTextRun SCXW26420586 BCX0\">Guardo nesta noite memor\u00e1vel e dos dias que antecederam muitas lembran\u00e7as, como quando fui conceder uma entrevista ao Jos\u00e9 Fernando Chiavenato.<\/span><\/span><span class=\"SCXW26420586 BCX0\">\u00a0<\/span><br class=\"SCXW26420586 BCX0\"\/><span class=\"SCXW26420586 BCX0\">\u00a0<\/span><br class=\"SCXW26420586 BCX0\"\/><span class=\"TextRun SCXW26420586 BCX0\" lang=\"PT-BR\" xml:lang=\"PT-BR\" data-contrast=\"auto\"><span class=\"NormalTextRun SCXW26420586 BCX0\">Ele abriu assim: \u201c\u00c9 o mais esperado livro do ano\u201d.<\/span> <span class=\"NormalTextRun SCXW26420586 BCX0\">Terminado o papo, falei ao Z\u00e9. \u201cN\u00f3s estamos em fevereiro! Ele com uma sonora gargalhada, t\u00e3o caracter\u00edstica dele comentou:<\/span> <\/span><span class=\"SCXW26420586 BCX0\">\u00a0<\/span><br class=\"SCXW26420586 BCX0\"\/><span class=\"SCXW26420586 BCX0\">\u00a0<\/span><br class=\"SCXW26420586 BCX0\"\/><span class=\"TextRun SCXW26420586 BCX0\" lang=\"PT-BR\" xml:lang=\"PT-BR\" data-contrast=\"auto\"><span class=\"NormalTextRun SCXW26420586 BCX0\">\u2013 <\/span><span class=\"NormalTextRun SCXW26420586 BCX0\">\u00c9 para passar este restinho de ano.<\/span><\/span><span class=\"SCXW26420586 BCX0\">\u00a0<\/span><br class=\"SCXW26420586 BCX0\"\/><span class=\"SCXW26420586 BCX0\">\u00a0<\/span><br class=\"SCXW26420586 BCX0\"\/><span class=\"TextRun SCXW26420586 BCX0\" lang=\"PT-BR\" xml:lang=\"PT-BR\" data-contrast=\"auto\"><span class=\"NormalTextRun SCXW26420586 BCX0\">Interessante que a obra n\u00e3o fala da trajet\u00f3ria do Johnny na Bossa Nova, mas <\/span><span class=\"NormalTextRun ContextualSpellingAndGrammarErrorV2Themed SCXW26420586 BCX0\">sim,\u00a0 da<\/span><span class=\"NormalTextRun SCXW26420586 BCX0\"> forte amizade que nos uniu.<\/span><\/span><span class=\"SCXW26420586 BCX0\">\u00a0<\/span><br class=\"SCXW26420586 BCX0\"\/><span class=\"SCXW26420586 BCX0\">\u00a0<\/span><br class=\"SCXW26420586 BCX0\"\/><span class=\"TextRun SCXW26420586 BCX0\" lang=\"PT-BR\" xml:lang=\"PT-BR\" data-contrast=\"auto\"><span class=\"NormalTextRun SCXW26420586 BCX0\">Outro jornalista, o Z\u00e9 eu posso citar, me perguntou: \u201cVoc\u00ea acredita mesmo que ele foi injusti\u00e7ado e esquecido? N\u00e3o tive quaisquer d\u00favidas: Ele foi o criador da Bossa Nova, foi o g\u00eanio que inspirou Tom Jobim e Jo\u00e3o Gilberto.<\/span><\/span><span class=\"SCXW26420586 BCX0\">\u00a0<\/span><br class=\"SCXW26420586 BCX0\"\/><span class=\"SCXW26420586 BCX0\">\u00a0<\/span><br class=\"SCXW26420586 BCX0\"\/><span class=\"TextRun SCXW26420586 BCX0\" lang=\"PT-BR\" xml:lang=\"PT-BR\" data-contrast=\"auto\"><span class=\"NormalTextRun SCXW26420586 BCX0\">Em uma not\u00edcia do Portal Terra e v\u00e1rios outros, foram listados os criadores da Bossa: Jo\u00e3o Gilberto, Tom Jobim, Roberto Menescal, Nara Le\u00e3o e Vin\u00edcius de Morais.<\/span><\/span><span class=\"SCXW26420586 BCX0\">\u00a0<\/span><br class=\"SCXW26420586 BCX0\"\/><span class=\"SCXW26420586 BCX0\">\u00a0<\/span><br class=\"SCXW26420586 BCX0\"\/><span class=\"TextRun SCXW26420586 BCX0\" lang=\"PT-BR\" xml:lang=\"PT-BR\" data-contrast=\"auto\"><span class=\"NormalTextRun SCXW26420586 BCX0\">Perguntei: Como pode o criador da Bossa Nova, se apresentar, com <\/span><span class=\"NormalTextRun ContextualSpellingAndGrammarErrorV2Themed SCXW26420586 BCX0\">todo\u00a0 o<\/span> <span class=\"NormalTextRun ContextualSpellingAndGrammarErrorV2Themed SCXW26420586 BCX0\">respeito,\u00a0 na<\/span><span class=\"NormalTextRun SCXW26420586 BCX0\"> Sociedade Recreativa de Esportes, <\/span><span class=\"NormalTextRun SpellingErrorV2Themed SCXW26420586 BCX0\">Brulhart<\/span><span class=\"NormalTextRun SCXW26420586 BCX0\"> e outros ao <\/span><span class=\"NormalTextRun ContextualSpellingAndGrammarErrorV2Themed SCXW26420586 BCX0\">troco\u00a0 de<\/span><span class=\"NormalTextRun SCXW26420586 BCX0\"> R$ 200,00?<\/span><\/span><span class=\"SCXW26420586 BCX0\">\u00a0<\/span><br class=\"SCXW26420586 BCX0\"\/><span class=\"SCXW26420586 BCX0\">\u00a0<\/span><br class=\"SCXW26420586 BCX0\"\/><span class=\"TextRun SCXW26420586 BCX0\" lang=\"PT-BR\" xml:lang=\"PT-BR\" data-contrast=\"auto\"><span class=\"NormalTextRun SCXW26420586 BCX0\">Merecia o suntuoso e Majestoso <\/span><span class=\"NormalTextRun SpellingErrorV2Themed SCXW26420586 BCX0\">Theatro<\/span><span class=\"NormalTextRun SCXW26420586 BCX0\"> Pedro II, lotado.<\/span><\/span><span class=\"SCXW26420586 BCX0\">\u00a0<\/span><br class=\"SCXW26420586 BCX0\"\/><span class=\"SCXW26420586 BCX0\">\u00a0<\/span><br class=\"SCXW26420586 BCX0\"\/><span class=\"TextRun SCXW26420586 BCX0\" lang=\"PT-BR\" xml:lang=\"PT-BR\" data-contrast=\"auto\"><span class=\"NormalTextRun SCXW26420586 BCX0\">Trocamos muitas confid\u00eancias, dentre elas, algumas ou todas me marcaram at\u00e9 hoje:<\/span><\/span><span class=\"SCXW26420586 BCX0\">\u00a0<\/span><br class=\"SCXW26420586 BCX0\"\/><span class=\"SCXW26420586 BCX0\">\u00a0<\/span><br class=\"SCXW26420586 BCX0\"\/><span class=\"TextRun SCXW26420586 BCX0\" lang=\"PT-BR\" xml:lang=\"PT-BR\" data-contrast=\"auto\"><span class=\"NormalTextRun SCXW26420586 BCX0\">\u2013<\/span> <span class=\"NormalTextRun SCXW26420586 BCX0\">Edwaldo, <\/span><span class=\"NormalTextRun ContextualSpellingAndGrammarErrorV2Themed SCXW26420586 BCX0\">Eu<\/span><span class=\"NormalTextRun SCXW26420586 BCX0\"> sou o homem mais s\u00f3 do mundo, n\u00e3o tenho sequer um can\u00e1rio para dar \u00e1gua.<\/span><\/span><span class=\"SCXW26420586 BCX0\">\u00a0<\/span><br class=\"SCXW26420586 BCX0\"\/><span class=\"SCXW26420586 BCX0\">\u00a0<\/span><br class=\"SCXW26420586 BCX0\"\/><span class=\"TextRun SCXW26420586 BCX0\" lang=\"PT-BR\" xml:lang=\"PT-BR\" data-contrast=\"auto\"><span class=\"NormalTextRun SCXW26420586 BCX0\">Tenho uma filha Marina, <\/span><span class=\"NormalTextRun ContextualSpellingAndGrammarErrorV2Themed SCXW26420586 BCX0\">M\u00e1<\/span><span class=\"NormalTextRun SCXW26420586 BCX0\">, plantei muitas \u00e1rvores, principalmente quando ocupei o cargo de Secret\u00e1rio Adjunto de Planejamento e Gest\u00e3o Ambiental. Ontem completei o terceiro, <\/span><span class=\"NormalTextRun SpellingErrorV2Themed SCXW26420586 BCX0\">\u00edtem<\/span><span class=\"NormalTextRun SCXW26420586 BCX0\">, apresentando meu livro, aos queridos amigos e queridas amigas, \u201cJohnny Alf e Cia. Encontros com o g\u00eanio esquecido da Bossa Nova e outras cr\u00f4nicas.<\/span><\/span><span class=\"SCXW26420586 BCX0\">\u00a0<\/span><br class=\"SCXW26420586 BCX0\"\/><span class=\"SCXW26420586 BCX0\">\u00a0<\/span><br class=\"SCXW26420586 BCX0\"\/><span class=\"TextRun SCXW26420586 BCX0\" lang=\"PT-BR\" xml:lang=\"PT-BR\" data-contrast=\"auto\"><span class=\"NormalTextRun SCXW26420586 BCX0\">Nunca perguntei seu nome ou a data do seu anivers\u00e1rio, anos depois em uma not\u00edcia sobre sua morte, l\u00e1 estava:<\/span><\/span><span class=\"SCXW26420586 BCX0\">\u00a0<\/span><br class=\"SCXW26420586 BCX0\"\/><span class=\"SCXW26420586 BCX0\">\u00a0<\/span><br class=\"SCXW26420586 BCX0\"\/><span class=\"TextRun SCXW26420586 BCX0\" lang=\"PT-BR\" xml:lang=\"PT-BR\" data-contrast=\"auto\"><span class=\"NormalTextRun SCXW26420586 BCX0\">Alfredo Jos\u00e9 da Silva ou simplesmente Johnny Alf, nasceu no Rio de Janeiro, no dia 19 de maio de 1929. Ele foi professor, compositor, pianista e cantor.<\/span><\/span><span class=\"SCXW26420586 BCX0\">\u00a0<\/span><br class=\"SCXW26420586 BCX0\"\/><span class=\"SCXW26420586 BCX0\">\u00a0<\/span><br class=\"SCXW26420586 BCX0\"\/><span class=\"TextRun SCXW26420586 BCX0\" lang=\"PT-BR\" xml:lang=\"PT-BR\" data-contrast=\"auto\"><span class=\"NormalTextRun SCXW26420586 BCX0\">Quis o destino, nasci no dia 19 de maio de 1959.<\/span><\/span><span class=\"SCXW26420586 BCX0\">\u00a0<\/span><br class=\"SCXW26420586 BCX0\"\/><span class=\"SCXW26420586 BCX0\">\u00a0<\/span><br class=\"SCXW26420586 BCX0\"\/><span class=\"TextRun SCXW26420586 BCX0\" lang=\"PT-BR\" xml:lang=\"PT-BR\" data-contrast=\"auto\"><span class=\"NormalTextRun SCXW26420586 BCX0\">* Agente <\/span><span class=\"NormalTextRun SCXW26420586 BCX0\">c<\/span><span class=\"NormalTextRun SCXW26420586 BCX0\">ultural<\/span><\/span><span class=\"EOP SCXW26420586 BCX0\" data-ccp-props=\"{&quot;201341983&quot;:0,&quot;335559739&quot;:200,&quot;335559740&quot;:276}\">\u00a0<\/span><\/span><span class=\"LineBreakBlob BlobObject DragDrop SCXW26420586 BCX0\"><span class=\"SCXW26420586 BCX0\">\u00a0<\/span><br class=\"SCXW26420586 BCX0\"\/><\/span><\/p>\n<\/div>\n<p><script async src=\"\/\/platform.twitter.com\/widgets.js\" charset=\"utf-8\"><\/script><br \/>\n<br \/><br \/>\n<br \/><a href=\"https:\/\/www.tribunaribeirao.com.br\/site\/uma-noite-inesquecivel\/\">Source link <\/a><\/p>\n<!-- CONTENT END 1 -->\n","protected":false},"excerpt":{"rendered":"<p>22 de fevereiro de 2024 | 8:1521 de fevereiro de 2024 | 18:45 0 Edwaldo Arantes *\u00a0[email\u00a0protected]\u00a0\u00a0O poeta cubano, \u201cJos\u00e9 Mart\u00ed\u201d, cunhou uma frase, \u201cPlantar&#8230;<\/p>\n","protected":false},"author":1,"featured_media":38874,"comment_status":"open","ping_status":"open","sticky":false,"template":"","format":"standard","meta":{"advanced_seo_description":"","jetpack_seo_html_title":"","jetpack_seo_noindex":false,"jetpack_post_was_ever_published":false,"_jetpack_newsletter_access":"","_jetpack_dont_email_post_to_subs":false,"_jetpack_newsletter_tier_id":0,"_jetpack_memberships_contains_paywalled_content":false,"_jetpack_memberships_contains_paid_content":false,"footnotes":"","jetpack_publicize_message":"","jetpack_publicize_feature_enabled":true,"jetpack_social_post_already_shared":true,"jetpack_social_options":{"image_generator_settings":{"template":"highway","default_image_id":0,"font":"","enabled":false},"version":2}},"categories":[11],"tags":[4418,785,1275,26,786,85],"class_list":["post-38873","post","type-post","status-publish","format-standard","has-post-thumbnail","hentry","category-noticias-de-ribeirao-preto-sp-e-regiao-ismael-colosi","tag-inesquecivel","tag-jornal","tag-noite","tag-ribeirao","tag-tribuna","tag-uma"],"jetpack_publicize_connections":[],"jetpack_featured_media_url":"https:\/\/i0.wp.com\/noticiasribeiraopreto.com.br\/wp-content\/uploads\/2024\/02\/edwaldoarantes.jpg?fit=700%2C450&ssl=1","jetpack-related-posts":[{"id":29414,"url":"https:\/\/noticiasribeiraopreto.com.br\/index.php\/2024\/01\/18\/reveillon-barnabe\/","url_meta":{"origin":38873,"position":0},"title":"Reveillon Barnab\u00e9 &#8211; Jornal Tribuna Ribeir\u00e3o","author":"noticiasribeiraopreto.com.br","date":"18 de January de 2024","format":false,"excerpt":"18 de janeiro de 2024 | 9:0317 de janeiro de 2024 | 15:04 0Considerado um dos melhores do interior, o Barnab\u00e9 realizou uma celebra\u00e7\u00e3o de\u00a0R\u00e9veillon\u00a0memor\u00e1vel, reunindo elementos que garantiram uma noite inesquec\u00edvel e perfeita. Das 20h30 \u00e0s 2h30, all inclusive, m\u00fasica ao vivo, Ilha de Petiscos, Ilha de Ceviche, Ilha\u2026","rel":"","context":"In &quot;Not\u00edcias de Ribeir\u00e3o Preto-SP e Regi\u00e3o&quot;","block_context":{"text":"Not\u00edcias de Ribeir\u00e3o Preto-SP e Regi\u00e3o","link":"https:\/\/noticiasribeiraopreto.com.br\/index.php\/category\/noticias-de-ribeirao-preto-sp-e-regiao-ismael-colosi\/"},"img":{"alt_text":"","src":"https:\/\/i0.wp.com\/noticiasribeiraopreto.com.br\/wp-content\/uploads\/2024\/01\/1-scaled.jpg?fit=381%2C645&ssl=1&resize=350%2C200","width":350,"height":200},"classes":[]},{"id":33006,"url":"https:\/\/noticiasribeiraopreto.com.br\/index.php\/2024\/01\/27\/circuito-das-aguas\/","url_meta":{"origin":38873,"position":1},"title":"Circuito das \u00c1guas &#8211; Jornal Tribuna Ribeir\u00e3o","author":"noticiasribeiraopreto.com.br","date":"27 de January de 2024","format":false,"excerpt":"27 de janeiro de 2024 | 9:0326 de janeiro de 2024 | 12:26 0A DSE Viagens \u2013 Darcy Silveira Excurs\u00f5es carregou mais um grupo para conhecer as belezas de \u00c1guas de S\u00e3o Louren\u00e7o, Caxambu, Baependi e Soledade.Hospedado no Hotel Guanabara de S\u00e3o Louren\u00e7o, com direito a caf\u00e9 da manh\u00e3, almo\u00e7o\u2026","rel":"","context":"In &quot;Not\u00edcias de Ribeir\u00e3o Preto-SP e Regi\u00e3o&quot;","block_context":{"text":"Not\u00edcias de Ribeir\u00e3o Preto-SP e Regi\u00e3o","link":"https:\/\/noticiasribeiraopreto.com.br\/index.php\/category\/noticias-de-ribeirao-preto-sp-e-regiao-ismael-colosi\/"},"img":{"alt_text":"","src":"https:\/\/i0.wp.com\/noticiasribeiraopreto.com.br\/wp-content\/uploads\/2024\/01\/1-2-scaled.jpg?fit=860%2C645&ssl=1&resize=350%2C200","width":350,"height":200,"srcset":"https:\/\/i0.wp.com\/noticiasribeiraopreto.com.br\/wp-content\/uploads\/2024\/01\/1-2-scaled.jpg?fit=860%2C645&ssl=1&resize=350%2C200 1x, https:\/\/i0.wp.com\/noticiasribeiraopreto.com.br\/wp-content\/uploads\/2024\/01\/1-2-scaled.jpg?fit=860%2C645&ssl=1&resize=525%2C300 1.5x, https:\/\/i0.wp.com\/noticiasribeiraopreto.com.br\/wp-content\/uploads\/2024\/01\/1-2-scaled.jpg?fit=860%2C645&ssl=1&resize=700%2C400 2x"},"classes":[]},{"id":23893,"url":"https:\/\/noticiasribeiraopreto.com.br\/index.php\/2024\/01\/03\/julieta-taranto-2\/","url_meta":{"origin":38873,"position":2},"title":"Julieta Taranto &#8211; Jornal Tribuna Ribeir\u00e3o","author":"noticiasribeiraopreto.com.br","date":"3 de January de 2024","format":false,"excerpt":"3 de janeiro de 2024 | 9:0327 de dezembro de 2023 | 15:03 0A Escola Estadual Julieta Fernanda Sousa Taranto, no Jardim Marchesi, promoveu uma homenagem a sua patrona, para que os alunos conhecessem um pouco da hist\u00f3ria desta portuguesa que ajudou por d\u00e9cadas milhares de crian\u00e7as nascidas em torno\u2026","rel":"","context":"In &quot;Not\u00edcias de Ribeir\u00e3o Preto-SP e Regi\u00e3o&quot;","block_context":{"text":"Not\u00edcias de Ribeir\u00e3o Preto-SP e Regi\u00e3o","link":"https:\/\/noticiasribeiraopreto.com.br\/index.php\/category\/noticias-de-ribeirao-preto-sp-e-regiao-ismael-colosi\/"},"img":{"alt_text":"","src":"https:\/\/i0.wp.com\/noticiasribeiraopreto.com.br\/wp-content\/uploads\/2024\/01\/20-scaled.jpg?fit=1000%2C563&ssl=1&resize=350%2C200","width":350,"height":200,"srcset":"https:\/\/i0.wp.com\/noticiasribeiraopreto.com.br\/wp-content\/uploads\/2024\/01\/20-scaled.jpg?fit=1000%2C563&ssl=1&resize=350%2C200 1x, https:\/\/i0.wp.com\/noticiasribeiraopreto.com.br\/wp-content\/uploads\/2024\/01\/20-scaled.jpg?fit=1000%2C563&ssl=1&resize=525%2C300 1.5x, https:\/\/i0.wp.com\/noticiasribeiraopreto.com.br\/wp-content\/uploads\/2024\/01\/20-scaled.jpg?fit=1000%2C563&ssl=1&resize=700%2C400 2x"},"classes":[]},{"id":37432,"url":"https:\/\/noticiasribeiraopreto.com.br\/index.php\/2024\/02\/16\/baile-do-copa\/","url_meta":{"origin":38873,"position":3},"title":"Baile do Copa &#8211; Jornal Tribuna Ribeir\u00e3o","author":"noticiasribeiraopreto.com.br","date":"16 de February de 2024","format":false,"excerpt":"16 de fevereiro de 2024 | 9:0314 de fevereiro de 2024 | 10:59 0O Copacabana Palace, A Belmond Hotel, apresentou mais uma edi\u00e7\u00e3o de seu tradicional baile de carnaval, o aclamado \u2018Baile do Copa\u2019, uma experi\u00eancia inigual\u00e1vel no hotel mais ic\u00f4nico do Rio de Janeiro. O \u2018Copa\u2019, como \u00e9 carinhosamente\u2026","rel":"","context":"In &quot;Not\u00edcias de Ribeir\u00e3o Preto-SP e Regi\u00e3o&quot;","block_context":{"text":"Not\u00edcias de Ribeir\u00e3o Preto-SP e Regi\u00e3o","link":"https:\/\/noticiasribeiraopreto.com.br\/index.php\/category\/noticias-de-ribeirao-preto-sp-e-regiao-ismael-colosi\/"},"img":{"alt_text":"","src":"https:\/\/i0.wp.com\/noticiasribeiraopreto.com.br\/wp-content\/uploads\/2024\/02\/Narcisa-Tamborindeguy_Credito-Castro-Filmes-scaled.jpg?fit=667%2C1000&ssl=1&resize=350%2C200","width":350,"height":200,"srcset":"https:\/\/i0.wp.com\/noticiasribeiraopreto.com.br\/wp-content\/uploads\/2024\/02\/Narcisa-Tamborindeguy_Credito-Castro-Filmes-scaled.jpg?fit=667%2C1000&ssl=1&resize=350%2C200 1x, https:\/\/i0.wp.com\/noticiasribeiraopreto.com.br\/wp-content\/uploads\/2024\/02\/Narcisa-Tamborindeguy_Credito-Castro-Filmes-scaled.jpg?fit=667%2C1000&ssl=1&resize=525%2C300 1.5x"},"classes":[]},{"id":36657,"url":"https:\/\/noticiasribeiraopreto.com.br\/index.php\/2024\/02\/11\/guirlanda-de-rosas\/","url_meta":{"origin":38873,"position":4},"title":"Guirlanda de Rosas &#8211; Jornal Tribuna Ribeir\u00e3o","author":"noticiasribeiraopreto.com.br","date":"11 de February de 2024","format":false,"excerpt":"11 de fevereiro de 2024 | 9:039 de fevereiro de 2024 | 14:55 0A empres\u00e1ria francana Maria Tereza Ludovice mais uma vez exercitou a arte de bem receber em torno do chiqu\u00e9rrimo anivers\u00e1rio da cunhada Ana Lucia Ludovice Matias.Com o tema rosas, a festa repleta de detalhes estava toda decorada\u2026","rel":"","context":"In &quot;Not\u00edcias de Ribeir\u00e3o Preto-SP e Regi\u00e3o&quot;","block_context":{"text":"Not\u00edcias de Ribeir\u00e3o Preto-SP e Regi\u00e3o","link":"https:\/\/noticiasribeiraopreto.com.br\/index.php\/category\/noticias-de-ribeirao-preto-sp-e-regiao-ismael-colosi\/"},"img":{"alt_text":"","src":"https:\/\/i0.wp.com\/noticiasribeiraopreto.com.br\/wp-content\/uploads\/2024\/02\/11-9-scaled.jpg?fit=860%2C645&ssl=1&resize=350%2C200","width":350,"height":200,"srcset":"https:\/\/i0.wp.com\/noticiasribeiraopreto.com.br\/wp-content\/uploads\/2024\/02\/11-9-scaled.jpg?fit=860%2C645&ssl=1&resize=350%2C200 1x, https:\/\/i0.wp.com\/noticiasribeiraopreto.com.br\/wp-content\/uploads\/2024\/02\/11-9-scaled.jpg?fit=860%2C645&ssl=1&resize=525%2C300 1.5x, https:\/\/i0.wp.com\/noticiasribeiraopreto.com.br\/wp-content\/uploads\/2024\/02\/11-9-scaled.jpg?fit=860%2C645&ssl=1&resize=700%2C400 2x"},"classes":[]},{"id":39946,"url":"https:\/\/noticiasribeiraopreto.com.br\/index.php\/2024\/02\/29\/doutora\/","url_meta":{"origin":38873,"position":5},"title":"Doutora &#8211; Jornal Tribuna Ribeir\u00e3o","author":"noticiasribeiraopreto.com.br","date":"29 de February de 2024","format":false,"excerpt":"29 de fevereiro de 2024 | 9:0328 de fevereiro de 2024 | 15:58 0Para comemorar a formatura de Vict\u00f3ria na Medicina da USP de Ribeir\u00e3o Preto, os pais Jos\u00e9 Roberto e Silvana Issa Chodraui, receberam em \u2018petit comite\u2019, em um jantar \u00e1rabe regado aos melhores r\u00f3tulos.\u00a0\u00a0\u00a0\u00a0\u00a0\u00a0 Source link","rel":"","context":"In &quot;Not\u00edcias de Ribeir\u00e3o Preto-SP e Regi\u00e3o&quot;","block_context":{"text":"Not\u00edcias de Ribeir\u00e3o Preto-SP e Regi\u00e3o","link":"https:\/\/noticiasribeiraopreto.com.br\/index.php\/category\/noticias-de-ribeirao-preto-sp-e-regiao-ismael-colosi\/"},"img":{"alt_text":"","src":"https:\/\/i0.wp.com\/noticiasribeiraopreto.com.br\/wp-content\/uploads\/2024\/02\/29-6-scaled.jpg?fit=1000%2C563&ssl=1&resize=350%2C200","width":350,"height":200,"srcset":"https:\/\/i0.wp.com\/noticiasribeiraopreto.com.br\/wp-content\/uploads\/2024\/02\/29-6-scaled.jpg?fit=1000%2C563&ssl=1&resize=350%2C200 1x, https:\/\/i0.wp.com\/noticiasribeiraopreto.com.br\/wp-content\/uploads\/2024\/02\/29-6-scaled.jpg?fit=1000%2C563&ssl=1&resize=525%2C300 1.5x, https:\/\/i0.wp.com\/noticiasribeiraopreto.com.br\/wp-content\/uploads\/2024\/02\/29-6-scaled.jpg?fit=1000%2C563&ssl=1&resize=700%2C400 2x"},"classes":[]}],"jetpack_sharing_enabled":true,"jetpack_shortlink":"https:\/\/wp.me\/peQAOb-a6Z","_links":{"self":[{"href":"https:\/\/noticiasribeiraopreto.com.br\/index.php\/wp-json\/wp\/v2\/posts\/38873","targetHints":{"allow":["GET"]}}],"collection":[{"href":"https:\/\/noticiasribeiraopreto.com.br\/index.php\/wp-json\/wp\/v2\/posts"}],"about":[{"href":"https:\/\/noticiasribeiraopreto.com.br\/index.php\/wp-json\/wp\/v2\/types\/post"}],"author":[{"embeddable":true,"href":"https:\/\/noticiasribeiraopreto.com.br\/index.php\/wp-json\/wp\/v2\/users\/1"}],"replies":[{"embeddable":true,"href":"https:\/\/noticiasribeiraopreto.com.br\/index.php\/wp-json\/wp\/v2\/comments?post=38873"}],"version-history":[{"count":0,"href":"https:\/\/noticiasribeiraopreto.com.br\/index.php\/wp-json\/wp\/v2\/posts\/38873\/revisions"}],"wp:featuredmedia":[{"embeddable":true,"href":"https:\/\/noticiasribeiraopreto.com.br\/index.php\/wp-json\/wp\/v2\/media\/38874"}],"wp:attachment":[{"href":"https:\/\/noticiasribeiraopreto.com.br\/index.php\/wp-json\/wp\/v2\/media?parent=38873"}],"wp:term":[{"taxonomy":"category","embeddable":true,"href":"https:\/\/noticiasribeiraopreto.com.br\/index.php\/wp-json\/wp\/v2\/categories?post=38873"},{"taxonomy":"post_tag","embeddable":true,"href":"https:\/\/noticiasribeiraopreto.com.br\/index.php\/wp-json\/wp\/v2\/tags?post=38873"}],"curies":[{"name":"wp","href":"https:\/\/api.w.org\/{rel}","templated":true}]}}