{"id":38881,"date":"2024-02-22T09:16:47","date_gmt":"2024-02-22T12:16:47","guid":{"rendered":"https:\/\/noticiasribeiraopreto.com.br\/index.php\/2024\/02\/22\/fazenda-santa-cecilia\/"},"modified":"2024-02-22T09:16:47","modified_gmt":"2024-02-22T12:16:47","slug":"fazenda-santa-cecilia","status":"publish","type":"post","link":"https:\/\/noticiasribeiraopreto.com.br\/index.php\/2024\/02\/22\/fazenda-santa-cecilia\/","title":{"rendered":"Fazenda Santa Cec\u00edlia &#8211; Jornal Tribuna Ribeir\u00e3o"},"content":{"rendered":"<div class='code-block code-block-1' style='margin: 8px 0 8px auto; text-align: right; display: block; clear: both;'>\n<p><a href=\"https:\/\/wa.link\/vpicfd\"><img data-recalc-dims=\"1\" class=\"wp-image-4922\" style=\"aspect-ratio: 2.0253164556962027; width: 561px; height: auto;\" src=\"https:\/\/i0.wp.com\/ismaelcolosi.com.br\/wp-content\/uploads\/2023\/11\/grupo-de-empregos-whatsapp-e-facebook-ismael-colosi-vagas.jpg?ssl=1\" alt=\"\" \/><\/a><\/p>\n<!-- \/wp:image -->\n<\/div>\n<p> <br \/>\n<\/p>\n<div id=\"\">\n<p> <span class=\"entry-meta-item penci-posted-on\"><i class=\"fa fa-clock-o\"\/><time class=\"entry-date published\" datetime=\"2024-02-22T09:03:14-03:00\">22 de fevereiro de 2024 | 9:03<\/time><time class=\"updated\" datetime=\"2024-02-21T11:39:20-03:00\">21 de fevereiro de 2024 | 11:39<\/time><\/span><\/p>\n<p> <span class=\"penci-social-buttons penci-social-share-footer\"><a href=\"#\" class=\"penci-post-like penci_post-meta_item  single-like-button penci-social-item like\" data-post_id=\"374463\" title=\"Like\" data-like=\"Like\" data-unlike=\"Unlike\"><i class=\"fa fa-thumbs-o-up\"\/><span class=\"penci-share-number\">0<\/span><\/a><i class=\"fa fa-facebook\"\/><a class=\"penci-social-item twitter\" target=\"_blank\" rel=\"noopener\" title=\"\" href=\"https:\/\/twitter.com\/intent\/tweet?text=Fazenda%20Santa%20Cec\u00edlia%20-%20https:\/\/www.tribunaribeirao.com.br\/site\/fazenda-santa-cecilia\/\"><i class=\"fa fa-twitter\"\/><\/a><i class=\"fa fa-whatsapp\"\/><\/span><\/div>\n<div>\n<p>Passar 24 horas em uma experi\u00eancia de imers\u00e3o na natureza, com direito a banho de riacho, atividades terap\u00eauticas e alimenta\u00e7\u00e3o vegetariana, \u00e9 a proposta de um novo servi\u00e7o lan\u00e7ado pela Fazenda Santa Cec\u00edlia, em Patroc\u00ednio Paulista. A propriedade fica na regi\u00e3o de Franca e abriga a maior reserva particular de Mata Atl\u00e2ntica do nordeste paulista, com \u00e1rvores centen\u00e1rias e diferentes esp\u00e9cies de animais.<\/p>\n<p>\u00c9 com objetivo de mostrar essa riqueza ambiental e oferecer conhecimentos na \u00e1rea, que a empres\u00e1ria Cristiane Kaulich decidiu oferecer essa imers\u00e3o para jovens e adultos, a partir de 18 anos. A 1\u00aa Viv\u00eancia de 24 horas ser\u00e1 realizada nos dias 2 e 3 de mar\u00e7o e as vagas \u2013 que tiveram inscri\u00e7\u00f5es gratuitas, por ocasi\u00e3o do lan\u00e7amento \u2013 j\u00e1 est\u00e3o esgotadas.<\/p>\n<p>\u201cNos surpreendemos de forma positiva com a procura, tanto que j\u00e1 estamos com fila de espera para a segunda edi\u00e7\u00e3o. Queremos, com a imers\u00e3o na natureza, que as pessoas possam conviver e aprender sobre sustentabilidade, al\u00e9m de terem um momento de relaxamento e conhecimento pessoal\u201d, detalha Cristiane, que tamb\u00e9m ser\u00e1 a mediadora da viv\u00eancia. A programa\u00e7\u00e3o do encontro come\u00e7a \u00e0s 8 horas com a entrada dos participantes e segue at\u00e9 \u00e0s 8 horas do dia seguinte, quando ocorre um caf\u00e9 de encerramento. Nesse intervalo, acontece rodas de conversa, trilha, banho de riacho com pr\u00e1ticas meditativas e de consci\u00eancia corporal, viv\u00eancia de aromas e sabores, piquenique ao p\u00f4r do sol, banho de estrelas com fogueira, al\u00e9m de yoga e medita\u00e7\u00e3o. \u201c\u00c9 um momento muito especial para renovar a energia e ter um contato direto com a natureza, no cora\u00e7\u00e3o da Mata Atl\u00e2ntica\u201d, ressalta a idealizadora do projeto. A ideia \u00e9 que as viv\u00eancias ocorram ao menos uma vez ao m\u00eas, mediante a montagem de grupos.<\/p>\n<p>No pacote para a realiza\u00e7\u00e3o da imers\u00e3o est\u00e3o inclusos alimenta\u00e7\u00e3o vegetariana, as atividades terap\u00eauticas junto \u00e0 natureza, hospedagem com roupa de cama e banho, al\u00e9m de seguro aventura individual.<\/p>\n<p>Para participar da imers\u00e3o de 24 horas na natureza, os interessados podem entrar em contato pelo telefone WhatsApp (16) 99763-7634.<\/p>\n<p><strong>\u00a0<\/strong><\/p>\n<\/div>\n<p><script async src=\"\/\/platform.twitter.com\/widgets.js\" charset=\"utf-8\"><\/script><br \/>\n<br \/><br \/>\n<br \/><a href=\"https:\/\/www.tribunaribeirao.com.br\/site\/fazenda-santa-cecilia\/\">Source link <\/a><\/p>\n<!-- CONTENT END 1 -->\n","protected":false},"excerpt":{"rendered":"<p>22 de fevereiro de 2024 | 9:0321 de fevereiro de 2024 | 11:39 0 Passar 24 horas em uma experi\u00eancia de imers\u00e3o na natureza, com&#8230;<\/p>\n","protected":false},"author":1,"featured_media":38882,"comment_status":"open","ping_status":"open","sticky":false,"template":"","format":"standard","meta":{"advanced_seo_description":"","jetpack_seo_html_title":"","jetpack_seo_noindex":false,"jetpack_post_was_ever_published":false,"_jetpack_newsletter_access":"","_jetpack_dont_email_post_to_subs":false,"_jetpack_newsletter_tier_id":0,"_jetpack_memberships_contains_paywalled_content":false,"_jetpack_memberships_contains_paid_content":false,"footnotes":"","jetpack_publicize_message":"","jetpack_publicize_feature_enabled":true,"jetpack_social_post_already_shared":true,"jetpack_social_options":{"image_generator_settings":{"template":"highway","default_image_id":0,"font":"","enabled":false},"version":2}},"categories":[11],"tags":[4419,1821,785,26,764,786],"class_list":["post-38881","post","type-post","status-publish","format-standard","has-post-thumbnail","hentry","category-noticias-de-ribeirao-preto-sp-e-regiao-ismael-colosi","tag-cecilia","tag-fazenda","tag-jornal","tag-ribeirao","tag-santa","tag-tribuna"],"jetpack_publicize_connections":[],"jetpack_featured_media_url":"https:\/\/i0.wp.com\/noticiasribeiraopreto.com.br\/wp-content\/uploads\/2024\/02\/thumbnail_22-6-scaled.jpg?fit=860%2C645&ssl=1","jetpack-related-posts":[{"id":39946,"url":"https:\/\/noticiasribeiraopreto.com.br\/index.php\/2024\/02\/29\/doutora\/","url_meta":{"origin":38881,"position":0},"title":"Doutora &#8211; Jornal Tribuna Ribeir\u00e3o","author":"noticiasribeiraopreto.com.br","date":"29 de February de 2024","format":false,"excerpt":"29 de fevereiro de 2024 | 9:0328 de fevereiro de 2024 | 15:58 0Para comemorar a formatura de Vict\u00f3ria na Medicina da USP de Ribeir\u00e3o Preto, os pais Jos\u00e9 Roberto e Silvana Issa Chodraui, receberam em \u2018petit comite\u2019, em um jantar \u00e1rabe regado aos melhores r\u00f3tulos.\u00a0\u00a0\u00a0\u00a0\u00a0\u00a0 Source link","rel":"","context":"In &quot;Not\u00edcias de Ribeir\u00e3o Preto-SP e Regi\u00e3o&quot;","block_context":{"text":"Not\u00edcias de Ribeir\u00e3o Preto-SP e Regi\u00e3o","link":"https:\/\/noticiasribeiraopreto.com.br\/index.php\/category\/noticias-de-ribeirao-preto-sp-e-regiao-ismael-colosi\/"},"img":{"alt_text":"","src":"https:\/\/i0.wp.com\/noticiasribeiraopreto.com.br\/wp-content\/uploads\/2024\/02\/29-6-scaled.jpg?fit=1000%2C563&ssl=1&resize=350%2C200","width":350,"height":200,"srcset":"https:\/\/i0.wp.com\/noticiasribeiraopreto.com.br\/wp-content\/uploads\/2024\/02\/29-6-scaled.jpg?fit=1000%2C563&ssl=1&resize=350%2C200 1x, https:\/\/i0.wp.com\/noticiasribeiraopreto.com.br\/wp-content\/uploads\/2024\/02\/29-6-scaled.jpg?fit=1000%2C563&ssl=1&resize=525%2C300 1.5x, https:\/\/i0.wp.com\/noticiasribeiraopreto.com.br\/wp-content\/uploads\/2024\/02\/29-6-scaled.jpg?fit=1000%2C563&ssl=1&resize=700%2C400 2x"},"classes":[]},{"id":36657,"url":"https:\/\/noticiasribeiraopreto.com.br\/index.php\/2024\/02\/11\/guirlanda-de-rosas\/","url_meta":{"origin":38881,"position":1},"title":"Guirlanda de Rosas &#8211; Jornal Tribuna Ribeir\u00e3o","author":"noticiasribeiraopreto.com.br","date":"11 de February de 2024","format":false,"excerpt":"11 de fevereiro de 2024 | 9:039 de fevereiro de 2024 | 14:55 0A empres\u00e1ria francana Maria Tereza Ludovice mais uma vez exercitou a arte de bem receber em torno do chiqu\u00e9rrimo anivers\u00e1rio da cunhada Ana Lucia Ludovice Matias.Com o tema rosas, a festa repleta de detalhes estava toda decorada\u2026","rel":"","context":"In &quot;Not\u00edcias de Ribeir\u00e3o Preto-SP e Regi\u00e3o&quot;","block_context":{"text":"Not\u00edcias de Ribeir\u00e3o Preto-SP e Regi\u00e3o","link":"https:\/\/noticiasribeiraopreto.com.br\/index.php\/category\/noticias-de-ribeirao-preto-sp-e-regiao-ismael-colosi\/"},"img":{"alt_text":"","src":"https:\/\/i0.wp.com\/noticiasribeiraopreto.com.br\/wp-content\/uploads\/2024\/02\/11-9-scaled.jpg?fit=860%2C645&ssl=1&resize=350%2C200","width":350,"height":200,"srcset":"https:\/\/i0.wp.com\/noticiasribeiraopreto.com.br\/wp-content\/uploads\/2024\/02\/11-9-scaled.jpg?fit=860%2C645&ssl=1&resize=350%2C200 1x, https:\/\/i0.wp.com\/noticiasribeiraopreto.com.br\/wp-content\/uploads\/2024\/02\/11-9-scaled.jpg?fit=860%2C645&ssl=1&resize=525%2C300 1.5x, https:\/\/i0.wp.com\/noticiasribeiraopreto.com.br\/wp-content\/uploads\/2024\/02\/11-9-scaled.jpg?fit=860%2C645&ssl=1&resize=700%2C400 2x"},"classes":[]},{"id":39339,"url":"https:\/\/noticiasribeiraopreto.com.br\/index.php\/2024\/02\/25\/acabamentos-de-luxo\/","url_meta":{"origin":38881,"position":2},"title":"Acabamentos de Luxo &#8211; Jornal Tribuna Ribeir\u00e3o","author":"noticiasribeiraopreto.com.br","date":"25 de February de 2024","format":false,"excerpt":"25 de fevereiro de 2024 | 9:0323 de fevereiro de 2024 | 8:55 0A Evolve Acabamentos realizou uma happy hour para comemorar a inaugura\u00e7\u00e3o da sua unidade em Ribeir\u00e3o Preto, localizada na Rua Itacolomi, 705, no bairro Alto da Boa Vista.Os s\u00f3cios Carolina e Jo\u00e3o Venceslau, receberam o diretor da\u2026","rel":"","context":"In &quot;Not\u00edcias de Ribeir\u00e3o Preto-SP e Regi\u00e3o&quot;","block_context":{"text":"Not\u00edcias de Ribeir\u00e3o Preto-SP e Regi\u00e3o","link":"https:\/\/noticiasribeiraopreto.com.br\/index.php\/category\/noticias-de-ribeirao-preto-sp-e-regiao-ismael-colosi\/"},"img":{"alt_text":"","src":"https:\/\/i0.wp.com\/noticiasribeiraopreto.com.br\/wp-content\/uploads\/2024\/02\/403-Joao-Venceslau_e_Carolina-Venceslau_Francis-Arnoldo_e_Claudio-Inserra-scaled.jpg?fit=966%2C645&ssl=1&resize=350%2C200","width":350,"height":200,"srcset":"https:\/\/i0.wp.com\/noticiasribeiraopreto.com.br\/wp-content\/uploads\/2024\/02\/403-Joao-Venceslau_e_Carolina-Venceslau_Francis-Arnoldo_e_Claudio-Inserra-scaled.jpg?fit=966%2C645&ssl=1&resize=350%2C200 1x, https:\/\/i0.wp.com\/noticiasribeiraopreto.com.br\/wp-content\/uploads\/2024\/02\/403-Joao-Venceslau_e_Carolina-Venceslau_Francis-Arnoldo_e_Claudio-Inserra-scaled.jpg?fit=966%2C645&ssl=1&resize=525%2C300 1.5x, https:\/\/i0.wp.com\/noticiasribeiraopreto.com.br\/wp-content\/uploads\/2024\/02\/403-Joao-Venceslau_e_Carolina-Venceslau_Francis-Arnoldo_e_Claudio-Inserra-scaled.jpg?fit=966%2C645&ssl=1&resize=700%2C400 2x"},"classes":[]},{"id":40052,"url":"https:\/\/noticiasribeiraopreto.com.br\/index.php\/2024\/02\/29\/aniversariante\/","url_meta":{"origin":38881,"position":3},"title":"Aniversariante &#8211; Jornal Tribuna Ribeir\u00e3o","author":"noticiasribeiraopreto.com.br","date":"29 de February de 2024","format":false,"excerpt":"29 de fevereiro de 2024 | 17:47 0Geraldo Mota Gon\u00e7alves, nasceu em 29.02.1932, \u00e9 pescador profissional desde 1974, s\u00f3cio junto com sua fam\u00edlia da Mar\u00e9 Alta escola n\u00e1utica. A empresa foi aberta por ele e a esposa em 1987. Tamb\u00e9m \u00e9 diretor da col\u00f4nia de pesca z1, a qual representa\u2026","rel":"","context":"In &quot;Not\u00edcias de Ribeir\u00e3o Preto-SP e Regi\u00e3o&quot;","block_context":{"text":"Not\u00edcias de Ribeir\u00e3o Preto-SP e Regi\u00e3o","link":"https:\/\/noticiasribeiraopreto.com.br\/index.php\/category\/noticias-de-ribeirao-preto-sp-e-regiao-ismael-colosi\/"},"img":{"alt_text":"","src":"https:\/\/i0.wp.com\/noticiasribeiraopreto.com.br\/wp-content\/uploads\/2024\/02\/37831e88-ff38-4615-bb1d-254d2ec369b0-1-scaled.jpg?fit=362%2C645&ssl=1&resize=350%2C200","width":350,"height":200},"classes":[]},{"id":33912,"url":"https:\/\/noticiasribeiraopreto.com.br\/index.php\/2024\/01\/31\/diferente\/","url_meta":{"origin":38881,"position":4},"title":"Diferente &#8211; Jornal Tribuna Ribeir\u00e3o","author":"noticiasribeiraopreto.com.br","date":"31 de January de 2024","format":false,"excerpt":"31 de janeiro de 2024 | 9:0329 de janeiro de 2024 | 11:43 0Prestigiad\u00edssimo o coquetel na comemora\u00e7\u00e3o de 1 ano da loja do Espa\u00e7o Coletivo Social da ONG Arco-\u00cdris, no 2\u00ba piso do Shopping Santa \u00darsula, que contou com desfile e muita gente papo cabe\u00e7a.\u00a0\u00a0\u00a0 Source link","rel":"","context":"In &quot;Not\u00edcias de Ribeir\u00e3o Preto-SP e Regi\u00e3o&quot;","block_context":{"text":"Not\u00edcias de Ribeir\u00e3o Preto-SP e Regi\u00e3o","link":"https:\/\/noticiasribeiraopreto.com.br\/index.php\/category\/noticias-de-ribeirao-preto-sp-e-regiao-ismael-colosi\/"},"img":{"alt_text":"","src":"https:\/\/i0.wp.com\/noticiasribeiraopreto.com.br\/wp-content\/uploads\/2024\/01\/7-scaled.jpg?fit=484%2C645&ssl=1&resize=350%2C200","width":350,"height":200},"classes":[]},{"id":39762,"url":"https:\/\/noticiasribeiraopreto.com.br\/index.php\/2024\/02\/28\/bodas-de-diamante-3\/","url_meta":{"origin":38881,"position":5},"title":"Bodas de Diamante &#8211; Jornal Tribuna Ribeir\u00e3o","author":"noticiasribeiraopreto.com.br","date":"28 de February de 2024","format":false,"excerpt":"28 de fevereiro de 2024 | 9:0326 de fevereiro de 2024 | 12:51 0Para comemorar os 60 anos de casados Sonia do Amaral Camargo Pedro e Bernardino Pedro comemoraram as Bodas de Diamante, no Restaurante Amici. A filha arquiteta Sandra assinou a decora\u00e7\u00e3o, elaborou o card\u00e1pio e reunindo sofisticados detalhes\u2026","rel":"","context":"In &quot;Not\u00edcias de Ribeir\u00e3o Preto-SP e Regi\u00e3o&quot;","block_context":{"text":"Not\u00edcias de Ribeir\u00e3o Preto-SP e Regi\u00e3o","link":"https:\/\/noticiasribeiraopreto.com.br\/index.php\/category\/noticias-de-ribeirao-preto-sp-e-regiao-ismael-colosi\/"},"img":{"alt_text":"","src":"https:\/\/i0.wp.com\/noticiasribeiraopreto.com.br\/wp-content\/uploads\/2024\/02\/1-FOTO-Foto-435-scaled.jpg?fit=430%2C645&ssl=1&resize=350%2C200","width":350,"height":200},"classes":[]}],"jetpack_sharing_enabled":true,"jetpack_shortlink":"https:\/\/wp.me\/peQAOb-a77","_links":{"self":[{"href":"https:\/\/noticiasribeiraopreto.com.br\/index.php\/wp-json\/wp\/v2\/posts\/38881","targetHints":{"allow":["GET"]}}],"collection":[{"href":"https:\/\/noticiasribeiraopreto.com.br\/index.php\/wp-json\/wp\/v2\/posts"}],"about":[{"href":"https:\/\/noticiasribeiraopreto.com.br\/index.php\/wp-json\/wp\/v2\/types\/post"}],"author":[{"embeddable":true,"href":"https:\/\/noticiasribeiraopreto.com.br\/index.php\/wp-json\/wp\/v2\/users\/1"}],"replies":[{"embeddable":true,"href":"https:\/\/noticiasribeiraopreto.com.br\/index.php\/wp-json\/wp\/v2\/comments?post=38881"}],"version-history":[{"count":0,"href":"https:\/\/noticiasribeiraopreto.com.br\/index.php\/wp-json\/wp\/v2\/posts\/38881\/revisions"}],"wp:featuredmedia":[{"embeddable":true,"href":"https:\/\/noticiasribeiraopreto.com.br\/index.php\/wp-json\/wp\/v2\/media\/38882"}],"wp:attachment":[{"href":"https:\/\/noticiasribeiraopreto.com.br\/index.php\/wp-json\/wp\/v2\/media?parent=38881"}],"wp:term":[{"taxonomy":"category","embeddable":true,"href":"https:\/\/noticiasribeiraopreto.com.br\/index.php\/wp-json\/wp\/v2\/categories?post=38881"},{"taxonomy":"post_tag","embeddable":true,"href":"https:\/\/noticiasribeiraopreto.com.br\/index.php\/wp-json\/wp\/v2\/tags?post=38881"}],"curies":[{"name":"wp","href":"https:\/\/api.w.org\/{rel}","templated":true}]}}