{"id":38897,"date":"2024-02-22T10:50:09","date_gmt":"2024-02-22T13:50:09","guid":{"rendered":"https:\/\/noticiasribeiraopreto.com.br\/index.php\/2024\/02\/22\/cavalheirismo-leva-casal-a-prisao-por-trafico-na-zona-leste\/"},"modified":"2024-02-22T10:50:09","modified_gmt":"2024-02-22T13:50:09","slug":"cavalheirismo-leva-casal-a-prisao-por-trafico-na-zona-leste","status":"publish","type":"post","link":"https:\/\/noticiasribeiraopreto.com.br\/index.php\/2024\/02\/22\/cavalheirismo-leva-casal-a-prisao-por-trafico-na-zona-leste\/","title":{"rendered":"Cavalheirismo leva casal \u00e0 pris\u00e3o por tr\u00e1fico na zona Leste"},"content":{"rendered":"<div class='code-block code-block-1' style='margin: 8px 0 8px auto; text-align: right; display: block; clear: both;'>\n<p><a href=\"https:\/\/wa.link\/vpicfd\"><img data-recalc-dims=\"1\" class=\"wp-image-4922\" style=\"aspect-ratio: 2.0253164556962027; width: 561px; height: auto;\" src=\"https:\/\/i0.wp.com\/ismaelcolosi.com.br\/wp-content\/uploads\/2023\/11\/grupo-de-empregos-whatsapp-e-facebook-ismael-colosi-vagas.jpg?ssl=1\" alt=\"\" \/><\/a><\/p>\n<!-- \/wp:image -->\n<\/div>\n<p> <br \/>\n<\/p>\n<div id=\"post-374589\">\n<header class=\"entry-header penci-entry-header penci-title-center\">\n<h2 class=\"penci-post-subtitle\">Mulher foi surpreendida escondendo centenas de por\u00e7\u00f5es e, na delegacia, namorado apareceu dizendo ser respons\u00e1vel pela droga<\/h2>\n<p> <span class=\"entry-meta-item penci-posted-on\"><i class=\"fa fa-clock-o\"\/><time class=\"entry-date published updated\" datetime=\"2024-02-22T10:48:25-03:00\">22 de fevereiro de 2024 | 10:48<\/time><\/span><\/p>\n<p> <span class=\"penci-social-buttons penci-social-share-footer\"><a href=\"#\" class=\"penci-post-like penci_post-meta_item  single-like-button penci-social-item like\" data-post_id=\"374589\" title=\"Like\" data-like=\"Like\" data-unlike=\"Unlike\"><i class=\"fa fa-thumbs-o-up\"\/><span class=\"penci-share-number\">0<\/span><\/a><i class=\"fa fa-facebook\"\/><a class=\"penci-social-item twitter\" target=\"_blank\" rel=\"noopener\" title=\"\" href=\"https:\/\/twitter.com\/intent\/tweet?text=Cavalheirismo%20leva%20casal%20\u00e0%20pris\u00e3o%20por%20tr\u00e1fico%20na%20zona%20Leste%20-%20https:\/\/www.tribunaribeirao.com.br\/site\/cavalheirismo-leva-casal-a-prisao-por-trafico-na-zona-leste\/\"><i class=\"fa fa-twitter\"\/><\/a><i class=\"fa fa-whatsapp\"\/><\/span><\/header>\n<div class=\"penci-entry-content entry-content\">\n<p>Por: Adalberto Luque<\/p>\n<p>Ainda existe cavalheirismo, at\u00e9 mesmo no mundo do crime. Pelo menos \u00e9 o que se observou no decorrer da pris\u00e3o de um casal, na noite desta ter\u00e7a-feira (20), por tr\u00e1fico de drogas.<\/p>\n<p>Durante patrulhamento na Rua Pedro Fortunato Barbieri, Jardim Helena, zona Leste de Ribeir\u00e3o Preto, policiais militares do Batalh\u00e3o de A\u00e7\u00f5es Especiais de Pol\u00edcia (BAEP) notaram uma mulher mexendo em um buraco pr\u00f3ximo a um medidor de energia na rua.<\/p>\n<p>Ao abordar a suspeita, os PMs encontraram em suas m\u00e3os um ma\u00e7o de cigarro e um frasco de bebida l\u00e1ctea, ambos contendo diversos pinos de coca\u00edna. Ao vasculharem o buraco abaixo do medidor de energia, os policiais encontraram mais 338 pinos com coca\u00edna e 160 por\u00e7\u00f5es de maconha.<\/p>\n<p>A mulher admitiu que trabalhava naquele hor\u00e1rio vendendo as drogas. O material foi apreendido e levado, junto com a suspeita, para a Central de Pol\u00edcia Judici\u00e1ria (CPJ), no Centro de Ribeir\u00e3o Preto.<\/p>\n<p>Durante os procedimentos do flagrante, o namorado da detida apareceu na delegacia dizendo ser o respons\u00e1vel pela droga, tentando liberar a companheira. Mas n\u00e3o adiantou. Ele tamb\u00e9m foi indiciado. Os dois foram presos e acabaram separados nas respectivas unidades prisionais. V\u00e3o responder por tr\u00e1fico, permanecendo \u00e0 disposi\u00e7\u00e3o da Justi\u00e7a.<\/p>\n<\/div>\n<footer class=\"penci-entry-footer\"\/><\/div>\n<p><script async src=\"\/\/platform.twitter.com\/widgets.js\" charset=\"utf-8\"><\/script><br \/>\n<br \/><br \/>\n<br \/><a href=\"https:\/\/www.tribunaribeirao.com.br\/site\/cavalheirismo-leva-casal-a-prisao-por-trafico-na-zona-leste\/\">Source link <\/a><\/p>\n<!-- CONTENT END 1 -->\n","protected":false},"excerpt":{"rendered":"<p>Mulher foi surpreendida escondendo centenas de por\u00e7\u00f5es e, na delegacia, namorado apareceu dizendo ser respons\u00e1vel pela droga 22 de fevereiro de 2024 | 10:48 0&#8230;<\/p>\n","protected":false},"author":1,"featured_media":38898,"comment_status":"open","ping_status":"open","sticky":false,"template":"","format":"standard","meta":{"advanced_seo_description":"","jetpack_seo_html_title":"","jetpack_seo_noindex":false,"jetpack_post_was_ever_published":false,"_jetpack_newsletter_access":"","_jetpack_dont_email_post_to_subs":false,"_jetpack_newsletter_tier_id":0,"_jetpack_memberships_contains_paywalled_content":false,"_jetpack_memberships_contains_paid_content":false,"footnotes":"","jetpack_publicize_message":"","jetpack_publicize_feature_enabled":true,"jetpack_social_post_already_shared":true,"jetpack_social_options":{"image_generator_settings":{"template":"highway","default_image_id":0,"font":"","enabled":false},"version":2}},"categories":[11],"tags":[3580,4424,1557,505,134,22,1570,340],"class_list":["post-38897","post","type-post","status-publish","format-standard","has-post-thumbnail","hentry","category-noticias-de-ribeirao-preto-sp-e-regiao-ismael-colosi","tag-casal","tag-cavalheirismo","tag-leste","tag-leva","tag-por","tag-prisao","tag-trafico","tag-zona"],"jetpack_publicize_connections":[],"jetpack_featured_media_url":"https:\/\/i0.wp.com\/noticiasribeiraopreto.com.br\/wp-content\/uploads\/2024\/02\/00-22-fev-2024-cavalheirismo-droga-foto-x-tudo-scaled.jpg?fit=910%2C645&ssl=1","jetpack-related-posts":[{"id":46258,"url":"https:\/\/noticiasribeiraopreto.com.br\/index.php\/2024\/04\/10\/o-que-se-sabe-sobre-casal-de-ribeirao-preto-preso-por-movimentar-r-600-mil-por-trafico\/","url_meta":{"origin":38897,"position":0},"title":"O que se sabe sobre casal de Ribeir\u00e3o Preto preso por movimentar R$ 600 mil por tr\u00e1fico","author":"noticiasribeiraopreto.com.br","date":"10 de April de 2024","format":false,"excerpt":"O casal preso temporariamente durante a opera\u00e7\u00e3o \u201cSquadrone\u201d realizada na manh\u00e3 desta quarta-feira (10) em Ribeir\u00e3o Preto movimentou R$ 600 mil em contas usadas para a lavagem de dinheiro do tr\u00e1fico de drogas, venda ilegal de armas e muni\u00e7\u00e3o. Segundo o delegado da Dise (Delegacia de Investiga\u00e7\u00f5es sobre Entorpecentes) Di\u00f3genes\u2026","rel":"","context":"In &quot;Not\u00edcias de Ribeir\u00e3o Preto-SP e Regi\u00e3o&quot;","block_context":{"text":"Not\u00edcias de Ribeir\u00e3o Preto-SP e Regi\u00e3o","link":"https:\/\/noticiasribeiraopreto.com.br\/index.php\/category\/noticias-de-ribeirao-preto-sp-e-regiao-ismael-colosi\/"},"img":{"alt_text":"","src":"https:\/\/i0.wp.com\/noticiasribeiraopreto.com.br\/wp-content\/uploads\/2024\/04\/1712772554_OPERACAO.jpg?fit=1200%2C777&ssl=1&resize=350%2C200","width":350,"height":200,"srcset":"https:\/\/i0.wp.com\/noticiasribeiraopreto.com.br\/wp-content\/uploads\/2024\/04\/1712772554_OPERACAO.jpg?fit=1200%2C777&ssl=1&resize=350%2C200 1x, https:\/\/i0.wp.com\/noticiasribeiraopreto.com.br\/wp-content\/uploads\/2024\/04\/1712772554_OPERACAO.jpg?fit=1200%2C777&ssl=1&resize=525%2C300 1.5x, https:\/\/i0.wp.com\/noticiasribeiraopreto.com.br\/wp-content\/uploads\/2024\/04\/1712772554_OPERACAO.jpg?fit=1200%2C777&ssl=1&resize=700%2C400 2x, https:\/\/i0.wp.com\/noticiasribeiraopreto.com.br\/wp-content\/uploads\/2024\/04\/1712772554_OPERACAO.jpg?fit=1200%2C777&ssl=1&resize=1050%2C600 3x"},"classes":[]},{"id":46272,"url":"https:\/\/noticiasribeiraopreto.com.br\/index.php\/2024\/04\/10\/o-que-se-sabe-sobre-casal-de-ribeirao-preto-preso-por-movimentar-r-600-mil-do-trafico\/","url_meta":{"origin":38897,"position":1},"title":"O que se sabe sobre casal de Ribeir\u00e3o Preto preso por movimentar R$ 600 mil do tr\u00e1fico","author":"noticiasribeiraopreto.com.br","date":"10 de April de 2024","format":false,"excerpt":"O casal preso temporariamente durante a opera\u00e7\u00e3o \u201cSquadrone\u201d realizada na manh\u00e3 desta quarta-feira (10) em Ribeir\u00e3o Preto movimentou R$ 600 mil em contas usadas para a lavagem de dinheiro do tr\u00e1fico de drogas, venda ilegal de armas e muni\u00e7\u00e3o. Segundo o delegado da Dise (Delegacia de Investiga\u00e7\u00f5es sobre Entorpecentes) Di\u00f3genes\u2026","rel":"","context":"In &quot;Not\u00edcias de Ribeir\u00e3o Preto-SP e Regi\u00e3o&quot;","block_context":{"text":"Not\u00edcias de Ribeir\u00e3o Preto-SP e Regi\u00e3o","link":"https:\/\/noticiasribeiraopreto.com.br\/index.php\/category\/noticias-de-ribeirao-preto-sp-e-regiao-ismael-colosi\/"},"img":{"alt_text":"","src":"https:\/\/i0.wp.com\/noticiasribeiraopreto.com.br\/wp-content\/uploads\/2024\/04\/1712775534_OPERACAO.jpg?fit=1200%2C777&ssl=1&resize=350%2C200","width":350,"height":200,"srcset":"https:\/\/i0.wp.com\/noticiasribeiraopreto.com.br\/wp-content\/uploads\/2024\/04\/1712775534_OPERACAO.jpg?fit=1200%2C777&ssl=1&resize=350%2C200 1x, https:\/\/i0.wp.com\/noticiasribeiraopreto.com.br\/wp-content\/uploads\/2024\/04\/1712775534_OPERACAO.jpg?fit=1200%2C777&ssl=1&resize=525%2C300 1.5x, https:\/\/i0.wp.com\/noticiasribeiraopreto.com.br\/wp-content\/uploads\/2024\/04\/1712775534_OPERACAO.jpg?fit=1200%2C777&ssl=1&resize=700%2C400 2x, https:\/\/i0.wp.com\/noticiasribeiraopreto.com.br\/wp-content\/uploads\/2024\/04\/1712775534_OPERACAO.jpg?fit=1200%2C777&ssl=1&resize=1050%2C600 3x"},"classes":[]},{"id":79787,"url":"https:\/\/noticiasribeiraopreto.com.br\/index.php\/2025\/11\/07\/video-operacao-xeque-mate-casal-e-preso-por-trafico\/","url_meta":{"origin":38897,"position":2},"title":"V\u00cdDEO: Opera\u00e7\u00e3o &#8220;Xeque-Mate&#8221;: Casal \u00e9 preso por tr\u00e1fico","author":"noticiasribeiraopreto.com.br","date":"7 de November de 2025","format":false,"excerpt":"7 de novembro de 2025 16:042 Compartilhar0 Mais de 21 mil quilos de drogas foram apreendidos em casa dep\u00f3sito em Prad\u00f3polis e uma espingarda apreendida em Ribeir\u00e3o Preto Um casal foi preso em flagrante na manh\u00e3 desta sexta-feira (7) por tr\u00e1fico de drogas e associa\u00e7\u00e3o criminosa durante opera\u00e7\u00e3o \u201cXeque-Mate\u201d da\u2026","rel":"","context":"In &quot;Not\u00edcias de Ribeir\u00e3o Preto-SP e Regi\u00e3o&quot;","block_context":{"text":"Not\u00edcias de Ribeir\u00e3o Preto-SP e Regi\u00e3o","link":"https:\/\/noticiasribeiraopreto.com.br\/index.php\/category\/noticias-de-ribeirao-preto-sp-e-regiao-ismael-colosi\/"},"img":{"alt_text":"","src":"https:\/\/i0.wp.com\/noticiasribeiraopreto.com.br\/wp-content\/uploads\/2025\/11\/DROGAS-scaled.jpeg?fit=1200%2C675&ssl=1&resize=350%2C200","width":350,"height":200,"srcset":"https:\/\/i0.wp.com\/noticiasribeiraopreto.com.br\/wp-content\/uploads\/2025\/11\/DROGAS-scaled.jpeg?fit=1200%2C675&ssl=1&resize=350%2C200 1x, https:\/\/i0.wp.com\/noticiasribeiraopreto.com.br\/wp-content\/uploads\/2025\/11\/DROGAS-scaled.jpeg?fit=1200%2C675&ssl=1&resize=525%2C300 1.5x, https:\/\/i0.wp.com\/noticiasribeiraopreto.com.br\/wp-content\/uploads\/2025\/11\/DROGAS-scaled.jpeg?fit=1200%2C675&ssl=1&resize=700%2C400 2x, https:\/\/i0.wp.com\/noticiasribeiraopreto.com.br\/wp-content\/uploads\/2025\/11\/DROGAS-scaled.jpeg?fit=1200%2C675&ssl=1&resize=1050%2C600 3x"},"classes":[]},{"id":75642,"url":"https:\/\/noticiasribeiraopreto.com.br\/index.php\/2025\/08\/13\/policia-civil-cumpre-7-mandados-de-prisao-contra-o-trafico-em-ribeirao-preto\/","url_meta":{"origin":38897,"position":3},"title":"Pol\u00edcia Civil cumpre 7 mandados de pris\u00e3o contra o tr\u00e1fico em Ribeir\u00e3o Preto","author":"noticiasribeiraopreto.com.br","date":"13 de August de 2025","format":false,"excerpt":"A Pol\u00edcia Civil deflagrou nesta quarta-feira (13) uma opera\u00e7\u00e3o contra o tr\u00e1fico de drogas e lavagem de dinheiro em Ribeir\u00e3o Preto. A a\u00e7\u00e3o da 2\u00aa Delegacia de Investiga\u00e7\u00f5es Sobre Entorpecentes, chamada Ribeir\u00e3o contra o Tr\u00e1fico, cumpre 17 mandados de busca e apreens\u00e3o e sete pris\u00f5es tempor\u00e1rias. At\u00e9 por volta das\u2026","rel":"","context":"In &quot;Not\u00edcias de Ribeir\u00e3o Preto-SP e Regi\u00e3o&quot;","block_context":{"text":"Not\u00edcias de Ribeir\u00e3o Preto-SP e Regi\u00e3o","link":"https:\/\/noticiasribeiraopreto.com.br\/index.php\/category\/noticias-de-ribeirao-preto-sp-e-regiao-ismael-colosi\/"},"img":{"alt_text":"","src":"https:\/\/i0.wp.com\/noticiasribeiraopreto.com.br\/wp-content\/uploads\/2025\/08\/WhatsApp-Image-2025-08-13-at-07.20.05-1_2025-08-13_10-56-26.webp.webp?fit=1200%2C900&ssl=1&resize=350%2C200","width":350,"height":200,"srcset":"https:\/\/i0.wp.com\/noticiasribeiraopreto.com.br\/wp-content\/uploads\/2025\/08\/WhatsApp-Image-2025-08-13-at-07.20.05-1_2025-08-13_10-56-26.webp.webp?fit=1200%2C900&ssl=1&resize=350%2C200 1x, https:\/\/i0.wp.com\/noticiasribeiraopreto.com.br\/wp-content\/uploads\/2025\/08\/WhatsApp-Image-2025-08-13-at-07.20.05-1_2025-08-13_10-56-26.webp.webp?fit=1200%2C900&ssl=1&resize=525%2C300 1.5x, https:\/\/i0.wp.com\/noticiasribeiraopreto.com.br\/wp-content\/uploads\/2025\/08\/WhatsApp-Image-2025-08-13-at-07.20.05-1_2025-08-13_10-56-26.webp.webp?fit=1200%2C900&ssl=1&resize=700%2C400 2x, https:\/\/i0.wp.com\/noticiasribeiraopreto.com.br\/wp-content\/uploads\/2025\/08\/WhatsApp-Image-2025-08-13-at-07.20.05-1_2025-08-13_10-56-26.webp.webp?fit=1200%2C900&ssl=1&resize=1050%2C600 3x"},"classes":[]},{"id":75659,"url":"https:\/\/noticiasribeiraopreto.com.br\/index.php\/2025\/08\/13\/bar-de-ribeirao-preto-movimentou-r-4-milhoes-do-trafico-diz-policia\/","url_meta":{"origin":38897,"position":4},"title":"Bar de Ribeir\u00e3o Preto movimentou R$ 4 milh\u00f5es do tr\u00e1fico, diz pol\u00edcia","author":"noticiasribeiraopreto.com.br","date":"13 de August de 2025","format":false,"excerpt":"O dono de um bar foi preso durante a opera\u00e7\u00e3o Ribeir\u00e3o contra o Tr\u00e1fico, deflagada pela Pol\u00edcia Civil na manh\u00e3 desta quarta-feira (13), em Ribeir\u00e3o Preto. O estabelecimento, localizado na equina das ruas Itagua\u00e7u e General C\u00e2mara, no bairro Ipiranga, zona Norte, \u00e9 apontado pela pol\u00edcia por movimentar R$ 4\u2026","rel":"","context":"In &quot;Not\u00edcias de Ribeir\u00e3o Preto-SP e Regi\u00e3o&quot;","block_context":{"text":"Not\u00edcias de Ribeir\u00e3o Preto-SP e Regi\u00e3o","link":"https:\/\/noticiasribeiraopreto.com.br\/index.php\/category\/noticias-de-ribeirao-preto-sp-e-regiao-ismael-colosi\/"},"img":{"alt_text":"","src":"https:\/\/i0.wp.com\/noticiasribeiraopreto.com.br\/wp-content\/uploads\/2025\/08\/WhatsApp-Image-2025-08-13-at-10.26.11_2025-08-13_13-27-30.webp.webp?fit=1200%2C900&ssl=1&resize=350%2C200","width":350,"height":200,"srcset":"https:\/\/i0.wp.com\/noticiasribeiraopreto.com.br\/wp-content\/uploads\/2025\/08\/WhatsApp-Image-2025-08-13-at-10.26.11_2025-08-13_13-27-30.webp.webp?fit=1200%2C900&ssl=1&resize=350%2C200 1x, https:\/\/i0.wp.com\/noticiasribeiraopreto.com.br\/wp-content\/uploads\/2025\/08\/WhatsApp-Image-2025-08-13-at-10.26.11_2025-08-13_13-27-30.webp.webp?fit=1200%2C900&ssl=1&resize=525%2C300 1.5x, https:\/\/i0.wp.com\/noticiasribeiraopreto.com.br\/wp-content\/uploads\/2025\/08\/WhatsApp-Image-2025-08-13-at-10.26.11_2025-08-13_13-27-30.webp.webp?fit=1200%2C900&ssl=1&resize=700%2C400 2x, https:\/\/i0.wp.com\/noticiasribeiraopreto.com.br\/wp-content\/uploads\/2025\/08\/WhatsApp-Image-2025-08-13-at-10.26.11_2025-08-13_13-27-30.webp.webp?fit=1200%2C900&ssl=1&resize=1050%2C600 3x"},"classes":[]},{"id":39976,"url":"https:\/\/noticiasribeiraopreto.com.br\/index.php\/2024\/02\/29\/presos-por-trafico-sao-reconhecidos-por-vitimas-de-assalto-em-rp\/","url_meta":{"origin":38897,"position":5},"title":"Presos por tr\u00e1fico s\u00e3o reconhecidos por v\u00edtimas de assalto em RP","author":"noticiasribeiraopreto.com.br","date":"29 de February de 2024","format":false,"excerpt":"Casos ocorreram em setembro de 2023, todos na zona Sul da cidade 29 de fevereiro de 2024 | 11:2529 de fevereiro de 2024 | 11:26 1Por: Adalberto LuqueV\u00edtimas de assaltos ocorridos em 2023 reconheceram, nesta quarta-feira (28), dois homens como sendo autores de assaltos ocorridos em Ribeir\u00e3o Preto em setembro\u2026","rel":"","context":"In &quot;Not\u00edcias de Ribeir\u00e3o Preto-SP e Regi\u00e3o&quot;","block_context":{"text":"Not\u00edcias de Ribeir\u00e3o Preto-SP e Regi\u00e3o","link":"https:\/\/noticiasribeiraopreto.com.br\/index.php\/category\/noticias-de-ribeirao-preto-sp-e-regiao-ismael-colosi\/"},"img":{"alt_text":"","src":"https:\/\/i0.wp.com\/noticiasribeiraopreto.com.br\/wp-content\/uploads\/2024\/02\/00-29-fev-2024-reconhecimento-assaltantes-foto-reproducao.jpg?fit=814%2C645&ssl=1&resize=350%2C200","width":350,"height":200,"srcset":"https:\/\/i0.wp.com\/noticiasribeiraopreto.com.br\/wp-content\/uploads\/2024\/02\/00-29-fev-2024-reconhecimento-assaltantes-foto-reproducao.jpg?fit=814%2C645&ssl=1&resize=350%2C200 1x, https:\/\/i0.wp.com\/noticiasribeiraopreto.com.br\/wp-content\/uploads\/2024\/02\/00-29-fev-2024-reconhecimento-assaltantes-foto-reproducao.jpg?fit=814%2C645&ssl=1&resize=525%2C300 1.5x, https:\/\/i0.wp.com\/noticiasribeiraopreto.com.br\/wp-content\/uploads\/2024\/02\/00-29-fev-2024-reconhecimento-assaltantes-foto-reproducao.jpg?fit=814%2C645&ssl=1&resize=700%2C400 2x"},"classes":[]}],"jetpack_sharing_enabled":true,"jetpack_shortlink":"https:\/\/wp.me\/peQAOb-a7n","_links":{"self":[{"href":"https:\/\/noticiasribeiraopreto.com.br\/index.php\/wp-json\/wp\/v2\/posts\/38897","targetHints":{"allow":["GET"]}}],"collection":[{"href":"https:\/\/noticiasribeiraopreto.com.br\/index.php\/wp-json\/wp\/v2\/posts"}],"about":[{"href":"https:\/\/noticiasribeiraopreto.com.br\/index.php\/wp-json\/wp\/v2\/types\/post"}],"author":[{"embeddable":true,"href":"https:\/\/noticiasribeiraopreto.com.br\/index.php\/wp-json\/wp\/v2\/users\/1"}],"replies":[{"embeddable":true,"href":"https:\/\/noticiasribeiraopreto.com.br\/index.php\/wp-json\/wp\/v2\/comments?post=38897"}],"version-history":[{"count":0,"href":"https:\/\/noticiasribeiraopreto.com.br\/index.php\/wp-json\/wp\/v2\/posts\/38897\/revisions"}],"wp:featuredmedia":[{"embeddable":true,"href":"https:\/\/noticiasribeiraopreto.com.br\/index.php\/wp-json\/wp\/v2\/media\/38898"}],"wp:attachment":[{"href":"https:\/\/noticiasribeiraopreto.com.br\/index.php\/wp-json\/wp\/v2\/media?parent=38897"}],"wp:term":[{"taxonomy":"category","embeddable":true,"href":"https:\/\/noticiasribeiraopreto.com.br\/index.php\/wp-json\/wp\/v2\/categories?post=38897"},{"taxonomy":"post_tag","embeddable":true,"href":"https:\/\/noticiasribeiraopreto.com.br\/index.php\/wp-json\/wp\/v2\/tags?post=38897"}],"curies":[{"name":"wp","href":"https:\/\/api.w.org\/{rel}","templated":true}]}}