{"id":38941,"date":"2024-02-22T13:38:25","date_gmt":"2024-02-22T16:38:25","guid":{"rendered":"https:\/\/noticiasribeiraopreto.com.br\/index.php\/2024\/02\/22\/receita-abre-consulta-a-lote-residual-do-imposto-de-renda\/"},"modified":"2024-02-22T13:38:25","modified_gmt":"2024-02-22T16:38:25","slug":"receita-abre-consulta-a-lote-residual-do-imposto-de-renda","status":"publish","type":"post","link":"https:\/\/noticiasribeiraopreto.com.br\/index.php\/2024\/02\/22\/receita-abre-consulta-a-lote-residual-do-imposto-de-renda\/","title":{"rendered":"Receita abre consulta a lote residual do Imposto de Renda"},"content":{"rendered":"<div class='code-block code-block-1' style='margin: 8px 0 8px auto; text-align: right; display: block; clear: both;'>\n<p><a href=\"https:\/\/wa.link\/vpicfd\"><img data-recalc-dims=\"1\" class=\"wp-image-4922\" style=\"aspect-ratio: 2.0253164556962027; width: 561px; height: auto;\" src=\"https:\/\/i0.wp.com\/ismaelcolosi.com.br\/wp-content\/uploads\/2023\/11\/grupo-de-empregos-whatsapp-e-facebook-ismael-colosi-vagas.jpg?ssl=1\" alt=\"\" \/><\/a><\/p>\n<!-- \/wp:image -->\n<\/div>\n<p> <br \/>\n<\/p>\n<div id=\"\">\n<p> <span class=\"entry-meta-item penci-posted-on\"><i class=\"fa fa-clock-o\"\/><time class=\"entry-date published\" datetime=\"2024-02-22T13:30:29-03:00\">22 de fevereiro de 2024 | 13:30<\/time><time class=\"updated\" datetime=\"2024-02-22T10:48:12-03:00\">22 de fevereiro de 2024 | 10:48<\/time><\/span><\/p>\n<p> <span class=\"penci-social-buttons penci-social-share-footer\"><a href=\"#\" class=\"penci-post-like penci_post-meta_item  single-like-button penci-social-item like\" data-post_id=\"374587\" title=\"Like\" data-like=\"Like\" data-unlike=\"Unlike\"><i class=\"fa fa-thumbs-o-up\"\/><span class=\"penci-share-number\">0<\/span><\/a><i class=\"fa fa-facebook\"\/><a class=\"penci-social-item twitter\" target=\"_blank\" rel=\"noopener\" title=\"\" href=\"https:\/\/twitter.com\/intent\/tweet?text=Receita%20abre%20consulta%20a%20lote%20residual%20do%20Imposto%20de%20Renda%20-%20https:\/\/www.tribunaribeirao.com.br\/site\/receita-abre-consulta-a-lote-residual-do-imposto-de-renda\/\"><i class=\"fa fa-twitter\"\/><\/a><i class=\"fa fa-whatsapp\"\/><\/span><\/div>\n<div>\n<p>A Receita Federal abriu, nesta quinta-feira (22), a consulta ao lote residual de restitui\u00e7\u00e3o do Imposto de Renda Pessoa F\u00edsica (IRPF) de fevereiro de 2024. O pagamento ser\u00e1 feito no pr\u00f3ximo dia 29 para 208.323 contribuintes.<noscript><img data-recalc-dims=\"1\" decoding=\"async\" src=\"https:\/\/i0.wp.com\/agenciabrasil.ebc.com.br\/ebc.png?ssl=1\"\/><\/noscript><img data-recalc-dims=\"1\" decoding=\"async\" src=\"https:\/\/i0.wp.com\/agenciabrasil.ebc.com.br\/ebc.gif?ssl=1\" class=\"lazyload\"\/><noscript><img data-recalc-dims=\"1\" decoding=\"async\" src=\"https:\/\/i0.wp.com\/agenciabrasil.ebc.com.br\/ebc.gif?ssl=1\"\/><\/noscript><\/p>\n<p>Os lotes residuais s\u00e3o de contribuintes que ca\u00edram na malha fina e regularizaram as pend\u00eancias com o Fisco. Neste lote, o valor das restitui\u00e7\u00f5es \u00e9 de mais de R$ 304,1 milh\u00f5es.<\/p>\n<p>Do valor total, R$ 208,9 milh\u00f5es ser\u00e3o destinados a contribuintes com prioridade: 3.155 contribuintes idosos acima de 80 anos de idade; 25.536 contribuintes entre 60 e 79 anos; 3.351 contribuintes com alguma defici\u00eancia f\u00edsica ou mental ou mol\u00e9stia grave; 6.744 contribuintes cuja maior fonte de renda seja o magist\u00e9rio.<\/p>\n<p>Tamb\u00e9m h\u00e1 80.680 contribuintes sem prioridade legal, mas que receber\u00e3o neste lote por terem usado a declara\u00e7\u00e3o pr\u00e9-preenchida ou optado por receber a restitui\u00e7\u00e3o por meio de Pix. Foram contemplados ainda 88.857 contribuintes n\u00e3o priorit\u00e1rios.<\/p>\n<p>Para saber se teve a declara\u00e7\u00e3o liberada, o contribuinte deve acessar a\u00a0<a href=\"https:\/\/www.gov.br\/receitafederal\/pt-br\" target=\"_blank\" rel=\"noopener\">p\u00e1gina da Receita na internet<\/a>, clicar em \u201cMeu Imposto de Renda\u201d e, em seguida, em \u201cConsultar a Restitui\u00e7\u00e3o\u201d. Tamb\u00e9m \u00e9 poss\u00edvel fazer a consulta no aplicativo da Receita Federal para tablets e smartphones.<\/p>\n<p>Caso o contribuinte n\u00e3o esteja na lista, dever\u00e1 entrar no\u00a0<a href=\"https:\/\/cav.receita.fazenda.gov.br\/autenticacao\/login\" target=\"_blank\" rel=\"noopener\">Centro Virtual de Atendimento ao Contribuinte (e-CAC)<\/a>\u00a0e tirar o extrato da declara\u00e7\u00e3o. Se houver pend\u00eancia, pode enviar declara\u00e7\u00e3o retificadora e esperar os pr\u00f3ximos lotes da malha fina.<\/p>\n<p><strong>Como resgatar<\/strong> \u2013 O pagamento da restitui\u00e7\u00e3o \u00e9 feito diretamente na conta banc\u00e1ria informada pelo contribuinte na declara\u00e7\u00e3o, de forma direta ou por indica\u00e7\u00e3o de chave Pix. Se, por algum motivo, o cr\u00e9dito n\u00e3o for realizado \u2013 se, por exemplo, a conta foi desativada -, os valores ficar\u00e3o dispon\u00edveis para resgate por at\u00e9 1 ano no Banco do Brasil.<\/p>\n<p>Nesse caso, o cidad\u00e3o pode reagendar o cr\u00e9dito dos valores, em seu nome, pelo\u00a0<a href=\"https:\/\/www.bb.com.br\/site\/setor-publico\/federal\/restituicao-de-imposto-de-renda\/\" target=\"_blank\" rel=\"noopener\">Portal BB<\/a>, ou ligando para a Central de Relacionamento BB por meio dos telefones 4004-0001 (capitais), 0800-729-0001 (demais localidades) e 0800-729-0088 (telefone especial exclusivo para deficientes auditivos).<\/p>\n<p>Caso o contribuinte n\u00e3o resgate o valor de sua restitui\u00e7\u00e3o no prazo de 1 ano, deve requerer o valor pelo Portal e-CAC, acessando o menu \u201cDeclara\u00e7\u00f5es e Demonstrativos\u201d e selecionando \u201cMeu Imposto de Renda\u201d. Em seguida, deve clicar no campo \u201cSolicitar restitui\u00e7\u00e3o n\u00e3o resgatada na rede banc\u00e1ria\u201d.<\/p>\n<\/div>\n<p><script async src=\"\/\/platform.twitter.com\/widgets.js\" charset=\"utf-8\"><\/script><br \/>\n<br \/><br \/>\n<br \/><a href=\"https:\/\/www.tribunaribeirao.com.br\/site\/receita-abre-consulta-a-lote-residual-do-imposto-de-renda\/\">Source link <\/a><\/p>\n<!-- CONTENT END 1 -->\n","protected":false},"excerpt":{"rendered":"<p>22 de fevereiro de 2024 | 13:3022 de fevereiro de 2024 | 10:48 0 A Receita Federal abriu, nesta quinta-feira (22), a consulta ao lote&#8230;<\/p>\n","protected":false},"author":1,"featured_media":38942,"comment_status":"open","ping_status":"open","sticky":false,"template":"","format":"standard","meta":{"advanced_seo_description":"","jetpack_seo_html_title":"","jetpack_seo_noindex":false,"jetpack_post_was_ever_published":false,"_jetpack_newsletter_access":"","_jetpack_dont_email_post_to_subs":false,"_jetpack_newsletter_tier_id":0,"_jetpack_memberships_contains_paywalled_content":false,"_jetpack_memberships_contains_paid_content":false,"footnotes":"","jetpack_publicize_message":"","jetpack_publicize_feature_enabled":true,"jetpack_social_post_already_shared":true,"jetpack_social_options":{"image_generator_settings":{"template":"highway","default_image_id":0,"font":"","enabled":false},"version":2}},"categories":[11],"tags":[210,1437,596,1959,1131,2550,4430],"class_list":["post-38941","post","type-post","status-publish","format-standard","has-post-thumbnail","hentry","category-noticias-de-ribeirao-preto-sp-e-regiao-ismael-colosi","tag-abre","tag-consulta","tag-imposto","tag-lote","tag-receita","tag-renda","tag-residual"],"jetpack_publicize_connections":[],"jetpack_featured_media_url":"https:\/\/i0.wp.com\/noticiasribeiraopreto.com.br\/wp-content\/uploads\/2024\/02\/imposto-de-renda_mcamgo_abr_030320221818-2-1-scaled.jpg?fit=1000%2C598&ssl=1","jetpack-related-posts":[{"id":43456,"url":"https:\/\/noticiasribeiraopreto.com.br\/index.php\/2024\/03\/21\/receita-abre-consulta-a-lote-residual-de-restituicao-do-ir-3\/","url_meta":{"origin":38941,"position":0},"title":"Receita abre consulta a lote residual de restitui\u00e7\u00e3o do IR","author":"noticiasribeiraopreto.com.br","date":"21 de March de 2024","format":false,"excerpt":"21 de mar\u00e7o de 2024 | 12:0421 de mar\u00e7o de 2024 | 11:06 0A Receita Federal abriu nesta quinta-feira (21) consulta a mais um lote residual do Imposto de Renda Pessoa F\u00edsica. Cerca de 206 mil contribuintes que haviam ca\u00eddo na malha fina e acertaram as contas com o Fisco\u2026","rel":"","context":"In &quot;Not\u00edcias de Ribeir\u00e3o Preto-SP e Regi\u00e3o&quot;","block_context":{"text":"Not\u00edcias de Ribeir\u00e3o Preto-SP e Regi\u00e3o","link":"https:\/\/noticiasribeiraopreto.com.br\/index.php\/category\/noticias-de-ribeirao-preto-sp-e-regiao-ismael-colosi\/"},"img":{"alt_text":"","src":"https:\/\/i0.wp.com\/noticiasribeiraopreto.com.br\/wp-content\/uploads\/2024\/03\/receita-scaled.jpg?fit=1000%2C598&ssl=1&resize=350%2C200","width":350,"height":200,"srcset":"https:\/\/i0.wp.com\/noticiasribeiraopreto.com.br\/wp-content\/uploads\/2024\/03\/receita-scaled.jpg?fit=1000%2C598&ssl=1&resize=350%2C200 1x, https:\/\/i0.wp.com\/noticiasribeiraopreto.com.br\/wp-content\/uploads\/2024\/03\/receita-scaled.jpg?fit=1000%2C598&ssl=1&resize=525%2C300 1.5x, https:\/\/i0.wp.com\/noticiasribeiraopreto.com.br\/wp-content\/uploads\/2024\/03\/receita-scaled.jpg?fit=1000%2C598&ssl=1&resize=700%2C400 2x"},"classes":[]},{"id":58260,"url":"https:\/\/noticiasribeiraopreto.com.br\/index.php\/2024\/09\/23\/receita-abre-consulta-ao-5o-lote-do-imposto-de-renda-nesta-segunda\/","url_meta":{"origin":38941,"position":1},"title":"Receita abre consulta ao 5\u00ba lote do Imposto de Renda nesta segunda","author":"noticiasribeiraopreto.com.br","date":"23 de September de 2024","format":false,"excerpt":"A\u00a0Receita Federal\u00a0abriu, nesta segunda-feira (23), \u00e0s 10h, a consulta ao\u00a05\u00ba lote e \u00faltimo de restitui\u00e7\u00f5es do Imposto de Renda 2024. O lote tamb\u00e9m inclui restitui\u00e7\u00f5es residuais de exerc\u00edcios anteriores.\u00a0Os pagamentos ser\u00e3o feitos a partir de 30 de setembro. Para fazer a consulta, o contribuinte deve\u00a0acessar a p\u00e1gina da Receita\u00a0e clicar\u2026","rel":"","context":"In &quot;Not\u00edcias de Ribeir\u00e3o Preto-SP e Regi\u00e3o&quot;","block_context":{"text":"Not\u00edcias de Ribeir\u00e3o Preto-SP e Regi\u00e3o","link":"https:\/\/noticiasribeiraopreto.com.br\/index.php\/category\/noticias-de-ribeirao-preto-sp-e-regiao-ismael-colosi\/"},"img":{"alt_text":"","src":"https:\/\/i0.wp.com\/noticiasribeiraopreto.com.br\/wp-content\/uploads\/2024\/09\/ja_8380_2024-09-23_13-24-14.webp.webp?fit=1170%2C700&ssl=1&resize=350%2C200","width":350,"height":200,"srcset":"https:\/\/i0.wp.com\/noticiasribeiraopreto.com.br\/wp-content\/uploads\/2024\/09\/ja_8380_2024-09-23_13-24-14.webp.webp?fit=1170%2C700&ssl=1&resize=350%2C200 1x, https:\/\/i0.wp.com\/noticiasribeiraopreto.com.br\/wp-content\/uploads\/2024\/09\/ja_8380_2024-09-23_13-24-14.webp.webp?fit=1170%2C700&ssl=1&resize=525%2C300 1.5x, https:\/\/i0.wp.com\/noticiasribeiraopreto.com.br\/wp-content\/uploads\/2024\/09\/ja_8380_2024-09-23_13-24-14.webp.webp?fit=1170%2C700&ssl=1&resize=700%2C400 2x, https:\/\/i0.wp.com\/noticiasribeiraopreto.com.br\/wp-content\/uploads\/2024\/09\/ja_8380_2024-09-23_13-24-14.webp.webp?fit=1170%2C700&ssl=1&resize=1050%2C600 3x"},"classes":[]},{"id":51108,"url":"https:\/\/noticiasribeiraopreto.com.br\/index.php\/2024\/05\/23\/receita-abre-consulta-ao-1o-lote-de-restituicao-do-imposto-de-renda-nesta-quinta\/","url_meta":{"origin":38941,"position":2},"title":"Receita abre consulta ao 1\u00ba lote de restitui\u00e7\u00e3o do Imposto de Renda nesta quinta","author":"noticiasribeiraopreto.com.br","date":"23 de May de 2024","format":false,"excerpt":"A Receita Federal libera a partir das 10h desta quinta-feira (23) a consulta ao primeiro dos cinco lotes de restitui\u00e7\u00e3o do Imposto de Renda Pessoa F\u00edsica 2023. Ao todo, 5.562.065 contribuintes receber\u00e3o R$ 9,5 bilh\u00f5es. Devido as enchentes, o lote inclui todos os contribuintes do Rio Grande do Sul com\u2026","rel":"","context":"In &quot;Not\u00edcias de Ribeir\u00e3o Preto-SP e Regi\u00e3o&quot;","block_context":{"text":"Not\u00edcias de Ribeir\u00e3o Preto-SP e Regi\u00e3o","link":"https:\/\/noticiasribeiraopreto.com.br\/index.php\/category\/noticias-de-ribeirao-preto-sp-e-regiao-ismael-colosi\/"},"img":{"alt_text":"","src":"https:\/\/i0.wp.com\/noticiasribeiraopreto.com.br\/wp-content\/uploads\/2024\/05\/novo_lote_1024x576_22072020125933.jpg?fit=1024%2C575&ssl=1&resize=350%2C200","width":350,"height":200,"srcset":"https:\/\/i0.wp.com\/noticiasribeiraopreto.com.br\/wp-content\/uploads\/2024\/05\/novo_lote_1024x576_22072020125933.jpg?fit=1024%2C575&ssl=1&resize=350%2C200 1x, https:\/\/i0.wp.com\/noticiasribeiraopreto.com.br\/wp-content\/uploads\/2024\/05\/novo_lote_1024x576_22072020125933.jpg?fit=1024%2C575&ssl=1&resize=525%2C300 1.5x, https:\/\/i0.wp.com\/noticiasribeiraopreto.com.br\/wp-content\/uploads\/2024\/05\/novo_lote_1024x576_22072020125933.jpg?fit=1024%2C575&ssl=1&resize=700%2C400 2x"},"classes":[]},{"id":19750,"url":"https:\/\/noticiasribeiraopreto.com.br\/index.php\/2023\/12\/23\/receita-federal-libera-mais-um-lote-residual-descubra-o-montante-disponivel-para-saque\/","url_meta":{"origin":38941,"position":3},"title":"Receita Federal libera mais um lote residual: descubra o montante dispon\u00edvel para saque","author":"noticiasribeiraopreto.com.br","date":"23 de December de 2023","format":false,"excerpt":"O lote residual de restitui\u00e7\u00e3o do Imposto de Renda da Pessoa F\u00edsica (IRPF) referente a dezembro de 2023 j\u00e1 est\u00e1 acess\u00edvel para consulta, com a Receita Federal liberando o sistema na \u00faltima quarta-feira, 20 de dezembro. O montante total do lote residual atinge expressivos R$ 370.453.244,97, e a distribui\u00e7\u00e3o dos\u2026","rel":"","context":"In &quot;Vagas de Emprego em Ribeir\u00e3o Preto-SP&quot;","block_context":{"text":"Vagas de Emprego em Ribeir\u00e3o Preto-SP","link":"https:\/\/noticiasribeiraopreto.com.br\/index.php\/category\/empregos-classificados-vagas-trabalho\/vagas-de-empregos-em-ribeirao-preto-regiao-brasil\/"},"img":{"alt_text":"","src":"https:\/\/i0.wp.com\/noticiasribeiraopreto.com.br\/wp-content\/uploads\/2023\/12\/noticiasconcursos.com_.br-receita-federal-libera-mais-um-lote-residual-descubra-o-montante-disponivel-para-saque-lote-residual.jpg?fit=825%2C462&ssl=1&resize=350%2C200","width":350,"height":200,"srcset":"https:\/\/i0.wp.com\/noticiasribeiraopreto.com.br\/wp-content\/uploads\/2023\/12\/noticiasconcursos.com_.br-receita-federal-libera-mais-um-lote-residual-descubra-o-montante-disponivel-para-saque-lote-residual.jpg?fit=825%2C462&ssl=1&resize=350%2C200 1x, https:\/\/i0.wp.com\/noticiasribeiraopreto.com.br\/wp-content\/uploads\/2023\/12\/noticiasconcursos.com_.br-receita-federal-libera-mais-um-lote-residual-descubra-o-montante-disponivel-para-saque-lote-residual.jpg?fit=825%2C462&ssl=1&resize=525%2C300 1.5x, https:\/\/i0.wp.com\/noticiasribeiraopreto.com.br\/wp-content\/uploads\/2023\/12\/noticiasconcursos.com_.br-receita-federal-libera-mais-um-lote-residual-descubra-o-montante-disponivel-para-saque-lote-residual.jpg?fit=825%2C462&ssl=1&resize=700%2C400 2x"},"classes":[]},{"id":85153,"url":"https:\/\/noticiasribeiraopreto.com.br\/index.php\/2026\/04\/23\/receita-federal-abre-consulta-a-lote-do-ir\/","url_meta":{"origin":38941,"position":4},"title":"Receita Federal abre \u2028consulta a lote do IR","author":"noticiasribeiraopreto.com.br","date":"23 de April de 2026","format":false,"excerpt":"Lote \u00e9 composto por 415.277 contribuintes priorit\u00e1rios e n\u00e3o priorit\u00e1rios, com valor total de R$ 592.212.767,86 A Receita Federal vai abrir, \u00e0s dez horas desta quinta-feira (23), a consulta ao terceiro lote residual de restitui\u00e7\u00e3o do Imposto de Renda de Pessoa F\u00edsica (IRPF) deste ano, referente a abril de 2026,\u2026","rel":"","context":"In &quot;Not\u00edcias de Ribeir\u00e3o Preto-SP e Regi\u00e3o&quot;","block_context":{"text":"Not\u00edcias de Ribeir\u00e3o Preto-SP e Regi\u00e3o","link":"https:\/\/noticiasribeiraopreto.com.br\/index.php\/category\/noticias-de-ribeirao-preto-sp-e-regiao-ismael-colosi\/"},"img":{"alt_text":"","src":"https:\/\/i0.wp.com\/noticiasribeiraopreto.com.br\/wp-content\/uploads\/2026\/04\/LeaoIR-Joedson-Alves-Ag.Br_.jpg?fit=1170%2C700&ssl=1&resize=350%2C200","width":350,"height":200,"srcset":"https:\/\/i0.wp.com\/noticiasribeiraopreto.com.br\/wp-content\/uploads\/2026\/04\/LeaoIR-Joedson-Alves-Ag.Br_.jpg?fit=1170%2C700&ssl=1&resize=350%2C200 1x, https:\/\/i0.wp.com\/noticiasribeiraopreto.com.br\/wp-content\/uploads\/2026\/04\/LeaoIR-Joedson-Alves-Ag.Br_.jpg?fit=1170%2C700&ssl=1&resize=525%2C300 1.5x, https:\/\/i0.wp.com\/noticiasribeiraopreto.com.br\/wp-content\/uploads\/2026\/04\/LeaoIR-Joedson-Alves-Ag.Br_.jpg?fit=1170%2C700&ssl=1&resize=700%2C400 2x, https:\/\/i0.wp.com\/noticiasribeiraopreto.com.br\/wp-content\/uploads\/2026\/04\/LeaoIR-Joedson-Alves-Ag.Br_.jpg?fit=1170%2C700&ssl=1&resize=1050%2C600 3x"},"classes":[]},{"id":39964,"url":"https:\/\/noticiasribeiraopreto.com.br\/index.php\/2024\/02\/29\/receita-paga-nesta-quinta-restituicoes-de-lote-residual-do-irpf\/","url_meta":{"origin":38941,"position":5},"title":"Receita paga nesta quinta restitui\u00e7\u00f5es de lote residual do IRPF","author":"noticiasribeiraopreto.com.br","date":"29 de February de 2024","format":false,"excerpt":"29 de fevereiro de 2024 | 9:0028 de fevereiro de 2024 | 18:26 0A Receita Federal credita, nesta quinta-feira (29), os valores das restitui\u00e7\u00f5es do lote residual do Imposto de Renda Pessoa F\u00edsica (IRPF) de fevereiro de 2024. Os lotes s\u00e3o de contribuintes que ca\u00edram na malha fina e regularizaram\u2026","rel":"","context":"In &quot;Not\u00edcias de Ribeir\u00e3o Preto-SP e Regi\u00e3o&quot;","block_context":{"text":"Not\u00edcias de Ribeir\u00e3o Preto-SP e Regi\u00e3o","link":"https:\/\/noticiasribeiraopreto.com.br\/index.php\/category\/noticias-de-ribeirao-preto-sp-e-regiao-ismael-colosi\/"},"img":{"alt_text":"","src":"https:\/\/i0.wp.com\/noticiasribeiraopreto.com.br\/wp-content\/uploads\/2024\/02\/ecb6130b-ddd4-4515-bf11-90fc583207b1-scaled.jpg?fit=1000%2C598&ssl=1&resize=350%2C200","width":350,"height":200,"srcset":"https:\/\/i0.wp.com\/noticiasribeiraopreto.com.br\/wp-content\/uploads\/2024\/02\/ecb6130b-ddd4-4515-bf11-90fc583207b1-scaled.jpg?fit=1000%2C598&ssl=1&resize=350%2C200 1x, https:\/\/i0.wp.com\/noticiasribeiraopreto.com.br\/wp-content\/uploads\/2024\/02\/ecb6130b-ddd4-4515-bf11-90fc583207b1-scaled.jpg?fit=1000%2C598&ssl=1&resize=525%2C300 1.5x, https:\/\/i0.wp.com\/noticiasribeiraopreto.com.br\/wp-content\/uploads\/2024\/02\/ecb6130b-ddd4-4515-bf11-90fc583207b1-scaled.jpg?fit=1000%2C598&ssl=1&resize=700%2C400 2x"},"classes":[]}],"jetpack_sharing_enabled":true,"jetpack_shortlink":"https:\/\/wp.me\/peQAOb-a85","_links":{"self":[{"href":"https:\/\/noticiasribeiraopreto.com.br\/index.php\/wp-json\/wp\/v2\/posts\/38941","targetHints":{"allow":["GET"]}}],"collection":[{"href":"https:\/\/noticiasribeiraopreto.com.br\/index.php\/wp-json\/wp\/v2\/posts"}],"about":[{"href":"https:\/\/noticiasribeiraopreto.com.br\/index.php\/wp-json\/wp\/v2\/types\/post"}],"author":[{"embeddable":true,"href":"https:\/\/noticiasribeiraopreto.com.br\/index.php\/wp-json\/wp\/v2\/users\/1"}],"replies":[{"embeddable":true,"href":"https:\/\/noticiasribeiraopreto.com.br\/index.php\/wp-json\/wp\/v2\/comments?post=38941"}],"version-history":[{"count":0,"href":"https:\/\/noticiasribeiraopreto.com.br\/index.php\/wp-json\/wp\/v2\/posts\/38941\/revisions"}],"wp:featuredmedia":[{"embeddable":true,"href":"https:\/\/noticiasribeiraopreto.com.br\/index.php\/wp-json\/wp\/v2\/media\/38942"}],"wp:attachment":[{"href":"https:\/\/noticiasribeiraopreto.com.br\/index.php\/wp-json\/wp\/v2\/media?parent=38941"}],"wp:term":[{"taxonomy":"category","embeddable":true,"href":"https:\/\/noticiasribeiraopreto.com.br\/index.php\/wp-json\/wp\/v2\/categories?post=38941"},{"taxonomy":"post_tag","embeddable":true,"href":"https:\/\/noticiasribeiraopreto.com.br\/index.php\/wp-json\/wp\/v2\/tags?post=38941"}],"curies":[{"name":"wp","href":"https:\/\/api.w.org\/{rel}","templated":true}]}}