{"id":39025,"date":"2024-02-22T19:49:09","date_gmt":"2024-02-22T22:49:09","guid":{"rendered":"https:\/\/noticiasribeiraopreto.com.br\/index.php\/2024\/02\/22\/previa-do-pt-para-definir-candidato-sera-no-sabado\/"},"modified":"2024-02-22T19:49:09","modified_gmt":"2024-02-22T22:49:09","slug":"previa-do-pt-para-definir-candidato-sera-no-sabado","status":"publish","type":"post","link":"https:\/\/noticiasribeiraopreto.com.br\/index.php\/2024\/02\/22\/previa-do-pt-para-definir-candidato-sera-no-sabado\/","title":{"rendered":"Pr\u00e9via do PT para definir candidato ser\u00e1 no s\u00e1bado"},"content":{"rendered":"<div class='code-block code-block-1' style='margin: 8px 0 8px auto; text-align: right; display: block; clear: both;'>\n<p><a href=\"https:\/\/wa.link\/vpicfd\"><img data-recalc-dims=\"1\" class=\"wp-image-4922\" style=\"aspect-ratio: 2.0253164556962027; width: 561px; height: auto;\" src=\"https:\/\/i0.wp.com\/ismaelcolosi.com.br\/wp-content\/uploads\/2023\/11\/grupo-de-empregos-whatsapp-e-facebook-ismael-colosi-vagas.jpg?ssl=1\" alt=\"\" \/><\/a><\/p>\n<!-- \/wp:image -->\n<\/div>\n<p> <br \/>\n<\/p>\n<div id=\"post-374625\">\n<header class=\"entry-header penci-entry-header penci-title-center\">\n<p> <span class=\"entry-meta-item penci-posted-on\"><i class=\"fa fa-clock-o\"\/><time class=\"entry-date published\" datetime=\"2024-02-22T17:57:40-03:00\">22 de fevereiro de 2024 | 17:57<\/time><time class=\"updated\" datetime=\"2024-02-22T17:59:50-03:00\">22 de fevereiro de 2024 | 17:59<\/time><\/span><\/p>\n<p> <span class=\"penci-social-buttons penci-social-share-footer\"><a href=\"#\" class=\"penci-post-like penci_post-meta_item  single-like-button penci-social-item like\" data-post_id=\"374625\" title=\"Like\" data-like=\"Like\" data-unlike=\"Unlike\"><i class=\"fa fa-thumbs-o-up\"\/><span class=\"penci-share-number\">0<\/span><\/a><i class=\"fa fa-facebook\"\/><a class=\"penci-social-item twitter\" target=\"_blank\" rel=\"noopener\" title=\"\" href=\"https:\/\/twitter.com\/intent\/tweet?text=Pr\u00e9via%20do%20PT%20para%20definir%20candidato%20ser\u00e1%20no%20s\u00e1bado%20-%20https:\/\/www.tribunaribeirao.com.br\/site\/previa-do-pt-para-definir-candidato-sera-no-sabado\/\"><i class=\"fa fa-twitter\"\/><\/a><i class=\"fa fa-whatsapp\"\/><\/span><\/header>\n<div class=\"penci-entry-content entry-content\">\n<p>O Partido dos Trabalhadores de Ribeir\u00e3o Preto realiza no pr\u00f3ximo s\u00e1bado, 24 de fevereiro, pr\u00e9via para escolher o seu candidato \u00e0 prefeitura de Ribeir\u00e3o Preto. A escolha do candidato por meio do voto dos filiados foi o caminho encontrado pelo partido para definir o nome que vai represent\u00e1-lo nas elei\u00e7\u00f5es de 2024, uma vez que cinco postulantes tentam a indica\u00e7\u00e3o.<\/p>\n<p>S\u00e3o eles: o advogado e presidente do diret\u00f3rio do PT em Ribeir\u00e3o Preto, Jorge Roque, o ex-promotor de Justi\u00e7a, Ant\u00f4nio Machado, o m\u00e9dico Ulysses Strogoff, o advogado Ricardo Sobral e o professor F\u00e1bio Sardinha.<\/p>\n<p>Para ser escolhido em primeiro turno, o candidato dever\u00e1 conquistar 50%, mais um voto, dos participantes das pr\u00e9vias. Caso nenhum deles consiga o percentual exigido, os dois mais votados disputar\u00e3o uma nova pr\u00e9via marcada para o dia 9 de mar\u00e7o. Em Ribeir\u00e3o Preto o PT tem 5,5 mil filiados<\/p>\n<p>Como o PT formou uma Federa\u00e7\u00e3o Partid\u00e1ria na elei\u00e7\u00e3o de 2022, para presidente da Rep\u00fablica, em que Lula foi eleito, a disputa para prefeituras em todo pais, pelo PT, ter\u00e1 que ser feita pela mesma federa\u00e7\u00e3o. A Federa\u00e7\u00e3o \u00e9 formada pelo PT, PCdoB e PV. As pr\u00e9vias ser\u00e3o realizadas das 9 \u00e0s 17 horas na sede do Diret\u00f3rio Municipal na Avenida Santa Luzia,120, Jardim Sumar\u00e9.<\/p>\n<\/div>\n<footer class=\"penci-entry-footer\"\/><\/div>\n<p><script async src=\"\/\/platform.twitter.com\/widgets.js\" charset=\"utf-8\"><\/script><br \/>\n<br \/><br \/>\n<br \/><a href=\"https:\/\/www.tribunaribeirao.com.br\/site\/previa-do-pt-para-definir-candidato-sera-no-sabado\/\">Source link <\/a><\/p>\n<!-- CONTENT END 1 -->\n","protected":false},"excerpt":{"rendered":"<p>22 de fevereiro de 2024 | 17:5722 de fevereiro de 2024 | 17:59 0 O Partido dos Trabalhadores de Ribeir\u00e3o Preto realiza no pr\u00f3ximo s\u00e1bado,&#8230;<\/p>\n","protected":false},"author":1,"featured_media":39026,"comment_status":"open","ping_status":"open","sticky":false,"template":"","format":"standard","meta":{"advanced_seo_description":"","jetpack_seo_html_title":"","jetpack_seo_noindex":false,"jetpack_post_was_ever_published":false,"_jetpack_newsletter_access":"","_jetpack_dont_email_post_to_subs":false,"_jetpack_newsletter_tier_id":0,"_jetpack_memberships_contains_paywalled_content":false,"_jetpack_memberships_contains_paid_content":false,"footnotes":"","jetpack_publicize_message":"","jetpack_publicize_feature_enabled":true,"jetpack_social_post_already_shared":true,"jetpack_social_options":{"image_generator_settings":{"template":"highway","default_image_id":0,"font":"","enabled":false},"version":2}},"categories":[11],"tags":[1668,2608,71,4356,264,172],"class_list":["post-39025","post","type-post","status-publish","format-standard","has-post-thumbnail","hentry","category-noticias-de-ribeirao-preto-sp-e-regiao-ismael-colosi","tag-candidato","tag-definir","tag-para","tag-previa","tag-sabado","tag-sera"],"jetpack_publicize_connections":[],"jetpack_featured_media_url":"https:\/\/i0.wp.com\/noticiasribeiraopreto.com.br\/wp-content\/uploads\/2024\/02\/f9126bc5-68f2-4997-a19f-81af5b2011cd.jpg?fit=620%2C465&ssl=1","jetpack-related-posts":[{"id":11870,"url":"https:\/\/noticiasribeiraopreto.com.br\/index.php\/2023\/12\/06\/pt-fara-previas-para-escolher-candidato-do-partido-a-prefeitura-de-rp\/","url_meta":{"origin":39025,"position":0},"title":"PT far\u00e1 pr\u00e9vias para escolher candidato do partido \u00e0 prefeitura de RP","author":"noticiasribeiraopreto.com.br","date":"6 de December de 2023","format":false,"excerpt":"6 de dezembro de 2023 | 15:41 0O PT vai escolher o seu candidato \u00e0 prefeitura de Ribeir\u00e3o Preto no dia 24 de fevereiro do ano que vem. A data foi definida numa reuni\u00e3o na noite desta segunda-feira, 4, na sede municipal da legenda. A realiza\u00e7\u00e3o das pr\u00e9vias foi o\u2026","rel":"","context":"In &quot;Not\u00edcias de Ribeir\u00e3o Preto-SP e Regi\u00e3o&quot;","block_context":{"text":"Not\u00edcias de Ribeir\u00e3o Preto-SP e Regi\u00e3o","link":"https:\/\/noticiasribeiraopreto.com.br\/index.php\/category\/noticias-de-ribeirao-preto-sp-e-regiao-ismael-colosi\/"},"img":{"alt_text":"","src":"https:\/\/i0.wp.com\/noticiasribeiraopreto.com.br\/wp-content\/uploads\/2023\/12\/pt-ribeirao.jpg?fit=620%2C465&ssl=1&resize=350%2C200","width":350,"height":200,"srcset":"https:\/\/i0.wp.com\/noticiasribeiraopreto.com.br\/wp-content\/uploads\/2023\/12\/pt-ribeirao.jpg?fit=620%2C465&ssl=1&resize=350%2C200 1x, https:\/\/i0.wp.com\/noticiasribeiraopreto.com.br\/wp-content\/uploads\/2023\/12\/pt-ribeirao.jpg?fit=620%2C465&ssl=1&resize=525%2C300 1.5x"},"classes":[]},{"id":41655,"url":"https:\/\/noticiasribeiraopreto.com.br\/index.php\/2024\/03\/10\/pt-define-jorge-roque-como-candidato-a-prefeito-de-rp\/","url_meta":{"origin":39025,"position":1},"title":"PT define Jorge Roque como candidato a prefeito de RP","author":"noticiasribeiraopreto.com.br","date":"10 de March de 2024","format":false,"excerpt":"10 de mar\u00e7o de 2024 | 9:4110 de mar\u00e7o de 2024 | 9:47 0O advogado Jorge Roque ser\u00e1 o candidato do Partido dos Trabalhadores \u00e0 Prefeitura de Ribeir\u00e3o Preto. Roque \u00e9 o atual presidente do diret\u00f3rio da legenda na cidade. A escolha se deu por elei\u00e7\u00e3o interna e acirrada, realizada\u2026","rel":"","context":"In &quot;Not\u00edcias de Ribeir\u00e3o Preto-SP e Regi\u00e3o&quot;","block_context":{"text":"Not\u00edcias de Ribeir\u00e3o Preto-SP e Regi\u00e3o","link":"https:\/\/noticiasribeiraopreto.com.br\/index.php\/category\/noticias-de-ribeirao-preto-sp-e-regiao-ismael-colosi\/"},"img":{"alt_text":"","src":"https:\/\/i0.wp.com\/noticiasribeiraopreto.com.br\/wp-content\/uploads\/2024\/03\/jorgeroque.jpg?fit=700%2C450&ssl=1&resize=350%2C200","width":350,"height":200,"srcset":"https:\/\/i0.wp.com\/noticiasribeiraopreto.com.br\/wp-content\/uploads\/2024\/03\/jorgeroque.jpg?fit=700%2C450&ssl=1&resize=350%2C200 1x, https:\/\/i0.wp.com\/noticiasribeiraopreto.com.br\/wp-content\/uploads\/2024\/03\/jorgeroque.jpg?fit=700%2C450&ssl=1&resize=525%2C300 1.5x, https:\/\/i0.wp.com\/noticiasribeiraopreto.com.br\/wp-content\/uploads\/2024\/03\/jorgeroque.jpg?fit=700%2C450&ssl=1&resize=700%2C400 2x"},"classes":[]},{"id":39324,"url":"https:\/\/noticiasribeiraopreto.com.br\/index.php\/2024\/02\/24\/jorge-roque-e-antonio-machado-vao-para-2-turno-nas-previas-do-pt\/","url_meta":{"origin":39025,"position":2},"title":"Jorge Roque e Ant\u00f4nio Machado v\u00e3o para 2\u00b0 turno nas pr\u00e9vias do PT","author":"noticiasribeiraopreto.com.br","date":"24 de February de 2024","format":false,"excerpt":"24 de fevereiro de 2024 | 19:2424 de fevereiro de 2024 | 19:28 0Jorge Roque venceu a disputa interna do PT para ser o candidato do partido \u00e0 prefeitura de Ribeir\u00e3o Preto. Em segundo lugar ficou o ex-promotor de Justi\u00e7a, Ant\u00f4nio Machado. O 2\u00b0turno das elei\u00e7\u00f5es acontecer\u00e1 dia, em 09\/3,\u2026","rel":"","context":"In &quot;Not\u00edcias de Ribeir\u00e3o Preto-SP e Regi\u00e3o&quot;","block_context":{"text":"Not\u00edcias de Ribeir\u00e3o Preto-SP e Regi\u00e3o","link":"https:\/\/noticiasribeiraopreto.com.br\/index.php\/category\/noticias-de-ribeirao-preto-sp-e-regiao-ismael-colosi\/"},"img":{"alt_text":"","src":"https:\/\/i0.wp.com\/noticiasribeiraopreto.com.br\/wp-content\/uploads\/2024\/02\/eb9d911a5b506d02944255fac819e176.jpg?fit=702%2C439&ssl=1&resize=350%2C200","width":350,"height":200,"srcset":"https:\/\/i0.wp.com\/noticiasribeiraopreto.com.br\/wp-content\/uploads\/2024\/02\/eb9d911a5b506d02944255fac819e176.jpg?fit=702%2C439&ssl=1&resize=350%2C200 1x, https:\/\/i0.wp.com\/noticiasribeiraopreto.com.br\/wp-content\/uploads\/2024\/02\/eb9d911a5b506d02944255fac819e176.jpg?fit=702%2C439&ssl=1&resize=525%2C300 1.5x, https:\/\/i0.wp.com\/noticiasribeiraopreto.com.br\/wp-content\/uploads\/2024\/02\/eb9d911a5b506d02944255fac819e176.jpg?fit=702%2C439&ssl=1&resize=700%2C400 2x"},"classes":[]},{"id":29776,"url":"https:\/\/noticiasribeiraopreto.com.br\/index.php\/2024\/01\/19\/gobbi-diz-ser-o-sucessor-natural-de-nogueira\/","url_meta":{"origin":39025,"position":3},"title":"Gobbi diz ser o sucessor natural de Nogueira","author":"noticiasribeiraopreto.com.br","date":"19 de January de 2024","format":false,"excerpt":"O vice-prefeito e secret\u00e1rio municipal de Planejamento de Ribeir\u00e3o Preto, Daniel Gobbi (PP) afirmou que \u00e9 o sucessor natural do grupo do atual prefeito, Duarte Nogueira (PSDB) nas elei\u00e7\u00f5es municipais deste ano, marcadas para o dia 6 de outubro. Nas cidades onde for necess\u00e1rio o segundo turno, ele ser\u00e1 realizado\u2026","rel":"","context":"In &quot;Not\u00edcias de Ribeir\u00e3o Preto-SP e Regi\u00e3o&quot;","block_context":{"text":"Not\u00edcias de Ribeir\u00e3o Preto-SP e Regi\u00e3o","link":"https:\/\/noticiasribeiraopreto.com.br\/index.php\/category\/noticias-de-ribeirao-preto-sp-e-regiao-ismael-colosi\/"},"img":{"alt_text":"","src":"https:\/\/i0.wp.com\/noticiasribeiraopreto.com.br\/wp-content\/uploads\/2024\/01\/Gobbi-Palacio-768x512-1.jpg?fit=768%2C512&ssl=1&resize=350%2C200","width":350,"height":200,"srcset":"https:\/\/i0.wp.com\/noticiasribeiraopreto.com.br\/wp-content\/uploads\/2024\/01\/Gobbi-Palacio-768x512-1.jpg?fit=768%2C512&ssl=1&resize=350%2C200 1x, https:\/\/i0.wp.com\/noticiasribeiraopreto.com.br\/wp-content\/uploads\/2024\/01\/Gobbi-Palacio-768x512-1.jpg?fit=768%2C512&ssl=1&resize=525%2C300 1.5x, https:\/\/i0.wp.com\/noticiasribeiraopreto.com.br\/wp-content\/uploads\/2024\/01\/Gobbi-Palacio-768x512-1.jpg?fit=768%2C512&ssl=1&resize=700%2C400 2x"},"classes":[]},{"id":41762,"url":"https:\/\/noticiasribeiraopreto.com.br\/index.php\/2024\/03\/11\/igp-m-cai-054-na-1a-previa-de-marco\/","url_meta":{"origin":39025,"position":4},"title":"IGP-M cai 0,54% na 1\u00aa pr\u00e9via de mar\u00e7o","author":"noticiasribeiraopreto.com.br","date":"11 de March de 2024","format":false,"excerpt":"11 de mar\u00e7o de 2024 | 10:0011 de mar\u00e7o de 2024 | 9:43 0O \u00cdndice Geral de Pre\u00e7os \u2013 Mercado (IGP-M) recuou 0,54% na primeira pr\u00e9via de mar\u00e7o, ap\u00f3s cair 0,44% na mesma leitura de fevereiro, informou nesta segunda-feira, 11, a Funda\u00e7\u00e3o Getulio Vargas (FGV).Nas aberturas, o \u00cdndice de Pre\u00e7os\u2026","rel":"","context":"In &quot;Not\u00edcias de Ribeir\u00e3o Preto-SP e Regi\u00e3o&quot;","block_context":{"text":"Not\u00edcias de Ribeir\u00e3o Preto-SP e Regi\u00e3o","link":"https:\/\/noticiasribeiraopreto.com.br\/index.php\/category\/noticias-de-ribeirao-preto-sp-e-regiao-ismael-colosi\/"},"img":{"alt_text":"","src":"https:\/\/i0.wp.com\/noticiasribeiraopreto.com.br\/wp-content\/uploads\/2024\/03\/imposto.jpg?fit=960%2C540&ssl=1&resize=350%2C200","width":350,"height":200,"srcset":"https:\/\/i0.wp.com\/noticiasribeiraopreto.com.br\/wp-content\/uploads\/2024\/03\/imposto.jpg?fit=960%2C540&ssl=1&resize=350%2C200 1x, https:\/\/i0.wp.com\/noticiasribeiraopreto.com.br\/wp-content\/uploads\/2024\/03\/imposto.jpg?fit=960%2C540&ssl=1&resize=525%2C300 1.5x, https:\/\/i0.wp.com\/noticiasribeiraopreto.com.br\/wp-content\/uploads\/2024\/03\/imposto.jpg?fit=960%2C540&ssl=1&resize=700%2C400 2x"},"classes":[]},{"id":39063,"url":"https:\/\/noticiasribeiraopreto.com.br\/index.php\/2024\/02\/23\/partido-novo-anuncia-pre-candidato-a-prefeito\/","url_meta":{"origin":39025,"position":5},"title":"Partido Novo anuncia pr\u00e9-candidato a prefeito","author":"noticiasribeiraopreto.com.br","date":"23 de February de 2024","format":false,"excerpt":"23 de fevereiro de 2024 | 9:0022 de fevereiro de 2024 | 19:21 0O Partido Novo de Ribeir\u00e3o Preto anunciou, nesta quinta-feira, 22 de fevereiro, o pr\u00e9-candidato da legenda para prefeito nas elei\u00e7\u00f5es municipais de 6 de outubro deste ano. Ser\u00e1 o empres\u00e1rio Marco Aur\u00e9lio Martins. Tr\u00eas postulantes se inscreveram\u2026","rel":"","context":"In &quot;Not\u00edcias de Ribeir\u00e3o Preto-SP e Regi\u00e3o&quot;","block_context":{"text":"Not\u00edcias de Ribeir\u00e3o Preto-SP e Regi\u00e3o","link":"https:\/\/noticiasribeiraopreto.com.br\/index.php\/category\/noticias-de-ribeirao-preto-sp-e-regiao-ismael-colosi\/"},"img":{"alt_text":"","src":"https:\/\/i0.wp.com\/noticiasribeiraopreto.com.br\/wp-content\/uploads\/2024\/02\/EleicaoRP-Alfredo-Risk-scaled.jpg?fit=967%2C645&ssl=1&resize=350%2C200","width":350,"height":200,"srcset":"https:\/\/i0.wp.com\/noticiasribeiraopreto.com.br\/wp-content\/uploads\/2024\/02\/EleicaoRP-Alfredo-Risk-scaled.jpg?fit=967%2C645&ssl=1&resize=350%2C200 1x, https:\/\/i0.wp.com\/noticiasribeiraopreto.com.br\/wp-content\/uploads\/2024\/02\/EleicaoRP-Alfredo-Risk-scaled.jpg?fit=967%2C645&ssl=1&resize=525%2C300 1.5x, https:\/\/i0.wp.com\/noticiasribeiraopreto.com.br\/wp-content\/uploads\/2024\/02\/EleicaoRP-Alfredo-Risk-scaled.jpg?fit=967%2C645&ssl=1&resize=700%2C400 2x"},"classes":[]}],"jetpack_sharing_enabled":true,"jetpack_shortlink":"https:\/\/wp.me\/peQAOb-a9r","_links":{"self":[{"href":"https:\/\/noticiasribeiraopreto.com.br\/index.php\/wp-json\/wp\/v2\/posts\/39025","targetHints":{"allow":["GET"]}}],"collection":[{"href":"https:\/\/noticiasribeiraopreto.com.br\/index.php\/wp-json\/wp\/v2\/posts"}],"about":[{"href":"https:\/\/noticiasribeiraopreto.com.br\/index.php\/wp-json\/wp\/v2\/types\/post"}],"author":[{"embeddable":true,"href":"https:\/\/noticiasribeiraopreto.com.br\/index.php\/wp-json\/wp\/v2\/users\/1"}],"replies":[{"embeddable":true,"href":"https:\/\/noticiasribeiraopreto.com.br\/index.php\/wp-json\/wp\/v2\/comments?post=39025"}],"version-history":[{"count":0,"href":"https:\/\/noticiasribeiraopreto.com.br\/index.php\/wp-json\/wp\/v2\/posts\/39025\/revisions"}],"wp:featuredmedia":[{"embeddable":true,"href":"https:\/\/noticiasribeiraopreto.com.br\/index.php\/wp-json\/wp\/v2\/media\/39026"}],"wp:attachment":[{"href":"https:\/\/noticiasribeiraopreto.com.br\/index.php\/wp-json\/wp\/v2\/media?parent=39025"}],"wp:term":[{"taxonomy":"category","embeddable":true,"href":"https:\/\/noticiasribeiraopreto.com.br\/index.php\/wp-json\/wp\/v2\/categories?post=39025"},{"taxonomy":"post_tag","embeddable":true,"href":"https:\/\/noticiasribeiraopreto.com.br\/index.php\/wp-json\/wp\/v2\/tags?post=39025"}],"curies":[{"name":"wp","href":"https:\/\/api.w.org\/{rel}","templated":true}]}}