{"id":39027,"date":"2024-02-22T19:57:08","date_gmt":"2024-02-22T22:57:08","guid":{"rendered":"https:\/\/noticiasribeiraopreto.com.br\/index.php\/2024\/02\/22\/pre-venda-de-ingressos-para-o-joao-rock-em-ribeirao-preto-comeca-no-dia-27\/"},"modified":"2024-02-22T19:57:08","modified_gmt":"2024-02-22T22:57:08","slug":"pre-venda-de-ingressos-para-o-joao-rock-em-ribeirao-preto-comeca-no-dia-27","status":"publish","type":"post","link":"https:\/\/noticiasribeiraopreto.com.br\/index.php\/2024\/02\/22\/pre-venda-de-ingressos-para-o-joao-rock-em-ribeirao-preto-comeca-no-dia-27\/","title":{"rendered":"Pr\u00e9-venda de ingressos para o Jo\u00e3o Rock em Ribeir\u00e3o Preto come\u00e7a no dia 27"},"content":{"rendered":"<div class='code-block code-block-1' style='margin: 8px 0 8px auto; text-align: right; display: block; clear: both;'>\n<p><a href=\"https:\/\/wa.link\/vpicfd\"><img data-recalc-dims=\"1\" class=\"wp-image-4922\" style=\"aspect-ratio: 2.0253164556962027; width: 561px; height: auto;\" src=\"https:\/\/i0.wp.com\/ismaelcolosi.com.br\/wp-content\/uploads\/2023\/11\/grupo-de-empregos-whatsapp-e-facebook-ismael-colosi-vagas.jpg?ssl=1\" alt=\"\" \/><\/a><\/p>\n<!-- \/wp:image -->\n<\/div>\n<p> <br \/>\n<\/p>\n<div data-td-block-uid=\"tdi_102\">\n<div class=\"tdb-block-inner td-fix-index\">\n<p>A <strong>pr\u00e9-venda<\/strong> dos <strong>ingressos<\/strong> para o <strong>21\u00ba Festival Jo\u00e3o Rock 2024<\/strong> come\u00e7a \u00e0s <strong>12h<\/strong> de <strong>ter\u00e7a-feira <\/strong>(27). O <strong>evento acontece<\/strong> no dia <strong>8 de junho<\/strong>, no Parque Permanente de Exposi\u00e7\u00f5es de Ribeir\u00e3o Preto.<\/p>\n<p>O <strong>lote de antecipa\u00e7\u00e3o<\/strong> de venda para um dos principais festivais de m\u00fasica do pa\u00eds <strong>acontece<\/strong> sempre <strong>antes <\/strong>de ser divulgado o <strong>line-up<\/strong> do evento e ter\u00e1 n\u00famero de<strong> ingressos limitado<\/strong> para todos os setores: pista, camarote Jo\u00e3o Rock, pista premium e camarote Lagunitas.<\/p>\n<p>Os <strong>valores dos ingressos<\/strong> ser\u00e3o <strong>anunciados<\/strong> tamb\u00e9m na <strong>ter\u00e7a-feira<\/strong>, com o in\u00edcio da pr\u00e9-venda. Em 2023, os ingressos dispon\u00edveis nessa modalidade de venda antecipada esgotaram em quatro horas.<\/p>\n<h4 class=\"wp-block-heading\"><strong>Onde comprar?<\/strong><\/h4>\n<p>A <strong>compra dos ingressos<\/strong> da <strong>pr\u00e9-venda<\/strong> pode ser feita no<strong> <a href=\"http:\/\/www.joaorock.com.br\" target=\"_blank\" rel=\"noreferrer noopener nofollow\">site oficial<\/a> <\/strong>do evento ou nos<strong> pontos f\u00edsicos<\/strong> em <strong>Ribeir\u00e3o Preto<\/strong> que s\u00e3o: <strong>lojas Ophicina<\/strong> do Shopping Iguatemi, Novo Shopping, Shopping Santa \u00darsula e do Ribeir\u00e3o Shopping.<\/p>\n<p>O<strong> per\u00edodo promocional<\/strong> de vendas <strong>vai at\u00e9 \u00e0s 23h59 do dia 4 de mar\u00e7o<\/strong> ou at\u00e9 esgotar o lote. Para essa pr\u00e9-venda fica limitado a cada CPF quatro ingressos.<\/p>\n<p>As <strong>vendas regulares<\/strong> dos ingressos, ap\u00f3s o an\u00fancio do line-up <strong>acontece<\/strong> no dia <strong>5 de mar\u00e7o<\/strong>.<\/p>\n<p>SAIBA MAIS<\/p>\n<p>Veja quem tem direito ao lote residual de restitui\u00e7\u00e3o do Imposto de Renda<\/p>\n<h4 class=\"wp-block-heading\"><strong><mark>FIQUE ON<\/mark><\/strong><\/h4>\n<p>Fique ligado em tudo que acontece em Ribeir\u00e3o Preto e regi\u00e3o. Siga os perfis do\u00a0<strong>acidade on<\/strong>\u00a0no Instagram e no Facebook.<\/p>\n<p>Receba not\u00edcias do\u00a0<strong>acidade on<\/strong>\u00a0no WhatsApp.\u00a0<a href=\"https:\/\/chat.whatsapp.com\/Bnv2w66ZT4VDyZW3oiZ69n\" target=\"_blank\" rel=\"noreferrer noopener\">Para entrar no grupo, basta clicar aqui.<\/a><\/p>\n<p>Fa\u00e7a uma den\u00fancia ou sugira uma reportagem sobre Ribeir\u00e3o Preto e regi\u00e3o pelo WhatsApp: 16 99117 7802.<\/p>\n<p>VEJA TAMB\u00c9M<\/p>\n<p>BBB 24: Davi beijou Pitel na Festa do L\u00edder?<\/p>\n<p><!-- AI CONTENT END 1 -->\n<\/div>\n<\/div>\n<p><br \/>\n<br \/><a href=\"https:\/\/www.acidadeon.com\/ribeiraopreto\/lazer-e-cultura\/pre-venda-de-ingressos-para-joao-rock-em-ribeirao-preto-comeca-no-dia-27\/\">Source link <\/a><\/p>\n<!-- CONTENT END 1 -->\n","protected":false},"excerpt":{"rendered":"<p>A pr\u00e9-venda dos ingressos para o 21\u00ba Festival Jo\u00e3o Rock 2024 come\u00e7a \u00e0s 12h de ter\u00e7a-feira (27). O evento acontece no dia 8 de junho,&#8230;<\/p>\n","protected":false},"author":1,"featured_media":39028,"comment_status":"open","ping_status":"open","sticky":false,"template":"","format":"standard","meta":{"advanced_seo_description":"","jetpack_seo_html_title":"","jetpack_seo_noindex":false,"jetpack_post_was_ever_published":false,"_jetpack_newsletter_access":"","_jetpack_dont_email_post_to_subs":false,"_jetpack_newsletter_tier_id":0,"_jetpack_memberships_contains_paywalled_content":false,"_jetpack_memberships_contains_paid_content":false,"footnotes":"","jetpack_publicize_message":"","jetpack_publicize_feature_enabled":true,"jetpack_social_post_already_shared":true,"jetpack_social_options":{"image_generator_settings":{"template":"highway","default_image_id":0,"font":"","enabled":false},"version":2}},"categories":[11],"tags":[],"class_list":["post-39027","post","type-post","status-publish","format-standard","has-post-thumbnail","hentry","category-noticias-de-ribeirao-preto-sp-e-regiao-ismael-colosi"],"jetpack_publicize_connections":[],"jetpack_featured_media_url":"https:\/\/i0.wp.com\/noticiasribeiraopreto.com.br\/wp-content\/uploads\/2024\/02\/3-13.jpg?fit=1200%2C675&ssl=1","jetpack-related-posts":[{"id":83373,"url":"https:\/\/noticiasribeiraopreto.com.br\/index.php\/2026\/03\/17\/pre-venda-de-ingressos-para-o-joao-rock-comeca-nesta-terca-feira\/","url_meta":{"origin":39027,"position":0},"title":"Pr\u00e9-venda de ingressos para o Jo\u00e3o Rock come\u00e7a nesta ter\u00e7a-feira","author":"noticiasribeiraopreto.com.br","date":"17 de March de 2026","format":false,"excerpt":"A pr\u00e9-venda de ingressos para o Festival Jo\u00e3o Rock, que acontece em Ribeir\u00e3o Preto no dia 1\u00ba de agosto, come\u00e7a nesta ter\u00e7a-feira (17), \u00e0s 12h. O Jo\u00e3o Rock j\u00e1 confirmou os primeiros nomes para a edi\u00e7\u00e3o de 2026: CPM 22, Detonautas, Armandinho, Os Paralamas do Sucesso, Criolo, Z\u00e9 Ramalho e\u2026","rel":"","context":"In &quot;Not\u00edcias de Ribeir\u00e3o Preto-SP e Regi\u00e3o&quot;","block_context":{"text":"Not\u00edcias de Ribeir\u00e3o Preto-SP e Regi\u00e3o","link":"https:\/\/noticiasribeiraopreto.com.br\/index.php\/category\/noticias-de-ribeirao-preto-sp-e-regiao-ismael-colosi\/"},"img":{"alt_text":"","src":"https:\/\/i0.wp.com\/noticiasribeiraopreto.com.br\/wp-content\/uploads\/2026\/03\/joao-rock-festival_2025-12-16_13-36-38.webp.webp?fit=1200%2C800&ssl=1&resize=350%2C200","width":350,"height":200,"srcset":"https:\/\/i0.wp.com\/noticiasribeiraopreto.com.br\/wp-content\/uploads\/2026\/03\/joao-rock-festival_2025-12-16_13-36-38.webp.webp?fit=1200%2C800&ssl=1&resize=350%2C200 1x, https:\/\/i0.wp.com\/noticiasribeiraopreto.com.br\/wp-content\/uploads\/2026\/03\/joao-rock-festival_2025-12-16_13-36-38.webp.webp?fit=1200%2C800&ssl=1&resize=525%2C300 1.5x, https:\/\/i0.wp.com\/noticiasribeiraopreto.com.br\/wp-content\/uploads\/2026\/03\/joao-rock-festival_2025-12-16_13-36-38.webp.webp?fit=1200%2C800&ssl=1&resize=700%2C400 2x, https:\/\/i0.wp.com\/noticiasribeiraopreto.com.br\/wp-content\/uploads\/2026\/03\/joao-rock-festival_2025-12-16_13-36-38.webp.webp?fit=1200%2C800&ssl=1&resize=1050%2C600 3x"},"classes":[]},{"id":39017,"url":"https:\/\/noticiasribeiraopreto.com.br\/index.php\/2024\/02\/22\/joao-rock-inicia-pre-venda-de-ingressos-no-dia-27-de-fevereiro\/","url_meta":{"origin":39027,"position":1},"title":"Jo\u00e3o Rock inicia pr\u00e9-venda de ingressos no dia 27 de fevereiro","author":"noticiasribeiraopreto.com.br","date":"22 de February de 2024","format":false,"excerpt":"22 de fevereiro de 2024 | 18:43 0Come\u00e7a na pr\u00f3xima ter\u00e7a-feira, dia 27, \u00e0s 12h, a pr\u00e9-venda de ingressos para um dos principais festivais de m\u00fasica do pa\u00eds, o Jo\u00e3o Rock. A 21\u00aa edi\u00e7\u00e3o do evento acontece no dia 08 de junho, no Parque Permanente de Exposi\u00e7\u00f5es em Ribeir\u00e3o Preto\/SP.O\u2026","rel":"","context":"In &quot;Not\u00edcias de Ribeir\u00e3o Preto-SP e Regi\u00e3o&quot;","block_context":{"text":"Not\u00edcias de Ribeir\u00e3o Preto-SP e Regi\u00e3o","link":"https:\/\/noticiasribeiraopreto.com.br\/index.php\/category\/noticias-de-ribeirao-preto-sp-e-regiao-ismael-colosi\/"},"img":{"alt_text":"","src":"https:\/\/i0.wp.com\/noticiasribeiraopreto.com.br\/wp-content\/uploads\/2024\/02\/1708639331_3-11.jpg?fit=800%2C511&ssl=1&resize=350%2C200","width":350,"height":200,"srcset":"https:\/\/i0.wp.com\/noticiasribeiraopreto.com.br\/wp-content\/uploads\/2024\/02\/1708639331_3-11.jpg?fit=800%2C511&ssl=1&resize=350%2C200 1x, https:\/\/i0.wp.com\/noticiasribeiraopreto.com.br\/wp-content\/uploads\/2024\/02\/1708639331_3-11.jpg?fit=800%2C511&ssl=1&resize=525%2C300 1.5x, https:\/\/i0.wp.com\/noticiasribeiraopreto.com.br\/wp-content\/uploads\/2024\/02\/1708639331_3-11.jpg?fit=800%2C511&ssl=1&resize=700%2C400 2x"},"classes":[]},{"id":62896,"url":"https:\/\/noticiasribeiraopreto.com.br\/index.php\/2025\/01\/27\/joao-rock-anuncia-pre-venda-de-ingressos-saiba-como-comprar\/","url_meta":{"origin":39027,"position":2},"title":"Jo\u00e3o Rock anuncia pr\u00e9-venda de ingressos; saiba como comprar","author":"noticiasribeiraopreto.com.br","date":"27 de January de 2025","format":false,"excerpt":"A 22\u00aa edi\u00e7\u00e3o do Jo\u00e3o Rock acontece no dia 14 de junho, em Ribeir\u00e3o Preto, e os f\u00e3s do festival j\u00e1 podem garantir seus ingressos durante o per\u00edodo de pr\u00e9-venda, que come\u00e7a nesta ter\u00e7a-feira (28), a partir das 12h. O lote promocional vai at\u00e9 o dia 3 de fevereiro, \u00e0s\u2026","rel":"","context":"In &quot;Not\u00edcias de Ribeir\u00e3o Preto-SP e Regi\u00e3o&quot;","block_context":{"text":"Not\u00edcias de Ribeir\u00e3o Preto-SP e Regi\u00e3o","link":"https:\/\/noticiasribeiraopreto.com.br\/index.php\/category\/noticias-de-ribeirao-preto-sp-e-regiao-ismael-colosi\/"},"img":{"alt_text":"","src":"https:\/\/i0.wp.com\/noticiasribeiraopreto.com.br\/wp-content\/uploads\/2025\/01\/Imagem-do-WhatsApp-de-2025-01-27-as-18.05.46_992e34a1_2025-01-27_21-19-54_jpg_2025-01-27_21-19-54.webp.webp?fit=800%2C450&ssl=1&resize=350%2C200","width":350,"height":200,"srcset":"https:\/\/i0.wp.com\/noticiasribeiraopreto.com.br\/wp-content\/uploads\/2025\/01\/Imagem-do-WhatsApp-de-2025-01-27-as-18.05.46_992e34a1_2025-01-27_21-19-54_jpg_2025-01-27_21-19-54.webp.webp?fit=800%2C450&ssl=1&resize=350%2C200 1x, https:\/\/i0.wp.com\/noticiasribeiraopreto.com.br\/wp-content\/uploads\/2025\/01\/Imagem-do-WhatsApp-de-2025-01-27-as-18.05.46_992e34a1_2025-01-27_21-19-54_jpg_2025-01-27_21-19-54.webp.webp?fit=800%2C450&ssl=1&resize=525%2C300 1.5x, https:\/\/i0.wp.com\/noticiasribeiraopreto.com.br\/wp-content\/uploads\/2025\/01\/Imagem-do-WhatsApp-de-2025-01-27-as-18.05.46_992e34a1_2025-01-27_21-19-54_jpg_2025-01-27_21-19-54.webp.webp?fit=800%2C450&ssl=1&resize=700%2C400 2x"},"classes":[]},{"id":62892,"url":"https:\/\/noticiasribeiraopreto.com.br\/index.php\/2025\/01\/27\/joao-rock-anuncia-pre-venda-de-ingressos-com-lote-promocional-saiba-como-comprar\/","url_meta":{"origin":39027,"position":3},"title":"Jo\u00e3o Rock anuncia pr\u00e9-venda de ingressos com lote promocional; saiba como comprar","author":"noticiasribeiraopreto.com.br","date":"27 de January de 2025","format":false,"excerpt":"A 22\u00aa edi\u00e7\u00e3o do Jo\u00e3o Rock acontece no dia 14 de junho, em Ribeir\u00e3o Preto, e os f\u00e3s do festival j\u00e1 podem garantir seus ingressos durante o per\u00edodo de pr\u00e9-venda, que come\u00e7a nesta ter\u00e7a-feira (28), a partir das 12h. O lote promocional vai at\u00e9 o dia 3 de fevereiro, \u00e0s\u2026","rel":"","context":"In &quot;Not\u00edcias de Ribeir\u00e3o Preto-SP e Regi\u00e3o&quot;","block_context":{"text":"Not\u00edcias de Ribeir\u00e3o Preto-SP e Regi\u00e3o","link":"https:\/\/noticiasribeiraopreto.com.br\/index.php\/category\/noticias-de-ribeirao-preto-sp-e-regiao-ismael-colosi\/"},"img":{"alt_text":"","src":"https:\/\/i0.wp.com\/noticiasribeiraopreto.com.br\/wp-content\/uploads\/2025\/01\/Imagem-do-WhatsApp-de-2025-01-27-as-18.05.46_992e34a1_2025-01-27_21-19-54_jpg_2025-01-27_21-19-54.webp.webp?fit=800%2C450&ssl=1&resize=350%2C200","width":350,"height":200,"srcset":"https:\/\/i0.wp.com\/noticiasribeiraopreto.com.br\/wp-content\/uploads\/2025\/01\/Imagem-do-WhatsApp-de-2025-01-27-as-18.05.46_992e34a1_2025-01-27_21-19-54_jpg_2025-01-27_21-19-54.webp.webp?fit=800%2C450&ssl=1&resize=350%2C200 1x, https:\/\/i0.wp.com\/noticiasribeiraopreto.com.br\/wp-content\/uploads\/2025\/01\/Imagem-do-WhatsApp-de-2025-01-27-as-18.05.46_992e34a1_2025-01-27_21-19-54_jpg_2025-01-27_21-19-54.webp.webp?fit=800%2C450&ssl=1&resize=525%2C300 1.5x, https:\/\/i0.wp.com\/noticiasribeiraopreto.com.br\/wp-content\/uploads\/2025\/01\/Imagem-do-WhatsApp-de-2025-01-27-as-18.05.46_992e34a1_2025-01-27_21-19-54_jpg_2025-01-27_21-19-54.webp.webp?fit=800%2C450&ssl=1&resize=700%2C400 2x"},"classes":[]},{"id":39620,"url":"https:\/\/noticiasribeiraopreto.com.br\/index.php\/2024\/02\/27\/comeca-pre-venda-de-ingressos-do-joao-rock-em-ribeirao-preto\/","url_meta":{"origin":39027,"position":4},"title":"Come\u00e7a pr\u00e9-venda de ingressos do Jo\u00e3o Rock em Ribeir\u00e3o Preto","author":"noticiasribeiraopreto.com.br","date":"27 de February de 2024","format":false,"excerpt":"Come\u00e7a nesta ter\u00e7a-feira (27), a partir das 12h, a pr\u00e9-venda de ingressos do Festival Jo\u00e3o Rock, que acontece dia 8 de junho, no Parque Permanente de Exposi\u00e7\u00f5es de Ribeir\u00e3o Preto. As vendas s\u00e3o tradicionalmente iniciada antes da divulga\u00e7\u00e3o do line-up do evento. O per\u00edodo promocional vai at\u00e9 dia 4 de\u2026","rel":"","context":"In &quot;Not\u00edcias de Ribeir\u00e3o Preto-SP e Regi\u00e3o&quot;","block_context":{"text":"Not\u00edcias de Ribeir\u00e3o Preto-SP e Regi\u00e3o","link":"https:\/\/noticiasribeiraopreto.com.br\/index.php\/category\/noticias-de-ribeirao-preto-sp-e-regiao-ismael-colosi\/"},"img":{"alt_text":"","src":"https:\/\/i0.wp.com\/noticiasribeiraopreto.com.br\/wp-content\/uploads\/2024\/02\/joao_rock_1200x675_12052022153444.jpg?fit=1200%2C675&ssl=1&resize=350%2C200","width":350,"height":200,"srcset":"https:\/\/i0.wp.com\/noticiasribeiraopreto.com.br\/wp-content\/uploads\/2024\/02\/joao_rock_1200x675_12052022153444.jpg?fit=1200%2C675&ssl=1&resize=350%2C200 1x, https:\/\/i0.wp.com\/noticiasribeiraopreto.com.br\/wp-content\/uploads\/2024\/02\/joao_rock_1200x675_12052022153444.jpg?fit=1200%2C675&ssl=1&resize=525%2C300 1.5x, https:\/\/i0.wp.com\/noticiasribeiraopreto.com.br\/wp-content\/uploads\/2024\/02\/joao_rock_1200x675_12052022153444.jpg?fit=1200%2C675&ssl=1&resize=700%2C400 2x, https:\/\/i0.wp.com\/noticiasribeiraopreto.com.br\/wp-content\/uploads\/2024\/02\/joao_rock_1200x675_12052022153444.jpg?fit=1200%2C675&ssl=1&resize=1050%2C600 3x"},"classes":[]},{"id":39654,"url":"https:\/\/noticiasribeiraopreto.com.br\/index.php\/2024\/02\/27\/comeca-pre-venda-de-ingressos-do-joao-rock-em-ribeirao-preto-2\/","url_meta":{"origin":39027,"position":5},"title":"Come\u00e7a pr\u00e9-venda de ingressos do Jo\u00e3o Rock em Ribeir\u00e3o Preto","author":"noticiasribeiraopreto.com.br","date":"27 de February de 2024","format":false,"excerpt":"Come\u00e7a nesta ter\u00e7a-feira (27), a partir das 12h, a pr\u00e9-venda de ingressos do Festival Jo\u00e3o Rock, que acontece dia 8 de junho, no Parque Permanente de Exposi\u00e7\u00f5es de Ribeir\u00e3o Preto. O per\u00edodo promocional vai at\u00e9 dia 4 de mar\u00e7o, \u00e0s 23h59, ou at\u00e9 esgotar o lote. Em 2023, os ingressos\u2026","rel":"","context":"In &quot;Not\u00edcias de Ribeir\u00e3o Preto-SP e Regi\u00e3o&quot;","block_context":{"text":"Not\u00edcias de Ribeir\u00e3o Preto-SP e Regi\u00e3o","link":"https:\/\/noticiasribeiraopreto.com.br\/index.php\/category\/noticias-de-ribeirao-preto-sp-e-regiao-ismael-colosi\/"},"img":{"alt_text":"","src":"https:\/\/i0.wp.com\/noticiasribeiraopreto.com.br\/wp-content\/uploads\/2024\/02\/1709051693_joao_rock_1200x675_12052022153444.jpg?fit=1200%2C675&ssl=1&resize=350%2C200","width":350,"height":200,"srcset":"https:\/\/i0.wp.com\/noticiasribeiraopreto.com.br\/wp-content\/uploads\/2024\/02\/1709051693_joao_rock_1200x675_12052022153444.jpg?fit=1200%2C675&ssl=1&resize=350%2C200 1x, https:\/\/i0.wp.com\/noticiasribeiraopreto.com.br\/wp-content\/uploads\/2024\/02\/1709051693_joao_rock_1200x675_12052022153444.jpg?fit=1200%2C675&ssl=1&resize=525%2C300 1.5x, https:\/\/i0.wp.com\/noticiasribeiraopreto.com.br\/wp-content\/uploads\/2024\/02\/1709051693_joao_rock_1200x675_12052022153444.jpg?fit=1200%2C675&ssl=1&resize=700%2C400 2x, https:\/\/i0.wp.com\/noticiasribeiraopreto.com.br\/wp-content\/uploads\/2024\/02\/1709051693_joao_rock_1200x675_12052022153444.jpg?fit=1200%2C675&ssl=1&resize=1050%2C600 3x"},"classes":[]}],"jetpack_sharing_enabled":true,"jetpack_shortlink":"https:\/\/wp.me\/peQAOb-a9t","_links":{"self":[{"href":"https:\/\/noticiasribeiraopreto.com.br\/index.php\/wp-json\/wp\/v2\/posts\/39027","targetHints":{"allow":["GET"]}}],"collection":[{"href":"https:\/\/noticiasribeiraopreto.com.br\/index.php\/wp-json\/wp\/v2\/posts"}],"about":[{"href":"https:\/\/noticiasribeiraopreto.com.br\/index.php\/wp-json\/wp\/v2\/types\/post"}],"author":[{"embeddable":true,"href":"https:\/\/noticiasribeiraopreto.com.br\/index.php\/wp-json\/wp\/v2\/users\/1"}],"replies":[{"embeddable":true,"href":"https:\/\/noticiasribeiraopreto.com.br\/index.php\/wp-json\/wp\/v2\/comments?post=39027"}],"version-history":[{"count":0,"href":"https:\/\/noticiasribeiraopreto.com.br\/index.php\/wp-json\/wp\/v2\/posts\/39027\/revisions"}],"wp:featuredmedia":[{"embeddable":true,"href":"https:\/\/noticiasribeiraopreto.com.br\/index.php\/wp-json\/wp\/v2\/media\/39028"}],"wp:attachment":[{"href":"https:\/\/noticiasribeiraopreto.com.br\/index.php\/wp-json\/wp\/v2\/media?parent=39027"}],"wp:term":[{"taxonomy":"category","embeddable":true,"href":"https:\/\/noticiasribeiraopreto.com.br\/index.php\/wp-json\/wp\/v2\/categories?post=39027"},{"taxonomy":"post_tag","embeddable":true,"href":"https:\/\/noticiasribeiraopreto.com.br\/index.php\/wp-json\/wp\/v2\/tags?post=39027"}],"curies":[{"name":"wp","href":"https:\/\/api.w.org\/{rel}","templated":true}]}}