{"id":39029,"date":"2024-02-22T20:19:05","date_gmt":"2024-02-22T23:19:05","guid":{"rendered":"https:\/\/noticiasribeiraopreto.com.br\/index.php\/2024\/02\/22\/shopping-de-ribeirao-recebe-festa-de-musica-eletronica-com-grupo-rooftime-veja-quando\/"},"modified":"2024-02-22T20:19:05","modified_gmt":"2024-02-22T23:19:05","slug":"shopping-de-ribeirao-recebe-festa-de-musica-eletronica-com-grupo-rooftime-veja-quando","status":"publish","type":"post","link":"https:\/\/noticiasribeiraopreto.com.br\/index.php\/2024\/02\/22\/shopping-de-ribeirao-recebe-festa-de-musica-eletronica-com-grupo-rooftime-veja-quando\/","title":{"rendered":"Shopping de Ribeir\u00e3o recebe festa de m\u00fasica eletr\u00f4nica com grupo Rooftime; Veja quando"},"content":{"rendered":"<div class='code-block code-block-1' style='margin: 8px 0 8px auto; text-align: right; display: block; clear: both;'>\n<p><a href=\"https:\/\/wa.link\/vpicfd\"><img data-recalc-dims=\"1\" class=\"wp-image-4922\" style=\"aspect-ratio: 2.0253164556962027; width: 561px; height: auto;\" src=\"https:\/\/i0.wp.com\/ismaelcolosi.com.br\/wp-content\/uploads\/2023\/11\/grupo-de-empregos-whatsapp-e-facebook-ismael-colosi-vagas.jpg?ssl=1\" alt=\"\" \/><\/a><\/p>\n<!-- \/wp:image -->\n<\/div>\n<p> <br \/>\n<\/p>\n<div>\n<p><strong>Ribeir\u00e3o Preto<\/strong> recebe, neste s\u00e1bado (24), o trio de m\u00fasica eletr\u00f4nica <strong>Rooftime<\/strong>, que se apresenta pela primeira vez na festa <strong>Clubinho Sunset<\/strong>, \u00e0s 15h, no shopping <strong>Iguatemi<\/strong>, zona Sul do munic\u00edpio. <\/p>\n<p><mark style=\"background-color:#fcb900\" class=\"has-inline-color\">Os ingressos para a festa ainda est\u00e3o dispon\u00edveis e podem ser adquiridos de forma on-line (<a href=\"https:\/\/duoticket.com.br\/evento\/3053\/Clubinho-Sunset\" target=\"_blank\" rel=\"noreferrer noopener\">clique aqui<\/a>).<\/mark> Essa \u00e9 a primeira vez que o empreendimento recebe um evento com essa tem\u00e1tica, no setor <strong>Open Mall<\/strong> \u2013 espa\u00e7o de conviv\u00eancia que recebe diversas atividades e eventos durante o ano.<\/p>\n<p>Conhecidos no mundo da m\u00fasica eletr\u00f4nica desde 2018, o trio formado por <strong>Lisandro Carvalho<\/strong>, <strong>Gabriel Souza<\/strong> e <strong>Rodrigo Souza<\/strong>, possui m\u00fasicas com grandes nomes do cen\u00e1rio nacional, como <strong>Vintage Culture<\/strong>, <strong>Alok <\/strong>e <strong>Dubdogz<\/strong>.<\/p>\n<p>Entre seus hits est\u00e3o <strong>\u201cI Will Find<\/strong>\u201d, \u201c<strong>Free My Mind<\/strong>\u201d e \u201c<strong>Don\u2019t Let it Go<\/strong>\u201d. Al\u00e9m disso, o grupo tamb\u00e9m j\u00e1 se apresentou em grandes festivais nacionais, como o <strong>Lollapalooza<\/strong>.<\/p>\n<h4 class=\"wp-block-heading\"><strong>Pre\u00e7os e line-up<\/strong><\/h4>\n<p>Os ingressos para o evento est\u00e3o sendo vendidos de forma on-line (<a href=\"https:\/\/duoticket.com.br\/evento\/3053\/Clubinho-Sunset\" target=\"_blank\" rel=\"noreferrer noopener\">clique aqui<\/a>) e variam entre <strong>R$ 100 (feminino) <\/strong>e <strong>R$ 125 (masculino)<\/strong>. <mark style=\"background-color:#fcb900\" class=\"has-inline-color\">Vale lembrar que o valor poder\u00e1 ser alterado devido \u00e0 virada de lote.<\/mark><\/p>\n<p>Al\u00e9m do trio, o evento tamb\u00e9m contar\u00e1 com a apresenta\u00e7\u00e3o dos Djs Nathalia Borges, Ricardo Pazos, Larissa Gallo, Thiago Alvez, Be Biagi e Bruno Provinzano.<\/p>\n<h4 class=\"wp-block-heading\"><strong>Servi\u00e7o<\/strong><\/h4>\n<p><em>Clubinho Sunset<\/em><\/p>\n<p>Quando: 24 de fevereiro, s\u00e1bado<\/p>\n<p>Hor\u00e1rio: a partir das 15h<\/p>\n<p>Local: Shopping Iguatemi Ribeir\u00e3o Preto \u2013 avenida Luiz Eduardo Toledo Prado, 900 \u2013 Vila do Golfe<\/p>\n<p>Ingressos: a partir de R$ 100 \u2013 <a href=\"https:\/\/duoticket.com.br\/evento\/3053\/Clubinho-Sunset\" target=\"_blank\" rel=\"noreferrer noopener\">clique aqui para adquirir<\/a><\/p>\n<p><iframe loading=\"lazy\" title=\"Don&#039;t Let it go\" width=\"500\" height=\"375\" src=\"https:\/\/www.youtube.com\/embed\/sY6JhXM9ef0?feature=oembed\" frameborder=\"0\" allow=\"accelerometer; autoplay; clipboard-write; encrypted-media; gyroscope; picture-in-picture; web-share\" referrerpolicy=\"strict-origin-when-cross-origin\" allowfullscreen><\/iframe><\/p>\n<hr class=\"wp-block-separator has-alpha-channel-opacity\"\/>\n<p>SAIBA MAIS<\/p>\n<p>Ribeir\u00e3o recebe evento que re\u00fane m\u00fasica ao vivo em sala de cinema; Veja quando<\/p>\n<h4 class=\"wp-block-heading\"><strong><mark style=\"background-color:#fcb900\" class=\"has-inline-color\">FIQUE ON<\/mark><\/strong><\/h4>\n<p>Fique ligado em tudo que acontece em Ribeir\u00e3o Preto e regi\u00e3o. Siga os perfis do\u00a0<strong>acidade on<\/strong>\u00a0no\u00a0<a href=\"https:\/\/www.instagram.com\/acidadeonribeirao\" target=\"_blank\" rel=\"noreferrer noopener\">Instagram\u00a0<\/a>e no\u00a0<a href=\"https:\/\/www.facebook.com\/acidadeonribeirao\" target=\"_blank\" rel=\"noreferrer noopener\">Facebook<\/a>.<\/p>\n<p>Receba not\u00edcias do\u00a0<strong>acidade on<\/strong>\u00a0no WhatsApp.\u00a0<a href=\"https:\/\/chat.whatsapp.com\/Bnv2w66ZT4VDyZW3oiZ69n\" target=\"_blank\" rel=\"noreferrer noopener\">Para entrar no grupo, basta clicar aqui.<\/a><\/p>\n<p>Fa\u00e7a uma den\u00fancia ou sugira uma reportagem sobre Ribeir\u00e3o Preto e regi\u00e3o pelo WhatsApp: 16 99117 7802.<\/p>\n<p>VEJA TAMB\u00c9M<\/p>\n<p>\u201cCheias de Charme\u201d: confira os atores que j\u00e1 morreram<\/p>\n<p><!-- AI CONTENT END 1 -->\n<\/div>\n<p><script async src=\"\/\/www.instagram.com\/embed.js\"><\/script><br \/>\n<br \/><br \/>\n<br \/><a href=\"https:\/\/www.acidadeon.com\/ribeiraopreto\/lazer-e-cultura\/shopping-de-ribeirao-recebe-festa-de-musica-eletronica-com-grupo-rooftime-veja-quando\/\">Source link <\/a><\/p>\n<!-- CONTENT END 1 -->\n","protected":false},"excerpt":{"rendered":"<p>Ribeir\u00e3o Preto recebe, neste s\u00e1bado (24), o trio de m\u00fasica eletr\u00f4nica Rooftime, que se apresenta pela primeira vez na festa Clubinho Sunset, \u00e0s 15h, no&#8230;<\/p>\n","protected":false},"author":1,"featured_media":39030,"comment_status":"open","ping_status":"open","sticky":false,"template":"","format":"standard","meta":{"advanced_seo_description":"","jetpack_seo_html_title":"","jetpack_seo_noindex":false,"jetpack_post_was_ever_published":false,"_jetpack_newsletter_access":"","_jetpack_dont_email_post_to_subs":false,"_jetpack_newsletter_tier_id":0,"_jetpack_memberships_contains_paywalled_content":false,"_jetpack_memberships_contains_paid_content":false,"footnotes":"","jetpack_publicize_message":"","jetpack_publicize_feature_enabled":true,"jetpack_social_post_already_shared":true,"jetpack_social_options":{"image_generator_settings":{"template":"highway","default_image_id":0,"font":"","enabled":false},"version":2}},"categories":[11],"tags":[],"class_list":["post-39029","post","type-post","status-publish","format-standard","has-post-thumbnail","hentry","category-noticias-de-ribeirao-preto-sp-e-regiao-ismael-colosi"],"jetpack_publicize_connections":[],"jetpack_featured_media_url":"https:\/\/i0.wp.com\/noticiasribeiraopreto.com.br\/wp-content\/uploads\/2024\/02\/rooftime-entrevista-vibez-indica-1.jpg?fit=1882%2C1024&ssl=1","jetpack-related-posts":[{"id":5260,"url":"https:\/\/noticiasribeiraopreto.com.br\/index.php\/2023\/11\/23\/ribeirao-preto-recebe-festival-de-musica-eletronica-com-dj-marta-supernova\/","url_meta":{"origin":39029,"position":0},"title":"Ribeir\u00e3o Preto recebe festival de m\u00fasica eletr\u00f4nica com DJ Marta Supernova \u00a0","author":"noticiasribeiraopreto.com.br","date":"23 de November de 2023","format":false,"excerpt":"A segunda edi\u00e7\u00e3o do \u2018Supernova\u2019, evento de m\u00fasica eletr\u00f4nica, acontece nesta sexta (24), a partir das 21h, no MuseuLab, localizado no Jardim Sumar\u00e9, zona Sul de Ribeir\u00e3o Preto. \u00a0 O evento \u00e9 realizado pelo Pantera Sessions e traz diferentes estilos de m\u00fasica eletr\u00f4nica autoral.\u00a0\u00a0 Atra\u00e7\u00f5es\u00a0 A segunda edi\u00e7\u00e3o traz a\u2026","rel":"","context":"In &quot;Not\u00edcias de Ribeir\u00e3o Preto-SP e Regi\u00e3o&quot;","block_context":{"text":"Not\u00edcias de Ribeir\u00e3o Preto-SP e Regi\u00e3o","link":"https:\/\/noticiasribeiraopreto.com.br\/index.php\/category\/noticias-de-ribeirao-preto-sp-e-regiao-ismael-colosi\/"},"img":{"alt_text":"","src":"https:\/\/i0.wp.com\/noticiasribeiraopreto.com.br\/wp-content\/uploads\/2023\/11\/WhatsApp-Image-2023-11-23-at-08.24.56.jpeg?fit=1200%2C801&ssl=1&resize=350%2C200","width":350,"height":200,"srcset":"https:\/\/i0.wp.com\/noticiasribeiraopreto.com.br\/wp-content\/uploads\/2023\/11\/WhatsApp-Image-2023-11-23-at-08.24.56.jpeg?fit=1200%2C801&ssl=1&resize=350%2C200 1x, https:\/\/i0.wp.com\/noticiasribeiraopreto.com.br\/wp-content\/uploads\/2023\/11\/WhatsApp-Image-2023-11-23-at-08.24.56.jpeg?fit=1200%2C801&ssl=1&resize=525%2C300 1.5x, https:\/\/i0.wp.com\/noticiasribeiraopreto.com.br\/wp-content\/uploads\/2023\/11\/WhatsApp-Image-2023-11-23-at-08.24.56.jpeg?fit=1200%2C801&ssl=1&resize=700%2C400 2x, https:\/\/i0.wp.com\/noticiasribeiraopreto.com.br\/wp-content\/uploads\/2023\/11\/WhatsApp-Image-2023-11-23-at-08.24.56.jpeg?fit=1200%2C801&ssl=1&resize=1050%2C600 3x"},"classes":[]},{"id":56668,"url":"https:\/\/noticiasribeiraopreto.com.br\/index.php\/2024\/08\/15\/ribeirao-recebe-festa-italiana-com-gastronomia-tipica-e-musica-ao-vivo-veja-quando\/","url_meta":{"origin":39029,"position":1},"title":"Ribeir\u00e3o recebe Festa Italiana com gastronomia t\u00edpica e m\u00fasica ao vivo; Veja quando","author":"noticiasribeiraopreto.com.br","date":"15 de August de 2024","format":false,"excerpt":"Ribeir\u00e3o Preto recebe a partir desta sexta-feira (18), a primeira Festa Italiana realizada pela Par\u00f3quia Sant\u2019Anna e S\u00e3o Joaquim. A entrada no evento \u00e9 gratuita e acontece a partir das 19h, no estacionamento do shopping Iguatemi, na zona Sul do munic\u00edpio. De acordo com a organiza\u00e7\u00e3o, a festa contar\u00e1 com\u2026","rel":"","context":"In &quot;Not\u00edcias de Ribeir\u00e3o Preto-SP e Regi\u00e3o&quot;","block_context":{"text":"Not\u00edcias de Ribeir\u00e3o Preto-SP e Regi\u00e3o","link":"https:\/\/noticiasribeiraopreto.com.br\/index.php\/category\/noticias-de-ribeirao-preto-sp-e-regiao-ismael-colosi\/"},"img":{"alt_text":"","src":"https:\/\/i0.wp.com\/noticiasribeiraopreto.com.br\/wp-content\/uploads\/2024\/08\/pasta-3547078_1920.jpg?fit=1200%2C653&ssl=1&resize=350%2C200","width":350,"height":200,"srcset":"https:\/\/i0.wp.com\/noticiasribeiraopreto.com.br\/wp-content\/uploads\/2024\/08\/pasta-3547078_1920.jpg?fit=1200%2C653&ssl=1&resize=350%2C200 1x, https:\/\/i0.wp.com\/noticiasribeiraopreto.com.br\/wp-content\/uploads\/2024\/08\/pasta-3547078_1920.jpg?fit=1200%2C653&ssl=1&resize=525%2C300 1.5x, https:\/\/i0.wp.com\/noticiasribeiraopreto.com.br\/wp-content\/uploads\/2024\/08\/pasta-3547078_1920.jpg?fit=1200%2C653&ssl=1&resize=700%2C400 2x, https:\/\/i0.wp.com\/noticiasribeiraopreto.com.br\/wp-content\/uploads\/2024\/08\/pasta-3547078_1920.jpg?fit=1200%2C653&ssl=1&resize=1050%2C600 3x"},"classes":[]},{"id":74057,"url":"https:\/\/noticiasribeiraopreto.com.br\/index.php\/2025\/07\/15\/centro-de-ribeirao-preto-recebe-festa-julina-com-comidas-tipicas-musica-ao-vivo-e-artesanato\/","url_meta":{"origin":39029,"position":2},"title":"Centro de Ribeir\u00e3o Preto recebe festa julina com comidas t\u00edpicas, m\u00fasica ao vivo e artesanato","author":"noticiasribeiraopreto.com.br","date":"15 de July de 2025","format":false,"excerpt":"Ribeir\u00e3o Preto recebe neste s\u00e1bado (19) a festa \u201cjulina\u201d da Associa\u00e7\u00e3o Projeto Arte Vida (APAV), que acontece na pra\u00e7a Sete de Setembro, no Centro. Veja todas as quermesses de Ribeir\u00e3o Preto e regi\u00e3o no Rota do Arrai\u00e1 (clique aqui). A entrada \u00e9 gratuita e o evento come\u00e7a \u00e0s 9h e\u2026","rel":"","context":"In &quot;Not\u00edcias de Ribeir\u00e3o Preto-SP e Regi\u00e3o&quot;","block_context":{"text":"Not\u00edcias de Ribeir\u00e3o Preto-SP e Regi\u00e3o","link":"https:\/\/noticiasribeiraopreto.com.br\/index.php\/category\/noticias-de-ribeirao-preto-sp-e-regiao-ismael-colosi\/"},"img":{"alt_text":"","src":"https:\/\/i0.wp.com\/noticiasribeiraopreto.com.br\/wp-content\/uploads\/2025\/07\/quermesse_2024-05-07_13-34-01_jpg_2024-05-07_13-34-01.webp.webp?fit=582%2C393&ssl=1&resize=350%2C200","width":350,"height":200,"srcset":"https:\/\/i0.wp.com\/noticiasribeiraopreto.com.br\/wp-content\/uploads\/2025\/07\/quermesse_2024-05-07_13-34-01_jpg_2024-05-07_13-34-01.webp.webp?fit=582%2C393&ssl=1&resize=350%2C200 1x, https:\/\/i0.wp.com\/noticiasribeiraopreto.com.br\/wp-content\/uploads\/2025\/07\/quermesse_2024-05-07_13-34-01_jpg_2024-05-07_13-34-01.webp.webp?fit=582%2C393&ssl=1&resize=525%2C300 1.5x"},"classes":[]},{"id":64687,"url":"https:\/\/noticiasribeiraopreto.com.br\/index.php\/2025\/03\/11\/ribeirao-rodeo-music-e-sinonimo-de-diversidade-musical\/","url_meta":{"origin":39029,"position":3},"title":"Ribeir\u00e3o Rodeo Music \u00e9 sin\u00f4nimo de diversidade musical","author":"noticiasribeiraopreto.com.br","date":"11 de March de 2025","format":false,"excerpt":"A variedade de ritmos e estilos musicais \u00e9 uma das caracter\u00edsticas do Ribeir\u00e3o Rodeo Music. Grandes nomes da m\u00fasica sertaneja dividem o palco com artistas de ritmos variados que v\u00e3o do samba ao pop e m\u00fasica eletr\u00f4nica. \u201cProcuramos sempre ouvir as demandas do p\u00fablico e estamos antenados \u00e0s tend\u00eancias para\u2026","rel":"","context":"In &quot;Not\u00edcias de Ribeir\u00e3o Preto-SP e Regi\u00e3o&quot;","block_context":{"text":"Not\u00edcias de Ribeir\u00e3o Preto-SP e Regi\u00e3o","link":"https:\/\/noticiasribeiraopreto.com.br\/index.php\/category\/noticias-de-ribeirao-preto-sp-e-regiao-ismael-colosi\/"},"img":{"alt_text":"","src":"https:\/\/i0.wp.com\/noticiasribeiraopreto.com.br\/wp-content\/uploads\/2025\/03\/alok_2025-03-11_16-18-26_jpeg_2025-03-11_16-18-27.webp.webp?fit=1200%2C800&ssl=1&resize=350%2C200","width":350,"height":200,"srcset":"https:\/\/i0.wp.com\/noticiasribeiraopreto.com.br\/wp-content\/uploads\/2025\/03\/alok_2025-03-11_16-18-26_jpeg_2025-03-11_16-18-27.webp.webp?fit=1200%2C800&ssl=1&resize=350%2C200 1x, https:\/\/i0.wp.com\/noticiasribeiraopreto.com.br\/wp-content\/uploads\/2025\/03\/alok_2025-03-11_16-18-26_jpeg_2025-03-11_16-18-27.webp.webp?fit=1200%2C800&ssl=1&resize=525%2C300 1.5x, https:\/\/i0.wp.com\/noticiasribeiraopreto.com.br\/wp-content\/uploads\/2025\/03\/alok_2025-03-11_16-18-26_jpeg_2025-03-11_16-18-27.webp.webp?fit=1200%2C800&ssl=1&resize=700%2C400 2x, https:\/\/i0.wp.com\/noticiasribeiraopreto.com.br\/wp-content\/uploads\/2025\/03\/alok_2025-03-11_16-18-26_jpeg_2025-03-11_16-18-27.webp.webp?fit=1200%2C800&ssl=1&resize=1050%2C600 3x"},"classes":[]},{"id":77059,"url":"https:\/\/noticiasribeiraopreto.com.br\/index.php\/2025\/09\/10\/festa-italiana-reune-gastronomia-e-musica-em-ribeirao-preto-veja-quando\/","url_meta":{"origin":39029,"position":4},"title":"Festa Italiana re\u00fane gastronomia e m\u00fasica em Ribeir\u00e3o Preto; veja quando","author":"noticiasribeiraopreto.com.br","date":"10 de September de 2025","format":false,"excerpt":"O Shopping Iguatemi Ribeir\u00e3o Preto recebe nos dias 12, 13 e 14 de setembro a Festa \u00cdtalo-Brasileira, promovida pela Par\u00f3quia Sant\u2019Anna e S\u00e3o Joaquim. O evento, com entrada gratuita, acontece no estacionamento do shopping, pr\u00f3ximo \u00e0 Tok&Stok, e re\u00fane m\u00fasica ao vivo, pratos t\u00edpicos e atividades para crian\u00e7as. Divulga\u00e7\u00e3o Gastronomia\u2026","rel":"","context":"In &quot;Not\u00edcias de Ribeir\u00e3o Preto-SP e Regi\u00e3o&quot;","block_context":{"text":"Not\u00edcias de Ribeir\u00e3o Preto-SP e Regi\u00e3o","link":"https:\/\/noticiasribeiraopreto.com.br\/index.php\/category\/noticias-de-ribeirao-preto-sp-e-regiao-ismael-colosi\/"},"img":{"alt_text":"","src":"https:\/\/i0.wp.com\/noticiasribeiraopreto.com.br\/wp-content\/uploads\/2025\/09\/Copia-de-Copia-de-Copia-de-TAMANHO-EXATO-PARA-FOTOS-NO-SISTEMA-NOVO-2025-09-10T161847.663_2025-09-10_19-19-07.webp.webp?fit=1200%2C675&ssl=1&resize=350%2C200","width":350,"height":200,"srcset":"https:\/\/i0.wp.com\/noticiasribeiraopreto.com.br\/wp-content\/uploads\/2025\/09\/Copia-de-Copia-de-Copia-de-TAMANHO-EXATO-PARA-FOTOS-NO-SISTEMA-NOVO-2025-09-10T161847.663_2025-09-10_19-19-07.webp.webp?fit=1200%2C675&ssl=1&resize=350%2C200 1x, https:\/\/i0.wp.com\/noticiasribeiraopreto.com.br\/wp-content\/uploads\/2025\/09\/Copia-de-Copia-de-Copia-de-TAMANHO-EXATO-PARA-FOTOS-NO-SISTEMA-NOVO-2025-09-10T161847.663_2025-09-10_19-19-07.webp.webp?fit=1200%2C675&ssl=1&resize=525%2C300 1.5x, https:\/\/i0.wp.com\/noticiasribeiraopreto.com.br\/wp-content\/uploads\/2025\/09\/Copia-de-Copia-de-Copia-de-TAMANHO-EXATO-PARA-FOTOS-NO-SISTEMA-NOVO-2025-09-10T161847.663_2025-09-10_19-19-07.webp.webp?fit=1200%2C675&ssl=1&resize=700%2C400 2x, https:\/\/i0.wp.com\/noticiasribeiraopreto.com.br\/wp-content\/uploads\/2025\/09\/Copia-de-Copia-de-Copia-de-TAMANHO-EXATO-PARA-FOTOS-NO-SISTEMA-NOVO-2025-09-10T161847.663_2025-09-10_19-19-07.webp.webp?fit=1200%2C675&ssl=1&resize=1050%2C600 3x"},"classes":[]},{"id":57489,"url":"https:\/\/noticiasribeiraopreto.com.br\/index.php\/2024\/09\/02\/ribeirao-preto-recebe-festa-do-morango-com-entrada-gratuita-e-musica-ao-vivo\/","url_meta":{"origin":39029,"position":5},"title":"Ribeir\u00e3o Preto recebe &#8216;Festa do Morango&#8217; com entrada gratuita e m\u00fasica ao vivo","author":"noticiasribeiraopreto.com.br","date":"2 de September de 2024","format":false,"excerpt":"Ribeir\u00e3o Preto recebe a partir desta quinta-feira (5), a \u201c1\u00aa Festa do Morango\u201d, no estacionamento do Novo Shopping Center, na zona Leste do munic\u00edpio. Com entrada gratuita, o evento acontece at\u00e9 o domingo (8) e re\u00fane v\u00e1rias op\u00e7\u00f5es gastron\u00f4micas, al\u00e9m de diversas atra\u00e7\u00f5es musicais. As mulheres interessadas tamb\u00e9m podem participar\u2026","rel":"","context":"In &quot;Not\u00edcias de Ribeir\u00e3o Preto-SP e Regi\u00e3o&quot;","block_context":{"text":"Not\u00edcias de Ribeir\u00e3o Preto-SP e Regi\u00e3o","link":"https:\/\/noticiasribeiraopreto.com.br\/index.php\/category\/noticias-de-ribeirao-preto-sp-e-regiao-ismael-colosi\/"},"img":{"alt_text":"","src":"https:\/\/i0.wp.com\/noticiasribeiraopreto.com.br\/wp-content\/uploads\/2024\/09\/festa-do-morango-1_2024-09-02_18-53-11_jpeg_2024-09-02_18-53-11.webp.webp?fit=1200%2C675&ssl=1&resize=350%2C200","width":350,"height":200,"srcset":"https:\/\/i0.wp.com\/noticiasribeiraopreto.com.br\/wp-content\/uploads\/2024\/09\/festa-do-morango-1_2024-09-02_18-53-11_jpeg_2024-09-02_18-53-11.webp.webp?fit=1200%2C675&ssl=1&resize=350%2C200 1x, https:\/\/i0.wp.com\/noticiasribeiraopreto.com.br\/wp-content\/uploads\/2024\/09\/festa-do-morango-1_2024-09-02_18-53-11_jpeg_2024-09-02_18-53-11.webp.webp?fit=1200%2C675&ssl=1&resize=525%2C300 1.5x, https:\/\/i0.wp.com\/noticiasribeiraopreto.com.br\/wp-content\/uploads\/2024\/09\/festa-do-morango-1_2024-09-02_18-53-11_jpeg_2024-09-02_18-53-11.webp.webp?fit=1200%2C675&ssl=1&resize=700%2C400 2x, https:\/\/i0.wp.com\/noticiasribeiraopreto.com.br\/wp-content\/uploads\/2024\/09\/festa-do-morango-1_2024-09-02_18-53-11_jpeg_2024-09-02_18-53-11.webp.webp?fit=1200%2C675&ssl=1&resize=1050%2C600 3x"},"classes":[]}],"jetpack_sharing_enabled":true,"jetpack_shortlink":"https:\/\/wp.me\/peQAOb-a9v","_links":{"self":[{"href":"https:\/\/noticiasribeiraopreto.com.br\/index.php\/wp-json\/wp\/v2\/posts\/39029","targetHints":{"allow":["GET"]}}],"collection":[{"href":"https:\/\/noticiasribeiraopreto.com.br\/index.php\/wp-json\/wp\/v2\/posts"}],"about":[{"href":"https:\/\/noticiasribeiraopreto.com.br\/index.php\/wp-json\/wp\/v2\/types\/post"}],"author":[{"embeddable":true,"href":"https:\/\/noticiasribeiraopreto.com.br\/index.php\/wp-json\/wp\/v2\/users\/1"}],"replies":[{"embeddable":true,"href":"https:\/\/noticiasribeiraopreto.com.br\/index.php\/wp-json\/wp\/v2\/comments?post=39029"}],"version-history":[{"count":0,"href":"https:\/\/noticiasribeiraopreto.com.br\/index.php\/wp-json\/wp\/v2\/posts\/39029\/revisions"}],"wp:featuredmedia":[{"embeddable":true,"href":"https:\/\/noticiasribeiraopreto.com.br\/index.php\/wp-json\/wp\/v2\/media\/39030"}],"wp:attachment":[{"href":"https:\/\/noticiasribeiraopreto.com.br\/index.php\/wp-json\/wp\/v2\/media?parent=39029"}],"wp:term":[{"taxonomy":"category","embeddable":true,"href":"https:\/\/noticiasribeiraopreto.com.br\/index.php\/wp-json\/wp\/v2\/categories?post=39029"},{"taxonomy":"post_tag","embeddable":true,"href":"https:\/\/noticiasribeiraopreto.com.br\/index.php\/wp-json\/wp\/v2\/tags?post=39029"}],"curies":[{"name":"wp","href":"https:\/\/api.w.org\/{rel}","templated":true}]}}