{"id":39091,"date":"2024-02-23T12:01:33","date_gmt":"2024-02-23T15:01:33","guid":{"rendered":"https:\/\/noticiasribeiraopreto.com.br\/index.php\/2024\/02\/23\/tres-bairros-de-ribeirao-preto-podem-ficar-sem-agua-nesta-sexta-veja-os-locais\/"},"modified":"2024-02-23T12:01:33","modified_gmt":"2024-02-23T15:01:33","slug":"tres-bairros-de-ribeirao-preto-podem-ficar-sem-agua-nesta-sexta-veja-os-locais","status":"publish","type":"post","link":"https:\/\/noticiasribeiraopreto.com.br\/index.php\/2024\/02\/23\/tres-bairros-de-ribeirao-preto-podem-ficar-sem-agua-nesta-sexta-veja-os-locais\/","title":{"rendered":"Tr\u00eas bairros de Ribeir\u00e3o Preto podem ficar sem \u00e1gua nesta sexta; Veja os locais"},"content":{"rendered":"<div class='code-block code-block-1' style='margin: 8px 0 8px auto; text-align: right; display: block; clear: both;'>\n<p><a href=\"https:\/\/wa.link\/vpicfd\"><img data-recalc-dims=\"1\" class=\"wp-image-4922\" style=\"aspect-ratio: 2.0253164556962027; width: 561px; height: auto;\" src=\"https:\/\/i0.wp.com\/ismaelcolosi.com.br\/wp-content\/uploads\/2023\/11\/grupo-de-empregos-whatsapp-e-facebook-ismael-colosi-vagas.jpg?ssl=1\" alt=\"\" \/><\/a><\/p>\n<!-- \/wp:image -->\n<\/div>\n<p> <br \/>\n<\/p>\n<div data-td-block-uid=\"tdi_102\">\n<div class=\"tdb-block-inner td-fix-index\">\n<p>Nesta<strong> sexta-feira (23)<\/strong>, a<strong> Saerp (<a href=\"https:\/\/www.ribeiraopreto.sp.gov.br\/portal\/saerp\/\" target=\"_blank\" rel=\"noreferrer noopener\">Secretaria de \u00c1gua e Esgoto de Ribeir\u00e3o Preto<\/a>) <\/strong>emitiu um <strong>alerta<\/strong> para <strong>poss\u00edvel falta d\u2019\u00e1gua em tr\u00eas bairros e regi\u00f5es pr\u00f3ximas, na zona Norte de Ribeir\u00e3o Preto<\/strong>.<\/p>\n<p>Em nota, a <strong>Saerp<\/strong> informou que realiza a substitui\u00e7\u00e3o de uma bomba do po\u00e7o Top\u00e1zio, com o objetivo de <strong>aperfei\u00e7oar a distribui\u00e7\u00e3o de \u00e1gua na regi\u00e3o<\/strong>.<\/p>\n<p>Por isso, existe a chance de ocasionar falta d\u2019\u00e1gua nos seguintes bairros: <\/p>\n<ul>\n<li><strong>Vila Mariana, Campos El\u00edseos, Jardim Independ\u00eancia e regi\u00f5es<\/strong>.<\/li>\n<\/ul>\n<p>A<strong> previs\u00e3o de conclus\u00e3o dos trabalhos \u00e9 ainda nesta sexta-feira, \u00e0s 19h<\/strong>. Ap\u00f3s a finaliza\u00e7\u00e3o, o sistema ser\u00e1 religado e o abastecimento voltar\u00e1 de forma gradativa.<\/p>\n<h4 class=\"wp-block-heading\"><strong>O que fazer?<\/strong><\/h4>\n<p>Caso o seu bairro apresente falhas no abastecimento, entre em contato com a <strong>Saerp<\/strong> pelo telefone 0800 115 0115 ou procure por um posto de atendimento (<a href=\"https:\/\/www.ribeiraopreto.sp.gov.br\/portal\/saerp\/postos-de-atendimento\" target=\"_blank\" rel=\"noreferrer noopener\">clique aqui<\/a>). <\/p>\n<p>SAIBA MAIS<br \/>Duas pessoas ficam feridas em ataque de abelhas em Ribeir\u00e3o Preto<\/p>\n<h4 class=\"wp-block-heading\"><strong>FIQUE ON<\/strong><\/h4>\n<p>Fique ligado em tudo que acontece em Ribeir\u00e3o Preto e regi\u00e3o. Siga os perfis do <strong>acidade on <\/strong>no <a href=\"https:\/\/www.instagram.com\/acidadeonribeirao\" target=\"_blank\" rel=\"noreferrer noopener\">Instagram<\/a> e no<a href=\"https:\/\/www.facebook.com\/acidadeonribeirao\" target=\"_blank\" rel=\"noreferrer noopener\"> Facebook<\/a>.<\/p>\n<p>Receba not\u00edcias do <strong>acidade on<\/strong> no WhatsApp. Para entrar no grupo, basta <a href=\"https:\/\/chat.whatsapp.com\/Bnv2w66ZT4VDyZW3oiZ69n\" target=\"_blank\" rel=\"noreferrer noopener\">clicar aqui<\/a>.<\/p>\n<p>Fa\u00e7a uma den\u00fancia ou sugira uma reportagem sobre Ribeir\u00e3o Preto e regi\u00e3o pelo WhatsApp: 16 99117 7802.<\/p>\n<p>VEJA TAMB\u00c9M<br \/>Qual \u00e9 o Poder Coringa da semana no BBB 24?<\/p>\n<p><!-- AI CONTENT END 1 -->\n<\/div>\n<\/div>\n<p><script async src=\"\/\/www.instagram.com\/embed.js\"><\/script><br \/>\n<br \/><br \/>\n<br \/><a href=\"https:\/\/www.acidadeon.com\/ribeiraopreto\/cotidiano\/tres-bairros-de-ribeirao-preto-podem-ficar-sem-agua-nesta-sexta-veja-os-locais\/\">Source link <\/a><\/p>\n<!-- CONTENT END 1 -->\n","protected":false},"excerpt":{"rendered":"<p>Nesta sexta-feira (23), a Saerp (Secretaria de \u00c1gua e Esgoto de Ribeir\u00e3o Preto) emitiu um alerta para poss\u00edvel falta d\u2019\u00e1gua em tr\u00eas bairros e regi\u00f5es&#8230;<\/p>\n","protected":false},"author":1,"featured_media":39092,"comment_status":"open","ping_status":"open","sticky":false,"template":"","format":"standard","meta":{"advanced_seo_description":"","jetpack_seo_html_title":"","jetpack_seo_noindex":false,"jetpack_post_was_ever_published":false,"_jetpack_newsletter_access":"","_jetpack_dont_email_post_to_subs":false,"_jetpack_newsletter_tier_id":0,"_jetpack_memberships_contains_paywalled_content":false,"_jetpack_memberships_contains_paid_content":false,"footnotes":"","jetpack_publicize_message":"","jetpack_publicize_feature_enabled":true,"jetpack_social_post_already_shared":true,"jetpack_social_options":{"image_generator_settings":{"template":"highway","default_image_id":0,"font":"","enabled":false},"version":2}},"categories":[11],"tags":[],"class_list":["post-39091","post","type-post","status-publish","format-standard","has-post-thumbnail","hentry","category-noticias-de-ribeirao-preto-sp-e-regiao-ismael-colosi"],"jetpack_publicize_connections":[],"jetpack_featured_media_url":"https:\/\/i0.wp.com\/noticiasribeiraopreto.com.br\/wp-content\/uploads\/2024\/02\/falta_de_agua.jpg?fit=867%2C478&ssl=1","jetpack-related-posts":[{"id":62787,"url":"https:\/\/noticiasribeiraopreto.com.br\/index.php\/2025\/01\/24\/saerp-alerta-para-falta-dagua-em-bairros-de-ribeirao-preto-veja-locais\/","url_meta":{"origin":39091,"position":0},"title":"Saerp alerta para falta d\u2019\u00e1gua em bairros de Ribeir\u00e3o Preto; Veja locais","author":"noticiasribeiraopreto.com.br","date":"24 de January de 2025","format":false,"excerpt":"A Saerp (Secretaria de \u00c1gua e Esgoto de Ribeir\u00e3o Preto) informou nesta sexta-feira (24) que tr\u00eas bairros nas regi\u00f5es Norte e Oeste da cidade podem ficar sem \u00e1gua. De acordo com a secretaria, uma equipe realiza a troca de bomba submersa no po\u00e7o P\u00f4mpolo, o que pode causar falta d\u2019\u00e1gua\u2026","rel":"","context":"In &quot;Not\u00edcias de Ribeir\u00e3o Preto-SP e Regi\u00e3o&quot;","block_context":{"text":"Not\u00edcias de Ribeir\u00e3o Preto-SP e Regi\u00e3o","link":"https:\/\/noticiasribeiraopreto.com.br\/index.php\/category\/noticias-de-ribeirao-preto-sp-e-regiao-ismael-colosi\/"},"img":{"alt_text":"","src":"https:\/\/i0.wp.com\/noticiasribeiraopreto.com.br\/wp-content\/uploads\/2024\/07\/torneira-agua_2024-07-22_12-45-42_jpg_2024-07-22_12-45-42.webp.webp?fit=1170%2C700&ssl=1&resize=350%2C200","width":350,"height":200,"srcset":"https:\/\/i0.wp.com\/noticiasribeiraopreto.com.br\/wp-content\/uploads\/2024\/07\/torneira-agua_2024-07-22_12-45-42_jpg_2024-07-22_12-45-42.webp.webp?fit=1170%2C700&ssl=1&resize=350%2C200 1x, https:\/\/i0.wp.com\/noticiasribeiraopreto.com.br\/wp-content\/uploads\/2024\/07\/torneira-agua_2024-07-22_12-45-42_jpg_2024-07-22_12-45-42.webp.webp?fit=1170%2C700&ssl=1&resize=525%2C300 1.5x, https:\/\/i0.wp.com\/noticiasribeiraopreto.com.br\/wp-content\/uploads\/2024\/07\/torneira-agua_2024-07-22_12-45-42_jpg_2024-07-22_12-45-42.webp.webp?fit=1170%2C700&ssl=1&resize=700%2C400 2x, https:\/\/i0.wp.com\/noticiasribeiraopreto.com.br\/wp-content\/uploads\/2024\/07\/torneira-agua_2024-07-22_12-45-42_jpg_2024-07-22_12-45-42.webp.webp?fit=1170%2C700&ssl=1&resize=1050%2C600 3x"},"classes":[]},{"id":40990,"url":"https:\/\/noticiasribeiraopreto.com.br\/index.php\/2024\/03\/06\/tres-bairros-podem-ficar-sem-agua-nesta-quarta-feira-em-ribeirao-preto-veja-os-locais\/","url_meta":{"origin":39091,"position":1},"title":"Tr\u00eas bairros podem ficar sem \u00e1gua nesta quarta-feira em Ribeir\u00e3o Preto; Veja os locais","author":"noticiasribeiraopreto.com.br","date":"6 de March de 2024","format":false,"excerpt":"A Saerp (Secretaria de \u00c1gua e Esgoto de Ribeir\u00e3o Preto) informou nesta\u00a0quarta-feira (6)\u00a0um\u00a0alerta\u00a0para\u00a0poss\u00edvel falta d\u2019\u00e1gua em tr\u00eas bairros e regi\u00f5es pr\u00f3ximas da zona Leste de Ribeir\u00e3o Preto. De acordo com a secretaria, est\u00e1 sendo realizada a substitui\u00e7\u00e3o de uma bomba do po\u00e7o Flamboyans, com o objetivo de\u00a0aperfei\u00e7oar a distribui\u00e7\u00e3o de\u2026","rel":"","context":"In &quot;Not\u00edcias de Ribeir\u00e3o Preto-SP e Regi\u00e3o&quot;","block_context":{"text":"Not\u00edcias de Ribeir\u00e3o Preto-SP e Regi\u00e3o","link":"https:\/\/noticiasribeiraopreto.com.br\/index.php\/category\/noticias-de-ribeirao-preto-sp-e-regiao-ismael-colosi\/"},"img":{"alt_text":"","src":"https:\/\/i0.wp.com\/noticiasribeiraopreto.com.br\/wp-content\/uploads\/2024\/03\/water-tap-7055543_1280-2.jpg?fit=1200%2C884&ssl=1&resize=350%2C200","width":350,"height":200,"srcset":"https:\/\/i0.wp.com\/noticiasribeiraopreto.com.br\/wp-content\/uploads\/2024\/03\/water-tap-7055543_1280-2.jpg?fit=1200%2C884&ssl=1&resize=350%2C200 1x, https:\/\/i0.wp.com\/noticiasribeiraopreto.com.br\/wp-content\/uploads\/2024\/03\/water-tap-7055543_1280-2.jpg?fit=1200%2C884&ssl=1&resize=525%2C300 1.5x, https:\/\/i0.wp.com\/noticiasribeiraopreto.com.br\/wp-content\/uploads\/2024\/03\/water-tap-7055543_1280-2.jpg?fit=1200%2C884&ssl=1&resize=700%2C400 2x, https:\/\/i0.wp.com\/noticiasribeiraopreto.com.br\/wp-content\/uploads\/2024\/03\/water-tap-7055543_1280-2.jpg?fit=1200%2C884&ssl=1&resize=1050%2C600 3x"},"classes":[]},{"id":58433,"url":"https:\/\/noticiasribeiraopreto.com.br\/index.php\/2024\/09\/27\/veja-os-bairros-em-alerta-para-falta-dagua-nesta-sexta-em-ribeirao-preto\/","url_meta":{"origin":39091,"position":2},"title":"Veja os bairros em alerta para falta d\u2019\u00e1gua nesta sexta em Ribeir\u00e3o Preto","author":"noticiasribeiraopreto.com.br","date":"27 de September de 2024","format":false,"excerpt":"A Saerp (Secretaria de \u00c1gua e Esgoto de Ribeir\u00e3o Preto) informou que realiza nesta sexta-feira (27) a troca emergencial da bomba no Po\u00e7o Cadacaan, o que pode causar faltar d\u2019\u00e1gua em bairros das regi\u00f5es Leste e Norte da cidade. Veja os bairros em alerta: Parte dos Campos El\u00edseos Ainda conforme\u2026","rel":"","context":"In &quot;Not\u00edcias de Ribeir\u00e3o Preto-SP e Regi\u00e3o&quot;","block_context":{"text":"Not\u00edcias de Ribeir\u00e3o Preto-SP e Regi\u00e3o","link":"https:\/\/noticiasribeiraopreto.com.br\/index.php\/category\/noticias-de-ribeirao-preto-sp-e-regiao-ismael-colosi\/"},"img":{"alt_text":"","src":"https:\/\/i0.wp.com\/noticiasribeiraopreto.com.br\/wp-content\/uploads\/2024\/09\/1727439863_torneira_falta_1024x576_08122020103237.jpg?fit=1024%2C576&ssl=1&resize=350%2C200","width":350,"height":200,"srcset":"https:\/\/i0.wp.com\/noticiasribeiraopreto.com.br\/wp-content\/uploads\/2024\/09\/1727439863_torneira_falta_1024x576_08122020103237.jpg?fit=1024%2C576&ssl=1&resize=350%2C200 1x, https:\/\/i0.wp.com\/noticiasribeiraopreto.com.br\/wp-content\/uploads\/2024\/09\/1727439863_torneira_falta_1024x576_08122020103237.jpg?fit=1024%2C576&ssl=1&resize=525%2C300 1.5x, https:\/\/i0.wp.com\/noticiasribeiraopreto.com.br\/wp-content\/uploads\/2024\/09\/1727439863_torneira_falta_1024x576_08122020103237.jpg?fit=1024%2C576&ssl=1&resize=700%2C400 2x"},"classes":[]},{"id":58437,"url":"https:\/\/noticiasribeiraopreto.com.br\/index.php\/2024\/09\/27\/veja-os-bairros-em-alerta-para-falta-dagua-nesta-sexta-em-ribeirao-preto-2\/","url_meta":{"origin":39091,"position":3},"title":"Veja os bairros em alerta para falta d\u2019\u00e1gua nesta sexta em Ribeir\u00e3o Preto","author":"noticiasribeiraopreto.com.br","date":"27 de September de 2024","format":false,"excerpt":"A Saerp (Secretaria de \u00c1gua e Esgoto de Ribeir\u00e3o Preto) informou que realiza nesta sexta-feira (27) a troca emergencial da bomba no Po\u00e7o Cadacaan, o que pode causar faltar d\u2019\u00e1gua em bairros das regi\u00f5es Leste e Norte da cidade. Veja os bairros em alerta: Parte dos Campos El\u00edseos Ainda conforme\u2026","rel":"","context":"In &quot;Not\u00edcias de Ribeir\u00e3o Preto-SP e Regi\u00e3o&quot;","block_context":{"text":"Not\u00edcias de Ribeir\u00e3o Preto-SP e Regi\u00e3o","link":"https:\/\/noticiasribeiraopreto.com.br\/index.php\/category\/noticias-de-ribeirao-preto-sp-e-regiao-ismael-colosi\/"},"img":{"alt_text":"","src":"https:\/\/i0.wp.com\/noticiasribeiraopreto.com.br\/wp-content\/uploads\/2024\/09\/1727442478_torneira_falta_1024x576_08122020103237.jpg?fit=1024%2C576&ssl=1&resize=350%2C200","width":350,"height":200,"srcset":"https:\/\/i0.wp.com\/noticiasribeiraopreto.com.br\/wp-content\/uploads\/2024\/09\/1727442478_torneira_falta_1024x576_08122020103237.jpg?fit=1024%2C576&ssl=1&resize=350%2C200 1x, https:\/\/i0.wp.com\/noticiasribeiraopreto.com.br\/wp-content\/uploads\/2024\/09\/1727442478_torneira_falta_1024x576_08122020103237.jpg?fit=1024%2C576&ssl=1&resize=525%2C300 1.5x, https:\/\/i0.wp.com\/noticiasribeiraopreto.com.br\/wp-content\/uploads\/2024\/09\/1727442478_torneira_falta_1024x576_08122020103237.jpg?fit=1024%2C576&ssl=1&resize=700%2C400 2x"},"classes":[]},{"id":43259,"url":"https:\/\/noticiasribeiraopreto.com.br\/index.php\/2024\/03\/20\/veja-os-bairros-que-podem-ficar-sem-agua-nesta-quarta-feira-em-ribeirao-preto\/","url_meta":{"origin":39091,"position":4},"title":"Veja os bairros que podem ficar sem \u00e1gua nesta quarta-feira em Ribeir\u00e3o Preto","author":"noticiasribeiraopreto.com.br","date":"20 de March de 2024","format":false,"excerpt":"A Saerp (Secretaria de \u00c1gua e Esgoto de Ribeir\u00e3o Preto) publicou nesta\u00a0quarta-feira (20)\u00a0um\u00a0alerta\u00a0para\u00a0poss\u00edvel falta d\u2019\u00e1gua em bairros e condom\u00ednios nas regi\u00f5es Sul e Norte de Ribeir\u00e3o Preto. Segundo a\u00a0Saerp, equipes est\u00e3o substituindo as bombas dos po\u00e7os Aroeira e Jandaia, para\u00a0aperfei\u00e7oar a distribui\u00e7\u00e3o de \u00e1gua na regi\u00e3o. Por isso, existe a\u2026","rel":"","context":"In &quot;Not\u00edcias de Ribeir\u00e3o Preto-SP e Regi\u00e3o&quot;","block_context":{"text":"Not\u00edcias de Ribeir\u00e3o Preto-SP e Regi\u00e3o","link":"https:\/\/noticiasribeiraopreto.com.br\/index.php\/category\/noticias-de-ribeirao-preto-sp-e-regiao-ismael-colosi\/"},"img":{"alt_text":"","src":"https:\/\/i0.wp.com\/noticiasribeiraopreto.com.br\/wp-content\/uploads\/2024\/03\/falta-de-agua-3-1-1.jpg?fit=1200%2C673&ssl=1&resize=350%2C200","width":350,"height":200,"srcset":"https:\/\/i0.wp.com\/noticiasribeiraopreto.com.br\/wp-content\/uploads\/2024\/03\/falta-de-agua-3-1-1.jpg?fit=1200%2C673&ssl=1&resize=350%2C200 1x, https:\/\/i0.wp.com\/noticiasribeiraopreto.com.br\/wp-content\/uploads\/2024\/03\/falta-de-agua-3-1-1.jpg?fit=1200%2C673&ssl=1&resize=525%2C300 1.5x, https:\/\/i0.wp.com\/noticiasribeiraopreto.com.br\/wp-content\/uploads\/2024\/03\/falta-de-agua-3-1-1.jpg?fit=1200%2C673&ssl=1&resize=700%2C400 2x, https:\/\/i0.wp.com\/noticiasribeiraopreto.com.br\/wp-content\/uploads\/2024\/03\/falta-de-agua-3-1-1.jpg?fit=1200%2C673&ssl=1&resize=1050%2C600 3x"},"classes":[]},{"id":62551,"url":"https:\/\/noticiasribeiraopreto.com.br\/index.php\/2025\/01\/17\/saerp-alerta-para-falta-dagua-em-ribeirao-preto-veja-os-bairros-3\/","url_meta":{"origin":39091,"position":5},"title":"Saerp alerta para falta d\u2019\u00e1gua em Ribeir\u00e3o Preto; Veja os bairros","author":"noticiasribeiraopreto.com.br","date":"17 de January de 2025","format":false,"excerpt":"A Saerp (Secretaria de \u00c1gua e Esgoto de Ribeir\u00e3o Preto) publicou nesta sexta-feira (17) um alerta para possibilidade de falta d\u2019\u00e1gua na zona Norte de Ribeir\u00e3o Preto. Segundo a secretaria, equipes est\u00e3o trabalhando na manuten\u00e7\u00e3o de redes na rua Anhembi, com o objetivo de melhorar o abastecimento na regi\u00e3o. Por\u2026","rel":"","context":"In &quot;Not\u00edcias de Ribeir\u00e3o Preto-SP e Regi\u00e3o&quot;","block_context":{"text":"Not\u00edcias de Ribeir\u00e3o Preto-SP e Regi\u00e3o","link":"https:\/\/noticiasribeiraopreto.com.br\/index.php\/category\/noticias-de-ribeirao-preto-sp-e-regiao-ismael-colosi\/"},"img":{"alt_text":"","src":"https:\/\/i0.wp.com\/noticiasribeiraopreto.com.br\/wp-content\/uploads\/2024\/10\/istockphoto-501515701-612x612-1_2024-10-06_20-08-02_jpg_2024-10-06_20-08-02.webp.webp?fit=612%2C408&ssl=1&resize=350%2C200","width":350,"height":200,"srcset":"https:\/\/i0.wp.com\/noticiasribeiraopreto.com.br\/wp-content\/uploads\/2024\/10\/istockphoto-501515701-612x612-1_2024-10-06_20-08-02_jpg_2024-10-06_20-08-02.webp.webp?fit=612%2C408&ssl=1&resize=350%2C200 1x, https:\/\/i0.wp.com\/noticiasribeiraopreto.com.br\/wp-content\/uploads\/2024\/10\/istockphoto-501515701-612x612-1_2024-10-06_20-08-02_jpg_2024-10-06_20-08-02.webp.webp?fit=612%2C408&ssl=1&resize=525%2C300 1.5x"},"classes":[]}],"jetpack_sharing_enabled":true,"jetpack_shortlink":"https:\/\/wp.me\/peQAOb-aav","_links":{"self":[{"href":"https:\/\/noticiasribeiraopreto.com.br\/index.php\/wp-json\/wp\/v2\/posts\/39091","targetHints":{"allow":["GET"]}}],"collection":[{"href":"https:\/\/noticiasribeiraopreto.com.br\/index.php\/wp-json\/wp\/v2\/posts"}],"about":[{"href":"https:\/\/noticiasribeiraopreto.com.br\/index.php\/wp-json\/wp\/v2\/types\/post"}],"author":[{"embeddable":true,"href":"https:\/\/noticiasribeiraopreto.com.br\/index.php\/wp-json\/wp\/v2\/users\/1"}],"replies":[{"embeddable":true,"href":"https:\/\/noticiasribeiraopreto.com.br\/index.php\/wp-json\/wp\/v2\/comments?post=39091"}],"version-history":[{"count":0,"href":"https:\/\/noticiasribeiraopreto.com.br\/index.php\/wp-json\/wp\/v2\/posts\/39091\/revisions"}],"wp:featuredmedia":[{"embeddable":true,"href":"https:\/\/noticiasribeiraopreto.com.br\/index.php\/wp-json\/wp\/v2\/media\/39092"}],"wp:attachment":[{"href":"https:\/\/noticiasribeiraopreto.com.br\/index.php\/wp-json\/wp\/v2\/media?parent=39091"}],"wp:term":[{"taxonomy":"category","embeddable":true,"href":"https:\/\/noticiasribeiraopreto.com.br\/index.php\/wp-json\/wp\/v2\/categories?post=39091"},{"taxonomy":"post_tag","embeddable":true,"href":"https:\/\/noticiasribeiraopreto.com.br\/index.php\/wp-json\/wp\/v2\/tags?post=39091"}],"curies":[{"name":"wp","href":"https:\/\/api.w.org\/{rel}","templated":true}]}}