{"id":39093,"date":"2024-02-23T12:13:35","date_gmt":"2024-02-23T15:13:35","guid":{"rendered":"https:\/\/noticiasribeiraopreto.com.br\/index.php\/2024\/02\/23\/tres-bairros-da-zona-norte-podem-ficar-sem-agua-nesta-sexta\/"},"modified":"2024-02-23T12:13:35","modified_gmt":"2024-02-23T15:13:35","slug":"tres-bairros-da-zona-norte-podem-ficar-sem-agua-nesta-sexta","status":"publish","type":"post","link":"https:\/\/noticiasribeiraopreto.com.br\/index.php\/2024\/02\/23\/tres-bairros-da-zona-norte-podem-ficar-sem-agua-nesta-sexta\/","title":{"rendered":"Tr\u00eas bairros da zona norte podem ficar sem \u00e1gua nesta sexta"},"content":{"rendered":"<div class='code-block code-block-1' style='margin: 8px 0 8px auto; text-align: right; display: block; clear: both;'>\n<p><a href=\"https:\/\/wa.link\/vpicfd\"><img data-recalc-dims=\"1\" class=\"wp-image-4922\" style=\"aspect-ratio: 2.0253164556962027; width: 561px; height: auto;\" src=\"https:\/\/i0.wp.com\/ismaelcolosi.com.br\/wp-content\/uploads\/2023\/11\/grupo-de-empregos-whatsapp-e-facebook-ismael-colosi-vagas.jpg?ssl=1\" alt=\"\" \/><\/a><\/p>\n<!-- \/wp:image -->\n<\/div>\n<p> <br \/>\n<\/p>\n<div id=\"post-374736\">\n<header class=\"entry-header penci-entry-header penci-title-center\">\n<p> <span class=\"entry-meta-item penci-posted-on\"><i class=\"fa fa-clock-o\"\/><time class=\"entry-date published updated\" datetime=\"2024-02-23T12:05:53-03:00\">23 de fevereiro de 2024 | 12:05<\/time><\/span><\/p>\n<p> <span class=\"penci-social-buttons penci-social-share-footer\"><a href=\"#\" class=\"penci-post-like penci_post-meta_item  single-like-button penci-social-item like\" data-post_id=\"374736\" title=\"Like\" data-like=\"Like\" data-unlike=\"Unlike\"><i class=\"fa fa-thumbs-o-up\"\/><span class=\"penci-share-number\">0<\/span><\/a><i class=\"fa fa-facebook\"\/><a class=\"penci-social-item twitter\" target=\"_blank\" rel=\"noopener\" title=\"\" href=\"https:\/\/twitter.com\/intent\/tweet?text=Tr\u00eas%20bairros%20da%20zona%20norte%20podem%20ficar%20sem%20\u00e1gua%20nesta%20sexta%20-%20https:\/\/www.tribunaribeirao.com.br\/site\/tres-bairros-da-zona-norte-podem-ficar-sem-agua-nesta-sexta\/\"><i class=\"fa fa-twitter\"\/><\/a><i class=\"fa fa-whatsapp\"\/><\/span><\/header>\n<div class=\"penci-entry-content entry-content\">\n<p>A Saerp est\u00e1 realizando hoje, 23, a substitui\u00e7\u00e3o da bomba do po\u00e7o Top\u00e1zio, a fim de otimizar a distribui\u00e7\u00e3o de \u00e1gua para parte da regi\u00e3o Norte, podendo gerar intermit\u00eancias nos bairros Vila Mariana, Campos El\u00edseos, Jardim Independ\u00eancia e regi\u00f5es pr\u00f3ximas.<\/p>\n<p>A previs\u00e3o de conclus\u00e3o \u00e9 hoje, \u00e0s 19h. Ap\u00f3s a finaliza\u00e7\u00e3o, o sistema ser\u00e1 religado e o abastecimento voltar\u00e1 de forma gradativa, caso tenha apresentado intermit\u00eancias em algum local.<\/p>\n<\/div>\n<footer class=\"penci-entry-footer\"\/><\/div>\n<p><script async src=\"\/\/platform.twitter.com\/widgets.js\" charset=\"utf-8\"><\/script><br \/>\n<br \/><br \/>\n<br \/><a href=\"https:\/\/www.tribunaribeirao.com.br\/site\/tres-bairros-da-zona-norte-podem-ficar-sem-agua-nesta-sexta\/\">Source link <\/a><\/p>\n<!-- CONTENT END 1 -->\n","protected":false},"excerpt":{"rendered":"<p>23 de fevereiro de 2024 | 12:05 0 A Saerp est\u00e1 realizando hoje, 23, a substitui\u00e7\u00e3o da bomba do po\u00e7o Top\u00e1zio, a fim de otimizar&#8230;<\/p>\n","protected":false},"author":1,"featured_media":39094,"comment_status":"open","ping_status":"open","sticky":false,"template":"","format":"standard","meta":{"advanced_seo_description":"","jetpack_seo_html_title":"","jetpack_seo_noindex":false,"jetpack_post_was_ever_published":false,"_jetpack_newsletter_access":"","_jetpack_dont_email_post_to_subs":false,"_jetpack_newsletter_tier_id":0,"_jetpack_memberships_contains_paywalled_content":false,"_jetpack_memberships_contains_paid_content":false,"footnotes":"","jetpack_publicize_message":"","jetpack_publicize_feature_enabled":true,"jetpack_social_post_already_shared":true,"jetpack_social_options":{"image_generator_settings":{"template":"highway","default_image_id":0,"font":"","enabled":false},"version":2}},"categories":[11],"tags":[32,419,1471,207,397,1214,1025,513,639,340],"class_list":["post-39093","post","type-post","status-publish","format-standard","has-post-thumbnail","hentry","category-noticias-de-ribeirao-preto-sp-e-regiao-ismael-colosi","tag-agua","tag-bairros","tag-ficar","tag-nesta","tag-norte","tag-podem","tag-sem","tag-sexta","tag-tres","tag-zona"],"jetpack_publicize_connections":[],"jetpack_featured_media_url":"https:\/\/i0.wp.com\/noticiasribeiraopreto.com.br\/wp-content\/uploads\/2024\/02\/1708701218_divulgacao_cesan.jpg?fit=600%2C400&ssl=1","jetpack-related-posts":[{"id":39091,"url":"https:\/\/noticiasribeiraopreto.com.br\/index.php\/2024\/02\/23\/tres-bairros-de-ribeirao-preto-podem-ficar-sem-agua-nesta-sexta-veja-os-locais\/","url_meta":{"origin":39093,"position":0},"title":"Tr\u00eas bairros de Ribeir\u00e3o Preto podem ficar sem \u00e1gua nesta sexta; Veja os locais","author":"noticiasribeiraopreto.com.br","date":"23 de February de 2024","format":false,"excerpt":"Nesta sexta-feira (23), a Saerp (Secretaria de \u00c1gua e Esgoto de Ribeir\u00e3o Preto) emitiu um alerta para poss\u00edvel falta d\u2019\u00e1gua em tr\u00eas bairros e regi\u00f5es pr\u00f3ximas, na zona Norte de Ribeir\u00e3o Preto. Em nota, a Saerp informou que realiza a substitui\u00e7\u00e3o de uma bomba do po\u00e7o Top\u00e1zio, com o objetivo\u2026","rel":"","context":"In &quot;Not\u00edcias de Ribeir\u00e3o Preto-SP e Regi\u00e3o&quot;","block_context":{"text":"Not\u00edcias de Ribeir\u00e3o Preto-SP e Regi\u00e3o","link":"https:\/\/noticiasribeiraopreto.com.br\/index.php\/category\/noticias-de-ribeirao-preto-sp-e-regiao-ismael-colosi\/"},"img":{"alt_text":"","src":"https:\/\/i0.wp.com\/noticiasribeiraopreto.com.br\/wp-content\/uploads\/2024\/02\/falta_de_agua.jpg?fit=867%2C478&ssl=1&resize=350%2C200","width":350,"height":200,"srcset":"https:\/\/i0.wp.com\/noticiasribeiraopreto.com.br\/wp-content\/uploads\/2024\/02\/falta_de_agua.jpg?fit=867%2C478&ssl=1&resize=350%2C200 1x, https:\/\/i0.wp.com\/noticiasribeiraopreto.com.br\/wp-content\/uploads\/2024\/02\/falta_de_agua.jpg?fit=867%2C478&ssl=1&resize=525%2C300 1.5x, https:\/\/i0.wp.com\/noticiasribeiraopreto.com.br\/wp-content\/uploads\/2024\/02\/falta_de_agua.jpg?fit=867%2C478&ssl=1&resize=700%2C400 2x"},"classes":[]},{"id":84303,"url":"https:\/\/noticiasribeiraopreto.com.br\/index.php\/2026\/04\/07\/dois-bairros-podem-ficar-sem-agua-na-zona-norte-de-ribeirao-preto-confira\/","url_meta":{"origin":39093,"position":1},"title":"Dois bairros podem ficar sem \u00e1gua na zona Norte de Ribeir\u00e3o Preto; Confira","author":"noticiasribeiraopreto.com.br","date":"7 de April de 2026","format":false,"excerpt":"A\u00a0Saerp (Secretaria de \u00c1gua e Esgoto de Ribeir\u00e3o Preto)\u00a0publicou alerta para o risco de falta d\u2019\u00e1gua nesta ter\u00e7a-feira (7) em dois bairros da zona Norte da cidade. Veja os bairros afetados: Jardim Aeroporto Jardim Salgado Filho e imedia\u00e7\u00f5es A Pasta informou que realiza a troca emergencial da bomba do Po\u00e7o\u2026","rel":"","context":"In &quot;Not\u00edcias de Ribeir\u00e3o Preto-SP e Regi\u00e3o&quot;","block_context":{"text":"Not\u00edcias de Ribeir\u00e3o Preto-SP e Regi\u00e3o","link":"https:\/\/noticiasribeiraopreto.com.br\/index.php\/category\/noticias-de-ribeirao-preto-sp-e-regiao-ismael-colosi\/"},"img":{"alt_text":"","src":"https:\/\/i0.wp.com\/noticiasribeiraopreto.com.br\/wp-content\/uploads\/2026\/04\/TORNEIRA_2025-10-07_16-41-14.webp.webp?fit=1200%2C673&ssl=1&resize=350%2C200","width":350,"height":200,"srcset":"https:\/\/i0.wp.com\/noticiasribeiraopreto.com.br\/wp-content\/uploads\/2026\/04\/TORNEIRA_2025-10-07_16-41-14.webp.webp?fit=1200%2C673&ssl=1&resize=350%2C200 1x, https:\/\/i0.wp.com\/noticiasribeiraopreto.com.br\/wp-content\/uploads\/2026\/04\/TORNEIRA_2025-10-07_16-41-14.webp.webp?fit=1200%2C673&ssl=1&resize=525%2C300 1.5x, https:\/\/i0.wp.com\/noticiasribeiraopreto.com.br\/wp-content\/uploads\/2026\/04\/TORNEIRA_2025-10-07_16-41-14.webp.webp?fit=1200%2C673&ssl=1&resize=700%2C400 2x, https:\/\/i0.wp.com\/noticiasribeiraopreto.com.br\/wp-content\/uploads\/2026\/04\/TORNEIRA_2025-10-07_16-41-14.webp.webp?fit=1200%2C673&ssl=1&resize=1050%2C600 3x"},"classes":[]},{"id":26570,"url":"https:\/\/noticiasribeiraopreto.com.br\/index.php\/2024\/01\/10\/cinco-bairros-da-regiao-norte-de-rp-podem-ficar-sem-agua-nesta-quarta\/","url_meta":{"origin":39093,"position":2},"title":"Cinco bairros da regi\u00e3o norte de RP podem ficar sem \u00e1gua nesta quarta","author":"noticiasribeiraopreto.com.br","date":"10 de January de 2024","format":false,"excerpt":"10 de janeiro de 2024 | 10:27 0A Saerp informa que est\u00e1 realizando hoje, 10, uma obra no sistema de abastecimento da regi\u00e3o Norte, a fim de otimizar a distribui\u00e7\u00e3o de \u00e1gua nos bairros Valentina Figueiredo, Geraldo Correia de Carvalho, Jardim Jandaia, Ant\u00f4nio Marincek, Ipiranga e regi\u00f5es pr\u00f3ximas, podendo ocasionar\u2026","rel":"","context":"In &quot;Not\u00edcias de Ribeir\u00e3o Preto-SP e Regi\u00e3o&quot;","block_context":{"text":"Not\u00edcias de Ribeir\u00e3o Preto-SP e Regi\u00e3o","link":"https:\/\/noticiasribeiraopreto.com.br\/index.php\/category\/noticias-de-ribeirao-preto-sp-e-regiao-ismael-colosi\/"},"img":{"alt_text":"","src":"https:\/\/i0.wp.com\/noticiasribeiraopreto.com.br\/wp-content\/uploads\/2024\/01\/xgua_torneira_saae_sxo_carlos-scaled.jpg?fit=1000%2C563&ssl=1&resize=350%2C200","width":350,"height":200,"srcset":"https:\/\/i0.wp.com\/noticiasribeiraopreto.com.br\/wp-content\/uploads\/2024\/01\/xgua_torneira_saae_sxo_carlos-scaled.jpg?fit=1000%2C563&ssl=1&resize=350%2C200 1x, https:\/\/i0.wp.com\/noticiasribeiraopreto.com.br\/wp-content\/uploads\/2024\/01\/xgua_torneira_saae_sxo_carlos-scaled.jpg?fit=1000%2C563&ssl=1&resize=525%2C300 1.5x, https:\/\/i0.wp.com\/noticiasribeiraopreto.com.br\/wp-content\/uploads\/2024\/01\/xgua_torneira_saae_sxo_carlos-scaled.jpg?fit=1000%2C563&ssl=1&resize=700%2C400 2x"},"classes":[]},{"id":61212,"url":"https:\/\/noticiasribeiraopreto.com.br\/index.php\/2024\/12\/06\/veja-quais-bairros-podem-ficar-sem-agua-nesta-sexta-feira-em-ribeirao-preto\/","url_meta":{"origin":39093,"position":3},"title":"Veja quais bairros podem ficar sem \u00e1gua nesta sexta-feira em Ribeir\u00e3o Preto","author":"noticiasribeiraopreto.com.br","date":"6 de December de 2024","format":false,"excerpt":"A Saerp (Secretaria de \u00c1gua e Esgoto de Ribeir\u00e3o Preto) informou nesta sexta-feira (6) que quatro bairros de Ribeir\u00e3o Preto podem ficar sem \u00e1gua. De acordo com a secretaria, uma equipe realiza uma troca emergencial de bomba submersa no po\u00e7o Cian\u00ea Via Norte, o que pode causar falta d\u2019\u00e1gua nos\u2026","rel":"","context":"In &quot;Not\u00edcias de Ribeir\u00e3o Preto-SP e Regi\u00e3o&quot;","block_context":{"text":"Not\u00edcias de Ribeir\u00e3o Preto-SP e Regi\u00e3o","link":"https:\/\/noticiasribeiraopreto.com.br\/index.php\/category\/noticias-de-ribeirao-preto-sp-e-regiao-ismael-colosi\/"},"img":{"alt_text":"","src":"https:\/\/i0.wp.com\/noticiasribeiraopreto.com.br\/wp-content\/uploads\/2024\/12\/falta-de-agua-3-1024x574-1_2024-06-17_15-45-30_jpg_2024-06-17_15-45-30.webp.webp?fit=1024%2C574&ssl=1&resize=350%2C200","width":350,"height":200,"srcset":"https:\/\/i0.wp.com\/noticiasribeiraopreto.com.br\/wp-content\/uploads\/2024\/12\/falta-de-agua-3-1024x574-1_2024-06-17_15-45-30_jpg_2024-06-17_15-45-30.webp.webp?fit=1024%2C574&ssl=1&resize=350%2C200 1x, https:\/\/i0.wp.com\/noticiasribeiraopreto.com.br\/wp-content\/uploads\/2024\/12\/falta-de-agua-3-1024x574-1_2024-06-17_15-45-30_jpg_2024-06-17_15-45-30.webp.webp?fit=1024%2C574&ssl=1&resize=525%2C300 1.5x, https:\/\/i0.wp.com\/noticiasribeiraopreto.com.br\/wp-content\/uploads\/2024\/12\/falta-de-agua-3-1024x574-1_2024-06-17_15-45-30_jpg_2024-06-17_15-45-30.webp.webp?fit=1024%2C574&ssl=1&resize=700%2C400 2x"},"classes":[]},{"id":53744,"url":"https:\/\/noticiasribeiraopreto.com.br\/index.php\/2024\/06\/24\/bairros-da-zona-norte-de-ribeirao-preto-podem-ficar-sem-agua-veja-locais\/","url_meta":{"origin":39093,"position":4},"title":"Bairros da zona Norte de Ribeir\u00e3o Preto podem ficar sem \u00e1gua; Veja locais","author":"noticiasribeiraopreto.com.br","date":"24 de June de 2024","format":false,"excerpt":"A Saerp (Secretaria de \u00c1gua e Esgoto de Ribeir\u00e3o Preto) informou nesta\u00a0segunda-feira (24)\u00a0um\u00a0alerta\u00a0para\u00a0poss\u00edvel falta d\u2019\u00e1gua em bairros da zona Norte de Ribeir\u00e3o Preto. De acordo com a Saerp, equipes realizam manuten\u00e7\u00e3o no novo reservat\u00f3rio Clubinho, a fim de aperfei\u00e7oar o sistema de abastecimento da zona Norte da cidade. O trabalho\u2026","rel":"","context":"In &quot;Not\u00edcias de Ribeir\u00e3o Preto-SP e Regi\u00e3o&quot;","block_context":{"text":"Not\u00edcias de Ribeir\u00e3o Preto-SP e Regi\u00e3o","link":"https:\/\/noticiasribeiraopreto.com.br\/index.php\/category\/noticias-de-ribeirao-preto-sp-e-regiao-ismael-colosi\/"},"img":{"alt_text":"","src":"https:\/\/i0.wp.com\/noticiasribeiraopreto.com.br\/wp-content\/uploads\/2024\/06\/falta-agua.jpg?fit=1068%2C801&ssl=1&resize=350%2C200","width":350,"height":200,"srcset":"https:\/\/i0.wp.com\/noticiasribeiraopreto.com.br\/wp-content\/uploads\/2024\/06\/falta-agua.jpg?fit=1068%2C801&ssl=1&resize=350%2C200 1x, https:\/\/i0.wp.com\/noticiasribeiraopreto.com.br\/wp-content\/uploads\/2024\/06\/falta-agua.jpg?fit=1068%2C801&ssl=1&resize=525%2C300 1.5x, https:\/\/i0.wp.com\/noticiasribeiraopreto.com.br\/wp-content\/uploads\/2024\/06\/falta-agua.jpg?fit=1068%2C801&ssl=1&resize=700%2C400 2x, https:\/\/i0.wp.com\/noticiasribeiraopreto.com.br\/wp-content\/uploads\/2024\/06\/falta-agua.jpg?fit=1068%2C801&ssl=1&resize=1050%2C600 3x"},"classes":[]},{"id":29690,"url":"https:\/\/noticiasribeiraopreto.com.br\/index.php\/2024\/01\/19\/campos-eliseos-e-mais-tres-bairros-de-ribeirao-podem-ficar-sem-agua-ate-sexta\/","url_meta":{"origin":39093,"position":5},"title":"Campos El\u00edseos e mais tr\u00eas bairros de Ribeir\u00e3o Preto podem ficar sem \u00e1gua","author":"noticiasribeiraopreto.com.br","date":"19 de January de 2024","format":false,"excerpt":"Moradores dos bairros Campos El\u00edseos, Jardim Independ\u00eancia, J\u00f3quei Clube e Jardim Patriarca devem ficar sem abastecimento de \u00e1gua na quinta-feira (18) e na sexta-feira (19). Segundo a Saerp (Secretaria de \u00c1gua e Esgoto de Ribeir\u00e3o Preto) a interrup\u00e7\u00e3o do servi\u00e7o \u00e9 devido a substitui\u00e7\u00e3o da bomba submersa do po\u00e7o Feapam,\u2026","rel":"","context":"In &quot;Not\u00edcias de Ribeir\u00e3o Preto-SP e Regi\u00e3o&quot;","block_context":{"text":"Not\u00edcias de Ribeir\u00e3o Preto-SP e Regi\u00e3o","link":"https:\/\/noticiasribeiraopreto.com.br\/index.php\/category\/noticias-de-ribeirao-preto-sp-e-regiao-ismael-colosi\/"},"img":{"alt_text":"","src":"https:\/\/i0.wp.com\/noticiasribeiraopreto.com.br\/wp-content\/uploads\/2024\/01\/falta-agua.jpg?fit=1068%2C801&ssl=1&resize=350%2C200","width":350,"height":200,"srcset":"https:\/\/i0.wp.com\/noticiasribeiraopreto.com.br\/wp-content\/uploads\/2024\/01\/falta-agua.jpg?fit=1068%2C801&ssl=1&resize=350%2C200 1x, https:\/\/i0.wp.com\/noticiasribeiraopreto.com.br\/wp-content\/uploads\/2024\/01\/falta-agua.jpg?fit=1068%2C801&ssl=1&resize=525%2C300 1.5x, https:\/\/i0.wp.com\/noticiasribeiraopreto.com.br\/wp-content\/uploads\/2024\/01\/falta-agua.jpg?fit=1068%2C801&ssl=1&resize=700%2C400 2x, https:\/\/i0.wp.com\/noticiasribeiraopreto.com.br\/wp-content\/uploads\/2024\/01\/falta-agua.jpg?fit=1068%2C801&ssl=1&resize=1050%2C600 3x"},"classes":[]}],"jetpack_sharing_enabled":true,"jetpack_shortlink":"https:\/\/wp.me\/peQAOb-aax","_links":{"self":[{"href":"https:\/\/noticiasribeiraopreto.com.br\/index.php\/wp-json\/wp\/v2\/posts\/39093","targetHints":{"allow":["GET"]}}],"collection":[{"href":"https:\/\/noticiasribeiraopreto.com.br\/index.php\/wp-json\/wp\/v2\/posts"}],"about":[{"href":"https:\/\/noticiasribeiraopreto.com.br\/index.php\/wp-json\/wp\/v2\/types\/post"}],"author":[{"embeddable":true,"href":"https:\/\/noticiasribeiraopreto.com.br\/index.php\/wp-json\/wp\/v2\/users\/1"}],"replies":[{"embeddable":true,"href":"https:\/\/noticiasribeiraopreto.com.br\/index.php\/wp-json\/wp\/v2\/comments?post=39093"}],"version-history":[{"count":0,"href":"https:\/\/noticiasribeiraopreto.com.br\/index.php\/wp-json\/wp\/v2\/posts\/39093\/revisions"}],"wp:featuredmedia":[{"embeddable":true,"href":"https:\/\/noticiasribeiraopreto.com.br\/index.php\/wp-json\/wp\/v2\/media\/39094"}],"wp:attachment":[{"href":"https:\/\/noticiasribeiraopreto.com.br\/index.php\/wp-json\/wp\/v2\/media?parent=39093"}],"wp:term":[{"taxonomy":"category","embeddable":true,"href":"https:\/\/noticiasribeiraopreto.com.br\/index.php\/wp-json\/wp\/v2\/categories?post=39093"},{"taxonomy":"post_tag","embeddable":true,"href":"https:\/\/noticiasribeiraopreto.com.br\/index.php\/wp-json\/wp\/v2\/tags?post=39093"}],"curies":[{"name":"wp","href":"https:\/\/api.w.org\/{rel}","templated":true}]}}