{"id":39097,"date":"2024-02-23T12:19:04","date_gmt":"2024-02-23T15:19:04","guid":{"rendered":"https:\/\/noticiasribeiraopreto.com.br\/index.php\/2024\/02\/23\/duas-pessoas-ficam-feridas-em-ataque-de-abelhas-em-ribeirao-preto\/"},"modified":"2024-02-23T12:19:04","modified_gmt":"2024-02-23T15:19:04","slug":"duas-pessoas-ficam-feridas-em-ataque-de-abelhas-em-ribeirao-preto","status":"publish","type":"post","link":"https:\/\/noticiasribeiraopreto.com.br\/index.php\/2024\/02\/23\/duas-pessoas-ficam-feridas-em-ataque-de-abelhas-em-ribeirao-preto\/","title":{"rendered":"Duas pessoas ficam feridas em ataque de abelhas em Ribeir\u00e3o Preto"},"content":{"rendered":"<div class='code-block code-block-1' style='margin: 8px 0 8px auto; text-align: right; display: block; clear: both;'>\n<p><a href=\"https:\/\/wa.link\/vpicfd\"><img data-recalc-dims=\"1\" class=\"wp-image-4922\" style=\"aspect-ratio: 2.0253164556962027; width: 561px; height: auto;\" src=\"https:\/\/i0.wp.com\/ismaelcolosi.com.br\/wp-content\/uploads\/2023\/11\/grupo-de-empregos-whatsapp-e-facebook-ismael-colosi-vagas.jpg?ssl=1\" alt=\"\" \/><\/a><\/p>\n<!-- \/wp:image -->\n<\/div>\n<p> <br \/>\n<\/p>\n<div data-td-block-uid=\"tdi_102\">\n<div class=\"tdb-block-inner td-fix-index\">\n<p><strong>Duas pessoas<\/strong> ficaram <strong>feridas <\/strong>ap\u00f3s um <strong>ataque de abelhas<\/strong>, na manh\u00e3 desta sexta-feira (23). As <strong>v\u00edtimas <\/strong>estavam <strong>trabalhando<\/strong> na<strong> jardinagem<\/strong> de um <strong>local pr\u00f3ximo <\/strong>de onde estavam as abelhas, na <strong>pra\u00e7a<\/strong> que fica na rua L\u00eddio de Oliveira Valada, no bairro Jardim S\u00e3o Luiz.<\/p>\n<p>Segundo informa\u00e7\u00f5es, as <strong>v\u00edtimas<\/strong> tiveram ferimentos leves e foram socorridas para a UPA Leste.<\/p>\n<p>O <strong>enxame<\/strong> de abelhas foi exterminado pelo <strong>Corpo de Bombeiros<\/strong>, que permanece no local para conclus\u00e3o do trabalho. A pra\u00e7a foi interditada. <\/p>\n<p><iframe loading=\"lazy\" allowfullscreen=\"yes\" frameborder=\"0\" scrolling=\"yes\" src=\"https:\/\/embed-videos.netshow.me\/s\/nJDxP84Ohw8\/player?v=true\" width=\"1080\" height=\"608\"><\/iframe><\/p>\n<p>SAIBA MAIS<br \/>Alexandre de Moraes vota para condenar morador de Ribeir\u00e3o preso nos atos de 8 de janeiro<\/p>\n<h4 class=\"wp-block-heading\"><strong>FIQUE ON<\/strong><\/h4>\n<p>Fique ligado em tudo que acontece em Ribeir\u00e3o Preto e regi\u00e3o. Siga os perfis do<strong>\u00a0acidade on<\/strong>\u00a0no\u00a0<a href=\"https:\/\/www.instagram.com\/acidadeonribeirao\" target=\"_blank\" rel=\"noreferrer noopener\">Instagram<\/a>\u00a0e no<a href=\"https:\/\/www.facebook.com\/acidadeonribeirao\" target=\"_blank\" rel=\"noreferrer noopener\">\u00a0Facebook<\/a>.<\/p>\n<p>Receba not\u00edcias do<strong>\u00a0acidade on\u00a0<\/strong>no WhatsApp.\u00a0<a href=\"https:\/\/chat.whatsapp.com\/Bnv2w66ZT4VDyZW3oiZ69n\" target=\"_blank\" rel=\"noreferrer noopener\">Para entrar no grupo, basta clicar aqui.<\/a><\/p>\n<p>Fa\u00e7a uma den\u00fancia ou sugira uma reportagem sobre Ribeir\u00e3o Preto e regi\u00e3o pelo WhatsApp: 16 99117 7802.<\/p>\n<p>VEJA TAMB\u00c9M<br \/>Qual \u00e9 o Poder Coringa da semana no BBB 24?<\/p>\n<p><!-- AI CONTENT END 1 -->\n<\/div>\n<\/div>\n<p><script async src=\"\/\/www.instagram.com\/embed.js\"><\/script><br \/>\n<br \/><br \/>\n<br \/><a href=\"https:\/\/www.acidadeon.com\/ribeiraopreto\/cotidiano\/duas-pessoas-ficam-feridas-ataque-abelhas-em-ribeirao-preto\/\">Source link <\/a><\/p>\n<!-- CONTENT END 1 -->\n","protected":false},"excerpt":{"rendered":"<p>Duas pessoas ficaram feridas ap\u00f3s um ataque de abelhas, na manh\u00e3 desta sexta-feira (23). As v\u00edtimas estavam trabalhando na jardinagem de um local pr\u00f3ximo de&#8230;<\/p>\n","protected":false},"author":1,"featured_media":39098,"comment_status":"open","ping_status":"open","sticky":false,"template":"","format":"standard","meta":{"advanced_seo_description":"","jetpack_seo_html_title":"","jetpack_seo_noindex":false,"jetpack_post_was_ever_published":false,"_jetpack_newsletter_access":"","_jetpack_dont_email_post_to_subs":false,"_jetpack_newsletter_tier_id":0,"_jetpack_memberships_contains_paywalled_content":false,"_jetpack_memberships_contains_paid_content":false,"footnotes":"","jetpack_publicize_message":"","jetpack_publicize_feature_enabled":true,"jetpack_social_post_already_shared":true,"jetpack_social_options":{"image_generator_settings":{"template":"highway","default_image_id":0,"font":"","enabled":false},"version":2}},"categories":[11],"tags":[],"class_list":["post-39097","post","type-post","status-publish","format-standard","has-post-thumbnail","hentry","category-noticias-de-ribeirao-preto-sp-e-regiao-ismael-colosi"],"jetpack_publicize_connections":[],"jetpack_featured_media_url":"https:\/\/i0.wp.com\/noticiasribeiraopreto.com.br\/wp-content\/uploads\/2024\/02\/3-15.jpg?fit=1200%2C675&ssl=1","jetpack-related-posts":[{"id":57664,"url":"https:\/\/noticiasribeiraopreto.com.br\/index.php\/2024\/09\/06\/homem-morre-apos-ataque-de-abelhas-na-regiao-de-ribeirao-preto\/","url_meta":{"origin":39097,"position":0},"title":"Homem morre ap\u00f3s ataque de abelhas na regi\u00e3o de Ribeir\u00e3o Preto","author":"noticiasribeiraopreto.com.br","date":"6 de September de 2024","format":false,"excerpt":"Um homem de 45 anos morreu, na tarde de quinta-feira (5), ap\u00f3s ser atacado por um enxame de abelha, em Col\u00f4mbia, na regi\u00e3o de Ribeir\u00e3o Preto. De acordo com o boletim de ocorr\u00eancia, a v\u00edtima estaria pr\u00f3xima a uma ch\u00e1cara quando aconteceu o ataque. A Pol\u00edcia foi acionada e populares\u2026","rel":"","context":"In &quot;Not\u00edcias de Ribeir\u00e3o Preto-SP e Regi\u00e3o&quot;","block_context":{"text":"Not\u00edcias de Ribeir\u00e3o Preto-SP e Regi\u00e3o","link":"https:\/\/noticiasribeiraopreto.com.br\/index.php\/category\/noticias-de-ribeirao-preto-sp-e-regiao-ismael-colosi\/"},"img":{"alt_text":"","src":"https:\/\/i0.wp.com\/noticiasribeiraopreto.com.br\/wp-content\/uploads\/2024\/09\/Imagem-do-WhatsApp-de-2024-09-06-as-14.17.25_19c15f6e_2024-09-06_17-57-33_jpg_2024-09-06_17-57-33.webp.webp?fit=1200%2C900&ssl=1&resize=350%2C200","width":350,"height":200,"srcset":"https:\/\/i0.wp.com\/noticiasribeiraopreto.com.br\/wp-content\/uploads\/2024\/09\/Imagem-do-WhatsApp-de-2024-09-06-as-14.17.25_19c15f6e_2024-09-06_17-57-33_jpg_2024-09-06_17-57-33.webp.webp?fit=1200%2C900&ssl=1&resize=350%2C200 1x, https:\/\/i0.wp.com\/noticiasribeiraopreto.com.br\/wp-content\/uploads\/2024\/09\/Imagem-do-WhatsApp-de-2024-09-06-as-14.17.25_19c15f6e_2024-09-06_17-57-33_jpg_2024-09-06_17-57-33.webp.webp?fit=1200%2C900&ssl=1&resize=525%2C300 1.5x, https:\/\/i0.wp.com\/noticiasribeiraopreto.com.br\/wp-content\/uploads\/2024\/09\/Imagem-do-WhatsApp-de-2024-09-06-as-14.17.25_19c15f6e_2024-09-06_17-57-33_jpg_2024-09-06_17-57-33.webp.webp?fit=1200%2C900&ssl=1&resize=700%2C400 2x, https:\/\/i0.wp.com\/noticiasribeiraopreto.com.br\/wp-content\/uploads\/2024\/09\/Imagem-do-WhatsApp-de-2024-09-06-as-14.17.25_19c15f6e_2024-09-06_17-57-33_jpg_2024-09-06_17-57-33.webp.webp?fit=1200%2C900&ssl=1&resize=1050%2C600 3x"},"classes":[]},{"id":83036,"url":"https:\/\/noticiasribeiraopreto.com.br\/index.php\/2026\/03\/07\/enxame-de-abelhas-ataca-duas-mulheres-em-ribeirao-preto-vitimas-sofreram-mais-de-30-picadas\/","url_meta":{"origin":39097,"position":1},"title":"Enxame de abelhas ataca duas mulheres em Ribeir\u00e3o Preto; v\u00edtimas sofreram mais de 30 picadas","author":"noticiasribeiraopreto.com.br","date":"7 de March de 2026","format":false,"excerpt":"Duas mulheres precisaram ser socorridas ap\u00f3s serem atacadas por um enxame de abelhas na tarde desta sexta-feira (6), no bairro Ipiranga, em Ribeir\u00e3o Preto. De acordo com o Corpo de Bombeiros, as v\u00edtimas sofreram cerca de 30 picadas cada e precisaram de atendimento m\u00e9dico. Equipes da corpora\u00e7\u00e3o foram acionadas e\u2026","rel":"","context":"In &quot;Not\u00edcias de Ribeir\u00e3o Preto-SP e Regi\u00e3o&quot;","block_context":{"text":"Not\u00edcias de Ribeir\u00e3o Preto-SP e Regi\u00e3o","link":"https:\/\/noticiasribeiraopreto.com.br\/index.php\/category\/noticias-de-ribeirao-preto-sp-e-regiao-ismael-colosi\/"},"img":{"alt_text":"","src":"https:\/\/i0.wp.com\/noticiasribeiraopreto.com.br\/wp-content\/uploads\/2026\/03\/palace-49_2026-03-06_22-13-11.webp.webp?fit=1200%2C675&ssl=1&resize=350%2C200","width":350,"height":200,"srcset":"https:\/\/i0.wp.com\/noticiasribeiraopreto.com.br\/wp-content\/uploads\/2026\/03\/palace-49_2026-03-06_22-13-11.webp.webp?fit=1200%2C675&ssl=1&resize=350%2C200 1x, https:\/\/i0.wp.com\/noticiasribeiraopreto.com.br\/wp-content\/uploads\/2026\/03\/palace-49_2026-03-06_22-13-11.webp.webp?fit=1200%2C675&ssl=1&resize=525%2C300 1.5x, https:\/\/i0.wp.com\/noticiasribeiraopreto.com.br\/wp-content\/uploads\/2026\/03\/palace-49_2026-03-06_22-13-11.webp.webp?fit=1200%2C675&ssl=1&resize=700%2C400 2x, https:\/\/i0.wp.com\/noticiasribeiraopreto.com.br\/wp-content\/uploads\/2026\/03\/palace-49_2026-03-06_22-13-11.webp.webp?fit=1200%2C675&ssl=1&resize=1050%2C600 3x"},"classes":[]},{"id":82088,"url":"https:\/\/noticiasribeiraopreto.com.br\/index.php\/2026\/02\/03\/mulher-denuncia-ataque-de-abelhas-em-parque-de-ribeirao-preto\/","url_meta":{"origin":39097,"position":2},"title":"Mulher denuncia ataque de abelhas em parque de Ribeir\u00e3o Preto","author":"noticiasribeiraopreto.com.br","date":"3 de February de 2026","format":false,"excerpt":"Um ataque de abelhas ocorrido no Parque Prefeito Luiz Eduardo Jabali, em Ribeir\u00e3o Preto, deixou uma mulher de 29 anos ferida. Segundo den\u00fancia feita ao portal acidade on, a filha dela foi picada diversas vezes ao entrar no local para caminhar, na \u00faltima quinta-feira (28). De acordo com a m\u00e3e,\u2026","rel":"","context":"In &quot;Not\u00edcias de Ribeir\u00e3o Preto-SP e Regi\u00e3o&quot;","block_context":{"text":"Not\u00edcias de Ribeir\u00e3o Preto-SP e Regi\u00e3o","link":"https:\/\/noticiasribeiraopreto.com.br\/index.php\/category\/noticias-de-ribeirao-preto-sp-e-regiao-ismael-colosi\/"},"img":{"alt_text":"","src":"https:\/\/i0.wp.com\/noticiasribeiraopreto.com.br\/wp-content\/uploads\/2026\/02\/domingo-2026-02-02T164446.103_2026-02-02_19-44-56.webp.webp?fit=1200%2C675&ssl=1&resize=350%2C200","width":350,"height":200,"srcset":"https:\/\/i0.wp.com\/noticiasribeiraopreto.com.br\/wp-content\/uploads\/2026\/02\/domingo-2026-02-02T164446.103_2026-02-02_19-44-56.webp.webp?fit=1200%2C675&ssl=1&resize=350%2C200 1x, https:\/\/i0.wp.com\/noticiasribeiraopreto.com.br\/wp-content\/uploads\/2026\/02\/domingo-2026-02-02T164446.103_2026-02-02_19-44-56.webp.webp?fit=1200%2C675&ssl=1&resize=525%2C300 1.5x, https:\/\/i0.wp.com\/noticiasribeiraopreto.com.br\/wp-content\/uploads\/2026\/02\/domingo-2026-02-02T164446.103_2026-02-02_19-44-56.webp.webp?fit=1200%2C675&ssl=1&resize=700%2C400 2x, https:\/\/i0.wp.com\/noticiasribeiraopreto.com.br\/wp-content\/uploads\/2026\/02\/domingo-2026-02-02T164446.103_2026-02-02_19-44-56.webp.webp?fit=1200%2C675&ssl=1&resize=1050%2C600 3x"},"classes":[]},{"id":68925,"url":"https:\/\/noticiasribeiraopreto.com.br\/index.php\/2025\/04\/30\/video-ataque-de-abelhas-deixa-feridos-e-mata-cavalos\/","url_meta":{"origin":39097,"position":3},"title":"V\u00cdDEO: Ataque de abelhas deixa feridos e mata cavalos","author":"noticiasribeiraopreto.com.br","date":"30 de April de 2025","format":false,"excerpt":"30 de abril de 2025 12:502 Compartilhar0 Um ataque de abelhas no \u00faltimo domingo (27) deixou pelo menos 20 pessoas feridas e provocou a morte de dois cavalos em Ivoti, no Rio Grande do Sul. O incidente ocorreu por volta das 13h, durante uma cavalgada nas proximidades do N\u00facleo de\u2026","rel":"","context":"In &quot;Not\u00edcias de Ribeir\u00e3o Preto-SP e Regi\u00e3o&quot;","block_context":{"text":"Not\u00edcias de Ribeir\u00e3o Preto-SP e Regi\u00e3o","link":"https:\/\/noticiasribeiraopreto.com.br\/index.php\/category\/noticias-de-ribeirao-preto-sp-e-regiao-ismael-colosi\/"},"img":{"alt_text":"","src":"https:\/\/i0.wp.com\/noticiasribeiraopreto.com.br\/wp-content\/uploads\/2025\/04\/abelhas_ataque-scaled.jpeg?fit=756%2C500&ssl=1&resize=350%2C200","width":350,"height":200,"srcset":"https:\/\/i0.wp.com\/noticiasribeiraopreto.com.br\/wp-content\/uploads\/2025\/04\/abelhas_ataque-scaled.jpeg?fit=756%2C500&ssl=1&resize=350%2C200 1x, https:\/\/i0.wp.com\/noticiasribeiraopreto.com.br\/wp-content\/uploads\/2025\/04\/abelhas_ataque-scaled.jpeg?fit=756%2C500&ssl=1&resize=525%2C300 1.5x, https:\/\/i0.wp.com\/noticiasribeiraopreto.com.br\/wp-content\/uploads\/2025\/04\/abelhas_ataque-scaled.jpeg?fit=756%2C500&ssl=1&resize=700%2C400 2x"},"classes":[]},{"id":72117,"url":"https:\/\/noticiasribeiraopreto.com.br\/index.php\/2025\/06\/13\/idoso-morre-apos-ataque-de-abelhas-no-interior-de-sp\/","url_meta":{"origin":39097,"position":4},"title":"Idoso morre ap\u00f3s ataque de abelhas no interior de SP","author":"noticiasribeiraopreto.com.br","date":"13 de June de 2025","format":false,"excerpt":"Um idoso de 70 anos sofreu um ataque de abelhas e morreu na tarde desta quinta-feira (12), em Taquaritinga, no interior de S\u00e3o Paulo. De acordo com a Prefeitura Municipal, a v\u00edtima, identificada como Lu\u00eds Carlos da Silva, era natural de Monte Alto e trabalhava na ro\u00e7agem de um terreno\u2026","rel":"","context":"In &quot;Not\u00edcias de Ribeir\u00e3o Preto-SP e Regi\u00e3o&quot;","block_context":{"text":"Not\u00edcias de Ribeir\u00e3o Preto-SP e Regi\u00e3o","link":"https:\/\/noticiasribeiraopreto.com.br\/index.php\/category\/noticias-de-ribeirao-preto-sp-e-regiao-ismael-colosi\/"},"img":{"alt_text":"","src":"https:\/\/i0.wp.com\/noticiasribeiraopreto.com.br\/wp-content\/uploads\/2025\/06\/Copia-de-Copia-de-Copia-de-TAMANHO-EXATO-PARA-FOTOS-NO-SISTEMA-NOVO-2025-06-13T110358.402_2025-06-13_14-04-13.webp.webp?fit=1200%2C675&ssl=1&resize=350%2C200","width":350,"height":200,"srcset":"https:\/\/i0.wp.com\/noticiasribeiraopreto.com.br\/wp-content\/uploads\/2025\/06\/Copia-de-Copia-de-Copia-de-TAMANHO-EXATO-PARA-FOTOS-NO-SISTEMA-NOVO-2025-06-13T110358.402_2025-06-13_14-04-13.webp.webp?fit=1200%2C675&ssl=1&resize=350%2C200 1x, https:\/\/i0.wp.com\/noticiasribeiraopreto.com.br\/wp-content\/uploads\/2025\/06\/Copia-de-Copia-de-Copia-de-TAMANHO-EXATO-PARA-FOTOS-NO-SISTEMA-NOVO-2025-06-13T110358.402_2025-06-13_14-04-13.webp.webp?fit=1200%2C675&ssl=1&resize=525%2C300 1.5x, https:\/\/i0.wp.com\/noticiasribeiraopreto.com.br\/wp-content\/uploads\/2025\/06\/Copia-de-Copia-de-Copia-de-TAMANHO-EXATO-PARA-FOTOS-NO-SISTEMA-NOVO-2025-06-13T110358.402_2025-06-13_14-04-13.webp.webp?fit=1200%2C675&ssl=1&resize=700%2C400 2x, https:\/\/i0.wp.com\/noticiasribeiraopreto.com.br\/wp-content\/uploads\/2025\/06\/Copia-de-Copia-de-Copia-de-TAMANHO-EXATO-PARA-FOTOS-NO-SISTEMA-NOVO-2025-06-13T110358.402_2025-06-13_14-04-13.webp.webp?fit=1200%2C675&ssl=1&resize=1050%2C600 3x"},"classes":[]},{"id":81289,"url":"https:\/\/noticiasribeiraopreto.com.br\/index.php\/2025\/12\/31\/fonte-luminosa-e-interditada-apos-enxame-de-abelhas-na-regiao-de-ribeirao-preto\/","url_meta":{"origin":39097,"position":5},"title":"Fonte luminosa \u00e9 interditada ap\u00f3s enxame de abelhas na regi\u00e3o de Ribeir\u00e3o Preto","author":"noticiasribeiraopreto.com.br","date":"31 de December de 2025","format":false,"excerpt":"A fonte luminosa da Casa de Cultura no Parque Marac\u00e1, em Gua\u00edra, a 120 quil\u00f4metros de Ribeir\u00e3o Preto, foi interditada nesta ter\u00e7a-feira (30), por causa de um enxame de abelhas. A Prefeitura de Gua\u00edra emitiu um comunicado no qual orienta aos moradores e visitantes\u00a0para que mantenham dist\u00e2ncia do local por\u2026","rel":"","context":"In &quot;Not\u00edcias de Ribeir\u00e3o Preto-SP e Regi\u00e3o&quot;","block_context":{"text":"Not\u00edcias de Ribeir\u00e3o Preto-SP e Regi\u00e3o","link":"https:\/\/noticiasribeiraopreto.com.br\/index.php\/category\/noticias-de-ribeirao-preto-sp-e-regiao-ismael-colosi\/"},"img":{"alt_text":"","src":"https:\/\/i0.wp.com\/noticiasribeiraopreto.com.br\/wp-content\/uploads\/2025\/12\/fonte_2025-12-30_18-09-45.webp.webp?fit=1200%2C905&ssl=1&resize=350%2C200","width":350,"height":200,"srcset":"https:\/\/i0.wp.com\/noticiasribeiraopreto.com.br\/wp-content\/uploads\/2025\/12\/fonte_2025-12-30_18-09-45.webp.webp?fit=1200%2C905&ssl=1&resize=350%2C200 1x, https:\/\/i0.wp.com\/noticiasribeiraopreto.com.br\/wp-content\/uploads\/2025\/12\/fonte_2025-12-30_18-09-45.webp.webp?fit=1200%2C905&ssl=1&resize=525%2C300 1.5x, https:\/\/i0.wp.com\/noticiasribeiraopreto.com.br\/wp-content\/uploads\/2025\/12\/fonte_2025-12-30_18-09-45.webp.webp?fit=1200%2C905&ssl=1&resize=700%2C400 2x, https:\/\/i0.wp.com\/noticiasribeiraopreto.com.br\/wp-content\/uploads\/2025\/12\/fonte_2025-12-30_18-09-45.webp.webp?fit=1200%2C905&ssl=1&resize=1050%2C600 3x"},"classes":[]}],"jetpack_sharing_enabled":true,"jetpack_shortlink":"https:\/\/wp.me\/peQAOb-aaB","_links":{"self":[{"href":"https:\/\/noticiasribeiraopreto.com.br\/index.php\/wp-json\/wp\/v2\/posts\/39097","targetHints":{"allow":["GET"]}}],"collection":[{"href":"https:\/\/noticiasribeiraopreto.com.br\/index.php\/wp-json\/wp\/v2\/posts"}],"about":[{"href":"https:\/\/noticiasribeiraopreto.com.br\/index.php\/wp-json\/wp\/v2\/types\/post"}],"author":[{"embeddable":true,"href":"https:\/\/noticiasribeiraopreto.com.br\/index.php\/wp-json\/wp\/v2\/users\/1"}],"replies":[{"embeddable":true,"href":"https:\/\/noticiasribeiraopreto.com.br\/index.php\/wp-json\/wp\/v2\/comments?post=39097"}],"version-history":[{"count":0,"href":"https:\/\/noticiasribeiraopreto.com.br\/index.php\/wp-json\/wp\/v2\/posts\/39097\/revisions"}],"wp:featuredmedia":[{"embeddable":true,"href":"https:\/\/noticiasribeiraopreto.com.br\/index.php\/wp-json\/wp\/v2\/media\/39098"}],"wp:attachment":[{"href":"https:\/\/noticiasribeiraopreto.com.br\/index.php\/wp-json\/wp\/v2\/media?parent=39097"}],"wp:term":[{"taxonomy":"category","embeddable":true,"href":"https:\/\/noticiasribeiraopreto.com.br\/index.php\/wp-json\/wp\/v2\/categories?post=39097"},{"taxonomy":"post_tag","embeddable":true,"href":"https:\/\/noticiasribeiraopreto.com.br\/index.php\/wp-json\/wp\/v2\/tags?post=39097"}],"curies":[{"name":"wp","href":"https:\/\/api.w.org\/{rel}","templated":true}]}}