{"id":39137,"date":"2024-02-23T14:34:52","date_gmt":"2024-02-23T17:34:52","guid":{"rendered":"https:\/\/noticiasribeiraopreto.com.br\/index.php\/2024\/02\/23\/monte-everest-sofre-com-a-quantidade-de-lixo-deixado-pelos-alpinistas\/"},"modified":"2024-02-23T14:34:52","modified_gmt":"2024-02-23T17:34:52","slug":"monte-everest-sofre-com-a-quantidade-de-lixo-deixado-pelos-alpinistas","status":"publish","type":"post","link":"https:\/\/noticiasribeiraopreto.com.br\/index.php\/2024\/02\/23\/monte-everest-sofre-com-a-quantidade-de-lixo-deixado-pelos-alpinistas\/","title":{"rendered":"Monte Everest sofre com a quantidade de lixo deixado pelos alpinistas"},"content":{"rendered":"<div class='code-block code-block-1' style='margin: 8px 0 8px auto; text-align: right; display: block; clear: both;'>\n<p><a href=\"https:\/\/wa.link\/vpicfd\"><img data-recalc-dims=\"1\" class=\"wp-image-4922\" style=\"aspect-ratio: 2.0253164556962027; width: 561px; height: auto;\" src=\"https:\/\/i0.wp.com\/ismaelcolosi.com.br\/wp-content\/uploads\/2023\/11\/grupo-de-empregos-whatsapp-e-facebook-ismael-colosi-vagas.jpg?ssl=1\" alt=\"\" \/><\/a><\/p>\n<!-- \/wp:image -->\n<\/div>\n<p> <br \/>\n<\/p>\n<div id=\"\">\n<p> <span class=\"entry-meta-item penci-posted-on\"><i class=\"fa fa-clock-o\"\/><time class=\"entry-date published\" datetime=\"2024-02-23T14:30:46-03:00\">23 de fevereiro de 2024 | 14:30<\/time><time class=\"updated\" datetime=\"2024-02-23T12:36:56-03:00\">23 de fevereiro de 2024 | 12:36<\/time><\/span><\/p>\n<p> <span class=\"penci-social-buttons penci-social-share-footer\"><a href=\"#\" class=\"penci-post-like penci_post-meta_item  single-like-button penci-social-item like\" data-post_id=\"374749\" title=\"Like\" data-like=\"Like\" data-unlike=\"Unlike\"><i class=\"fa fa-thumbs-o-up\"\/><span class=\"penci-share-number\">0<\/span><\/a><i class=\"fa fa-facebook\"\/><a class=\"penci-social-item twitter\" target=\"_blank\" rel=\"noopener\" title=\"\" href=\"https:\/\/twitter.com\/intent\/tweet?text=Monte%20Everest%20sofre%20com%20a%20quantidade%20de%20lixo%20deixado%20pelos%20alpinistas%20-%20https:\/\/www.tribunaribeirao.com.br\/site\/monte-everest-sofre-com-a-quantidade-de-lixo-deixado-pelos-alpinistas\/\"><i class=\"fa fa-twitter\"\/><\/a><i class=\"fa fa-whatsapp\"\/><\/span><\/div>\n<div>\n<p>O Monte Everest \u00e9 a montanha de maior altitude da Terra. Seu pico est\u00e1 a 8.848 metros acima do n\u00edvel do mar. Fica dentro do Parque Nacional de Sagarmatha, na regi\u00e3o de Khumbu, no Nepal. Escalar o Monte Everest \u00e9 um grande desafio para os alpinistas, que se re\u00fanem todos os anos para desbravar essa grande aventura. Por\u00e9m, a montanha vem sofrendo um s\u00e9rio problema em rela\u00e7\u00e3o a isso: a intensifica\u00e7\u00e3o do n\u00famero de acampamentos e da atividade humana nos \u00faltimos anos tem gerado muita polui\u00e7\u00e3o pelo descarte de lixo.<\/p>\n<p>Cerca de 60.000 turistas visitam o Parque todos os anos, e cerca de 2.000 alpinistas se re\u00fanem a cada temporada para escalar o Everest, carregando consigo muitos materiais descart\u00e1veis, como garrafas pl\u00e1sticas, lonas, barracas, latas, etc., que acabam ficando espalhados pelo ch\u00e3o, poluindo o ambiente. Isso se torna um desafio ainda maior para aqueles trabalhadores que t\u00eam de limp\u00e1-los.<\/p>\n<p>Especialistas estimam que podem restar at\u00e9 50 toneladas de lixo no Monte Everest em si, enquanto o acampamento base da montanha produz 75 toneladas de lixo a cada temporada. Os visitantes que chegam ao Monte Everest e aos arredores do Parque Nacional Sagarmatha trazem cerca de 1.000 toneladas de res\u00edduos a cada ano. Destas, s\u00e3o deixadas cerca de 50 toneladas no pr\u00f3prio Everest e cerca de 75 toneladas no acampamento base desse monte.<\/p>\n<p>O problema dos res\u00edduos chegou a um n\u00edvel insustent\u00e1vel e t\u00e3o grave, que agora os alpinistas que escalarem a montanha s\u00e3o obrigados a carregar suas pr\u00f3prias fezes de volta ao acampamento base, para o descarte correto, e n\u00e3o deix\u00e1-las no ambiente como costumavam fazer. Eles cavavam buracos e enterravam o material ali, ou simplesmente deixavam a c\u00e9u aberto.<\/p>\n<p>Essa nova regra surgiu em meio a preocupa\u00e7\u00f5es de que os dejetos deixados no Monte n\u00e3o se degradam totalmente devido \u00e0s baixas temperaturas, e alguns alpinistas at\u00e9 adoeceram. \u201cNossas montanhas come\u00e7aram a feder\u201d, disse Mingma Sherpa, um alpinista nepal\u00eas. As sacolas que s\u00e3o dadas aos alpinistas s\u00e3o feitas especialmente para uma coleta o mais digna poss\u00edvel. Os produtos qu\u00edmicos contidos nas sacolas n\u00e3o s\u00f3 solidificam as fezes, mas tamb\u00e9m as tornam \u201cem grande parte inodoras (sem cheiro)\u201d.<\/p>\n<p>O Comit\u00ea de Controle da Polui\u00e7\u00e3o de Sagarmatha (SPCC) \u00e9 quem gerencia a coleta de lixo do acampamento base do Everest e das trilhas do parque nacional. Mas, apesar dos seus esfor\u00e7os, todos os anos a regi\u00e3o fica cheia de tendas esfarrapadas, equipamentos abandonados e dejetos humanos.<\/p>\n<p>Os dejetos das pessoas s\u00e3o coletados em barris no acampamento base do Monte e levados trabalhadores do SPCC para serem despejados em fossas. Outros res\u00edduos, por vezes t\u00f3xicos, s\u00e3o enterrados em aterros sanit\u00e1rios no parque (Lobuche). Por\u00e9m, outros s\u00e3o queimados, liberando produtos qu\u00edmicos t\u00f3xicos no ar e contaminando as \u00e1guas subterr\u00e2neas, o que acaba por trazer mais um problema ambiental para o Parque Nacional de Sagarmatha.<\/p>\n<\/div>\n<p><script async src=\"\/\/platform.twitter.com\/widgets.js\" charset=\"utf-8\"><\/script><br \/>\n<br \/><br \/>\n<br \/><a href=\"https:\/\/www.tribunaribeirao.com.br\/site\/monte-everest-sofre-com-a-quantidade-de-lixo-deixado-pelos-alpinistas\/\">Source link <\/a><\/p>\n<!-- CONTENT END 1 -->\n","protected":false},"excerpt":{"rendered":"<p>23 de fevereiro de 2024 | 14:3023 de fevereiro de 2024 | 12:36 0 O Monte Everest \u00e9 a montanha de maior altitude da Terra&#8230;.<\/p>\n","protected":false},"author":1,"featured_media":39138,"comment_status":"open","ping_status":"open","sticky":false,"template":"","format":"standard","meta":{"advanced_seo_description":"","jetpack_seo_html_title":"","jetpack_seo_noindex":false,"jetpack_post_was_ever_published":false,"_jetpack_newsletter_access":"","_jetpack_dont_email_post_to_subs":false,"_jetpack_newsletter_tier_id":0,"_jetpack_memberships_contains_paywalled_content":false,"_jetpack_memberships_contains_paid_content":false,"footnotes":"","jetpack_publicize_message":"","jetpack_publicize_feature_enabled":true,"jetpack_social_post_already_shared":true,"jetpack_social_options":{"image_generator_settings":{"template":"highway","default_image_id":0,"font":"","enabled":false},"version":2}},"categories":[11],"tags":[4458,4457,4456,760,4455,2426,1491,1548],"class_list":["post-39137","post","type-post","status-publish","format-standard","has-post-thumbnail","hentry","category-noticias-de-ribeirao-preto-sp-e-regiao-ismael-colosi","tag-alpinistas","tag-deixado","tag-everest","tag-lixo","tag-monte","tag-pelos","tag-quantidade","tag-sofre"],"jetpack_publicize_connections":[],"jetpack_featured_media_url":"https:\/\/i0.wp.com\/noticiasribeiraopreto.com.br\/wp-content\/uploads\/2024\/02\/98183a21-f66e-410d-a356-dfd2bb2f0ea9-scaled.jpg?fit=928%2C645&ssl=1","jetpack-related-posts":[{"id":39407,"url":"https:\/\/noticiasribeiraopreto.com.br\/index.php\/2024\/02\/26\/balao-cai-sobre-residencia-na-zona-oeste\/","url_meta":{"origin":39137,"position":0},"title":"Bal\u00e3o cai sobre resid\u00eancia na zona Oeste","author":"noticiasribeiraopreto.com.br","date":"26 de February de 2024","format":false,"excerpt":"Grupo chegou em v\u00e1rios carros, invadiu casa e quebrou concertina para resgatar estrutura 26 de fevereiro de 2024 | 8:27 0Por: Adalberto LuqueUm bal\u00e3o caiu sobre uma resid\u00eancia no final da tarde deste s\u00e1bado (24). O fato ocorreu na Rua Coronel Camis\u00e3o, Vila Monte Alegre, zona Oeste de Ribeir\u00e3o Preto.Muito\u2026","rel":"","context":"In &quot;Not\u00edcias de Ribeir\u00e3o Preto-SP e Regi\u00e3o&quot;","block_context":{"text":"Not\u00edcias de Ribeir\u00e3o Preto-SP e Regi\u00e3o","link":"https:\/\/noticiasribeiraopreto.com.br\/index.php\/category\/noticias-de-ribeirao-preto-sp-e-regiao-ismael-colosi\/"},"img":{"alt_text":"","src":"https:\/\/i0.wp.com\/noticiasribeiraopreto.com.br\/wp-content\/uploads\/2024\/02\/00-26-fev-2024-balao-monte-alegre-01-foto-max-gallao-mesquita-scaled.jpg?fit=968%2C645&ssl=1&resize=350%2C200","width":350,"height":200,"srcset":"https:\/\/i0.wp.com\/noticiasribeiraopreto.com.br\/wp-content\/uploads\/2024\/02\/00-26-fev-2024-balao-monte-alegre-01-foto-max-gallao-mesquita-scaled.jpg?fit=968%2C645&ssl=1&resize=350%2C200 1x, https:\/\/i0.wp.com\/noticiasribeiraopreto.com.br\/wp-content\/uploads\/2024\/02\/00-26-fev-2024-balao-monte-alegre-01-foto-max-gallao-mesquita-scaled.jpg?fit=968%2C645&ssl=1&resize=525%2C300 1.5x, https:\/\/i0.wp.com\/noticiasribeiraopreto.com.br\/wp-content\/uploads\/2024\/02\/00-26-fev-2024-balao-monte-alegre-01-foto-max-gallao-mesquita-scaled.jpg?fit=968%2C645&ssl=1&resize=700%2C400 2x"},"classes":[]},{"id":34360,"url":"https:\/\/noticiasribeiraopreto.com.br\/index.php\/2024\/02\/01\/motoristas-da-coleta-de-lixo-aceitam-proposta\/","url_meta":{"origin":39137,"position":1},"title":"Motoristas da coleta de lixo aceitam proposta\u00a0","author":"noticiasribeiraopreto.com.br","date":"1 de February de 2024","format":false,"excerpt":"1 de fevereiro de 2024 | 17:001 de fevereiro de 2024 | 17:12 0Os cerca de 100 motoristas da Estre Ambiental, respons\u00e1vel pela coleta de lixo e pelo gerenciamento e destina\u00e7\u00e3o dos res\u00edduos s\u00f3lidos na cidade, aceitaram a proposta de reajuste salarial da empresa e descartaram a possibilidade de de\u2026","rel":"","context":"In &quot;Not\u00edcias de Ribeir\u00e3o Preto-SP e Regi\u00e3o&quot;","block_context":{"text":"Not\u00edcias de Ribeir\u00e3o Preto-SP e Regi\u00e3o","link":"https:\/\/noticiasribeiraopreto.com.br\/index.php\/category\/noticias-de-ribeirao-preto-sp-e-regiao-ismael-colosi\/"},"img":{"alt_text":"","src":"https:\/\/i0.wp.com\/noticiasribeiraopreto.com.br\/wp-content\/uploads\/2024\/02\/lixo.jpg?fit=700%2C450&ssl=1&resize=350%2C200","width":350,"height":200,"srcset":"https:\/\/i0.wp.com\/noticiasribeiraopreto.com.br\/wp-content\/uploads\/2024\/02\/lixo.jpg?fit=700%2C450&ssl=1&resize=350%2C200 1x, https:\/\/i0.wp.com\/noticiasribeiraopreto.com.br\/wp-content\/uploads\/2024\/02\/lixo.jpg?fit=700%2C450&ssl=1&resize=525%2C300 1.5x, https:\/\/i0.wp.com\/noticiasribeiraopreto.com.br\/wp-content\/uploads\/2024\/02\/lixo.jpg?fit=700%2C450&ssl=1&resize=700%2C400 2x"},"classes":[]},{"id":40410,"url":"https:\/\/noticiasribeiraopreto.com.br\/index.php\/2024\/03\/03\/comercial-sofre-goleada-em-casa\/","url_meta":{"origin":39137,"position":2},"title":"Comercial sofre goleada em casa","author":"noticiasribeiraopreto.com.br","date":"3 de March de 2024","format":false,"excerpt":"3 de mar\u00e7o de 2024 | 13:29 0O Comercial precisava de uma vit\u00f3ria, a primeira no Campeonato Paulista da S\u00e9rie A2, para ter for\u00e7as e lutar com a incomoda situa\u00e7\u00e3o de rebaixamento. Jogando em seus dom\u00ednios, no est\u00e1dio Palma Travassos, o Le\u00e3o do Norte recebeu o XV de Piracicaba, na\u2026","rel":"","context":"In &quot;Not\u00edcias de Ribeir\u00e3o Preto-SP e Regi\u00e3o&quot;","block_context":{"text":"Not\u00edcias de Ribeir\u00e3o Preto-SP e Regi\u00e3o","link":"https:\/\/noticiasribeiraopreto.com.br\/index.php\/category\/noticias-de-ribeirao-preto-sp-e-regiao-ismael-colosi\/"},"img":{"alt_text":"","src":"https:\/\/i0.wp.com\/noticiasribeiraopreto.com.br\/wp-content\/uploads\/2024\/03\/cfc-scaled.jpeg?fit=967%2C645&ssl=1&resize=350%2C200","width":350,"height":200,"srcset":"https:\/\/i0.wp.com\/noticiasribeiraopreto.com.br\/wp-content\/uploads\/2024\/03\/cfc-scaled.jpeg?fit=967%2C645&ssl=1&resize=350%2C200 1x, https:\/\/i0.wp.com\/noticiasribeiraopreto.com.br\/wp-content\/uploads\/2024\/03\/cfc-scaled.jpeg?fit=967%2C645&ssl=1&resize=525%2C300 1.5x, https:\/\/i0.wp.com\/noticiasribeiraopreto.com.br\/wp-content\/uploads\/2024\/03\/cfc-scaled.jpeg?fit=967%2C645&ssl=1&resize=700%2C400 2x"},"classes":[]},{"id":41493,"url":"https:\/\/noticiasribeiraopreto.com.br\/index.php\/2024\/03\/08\/galhos-e-folhas-deixados-em-rua-e-avenida-da-zona-sul-causam-acumulo-de-agua-parada\/","url_meta":{"origin":39137,"position":3},"title":"Galhos e folhas deixados em rua e avenida da zona Sul causam ac\u00famulo de \u00e1gua parada","author":"noticiasribeiraopreto.com.br","date":"8 de March de 2024","format":false,"excerpt":"Moradores t\u00eam demonstrado preocupa\u00e7\u00e3o com a prolifera\u00e7\u00e3o do mosquito da dengue, aumentando os casos na cidade 8 de mar\u00e7o de 2024 | 13:26 1Por: Adalberto LuqueAp\u00f3s realiza\u00e7\u00e3o de poda em \u00e1rvores da Rua Arc\u00e2ngelo Vendr\u00fasculo e Avenida Professor M\u00e1rio Autuori, City Ribeir\u00e3o, zona Sul da cidade, um novo problema tem\u2026","rel":"","context":"In &quot;Not\u00edcias de Ribeir\u00e3o Preto-SP e Regi\u00e3o&quot;","block_context":{"text":"Not\u00edcias de Ribeir\u00e3o Preto-SP e Regi\u00e3o","link":"https:\/\/noticiasribeiraopreto.com.br\/index.php\/category\/noticias-de-ribeirao-preto-sp-e-regiao-ismael-colosi\/"},"img":{"alt_text":"","src":"https:\/\/i0.wp.com\/noticiasribeiraopreto.com.br\/wp-content\/uploads\/2024\/03\/00-08-mar-2024-bueiro-entupido-city-01-foto-barbosa-jr-scaled.jpg?fit=1000%2C562&ssl=1&resize=350%2C200","width":350,"height":200,"srcset":"https:\/\/i0.wp.com\/noticiasribeiraopreto.com.br\/wp-content\/uploads\/2024\/03\/00-08-mar-2024-bueiro-entupido-city-01-foto-barbosa-jr-scaled.jpg?fit=1000%2C562&ssl=1&resize=350%2C200 1x, https:\/\/i0.wp.com\/noticiasribeiraopreto.com.br\/wp-content\/uploads\/2024\/03\/00-08-mar-2024-bueiro-entupido-city-01-foto-barbosa-jr-scaled.jpg?fit=1000%2C562&ssl=1&resize=525%2C300 1.5x, https:\/\/i0.wp.com\/noticiasribeiraopreto.com.br\/wp-content\/uploads\/2024\/03\/00-08-mar-2024-bueiro-entupido-city-01-foto-barbosa-jr-scaled.jpg?fit=1000%2C562&ssl=1&resize=700%2C400 2x"},"classes":[]},{"id":44199,"url":"https:\/\/noticiasribeiraopreto.com.br\/index.php\/2024\/03\/26\/moradores-reclamam-de-barulho-e-do-lixo-em-pancadoes-de-ribeirao-preto\/","url_meta":{"origin":39137,"position":4},"title":"Moradores reclamam de barulho e do lixo em \u2018pancad\u00f5es\u2019 de Ribeir\u00e3o Preto","author":"noticiasribeiraopreto.com.br","date":"26 de March de 2024","format":false,"excerpt":"Moradores reclamam do barulho e do lixo deixado em \u201cpancad\u00f5es\u201d que acontecem aos finais de semana na rua Tupinamb\u00e1, no Ipiranga, na zona Norte de Ribeir\u00e3o Preto. O local fica pr\u00f3ximo de um campo de futebol \u2013 veja o v\u00eddeo abaixo. De acordo com uma moradora, que n\u00e3o quis se\u2026","rel":"","context":"In &quot;Not\u00edcias de Ribeir\u00e3o Preto-SP e Regi\u00e3o&quot;","block_context":{"text":"Not\u00edcias de Ribeir\u00e3o Preto-SP e Regi\u00e3o","link":"https:\/\/noticiasribeiraopreto.com.br\/index.php\/category\/noticias-de-ribeirao-preto-sp-e-regiao-ismael-colosi\/"},"img":{"alt_text":"","src":"https:\/\/i0.wp.com\/noticiasribeiraopreto.com.br\/wp-content\/uploads\/2024\/03\/AnyConv.com__pancadao.webp.webp?fit=1200%2C675&ssl=1&resize=350%2C200","width":350,"height":200,"srcset":"https:\/\/i0.wp.com\/noticiasribeiraopreto.com.br\/wp-content\/uploads\/2024\/03\/AnyConv.com__pancadao.webp.webp?fit=1200%2C675&ssl=1&resize=350%2C200 1x, https:\/\/i0.wp.com\/noticiasribeiraopreto.com.br\/wp-content\/uploads\/2024\/03\/AnyConv.com__pancadao.webp.webp?fit=1200%2C675&ssl=1&resize=525%2C300 1.5x, https:\/\/i0.wp.com\/noticiasribeiraopreto.com.br\/wp-content\/uploads\/2024\/03\/AnyConv.com__pancadao.webp.webp?fit=1200%2C675&ssl=1&resize=700%2C400 2x, https:\/\/i0.wp.com\/noticiasribeiraopreto.com.br\/wp-content\/uploads\/2024\/03\/AnyConv.com__pancadao.webp.webp?fit=1200%2C675&ssl=1&resize=1050%2C600 3x"},"classes":[]},{"id":57958,"url":"https:\/\/noticiasribeiraopreto.com.br\/index.php\/2024\/09\/14\/entregador-fica-ferido-apos-batida-entre-moto-e-carro-em-ribeirao-preto-video\/","url_meta":{"origin":39137,"position":5},"title":"Entregador fica ferido ap\u00f3s batida entre moto e carro em Ribeir\u00e3o Preto; V\u00eddeo","author":"noticiasribeiraopreto.com.br","date":"14 de September de 2024","format":false,"excerpt":"Um entregador de comida ficou ferido na noite desta sexta-feira (13), ap\u00f3s uma batida entre a moto que conduzia e um carro no bairro Monte Alegre, zona Oeste de Ribeir\u00e3o Preto. Assista ao v\u00eddeo abaixo. Ap\u00f3s a colis\u00e3o, o motorista do carro teria deixado o local sem prestar socorro \u00e0\u2026","rel":"","context":"In &quot;Not\u00edcias de Ribeir\u00e3o Preto-SP e Regi\u00e3o&quot;","block_context":{"text":"Not\u00edcias de Ribeir\u00e3o Preto-SP e Regi\u00e3o","link":"https:\/\/noticiasribeiraopreto.com.br\/index.php\/category\/noticias-de-ribeirao-preto-sp-e-regiao-ismael-colosi\/"},"img":{"alt_text":"","src":"https:\/\/i0.wp.com\/noticiasribeiraopreto.com.br\/wp-content\/uploads\/2024\/09\/WhatsApp-Image-2024-09-14-at-18.06.44_2024-09-14_21-07-27_jpeg_2024-09-14_21-07-28.webp.webp?fit=1200%2C927&ssl=1&resize=350%2C200","width":350,"height":200,"srcset":"https:\/\/i0.wp.com\/noticiasribeiraopreto.com.br\/wp-content\/uploads\/2024\/09\/WhatsApp-Image-2024-09-14-at-18.06.44_2024-09-14_21-07-27_jpeg_2024-09-14_21-07-28.webp.webp?fit=1200%2C927&ssl=1&resize=350%2C200 1x, https:\/\/i0.wp.com\/noticiasribeiraopreto.com.br\/wp-content\/uploads\/2024\/09\/WhatsApp-Image-2024-09-14-at-18.06.44_2024-09-14_21-07-27_jpeg_2024-09-14_21-07-28.webp.webp?fit=1200%2C927&ssl=1&resize=525%2C300 1.5x, https:\/\/i0.wp.com\/noticiasribeiraopreto.com.br\/wp-content\/uploads\/2024\/09\/WhatsApp-Image-2024-09-14-at-18.06.44_2024-09-14_21-07-27_jpeg_2024-09-14_21-07-28.webp.webp?fit=1200%2C927&ssl=1&resize=700%2C400 2x, https:\/\/i0.wp.com\/noticiasribeiraopreto.com.br\/wp-content\/uploads\/2024\/09\/WhatsApp-Image-2024-09-14-at-18.06.44_2024-09-14_21-07-27_jpeg_2024-09-14_21-07-28.webp.webp?fit=1200%2C927&ssl=1&resize=1050%2C600 3x"},"classes":[]}],"jetpack_sharing_enabled":true,"jetpack_shortlink":"https:\/\/wp.me\/peQAOb-abf","_links":{"self":[{"href":"https:\/\/noticiasribeiraopreto.com.br\/index.php\/wp-json\/wp\/v2\/posts\/39137","targetHints":{"allow":["GET"]}}],"collection":[{"href":"https:\/\/noticiasribeiraopreto.com.br\/index.php\/wp-json\/wp\/v2\/posts"}],"about":[{"href":"https:\/\/noticiasribeiraopreto.com.br\/index.php\/wp-json\/wp\/v2\/types\/post"}],"author":[{"embeddable":true,"href":"https:\/\/noticiasribeiraopreto.com.br\/index.php\/wp-json\/wp\/v2\/users\/1"}],"replies":[{"embeddable":true,"href":"https:\/\/noticiasribeiraopreto.com.br\/index.php\/wp-json\/wp\/v2\/comments?post=39137"}],"version-history":[{"count":0,"href":"https:\/\/noticiasribeiraopreto.com.br\/index.php\/wp-json\/wp\/v2\/posts\/39137\/revisions"}],"wp:featuredmedia":[{"embeddable":true,"href":"https:\/\/noticiasribeiraopreto.com.br\/index.php\/wp-json\/wp\/v2\/media\/39138"}],"wp:attachment":[{"href":"https:\/\/noticiasribeiraopreto.com.br\/index.php\/wp-json\/wp\/v2\/media?parent=39137"}],"wp:term":[{"taxonomy":"category","embeddable":true,"href":"https:\/\/noticiasribeiraopreto.com.br\/index.php\/wp-json\/wp\/v2\/categories?post=39137"},{"taxonomy":"post_tag","embeddable":true,"href":"https:\/\/noticiasribeiraopreto.com.br\/index.php\/wp-json\/wp\/v2\/tags?post=39137"}],"curies":[{"name":"wp","href":"https:\/\/api.w.org\/{rel}","templated":true}]}}