{"id":39175,"date":"2024-02-23T16:33:49","date_gmt":"2024-02-23T19:33:49","guid":{"rendered":"https:\/\/noticiasribeiraopreto.com.br\/index.php\/2024\/02\/23\/comissao-do-senado-aprova-lei-para-proteger-criancas-em-ambientes-digitais\/"},"modified":"2024-02-23T16:33:49","modified_gmt":"2024-02-23T19:33:49","slug":"comissao-do-senado-aprova-lei-para-proteger-criancas-em-ambientes-digitais","status":"publish","type":"post","link":"https:\/\/noticiasribeiraopreto.com.br\/index.php\/2024\/02\/23\/comissao-do-senado-aprova-lei-para-proteger-criancas-em-ambientes-digitais\/","title":{"rendered":"Comiss\u00e3o do Senado aprova lei para proteger crian\u00e7as em ambientes digitais"},"content":{"rendered":"<div class='code-block code-block-1' style='margin: 8px 0 8px auto; text-align: right; display: block; clear: both;'>\n<p><a href=\"https:\/\/wa.link\/vpicfd\"><img data-recalc-dims=\"1\" class=\"wp-image-4922\" style=\"aspect-ratio: 2.0253164556962027; width: 561px; height: auto;\" src=\"https:\/\/i0.wp.com\/ismaelcolosi.com.br\/wp-content\/uploads\/2023\/11\/grupo-de-empregos-whatsapp-e-facebook-ismael-colosi-vagas.jpg?ssl=1\" alt=\"\" \/><\/a><\/p>\n<!-- \/wp:image -->\n<\/div>\n<p> <br \/>\n<\/p>\n<div id=\"\">\n<p> <span class=\"entry-meta-item penci-posted-on\"><i class=\"fa fa-clock-o\"\/><time class=\"entry-date published updated\" datetime=\"2024-02-23T16:19:08-03:00\">23 de fevereiro de 2024 | 16:19<\/time><\/span><\/p>\n<p> <span class=\"penci-social-buttons penci-social-share-footer\"><a href=\"#\" class=\"penci-post-like penci_post-meta_item  single-like-button penci-social-item like\" data-post_id=\"374764\" title=\"Like\" data-like=\"Like\" data-unlike=\"Unlike\"><i class=\"fa fa-thumbs-o-up\"\/><span class=\"penci-share-number\">0<\/span><\/a><i class=\"fa fa-facebook\"\/><a class=\"penci-social-item twitter\" target=\"_blank\" rel=\"noopener\" title=\"\" href=\"https:\/\/twitter.com\/intent\/tweet?text=Comiss\u00e3o%20do%20Senado%20aprova%20lei%20para%20proteger%20crian\u00e7as%20em%20ambientes%20digitais%20-%20https:\/\/www.tribunaribeirao.com.br\/site\/comissao-do-senado-aprova-lei-para-proteger-criancas-em-ambientes-digitais\/\"><i class=\"fa fa-twitter\"\/><\/a><i class=\"fa fa-whatsapp\"\/><\/span><\/div>\n<div>\n<p>A Comiss\u00e3o de Constitui\u00e7\u00e3o e Justi\u00e7a (CCJ) do Senado aprovou o projeto de lei (PL) 2.628\/2022, que busca proteger crian\u00e7as e adolescentes em ambientes digitais. Os senadores aprovaram um requerimento de urg\u00eancia para a vota\u00e7\u00e3o da mat\u00e9ria, que segue para a Comiss\u00e3o de Ci\u00eancia e Tecnologia (CCT).<\/p>\n<p>O projeto prev\u00ea regras para redes sociais, aplicativos, sites, jogos eletr\u00f4nicos, softwares, produtos e servi\u00e7os virtuais \u2013 como a cria\u00e7\u00e3o de mecanismos para verificar a idade dos usu\u00e1rios.<\/p>\n<figure id=\"attachment_374766\" aria-describedby=\"caption-attachment-374766\" style=\"width: 225px\" class=\"wp-caption alignleft\"><noscript><img data-recalc-dims=\"1\" loading=\"lazy\" decoding=\"async\" class=\"wp-image-374766 size-medium\" src=\"https:\/\/i0.wp.com\/www.tribunaribeirao.com.br\/site\/wp-content\/uploads\/2024\/02\/f9a9bfb1-9f74-4519-9215-2f4e6e6f0b1f-225x300.jpg?resize=225%2C300&#038;ssl=1\" alt=\"\" width=\"225\" height=\"300\" srcset=\"https:\/\/www.tribunaribeirao.com.br\/site\/wp-content\/uploads\/2024\/02\/f9a9bfb1-9f74-4519-9215-2f4e6e6f0b1f-225x300.jpg 225w, https:\/\/www.tribunaribeirao.com.br\/site\/wp-content\/uploads\/2024\/02\/f9a9bfb1-9f74-4519-9215-2f4e6e6f0b1f-768x1024.jpg 768w, https:\/\/www.tribunaribeirao.com.br\/site\/wp-content\/uploads\/2024\/02\/f9a9bfb1-9f74-4519-9215-2f4e6e6f0b1f-1152x1536.jpg 1152w, https:\/\/www.tribunaribeirao.com.br\/site\/wp-content\/uploads\/2024\/02\/f9a9bfb1-9f74-4519-9215-2f4e6e6f0b1f-960x1280.jpg 960w, https:\/\/www.tribunaribeirao.com.br\/site\/wp-content\/uploads\/2024\/02\/f9a9bfb1-9f74-4519-9215-2f4e6e6f0b1f-300x400.jpg 300w, https:\/\/www.tribunaribeirao.com.br\/site\/wp-content\/uploads\/2024\/02\/f9a9bfb1-9f74-4519-9215-2f4e6e6f0b1f-585x780.jpg 585w, https:\/\/www.tribunaribeirao.com.br\/site\/wp-content\/uploads\/2024\/02\/f9a9bfb1-9f74-4519-9215-2f4e6e6f0b1f-scaled.jpg 484w\" sizes=\"auto, (max-width: 225px) 100vw, 225px\"\/><\/noscript><figcaption id=\"caption-attachment-374766\" class=\"wp-caption-text\">Hoje um jovem pode estar em casa, ao lado dos pais, e estar sendo v\u00edtima de um crime pelo celular\u201d, diz Ana Paula<\/figcaption><\/figure>\n<p>O PL 2.628\/2022 tamb\u00e9m imp\u00f5e supervis\u00e3o do uso da internet pelos respons\u00e1veis e obriga provedores de internet e fornecedores de produtos a criar sistemas de notifica\u00e7\u00e3o de abuso sexual e oferecer configura\u00e7\u00f5es mais eficientes para a privacidade e a prote\u00e7\u00e3o de dados pessoais.<\/p>\n<p>Para a advogada Ana Paula Siqueira, especialista em Direito Digital e Cyberbullying, a proposta \u00e9 um avan\u00e7o para a defesa de crian\u00e7as e adolescentes em ambientes digitais. \u201cMonitorar as atividades online de crian\u00e7as e adolescentes \u00e9 fundamental para a seguran\u00e7a delas e as empresas de tecnologia devem ter obriga\u00e7\u00f5es e oferecer mecanismos para ajudar a garantir essa seguran\u00e7a\u201d, explica<\/p>\n<p>\u201cO projeto pretende avan\u00e7ar em rela\u00e7\u00e3o \u00e0 seguran\u00e7a do uso da rede respeitando a autonomia e o desenvolvimento progressivo do indiv\u00edduo, de acordo com as melhores pr\u00e1ticas e legisla\u00e7\u00f5es internacionais e acompanhando o ritmo das inova\u00e7\u00f5es tecnol\u00f3gicas apresentadas ao p\u00fablico infanto-juvenil\u201d, afirma o senador Alessandro Vieira, autor da proposta.<\/p>\n<p>Segundo o PL 2.628\/2022, os desenvolvedores devem oferecer mecanismos para impedir ativamente o uso por crian\u00e7as e adolescentes de produtos e servi\u00e7os que n\u00e3o tenham sido criados especificamente para aquele p\u00fablico ou quando n\u00e3o forem adequados a ele.<br \/>Os fornecedores devem tomar provid\u00eancias para prevenir e mitigar pr\u00e1ticas como bullying, explora\u00e7\u00e3o sexual e padr\u00f5es de uso que possam incentivar v\u00edcios e transtornos diversos.<\/p>\n<p>Outra obriga\u00e7\u00e3o \u00e9 a exist\u00eancia de mecanismos de controle parental para impedir a visibilidade de determinados conte\u00fados, limitar a comunica\u00e7\u00e3o direta entre adultos e menores de idade e restringir o tempo de uso. \u201cManter esse controle no ambiente virtual \u00e9 t\u00e3o necess\u00e1rio quanto manter as ruas seguras. Hoje um jovem pode estar em casa, ao lado dos pais, e estar sendo v\u00edtima de um crime pelo celular\u201d, diz Ana Paula.<\/p>\n<p><strong>Abuso sexual \u2013 <\/strong>O Senador Jorge Kajuru tamb\u00e9m acrescentou um cap\u00edtulo ao projeto para tratar da notifica\u00e7\u00e3o de conte\u00fados de explora\u00e7\u00e3o e abuso sexual infantil, de modo a preencher o que ele julga ser uma lacuna na legisla\u00e7\u00e3o.<br \/>No novo texto, provedores de internet e fornecedores de produtos ou servi\u00e7os de tecnologia da informa\u00e7\u00e3o direcionados ou utilizados por crian\u00e7as e adolescentes devem implementar sistemas que permitam relatar conte\u00fados de explora\u00e7\u00e3o e abuso sexual infantil detectados a autoridades nacionais e internacionais.<br \/>Eles tamb\u00e9m devem remover conte\u00fado que viole direitos de crian\u00e7as e adolescentes assim que receberem den\u00fancia, sem aguardar por ordem judicial.<br \/>Puni\u00e7\u00f5es<br \/>Ana Paula explica que a proposta j\u00e1 prev\u00ea puni\u00e7\u00f5es em caso de infra\u00e7\u00e3o, como advert\u00eancia, suspens\u00e3o e proibi\u00e7\u00e3o dos servi\u00e7os. \u201cTamb\u00e9m pode ser aplicada multa com valor m\u00e1ximo de R$ 50 milh\u00f5es. Os recursos ser\u00e3o destinados ao Fundo de Defesa de Direitos Difusos, para proteger crian\u00e7as e adolescentes no ambiente digital\u201d, completou.<\/p>\n<p>(Com informa\u00e7\u00f5es da Ag\u00eancia Senado)<\/p>\n<\/div>\n<p><script async src=\"\/\/platform.twitter.com\/widgets.js\" charset=\"utf-8\"><\/script><br \/>\n<br \/><br \/>\n<br \/><a href=\"https:\/\/www.tribunaribeirao.com.br\/site\/comissao-do-senado-aprova-lei-para-proteger-criancas-em-ambientes-digitais\/\">Source link <\/a><\/p>\n<!-- CONTENT END 1 -->\n","protected":false},"excerpt":{"rendered":"<p>23 de fevereiro de 2024 | 16:19 0 A Comiss\u00e3o de Constitui\u00e7\u00e3o e Justi\u00e7a (CCJ) do Senado aprovou o projeto de lei (PL) 2.628\/2022, que&#8230;<\/p>\n","protected":false},"author":1,"featured_media":39176,"comment_status":"open","ping_status":"open","sticky":false,"template":"","format":"standard","meta":{"advanced_seo_description":"","jetpack_seo_html_title":"","jetpack_seo_noindex":false,"jetpack_post_was_ever_published":false,"_jetpack_newsletter_access":"","_jetpack_dont_email_post_to_subs":false,"_jetpack_newsletter_tier_id":0,"_jetpack_memberships_contains_paywalled_content":false,"_jetpack_memberships_contains_paid_content":false,"footnotes":"","jetpack_publicize_message":"","jetpack_publicize_feature_enabled":true,"jetpack_social_post_already_shared":true,"jetpack_social_options":{"image_generator_settings":{"template":"highway","default_image_id":0,"font":"","enabled":false},"version":2}},"categories":[11],"tags":[4463,155,2086,1175,1262,1126,71,4227,1073],"class_list":["post-39175","post","type-post","status-publish","format-standard","has-post-thumbnail","hentry","category-noticias-de-ribeirao-preto-sp-e-regiao-ismael-colosi","tag-ambientes","tag-aprova","tag-comissao","tag-criancas","tag-digitais","tag-lei","tag-para","tag-proteger","tag-senado"],"jetpack_publicize_connections":[],"jetpack_featured_media_url":"https:\/\/i0.wp.com\/noticiasribeiraopreto.com.br\/wp-content\/uploads\/2024\/02\/588dc7e2-9d70-44d1-ba41-cad6f14dd088.jpeg?fit=675%2C450&ssl=1","jetpack-related-posts":[{"id":35598,"url":"https:\/\/noticiasribeiraopreto.com.br\/index.php\/2024\/02\/06\/comissao-do-senado-aprova-fim-da-saidinha-para-presos\/","url_meta":{"origin":39175,"position":0},"title":"Comiss\u00e3o do Senado aprova fim da &#8220;saidinha&#8221; para presos","author":"noticiasribeiraopreto.com.br","date":"6 de February de 2024","format":false,"excerpt":"6 de fevereiro de 2024 | 18:26 0A Comiss\u00e3o de Seguran\u00e7a P\u00fablica (CSP) do Senado aprovou nesta ter\u00e7a-feira (6) projeto de lei que acaba com a concess\u00e3o do benef\u00edcio da sa\u00edda tempor\u00e1ria a presos, mantendo apenas para que possam estudar. Os parlamentares aprovaram urg\u00eancia para vota\u00e7\u00e3o do texto em plen\u00e1rio,\u2026","rel":"","context":"In &quot;Not\u00edcias de Ribeir\u00e3o Preto-SP e Regi\u00e3o&quot;","block_context":{"text":"Not\u00edcias de Ribeir\u00e3o Preto-SP e Regi\u00e3o","link":"https:\/\/noticiasribeiraopreto.com.br\/index.php\/category\/noticias-de-ribeirao-preto-sp-e-regiao-ismael-colosi\/"},"img":{"alt_text":"","src":"https:\/\/i0.wp.com\/noticiasribeiraopreto.com.br\/wp-content\/uploads\/2024\/02\/6058b772-3f07-4b3b-b176-3cfdf6a6c1ac-scaled.jpg?fit=1000%2C598&ssl=1&resize=350%2C200","width":350,"height":200,"srcset":"https:\/\/i0.wp.com\/noticiasribeiraopreto.com.br\/wp-content\/uploads\/2024\/02\/6058b772-3f07-4b3b-b176-3cfdf6a6c1ac-scaled.jpg?fit=1000%2C598&ssl=1&resize=350%2C200 1x, https:\/\/i0.wp.com\/noticiasribeiraopreto.com.br\/wp-content\/uploads\/2024\/02\/6058b772-3f07-4b3b-b176-3cfdf6a6c1ac-scaled.jpg?fit=1000%2C598&ssl=1&resize=525%2C300 1.5x, https:\/\/i0.wp.com\/noticiasribeiraopreto.com.br\/wp-content\/uploads\/2024\/02\/6058b772-3f07-4b3b-b176-3cfdf6a6c1ac-scaled.jpg?fit=1000%2C598&ssl=1&resize=700%2C400 2x"},"classes":[]},{"id":61445,"url":"https:\/\/noticiasribeiraopreto.com.br\/index.php\/2024\/12\/12\/camara-aprova-castracao-quimica-para-condenados-por-pedofilia-entenda\/","url_meta":{"origin":39175,"position":1},"title":"C\u00e2mara aprova castra\u00e7\u00e3o qu\u00edmica para condenados por pedofilia; entenda","author":"noticiasribeiraopreto.com.br","date":"12 de December de 2024","format":false,"excerpt":"Nesta quinta-feira (12), a C\u00e2mara dos Deputados aprovou um projeto de lei que prev\u00ea, entre outras medidas, a castra\u00e7\u00e3o qu\u00edmica para pessoas condenadas por crimes de pedofilia. A proposta agora segue para vota\u00e7\u00e3o no Senado Federal. O que prev\u00ea a medida? De acordo com o projeto aprovado, a castra\u00e7\u00e3o qu\u00edmica\u2026","rel":"","context":"In &quot;Not\u00edcias de Ribeir\u00e3o Preto-SP e Regi\u00e3o&quot;","block_context":{"text":"Not\u00edcias de Ribeir\u00e3o Preto-SP e Regi\u00e3o","link":"https:\/\/noticiasribeiraopreto.com.br\/index.php\/category\/noticias-de-ribeirao-preto-sp-e-regiao-ismael-colosi\/"},"img":{"alt_text":"","src":"https:\/\/i0.wp.com\/noticiasribeiraopreto.com.br\/wp-content\/uploads\/2024\/12\/camara_dos_1024x576_04012021203812.jpg?fit=1024%2C576&ssl=1&resize=350%2C200","width":350,"height":200,"srcset":"https:\/\/i0.wp.com\/noticiasribeiraopreto.com.br\/wp-content\/uploads\/2024\/12\/camara_dos_1024x576_04012021203812.jpg?fit=1024%2C576&ssl=1&resize=350%2C200 1x, https:\/\/i0.wp.com\/noticiasribeiraopreto.com.br\/wp-content\/uploads\/2024\/12\/camara_dos_1024x576_04012021203812.jpg?fit=1024%2C576&ssl=1&resize=525%2C300 1.5x, https:\/\/i0.wp.com\/noticiasribeiraopreto.com.br\/wp-content\/uploads\/2024\/12\/camara_dos_1024x576_04012021203812.jpg?fit=1024%2C576&ssl=1&resize=700%2C400 2x"},"classes":[]},{"id":8438,"url":"https:\/\/noticiasribeiraopreto.com.br\/index.php\/2023\/11\/30\/comissao-aprova-lei-que-preve-passagem-aerea-gratis-para-pcds\/","url_meta":{"origin":39175,"position":2},"title":"Comiss\u00e3o aprova lei que prev\u00ea passagem a\u00e9rea gr\u00e1tis para PCDs","author":"noticiasribeiraopreto.com.br","date":"30 de November de 2023","format":false,"excerpt":"A Comiss\u00e3o de Assuntos Econ\u00f4micos (CAE) do Senado aprovou o projeto de lei (PL) que prev\u00ea passagem a\u00e9rea gratuita para pessoas de baixa renda com defici\u00eancia. De autoria da senadora Mara Gabrilli (PSD-SP), o texto segue agora para aprova\u00e7\u00e3o da C\u00e2mara dos Deputados. Cr\u00e9ditos: Tomaz Silva\/Ag\u00eancia BrasilComiss\u00e3o aprova lei que\u2026","rel":"","context":"In &quot;Variedades&quot;","block_context":{"text":"Variedades","link":"https:\/\/noticiasribeiraopreto.com.br\/index.php\/category\/variedades\/"},"img":{"alt_text":"","src":"https:\/\/i0.wp.com\/noticiasribeiraopreto.com.br\/wp-content\/uploads\/2023\/11\/passagens-aereas-em-queda.jpg?fit=1200%2C638&ssl=1&resize=350%2C200","width":350,"height":200,"srcset":"https:\/\/i0.wp.com\/noticiasribeiraopreto.com.br\/wp-content\/uploads\/2023\/11\/passagens-aereas-em-queda.jpg?fit=1200%2C638&ssl=1&resize=350%2C200 1x, https:\/\/i0.wp.com\/noticiasribeiraopreto.com.br\/wp-content\/uploads\/2023\/11\/passagens-aereas-em-queda.jpg?fit=1200%2C638&ssl=1&resize=525%2C300 1.5x, https:\/\/i0.wp.com\/noticiasribeiraopreto.com.br\/wp-content\/uploads\/2023\/11\/passagens-aereas-em-queda.jpg?fit=1200%2C638&ssl=1&resize=700%2C400 2x, https:\/\/i0.wp.com\/noticiasribeiraopreto.com.br\/wp-content\/uploads\/2023\/11\/passagens-aereas-em-queda.jpg?fit=1200%2C638&ssl=1&resize=1050%2C600 3x"},"classes":[]},{"id":36092,"url":"https:\/\/noticiasribeiraopreto.com.br\/index.php\/2024\/02\/08\/senado-aprova-urgencia-para-votacao-de-projeto-que-acaba-com-a-saidinha-de-presos\/","url_meta":{"origin":39175,"position":3},"title":"Senado aprova urg\u00eancia para vota\u00e7\u00e3o de projeto que acaba com a &#8220;saidinha&#8221; de presos","author":"noticiasribeiraopreto.com.br","date":"8 de February de 2024","format":false,"excerpt":"O projeto de lei 2.253\/2022, que restringe o benef\u00edcio da sa\u00edda tempor\u00e1ria para presos condenados, ser\u00e1 votado com urg\u00eancia pelo Senado. O requerimento de urg\u00eancia foi aprovado pelos senadores nesta quarta-feira, 7, em plen\u00e1rio. O presidente do Senado, Rodrigo Pacheco, informou que a mat\u00e9ria ser\u00e1 pautada \u201cem momento oportuno\u201d. A\u2026","rel":"","context":"In &quot;Not\u00edcias de Ribeir\u00e3o Preto-SP e Regi\u00e3o&quot;","block_context":{"text":"Not\u00edcias de Ribeir\u00e3o Preto-SP e Regi\u00e3o","link":"https:\/\/noticiasribeiraopreto.com.br\/index.php\/category\/noticias-de-ribeirao-preto-sp-e-regiao-ismael-colosi\/"},"img":{"alt_text":"","src":"https:\/\/i0.wp.com\/noticiasribeiraopreto.com.br\/wp-content\/uploads\/2024\/02\/15123427_saidinha.jpg?fit=876%2C585&ssl=1&resize=350%2C200","width":350,"height":200,"srcset":"https:\/\/i0.wp.com\/noticiasribeiraopreto.com.br\/wp-content\/uploads\/2024\/02\/15123427_saidinha.jpg?fit=876%2C585&ssl=1&resize=350%2C200 1x, https:\/\/i0.wp.com\/noticiasribeiraopreto.com.br\/wp-content\/uploads\/2024\/02\/15123427_saidinha.jpg?fit=876%2C585&ssl=1&resize=525%2C300 1.5x, https:\/\/i0.wp.com\/noticiasribeiraopreto.com.br\/wp-content\/uploads\/2024\/02\/15123427_saidinha.jpg?fit=876%2C585&ssl=1&resize=700%2C400 2x"},"classes":[]},{"id":70693,"url":"https:\/\/noticiasribeiraopreto.com.br\/index.php\/2025\/05\/29\/jornal-da-franca-agora-e-crime-senado-aprova-lei-que-proibe-fazer-tatuagens-e-piercings-em-pets\/","url_meta":{"origin":39175,"position":4},"title":"Jornal da Franca &#8211; Agora \u00e9 crime: Senado aprova lei que pro\u00edbe fazer tatuagens e piercings em pets","author":"noticiasribeiraopreto.com.br","date":"29 de May de 2025","format":false,"excerpt":"compartilhar no whatsapp compartilhar no telegram compartilhar no facebook compartilhar no linkedin Al\u00e9m da dor f\u00edsica, as interven\u00e7\u00f5es exigem cuidados complexos, como higieniza\u00e7\u00e3o\u00a0frequente\u00a0e\u00a0acompanhamento veterin\u00e1rio. O\u00a0Senado aprovou um projeto que pro\u00edbe tatuagens\u00a0e\u00a0piercings\u00a0em\u00a0c\u00e3es\u00a0e\u00a0gatos\u00a0por\u00a0fins est\u00e9ticos. A proposta, de autoria do deputado\u00a0Fred Costa(PRD-MG), foi encaminhada para\u00a0san\u00e7\u00e3o presidencial. A pr\u00e1tica passa a ser considerada\u00a0crime ambiental\u00a0e\u2026","rel":"","context":"In &quot;Not\u00edcias de Franca-SP&quot;","block_context":{"text":"Not\u00edcias de Franca-SP","link":"https:\/\/noticiasribeiraopreto.com.br\/index.php\/category\/noticias-de-ribeirao-preto-sp-e-regiao-ismael-colosi\/noticias-franca-sp\/"},"img":{"alt_text":"","src":"https:\/\/i0.wp.com\/noticiasribeiraopreto.com.br\/wp-content\/uploads\/2025\/05\/6sqf8spujr197zsdx98lpcitl.jpg?fit=906%2C509&ssl=1&resize=350%2C200","width":350,"height":200,"srcset":"https:\/\/i0.wp.com\/noticiasribeiraopreto.com.br\/wp-content\/uploads\/2025\/05\/6sqf8spujr197zsdx98lpcitl.jpg?fit=906%2C509&ssl=1&resize=350%2C200 1x, https:\/\/i0.wp.com\/noticiasribeiraopreto.com.br\/wp-content\/uploads\/2025\/05\/6sqf8spujr197zsdx98lpcitl.jpg?fit=906%2C509&ssl=1&resize=525%2C300 1.5x, https:\/\/i0.wp.com\/noticiasribeiraopreto.com.br\/wp-content\/uploads\/2025\/05\/6sqf8spujr197zsdx98lpcitl.jpg?fit=906%2C509&ssl=1&resize=700%2C400 2x"},"classes":[]},{"id":38699,"url":"https:\/\/noticiasribeiraopreto.com.br\/index.php\/2024\/02\/21\/senado-aprova-fim-da-saidinha-de-presos\/","url_meta":{"origin":39175,"position":5},"title":"Senado aprova fim da \u201csaidinha\u201d de presos","author":"noticiasribeiraopreto.com.br","date":"21 de February de 2024","format":false,"excerpt":"21 de fevereiro de 2024 | 10:0021 de fevereiro de 2024 | 9:35 0O Senado aprovou nesta ter\u00e7a-feira (20) o projeto de lei que acaba com as sa\u00eddas tempor\u00e1rias de presos em feriados e datas comemorativas, mas mant\u00e9m a autoriza\u00e7\u00e3o para que detentos em regime semiaberto possam estudar fora da\u2026","rel":"","context":"In &quot;Not\u00edcias de Ribeir\u00e3o Preto-SP e Regi\u00e3o&quot;","block_context":{"text":"Not\u00edcias de Ribeir\u00e3o Preto-SP e Regi\u00e3o","link":"https:\/\/noticiasribeiraopreto.com.br\/index.php\/category\/noticias-de-ribeirao-preto-sp-e-regiao-ismael-colosi\/"},"img":{"alt_text":"","src":"https:\/\/i0.wp.com\/noticiasribeiraopreto.com.br\/wp-content\/uploads\/2024\/02\/09ea73f0-455b-436b-b175-977882018625-scaled.jpg?fit=1000%2C598&ssl=1&resize=350%2C200","width":350,"height":200,"srcset":"https:\/\/i0.wp.com\/noticiasribeiraopreto.com.br\/wp-content\/uploads\/2024\/02\/09ea73f0-455b-436b-b175-977882018625-scaled.jpg?fit=1000%2C598&ssl=1&resize=350%2C200 1x, https:\/\/i0.wp.com\/noticiasribeiraopreto.com.br\/wp-content\/uploads\/2024\/02\/09ea73f0-455b-436b-b175-977882018625-scaled.jpg?fit=1000%2C598&ssl=1&resize=525%2C300 1.5x, https:\/\/i0.wp.com\/noticiasribeiraopreto.com.br\/wp-content\/uploads\/2024\/02\/09ea73f0-455b-436b-b175-977882018625-scaled.jpg?fit=1000%2C598&ssl=1&resize=700%2C400 2x"},"classes":[]}],"jetpack_sharing_enabled":true,"jetpack_shortlink":"https:\/\/wp.me\/peQAOb-abR","_links":{"self":[{"href":"https:\/\/noticiasribeiraopreto.com.br\/index.php\/wp-json\/wp\/v2\/posts\/39175","targetHints":{"allow":["GET"]}}],"collection":[{"href":"https:\/\/noticiasribeiraopreto.com.br\/index.php\/wp-json\/wp\/v2\/posts"}],"about":[{"href":"https:\/\/noticiasribeiraopreto.com.br\/index.php\/wp-json\/wp\/v2\/types\/post"}],"author":[{"embeddable":true,"href":"https:\/\/noticiasribeiraopreto.com.br\/index.php\/wp-json\/wp\/v2\/users\/1"}],"replies":[{"embeddable":true,"href":"https:\/\/noticiasribeiraopreto.com.br\/index.php\/wp-json\/wp\/v2\/comments?post=39175"}],"version-history":[{"count":0,"href":"https:\/\/noticiasribeiraopreto.com.br\/index.php\/wp-json\/wp\/v2\/posts\/39175\/revisions"}],"wp:featuredmedia":[{"embeddable":true,"href":"https:\/\/noticiasribeiraopreto.com.br\/index.php\/wp-json\/wp\/v2\/media\/39176"}],"wp:attachment":[{"href":"https:\/\/noticiasribeiraopreto.com.br\/index.php\/wp-json\/wp\/v2\/media?parent=39175"}],"wp:term":[{"taxonomy":"category","embeddable":true,"href":"https:\/\/noticiasribeiraopreto.com.br\/index.php\/wp-json\/wp\/v2\/categories?post=39175"},{"taxonomy":"post_tag","embeddable":true,"href":"https:\/\/noticiasribeiraopreto.com.br\/index.php\/wp-json\/wp\/v2\/tags?post=39175"}],"curies":[{"name":"wp","href":"https:\/\/api.w.org\/{rel}","templated":true}]}}