{"id":39195,"date":"2024-02-23T18:19:26","date_gmt":"2024-02-23T21:19:26","guid":{"rendered":"https:\/\/noticiasribeiraopreto.com.br\/index.php\/2024\/02\/23\/prefeitura-de-rp-tera-posto-do-sebrae-aqui\/"},"modified":"2024-02-23T18:19:26","modified_gmt":"2024-02-23T21:19:26","slug":"prefeitura-de-rp-tera-posto-do-sebrae-aqui","status":"publish","type":"post","link":"https:\/\/noticiasribeiraopreto.com.br\/index.php\/2024\/02\/23\/prefeitura-de-rp-tera-posto-do-sebrae-aqui\/","title":{"rendered":"Prefeitura de RP ter\u00e1 posto do Sebrae Aqui \u00a0"},"content":{"rendered":"<div class='code-block code-block-1' style='margin: 8px 0 8px auto; text-align: right; display: block; clear: both;'>\n<p><a href=\"https:\/\/wa.link\/vpicfd\"><img data-recalc-dims=\"1\" class=\"wp-image-4922\" style=\"aspect-ratio: 2.0253164556962027; width: 561px; height: auto;\" src=\"https:\/\/i0.wp.com\/ismaelcolosi.com.br\/wp-content\/uploads\/2023\/11\/grupo-de-empregos-whatsapp-e-facebook-ismael-colosi-vagas.jpg?ssl=1\" alt=\"\" \/><\/a><\/p>\n<!-- \/wp:image -->\n<\/div>\n<p> <br \/>\n<\/p>\n<div id=\"post-374669\">\n<header class=\"entry-header penci-entry-header penci-title-center\">\n<p> <span class=\"entry-meta-item penci-posted-on\"><i class=\"fa fa-clock-o\"\/><time class=\"entry-date published\" datetime=\"2024-02-23T18:00:53-03:00\">23 de fevereiro de 2024 | 18:00<\/time><time class=\"updated\" datetime=\"2024-02-23T08:02:33-03:00\">23 de fevereiro de 2024 | 8:02<\/time><\/span><\/p>\n<p> <span class=\"penci-social-buttons penci-social-share-footer\"><a href=\"#\" class=\"penci-post-like penci_post-meta_item  single-like-button penci-social-item like\" data-post_id=\"374669\" title=\"Like\" data-like=\"Like\" data-unlike=\"Unlike\"><i class=\"fa fa-thumbs-o-up\"\/><span class=\"penci-share-number\">0<\/span><\/a><i class=\"fa fa-facebook\"\/><a class=\"penci-social-item twitter\" target=\"_blank\" rel=\"noopener\" title=\"\" href=\"https:\/\/twitter.com\/intent\/tweet?text=Prefeitura%20de%20RP%20ter\u00e1%20posto%20do%20Sebrae%20Aqui%20\u00a0%20-%20https:\/\/www.tribunaribeirao.com.br\/site\/prefeitura-de-rp-tera-posto-do-sebrae-aqui\/\"><i class=\"fa fa-twitter\"\/><\/a><i class=\"fa fa-whatsapp\"\/><\/span><\/header>\n<div class=\"penci-entry-content entry-content\">\n<p><span class=\"TextRun SCXW72141126 BCX0\" lang=\"PT-BR\" xml:lang=\"PT-BR\" data-contrast=\"none\"><span class=\"NormalTextRun SCXW72141126 BCX0\">Come\u00e7a a funcionar na pr\u00f3xima segunda-feira, 26 de fevereiro, o <\/span><span class=\"NormalTextRun SCXW72141126 BCX0\">p<\/span><span class=\"NormalTextRun SCXW72141126 BCX0\">osto <\/span><span class=\"NormalTextRun SCXW72141126 BCX0\">Sebrae<\/span><span class=\"NormalTextRun SCXW72141126 BCX0\"> Aqui, parceria <\/span><span class=\"NormalTextRun SCXW72141126 BCX0\">do <\/span><\/span><span class=\"TextRun SCXW72141126 BCX0\" lang=\"PT-BR\" xml:lang=\"PT-BR\" data-contrast=\"auto\"><span class=\"NormalTextRun SCXW72141126 BCX0\">Servi\u00e7o Brasileiro de Apoio \u00e0s Micro e Pequenas Empresas<\/span><span class=\"NormalTextRun SCXW72141126 BCX0\"> de S\u00e3o Paulo (S<\/span><span class=\"NormalTextRun SCXW72141126 BCX0\">ebrae-SP<\/span><span class=\"NormalTextRun SCXW72141126 BCX0\">)<\/span> <\/span><span class=\"TextRun SCXW72141126 BCX0\" lang=\"PT-BR\" xml:lang=\"PT-BR\" data-contrast=\"none\"><span class=\"NormalTextRun SCXW72141126 BCX0\">com a <\/span><span class=\"NormalTextRun SCXW72141126 BCX0\">p<\/span><span class=\"NormalTextRun SCXW72141126 BCX0\">refeitura <\/span><span class=\"NormalTextRun SCXW72141126 BCX0\">de Ribeir\u00e3o Preto<\/span><span class=\"NormalTextRun SCXW72141126 BCX0\">. O posto funcionar\u00e1 no pr\u00e9dio do Centro de Apoio ao Trabalhador e Empreendedor <\/span><span class=\"NormalTextRun SCXW72141126 BCX0\">(<\/span><span class=\"NormalTextRun SpellingErrorV2Themed SCXW72141126 BCX0\">Caterp<\/span><span class=\"NormalTextRun SCXW72141126 BCX0\">), <\/span><span class=\"NormalTextRun SCXW72141126 BCX0\">na <\/span><span class=\"NormalTextRun SCXW72141126 BCX0\">avenida<\/span> <span class=\"NormalTextRun SCXW72141126 BCX0\">Doutor <\/span><span class=\"NormalTextRun SCXW72141126 BCX0\">Francisco Junqueira n\u00ba 2<\/span><span class=\"NormalTextRun SCXW72141126 BCX0\">.<\/span><span class=\"NormalTextRun SCXW72141126 BCX0\">625<\/span><span class=\"NormalTextRun SCXW72141126 BCX0\">, Jardim Macedo<\/span><span class=\"NormalTextRun SCXW72141126 BCX0\">.<\/span><\/span><span class=\"LineBreakBlob BlobObject DragDrop SCXW72141126 BCX0\"><span class=\"SCXW72141126 BCX0\">\u00a0<\/span><br class=\"SCXW72141126 BCX0\"\/><\/span><span class=\"LineBreakBlob BlobObject DragDrop SCXW72141126 BCX0\"><span class=\"SCXW72141126 BCX0\">\u00a0<\/span><br class=\"SCXW72141126 BCX0\"\/><\/span><span class=\"TextRun SCXW72141126 BCX0\" lang=\"PT-BR\" xml:lang=\"PT-BR\" data-contrast=\"none\"><span class=\"NormalTextRun SCXW72141126 BCX0\">\u201cDados do \u00faltimo <\/span><span class=\"NormalTextRun SpellingErrorV2Themed SCXW72141126 BCX0\">C<\/span><span class=\"NormalTextRun SpellingErrorV2Themed SCXW72141126 BCX0\">aged<\/span><span class=\"NormalTextRun SCXW72141126 BCX0\"> (Cadastro Geral <\/span><\/span><span class=\"TextRun Highlight SCXW72141126 BCX0\" lang=\"PT-BR\" xml:lang=\"PT-BR\" data-contrast=\"none\"><span class=\"NormalTextRun SCXW72141126 BCX0\">de Empregados e Desempregados<\/span><\/span><span class=\"TextRun SCXW72141126 BCX0\" lang=\"PT-BR\" xml:lang=\"PT-BR\" data-contrast=\"none\"><span class=\"NormalTextRun SCXW72141126 BCX0\"> apontou que Ribeir\u00e3o Preto ficou entre as cinco cidades do pa\u00eds, que mais geraram empregos. Onde tem empregos, as pessoas conseguem prosperar e buscar a felicidade individual e familiar<\/span><span class=\"NormalTextRun SCXW72141126 BCX0\">\u201d, diz o prefeito Duarte Nogueira (PSDB)<\/span><span class=\"NormalTextRun SCXW72141126 BCX0\">. <\/span><\/span><span class=\"LineBreakBlob BlobObject DragDrop SCXW72141126 BCX0\"><span class=\"SCXW72141126 BCX0\">\u00a0<\/span><br class=\"SCXW72141126 BCX0\"\/><\/span><span class=\"LineBreakBlob BlobObject DragDrop SCXW72141126 BCX0\"><span class=\"SCXW72141126 BCX0\">\u00a0<\/span><br class=\"SCXW72141126 BCX0\"\/><\/span><span class=\"TextRun SCXW72141126 BCX0\" lang=\"PT-BR\" xml:lang=\"PT-BR\" data-contrast=\"none\"><span class=\"NormalTextRun SCXW72141126 BCX0\">\u201cA <\/span><span class=\"NormalTextRun SCXW72141126 BCX0\">tarefa do governo \u00e9 promover a gera\u00e7\u00e3o de empregos, atrav\u00e9s de parcerias com a iniciativa privada e institui\u00e7\u00f5es, como essa com o <\/span><span class=\"NormalTextRun SCXW72141126 BCX0\">Sebrae<\/span><span class=\"NormalTextRun SCXW72141126 BCX0\">. Al\u00e9m de abrir novas empresas, \u00e9 importante que elas permane\u00e7am vivas, ou seja, abertas e funcionando\u201d, <\/span><span class=\"NormalTextRun SCXW72141126 BCX0\">emenda o tucano<\/span><span class=\"NormalTextRun SCXW72141126 BCX0\">. <\/span><\/span><span class=\"LineBreakBlob BlobObject DragDrop SCXW72141126 BCX0\"><span class=\"SCXW72141126 BCX0\">\u00a0<\/span><br class=\"SCXW72141126 BCX0\"\/><\/span><span class=\"LineBreakBlob BlobObject DragDrop SCXW72141126 BCX0\"><span class=\"SCXW72141126 BCX0\">\u00a0<\/span><br class=\"SCXW72141126 BCX0\"\/><\/span><span class=\"TextRun SCXW72141126 BCX0\" lang=\"PT-BR\" xml:lang=\"PT-BR\" data-contrast=\"none\"><span class=\"NormalTextRun SCXW72141126 BCX0\">O posto funcionar\u00e1 das <\/span><span class=\"NormalTextRun SCXW72141126 BCX0\">oito horas <\/span><span class=\"NormalTextRun SCXW72141126 BCX0\">\u00e0s 11h30 e das 13<\/span> <span class=\"NormalTextRun SCXW72141126 BCX0\">\u00e0s 16<\/span> <span class=\"NormalTextRun SCXW72141126 BCX0\">h<\/span><span class=\"NormalTextRun SCXW72141126 BCX0\">oras<\/span><span class=\"NormalTextRun SCXW72141126 BCX0\">, <\/span><span class=\"NormalTextRun SCXW72141126 BCX0\">de segunda a sexta-feira.<\/span><span class=\"NormalTextRun SCXW72141126 BCX0\"> \u201cO mundo moderno \u00e9 cheio de desafios e oportunidades. A gente necessita qualificar os empreendedores<\/span><span class=\"NormalTextRun SCXW72141126 BCX0\">\u201d, <\/span><span class=\"NormalTextRun SCXW72141126 BCX0\">afirma o diretor t\u00e9cnico do Sebrae<\/span><span class=\"NormalTextRun SCXW72141126 BCX0\">-SP<\/span><span class=\"NormalTextRun SCXW72141126 BCX0\">, Marco <\/span><span class=\"NormalTextRun SCXW72141126 BCX0\">Vinholi<\/span><span class=\"NormalTextRun SCXW72141126 BCX0\">.<\/span><\/span><span class=\"LineBreakBlob BlobObject DragDrop SCXW72141126 BCX0\"><span class=\"SCXW72141126 BCX0\">\u00a0<\/span><br class=\"SCXW72141126 BCX0\"\/><\/span><span class=\"LineBreakBlob BlobObject DragDrop SCXW72141126 BCX0\"><span class=\"SCXW72141126 BCX0\">\u00a0<\/span><br class=\"SCXW72141126 BCX0\"\/><\/span><span class=\"TextRun SCXW72141126 BCX0\" lang=\"PT-BR\" xml:lang=\"PT-BR\" data-contrast=\"none\"><span class=\"NormalTextRun SCXW72141126 BCX0\">\u201c<\/span><span class=\"NormalTextRun SCXW72141126 BCX0\">Para isso, \u00e9 necess\u00e1rio que o empreendedor tenha ferramentas para o crescimento. Este posto ir\u00e1 oferecer mais de 300 ferramentas para quem j\u00e1 \u00e9 empreendedor e quer qualificar, e para quem pretende se tornar um empreendedor\u201d, <\/span><span class=\"NormalTextRun SCXW72141126 BCX0\">emenda. <\/span><\/span><span class=\"LineBreakBlob BlobObject DragDrop SCXW72141126 BCX0\"><span class=\"SCXW72141126 BCX0\">\u00a0<\/span><br class=\"SCXW72141126 BCX0\"\/><\/span><span class=\"LineBreakBlob BlobObject DragDrop SCXW72141126 BCX0\"><span class=\"SCXW72141126 BCX0\">\u00a0<\/span><br class=\"SCXW72141126 BCX0\"\/><\/span><span class=\"TextRun SCXW72141126 BCX0\" lang=\"PT-BR\" xml:lang=\"PT-BR\" data-contrast=\"auto\"><span class=\"NormalTextRun SCXW72141126 BCX0\">Os <\/span><span class=\"NormalTextRun SCXW72141126 BCX0\">atuais <\/span><span class=\"NormalTextRun SCXW72141126 BCX0\">postos do <\/span><span class=\"NormalTextRun SCXW72141126 BCX0\">Sebrae<\/span><span class=\"NormalTextRun SCXW72141126 BCX0\"> Aqui de Ribeir\u00e3o Preto, instalados em unidades da Associa\u00e7\u00e3o Comercial (<\/span><span class=\"NormalTextRun SpellingErrorV2Themed SCXW72141126 BCX0\">Acirp<\/span><span class=\"NormalTextRun SCXW72141126 BCX0\">), realizaram mais de <\/span><span class=\"NormalTextRun SCXW72141126 BCX0\">nove <\/span><span class=\"NormalTextRun SCXW72141126 BCX0\">mil atendimentos durante o ano <\/span><span class=\"NormalTextRun SCXW72141126 BCX0\">passado<\/span><span class=\"NormalTextRun SCXW72141126 BCX0\">. De janeiro a dezembro, foram registradas 5.633 consultas para pessoas f\u00edsicas (61,3% do total) e outras 3.556 (38,7%) para pessoas jur\u00eddicas<\/span><span class=\"NormalTextRun SCXW72141126 BCX0\">, totalizando 9.189<\/span><span class=\"NormalTextRun SCXW72141126 BCX0\">. <\/span><\/span><span class=\"LineBreakBlob BlobObject DragDrop SCXW72141126 BCX0\"><span class=\"SCXW72141126 BCX0\">\u00a0<\/span><br class=\"SCXW72141126 BCX0\"\/><\/span><span class=\"LineBreakBlob BlobObject DragDrop SCXW72141126 BCX0\"><span class=\"SCXW72141126 BCX0\">\u00a0<\/span><br class=\"SCXW72141126 BCX0\"\/><\/span><span class=\"TextRun SCXW72141126 BCX0\" lang=\"PT-BR\" xml:lang=\"PT-BR\" data-contrast=\"auto\"><span class=\"NormalTextRun SCXW72141126 BCX0\">Os postos s\u00e3o canais de atendimento presenciais do <\/span><span class=\"NormalTextRun SCXW72141126 BCX0\">S<\/span><span class=\"NormalTextRun SCXW72141126 BCX0\">ebrae-SP<\/span><span class=\"NormalTextRun SCXW72141126 BCX0\">,<\/span> <span class=\"NormalTextRun SCXW72141126 BCX0\">onde \u00e9 poss\u00edvel obter orienta\u00e7\u00f5es para abertura de empresas (MEI, ME e EPP) e servi\u00e7os focados no <\/span><span class=\"NormalTextRun SCXW72141126 BCX0\">microempreendedor<\/span><span class=\"NormalTextRun SCXW72141126 BCX0\"> individual, al\u00e9m de participar de cursos e palestras. <\/span><\/span><span class=\"LineBreakBlob BlobObject DragDrop SCXW72141126 BCX0\"><span class=\"SCXW72141126 BCX0\">\u00a0<\/span><br class=\"SCXW72141126 BCX0\"\/><\/span><\/p>\n<\/div>\n<footer class=\"penci-entry-footer\"\/><\/div>\n<p><script async src=\"\/\/platform.twitter.com\/widgets.js\" charset=\"utf-8\"><\/script><br \/>\n<br \/><br \/>\n<br \/><a href=\"https:\/\/www.tribunaribeirao.com.br\/site\/prefeitura-de-rp-tera-posto-do-sebrae-aqui\/\">Source link <\/a><\/p>\n<!-- CONTENT END 1 -->\n","protected":false},"excerpt":{"rendered":"<p>23 de fevereiro de 2024 | 18:0023 de fevereiro de 2024 | 8:02 0 Come\u00e7a a funcionar na pr\u00f3xima segunda-feira, 26 de fevereiro, o posto&#8230;<\/p>\n","protected":false},"author":1,"featured_media":39196,"comment_status":"open","ping_status":"open","sticky":false,"template":"","format":"standard","meta":{"advanced_seo_description":"","jetpack_seo_html_title":"","jetpack_seo_noindex":false,"jetpack_post_was_ever_published":false,"_jetpack_newsletter_access":"","_jetpack_dont_email_post_to_subs":false,"_jetpack_newsletter_tier_id":0,"_jetpack_memberships_contains_paywalled_content":false,"_jetpack_memberships_contains_paid_content":false,"footnotes":"","jetpack_publicize_message":"","jetpack_publicize_feature_enabled":true,"jetpack_social_post_already_shared":true,"jetpack_social_options":{"image_generator_settings":{"template":"highway","default_image_id":0,"font":"","enabled":false},"version":2}},"categories":[11],"tags":[4408,1137,244,4407,679],"class_list":["post-39195","post","type-post","status-publish","format-standard","has-post-thumbnail","hentry","category-noticias-de-ribeirao-preto-sp-e-regiao-ismael-colosi","tag-aqui","tag-posto","tag-prefeitura","tag-sebrae","tag-tera"],"jetpack_publicize_connections":[],"jetpack_featured_media_url":"https:\/\/i0.wp.com\/noticiasribeiraopreto.com.br\/wp-content\/uploads\/2024\/02\/SebraeRP-Detalhe-Guilherme-Sircili-01-scaled.jpg?fit=967%2C645&ssl=1","jetpack-related-posts":[{"id":39456,"url":"https:\/\/noticiasribeiraopreto.com.br\/index.php\/2024\/02\/26\/posto-do-sebrae-comeca-a-funcionar-nesta-segunda\/","url_meta":{"origin":39195,"position":0},"title":"Posto do Sebrae come\u00e7a a funcionar nesta segunda em RP","author":"noticiasribeiraopreto.com.br","date":"26 de February de 2024","format":false,"excerpt":"26 de fevereiro de 2024 | 12:0026 de fevereiro de 2024 | 11:08 0Come\u00e7ou a funcionar nesta segunda-feira, 26 de fevereiro, o Posto\u00a0Sebrae Aqui, em parceria com a Prefeitura Municipal. O posto funcionar\u00e1 no pr\u00e9dio do CATERP (Centro de Apoio ao Trabalhador e Empreendedor de Ribeir\u00e3o Preto), localizado \u00e0 avenida\u2026","rel":"","context":"In &quot;Not\u00edcias de Ribeir\u00e3o Preto-SP e Regi\u00e3o&quot;","block_context":{"text":"Not\u00edcias de Ribeir\u00e3o Preto-SP e Regi\u00e3o","link":"https:\/\/noticiasribeiraopreto.com.br\/index.php\/category\/noticias-de-ribeirao-preto-sp-e-regiao-ismael-colosi\/"},"img":{"alt_text":"","src":"https:\/\/i0.wp.com\/noticiasribeiraopreto.com.br\/wp-content\/uploads\/2024\/02\/inauguracao_sebrae_aqui_-_foto_guilherme_sircili_1-scaled.jpg?fit=967%2C645&ssl=1&resize=350%2C200","width":350,"height":200,"srcset":"https:\/\/i0.wp.com\/noticiasribeiraopreto.com.br\/wp-content\/uploads\/2024\/02\/inauguracao_sebrae_aqui_-_foto_guilherme_sircili_1-scaled.jpg?fit=967%2C645&ssl=1&resize=350%2C200 1x, https:\/\/i0.wp.com\/noticiasribeiraopreto.com.br\/wp-content\/uploads\/2024\/02\/inauguracao_sebrae_aqui_-_foto_guilherme_sircili_1-scaled.jpg?fit=967%2C645&ssl=1&resize=525%2C300 1.5x, https:\/\/i0.wp.com\/noticiasribeiraopreto.com.br\/wp-content\/uploads\/2024\/02\/inauguracao_sebrae_aqui_-_foto_guilherme_sircili_1-scaled.jpg?fit=967%2C645&ssl=1&resize=700%2C400 2x"},"classes":[]},{"id":38751,"url":"https:\/\/noticiasribeiraopreto.com.br\/index.php\/2024\/02\/21\/sebrae-aqui-fecha-2023-com-9-189-atendimentos\/","url_meta":{"origin":39195,"position":1},"title":"Sebrae Aqui fecha 2023 com 9.189 atendimentos","author":"noticiasribeiraopreto.com.br","date":"21 de February de 2024","format":false,"excerpt":"21 de fevereiro de 2024 | 14:0021 de fevereiro de 2024 | 10:05 0Os postos do Sebrae Aqui de Ribeir\u00e3o Preto, instalados em unidades da Associa\u00e7\u00e3o Comercial de Ribeir\u00e3o Preto (Acirp), realizaram mais de nove mil atendimentos durante o ano passado. De janeiro a dezembro, foram registradas 5.633 consultas para\u2026","rel":"","context":"In &quot;Not\u00edcias de Ribeir\u00e3o Preto-SP e Regi\u00e3o&quot;","block_context":{"text":"Not\u00edcias de Ribeir\u00e3o Preto-SP e Regi\u00e3o","link":"https:\/\/noticiasribeiraopreto.com.br\/index.php\/category\/noticias-de-ribeirao-preto-sp-e-regiao-ismael-colosi\/"},"img":{"alt_text":"","src":"https:\/\/i0.wp.com\/noticiasribeiraopreto.com.br\/wp-content\/uploads\/2024\/02\/SebraeRP-Alfredo-Risk-Arquivo-scaled.jpg?fit=967%2C645&ssl=1&resize=350%2C200","width":350,"height":200,"srcset":"https:\/\/i0.wp.com\/noticiasribeiraopreto.com.br\/wp-content\/uploads\/2024\/02\/SebraeRP-Alfredo-Risk-Arquivo-scaled.jpg?fit=967%2C645&ssl=1&resize=350%2C200 1x, https:\/\/i0.wp.com\/noticiasribeiraopreto.com.br\/wp-content\/uploads\/2024\/02\/SebraeRP-Alfredo-Risk-Arquivo-scaled.jpg?fit=967%2C645&ssl=1&resize=525%2C300 1.5x, https:\/\/i0.wp.com\/noticiasribeiraopreto.com.br\/wp-content\/uploads\/2024\/02\/SebraeRP-Alfredo-Risk-Arquivo-scaled.jpg?fit=967%2C645&ssl=1&resize=700%2C400 2x"},"classes":[]},{"id":38955,"url":"https:\/\/noticiasribeiraopreto.com.br\/index.php\/2024\/02\/22\/novo-posto-do-sebrae-comeca-funcionar-em-ribeirao-preto\/","url_meta":{"origin":39195,"position":2},"title":"Novo posto do Sebrae come\u00e7a funcionar em Ribeir\u00e3o Preto","author":"noticiasribeiraopreto.com.br","date":"22 de February de 2024","format":false,"excerpt":"Um novo posto do Sebrae Aqui \u2013 canal de atendimento presencial para empreendedores e futuros empreendedores \u2013 come\u00e7a a funcionar em Ribeir\u00e3o Preto, na segunda-feira (26). O atendimento ser\u00e1 no pr\u00e9dio do Caterp (Centro de Apoio ao Trabalhador e Empreendedor de Ribeir\u00e3o Preto). O local ir\u00e1 funcionar de segunda a\u2026","rel":"","context":"In &quot;Not\u00edcias de Ribeir\u00e3o Preto-SP e Regi\u00e3o&quot;","block_context":{"text":"Not\u00edcias de Ribeir\u00e3o Preto-SP e Regi\u00e3o","link":"https:\/\/noticiasribeiraopreto.com.br\/index.php\/category\/noticias-de-ribeirao-preto-sp-e-regiao-ismael-colosi\/"},"img":{"alt_text":"","src":"https:\/\/i0.wp.com\/noticiasribeiraopreto.com.br\/wp-content\/uploads\/2024\/02\/Copia-de-Copia-de-TAMANHO-EXATO-PARA-FOTOS-NO-SISTEMA-NOVO-9-2.jpg?fit=1200%2C675&ssl=1&resize=350%2C200","width":350,"height":200,"srcset":"https:\/\/i0.wp.com\/noticiasribeiraopreto.com.br\/wp-content\/uploads\/2024\/02\/Copia-de-Copia-de-TAMANHO-EXATO-PARA-FOTOS-NO-SISTEMA-NOVO-9-2.jpg?fit=1200%2C675&ssl=1&resize=350%2C200 1x, https:\/\/i0.wp.com\/noticiasribeiraopreto.com.br\/wp-content\/uploads\/2024\/02\/Copia-de-Copia-de-TAMANHO-EXATO-PARA-FOTOS-NO-SISTEMA-NOVO-9-2.jpg?fit=1200%2C675&ssl=1&resize=525%2C300 1.5x, https:\/\/i0.wp.com\/noticiasribeiraopreto.com.br\/wp-content\/uploads\/2024\/02\/Copia-de-Copia-de-TAMANHO-EXATO-PARA-FOTOS-NO-SISTEMA-NOVO-9-2.jpg?fit=1200%2C675&ssl=1&resize=700%2C400 2x, https:\/\/i0.wp.com\/noticiasribeiraopreto.com.br\/wp-content\/uploads\/2024\/02\/Copia-de-Copia-de-TAMANHO-EXATO-PARA-FOTOS-NO-SISTEMA-NOVO-9-2.jpg?fit=1200%2C675&ssl=1&resize=1050%2C600 3x"},"classes":[]},{"id":71698,"url":"https:\/\/noticiasribeiraopreto.com.br\/index.php\/2025\/06\/09\/jornal-da-franca-cidade-empreendedora-chega-a-sao-jose-da-bela-vista-para-incrementar-a-economia\/","url_meta":{"origin":39195,"position":3},"title":"Jornal da Franca &#8211; Cidade Empreendedora chega a S\u00e3o Jos\u00e9 da Bela Vista para incrementar a economia","author":"noticiasribeiraopreto.com.br","date":"9 de June de 2025","format":false,"excerpt":"compartilhar no whatsapp compartilhar no telegram compartilhar no facebook compartilhar no linkedin Reuni\u00e3o foi realizada na Prefeitura Municipal e discutiu v\u00e1rias a\u00e7\u00f5es estrat\u00e9gicas para serem desenvolvidas ainda em 2025 O Sebrae-SP, por meio do Escrit\u00f3rio Regional de Franca, apresentou em S\u00e3o Jos\u00e9 da Bela Vista o Programa Cidade Empreendedora. A\u2026","rel":"","context":"In &quot;Not\u00edcias de Franca-SP&quot;","block_context":{"text":"Not\u00edcias de Franca-SP","link":"https:\/\/noticiasribeiraopreto.com.br\/index.php\/category\/noticias-de-ribeirao-preto-sp-e-regiao-ismael-colosi\/noticias-franca-sp\/"},"img":{"alt_text":"","src":"https:\/\/i0.wp.com\/noticiasribeiraopreto.com.br\/wp-content\/uploads\/2025\/06\/essa-5.jpg?fit=966%2C533&ssl=1&resize=350%2C200","width":350,"height":200,"srcset":"https:\/\/i0.wp.com\/noticiasribeiraopreto.com.br\/wp-content\/uploads\/2025\/06\/essa-5.jpg?fit=966%2C533&ssl=1&resize=350%2C200 1x, https:\/\/i0.wp.com\/noticiasribeiraopreto.com.br\/wp-content\/uploads\/2025\/06\/essa-5.jpg?fit=966%2C533&ssl=1&resize=525%2C300 1.5x, https:\/\/i0.wp.com\/noticiasribeiraopreto.com.br\/wp-content\/uploads\/2025\/06\/essa-5.jpg?fit=966%2C533&ssl=1&resize=700%2C400 2x"},"classes":[]},{"id":69008,"url":"https:\/\/noticiasribeiraopreto.com.br\/index.php\/2025\/05\/01\/jornal-da-franca-sebrae-e-prefeitura-de-batatais-fazem-parceria-para-o-programa-cidade-empreendedora\/","url_meta":{"origin":39195,"position":4},"title":"Jornal da Franca &#8211; Sebrae e Prefeitura de Batatais fazem parceria para o programa Cidade Empreendedora","author":"noticiasribeiraopreto.com.br","date":"1 de May de 2025","format":false,"excerpt":"compartilhar no whatsapp compartilhar no telegram compartilhar no facebook compartilhar no linkedin Por for\u00e7a do conv\u00eanio, a s\u00e9rie de a\u00e7\u00f5es no munic\u00edpio de Batatais v\u00e3o somar mais de R$ 780 mil de investimentos na cidade O Sebrae-SP e a Prefeitura de Batatais oficializaram uma parceria para desenvolver o programa Cidade\u2026","rel":"","context":"In &quot;Not\u00edcias de Franca-SP&quot;","block_context":{"text":"Not\u00edcias de Franca-SP","link":"https:\/\/noticiasribeiraopreto.com.br\/index.php\/category\/noticias-de-ribeirao-preto-sp-e-regiao-ismael-colosi\/noticias-franca-sp\/"},"img":{"alt_text":"","src":"https:\/\/i0.wp.com\/noticiasribeiraopreto.com.br\/wp-content\/uploads\/2025\/05\/d8e322a7-cce8-480a-bd55-44d08283e41a.jpg?fit=955%2C519&ssl=1&resize=350%2C200","width":350,"height":200,"srcset":"https:\/\/i0.wp.com\/noticiasribeiraopreto.com.br\/wp-content\/uploads\/2025\/05\/d8e322a7-cce8-480a-bd55-44d08283e41a.jpg?fit=955%2C519&ssl=1&resize=350%2C200 1x, https:\/\/i0.wp.com\/noticiasribeiraopreto.com.br\/wp-content\/uploads\/2025\/05\/d8e322a7-cce8-480a-bd55-44d08283e41a.jpg?fit=955%2C519&ssl=1&resize=525%2C300 1.5x, https:\/\/i0.wp.com\/noticiasribeiraopreto.com.br\/wp-content\/uploads\/2025\/05\/d8e322a7-cce8-480a-bd55-44d08283e41a.jpg?fit=955%2C519&ssl=1&resize=700%2C400 2x"},"classes":[]},{"id":70824,"url":"https:\/\/noticiasribeiraopreto.com.br\/index.php\/2025\/05\/30\/jornal-da-franca-rifaina-vai-receber-r-225-mil-em-investimentos-no-do-programa-cidade-empreendedora\/","url_meta":{"origin":39195,"position":5},"title":"Jornal da Franca &#8211; Rifaina vai receber R$ 225 mil em investimentos no do Programa Cidade Empreendedora","author":"noticiasribeiraopreto.com.br","date":"30 de May de 2025","format":false,"excerpt":"compartilhar no whatsapp compartilhar no telegram compartilhar no facebook compartilhar no linkedin Sebrae e Prefeitura de Rifaina anunciam parceria para o Programa Cidade Empreendedora, que injetar\u00e1 mais de R$ 225 mil em a\u00e7\u00f5es no munic\u00edpio O Sebrae-SP e a Prefeitura de Rifaina oficializaram uma parceria para desenvolver o Programa Cidade\u2026","rel":"","context":"In &quot;Not\u00edcias de Franca-SP&quot;","block_context":{"text":"Not\u00edcias de Franca-SP","link":"https:\/\/noticiasribeiraopreto.com.br\/index.php\/category\/noticias-de-ribeirao-preto-sp-e-regiao-ismael-colosi\/noticias-franca-sp\/"},"img":{"alt_text":"","src":"https:\/\/i0.wp.com\/noticiasribeiraopreto.com.br\/wp-content\/uploads\/2025\/05\/nova-02.jpg?fit=1105%2C720&ssl=1&resize=350%2C200","width":350,"height":200,"srcset":"https:\/\/i0.wp.com\/noticiasribeiraopreto.com.br\/wp-content\/uploads\/2025\/05\/nova-02.jpg?fit=1105%2C720&ssl=1&resize=350%2C200 1x, https:\/\/i0.wp.com\/noticiasribeiraopreto.com.br\/wp-content\/uploads\/2025\/05\/nova-02.jpg?fit=1105%2C720&ssl=1&resize=525%2C300 1.5x, https:\/\/i0.wp.com\/noticiasribeiraopreto.com.br\/wp-content\/uploads\/2025\/05\/nova-02.jpg?fit=1105%2C720&ssl=1&resize=700%2C400 2x, https:\/\/i0.wp.com\/noticiasribeiraopreto.com.br\/wp-content\/uploads\/2025\/05\/nova-02.jpg?fit=1105%2C720&ssl=1&resize=1050%2C600 3x"},"classes":[]}],"jetpack_sharing_enabled":true,"jetpack_shortlink":"https:\/\/wp.me\/peQAOb-acb","_links":{"self":[{"href":"https:\/\/noticiasribeiraopreto.com.br\/index.php\/wp-json\/wp\/v2\/posts\/39195","targetHints":{"allow":["GET"]}}],"collection":[{"href":"https:\/\/noticiasribeiraopreto.com.br\/index.php\/wp-json\/wp\/v2\/posts"}],"about":[{"href":"https:\/\/noticiasribeiraopreto.com.br\/index.php\/wp-json\/wp\/v2\/types\/post"}],"author":[{"embeddable":true,"href":"https:\/\/noticiasribeiraopreto.com.br\/index.php\/wp-json\/wp\/v2\/users\/1"}],"replies":[{"embeddable":true,"href":"https:\/\/noticiasribeiraopreto.com.br\/index.php\/wp-json\/wp\/v2\/comments?post=39195"}],"version-history":[{"count":0,"href":"https:\/\/noticiasribeiraopreto.com.br\/index.php\/wp-json\/wp\/v2\/posts\/39195\/revisions"}],"wp:featuredmedia":[{"embeddable":true,"href":"https:\/\/noticiasribeiraopreto.com.br\/index.php\/wp-json\/wp\/v2\/media\/39196"}],"wp:attachment":[{"href":"https:\/\/noticiasribeiraopreto.com.br\/index.php\/wp-json\/wp\/v2\/media?parent=39195"}],"wp:term":[{"taxonomy":"category","embeddable":true,"href":"https:\/\/noticiasribeiraopreto.com.br\/index.php\/wp-json\/wp\/v2\/categories?post=39195"},{"taxonomy":"post_tag","embeddable":true,"href":"https:\/\/noticiasribeiraopreto.com.br\/index.php\/wp-json\/wp\/v2\/tags?post=39195"}],"curies":[{"name":"wp","href":"https:\/\/api.w.org\/{rel}","templated":true}]}}