{"id":39201,"date":"2024-02-23T18:51:19","date_gmt":"2024-02-23T21:51:19","guid":{"rendered":"https:\/\/noticiasribeiraopreto.com.br\/index.php\/2024\/02\/23\/comercio-cresce-73-em-janeiro-em-rp\/"},"modified":"2024-02-23T18:51:19","modified_gmt":"2024-02-23T21:51:19","slug":"comercio-cresce-73-em-janeiro-em-rp","status":"publish","type":"post","link":"https:\/\/noticiasribeiraopreto.com.br\/index.php\/2024\/02\/23\/comercio-cresce-73-em-janeiro-em-rp\/","title":{"rendered":"Com\u00e9rcio cresce 7,3% em janeiro\u00a0em RP"},"content":{"rendered":"<div class='code-block code-block-1' style='margin: 8px 0 8px auto; text-align: right; display: block; clear: both;'>\n<p><a href=\"https:\/\/wa.link\/vpicfd\"><img data-recalc-dims=\"1\" class=\"wp-image-4922\" style=\"aspect-ratio: 2.0253164556962027; width: 561px; height: auto;\" src=\"https:\/\/i0.wp.com\/ismaelcolosi.com.br\/wp-content\/uploads\/2023\/11\/grupo-de-empregos-whatsapp-e-facebook-ismael-colosi-vagas.jpg?ssl=1\" alt=\"\" \/><\/a><\/p>\n<!-- \/wp:image -->\n<\/div>\n<p> <br \/>\n<\/p>\n<div id=\"\">\n<p> <span class=\"entry-meta-item penci-posted-on\"><i class=\"fa fa-clock-o\"\/><time class=\"entry-date published\" datetime=\"2024-02-23T16:00:51-03:00\">23 de fevereiro de 2024 | 16:00<\/time><time class=\"updated\" datetime=\"2024-02-23T08:26:04-03:00\">23 de fevereiro de 2024 | 8:26<\/time><\/span><\/p>\n<p> <span class=\"penci-social-buttons penci-social-share-footer\"><a href=\"#\" class=\"penci-post-like penci_post-meta_item  single-like-button penci-social-item like\" data-post_id=\"374685\" title=\"Like\" data-like=\"Like\" data-unlike=\"Unlike\"><i class=\"fa fa-thumbs-o-up\"\/><span class=\"penci-share-number\">0<\/span><\/a><i class=\"fa fa-facebook\"\/><a class=\"penci-social-item twitter\" target=\"_blank\" rel=\"noopener\" title=\"\" href=\"https:\/\/twitter.com\/intent\/tweet?text=Com\u00e9rcio%20cresce%207,3%20em%20janeiro\u00a0em%20RP%20-%20https:\/\/www.tribunaribeirao.com.br\/site\/comercio-cresce-73-em-janeiro-em-rp\/\"><i class=\"fa fa-twitter\"\/><\/a><i class=\"fa fa-whatsapp\"\/><\/span><\/div>\n<div>\n<p><span class=\"TextRun SCXW136564045 BCX0\" lang=\"PT-BR\" xml:lang=\"PT-BR\" data-contrast=\"auto\"><span class=\"NormalTextRun SCXW136564045 BCX0\">Depois de registrar crescimento m\u00e9dio de 0<\/span><span class=\"NormalTextRun SCXW136564045 BCX0\">,72% no acumulado do ano passado, em compara\u00e7\u00e3o com 2022, <\/span><span class=\"NormalTextRun SCXW136564045 BCX0\">as vendas <\/span><span class=\"NormalTextRun SCXW136564045 BCX0\">nas lojas <\/span><span class=\"NormalTextRun SpellingErrorV2Themed SCXW136564045 BCX0\">ribeir\u00e3o-pretan<\/span><span class=\"NormalTextRun SpellingErrorV2Themed SCXW136564045 BCX0\">as <\/span><span class=\"NormalTextRun SCXW136564045 BCX0\">dispararam 7,3% em janeiro<\/span><span class=\"NormalTextRun SCXW136564045 BCX0\">, em <\/span><span class=\"NormalTextRun SCXW136564045 BCX0\">rela\u00e7\u00e3o ao mesmo per\u00edodo de 2023<\/span><span class=\"NormalTextRun SCXW136564045 BCX0\">, aponta levantamento do Centro de Pesquisas do Varejo (CPV), <\/span><\/span><span class=\"TextRun SCXW136564045 BCX0\" lang=\"PT-BR\" xml:lang=\"PT-BR\" data-contrast=\"none\"><span class=\"NormalTextRun SCXW136564045 BCX0\">mantido pelo Sindicato do Com\u00e9rcio Varejista de Ribeir\u00e3o e Regi\u00e3o (<\/span><span class=\"NormalTextRun SpellingErrorV2Themed SCXW136564045 BCX0\">Sincovarp<\/span><span class=\"NormalTextRun SCXW136564045 BCX0\">) \u2013 atende 43 cidades \u2013 e pela C\u00e2mara de Dirigentes Lojistas (CDL RP). <\/span><\/span><span class=\"LineBreakBlob BlobObject DragDrop SCXW136564045 BCX0\"><span class=\"SCXW136564045 BCX0\">\u00a0<\/span><br class=\"SCXW136564045 BCX0\"\/><\/span><span class=\"LineBreakBlob BlobObject DragDrop SCXW136564045 BCX0\"><span class=\"SCXW136564045 BCX0\">\u00a0<\/span><br class=\"SCXW136564045 BCX0\"\/><\/span><span class=\"TextRun SCXW136564045 BCX0\" lang=\"PT-BR\" xml:lang=\"PT-BR\" data-contrast=\"none\"><span class=\"NormalTextRun SCXW136564045 BCX0\">As vendas do com\u00e9rcio varejista de Ribeir\u00e3o Preto crescer<\/span><span class=\"NormalTextRun SCXW136564045 BCX0\">am <\/span><span class=\"NormalTextRun SCXW136564045 BCX0\">em dezembro, principalmente devido ao Natal e \u00e0 inje\u00e7\u00e3o de recursos com o pagamento do d\u00e9cimo terceiro sal\u00e1rio. Alta foi de 3% em rela\u00e7\u00e3o ao mesmo per\u00edodo de 2022 e de 6,5% na compara\u00e7\u00e3o com novembro, quando houve queda de 2,5%, apesar da Black <\/span><span class=\"NormalTextRun SCXW136564045 BCX0\">Friday<\/span><span class=\"NormalTextRun SCXW136564045 BCX0\">.<\/span><\/span><span class=\"LineBreakBlob BlobObject DragDrop SCXW136564045 BCX0\"><span class=\"SCXW136564045 BCX0\">\u00a0<\/span><br class=\"SCXW136564045 BCX0\"\/><\/span><span class=\"LineBreakBlob BlobObject DragDrop SCXW136564045 BCX0\"><span class=\"SCXW136564045 BCX0\">\u00a0<\/span><br class=\"SCXW136564045 BCX0\"\/><\/span><span class=\"TextRun SCXW136564045 BCX0\" lang=\"PT-BR\" xml:lang=\"PT-BR\" data-contrast=\"auto\"><span class=\"NormalTextRun SCXW136564045 BCX0\">Segundo Diego <\/span><span class=\"NormalTextRun SCXW136564045 BCX0\">Galli<\/span><span class=\"NormalTextRun SCXW136564045 BCX0\"> Alberto, pesquisador e coordenador do CPV, para entender o desempenho de janeiro des<\/span><span class=\"NormalTextRun SCXW136564045 BCX0\">t<\/span><span class=\"NormalTextRun SCXW136564045 BCX0\">e ano \u00e9 preciso analisar o cen\u00e1rio de 2023. \u201cEm janeiro do ano passado tivemos um tombo de -6,88% nas vendas do com\u00e9rcio local<\/span><span class=\"NormalTextRun SCXW136564045 BCX0\">\u201d, diz<\/span><span class=\"NormalTextRun SCXW136564045 BCX0\">. <\/span><\/span><span class=\"LineBreakBlob BlobObject DragDrop SCXW136564045 BCX0\"><span class=\"SCXW136564045 BCX0\">\u00a0<\/span><br class=\"SCXW136564045 BCX0\"\/><\/span><span class=\"LineBreakBlob BlobObject DragDrop SCXW136564045 BCX0\"><span class=\"SCXW136564045 BCX0\">\u00a0<\/span><br class=\"SCXW136564045 BCX0\"\/><\/span><span class=\"TextRun SCXW136564045 BCX0\" lang=\"PT-BR\" xml:lang=\"PT-BR\" data-contrast=\"auto\"><span class=\"NormalTextRun SCXW136564045 BCX0\">\u201c<\/span><span class=\"NormalTextRun SCXW136564045 BCX0\">Era um momento de grande instabilidade pol\u00edtica e muito receio por parte dos brasileiros, al\u00e9m das tradicionais despesas de in\u00edcio de ano. A cautela prevaleceu dali para frente\u201d, analisa.<\/span> <span class=\"NormalTextRun SCXW136564045 BCX0\">Ainda de acordo com <\/span><span class=\"NormalTextRun SCXW136564045 BCX0\">Galli<\/span><span class=\"NormalTextRun SCXW136564045 BCX0\">, mesmo assim, o <\/span><span class=\"NormalTextRun SCXW136564045 BCX0\">v<\/span><span class=\"NormalTextRun SCXW136564045 BCX0\">arejo cresceu em 2023, ainda que timidamente. Os lojistas encerraram o ano com vendas abaixo do esperado e os estoques ficaram acumulados. <\/span><\/span><span class=\"LineBreakBlob BlobObject DragDrop SCXW136564045 BCX0\"><span class=\"SCXW136564045 BCX0\">\u00a0<\/span><br class=\"SCXW136564045 BCX0\"\/><\/span><span class=\"LineBreakBlob BlobObject DragDrop SCXW136564045 BCX0\"><span class=\"SCXW136564045 BCX0\">\u00a0<\/span><br class=\"SCXW136564045 BCX0\"\/><\/span><span class=\"TextRun SCXW136564045 BCX0\" lang=\"PT-BR\" xml:lang=\"PT-BR\" data-contrast=\"auto\"><span class=\"NormalTextRun SCXW136564045 BCX0\">\u201cSendo assim, agora em janeiro de 2024 tiveram de fazer promo\u00e7\u00f5es mais agressivas o que ajuda a explicar a melhora no desempenho das vendas em uma \u00e9poca que tradicionalmente \u00e9 mais fraca. Vale lembrar que o per\u00edodo de f\u00e9rias, a relativa estabilidade da infla\u00e7\u00e3o e a baixa da taxa de juros, tamb\u00e9m estimularam o consumo<\/span><span class=\"NormalTextRun SCXW136564045 BCX0\">\u201d, comenta<\/span><span class=\"NormalTextRun SCXW136564045 BCX0\">. <\/span><\/span><span class=\"LineBreakBlob BlobObject DragDrop SCXW136564045 BCX0\"><span class=\"SCXW136564045 BCX0\">\u00a0<\/span><br class=\"SCXW136564045 BCX0\"\/><\/span><span class=\"LineBreakBlob BlobObject DragDrop SCXW136564045 BCX0\"><span class=\"SCXW136564045 BCX0\">\u00a0<\/span><br class=\"SCXW136564045 BCX0\"\/><\/span><span class=\"TextRun SCXW136564045 BCX0\" lang=\"PT-BR\" xml:lang=\"PT-BR\" data-contrast=\"auto\"><span class=\"NormalTextRun SCXW136564045 BCX0\">\u201c<\/span><span class=\"NormalTextRun SCXW136564045 BCX0\">Na pr\u00e1tica, descontando a queda de -6,88% em janeiro do ano passado, o m\u00eas de janeiro desse ano teve um crescimento real de vendas de apenas 0,42%, em Ribeir\u00e3o Preto e regi\u00e3o. Pelo menos n\u00e3o ficou no vermelho\u201d, diz<\/span><span class=\"NormalTextRun SCXW136564045 BCX0\"> o pesquisador<\/span><span class=\"NormalTextRun SCXW136564045 BCX0\">.<\/span><\/span><span class=\"LineBreakBlob BlobObject DragDrop SCXW136564045 BCX0\"><span class=\"SCXW136564045 BCX0\">\u00a0<\/span><br class=\"SCXW136564045 BCX0\"\/><\/span><span class=\"LineBreakBlob BlobObject DragDrop SCXW136564045 BCX0\"><span class=\"SCXW136564045 BCX0\">\u00a0<\/span><br class=\"SCXW136564045 BCX0\"\/><\/span><span class=\"TextRun SCXW136564045 BCX0\" lang=\"PT-BR\" xml:lang=\"PT-BR\" data-contrast=\"auto\"><span class=\"NormalTextRun SCXW136564045 BCX0\">No ano passado, a<\/span><\/span><span class=\"TextRun SCXW136564045 BCX0\" lang=\"PT-BR\" xml:lang=\"PT-BR\" data-contrast=\"none\"><span class=\"NormalTextRun SCXW136564045 BCX0\"> \u00fanica queda havia sido <\/span><span class=\"NormalTextRun SCXW136564045 BCX0\">justamente <\/span><span class=\"NormalTextRun SCXW136564045 BCX0\">em janeiro (-6,88%). As vendas cresceram 5,8% em fevereiro, voltaram a registrar alta de 5% em mar\u00e7o, repetiu o desempenho em abril, avan\u00e7ou 6,2% em maio e 3,21% em junho. Subiu 2% em julho, 2,6% em agosto, 1,5% em setembro e 6,5% em outubro.<\/span><\/span><span class=\"LineBreakBlob BlobObject DragDrop SCXW136564045 BCX0\"><span class=\"SCXW136564045 BCX0\">\u00a0<\/span><br class=\"SCXW136564045 BCX0\"\/><\/span><span class=\"LineBreakBlob BlobObject DragDrop SCXW136564045 BCX0\"><span class=\"SCXW136564045 BCX0\">\u00a0<\/span><br class=\"SCXW136564045 BCX0\"\/><\/span><span class=\"TextRun SCXW136564045 BCX0\" lang=\"PT-BR\" xml:lang=\"PT-BR\" data-contrast=\"auto\"><span class=\"NormalTextRun SCXW136564045 BCX0\">Empregabilidade<\/span><span class=\"NormalTextRun SCXW136564045 BCX0\"> \u2013 <\/span><\/span><span class=\"TextRun SCXW136564045 BCX0\" lang=\"PT-BR\" xml:lang=\"PT-BR\" data-contrast=\"auto\"><span class=\"NormalTextRun SCXW136564045 BCX0\">Em janeiro de 2024, o percentual de varia\u00e7\u00e3o entre vagas abertas e fechadas no mercado de trabalho varejista ficou negativo em -0,8%, na compara\u00e7\u00e3o com o mesmo per\u00edodo do ano anterior. Como j\u00e1 era previsto, o encerramento do per\u00edodo de fim de ano gerou a dispensa de colaboradores tempor\u00e1rios.<\/span><\/span><span class=\"LineBreakBlob BlobObject DragDrop SCXW136564045 BCX0\"><span class=\"SCXW136564045 BCX0\">\u00a0<\/span><br class=\"SCXW136564045 BCX0\"\/><\/span><span class=\"LineBreakBlob BlobObject DragDrop SCXW136564045 BCX0\"><span class=\"SCXW136564045 BCX0\">\u00a0<\/span><br class=\"SCXW136564045 BCX0\"\/><\/span><span class=\"TextRun SCXW136564045 BCX0\" lang=\"PT-BR\" xml:lang=\"PT-BR\" data-contrast=\"auto\"><span class=\"NormalTextRun SCXW136564045 BCX0\">Confian\u00e7a <\/span><span class=\"NormalTextRun SCXW136564045 BCX0\">\u2013<\/span><span class=\"NormalTextRun SCXW136564045 BCX0\"> C<\/span><span class=\"NormalTextRun SCXW136564045 BCX0\">onsiderando uma escala de 1 a <\/span><span class=\"NormalTextRun SCXW136564045 BCX0\">5<\/span><span class=\"NormalTextRun SCXW136564045 BCX0\"> pontos, em que 1 significa \u201cmuito pessimista\u201d e 5 \u201cmuito otimista\u201d, o \u00cdndice de Confian\u00e7a <\/span><span class=\"NormalTextRun SpellingErrorV2Themed SCXW136564045 BCX0\">S<\/span><span class=\"NormalTextRun SpellingErrorV2Themed SCXW136564045 BCX0\">incovarp<\/span><span class=\"NormalTextRun SCXW136564045 BCX0\">\/CDL de curto prazo (sempre olhando para os tr\u00eas meses seguintes) ficou em 3,8 pontos (ante 3,4 da pesquisa de dezembro), considerado positivo.\u00a0<\/span> <span class=\"NormalTextRun SCXW136564045 BCX0\">E o \u00cdndice de Confian\u00e7a de longo prazo (olhando para os pr\u00f3ximos <\/span><span class=\"NormalTextRun SCXW136564045 BCX0\">doze<\/span><span class=\"NormalTextRun SCXW136564045 BCX0\"> meses) ficou em 4,0 pontos (ante 3,6 da pesquisa anterior), tamb\u00e9m positivo.<\/span><\/span><span class=\"LineBreakBlob BlobObject DragDrop SCXW136564045 BCX0\"><span class=\"SCXW136564045 BCX0\">\u00a0<\/span><br class=\"SCXW136564045 BCX0\"\/><\/span><span class=\"LineBreakBlob BlobObject DragDrop SCXW136564045 BCX0\"><span class=\"SCXW136564045 BCX0\">\u00a0<\/span><br class=\"SCXW136564045 BCX0\"\/><\/span><span class=\"TextRun SCXW136564045 BCX0\" lang=\"PT-BR\" xml:lang=\"PT-BR\" data-contrast=\"auto\"><span class=\"NormalTextRun SCXW136564045 BCX0\">\u201c<\/span><span class=\"NormalTextRun SCXW136564045 BCX0\">A esperan\u00e7a dos lojistas, para 2024, \u00e9 de que a economia tenha pela menos estabilidade. Pontos de aten\u00e7\u00e3o seriam uma piora do cen\u00e1rio por conta de turbul\u00eancias pol\u00edticas do ano eleitoral, um eventual agravamento dos conflitos na Ucr\u00e2nia e no Oriente M\u00e9dio, e uma poss\u00edvel disparada do pre\u00e7o internacional do petr\u00f3leo que exerceria grande press\u00e3o no mercado interno de combust\u00edveis, em especial, nos pre\u00e7os da gasolina e do diesel\u201d, finaliza.<\/span><\/span><span class=\"LineBreakBlob BlobObject DragDrop SCXW136564045 BCX0\"><span class=\"SCXW136564045 BCX0\">\u00a0<\/span><br class=\"SCXW136564045 BCX0\"\/><\/span><span class=\"LineBreakBlob BlobObject DragDrop SCXW136564045 BCX0\"><span class=\"SCXW136564045 BCX0\">\u00a0<\/span><br class=\"SCXW136564045 BCX0\"\/><\/span><\/p>\n<\/div>\n<p><script async src=\"\/\/platform.twitter.com\/widgets.js\" charset=\"utf-8\"><\/script><br \/>\n<br \/><br \/>\n<br \/><a href=\"https:\/\/www.tribunaribeirao.com.br\/site\/comercio-cresce-73-em-janeiro-em-rp\/\">Source link <\/a><\/p>\n<!-- CONTENT END 1 -->\n","protected":false},"excerpt":{"rendered":"<p>23 de fevereiro de 2024 | 16:0023 de fevereiro de 2024 | 8:26 0 Depois de registrar crescimento m\u00e9dio de 0,72% no acumulado do ano&#8230;<\/p>\n","protected":false},"author":1,"featured_media":39202,"comment_status":"open","ping_status":"open","sticky":false,"template":"","format":"standard","meta":{"advanced_seo_description":"","jetpack_seo_html_title":"","jetpack_seo_noindex":false,"jetpack_post_was_ever_published":false,"_jetpack_newsletter_access":"","_jetpack_dont_email_post_to_subs":false,"_jetpack_newsletter_tier_id":0,"_jetpack_memberships_contains_paywalled_content":false,"_jetpack_memberships_contains_paid_content":false,"footnotes":"","jetpack_publicize_message":"","jetpack_publicize_feature_enabled":true,"jetpack_social_post_already_shared":true,"jetpack_social_options":{"image_generator_settings":{"template":"highway","default_image_id":0,"font":"","enabled":false},"version":2}},"categories":[11],"tags":[386,1088,4467],"class_list":["post-39201","post","type-post","status-publish","format-standard","has-post-thumbnail","hentry","category-noticias-de-ribeirao-preto-sp-e-regiao-ismael-colosi","tag-comercio","tag-cresce","tag-janeiroem"],"jetpack_publicize_connections":[],"jetpack_featured_media_url":"https:\/\/i0.wp.com\/noticiasribeiraopreto.com.br\/wp-content\/uploads\/2024\/02\/ComercioRP-JF-Pimenta-Arquivo-scaled.jpg?fit=967%2C645&ssl=1","jetpack-related-posts":[{"id":42446,"url":"https:\/\/noticiasribeiraopreto.com.br\/index.php\/2024\/03\/14\/rp-comercio-cresce-31-em-fevereiro\/","url_meta":{"origin":39201,"position":0},"title":"RP: Com\u00e9rcio cresce 3,1% em fevereiro\u00a0","author":"noticiasribeiraopreto.com.br","date":"14 de March de 2024","format":false,"excerpt":"Depois de registrar crescimento m\u00e9dio de 0,72% no acumulado do ano passado, em compara\u00e7\u00e3o com 2022, as vendas nas lojas ribeir\u00e3o-pretanas dispararam 7,3% em janeiro e, em fevereiro, cresceram 3,1% em rela\u00e7\u00e3o ao mesmo per\u00edodo de 2023, aponta levantamento do Centro de Pesquisas do Varejo (CPV), mantido pelo Sindicato do\u2026","rel":"","context":"In &quot;Not\u00edcias de Ribeir\u00e3o Preto-SP e Regi\u00e3o&quot;","block_context":{"text":"Not\u00edcias de Ribeir\u00e3o Preto-SP e Regi\u00e3o","link":"https:\/\/noticiasribeiraopreto.com.br\/index.php\/category\/noticias-de-ribeirao-preto-sp-e-regiao-ismael-colosi\/"},"img":{"alt_text":"","src":"https:\/\/i0.wp.com\/noticiasribeiraopreto.com.br\/wp-content\/uploads\/2024\/03\/8fdb1231-4850-46f2-86dd-055bc4f20df7.jpg?fit=620%2C351&ssl=1&resize=350%2C200","width":350,"height":200,"srcset":"https:\/\/i0.wp.com\/noticiasribeiraopreto.com.br\/wp-content\/uploads\/2024\/03\/8fdb1231-4850-46f2-86dd-055bc4f20df7.jpg?fit=620%2C351&ssl=1&resize=350%2C200 1x, https:\/\/i0.wp.com\/noticiasribeiraopreto.com.br\/wp-content\/uploads\/2024\/03\/8fdb1231-4850-46f2-86dd-055bc4f20df7.jpg?fit=620%2C351&ssl=1&resize=525%2C300 1.5x"},"classes":[]},{"id":41534,"url":"https:\/\/noticiasribeiraopreto.com.br\/index.php\/2024\/03\/08\/producao-de-veiculos-cresce-243-no-brasil\/","url_meta":{"origin":39201,"position":1},"title":"Produ\u00e7\u00e3o de ve\u00edculos cresce 24,3% no Brasil\u00a0","author":"noticiasribeiraopreto.com.br","date":"8 de March de 2024","format":false,"excerpt":"8 de mar\u00e7o de 2024 | 17:007 de mar\u00e7o de 2024 | 20:57 0A produ\u00e7\u00e3o de ve\u00edculos automotores no Brasil cresceu 24,3% em fevereiro na compara\u00e7\u00e3o com o mesmo m\u00eas do ano passado, com 189.684 unidades produzidas. Na compara\u00e7\u00e3o anual, o aumento foi de 17,4%. Os dados foram divulgados nesta\u2026","rel":"","context":"In &quot;Not\u00edcias de Ribeir\u00e3o Preto-SP e Regi\u00e3o&quot;","block_context":{"text":"Not\u00edcias de Ribeir\u00e3o Preto-SP e Regi\u00e3o","link":"https:\/\/noticiasribeiraopreto.com.br\/index.php\/category\/noticias-de-ribeirao-preto-sp-e-regiao-ismael-colosi\/"},"img":{"alt_text":"","src":"https:\/\/i0.wp.com\/noticiasribeiraopreto.com.br\/wp-content\/uploads\/2024\/03\/Veiculos-Rafa-Neddermeyer-Ag.Br_-scaled.jpg?fit=1000%2C598&ssl=1&resize=350%2C200","width":350,"height":200,"srcset":"https:\/\/i0.wp.com\/noticiasribeiraopreto.com.br\/wp-content\/uploads\/2024\/03\/Veiculos-Rafa-Neddermeyer-Ag.Br_-scaled.jpg?fit=1000%2C598&ssl=1&resize=350%2C200 1x, https:\/\/i0.wp.com\/noticiasribeiraopreto.com.br\/wp-content\/uploads\/2024\/03\/Veiculos-Rafa-Neddermeyer-Ag.Br_-scaled.jpg?fit=1000%2C598&ssl=1&resize=525%2C300 1.5x, https:\/\/i0.wp.com\/noticiasribeiraopreto.com.br\/wp-content\/uploads\/2024\/03\/Veiculos-Rafa-Neddermeyer-Ag.Br_-scaled.jpg?fit=1000%2C598&ssl=1&resize=700%2C400 2x"},"classes":[]},{"id":34776,"url":"https:\/\/noticiasribeiraopreto.com.br\/index.php\/2024\/02\/03\/producao-industrial-cresce-02-em-2023\/","url_meta":{"origin":39201,"position":2},"title":"Produ\u00e7\u00e3o industrial cresce 0,2% em 2023\u00a0","author":"noticiasribeiraopreto.com.br","date":"3 de February de 2024","format":false,"excerpt":"3 de fevereiro de 2024 | 13:002 de fevereiro de 2024 | 21:02 0A produ\u00e7\u00e3o industrial do pa\u00eds teve alta de 1,1% em dezembro, sendo o quinto m\u00eas seguido com resultado positivo. Assim, a ind\u00fastria brasileira fecha 2023 com alta de 0,2%. No ano anterior, o resultado tinha sido queda\u2026","rel":"","context":"In &quot;Not\u00edcias de Ribeir\u00e3o Preto-SP e Regi\u00e3o&quot;","block_context":{"text":"Not\u00edcias de Ribeir\u00e3o Preto-SP e Regi\u00e3o","link":"https:\/\/noticiasribeiraopreto.com.br\/index.php\/category\/noticias-de-ribeirao-preto-sp-e-regiao-ismael-colosi\/"},"img":{"alt_text":"","src":"https:\/\/i0.wp.com\/noticiasribeiraopreto.com.br\/wp-content\/uploads\/2024\/02\/Indus-Washington-Alves-Reuters-scaled.jpg?fit=1000%2C598&ssl=1&resize=350%2C200","width":350,"height":200,"srcset":"https:\/\/i0.wp.com\/noticiasribeiraopreto.com.br\/wp-content\/uploads\/2024\/02\/Indus-Washington-Alves-Reuters-scaled.jpg?fit=1000%2C598&ssl=1&resize=350%2C200 1x, https:\/\/i0.wp.com\/noticiasribeiraopreto.com.br\/wp-content\/uploads\/2024\/02\/Indus-Washington-Alves-Reuters-scaled.jpg?fit=1000%2C598&ssl=1&resize=525%2C300 1.5x, https:\/\/i0.wp.com\/noticiasribeiraopreto.com.br\/wp-content\/uploads\/2024\/02\/Indus-Washington-Alves-Reuters-scaled.jpg?fit=1000%2C598&ssl=1&resize=700%2C400 2x"},"classes":[]},{"id":39417,"url":"https:\/\/noticiasribeiraopreto.com.br\/index.php\/2024\/02\/26\/consumo-de-sorvete-cresce-15-em-2023\/","url_meta":{"origin":39201,"position":3},"title":"Consumo de sorvete\u00a0cresce 15% em 2023","author":"noticiasribeiraopreto.com.br","date":"26 de February de 2024","format":false,"excerpt":"26 de fevereiro de 2024 | 10:0025 de fevereiro de 2024 | 14:21 0Com as ondas de calor, que ganharam intensidade em raz\u00e3o dos efeitos do El Ni\u00f1o, os brasileiros est\u00e3o tomando mais sorvetes. No ano passado, o crescimento no consumo de sorvetes no pa\u00eds foi de 15%, chegando a\u2026","rel":"","context":"In &quot;Not\u00edcias de Ribeir\u00e3o Preto-SP e Regi\u00e3o&quot;","block_context":{"text":"Not\u00edcias de Ribeir\u00e3o Preto-SP e Regi\u00e3o","link":"https:\/\/noticiasribeiraopreto.com.br\/index.php\/category\/noticias-de-ribeirao-preto-sp-e-regiao-ismael-colosi\/"},"img":{"alt_text":"","src":"https:\/\/i0.wp.com\/noticiasribeiraopreto.com.br\/wp-content\/uploads\/2024\/02\/Sorvete-Redes-sociais-Reproducao-scaled.jpg?fit=967%2C645&ssl=1&resize=350%2C200","width":350,"height":200,"srcset":"https:\/\/i0.wp.com\/noticiasribeiraopreto.com.br\/wp-content\/uploads\/2024\/02\/Sorvete-Redes-sociais-Reproducao-scaled.jpg?fit=967%2C645&ssl=1&resize=350%2C200 1x, https:\/\/i0.wp.com\/noticiasribeiraopreto.com.br\/wp-content\/uploads\/2024\/02\/Sorvete-Redes-sociais-Reproducao-scaled.jpg?fit=967%2C645&ssl=1&resize=525%2C300 1.5x, https:\/\/i0.wp.com\/noticiasribeiraopreto.com.br\/wp-content\/uploads\/2024\/02\/Sorvete-Redes-sociais-Reproducao-scaled.jpg?fit=967%2C645&ssl=1&resize=700%2C400 2x"},"classes":[]},{"id":29352,"url":"https:\/\/noticiasribeiraopreto.com.br\/index.php\/2024\/01\/18\/varejo-de-rp-cresce-072-em-2023\/","url_meta":{"origin":39201,"position":4},"title":"Varejo de RP cresce 0,72% em 2023\u00a0","author":"noticiasribeiraopreto.com.br","date":"18 de January de 2024","format":false,"excerpt":"Resultado de 2023 est\u00e1 bem abaixo do desempenho do ano anterior, quando houve alta m\u00e9dia de 5,01% na compara\u00e7\u00e3o com 2021\u00a0 17 de janeiro de 2024 | 15:0017 de janeiro de 2024 | 10:00 0As vendas do varejo ribeir\u00e3o-pretano cresceram, em m\u00e9dia, 0,72% no acumulado do ano passado, em compara\u00e7\u00e3o\u2026","rel":"","context":"In &quot;Not\u00edcias de Ribeir\u00e3o Preto-SP e Regi\u00e3o&quot;","block_context":{"text":"Not\u00edcias de Ribeir\u00e3o Preto-SP e Regi\u00e3o","link":"https:\/\/noticiasribeiraopreto.com.br\/index.php\/category\/noticias-de-ribeirao-preto-sp-e-regiao-ismael-colosi\/"},"img":{"alt_text":"","src":"https:\/\/i0.wp.com\/noticiasribeiraopreto.com.br\/wp-content\/uploads\/2024\/01\/ComercioRP-Divulgacao-scaled.jpg?fit=968%2C645&ssl=1&resize=350%2C200","width":350,"height":200,"srcset":"https:\/\/i0.wp.com\/noticiasribeiraopreto.com.br\/wp-content\/uploads\/2024\/01\/ComercioRP-Divulgacao-scaled.jpg?fit=968%2C645&ssl=1&resize=350%2C200 1x, https:\/\/i0.wp.com\/noticiasribeiraopreto.com.br\/wp-content\/uploads\/2024\/01\/ComercioRP-Divulgacao-scaled.jpg?fit=968%2C645&ssl=1&resize=525%2C300 1.5x, https:\/\/i0.wp.com\/noticiasribeiraopreto.com.br\/wp-content\/uploads\/2024\/01\/ComercioRP-Divulgacao-scaled.jpg?fit=968%2C645&ssl=1&resize=700%2C400 2x"},"classes":[]},{"id":25019,"url":"https:\/\/noticiasribeiraopreto.com.br\/index.php\/2024\/01\/05\/producao-industrial-brasileira-cresce-05-em-novembro\/","url_meta":{"origin":39201,"position":5},"title":"Produ\u00e7\u00e3o industrial brasileira cresce 0,5% em novembro","author":"noticiasribeiraopreto.com.br","date":"5 de January de 2024","format":false,"excerpt":"A produ\u00e7\u00e3o da ind\u00fastria brasileira cresceu 0,5% em novembro de 2023, na compara\u00e7\u00e3o com o m\u00eas anterior. Essa foi a quarta taxa positiva do indicador, que havia variado 0,1% em outubro e setembro e 0,2% em agosto.Os dados s\u00e3o da Pesquisa Industrial Mensal (PIM), divulgada nesta sexta-feira (5), pelo Instituto\u2026","rel":"","context":"In &quot;Not\u00edcias de Ribeir\u00e3o Preto-SP e Regi\u00e3o&quot;","block_context":{"text":"Not\u00edcias de Ribeir\u00e3o Preto-SP e Regi\u00e3o","link":"https:\/\/noticiasribeiraopreto.com.br\/index.php\/category\/noticias-de-ribeirao-preto-sp-e-regiao-ismael-colosi\/"},"img":{"alt_text":"","src":"https:\/\/i0.wp.com\/noticiasribeiraopreto.com.br\/wp-content\/uploads\/2024\/01\/5e439eff-285a-4320-a43c-f98e084b0eb7.jpeg?fit=768%2C425&ssl=1&resize=350%2C200","width":350,"height":200,"srcset":"https:\/\/i0.wp.com\/noticiasribeiraopreto.com.br\/wp-content\/uploads\/2024\/01\/5e439eff-285a-4320-a43c-f98e084b0eb7.jpeg?fit=768%2C425&ssl=1&resize=350%2C200 1x, https:\/\/i0.wp.com\/noticiasribeiraopreto.com.br\/wp-content\/uploads\/2024\/01\/5e439eff-285a-4320-a43c-f98e084b0eb7.jpeg?fit=768%2C425&ssl=1&resize=525%2C300 1.5x, https:\/\/i0.wp.com\/noticiasribeiraopreto.com.br\/wp-content\/uploads\/2024\/01\/5e439eff-285a-4320-a43c-f98e084b0eb7.jpeg?fit=768%2C425&ssl=1&resize=700%2C400 2x"},"classes":[]}],"jetpack_sharing_enabled":true,"jetpack_shortlink":"https:\/\/wp.me\/peQAOb-ach","_links":{"self":[{"href":"https:\/\/noticiasribeiraopreto.com.br\/index.php\/wp-json\/wp\/v2\/posts\/39201","targetHints":{"allow":["GET"]}}],"collection":[{"href":"https:\/\/noticiasribeiraopreto.com.br\/index.php\/wp-json\/wp\/v2\/posts"}],"about":[{"href":"https:\/\/noticiasribeiraopreto.com.br\/index.php\/wp-json\/wp\/v2\/types\/post"}],"author":[{"embeddable":true,"href":"https:\/\/noticiasribeiraopreto.com.br\/index.php\/wp-json\/wp\/v2\/users\/1"}],"replies":[{"embeddable":true,"href":"https:\/\/noticiasribeiraopreto.com.br\/index.php\/wp-json\/wp\/v2\/comments?post=39201"}],"version-history":[{"count":0,"href":"https:\/\/noticiasribeiraopreto.com.br\/index.php\/wp-json\/wp\/v2\/posts\/39201\/revisions"}],"wp:featuredmedia":[{"embeddable":true,"href":"https:\/\/noticiasribeiraopreto.com.br\/index.php\/wp-json\/wp\/v2\/media\/39202"}],"wp:attachment":[{"href":"https:\/\/noticiasribeiraopreto.com.br\/index.php\/wp-json\/wp\/v2\/media?parent=39201"}],"wp:term":[{"taxonomy":"category","embeddable":true,"href":"https:\/\/noticiasribeiraopreto.com.br\/index.php\/wp-json\/wp\/v2\/categories?post=39201"},{"taxonomy":"post_tag","embeddable":true,"href":"https:\/\/noticiasribeiraopreto.com.br\/index.php\/wp-json\/wp\/v2\/tags?post=39201"}],"curies":[{"name":"wp","href":"https:\/\/api.w.org\/{rel}","templated":true}]}}