{"id":39219,"date":"2024-02-23T21:53:04","date_gmt":"2024-02-24T00:53:04","guid":{"rendered":"https:\/\/noticiasribeiraopreto.com.br\/index.php\/2024\/02\/23\/confira-os-filmes-em-cartaz-em-ribeirao-preto-com-ingressos-a-r-12\/"},"modified":"2024-02-23T21:53:04","modified_gmt":"2024-02-24T00:53:04","slug":"confira-os-filmes-em-cartaz-em-ribeirao-preto-com-ingressos-a-r-12","status":"publish","type":"post","link":"https:\/\/noticiasribeiraopreto.com.br\/index.php\/2024\/02\/23\/confira-os-filmes-em-cartaz-em-ribeirao-preto-com-ingressos-a-r-12\/","title":{"rendered":"Confira os filmes em cartaz em Ribeir\u00e3o Preto com ingressos a R$ 12"},"content":{"rendered":"<div class='code-block code-block-1' style='margin: 8px 0 8px auto; text-align: right; display: block; clear: both;'>\n<p><a href=\"https:\/\/wa.link\/vpicfd\"><img data-recalc-dims=\"1\" class=\"wp-image-4922\" style=\"aspect-ratio: 2.0253164556962027; width: 561px; height: auto;\" src=\"https:\/\/i0.wp.com\/ismaelcolosi.com.br\/wp-content\/uploads\/2023\/11\/grupo-de-empregos-whatsapp-e-facebook-ismael-colosi-vagas.jpg?ssl=1\" alt=\"\" \/><\/a><\/p>\n<!-- \/wp:image -->\n<\/div>\n<p> <br \/>\n<\/p>\n<div data-td-block-uid=\"tdi_102\">\n<div class=\"tdb-block-inner td-fix-index\">\n<p>Come\u00e7ou nesta quinta-feira (22), a<strong> Semana do Cinema<\/strong> em todo o pa\u00eds e as salas de <strong>Ribeir\u00e3o Preto<\/strong> aderiram \u00e0 campanha que oferece ingressos a <strong>R$ 12<\/strong> at\u00e9 a pr\u00f3xima <strong>quinta-feira (28)<\/strong>.<\/p>\n<p><mark style=\"background-color:#fcb900\" class=\"has-inline-color\"><strong>Al\u00e9m de entradas mais baratas, algumas redes oferecer\u00e3o combos de pipoca e bebida com pre\u00e7os promocionais.<\/strong><\/mark><\/p>\n<p>O desconto nos ingressos s\u00e3o v\u00e1lidos para as compras efetuadas de forma <strong>on-line<\/strong> ou nas <strong>bilheterias dos cinemas<\/strong>.<\/p>\n<p>A campanha \u00e9 idealizada pela <strong>FENEEC <\/strong>(Federa\u00e7\u00e3o Nacional das Empresas Exibidoras Cinematogr\u00e1ficas) e tem apoio da <strong>ABRAPLEX <\/strong>(Associa\u00e7\u00e3o Brasileira das Empresas Exibidoras Cinematogr\u00e1ficas Operadoras de Multiplex).<\/p>\n<h4 class=\"wp-block-heading\"><strong>Veja os filmes que est\u00e3o em cartaz em Ribeir\u00e3o<\/strong><\/h4>\n<ul>\n<li><strong>UCI Cinemas \u2013 Ribeir\u00e3o Shopping<\/strong><\/li>\n<\/ul>\n<p>A Cor P\u00farpura, Anatomia de Uma Queda; Aquaman 2: O Reino Perdido; Baghead: A Bruxa Dos Mortos; Bob Marley \u2013 One Love; Cedo Demais; L Demon Slayer: Para a Vila do Espadachim; Ferrari; Levante; Madame Teia; Masha e o Urso: Divers\u00e3o em Dobro; Minha Irm\u00e3 e Eu; Nosso Lar 2: Os Mensageiros; O Jogo da Morte; O Menino e a Gar\u00e7a; Os Rejeitados; Patos!; Peppa Pig: Festa no Cinema; Pobres Criaturas; Pr\u00edncipe Lu e a Lenda do Drag\u00e3o; Todos Menos Voc\u00ea; Turma da M\u00f4nica Jovem: Reflexos do Medo; Wish; Zona de Interesse e Zona de Risco.<\/p>\n<ul>\n<li><strong>Cin\u00e9polis \u2013 Santa \u00darsula<\/strong><\/li>\n<\/ul>\n<p>Minha Irm\u00e3 e Eu; Bob Marley: One Love; Nosso Lar 2: Os Mensageiros; Ferrari; Madame Teia; O Jogo da Morte; Pobres Criaturas; Todos Menos Voc\u00ea; Masha e o Urso: Divers\u00e3o em Dobro; O Menino e a Gar\u00e7a; Demon Slayer: Kimetsu No Yaiba \u2013 To The Hashira Training.<\/p>\n<ul>\n<li><strong>Cin\u00e9polis \u2013 Iguatemi Ribeir\u00e3o Preto<\/strong><\/li>\n<\/ul>\n<p>Bob Marley: One Love; Ferrari; Madame Teia; Pobres Criaturas; Todos Menos Voc\u00ea; Masha e o Urso: Divers\u00e3o em Dobro; Zona de Interesse; O Menino e a Gar\u00e7a; Demon Slayer: Kimetsu No Yaiba \u2013 To The Hashira Training<\/p>\n<ul>\n<li><strong>Cinemark \u2013 Novo Shopping Center<\/strong><\/li>\n<\/ul>\n<p>Aquaman 2: O Reino Perdido; Baghead \u2013 A Bruxa dos Mortos; Bob Marley \u2013 One Love; Demon Slayer: Hashira Training; Ferrari; Madame Teia; Masha e o Urso \u2013 Divers\u00e3o em Dobro; Minha Irm\u00e3 e Eu; O Jogo da Morte; Todos Menos Voc\u00ea; Wish: O Poder dos Desejos; Wonka; Zona de Risco<\/p>\n<p>Vale ressaltar que<strong> todas as programa\u00e7\u00f5es podem ser alteradas sem aviso pr\u00e9vio<\/strong>. <mark style=\"background-color:#fcb900\" class=\"has-inline-color\">\u00c9 importante consultar os filmes e hor\u00e1rios dispon\u00edveis, no site ou nas bilheterias do cinema escolhido.<\/mark><\/p>\n<p><!-- AI CONTENT END 1 -->\n<\/div>\n<\/div>\n<p><br \/>\n<br \/><a href=\"https:\/\/www.acidadeon.com\/ribeiraopreto\/lazer-e-cultura\/confira-os-filmes-em-cartaz-em-ribeirao-preto-com-ingressos-a-r-12\/\">Source link <\/a><\/p>\n<!-- CONTENT END 1 -->\n","protected":false},"excerpt":{"rendered":"<p>Come\u00e7ou nesta quinta-feira (22), a Semana do Cinema em todo o pa\u00eds e as salas de Ribeir\u00e3o Preto aderiram \u00e0 campanha que oferece ingressos a&#8230;<\/p>\n","protected":false},"author":1,"featured_media":39220,"comment_status":"open","ping_status":"open","sticky":false,"template":"","format":"standard","meta":{"advanced_seo_description":"","jetpack_seo_html_title":"","jetpack_seo_noindex":false,"jetpack_post_was_ever_published":false,"_jetpack_newsletter_access":"","_jetpack_dont_email_post_to_subs":false,"_jetpack_newsletter_tier_id":0,"_jetpack_memberships_contains_paywalled_content":false,"_jetpack_memberships_contains_paid_content":false,"footnotes":"","jetpack_publicize_message":"","jetpack_publicize_feature_enabled":true,"jetpack_social_post_already_shared":true,"jetpack_social_options":{"image_generator_settings":{"template":"highway","default_image_id":0,"font":"","enabled":false},"version":2}},"categories":[11],"tags":[],"class_list":["post-39219","post","type-post","status-publish","format-standard","has-post-thumbnail","hentry","category-noticias-de-ribeirao-preto-sp-e-regiao-ismael-colosi"],"jetpack_publicize_connections":[],"jetpack_featured_media_url":"https:\/\/i0.wp.com\/noticiasribeiraopreto.com.br\/wp-content\/uploads\/2024\/02\/movie-theater-2502213_1280.jpg?fit=1280%2C853&ssl=1","jetpack-related-posts":[{"id":38586,"url":"https:\/\/noticiasribeiraopreto.com.br\/index.php\/2024\/02\/20\/cinemas-de-ribeirao-terao-ingressos-por-r-12-veja-quando\/","url_meta":{"origin":39219,"position":0},"title":"Cinemas de Ribeir\u00e3o ter\u00e3o ingressos por R$ 12; Veja quando","author":"noticiasribeiraopreto.com.br","date":"20 de February de 2024","format":false,"excerpt":"Ribeir\u00e3o Preto ter\u00e1 ingressos de cinema a R$ 12 a partir desta quinta-feira (22). A a\u00e7\u00e3o, que oferece ingressos para sess\u00f5es 2D faz parte da Semana do Cinema, e acontece at\u00e9 a pr\u00f3xima quarta-feira, 28 de fevereiro. Al\u00e9m de entradas mais baratas, algumas redes oferecer\u00e3o combos de pipoca e bebida\u2026","rel":"","context":"In &quot;Not\u00edcias de Ribeir\u00e3o Preto-SP e Regi\u00e3o&quot;","block_context":{"text":"Not\u00edcias de Ribeir\u00e3o Preto-SP e Regi\u00e3o","link":"https:\/\/noticiasribeiraopreto.com.br\/index.php\/category\/noticias-de-ribeirao-preto-sp-e-regiao-ismael-colosi\/"},"img":{"alt_text":"","src":"https:\/\/i0.wp.com\/noticiasribeiraopreto.com.br\/wp-content\/uploads\/2024\/02\/cinema_filme_1024x576_02102020113512.jpg?fit=1024%2C576&ssl=1&resize=350%2C200","width":350,"height":200,"srcset":"https:\/\/i0.wp.com\/noticiasribeiraopreto.com.br\/wp-content\/uploads\/2024\/02\/cinema_filme_1024x576_02102020113512.jpg?fit=1024%2C576&ssl=1&resize=350%2C200 1x, https:\/\/i0.wp.com\/noticiasribeiraopreto.com.br\/wp-content\/uploads\/2024\/02\/cinema_filme_1024x576_02102020113512.jpg?fit=1024%2C576&ssl=1&resize=525%2C300 1.5x, https:\/\/i0.wp.com\/noticiasribeiraopreto.com.br\/wp-content\/uploads\/2024\/02\/cinema_filme_1024x576_02102020113512.jpg?fit=1024%2C576&ssl=1&resize=700%2C400 2x"},"classes":[]},{"id":51602,"url":"https:\/\/noticiasribeiraopreto.com.br\/index.php\/2024\/05\/28\/rede-de-cinemas-com-salas-em-ribeirao-faz-promocao-de-ingressos-a-r-12\/","url_meta":{"origin":39219,"position":1},"title":"Rede de cinemas com salas em Ribeir\u00e3o faz promo\u00e7\u00e3o de ingressos a R$ 12","author":"noticiasribeiraopreto.com.br","date":"28 de May de 2024","format":false,"excerpt":"A rede de cinemas Cinemark anunciou nesta segunda-feira (27) uma promo\u00e7\u00e3o de ingressos em sess\u00f5es 2D e 3D a R$ 12. Em Ribeir\u00e3o Preto, as salas da rede ficam localizadas no Novo Shopping, na zona Leste da cidade. A promo\u00e7\u00e3o \u00e9 v\u00e1lida de segunda-feira \u00e0 quinta-feira, exceto em feriados, at\u00e9\u2026","rel":"","context":"In &quot;Not\u00edcias de Ribeir\u00e3o Preto-SP e Regi\u00e3o&quot;","block_context":{"text":"Not\u00edcias de Ribeir\u00e3o Preto-SP e Regi\u00e3o","link":"https:\/\/noticiasribeiraopreto.com.br\/index.php\/category\/noticias-de-ribeirao-preto-sp-e-regiao-ismael-colosi\/"},"img":{"alt_text":"","src":"https:\/\/i0.wp.com\/noticiasribeiraopreto.com.br\/wp-content\/uploads\/2024\/05\/Copia-de-Copia-de-TAMANHO-EXATO-PARA-FOTOS-NO-SISTEMA-NOVO-3_2024-05-28_13-39-55_jpg_2024-05-28_13-39-55.webp.webp?fit=1200%2C675&ssl=1&resize=350%2C200","width":350,"height":200,"srcset":"https:\/\/i0.wp.com\/noticiasribeiraopreto.com.br\/wp-content\/uploads\/2024\/05\/Copia-de-Copia-de-TAMANHO-EXATO-PARA-FOTOS-NO-SISTEMA-NOVO-3_2024-05-28_13-39-55_jpg_2024-05-28_13-39-55.webp.webp?fit=1200%2C675&ssl=1&resize=350%2C200 1x, https:\/\/i0.wp.com\/noticiasribeiraopreto.com.br\/wp-content\/uploads\/2024\/05\/Copia-de-Copia-de-TAMANHO-EXATO-PARA-FOTOS-NO-SISTEMA-NOVO-3_2024-05-28_13-39-55_jpg_2024-05-28_13-39-55.webp.webp?fit=1200%2C675&ssl=1&resize=525%2C300 1.5x, https:\/\/i0.wp.com\/noticiasribeiraopreto.com.br\/wp-content\/uploads\/2024\/05\/Copia-de-Copia-de-TAMANHO-EXATO-PARA-FOTOS-NO-SISTEMA-NOVO-3_2024-05-28_13-39-55_jpg_2024-05-28_13-39-55.webp.webp?fit=1200%2C675&ssl=1&resize=700%2C400 2x, https:\/\/i0.wp.com\/noticiasribeiraopreto.com.br\/wp-content\/uploads\/2024\/05\/Copia-de-Copia-de-TAMANHO-EXATO-PARA-FOTOS-NO-SISTEMA-NOVO-3_2024-05-28_13-39-55_jpg_2024-05-28_13-39-55.webp.webp?fit=1200%2C675&ssl=1&resize=1050%2C600 3x"},"classes":[]},{"id":51930,"url":"https:\/\/noticiasribeiraopreto.com.br\/index.php\/2024\/06\/01\/rede-de-cinemas-em-ribeirao-preto-anuncia-promocao-de-ingressos-veja-ate-quando\/","url_meta":{"origin":39219,"position":2},"title":"Rede de cinemas em Ribeir\u00e3o Preto anuncia promo\u00e7\u00e3o de ingressos; Veja at\u00e9 quando","author":"noticiasribeiraopreto.com.br","date":"1 de June de 2024","format":false,"excerpt":"A rede de cinema Cinep\u00f3lis anunciou a promo\u00e7\u00e3o de ingressos por R$ 12 em salas convencionais e salas especiais por R$ 29,90. O valor promocional segue at\u00e9 a pr\u00f3xima quarta-feira (5) e v\u00e1lido tamb\u00e9m para o fim de semana. O combo com comidas e bebidas est\u00e1 a partir de R$\u2026","rel":"","context":"In &quot;Not\u00edcias de Ribeir\u00e3o Preto-SP e Regi\u00e3o&quot;","block_context":{"text":"Not\u00edcias de Ribeir\u00e3o Preto-SP e Regi\u00e3o","link":"https:\/\/noticiasribeiraopreto.com.br\/index.php\/category\/noticias-de-ribeirao-preto-sp-e-regiao-ismael-colosi\/"},"img":{"alt_text":"","src":"https:\/\/i0.wp.com\/noticiasribeiraopreto.com.br\/wp-content\/uploads\/2024\/06\/mulher-come-pipoca-no-cinema-1546522024214_v2_450x337_2024-06-01_14-29-15_jpg_2024-06-01_14-29-15.webp.webp?fit=450%2C337&ssl=1&resize=350%2C200","width":350,"height":200},"classes":[]},{"id":76248,"url":"https:\/\/noticiasribeiraopreto.com.br\/index.php\/2025\/08\/25\/semana-do-cinema-em-ribeirao-preto-tem-ingressos-por-r-10\/","url_meta":{"origin":39219,"position":3},"title":"Semana do Cinema em Ribeir\u00e3o Preto tem ingressos por R$ 10","author":"noticiasribeiraopreto.com.br","date":"25 de August de 2025","format":false,"excerpt":"De 28 de agosto a 3 de setembro, Ribeir\u00e3o Preto recebe a Semana do Cinema, campanha nacional que incentiva o p\u00fablico a frequentar as salas de exibi\u00e7\u00e3o com ingressos a pre\u00e7os populares. Durante o per\u00edodo, as sess\u00f5es em formatos 2D e 3D custam apenas R$ 10. Ribeir\u00e3o Preto conta com\u2026","rel":"","context":"In &quot;Not\u00edcias de Ribeir\u00e3o Preto-SP e Regi\u00e3o&quot;","block_context":{"text":"Not\u00edcias de Ribeir\u00e3o Preto-SP e Regi\u00e3o","link":"https:\/\/noticiasribeiraopreto.com.br\/index.php\/category\/noticias-de-ribeirao-preto-sp-e-regiao-ismael-colosi\/"},"img":{"alt_text":"","src":"https:\/\/i0.wp.com\/noticiasribeiraopreto.com.br\/wp-content\/uploads\/2025\/08\/2148115398_2025-08-25_13-04-46.webp.webp?fit=1000%2C667&ssl=1&resize=350%2C200","width":350,"height":200,"srcset":"https:\/\/i0.wp.com\/noticiasribeiraopreto.com.br\/wp-content\/uploads\/2025\/08\/2148115398_2025-08-25_13-04-46.webp.webp?fit=1000%2C667&ssl=1&resize=350%2C200 1x, https:\/\/i0.wp.com\/noticiasribeiraopreto.com.br\/wp-content\/uploads\/2025\/08\/2148115398_2025-08-25_13-04-46.webp.webp?fit=1000%2C667&ssl=1&resize=525%2C300 1.5x, https:\/\/i0.wp.com\/noticiasribeiraopreto.com.br\/wp-content\/uploads\/2025\/08\/2148115398_2025-08-25_13-04-46.webp.webp?fit=1000%2C667&ssl=1&resize=700%2C400 2x"},"classes":[]},{"id":57741,"url":"https:\/\/noticiasribeiraopreto.com.br\/index.php\/2024\/09\/09\/semana-do-cinema-tera-ingressos-por-r-12-veja-quando-comeca\/","url_meta":{"origin":39219,"position":4},"title":"Semana do Cinema ter\u00e1 ingressos por R$ 12; Veja quando come\u00e7a","author":"noticiasribeiraopreto.com.br","date":"9 de September de 2024","format":false,"excerpt":"A Semana Do Cinema acontece pela segunda vez este ano e proporciona aos cin\u00e9filos ingressos por R$ 12. A iniciativa come\u00e7a nesta quinta-feira (12) e segue at\u00e9 quarta-feira (18). Essa \u00e9 a quinta edi\u00e7\u00e3o da Semana do Cinema, que al\u00e9m do desconto nos valores dos ingressos, tamb\u00e9m conta com promo\u00e7\u00f5es\u2026","rel":"","context":"In &quot;Not\u00edcias de Ribeir\u00e3o Preto-SP e Regi\u00e3o&quot;","block_context":{"text":"Not\u00edcias de Ribeir\u00e3o Preto-SP e Regi\u00e3o","link":"https:\/\/noticiasribeiraopreto.com.br\/index.php\/category\/noticias-de-ribeirao-preto-sp-e-regiao-ismael-colosi\/"},"img":{"alt_text":"","src":"https:\/\/i0.wp.com\/noticiasribeiraopreto.com.br\/wp-content\/uploads\/2024\/09\/pexels-tima-miroshnichenko-7991158_2024-09-09_14-25-55.webp.webp?fit=888%2C592&ssl=1&resize=350%2C200","width":350,"height":200,"srcset":"https:\/\/i0.wp.com\/noticiasribeiraopreto.com.br\/wp-content\/uploads\/2024\/09\/pexels-tima-miroshnichenko-7991158_2024-09-09_14-25-55.webp.webp?fit=888%2C592&ssl=1&resize=350%2C200 1x, https:\/\/i0.wp.com\/noticiasribeiraopreto.com.br\/wp-content\/uploads\/2024\/09\/pexels-tima-miroshnichenko-7991158_2024-09-09_14-25-55.webp.webp?fit=888%2C592&ssl=1&resize=525%2C300 1.5x, https:\/\/i0.wp.com\/noticiasribeiraopreto.com.br\/wp-content\/uploads\/2024\/09\/pexels-tima-miroshnichenko-7991158_2024-09-09_14-25-55.webp.webp?fit=888%2C592&ssl=1&resize=700%2C400 2x"},"classes":[]},{"id":59599,"url":"https:\/\/noticiasribeiraopreto.com.br\/index.php\/2024\/10\/26\/cinemas-anunciam-programacao-de-terror-com-ingressos-a-r-13-veja-filmes\/","url_meta":{"origin":39219,"position":5},"title":"Cinemas anunciam programa\u00e7\u00e3o de terror com ingressos a R$ 13; Veja filmes \u00a0","author":"noticiasribeiraopreto.com.br","date":"26 de October de 2024","format":false,"excerpt":"Os cinemas de Ribeir\u00e3o Preto entraram no clima de Halloween e anunciaram uma programa\u00e7\u00e3o especial com diversos filmes de terror, al\u00e9m disso, h\u00e1 promo\u00e7\u00f5es de ingressos por R$ 13. Os longas entram em cartaz no dia 31 de outubro. Ribeir\u00e3o Preto\u00a0conta com quatro cinemas, o\u00a0UCI\u00a0localizado no Ribeir\u00e3o Shopping, o\u00a0Cinep\u00f3lis\u00a0nos shoppings\u2026","rel":"","context":"In &quot;Not\u00edcias de Ribeir\u00e3o Preto-SP e Regi\u00e3o&quot;","block_context":{"text":"Not\u00edcias de Ribeir\u00e3o Preto-SP e Regi\u00e3o","link":"https:\/\/noticiasribeiraopreto.com.br\/index.php\/category\/noticias-de-ribeirao-preto-sp-e-regiao-ismael-colosi\/"},"img":{"alt_text":"","src":"https:\/\/i0.wp.com\/noticiasribeiraopreto.com.br\/wp-content\/uploads\/2024\/10\/terrifier-3_2024-10-26_18-22-06_jpg_2024-10-26_18-22-06.webp.webp?fit=1200%2C700&ssl=1&resize=350%2C200","width":350,"height":200,"srcset":"https:\/\/i0.wp.com\/noticiasribeiraopreto.com.br\/wp-content\/uploads\/2024\/10\/terrifier-3_2024-10-26_18-22-06_jpg_2024-10-26_18-22-06.webp.webp?fit=1200%2C700&ssl=1&resize=350%2C200 1x, https:\/\/i0.wp.com\/noticiasribeiraopreto.com.br\/wp-content\/uploads\/2024\/10\/terrifier-3_2024-10-26_18-22-06_jpg_2024-10-26_18-22-06.webp.webp?fit=1200%2C700&ssl=1&resize=525%2C300 1.5x, https:\/\/i0.wp.com\/noticiasribeiraopreto.com.br\/wp-content\/uploads\/2024\/10\/terrifier-3_2024-10-26_18-22-06_jpg_2024-10-26_18-22-06.webp.webp?fit=1200%2C700&ssl=1&resize=700%2C400 2x, https:\/\/i0.wp.com\/noticiasribeiraopreto.com.br\/wp-content\/uploads\/2024\/10\/terrifier-3_2024-10-26_18-22-06_jpg_2024-10-26_18-22-06.webp.webp?fit=1200%2C700&ssl=1&resize=1050%2C600 3x"},"classes":[]}],"jetpack_sharing_enabled":true,"jetpack_shortlink":"https:\/\/wp.me\/peQAOb-acz","_links":{"self":[{"href":"https:\/\/noticiasribeiraopreto.com.br\/index.php\/wp-json\/wp\/v2\/posts\/39219","targetHints":{"allow":["GET"]}}],"collection":[{"href":"https:\/\/noticiasribeiraopreto.com.br\/index.php\/wp-json\/wp\/v2\/posts"}],"about":[{"href":"https:\/\/noticiasribeiraopreto.com.br\/index.php\/wp-json\/wp\/v2\/types\/post"}],"author":[{"embeddable":true,"href":"https:\/\/noticiasribeiraopreto.com.br\/index.php\/wp-json\/wp\/v2\/users\/1"}],"replies":[{"embeddable":true,"href":"https:\/\/noticiasribeiraopreto.com.br\/index.php\/wp-json\/wp\/v2\/comments?post=39219"}],"version-history":[{"count":0,"href":"https:\/\/noticiasribeiraopreto.com.br\/index.php\/wp-json\/wp\/v2\/posts\/39219\/revisions"}],"wp:featuredmedia":[{"embeddable":true,"href":"https:\/\/noticiasribeiraopreto.com.br\/index.php\/wp-json\/wp\/v2\/media\/39220"}],"wp:attachment":[{"href":"https:\/\/noticiasribeiraopreto.com.br\/index.php\/wp-json\/wp\/v2\/media?parent=39219"}],"wp:term":[{"taxonomy":"category","embeddable":true,"href":"https:\/\/noticiasribeiraopreto.com.br\/index.php\/wp-json\/wp\/v2\/categories?post=39219"},{"taxonomy":"post_tag","embeddable":true,"href":"https:\/\/noticiasribeiraopreto.com.br\/index.php\/wp-json\/wp\/v2\/tags?post=39219"}],"curies":[{"name":"wp","href":"https:\/\/api.w.org\/{rel}","templated":true}]}}