{"id":39290,"date":"2024-02-24T15:00:46","date_gmt":"2024-02-24T18:00:46","guid":{"rendered":"https:\/\/noticiasribeiraopreto.com.br\/index.php\/2024\/02\/24\/ano-comeca-com-mortes-no-transito\/"},"modified":"2024-02-24T15:00:46","modified_gmt":"2024-02-24T18:00:46","slug":"ano-comeca-com-mortes-no-transito","status":"publish","type":"post","link":"https:\/\/noticiasribeiraopreto.com.br\/index.php\/2024\/02\/24\/ano-comeca-com-mortes-no-transito\/","title":{"rendered":"Tr\u00e2nsito causa seis mortes em 2024"},"content":{"rendered":"<div class='code-block code-block-1' style='margin: 8px 0 8px auto; text-align: right; display: block; clear: both;'>\n<p><a href=\"https:\/\/wa.link\/vpicfd\"><img data-recalc-dims=\"1\" class=\"wp-image-4922\" style=\"aspect-ratio: 2.0253164556962027; width: 561px; height: auto;\" src=\"https:\/\/i0.wp.com\/ismaelcolosi.com.br\/wp-content\/uploads\/2023\/11\/grupo-de-empregos-whatsapp-e-facebook-ismael-colosi-vagas.jpg?ssl=1\" alt=\"\" \/><\/a><\/p>\n<!-- \/wp:image -->\n<\/div>\n<p> <br \/>\n<\/p>\n<div>\n<p><span class=\"TextRun SCXW27889196 BCX0\" lang=\"PT-BR\" xml:lang=\"PT-BR\" data-contrast=\"none\"><span class=\"NormalTextRun SCXW27889196 BCX0\">Balan\u00e7o divulgado pelo Movimento Paulista de Seguran\u00e7a no Tr\u00e2nsito (<\/span><span class=\"NormalTextRun SpellingErrorV2Themed SCXW27889196 BCX0\">Infosiga<\/span><span class=\"NormalTextRun SCXW27889196 BCX0\">-SP<\/span><span class=\"NormalTextRun SCXW27889196 BCX0\">) indica que o tr\u00e2nsito de Ribeir\u00e3o Preto come\u00e7ou 2024 com uma morte a cada cinco dias. S\u00e3o seis \u00f3bitos em janeiro, mesmo n\u00famero de dezembro e um a menos que os sete do primeiro m\u00eas do ano passado, queda de 14,29%.<\/span><\/span><span class=\"LineBreakBlob BlobObject DragDrop SCXW27889196 BCX0\"><span class=\"SCXW27889196 BCX0\">\u00a0<\/span><br class=\"SCXW27889196 BCX0\"\/><\/span><span class=\"LineBreakBlob BlobObject DragDrop SCXW27889196 BCX0\"><span class=\"SCXW27889196 BCX0\">\u00a0<\/span><br class=\"SCXW27889196 BCX0\"\/><\/span><span class=\"TextRun SCXW27889196 BCX0\" lang=\"PT-BR\" xml:lang=\"PT-BR\" data-contrast=\"none\"><span class=\"NormalTextRun SCXW27889196 BCX0\">O balan\u00e7o anual <\/span><span class=\"NormalTextRun SCXW27889196 BCX0\">mostra <\/span><span class=\"NormalTextRun SCXW27889196 BCX0\">queda <\/span><span class=\"NormalTextRun SCXW27889196 BCX0\">no total de mortes registradas em Ribeir\u00e3o Preto <\/span><span class=\"NormalTextRun SCXW27889196 BCX0\">no ano passado<\/span><span class=\"NormalTextRun SCXW27889196 BCX0\">, em compara\u00e7\u00e3o com 2022.<\/span> <span class=\"NormalTextRun SCXW27889196 BCX0\">Foram <\/span><span class=\"NormalTextRun SCXW27889196 BCX0\">82 <\/span><span class=\"NormalTextRun SCXW27889196 BCX0\">mortes nas ruas, avenidas, alamedas, viadutos e rodovias que cortam o munic\u00edpio <\/span><span class=\"NormalTextRun SCXW27889196 BCX0\">em <\/span><span class=\"NormalTextRun SCXW27889196 BCX0\">2023<\/span><span class=\"NormalTextRun SCXW27889196 BCX0\">, ante <\/span><span class=\"NormalTextRun SCXW27889196 BCX0\">101 <\/span><span class=\"NormalTextRun SCXW27889196 BCX0\">do mesmo per\u00edodo <\/span><span class=\"NormalTextRun SCXW27889196 BCX0\">do ano <\/span><span class=\"NormalTextRun SCXW27889196 BCX0\">anterior <\/span><span class=\"NormalTextRun SCXW27889196 BCX0\">\u2013 pela primeira vez um placar centen\u00e1rio \u2013<\/span><span class=\"NormalTextRun SCXW27889196 BCX0\">,<\/span> <span class=\"NormalTextRun SCXW27889196 BCX0\">19<\/span> <span class=\"NormalTextRun SCXW27889196 BCX0\">a menos e queda de <\/span><span class=\"NormalTextRun SCXW27889196 BCX0\">18<\/span><span class=\"NormalTextRun SCXW27889196 BCX0\">,<\/span><span class=\"NormalTextRun SCXW27889196 BCX0\">8<\/span><span class=\"NormalTextRun SCXW27889196 BCX0\">1<\/span><span class=\"NormalTextRun SCXW27889196 BCX0\">%. <\/span><\/span><span class=\"LineBreakBlob BlobObject DragDrop SCXW27889196 BCX0\"><span class=\"SCXW27889196 BCX0\">\u00a0<\/span><br class=\"SCXW27889196 BCX0\"\/><\/span><span class=\"LineBreakBlob BlobObject DragDrop SCXW27889196 BCX0\"><span class=\"SCXW27889196 BCX0\">\u00a0<\/span><br class=\"SCXW27889196 BCX0\"\/><\/span><span class=\"TextRun SCXW27889196 BCX0\" lang=\"PT-BR\" xml:lang=\"PT-BR\" data-contrast=\"none\"><span class=\"NormalTextRun SCXW27889196 BCX0\">No ano passado, al\u00e9m dos seis de dezembro, houve quatro \u00f3bitos em novembro, <\/span><span class=\"NormalTextRun SCXW27889196 BCX0\">14 em outubro (recorde de 2023)<\/span><span class=\"NormalTextRun SCXW27889196 BCX0\">, <\/span><span class=\"NormalTextRun SCXW27889196 BCX0\">onze em setembro<\/span><span class=\"NormalTextRun SCXW27889196 BCX0\">, <\/span><span class=\"NormalTextRun SCXW27889196 BCX0\">quatro <\/span><span class=\"NormalTextRun SCXW27889196 BCX0\">em <\/span><span class=\"NormalTextRun SCXW27889196 BCX0\">agosto, duas em <\/span><span class=\"NormalTextRun SCXW27889196 BCX0\">julho, duas <\/span><span class=\"NormalTextRun SCXW27889196 BCX0\">em junho, <\/span><span class=\"NormalTextRun SCXW27889196 BCX0\">dez <\/span><span class=\"NormalTextRun SCXW27889196 BCX0\">\u00f3bitos <\/span><span class=\"NormalTextRun SCXW27889196 BCX0\">em maio, <\/span><span class=\"NormalTextRun SCXW27889196 BCX0\">tr\u00eas em abril, <\/span><span class=\"NormalTextRun SCXW27889196 BCX0\">nove <\/span><span class=\"NormalTextRun SCXW27889196 BCX0\">em mar\u00e7o, dez em fevereiro e sete em janeiro. <\/span><\/span><span class=\"LineBreakBlob BlobObject DragDrop SCXW27889196 BCX0\"><span class=\"SCXW27889196 BCX0\">\u00a0<\/span><br class=\"SCXW27889196 BCX0\"\/><\/span><span class=\"LineBreakBlob BlobObject DragDrop SCXW27889196 BCX0\"><span class=\"SCXW27889196 BCX0\">\u00a0<\/span><br class=\"SCXW27889196 BCX0\"\/><\/span><span class=\"TextRun SCXW27889196 BCX0\" lang=\"PT-BR\" xml:lang=\"PT-BR\" data-contrast=\"none\"><span class=\"NormalTextRun SCXW27889196 BCX0\"><strong>Perfil<\/strong> \u2013<\/span> <\/span><span class=\"TextRun SCXW27889196 BCX0\" lang=\"PT-BR\" xml:lang=\"PT-BR\" data-contrast=\"none\"><span class=\"NormalTextRun SCXW27889196 BCX0\">Neste ano, <\/span><span class=\"NormalTextRun SCXW27889196 BCX0\">cinco v\u00edtimas estavam de motocicleta (83,33%) e uma morte n\u00e3o tem identifica\u00e7\u00e3o (16,67%)<\/span><span class=\"NormalTextRun SCXW27889196 BCX0\">. Quatro chegaram a ser socorridas para hospitais e unidades de sa\u00fade (66,67%) e duas morreram no local (<\/span><span class=\"NormalTextRun SCXW27889196 BCX0\">33,33%). <\/span><span class=\"NormalTextRun SCXW27889196 BCX0\">S\u00e3o cinco homens (83,33%) e uma mulher (16,67%)<\/span><span class=\"NormalTextRun SCXW27889196 BCX0\">. Uma morte ocorreu em rodovia dentro do per\u00edmetro urbano (16,67%). Outras tr\u00eas foram registradas em vias municipais (50%) e duas ainda n\u00e3o t\u00eam identifica\u00e7\u00e3o de local (33,33%).<\/span><\/span><span class=\"LineBreakBlob BlobObject DragDrop SCXW27889196 BCX0\"><span class=\"SCXW27889196 BCX0\">\u00a0<\/span><br class=\"SCXW27889196 BCX0\"\/><\/span><span class=\"LineBreakBlob BlobObject DragDrop SCXW27889196 BCX0\"><span class=\"SCXW27889196 BCX0\">\u00a0<\/span><br class=\"SCXW27889196 BCX0\"\/><\/span><span class=\"TextRun SCXW27889196 BCX0\" lang=\"PT-BR\" xml:lang=\"PT-BR\" data-contrast=\"none\"><span class=\"NormalTextRun SCXW27889196 BCX0\">No ano passado<\/span><span class=\"NormalTextRun SCXW27889196 BCX0\">, <\/span><span class=\"NormalTextRun SCXW27889196 BCX0\">35<\/span> <span class=\"NormalTextRun SCXW27889196 BCX0\">v\u00edtimas estavam de motocicleta (<\/span><span class=\"NormalTextRun SCXW27889196 BCX0\">42<\/span><span class=\"NormalTextRun SCXW27889196 BCX0\">,<\/span><span class=\"NormalTextRun SCXW27889196 BCX0\">68<\/span><span class=\"NormalTextRun SCXW27889196 BCX0\">%), outras 1<\/span><span class=\"NormalTextRun SCXW27889196 BCX0\">8<\/span> <span class=\"NormalTextRun SCXW27889196 BCX0\">de carro (2<\/span><span class=\"NormalTextRun SCXW27889196 BCX0\">1<\/span><span class=\"NormalTextRun SCXW27889196 BCX0\">,9<\/span><span class=\"NormalTextRun SCXW27889196 BCX0\">5<\/span><span class=\"NormalTextRun SCXW27889196 BCX0\">%<\/span><span class=\"NormalTextRun SCXW27889196 BCX0\">), <\/span><span class=\"NormalTextRun SCXW27889196 BCX0\">quatro <\/span><span class=\"NormalTextRun SCXW27889196 BCX0\">de caminh\u00e3o (<\/span><span class=\"NormalTextRun SCXW27889196 BCX0\">4<\/span><span class=\"NormalTextRun SCXW27889196 BCX0\">,<\/span><span class=\"NormalTextRun SCXW27889196 BCX0\">88<\/span><span class=\"NormalTextRun SCXW27889196 BCX0\">%), <\/span><span class=\"NormalTextRun SCXW27889196 BCX0\">1<\/span><span class=\"NormalTextRun SCXW27889196 BCX0\">6<\/span> <span class=\"NormalTextRun SCXW27889196 BCX0\">eram pedestres (<\/span><span class=\"NormalTextRun SCXW27889196 BCX0\">1<\/span><span class=\"NormalTextRun SCXW27889196 BCX0\">9<\/span><span class=\"NormalTextRun SCXW27889196 BCX0\">,<\/span><span class=\"NormalTextRun SCXW27889196 BCX0\">51<\/span><span class=\"NormalTextRun SCXW27889196 BCX0\">%), <\/span><span class=\"NormalTextRun SCXW27889196 BCX0\">quatro <\/span><span class=\"NormalTextRun SCXW27889196 BCX0\">era<\/span><span class=\"NormalTextRun SCXW27889196 BCX0\">m<\/span><span class=\"NormalTextRun SCXW27889196 BCX0\"> ciclista<\/span><span class=\"NormalTextRun SCXW27889196 BCX0\">s<\/span><span class=\"NormalTextRun SCXW27889196 BCX0\"> (<\/span><span class=\"NormalTextRun SCXW27889196 BCX0\">4<\/span><span class=\"NormalTextRun SCXW27889196 BCX0\">,<\/span><span class=\"NormalTextRun SCXW27889196 BCX0\">88<\/span><span class=\"NormalTextRun SCXW27889196 BCX0\">%) e <\/span><span class=\"NormalTextRun SCXW27889196 BCX0\">cinco <\/span><span class=\"NormalTextRun SCXW27889196 BCX0\">n\u00e3o fo<\/span><span class=\"NormalTextRun SCXW27889196 BCX0\">ram<\/span><span class=\"NormalTextRun SCXW27889196 BCX0\"> identificada<\/span><span class=\"NormalTextRun SCXW27889196 BCX0\">s<\/span><span class=\"NormalTextRun SCXW27889196 BCX0\"> (<\/span><span class=\"NormalTextRun SCXW27889196 BCX0\">6<\/span><span class=\"NormalTextRun SCXW27889196 BCX0\">,<\/span><span class=\"NormalTextRun SCXW27889196 BCX0\">10<\/span><span class=\"NormalTextRun SCXW27889196 BCX0\">%). <\/span><span class=\"NormalTextRun SCXW27889196 BCX0\">Quarenta e quatro <\/span><span class=\"NormalTextRun SCXW27889196 BCX0\">chegaram a ser socorridas para hospitais e unidades de sa\u00fade (5<\/span><span class=\"NormalTextRun SCXW27889196 BCX0\">3<\/span><span class=\"NormalTextRun SCXW27889196 BCX0\">,<\/span><span class=\"NormalTextRun SCXW27889196 BCX0\">66<\/span><span class=\"NormalTextRun SCXW27889196 BCX0\">%), <\/span><span class=\"NormalTextRun SCXW27889196 BCX0\">3<\/span><span class=\"NormalTextRun SCXW27889196 BCX0\">5<\/span> <span class=\"NormalTextRun SCXW27889196 BCX0\">morreram no local do acidente (<\/span><span class=\"NormalTextRun SCXW27889196 BCX0\">4<\/span><span class=\"NormalTextRun SCXW27889196 BCX0\">2<\/span><span class=\"NormalTextRun SCXW27889196 BCX0\">,<\/span><span class=\"NormalTextRun SCXW27889196 BCX0\">68<\/span><span class=\"NormalTextRun SCXW27889196 BCX0\">%)<\/span><span class=\"NormalTextRun SCXW27889196 BCX0\">, duas faleceram em outros pontos (2,44%) e uma <\/span><span class=\"NormalTextRun SCXW27889196 BCX0\">n\u00e3o t<\/span><span class=\"NormalTextRun SCXW27889196 BCX0\">\u00ea<\/span><span class=\"NormalTextRun SCXW27889196 BCX0\">m identifica\u00e7\u00e3o de local (<\/span><span class=\"NormalTextRun SCXW27889196 BCX0\">1<\/span><span class=\"NormalTextRun SCXW27889196 BCX0\">,<\/span><span class=\"NormalTextRun SCXW27889196 BCX0\">22<\/span><span class=\"NormalTextRun SCXW27889196 BCX0\">%). <\/span><\/span><span class=\"LineBreakBlob BlobObject DragDrop SCXW27889196 BCX0\"><span class=\"SCXW27889196 BCX0\">\u00a0<\/span><br class=\"SCXW27889196 BCX0\"\/><\/span><span class=\"LineBreakBlob BlobObject DragDrop SCXW27889196 BCX0\"><span class=\"SCXW27889196 BCX0\">\u00a0<\/span><br class=\"SCXW27889196 BCX0\"\/><\/span><span class=\"TextRun SCXW27889196 BCX0\" lang=\"PT-BR\" xml:lang=\"PT-BR\" data-contrast=\"none\"><span class=\"NormalTextRun SCXW27889196 BCX0\">Sessenta e nove <\/span><span class=\"NormalTextRun SCXW27889196 BCX0\">v\u00edtimas s\u00e3o homens (<\/span><span class=\"NormalTextRun SCXW27889196 BCX0\">8<\/span><span class=\"NormalTextRun SCXW27889196 BCX0\">4<\/span><span class=\"NormalTextRun SCXW27889196 BCX0\">,<\/span><span class=\"NormalTextRun SCXW27889196 BCX0\">1<\/span><span class=\"NormalTextRun SCXW27889196 BCX0\">5<\/span><span class=\"NormalTextRun SCXW27889196 BCX0\">%) e <\/span><span class=\"NormalTextRun SCXW27889196 BCX0\">13<\/span> <span class=\"NormalTextRun SCXW27889196 BCX0\">s\u00e3o <\/span><span class=\"NormalTextRun SCXW27889196 BCX0\">mulher<\/span><span class=\"NormalTextRun SCXW27889196 BCX0\">es<\/span><span class=\"NormalTextRun SCXW27889196 BCX0\"> (<\/span><span class=\"NormalTextRun SCXW27889196 BCX0\">1<\/span><span class=\"NormalTextRun SCXW27889196 BCX0\">5<\/span><span class=\"NormalTextRun SCXW27889196 BCX0\">,<\/span><span class=\"NormalTextRun SCXW27889196 BCX0\">85<\/span><span class=\"NormalTextRun SCXW27889196 BCX0\">%). <\/span><span class=\"NormalTextRun SCXW27889196 BCX0\">Vinte e <\/span><span class=\"NormalTextRun SCXW27889196 BCX0\">tr\u00eas <\/span><span class=\"NormalTextRun SCXW27889196 BCX0\">mortes ocorreram em acidentes nas rodovias dentro do per\u00edmetro urbano (<\/span><span class=\"NormalTextRun SCXW27889196 BCX0\">2<\/span><span class=\"NormalTextRun SCXW27889196 BCX0\">8<\/span><span class=\"NormalTextRun SCXW27889196 BCX0\">,<\/span><span class=\"NormalTextRun SCXW27889196 BCX0\">05<\/span><span class=\"NormalTextRun SCXW27889196 BCX0\">%).<\/span> <span class=\"NormalTextRun SCXW27889196 BCX0\">Outras <\/span><span class=\"NormalTextRun SCXW27889196 BCX0\">52 <\/span><span class=\"NormalTextRun SCXW27889196 BCX0\">foram registradas em vias municipais (<\/span><span class=\"NormalTextRun SCXW27889196 BCX0\">6<\/span><span class=\"NormalTextRun SCXW27889196 BCX0\">3<\/span><span class=\"NormalTextRun SCXW27889196 BCX0\">,<\/span><span class=\"NormalTextRun SCXW27889196 BCX0\">41<\/span><span class=\"NormalTextRun SCXW27889196 BCX0\">%) e <\/span><span class=\"NormalTextRun SCXW27889196 BCX0\">se<\/span><span class=\"NormalTextRun SCXW27889196 BCX0\">te <\/span><span class=\"NormalTextRun SCXW27889196 BCX0\">ainda n\u00e3o t\u00eam identifica\u00e7\u00e3o de local (<\/span><span class=\"NormalTextRun SCXW27889196 BCX0\">8<\/span><span class=\"NormalTextRun SCXW27889196 BCX0\">,<\/span><span class=\"NormalTextRun SCXW27889196 BCX0\">54<\/span><span class=\"NormalTextRun SCXW27889196 BCX0\">%). <\/span><\/span><span class=\"LineBreakBlob BlobObject DragDrop SCXW27889196 BCX0\"><span class=\"SCXW27889196 BCX0\">\u00a0<\/span><br class=\"SCXW27889196 BCX0\"\/><\/span><span class=\"LineBreakBlob BlobObject DragDrop SCXW27889196 BCX0\"><span class=\"SCXW27889196 BCX0\">\u00a0<\/span><br class=\"SCXW27889196 BCX0\"\/><\/span><span class=\"TextRun SCXW27889196 BCX0\" lang=\"PT-BR\" xml:lang=\"PT-BR\" data-contrast=\"none\"><span class=\"NormalTextRun SCXW27889196 BCX0\"><strong>Sem v\u00edtimas<\/strong> \u2013<\/span> <\/span><span class=\"TextRun SCXW27889196 BCX0\" lang=\"PT-BR\" xml:lang=\"PT-BR\" data-contrast=\"none\"><span class=\"NormalTextRun SCXW27889196 BCX0\">Segundo o<\/span> <span class=\"NormalTextRun SpellingErrorV2Themed SCXW27889196 BCX0\">Infosiga<\/span><span class=\"NormalTextRun SCXW27889196 BCX0\">, <\/span><span class=\"NormalTextRun SCXW27889196 BCX0\">Ribeir\u00e3o Preto<\/span><\/span> <span class=\"TextRun SCXW27889196 BCX0\" lang=\"PT-BR\" xml:lang=\"PT-BR\" data-contrast=\"none\"><span class=\"NormalTextRun SCXW27889196 BCX0\">registrou <\/span><span class=\"NormalTextRun SCXW27889196 BCX0\">337 acidentes sem v\u00edtimas fatais em janeiro, ante 468 de dezembro, 131 a menos e queda de 27,99%. Em rela\u00e7\u00e3o ao mesmo m\u00eas de 2023, quando houve 310 sinistros, o aumento \u00e9 de <\/span><span class=\"NormalTextRun SCXW27889196 BCX0\">8,71<\/span><span class=\"NormalTextRun SCXW27889196 BCX0\">%.<\/span> <span class=\"NormalTextRun SCXW27889196 BCX0\">S\u00e3o <\/span><span class=\"NormalTextRun SCXW27889196 BCX0\">27<\/span><span class=\"NormalTextRun SCXW27889196 BCX0\"> a mais.<\/span><\/span><span class=\"LineBreakBlob BlobObject DragDrop SCXW27889196 BCX0\"><span class=\"SCXW27889196 BCX0\">\u00a0<\/span><br class=\"SCXW27889196 BCX0\"\/><\/span><span class=\"LineBreakBlob BlobObject DragDrop SCXW27889196 BCX0\"><span class=\"SCXW27889196 BCX0\">\u00a0<\/span><br class=\"SCXW27889196 BCX0\"\/><\/span><span class=\"TextRun SCXW27889196 BCX0\" lang=\"PT-BR\" xml:lang=\"PT-BR\" data-contrast=\"none\"><span class=\"NormalTextRun SCXW27889196 BCX0\">Fechou 2023 com 5.289 ocorr\u00eancias<\/span><span class=\"NormalTextRun SCXW27889196 BCX0\">, contra <\/span><span class=\"NormalTextRun SCXW27889196 BCX0\">4.283 <\/span><span class=\"NormalTextRun SCXW27889196 BCX0\">d<\/span><span class=\"NormalTextRun SCXW27889196 BCX0\">e 2022<\/span><span class=\"NormalTextRun SCXW27889196 BCX0\">, alta de <\/span><span class=\"NormalTextRun SCXW27889196 BCX0\">2<\/span><span class=\"NormalTextRun SCXW27889196 BCX0\">3<\/span><span class=\"NormalTextRun SCXW27889196 BCX0\">,<\/span><span class=\"NormalTextRun SCXW27889196 BCX0\">49<\/span><span class=\"NormalTextRun SCXW27889196 BCX0\">%. S\u00e3o <\/span><span class=\"NormalTextRun SCXW27889196 BCX0\">1.006 <\/span><span class=\"NormalTextRun SCXW27889196 BCX0\">a mais<\/span><span class=\"NormalTextRun SCXW27889196 BCX0\">, mais de 14 por dia, um a <\/span><span class=\"NormalTextRun SCXW27889196 BCX0\">cada uma hora<\/span><span class=\"NormalTextRun SCXW27889196 BCX0\"> e 40 minutos, aproximadamente<\/span><span class=\"NormalTextRun SCXW27889196 BCX0\">. <\/span><span class=\"NormalTextRun SCXW27889196 BCX0\">De acordo com o <\/span><span class=\"NormalTextRun SpellingErrorV2Themed SCXW27889196 BCX0\">Infosiga<\/span><span class=\"NormalTextRun SCXW27889196 BCX0\">, <\/span><span class=\"NormalTextRun SCXW27889196 BCX0\">no <\/span><span class=\"NormalTextRun SCXW27889196 BCX0\">ano passado<\/span><span class=\"NormalTextRun SCXW27889196 BCX0\">, <\/span><span class=\"NormalTextRun SCXW27889196 BCX0\">4.702 <\/span><span class=\"NormalTextRun SCXW27889196 BCX0\">acidentes foram registrados em vias municipais (8<\/span><span class=\"NormalTextRun SCXW27889196 BCX0\">8<\/span><span class=\"NormalTextRun SCXW27889196 BCX0\">,<\/span><span class=\"NormalTextRun SCXW27889196 BCX0\">9<\/span><span class=\"NormalTextRun SCXW27889196 BCX0\">%), outros <\/span><span class=\"NormalTextRun SCXW27889196 BCX0\">4<\/span><span class=\"NormalTextRun SCXW27889196 BCX0\">91<\/span> <span class=\"NormalTextRun SCXW27889196 BCX0\">em rodovias (<\/span><span class=\"NormalTextRun SCXW27889196 BCX0\">9,<\/span><span class=\"NormalTextRun SCXW27889196 BCX0\">28<\/span><span class=\"NormalTextRun SCXW27889196 BCX0\">%<\/span><span class=\"NormalTextRun SCXW27889196 BCX0\">) e <\/span><span class=\"NormalTextRun SCXW27889196 BCX0\">9<\/span><span class=\"NormalTextRun SCXW27889196 BCX0\">6<\/span><span class=\"NormalTextRun SCXW27889196 BCX0\"> n\u00e3o t\u00eam local definido (<\/span><span class=\"NormalTextRun SCXW27889196 BCX0\">1<\/span><span class=\"NormalTextRun SCXW27889196 BCX0\">,<\/span><span class=\"NormalTextRun SCXW27889196 BCX0\">82<\/span><span class=\"NormalTextRun SCXW27889196 BCX0\">%). <\/span><\/span><span class=\"LineBreakBlob BlobObject DragDrop SCXW27889196 BCX0\"><span class=\"SCXW27889196 BCX0\">\u00a0<\/span><br class=\"SCXW27889196 BCX0\"\/><\/span><span class=\"LineBreakBlob BlobObject DragDrop SCXW27889196 BCX0\"><span class=\"SCXW27889196 BCX0\">\u00a0<\/span><br class=\"SCXW27889196 BCX0\"\/><\/span><span class=\"TextRun SCXW27889196 BCX0\" lang=\"PT-BR\" xml:lang=\"PT-BR\" data-contrast=\"none\"><span class=\"NormalTextRun SCXW27889196 BCX0\">Ribeir\u00e3o Preto registrou 4.283 acidentes sem v\u00edtimas fatais <\/span><span class=\"NormalTextRun SCXW27889196 BCX0\">em 2022<\/span><span class=\"NormalTextRun SCXW27889196 BCX0\">, doze por dia, um a cada duas horas. Agosto foi o m\u00eas com maior quantidade: 419. De acordo com o <\/span><span class=\"NormalTextRun SpellingErrorV2Themed SCXW27889196 BCX0\">Infosiga<\/span><span class=\"NormalTextRun SCXW27889196 BCX0\">, 3.786 acidentes foram registrados em vias municipais (88,4%), outros 464 em rodovias (10,83%) e 33 n\u00e3o t\u00eam local definido (0,77%). <\/span><\/span><span class=\"LineBreakBlob BlobObject DragDrop SCXW27889196 BCX0\"><span class=\"SCXW27889196 BCX0\">\u00a0<\/span><br class=\"SCXW27889196 BCX0\"\/><\/span><span class=\"LineBreakBlob BlobObject DragDrop SCXW27889196 BCX0\"><span class=\"SCXW27889196 BCX0\">\u00a0<\/span><br class=\"SCXW27889196 BCX0\"\/><\/span><span class=\"TextRun SCXW27889196 BCX0\" lang=\"PT-BR\" xml:lang=\"PT-BR\" data-contrast=\"none\"><span class=\"NormalTextRun SCXW27889196 BCX0\"><strong>Mortes em 2022<\/strong> \u2013<\/span><\/span><span class=\"TextRun SCXW27889196 BCX0\" lang=\"PT-BR\" xml:lang=\"PT-BR\" data-contrast=\"none\"> <span class=\"NormalTextRun SCXW27889196 BCX0\">O n\u00famero de mortes em decorr\u00eancia de acidentes de tr\u00e2nsito no ano passado, em Ribeir\u00e3o Preto, \u00e9 21,68% superior ao total de 2021. A cidade registrou 101 \u00f3bitos, contra 83 de 2021. S\u00e3o 18 casos a mais. O munic\u00edpio superou a barreira de 100 v\u00edtimas fatais em 365 dias pela primeira vez.<\/span><\/span><span class=\"LineBreakBlob BlobObject DragDrop SCXW27889196 BCX0\"><span class=\"SCXW27889196 BCX0\">\u00a0<\/span><br class=\"SCXW27889196 BCX0\"\/><\/span><span class=\"LineBreakBlob BlobObject DragDrop SCXW27889196 BCX0\"><span class=\"SCXW27889196 BCX0\">\u00a0<\/span><br class=\"SCXW27889196 BCX0\"\/><\/span><span class=\"TextRun SCXW27889196 BCX0\" lang=\"PT-BR\" xml:lang=\"PT-BR\" data-contrast=\"none\"><span class=\"NormalTextRun SCXW27889196 BCX0\">Isso nunca havia acontecido desde o lan\u00e7amento da plataforma, entre 2015 e 2016. <\/span><span class=\"NormalTextRun ContextualSpellingAndGrammarErrorV2Themed SCXW27889196 BCX0\">Ate<\/span><span class=\"NormalTextRun SCXW27889196 BCX0\"> ent\u00e3o, o pico hav<\/span><span class=\"NormalTextRun SCXW27889196 BCX0\">i<\/span><span class=\"NormalTextRun SCXW27889196 BCX0\">a sido registrado em 2017, com 88 mortes<\/span><span class=\"NormalTextRun SCXW27889196 BCX0\">, e o menor \u00edndice em 2019, de 71 \u00f3bitos<\/span><span class=\"NormalTextRun SCXW27889196 BCX0\">.<\/span><\/span> <span class=\"TextRun SCXW27889196 BCX0\" lang=\"PT-BR\" xml:lang=\"PT-BR\" data-contrast=\"none\"><span class=\"NormalTextRun SCXW27889196 BCX0\">A<\/span><span class=\"NormalTextRun SCXW27889196 BCX0\"> malha vi\u00e1ria \u00e9 composta por mais de 1,5 mil quil\u00f4metros de vias municipais <\/span><span class=\"NormalTextRun AdvancedProofingIssueV2Themed SCXW27889196 BCX0\">e tamb\u00e9m<\/span><span class=\"NormalTextRun SCXW27889196 BCX0\"> de rodovias concedidas pelo Estado. <\/span><\/span><span class=\"LineBreakBlob BlobObject DragDrop SCXW27889196 BCX0\"><span class=\"SCXW27889196 BCX0\">\u00a0<\/span><br class=\"SCXW27889196 BCX0\"\/><\/span><span class=\"LineBreakBlob BlobObject DragDrop SCXW27889196 BCX0\"><span class=\"SCXW27889196 BCX0\">\u00a0<\/span><br class=\"SCXW27889196 BCX0\"\/><\/span><\/p>\n<\/div>\n<p><br \/>\n<br \/><a href=\"https:\/\/www.tribunaribeirao.com.br\/site\/ano-comeca-com-mortes-no-transito\/\">Source link <\/a><\/p>\n<!-- CONTENT END 1 -->\n","protected":false},"excerpt":{"rendered":"<p>Balan\u00e7o divulgado pelo Movimento Paulista de Seguran\u00e7a no Tr\u00e2nsito (Infosiga-SP) indica que o tr\u00e2nsito de Ribeir\u00e3o Preto come\u00e7ou 2024 com uma morte a cada cinco&#8230;<\/p>\n","protected":false},"author":1,"featured_media":39291,"comment_status":"open","ping_status":"open","sticky":false,"template":"","format":"standard","meta":{"advanced_seo_description":"","jetpack_seo_html_title":"","jetpack_seo_noindex":false,"jetpack_post_was_ever_published":false,"_jetpack_newsletter_access":"","_jetpack_dont_email_post_to_subs":false,"_jetpack_newsletter_tier_id":0,"_jetpack_memberships_contains_paywalled_content":false,"_jetpack_memberships_contains_paid_content":false,"footnotes":"","jetpack_publicize_message":"","jetpack_publicize_feature_enabled":true,"jetpack_social_post_already_shared":true,"jetpack_social_options":{"image_generator_settings":{"template":"highway","default_image_id":0,"font":"","enabled":false},"version":2}},"categories":[11],"tags":[383,1268,212,1092],"class_list":["post-39290","post","type-post","status-publish","format-standard","has-post-thumbnail","hentry","category-noticias-de-ribeirao-preto-sp-e-regiao-ismael-colosi","tag-causa","tag-mortes","tag-seis","tag-transito"],"jetpack_publicize_connections":[],"jetpack_featured_media_url":"https:\/\/i0.wp.com\/noticiasribeiraopreto.com.br\/wp-content\/uploads\/2024\/02\/TransitoRP-Max-Gallao-Mesquita-02.jpg?fit=1000%2C629&ssl=1","jetpack-related-posts":[{"id":78785,"url":"https:\/\/noticiasribeiraopreto.com.br\/index.php\/2025\/10\/18\/ribeirao-preto-transito-causa-68-mortes-em-2025\/","url_meta":{"origin":39290,"position":0},"title":"Ribeir\u00e3o Preto: Tr\u00e2nsito causa 68 mortes em 2025","author":"noticiasribeiraopreto.com.br","date":"18 de October de 2025","format":false,"excerpt":"18 de outubro de 2025 12:0018 de outubro de 2025 10:4613 Compartilhar0 Balan\u00e7o divulgado pelo novo painel do Movimento Paulista de Seguran\u00e7a no Tr\u00e2nsito (Infosiga-SP) indica que o tr\u00e2nsito de Ribeir\u00e3o Preto j\u00e1 registrou 68 mortes em 2025, doze a menos que as 80 dos primeiros nove meses do ano\u2026","rel":"","context":"In &quot;Not\u00edcias de Ribeir\u00e3o Preto-SP e Regi\u00e3o&quot;","block_context":{"text":"Not\u00edcias de Ribeir\u00e3o Preto-SP e Regi\u00e3o","link":"https:\/\/noticiasribeiraopreto.com.br\/index.php\/category\/noticias-de-ribeirao-preto-sp-e-regiao-ismael-colosi\/"},"img":{"alt_text":"","src":"https:\/\/i0.wp.com\/noticiasribeiraopreto.com.br\/wp-content\/uploads\/2025\/10\/TransitoRP-Alfredo-Risk-Arquivosite.jpg?fit=800%2C533&ssl=1&resize=350%2C200","width":350,"height":200,"srcset":"https:\/\/i0.wp.com\/noticiasribeiraopreto.com.br\/wp-content\/uploads\/2025\/10\/TransitoRP-Alfredo-Risk-Arquivosite.jpg?fit=800%2C533&ssl=1&resize=350%2C200 1x, https:\/\/i0.wp.com\/noticiasribeiraopreto.com.br\/wp-content\/uploads\/2025\/10\/TransitoRP-Alfredo-Risk-Arquivosite.jpg?fit=800%2C533&ssl=1&resize=525%2C300 1.5x, https:\/\/i0.wp.com\/noticiasribeiraopreto.com.br\/wp-content\/uploads\/2025\/10\/TransitoRP-Alfredo-Risk-Arquivosite.jpg?fit=800%2C533&ssl=1&resize=700%2C400 2x"},"classes":[]},{"id":71690,"url":"https:\/\/noticiasribeiraopreto.com.br\/index.php\/2025\/06\/09\/obitos-no-transito-sobem-em-2025-2\/","url_meta":{"origin":39290,"position":1},"title":"\u00d3bitos no tr\u00e2nsito sobem em 2025","author":"noticiasribeiraopreto.com.br","date":"9 de June de 2025","format":false,"excerpt":"Balan\u00e7o divulgado pelo novo painel do Movimento Paulista de Seguran\u00e7a no Tr\u00e2nsito (Infosiga-SP) indica que o tr\u00e2nsito de Ribeir\u00e3o Preto come\u00e7ou 2025 com 33 mortes, seis a mais que as 27 do primeiro trimestre do ano passado, alta de 22,22%. Foram cinco em abril, metade das dez registradas em mar\u00e7o,\u2026","rel":"","context":"In &quot;Not\u00edcias de Ribeir\u00e3o Preto-SP e Regi\u00e3o&quot;","block_context":{"text":"Not\u00edcias de Ribeir\u00e3o Preto-SP e Regi\u00e3o","link":"https:\/\/noticiasribeiraopreto.com.br\/index.php\/category\/noticias-de-ribeirao-preto-sp-e-regiao-ismael-colosi\/"},"img":{"alt_text":"","src":"https:\/\/i0.wp.com\/noticiasribeiraopreto.com.br\/wp-content\/uploads\/2025\/06\/TransitoRP-Max-Gallao-Mesquita-scaled.jpg?fit=800%2C426&ssl=1&resize=350%2C200","width":350,"height":200,"srcset":"https:\/\/i0.wp.com\/noticiasribeiraopreto.com.br\/wp-content\/uploads\/2025\/06\/TransitoRP-Max-Gallao-Mesquita-scaled.jpg?fit=800%2C426&ssl=1&resize=350%2C200 1x, https:\/\/i0.wp.com\/noticiasribeiraopreto.com.br\/wp-content\/uploads\/2025\/06\/TransitoRP-Max-Gallao-Mesquita-scaled.jpg?fit=800%2C426&ssl=1&resize=525%2C300 1.5x, https:\/\/i0.wp.com\/noticiasribeiraopreto.com.br\/wp-content\/uploads\/2025\/06\/TransitoRP-Max-Gallao-Mesquita-scaled.jpg?fit=800%2C426&ssl=1&resize=700%2C400 2x"},"classes":[]},{"id":74450,"url":"https:\/\/noticiasribeiraopreto.com.br\/index.php\/2025\/07\/22\/transito-matou-uma-pessoa-por-semana-em-ribeirao-preto-no-primeiro-semestre\/","url_meta":{"origin":39290,"position":2},"title":"Tr\u00e2nsito matou uma pessoa por semana em Ribeir\u00e3o Preto no primeiro semestre","author":"noticiasribeiraopreto.com.br","date":"22 de July de 2025","format":false,"excerpt":"Ribeir\u00e3o Preto registrou 51 mortes em acidentes de tr\u00e2nsito entre janeiro e junho de 2025. O n\u00famero, divulgado pelo Infosiga \u2014 sistema de estat\u00edsticas do Departamento Estadual de Tr\u00e2nsito de S\u00e3o Paulo (Detran-SP) \u2014, \u00e9 o mesmo do primeiro semestre de 2024. A m\u00e9dia se mant\u00e9m em uma v\u00edtima fatal\u2026","rel":"","context":"In &quot;Not\u00edcias de Ribeir\u00e3o Preto-SP e Regi\u00e3o&quot;","block_context":{"text":"Not\u00edcias de Ribeir\u00e3o Preto-SP e Regi\u00e3o","link":"https:\/\/noticiasribeiraopreto.com.br\/index.php\/category\/noticias-de-ribeirao-preto-sp-e-regiao-ismael-colosi\/"},"img":{"alt_text":"","src":"https:\/\/i0.wp.com\/noticiasribeiraopreto.com.br\/wp-content\/uploads\/2025\/07\/WhatsApp-Image-2025-01-24-at-09.43.49_2025-01-24_12-48-52_jpeg_2025-01-24_12-48-52.webp.webp?fit=1200%2C675&ssl=1&resize=350%2C200","width":350,"height":200,"srcset":"https:\/\/i0.wp.com\/noticiasribeiraopreto.com.br\/wp-content\/uploads\/2025\/07\/WhatsApp-Image-2025-01-24-at-09.43.49_2025-01-24_12-48-52_jpeg_2025-01-24_12-48-52.webp.webp?fit=1200%2C675&ssl=1&resize=350%2C200 1x, https:\/\/i0.wp.com\/noticiasribeiraopreto.com.br\/wp-content\/uploads\/2025\/07\/WhatsApp-Image-2025-01-24-at-09.43.49_2025-01-24_12-48-52_jpeg_2025-01-24_12-48-52.webp.webp?fit=1200%2C675&ssl=1&resize=525%2C300 1.5x, https:\/\/i0.wp.com\/noticiasribeiraopreto.com.br\/wp-content\/uploads\/2025\/07\/WhatsApp-Image-2025-01-24-at-09.43.49_2025-01-24_12-48-52_jpeg_2025-01-24_12-48-52.webp.webp?fit=1200%2C675&ssl=1&resize=700%2C400 2x, https:\/\/i0.wp.com\/noticiasribeiraopreto.com.br\/wp-content\/uploads\/2025\/07\/WhatsApp-Image-2025-01-24-at-09.43.49_2025-01-24_12-48-52_jpeg_2025-01-24_12-48-52.webp.webp?fit=1200%2C675&ssl=1&resize=1050%2C600 3x"},"classes":[]},{"id":68699,"url":"https:\/\/noticiasribeiraopreto.com.br\/index.php\/2025\/04\/28\/obitos-no-transito-sobem-em-2025\/","url_meta":{"origin":39290,"position":3},"title":"\u00d3bitos no tr\u00e2nsito sobem em 2025 \u00a0","author":"noticiasribeiraopreto.com.br","date":"28 de April de 2025","format":false,"excerpt":"Balan\u00e7o divulgado pelo novo painel do Movimento Paulista de Seguran\u00e7a no Tr\u00e2nsito (Infosiga-SP) indica que o tr\u00e2nsito de Ribeir\u00e3o Preto come\u00e7ou 2025 com 28 mortes, oito a mais que as 204 do primeiro trimestre do ano passado, alta de 40. Foram dez em mar\u00e7o, um a menos que os onze\u2026","rel":"","context":"In &quot;Not\u00edcias de Ribeir\u00e3o Preto-SP e Regi\u00e3o&quot;","block_context":{"text":"Not\u00edcias de Ribeir\u00e3o Preto-SP e Regi\u00e3o","link":"https:\/\/noticiasribeiraopreto.com.br\/index.php\/category\/noticias-de-ribeirao-preto-sp-e-regiao-ismael-colosi\/"},"img":{"alt_text":"","src":"https:\/\/i0.wp.com\/noticiasribeiraopreto.com.br\/wp-content\/uploads\/2025\/04\/TransitoRP-Max-Gallao-Mesquita-Arquivo-2-scaled.jpg?fit=769%2C500&ssl=1&resize=350%2C200","width":350,"height":200,"srcset":"https:\/\/i0.wp.com\/noticiasribeiraopreto.com.br\/wp-content\/uploads\/2025\/04\/TransitoRP-Max-Gallao-Mesquita-Arquivo-2-scaled.jpg?fit=769%2C500&ssl=1&resize=350%2C200 1x, https:\/\/i0.wp.com\/noticiasribeiraopreto.com.br\/wp-content\/uploads\/2025\/04\/TransitoRP-Max-Gallao-Mesquita-Arquivo-2-scaled.jpg?fit=769%2C500&ssl=1&resize=525%2C300 1.5x, https:\/\/i0.wp.com\/noticiasribeiraopreto.com.br\/wp-content\/uploads\/2025\/04\/TransitoRP-Max-Gallao-Mesquita-Arquivo-2-scaled.jpg?fit=769%2C500&ssl=1&resize=700%2C400 2x"},"classes":[]},{"id":74342,"url":"https:\/\/noticiasribeiraopreto.com.br\/index.php\/2025\/07\/21\/obitos-no-transito-caem-em-junho\/","url_meta":{"origin":39290,"position":4},"title":"\u00d3bitos no tr\u00e2nsito caem em junho","author":"noticiasribeiraopreto.com.br","date":"21 de July de 2025","format":false,"excerpt":"Balan\u00e7o divulgado pelo novo painel do Movimento Paulista de Seguran\u00e7a no Tr\u00e2nsito (Infosiga-SP) indica que o tr\u00e2nsito de Ribeir\u00e3o Preto come\u00e7ou 2025 com 51 mortes, mesma quantidade do primeiro semestre do ano passado. Foram sete em junho, cinco a menos que as doze maio, queda de 41,67% al\u00e9m de\u00a0 quatro\u2026","rel":"","context":"In &quot;Not\u00edcias de Ribeir\u00e3o Preto-SP e Regi\u00e3o&quot;","block_context":{"text":"Not\u00edcias de Ribeir\u00e3o Preto-SP e Regi\u00e3o","link":"https:\/\/noticiasribeiraopreto.com.br\/index.php\/category\/noticias-de-ribeirao-preto-sp-e-regiao-ismael-colosi\/"},"img":{"alt_text":"","src":"https:\/\/i0.wp.com\/noticiasribeiraopreto.com.br\/wp-content\/uploads\/2025\/07\/TransitoRP-Max-Gallao-Mesquita-05-scaled.jpg?fit=1157%2C780&ssl=1&resize=350%2C200","width":350,"height":200,"srcset":"https:\/\/i0.wp.com\/noticiasribeiraopreto.com.br\/wp-content\/uploads\/2025\/07\/TransitoRP-Max-Gallao-Mesquita-05-scaled.jpg?fit=1157%2C780&ssl=1&resize=350%2C200 1x, https:\/\/i0.wp.com\/noticiasribeiraopreto.com.br\/wp-content\/uploads\/2025\/07\/TransitoRP-Max-Gallao-Mesquita-05-scaled.jpg?fit=1157%2C780&ssl=1&resize=525%2C300 1.5x, https:\/\/i0.wp.com\/noticiasribeiraopreto.com.br\/wp-content\/uploads\/2025\/07\/TransitoRP-Max-Gallao-Mesquita-05-scaled.jpg?fit=1157%2C780&ssl=1&resize=700%2C400 2x, https:\/\/i0.wp.com\/noticiasribeiraopreto.com.br\/wp-content\/uploads\/2025\/07\/TransitoRP-Max-Gallao-Mesquita-05-scaled.jpg?fit=1157%2C780&ssl=1&resize=1050%2C600 3x"},"classes":[]},{"id":76382,"url":"https:\/\/noticiasribeiraopreto.com.br\/index.php\/2025\/08\/28\/transito-ja-provocou-54-mortes-em-ribeirao\/","url_meta":{"origin":39290,"position":5},"title":"Tr\u00e2nsito j\u00e1 provocou 54 mortes em Ribeir\u00e3o","author":"noticiasribeiraopreto.com.br","date":"28 de August de 2025","format":false,"excerpt":"Balan\u00e7o divulgado pelo novo painel do Movimento Paulista de Seguran\u00e7a no Tr\u00e2nsito (Infosiga-SP) indica que o tr\u00e2nsito de Ribeir\u00e3o Preto j\u00e1 registrou 54 mortes em 2025, oito a menos que as 62 dos primeiros sete meses do ano passado, queda de 12,.90%. Tamb\u00e9m caiu 57,14% na passagem de junho para\u2026","rel":"","context":"In &quot;Not\u00edcias de Ribeir\u00e3o Preto-SP e Regi\u00e3o&quot;","block_context":{"text":"Not\u00edcias de Ribeir\u00e3o Preto-SP e Regi\u00e3o","link":"https:\/\/noticiasribeiraopreto.com.br\/index.php\/category\/noticias-de-ribeirao-preto-sp-e-regiao-ismael-colosi\/"},"img":{"alt_text":"","src":"https:\/\/i0.wp.com\/noticiasribeiraopreto.com.br\/wp-content\/uploads\/2025\/08\/TransitoRP-Alfredo-Risk-Arquivo-scaled.jpg?fit=1200%2C900&ssl=1&resize=350%2C200","width":350,"height":200,"srcset":"https:\/\/i0.wp.com\/noticiasribeiraopreto.com.br\/wp-content\/uploads\/2025\/08\/TransitoRP-Alfredo-Risk-Arquivo-scaled.jpg?fit=1200%2C900&ssl=1&resize=350%2C200 1x, https:\/\/i0.wp.com\/noticiasribeiraopreto.com.br\/wp-content\/uploads\/2025\/08\/TransitoRP-Alfredo-Risk-Arquivo-scaled.jpg?fit=1200%2C900&ssl=1&resize=525%2C300 1.5x, https:\/\/i0.wp.com\/noticiasribeiraopreto.com.br\/wp-content\/uploads\/2025\/08\/TransitoRP-Alfredo-Risk-Arquivo-scaled.jpg?fit=1200%2C900&ssl=1&resize=700%2C400 2x, https:\/\/i0.wp.com\/noticiasribeiraopreto.com.br\/wp-content\/uploads\/2025\/08\/TransitoRP-Alfredo-Risk-Arquivo-scaled.jpg?fit=1200%2C900&ssl=1&resize=1050%2C600 3x"},"classes":[]}],"jetpack_sharing_enabled":true,"jetpack_shortlink":"https:\/\/wp.me\/peQAOb-adI","_links":{"self":[{"href":"https:\/\/noticiasribeiraopreto.com.br\/index.php\/wp-json\/wp\/v2\/posts\/39290","targetHints":{"allow":["GET"]}}],"collection":[{"href":"https:\/\/noticiasribeiraopreto.com.br\/index.php\/wp-json\/wp\/v2\/posts"}],"about":[{"href":"https:\/\/noticiasribeiraopreto.com.br\/index.php\/wp-json\/wp\/v2\/types\/post"}],"author":[{"embeddable":true,"href":"https:\/\/noticiasribeiraopreto.com.br\/index.php\/wp-json\/wp\/v2\/users\/1"}],"replies":[{"embeddable":true,"href":"https:\/\/noticiasribeiraopreto.com.br\/index.php\/wp-json\/wp\/v2\/comments?post=39290"}],"version-history":[{"count":0,"href":"https:\/\/noticiasribeiraopreto.com.br\/index.php\/wp-json\/wp\/v2\/posts\/39290\/revisions"}],"wp:featuredmedia":[{"embeddable":true,"href":"https:\/\/noticiasribeiraopreto.com.br\/index.php\/wp-json\/wp\/v2\/media\/39291"}],"wp:attachment":[{"href":"https:\/\/noticiasribeiraopreto.com.br\/index.php\/wp-json\/wp\/v2\/media?parent=39290"}],"wp:term":[{"taxonomy":"category","embeddable":true,"href":"https:\/\/noticiasribeiraopreto.com.br\/index.php\/wp-json\/wp\/v2\/categories?post=39290"},{"taxonomy":"post_tag","embeddable":true,"href":"https:\/\/noticiasribeiraopreto.com.br\/index.php\/wp-json\/wp\/v2\/tags?post=39290"}],"curies":[{"name":"wp","href":"https:\/\/api.w.org\/{rel}","templated":true}]}}